{"id":163772,"date":"2022-07-27T07:20:30","date_gmt":"2022-07-27T06:20:30","guid":{"rendered":"https:\/\/radioljubuski.ba\/?p=163772"},"modified":"2022-07-27T07:20:31","modified_gmt":"2022-07-27T06:20:31","slug":"dinamo-srusio-skupi-i-izborio-3-pretkolo-lp-a","status":"publish","type":"post","link":"https:\/\/radioljubuski.ba\/index.php\/2022\/07\/27\/dinamo-srusio-skupi-i-izborio-3-pretkolo-lp-a\/","title":{"rendered":"Dinamo sru\u0161io \u0160kupi i izborio 3. pretkolo LP-a!"},"content":{"rendered":"\n<p>Nogometa\u0161i Dinama plasirali su se u tre\u0107e pretkolo ovosezonske Lige prvaka nakon \u0161to su s ukupnih 3-2 bili bolji od \u0160kupija, prvaka Sjeverne Makedonije. Poslije 2-2 u Zagrebu Dinamo je u Skoplju slavio s minimalnih, ali dovoljnih 1-0 (0-0).<\/p>\n\n\n\n<p>Utakmica i ukupni pobjednik je odlu\u010den po\u010detkom drugog poluvremena. U 47. minuti je jedini strijelac u Skoplju bio Dinamov kapetan&nbsp;<strong>Arijan&nbsp;<\/strong><strong>Ademi<\/strong>. U tre\u0107em pretkolu Dinamo \u0107e igrati protiv bugarskog prvaka Ludogoreca.<\/p>\n\n\n\n<p>Pomalo sporo je Dinamo otvorio utakmicu, ali nije dugo trebalo te je hrvatski prvak po\u010deo prijetiti. Prvo su u istoj, 13. minuti, poku\u0161avali&nbsp;<strong>Ivanu\u0161ec&nbsp;<\/strong>i&nbsp;<strong>\u0160piki\u0107<\/strong>, a u jo\u0161 se boljoj situaciji na\u0161ao&nbsp;<strong>Bruno&nbsp;<\/strong><strong>Petkovi\u0107&nbsp;<\/strong>koji je pet minuta kasnije poku\u0161ao glavom. \u0160kupi nije bio samo nijemi promatra\u010d pa je tako doma\u0107in u 21. minuti mogao napraviti \u0161tetu Dinamu. Ubacio je&nbsp;<strong>Alvarez<\/strong>, ali je udarac&nbsp;<strong>Abdula&nbsp;<\/strong>bio neprecizan.<\/p>\n\n\n\n<p>Do kraja poluvremena jo\u0161 je Dinamo imao dvije odli\u010dne prilike, a doma\u0107in jednu i to nakon \u0161to je Dinamo dominirao tijekom prvih 45 minuta, ali je nerijetko hrvatski prvak ipak izgledao plaho na terenu.<\/p>\n\n\n\n<p>U 35. minuti je \u0160piki\u0107 morao br\u017ee i bolje reagirati, ali je iz odli\u010dne \u0161anse naciljao suparni\u010dkog igra\u010da. U 41. je jo\u0161 bli\u017ee golu bio \u0160kupi.&nbsp;<strong>Cephas&nbsp;<\/strong>se sjurio prema&nbsp;<strong>Livakovi\u0107u&nbsp;<\/strong>te je pucao tik pored vratnice.&nbsp;<\/p>\n\n\n\n<p>Dinamo je na pladnju imao vodstvo u suda\u010dkoj nadoknadi prvog dijela. Petkovi\u0107 je i\u0161ao sam prema suparni\u010dkim vratima, a kada je poku\u0161ao driblati doma\u0107eg vratara bio je zaustavljen.No, Dinamo je poveo odmah na startu drugog dijela. Pogodak je pripremio\u00a0<strong>Luka\u00a0Menalo<\/strong>, koji je u\u0161ao u igru na startu nastavka, a Ademi je mirno naciljao za 1-0 hrvatskog prvaka.<\/p>\n\n\n\n<p>Samo tri minute kasnije Menalo je bio i strijelac, no pogodak je poni\u0161ten zbog su\u0111enog zale\u0111a, a Dinamova oluja samo se nastavila i nakon toga. Opet je radila veza izme\u0111u Petkovi\u0107a i Menala, ali doma\u0107in se nekako uspio spasiti novog primljenog gola.<\/p>\n\n\n\n<p>Sve do kraja Dinamo je strahovao od potencijalnih produ\u017eetaka te je propustio ranije posti\u0107i novi, drugi pogodak \u010dime bi definitivno slomio suparnika. Osim prilika Dinama prijetio je i \u0160kupi, ali hrvatski prvak je ipak sa\u010duvao jedan pogodak vi\u0161ka u ovom dvoboju.<\/p>\n\n\n\n<p>U tre\u0107em pretkolo Dinamo \u0107e igrati protiv bugarskog prvaka Ludogoreca. Nakon doma\u0107ih 3-0 Ludogorec je u uzvratu pora\u017een kod irskog Shamrock Roversa s 1-2. Skoro cijelo drugo poluvrijeme Ludogorec je odigrao s igra\u010dem manje.<\/p>\n\n\n\n<p>Dinamo \u0107e 2. kolovoza prvo gostovati u Bugarskoj, dok se uzvrat na maksimirskom stadionu igra sedam dana kasnije.<\/p>\n\n\n\n<p>izvor: hrt.hr<\/p>\n","protected":false},"excerpt":{"rendered":"<p>Nogometa\u0161i Dinama plasirali su se u tre\u0107e pretkolo ovosezonske Lige prvaka nakon \u0161to su s ukupnih 3-2 bili bolji od \u0160kupija, prvaka Sjeverne Makedonije. Poslije 2-2 u Zagrebu Dinamo je u Skoplju slavio s minimalnih, ali dovoljnih 1-0 (0-0). Utakmica i ukupni pobjednik je odlu\u010den po\u010detkom drugog poluvremena. U 47. minuti je jedini strijelac u [&hellip;]<\/p>\n","protected":false},"author":2,"featured_media":163777,"comment_status":"closed","ping_status":"closed","sticky":false,"template":"","format":"standard","meta":{"h5ap_radio_sources":[],"footnotes":""},"categories":[7],"tags":[],"class_list":["post-163772","post","type-post","status-publish","format-standard","has-post-thumbnail","hentry","category-sport"],"yoast_head":"<!-- This site is optimized with the Yoast SEO plugin v27.5 - https:\/\/yoast.com\/product\/yoast-seo-wordpress\/ -->\n<title>Dinamo sru\u0161io \u0160kupi i izborio 3. pretkolo LP-a! - RADIO LJUBU\u0160KI<\/title>\n<meta name=\"robots\" content=\"index, follow, max-snippet:-1, max-image-preview:large, max-video-preview:-1\" \/>\n<link rel=\"canonical\" href=\"https:\/\/radioljubuski.ba\/index.php\/2022\/07\/27\/dinamo-srusio-skupi-i-izborio-3-pretkolo-lp-a\/\" \/>\n<meta property=\"og:locale\" content=\"hr_HR\" \/>\n<meta property=\"og:type\" content=\"article\" \/>\n<meta property=\"og:title\" content=\"Dinamo sru\u0161io \u0160kupi i izborio 3. pretkolo LP-a! - RADIO LJUBU\u0160KI\" \/>\n<meta property=\"og:description\" content=\"Nogometa\u0161i Dinama plasirali su se u tre\u0107e pretkolo ovosezonske Lige prvaka nakon \u0161to su s ukupnih 3-2 bili bolji od \u0160kupija, prvaka Sjeverne Makedonije. Poslije 2-2 u Zagrebu Dinamo je u Skoplju slavio s minimalnih, ali dovoljnih 1-0 (0-0). Utakmica i ukupni pobjednik je odlu\u010den po\u010detkom drugog poluvremena. U 47. minuti je jedini strijelac u [&hellip;]\" \/>\n<meta property=\"og:url\" content=\"https:\/\/radioljubuski.ba\/index.php\/2022\/07\/27\/dinamo-srusio-skupi-i-izborio-3-pretkolo-lp-a\/\" \/>\n<meta property=\"og:site_name\" content=\"RADIO LJUBU\u0160KI\" \/>\n<meta property=\"article:publisher\" content=\"https:\/\/www.facebook.com\/Radiio-Ljubuski-1490835324566332\" \/>\n<meta property=\"article:published_time\" content=\"2022-07-27T06:20:30+00:00\" \/>\n<meta property=\"article:modified_time\" content=\"2022-07-27T06:20:31+00:00\" \/>\n<meta property=\"og:image\" content=\"https:\/\/radioljubuski.ba\/wp-content\/uploads\/2022\/07\/ademi.jpg\" \/>\n\t<meta property=\"og:image:width\" content=\"275\" \/>\n\t<meta property=\"og:image:height\" content=\"183\" \/>\n\t<meta property=\"og:image:type\" content=\"image\/jpeg\" \/>\n<meta name=\"author\" content=\"Radio Ljubu\u0161ki\" \/>\n<meta name=\"twitter:card\" content=\"summary_large_image\" \/>\n<meta name=\"twitter:creator\" content=\"@radioljubuski\" \/>\n<meta name=\"twitter:site\" content=\"@radioljubuski\" \/>\n<meta name=\"twitter:label1\" content=\"Napisao\/la\" \/>\n\t<meta name=\"twitter:data1\" content=\"Radio Ljubu\u0161ki\" \/>\n\t<meta name=\"twitter:label2\" content=\"Procijenjeno vrijeme \u010ditanja\" \/>\n\t<meta name=\"twitter:data2\" content=\"2 minute\" \/>\n<script type=\"application\/ld+json\" class=\"yoast-schema-graph\">{\"@context\":\"https:\\\/\\\/schema.org\",\"@graph\":[{\"@type\":\"Article\",\"@id\":\"https:\\\/\\\/radioljubuski.ba\\\/index.php\\\/2022\\\/07\\\/27\\\/dinamo-srusio-skupi-i-izborio-3-pretkolo-lp-a\\\/#article\",\"isPartOf\":{\"@id\":\"https:\\\/\\\/radioljubuski.ba\\\/index.php\\\/2022\\\/07\\\/27\\\/dinamo-srusio-skupi-i-izborio-3-pretkolo-lp-a\\\/\"},\"author\":{\"name\":\"Radio Ljubu\u0161ki\",\"@id\":\"https:\\\/\\\/radioljubuski.ba\\\/#\\\/schema\\\/person\\\/19fc700381a780f69665d7956c469e3b\"},\"headline\":\"Dinamo sru\u0161io \u0160kupi i izborio 3. pretkolo LP-a!\",\"datePublished\":\"2022-07-27T06:20:30+00:00\",\"dateModified\":\"2022-07-27T06:20:31+00:00\",\"mainEntityOfPage\":{\"@id\":\"https:\\\/\\\/radioljubuski.ba\\\/index.php\\\/2022\\\/07\\\/27\\\/dinamo-srusio-skupi-i-izborio-3-pretkolo-lp-a\\\/\"},\"wordCount\":463,\"publisher\":{\"@id\":\"https:\\\/\\\/radioljubuski.ba\\\/#organization\"},\"image\":{\"@id\":\"https:\\\/\\\/radioljubuski.ba\\\/index.php\\\/2022\\\/07\\\/27\\\/dinamo-srusio-skupi-i-izborio-3-pretkolo-lp-a\\\/#primaryimage\"},\"thumbnailUrl\":\"https:\\\/\\\/radioljubuski.ba\\\/wp-content\\\/uploads\\\/2022\\\/07\\\/ademi.jpg\",\"articleSection\":[\"\u0160port\"],\"inLanguage\":\"hr\"},{\"@type\":\"WebPage\",\"@id\":\"https:\\\/\\\/radioljubuski.ba\\\/index.php\\\/2022\\\/07\\\/27\\\/dinamo-srusio-skupi-i-izborio-3-pretkolo-lp-a\\\/\",\"url\":\"https:\\\/\\\/radioljubuski.ba\\\/index.php\\\/2022\\\/07\\\/27\\\/dinamo-srusio-skupi-i-izborio-3-pretkolo-lp-a\\\/\",\"name\":\"Dinamo sru\u0161io \u0160kupi i izborio 3. pretkolo LP-a! - RADIO LJUBU\u0160KI\",\"isPartOf\":{\"@id\":\"https:\\\/\\\/radioljubuski.ba\\\/#website\"},\"primaryImageOfPage\":{\"@id\":\"https:\\\/\\\/radioljubuski.ba\\\/index.php\\\/2022\\\/07\\\/27\\\/dinamo-srusio-skupi-i-izborio-3-pretkolo-lp-a\\\/#primaryimage\"},\"image\":{\"@id\":\"https:\\\/\\\/radioljubuski.ba\\\/index.php\\\/2022\\\/07\\\/27\\\/dinamo-srusio-skupi-i-izborio-3-pretkolo-lp-a\\\/#primaryimage\"},\"thumbnailUrl\":\"https:\\\/\\\/radioljubuski.ba\\\/wp-content\\\/uploads\\\/2022\\\/07\\\/ademi.jpg\",\"datePublished\":\"2022-07-27T06:20:30+00:00\",\"dateModified\":\"2022-07-27T06:20:31+00:00\",\"breadcrumb\":{\"@id\":\"https:\\\/\\\/radioljubuski.ba\\\/index.php\\\/2022\\\/07\\\/27\\\/dinamo-srusio-skupi-i-izborio-3-pretkolo-lp-a\\\/#breadcrumb\"},\"inLanguage\":\"hr\",\"potentialAction\":[{\"@type\":\"ReadAction\",\"target\":[\"https:\\\/\\\/radioljubuski.ba\\\/index.php\\\/2022\\\/07\\\/27\\\/dinamo-srusio-skupi-i-izborio-3-pretkolo-lp-a\\\/\"]}]},{\"@type\":\"ImageObject\",\"inLanguage\":\"hr\",\"@id\":\"https:\\\/\\\/radioljubuski.ba\\\/index.php\\\/2022\\\/07\\\/27\\\/dinamo-srusio-skupi-i-izborio-3-pretkolo-lp-a\\\/#primaryimage\",\"url\":\"https:\\\/\\\/radioljubuski.ba\\\/wp-content\\\/uploads\\\/2022\\\/07\\\/ademi.jpg\",\"contentUrl\":\"https:\\\/\\\/radioljubuski.ba\\\/wp-content\\\/uploads\\\/2022\\\/07\\\/ademi.jpg\",\"width\":275,\"height\":183},{\"@type\":\"BreadcrumbList\",\"@id\":\"https:\\\/\\\/radioljubuski.ba\\\/index.php\\\/2022\\\/07\\\/27\\\/dinamo-srusio-skupi-i-izborio-3-pretkolo-lp-a\\\/#breadcrumb\",\"itemListElement\":[{\"@type\":\"ListItem\",\"position\":1,\"name\":\"Po\u010detna stranica\",\"item\":\"https:\\\/\\\/radioljubuski.ba\\\/\"},{\"@type\":\"ListItem\",\"position\":2,\"name\":\"Dinamo sru\u0161io \u0160kupi i izborio 3. pretkolo LP-a!\"}]},{\"@type\":\"WebSite\",\"@id\":\"https:\\\/\\\/radioljubuski.ba\\\/#website\",\"url\":\"https:\\\/\\\/radioljubuski.ba\\\/\",\"name\":\"Radio Ljubu\u0161ki\",\"description\":\"Sun\u010dana frekvencija Hercegovine\",\"publisher\":{\"@id\":\"https:\\\/\\\/radioljubuski.ba\\\/#organization\"},\"potentialAction\":[{\"@type\":\"SearchAction\",\"target\":{\"@type\":\"EntryPoint\",\"urlTemplate\":\"https:\\\/\\\/radioljubuski.ba\\\/?s={search_term_string}\"},\"query-input\":{\"@type\":\"PropertyValueSpecification\",\"valueRequired\":true,\"valueName\":\"search_term_string\"}}],\"inLanguage\":\"hr\"},{\"@type\":\"Organization\",\"@id\":\"https:\\\/\\\/radioljubuski.ba\\\/#organization\",\"name\":\"Radio Ljubu\u0161ki\",\"url\":\"https:\\\/\\\/radioljubuski.ba\\\/\",\"logo\":{\"@type\":\"ImageObject\",\"inLanguage\":\"hr\",\"@id\":\"https:\\\/\\\/radioljubuski.ba\\\/#\\\/schema\\\/logo\\\/image\\\/\",\"url\":\"https:\\\/\\\/radioljubuski.ba\\\/wp-content\\\/uploads\\\/2021\\\/02\\\/cropped-Radio_Ljubuski_logo1.jpg\",\"contentUrl\":\"https:\\\/\\\/radioljubuski.ba\\\/wp-content\\\/uploads\\\/2021\\\/02\\\/cropped-Radio_Ljubuski_logo1.jpg\",\"width\":512,\"height\":512,\"caption\":\"Radio Ljubu\u0161ki\"},\"image\":{\"@id\":\"https:\\\/\\\/radioljubuski.ba\\\/#\\\/schema\\\/logo\\\/image\\\/\"},\"sameAs\":[\"https:\\\/\\\/www.facebook.com\\\/Radiio-Ljubuski-1490835324566332\",\"https:\\\/\\\/x.com\\\/radioljubuski\",\"https:\\\/\\\/hr.linkedin.com\\\/company\\\/radio-ljubuski\",\"https:\\\/\\\/www.youtube.com\\\/channel\\\/UCHYaeO_n0Db3tjNGudGpXyw\"]},{\"@type\":\"Person\",\"@id\":\"https:\\\/\\\/radioljubuski.ba\\\/#\\\/schema\\\/person\\\/19fc700381a780f69665d7956c469e3b\",\"name\":\"Radio Ljubu\u0161ki\"}]}<\/script>\n<!-- \/ Yoast SEO plugin. -->","yoast_head_json":{"title":"Dinamo sru\u0161io \u0160kupi i izborio 3. pretkolo LP-a! - RADIO LJUBU\u0160KI","robots":{"index":"index","follow":"follow","max-snippet":"max-snippet:-1","max-image-preview":"max-image-preview:large","max-video-preview":"max-video-preview:-1"},"canonical":"https:\/\/radioljubuski.ba\/index.php\/2022\/07\/27\/dinamo-srusio-skupi-i-izborio-3-pretkolo-lp-a\/","og_locale":"hr_HR","og_type":"article","og_title":"Dinamo sru\u0161io \u0160kupi i izborio 3. pretkolo LP-a! - RADIO LJUBU\u0160KI","og_description":"Nogometa\u0161i Dinama plasirali su se u tre\u0107e pretkolo ovosezonske Lige prvaka nakon \u0161to su s ukupnih 3-2 bili bolji od \u0160kupija, prvaka Sjeverne Makedonije. Poslije 2-2 u Zagrebu Dinamo je u Skoplju slavio s minimalnih, ali dovoljnih 1-0 (0-0). Utakmica i ukupni pobjednik je odlu\u010den po\u010detkom drugog poluvremena. U 47. minuti je jedini strijelac u [&hellip;]","og_url":"https:\/\/radioljubuski.ba\/index.php\/2022\/07\/27\/dinamo-srusio-skupi-i-izborio-3-pretkolo-lp-a\/","og_site_name":"RADIO LJUBU\u0160KI","article_publisher":"https:\/\/www.facebook.com\/Radiio-Ljubuski-1490835324566332","article_published_time":"2022-07-27T06:20:30+00:00","article_modified_time":"2022-07-27T06:20:31+00:00","og_image":[{"width":275,"height":183,"url":"https:\/\/radioljubuski.ba\/wp-content\/uploads\/2022\/07\/ademi.jpg","type":"image\/jpeg"}],"author":"Radio Ljubu\u0161ki","twitter_card":"summary_large_image","twitter_creator":"@radioljubuski","twitter_site":"@radioljubuski","twitter_misc":{"Napisao\/la":"Radio Ljubu\u0161ki","Procijenjeno vrijeme \u010ditanja":"2 minute"},"schema":{"@context":"https:\/\/schema.org","@graph":[{"@type":"Article","@id":"https:\/\/radioljubuski.ba\/index.php\/2022\/07\/27\/dinamo-srusio-skupi-i-izborio-3-pretkolo-lp-a\/#article","isPartOf":{"@id":"https:\/\/radioljubuski.ba\/index.php\/2022\/07\/27\/dinamo-srusio-skupi-i-izborio-3-pretkolo-lp-a\/"},"author":{"name":"Radio Ljubu\u0161ki","@id":"https:\/\/radioljubuski.ba\/#\/schema\/person\/19fc700381a780f69665d7956c469e3b"},"headline":"Dinamo sru\u0161io \u0160kupi i izborio 3. pretkolo LP-a!","datePublished":"2022-07-27T06:20:30+00:00","dateModified":"2022-07-27T06:20:31+00:00","mainEntityOfPage":{"@id":"https:\/\/radioljubuski.ba\/index.php\/2022\/07\/27\/dinamo-srusio-skupi-i-izborio-3-pretkolo-lp-a\/"},"wordCount":463,"publisher":{"@id":"https:\/\/radioljubuski.ba\/#organization"},"image":{"@id":"https:\/\/radioljubuski.ba\/index.php\/2022\/07\/27\/dinamo-srusio-skupi-i-izborio-3-pretkolo-lp-a\/#primaryimage"},"thumbnailUrl":"https:\/\/radioljubuski.ba\/wp-content\/uploads\/2022\/07\/ademi.jpg","articleSection":["\u0160port"],"inLanguage":"hr"},{"@type":"WebPage","@id":"https:\/\/radioljubuski.ba\/index.php\/2022\/07\/27\/dinamo-srusio-skupi-i-izborio-3-pretkolo-lp-a\/","url":"https:\/\/radioljubuski.ba\/index.php\/2022\/07\/27\/dinamo-srusio-skupi-i-izborio-3-pretkolo-lp-a\/","name":"Dinamo sru\u0161io \u0160kupi i izborio 3. pretkolo LP-a! - RADIO LJUBU\u0160KI","isPartOf":{"@id":"https:\/\/radioljubuski.ba\/#website"},"primaryImageOfPage":{"@id":"https:\/\/radioljubuski.ba\/index.php\/2022\/07\/27\/dinamo-srusio-skupi-i-izborio-3-pretkolo-lp-a\/#primaryimage"},"image":{"@id":"https:\/\/radioljubuski.ba\/index.php\/2022\/07\/27\/dinamo-srusio-skupi-i-izborio-3-pretkolo-lp-a\/#primaryimage"},"thumbnailUrl":"https:\/\/radioljubuski.ba\/wp-content\/uploads\/2022\/07\/ademi.jpg","datePublished":"2022-07-27T06:20:30+00:00","dateModified":"2022-07-27T06:20:31+00:00","breadcrumb":{"@id":"https:\/\/radioljubuski.ba\/index.php\/2022\/07\/27\/dinamo-srusio-skupi-i-izborio-3-pretkolo-lp-a\/#breadcrumb"},"inLanguage":"hr","potentialAction":[{"@type":"ReadAction","target":["https:\/\/radioljubuski.ba\/index.php\/2022\/07\/27\/dinamo-srusio-skupi-i-izborio-3-pretkolo-lp-a\/"]}]},{"@type":"ImageObject","inLanguage":"hr","@id":"https:\/\/radioljubuski.ba\/index.php\/2022\/07\/27\/dinamo-srusio-skupi-i-izborio-3-pretkolo-lp-a\/#primaryimage","url":"https:\/\/radioljubuski.ba\/wp-content\/uploads\/2022\/07\/ademi.jpg","contentUrl":"https:\/\/radioljubuski.ba\/wp-content\/uploads\/2022\/07\/ademi.jpg","width":275,"height":183},{"@type":"BreadcrumbList","@id":"https:\/\/radioljubuski.ba\/index.php\/2022\/07\/27\/dinamo-srusio-skupi-i-izborio-3-pretkolo-lp-a\/#breadcrumb","itemListElement":[{"@type":"ListItem","position":1,"name":"Po\u010detna stranica","item":"https:\/\/radioljubuski.ba\/"},{"@type":"ListItem","position":2,"name":"Dinamo sru\u0161io \u0160kupi i izborio 3. pretkolo LP-a!"}]},{"@type":"WebSite","@id":"https:\/\/radioljubuski.ba\/#website","url":"https:\/\/radioljubuski.ba\/","name":"Radio Ljubu\u0161ki","description":"Sun\u010dana frekvencija Hercegovine","publisher":{"@id":"https:\/\/radioljubuski.ba\/#organization"},"potentialAction":[{"@type":"SearchAction","target":{"@type":"EntryPoint","urlTemplate":"https:\/\/radioljubuski.ba\/?s={search_term_string}"},"query-input":{"@type":"PropertyValueSpecification","valueRequired":true,"valueName":"search_term_string"}}],"inLanguage":"hr"},{"@type":"Organization","@id":"https:\/\/radioljubuski.ba\/#organization","name":"Radio Ljubu\u0161ki","url":"https:\/\/radioljubuski.ba\/","logo":{"@type":"ImageObject","inLanguage":"hr","@id":"https:\/\/radioljubuski.ba\/#\/schema\/logo\/image\/","url":"https:\/\/radioljubuski.ba\/wp-content\/uploads\/2021\/02\/cropped-Radio_Ljubuski_logo1.jpg","contentUrl":"https:\/\/radioljubuski.ba\/wp-content\/uploads\/2021\/02\/cropped-Radio_Ljubuski_logo1.jpg","width":512,"height":512,"caption":"Radio Ljubu\u0161ki"},"image":{"@id":"https:\/\/radioljubuski.ba\/#\/schema\/logo\/image\/"},"sameAs":["https:\/\/www.facebook.com\/Radiio-Ljubuski-1490835324566332","https:\/\/x.com\/radioljubuski","https:\/\/hr.linkedin.com\/company\/radio-ljubuski","https:\/\/www.youtube.com\/channel\/UCHYaeO_n0Db3tjNGudGpXyw"]},{"@type":"Person","@id":"https:\/\/radioljubuski.ba\/#\/schema\/person\/19fc700381a780f69665d7956c469e3b","name":"Radio Ljubu\u0161ki"}]}},"_links":{"self":[{"href":"https:\/\/radioljubuski.ba\/index.php\/wp-json\/wp\/v2\/posts\/163772","targetHints":{"allow":["GET"]}}],"collection":[{"href":"https:\/\/radioljubuski.ba\/index.php\/wp-json\/wp\/v2\/posts"}],"about":[{"href":"https:\/\/radioljubuski.ba\/index.php\/wp-json\/wp\/v2\/types\/post"}],"author":[{"embeddable":true,"href":"https:\/\/radioljubuski.ba\/index.php\/wp-json\/wp\/v2\/users\/2"}],"replies":[{"embeddable":true,"href":"https:\/\/radioljubuski.ba\/index.php\/wp-json\/wp\/v2\/comments?post=163772"}],"version-history":[{"count":1,"href":"https:\/\/radioljubuski.ba\/index.php\/wp-json\/wp\/v2\/posts\/163772\/revisions"}],"predecessor-version":[{"id":163778,"href":"https:\/\/radioljubuski.ba\/index.php\/wp-json\/wp\/v2\/posts\/163772\/revisions\/163778"}],"wp:featuredmedia":[{"embeddable":true,"href":"https:\/\/radioljubuski.ba\/index.php\/wp-json\/wp\/v2\/media\/163777"}],"wp:attachment":[{"href":"https:\/\/radioljubuski.ba\/index.php\/wp-json\/wp\/v2\/media?parent=163772"}],"wp:term":[{"taxonomy":"category","embeddable":true,"href":"https:\/\/radioljubuski.ba\/index.php\/wp-json\/wp\/v2\/categories?post=163772"},{"taxonomy":"post_tag","embeddable":true,"href":"https:\/\/radioljubuski.ba\/index.php\/wp-json\/wp\/v2\/tags?post=163772"}],"curies":[{"name":"wp","href":"https:\/\/api.w.org\/{rel}","templated":true}]}}