{"id":163791,"date":"2022-07-27T07:36:50","date_gmt":"2022-07-27T06:36:50","guid":{"rendered":"https:\/\/radioljubuski.ba\/?p=163791"},"modified":"2022-07-27T07:36:52","modified_gmt":"2022-07-27T06:36:52","slug":"kolumna-boze-skoke-novi-simbol-europske-hrvatske-i-njezina-razvoja","status":"publish","type":"post","link":"https:\/\/radioljubuski.ba\/index.php\/2022\/07\/27\/kolumna-boze-skoke-novi-simbol-europske-hrvatske-i-njezina-razvoja\/","title":{"rendered":"Kolumna Bo\u017ee Skoke: Novi simbol europske Hrvatske i njezina razvoja"},"content":{"rendered":"\n<p>Svaka dr\u017eava ima neka mjesta prema kojima gaji osje\u0107aj posebnog pijeteta i ponosa, arhitektonska zdanja, spomenike i simbole koji na poseban na\u010din predstavljaju doti\u010dnu naciju, njezinu povijest, uspjehe, snagu inovativnosti i kreativnosti. <\/p>\n\n\n\n<p>Tako je svojedobno izabrano i 50 domoljubnih mjesta \u201ckoje svaki Amerikanac mora vidjeti\u201d. <\/p>\n\n\n\n<p>Me\u0111u njima su, me\u0111u ostalim, nacionalno groblje Arlington u Virginiji, Bijela ku\u0107a i Capitol Hill te Jefferson i Lincoln memorijalni centri u Washingtonu, Dom neovisnosti u Philadelphiji, Kip slobode u New Yorku, luka Pearl Harbor na Havajima\u2026 <\/p>\n\n\n\n<p>Ondje su i svemirski centar Houston, vojna akademija West Point, neboder Empire State Building u New Yorku, most Golden Gate pokraj San Francisca te brana Hoover u Nevadi. <\/p>\n\n\n\n<p>Rije\u010d je o mjestima i zdanjima na koje su Amerikanci posebno ponosni, bilo da ih podsje\u0107aju na svijetle trenutke njihove povijesti, bilo da govore o snazi i dometima ameri\u010dkog gospodarstva, tehnologije i razvoja.<\/p>\n\n\n\n<p>Kad bismo morali sastaviti takvu listu za Hrvatsku, nedvojbeno bi na njoj posebno mjesto zauzimao novosagra\u0111eni Pelje\u0161ki most. Rije\u010d je o istinskom simbolu europske Hrvatske, njezina razvoja, zajedni\u0161tva, inovativnosti i diplomatskog umije\u0107a\u2026 <\/p>\n\n\n\n<p>Zapravo on je vi\u0161e od simbola, jer je nakon vi\u0161e od 300 godina kopnenim putem spojio Hrvatsku, \u010diji je jug blo prometno izoliran i ovisio o uskom prolazu kroz drugu dr\u017eavu. <\/p>\n\n\n\n<p>Ovaj projekt pokazao je da Hrvatska zna i mo\u017ee (kad ho\u0107e) te da u svome razvoju ima sna\u017enu potporu Europske unije, kojoj je stalo do boljitka njezinih \u010dlanica. <\/p>\n\n\n\n<p>Ujedno je najbolji odgovor i onim skepticima koji smatraju da bi Hrvatskoj bilo bolje izvan ove sna\u017ene zajednice, koja ima problema i nesnala\u017eenja, ali je jo\u0161 uvijek najbolje mjesto za \u017eivot u ovom globaliziranom svijetu. Ovaj most ostat \u0107e i trajno svjedo\u010danstvo da treba sanjati velike snove i imati dovoljno upornosti da se oni ostvare. <\/p>\n\n\n\n<p>O povezivanju hrvatskog juga s ostatkom zemlje sanjale su generacije. Na tome je radio i tome pridonosio niz hrvatskih vlada. Ovaj je projekt \u010disti nacionalni interes i nadma\u0161uje strana\u010dke razmirice. Zato ga mo\u017eemo smatrati i simbolom hrvatskog zajedni\u0161tva. <\/p>\n\n\n\n<p>A zajedni\u010dki je uspjeh sla\u0111i kad se prisjetimo svih koji su opstruirali ideju da se Hrvatska kopnenim putem pove\u017ee te prestane biti ovisna o raspolo\u017eenju pojedinih kratkovidnih politi\u010dara iz Sarajeva. <\/p>\n\n\n\n<p>Hrvatska je na ovom primjeru pokazala \u0161to zna\u010di biti subjekt, a ne objekt me\u0111unarodnih odnosa, \u0161to zna\u010di voditi suverenu politiku i ne dati se zastra\u0161iti buka\u010dima, kojima nije stalo do dobrosusjedskih odnosa i koji nisu nau\u010dili gledati dugoro\u010dno, izvan uskih osobnih, strana\u010dkih ili etni\u010dkih interesa. <\/p>\n\n\n\n<p>Kao \u0161to je stvaranje koridora izme\u0111u Dubrova\u010dke i Mleta\u010dke Republike bilo va\u017eno geostrate\u0161ko pitanje za o\u010duvanje dubrova\u010dke slobode, ovo spajanje hrvatskog teritorija va\u017ean je geostrate\u0161ki potez u 21. stolje\u0107u. Tim vi\u0161e \u0161to Hrvatska uskoro ulazi u schengenski prostor, a uz sve dobre namjere koje je pokazala prema europskoj budu\u0107nosti BiH, iskustvo nas u\u010di da se s politi\u010dkim akterima u Sarajevu te\u0161ko \u0161to mo\u017ee dugoro\u010dno dogovoriti. <\/p>\n\n\n\n<p>U tim odnosima \u010dak i potpisani sporazumi malo vrijede, a kamoli \u010dasna rije\u010d. A za malo glasova u bo\u0161nja\u010dkom bira\u010dkom tijelu pojedinci (makar se formalno izja\u0161njavali i Hrvatima) spremni su \u017ertvovati istinu, pravdu, po\u0161tenje pa i budu\u0107nost vlastite dr\u017eave. U takvim okolnostima najbolje se pouzdati u vlastite snage i mogu\u0107nosti, a dobrosusjedske odnose graditi na \u010distom interesu i za\u0161titi prava Hrvata u BiH.<\/p>\n\n\n\n<p><br>Dobro je \u010dvr\u0161\u0107e vezati slavni Dubrovnik i jug Hrvatske uz ostatak zemlje, jer posezanja za tim dijelom Hrvatske ne prestaju. <\/p>\n\n\n\n<p>Velikosrpski i crnogorski agresori poku\u0161ali su ga osvojiti oru\u017ejem 1991., nisu uspjeli u tom naumu. Crnogorci su ne\u0161to iz svega nau\u010dili te se ispri\u010dali i nadoknadili dio ratne \u0161tete, a Milo\u0161evi\u0107evi nasljednici u Beogradu i dalje ne odustaju, sada plan tzv. velike Srbije, odnosno smatrati simbolom hrvatskog srpskog sveta\u201d poku\u0161avaju realizirati i svojatanjem dubrova\u010dke knji\u017eevnosti \u00ed hrvatskih velikana. <\/p>\n\n\n\n<p>Koliko god to izgledalo potpuno smije\u0161no, a argumenti pomalo suludi, nemojmo zanemariti takvu retoriku, jer \u0161irenje mr\u017enje i opake pretenzije nasu sjedne zemlje iz Beograda do veli su do krvoproli\u0107a i raspada Jugoslavije. <\/p>\n\n\n\n<p>Hrvatska je sre\u0107om izi\u0161la kao pobjednica iz tog nametnutog rata, \u0161to mnogi, uklju\u010duju\u0107i srbijanskog predsjednika Vu\u010di\u0107a, koji je i sam sudjelovao u agresiji, ne mogu jo\u0161 prihvatiti, kao \u0161to ne mogu prihvatiti ni hrvatske uspjehe i razvoj. No Hrvatska nema vremena za te jalove rasprave i bavljenje ne\u010dijim frustracijama. Hrvatsku \u010deka jo\u0161 puno posla. Ali stvoreni su solidni temelji.<\/p>\n\n\n\n<p>Da je Hrvatska globalizirana dr\u017eava, svjedo\u010di to da je most projektirao Slovenac, sagradila ga je kineska korporacija I najve\u0107im dijelom financirao Bruxelles. <\/p>\n\n\n\n<p>Ali umije\u0107e je sve to povezati, osigurati financiranje I svime time upravljati. Mnogo je simbolike u tome da su velebni most sagradili Kinezi, \u010diju je mo\u0107nu civilizaciju s Europom najprije povezao Marko Polo, koji je prema predaji ro\u0111en na susjednoj Kor\u010duli. <\/p>\n\n\n\n<p>Kao \u0161to je Dubrova\u010dka Republika stolje\u0107ima bila most izme\u0111u razli\u010ditih kultura i civilizacija Istoka i Zapada, mo\u0107nih politi\u010dkih imperija i interesa, i suvremena Hrvatska treba i mo\u017ee biti poveznica izme\u0111u Europe i drugih velikih sila uklju\u010duju\u0107i Kinu. Kineske vlasti svjesne su da im je Hrvatska od\u0161krinula vrata europskog tr\u017ei\u0161ta. Zato smo dobili povoljan, konkurentan i mo\u0107an most, koji \u0107e biti naj bolji simbol tih novih odnosa i mogu\u0107nosti. Uostalom, nakon SAD-a Kina preuzima globalno vodstvo. Kao osvjedo\u010denog ameri\u010dkog partnera, Hrvatsku ni\u0161ta ne prije\u010di da nastavi graditi dobre odnose i s Kinom, jer treba razmi\u0161ljati o budu\u0107nosti.<\/p>\n\n\n\n<p>A jedan od simbola hrvatske budu\u0107nosti je i Nevera Mate Rimca, koja je simboli\u010dno \u201cotvorila\u201d velebni most. Kao \u0161to Faust Vran\u010di\u0107 i Ru\u0111er Bo\u0161kovi\u0107 svjedo\u010de o doprinosima Hrvata kroz povijest, tako i Rimac Automobili govore o generacijama koje dolaze, njihovoj inovativnosti i kreativnosti te globalnoj konkurentnosti. Njihovo vrijeme dolazi i zbog njih smo otvorili Pelje\u0161ki most, kako im u naslje\u0111e ne bismo ostavljali probleme.<\/p>\n\n\n\n<p><strong>Autor: Bo\u017eo Skoko<br>Izvor: Ljportal.com<\/strong><\/p>\n","protected":false},"excerpt":{"rendered":"<p>Svaka dr\u017eava ima neka mjesta prema kojima gaji osje\u0107aj posebnog pijeteta i ponosa, arhitektonska zdanja, spomenike i simbole koji na poseban na\u010din predstavljaju doti\u010dnu naciju, njezinu povijest, uspjehe, snagu inovativnosti i kreativnosti. Tako je svojedobno izabrano i 50 domoljubnih mjesta \u201ckoje svaki Amerikanac mora vidjeti\u201d. Me\u0111u njima su, me\u0111u ostalim, nacionalno groblje Arlington u Virginiji, [&hellip;]<\/p>\n","protected":false},"author":2,"featured_media":364,"comment_status":"closed","ping_status":"closed","sticky":false,"template":"","format":"standard","meta":{"h5ap_radio_sources":[],"footnotes":""},"categories":[1],"tags":[],"class_list":["post-163791","post","type-post","status-publish","format-standard","has-post-thumbnail","hentry","category-bihiregija"],"yoast_head":"<!-- This site is optimized with the Yoast SEO plugin v27.5 - https:\/\/yoast.com\/product\/yoast-seo-wordpress\/ -->\n<title>Kolumna Bo\u017ee Skoke: Novi simbol europske Hrvatske i njezina razvoja - RADIO LJUBU\u0160KI<\/title>\n<meta name=\"robots\" content=\"index, follow, max-snippet:-1, max-image-preview:large, max-video-preview:-1\" \/>\n<link rel=\"canonical\" href=\"https:\/\/radioljubuski.ba\/index.php\/2022\/07\/27\/kolumna-boze-skoke-novi-simbol-europske-hrvatske-i-njezina-razvoja\/\" \/>\n<meta property=\"og:locale\" content=\"hr_HR\" \/>\n<meta property=\"og:type\" content=\"article\" \/>\n<meta property=\"og:title\" content=\"Kolumna Bo\u017ee Skoke: Novi simbol europske Hrvatske i njezina razvoja - RADIO LJUBU\u0160KI\" \/>\n<meta property=\"og:description\" content=\"Svaka dr\u017eava ima neka mjesta prema kojima gaji osje\u0107aj posebnog pijeteta i ponosa, arhitektonska zdanja, spomenike i simbole koji na poseban na\u010din predstavljaju doti\u010dnu naciju, njezinu povijest, uspjehe, snagu inovativnosti i kreativnosti. Tako je svojedobno izabrano i 50 domoljubnih mjesta \u201ckoje svaki Amerikanac mora vidjeti\u201d. Me\u0111u njima su, me\u0111u ostalim, nacionalno groblje Arlington u Virginiji, [&hellip;]\" \/>\n<meta property=\"og:url\" content=\"https:\/\/radioljubuski.ba\/index.php\/2022\/07\/27\/kolumna-boze-skoke-novi-simbol-europske-hrvatske-i-njezina-razvoja\/\" \/>\n<meta property=\"og:site_name\" content=\"RADIO LJUBU\u0160KI\" \/>\n<meta property=\"article:publisher\" content=\"https:\/\/www.facebook.com\/Radiio-Ljubuski-1490835324566332\" \/>\n<meta property=\"article:published_time\" content=\"2022-07-27T06:36:50+00:00\" \/>\n<meta property=\"article:modified_time\" content=\"2022-07-27T06:36:52+00:00\" \/>\n<meta property=\"og:image\" content=\"https:\/\/radioljubuski.ba\/wp-content\/uploads\/2021\/03\/skoko.jpg\" \/>\n\t<meta property=\"og:image:width\" content=\"1024\" \/>\n\t<meta property=\"og:image:height\" content=\"683\" \/>\n\t<meta property=\"og:image:type\" content=\"image\/jpeg\" \/>\n<meta name=\"author\" content=\"Radio Ljubu\u0161ki\" \/>\n<meta name=\"twitter:card\" content=\"summary_large_image\" \/>\n<meta name=\"twitter:creator\" content=\"@radioljubuski\" \/>\n<meta name=\"twitter:site\" content=\"@radioljubuski\" \/>\n<meta name=\"twitter:label1\" content=\"Napisao\/la\" \/>\n\t<meta name=\"twitter:data1\" content=\"Radio Ljubu\u0161ki\" \/>\n\t<meta name=\"twitter:label2\" content=\"Procijenjeno vrijeme \u010ditanja\" \/>\n\t<meta name=\"twitter:data2\" content=\"5 minuta\" \/>\n<script type=\"application\/ld+json\" class=\"yoast-schema-graph\">{\"@context\":\"https:\\\/\\\/schema.org\",\"@graph\":[{\"@type\":\"Article\",\"@id\":\"https:\\\/\\\/radioljubuski.ba\\\/index.php\\\/2022\\\/07\\\/27\\\/kolumna-boze-skoke-novi-simbol-europske-hrvatske-i-njezina-razvoja\\\/#article\",\"isPartOf\":{\"@id\":\"https:\\\/\\\/radioljubuski.ba\\\/index.php\\\/2022\\\/07\\\/27\\\/kolumna-boze-skoke-novi-simbol-europske-hrvatske-i-njezina-razvoja\\\/\"},\"author\":{\"name\":\"Radio Ljubu\u0161ki\",\"@id\":\"https:\\\/\\\/radioljubuski.ba\\\/#\\\/schema\\\/person\\\/19fc700381a780f69665d7956c469e3b\"},\"headline\":\"Kolumna Bo\u017ee Skoke: Novi simbol europske Hrvatske i njezina razvoja\",\"datePublished\":\"2022-07-27T06:36:50+00:00\",\"dateModified\":\"2022-07-27T06:36:52+00:00\",\"mainEntityOfPage\":{\"@id\":\"https:\\\/\\\/radioljubuski.ba\\\/index.php\\\/2022\\\/07\\\/27\\\/kolumna-boze-skoke-novi-simbol-europske-hrvatske-i-njezina-razvoja\\\/\"},\"wordCount\":1058,\"publisher\":{\"@id\":\"https:\\\/\\\/radioljubuski.ba\\\/#organization\"},\"image\":{\"@id\":\"https:\\\/\\\/radioljubuski.ba\\\/index.php\\\/2022\\\/07\\\/27\\\/kolumna-boze-skoke-novi-simbol-europske-hrvatske-i-njezina-razvoja\\\/#primaryimage\"},\"thumbnailUrl\":\"https:\\\/\\\/radioljubuski.ba\\\/wp-content\\\/uploads\\\/2021\\\/03\\\/skoko.jpg\",\"articleSection\":[\"BIH i regija\"],\"inLanguage\":\"hr\"},{\"@type\":\"WebPage\",\"@id\":\"https:\\\/\\\/radioljubuski.ba\\\/index.php\\\/2022\\\/07\\\/27\\\/kolumna-boze-skoke-novi-simbol-europske-hrvatske-i-njezina-razvoja\\\/\",\"url\":\"https:\\\/\\\/radioljubuski.ba\\\/index.php\\\/2022\\\/07\\\/27\\\/kolumna-boze-skoke-novi-simbol-europske-hrvatske-i-njezina-razvoja\\\/\",\"name\":\"Kolumna Bo\u017ee Skoke: Novi simbol europske Hrvatske i njezina razvoja - RADIO LJUBU\u0160KI\",\"isPartOf\":{\"@id\":\"https:\\\/\\\/radioljubuski.ba\\\/#website\"},\"primaryImageOfPage\":{\"@id\":\"https:\\\/\\\/radioljubuski.ba\\\/index.php\\\/2022\\\/07\\\/27\\\/kolumna-boze-skoke-novi-simbol-europske-hrvatske-i-njezina-razvoja\\\/#primaryimage\"},\"image\":{\"@id\":\"https:\\\/\\\/radioljubuski.ba\\\/index.php\\\/2022\\\/07\\\/27\\\/kolumna-boze-skoke-novi-simbol-europske-hrvatske-i-njezina-razvoja\\\/#primaryimage\"},\"thumbnailUrl\":\"https:\\\/\\\/radioljubuski.ba\\\/wp-content\\\/uploads\\\/2021\\\/03\\\/skoko.jpg\",\"datePublished\":\"2022-07-27T06:36:50+00:00\",\"dateModified\":\"2022-07-27T06:36:52+00:00\",\"breadcrumb\":{\"@id\":\"https:\\\/\\\/radioljubuski.ba\\\/index.php\\\/2022\\\/07\\\/27\\\/kolumna-boze-skoke-novi-simbol-europske-hrvatske-i-njezina-razvoja\\\/#breadcrumb\"},\"inLanguage\":\"hr\",\"potentialAction\":[{\"@type\":\"ReadAction\",\"target\":[\"https:\\\/\\\/radioljubuski.ba\\\/index.php\\\/2022\\\/07\\\/27\\\/kolumna-boze-skoke-novi-simbol-europske-hrvatske-i-njezina-razvoja\\\/\"]}]},{\"@type\":\"ImageObject\",\"inLanguage\":\"hr\",\"@id\":\"https:\\\/\\\/radioljubuski.ba\\\/index.php\\\/2022\\\/07\\\/27\\\/kolumna-boze-skoke-novi-simbol-europske-hrvatske-i-njezina-razvoja\\\/#primaryimage\",\"url\":\"https:\\\/\\\/radioljubuski.ba\\\/wp-content\\\/uploads\\\/2021\\\/03\\\/skoko.jpg\",\"contentUrl\":\"https:\\\/\\\/radioljubuski.ba\\\/wp-content\\\/uploads\\\/2021\\\/03\\\/skoko.jpg\",\"width\":1024,\"height\":683},{\"@type\":\"BreadcrumbList\",\"@id\":\"https:\\\/\\\/radioljubuski.ba\\\/index.php\\\/2022\\\/07\\\/27\\\/kolumna-boze-skoke-novi-simbol-europske-hrvatske-i-njezina-razvoja\\\/#breadcrumb\",\"itemListElement\":[{\"@type\":\"ListItem\",\"position\":1,\"name\":\"Po\u010detna stranica\",\"item\":\"https:\\\/\\\/radioljubuski.ba\\\/\"},{\"@type\":\"ListItem\",\"position\":2,\"name\":\"Kolumna Bo\u017ee Skoke: Novi simbol europske Hrvatske i njezina razvoja\"}]},{\"@type\":\"WebSite\",\"@id\":\"https:\\\/\\\/radioljubuski.ba\\\/#website\",\"url\":\"https:\\\/\\\/radioljubuski.ba\\\/\",\"name\":\"Radio Ljubu\u0161ki\",\"description\":\"Sun\u010dana frekvencija Hercegovine\",\"publisher\":{\"@id\":\"https:\\\/\\\/radioljubuski.ba\\\/#organization\"},\"potentialAction\":[{\"@type\":\"SearchAction\",\"target\":{\"@type\":\"EntryPoint\",\"urlTemplate\":\"https:\\\/\\\/radioljubuski.ba\\\/?s={search_term_string}\"},\"query-input\":{\"@type\":\"PropertyValueSpecification\",\"valueRequired\":true,\"valueName\":\"search_term_string\"}}],\"inLanguage\":\"hr\"},{\"@type\":\"Organization\",\"@id\":\"https:\\\/\\\/radioljubuski.ba\\\/#organization\",\"name\":\"Radio Ljubu\u0161ki\",\"url\":\"https:\\\/\\\/radioljubuski.ba\\\/\",\"logo\":{\"@type\":\"ImageObject\",\"inLanguage\":\"hr\",\"@id\":\"https:\\\/\\\/radioljubuski.ba\\\/#\\\/schema\\\/logo\\\/image\\\/\",\"url\":\"https:\\\/\\\/radioljubuski.ba\\\/wp-content\\\/uploads\\\/2021\\\/02\\\/cropped-Radio_Ljubuski_logo1.jpg\",\"contentUrl\":\"https:\\\/\\\/radioljubuski.ba\\\/wp-content\\\/uploads\\\/2021\\\/02\\\/cropped-Radio_Ljubuski_logo1.jpg\",\"width\":512,\"height\":512,\"caption\":\"Radio Ljubu\u0161ki\"},\"image\":{\"@id\":\"https:\\\/\\\/radioljubuski.ba\\\/#\\\/schema\\\/logo\\\/image\\\/\"},\"sameAs\":[\"https:\\\/\\\/www.facebook.com\\\/Radiio-Ljubuski-1490835324566332\",\"https:\\\/\\\/x.com\\\/radioljubuski\",\"https:\\\/\\\/hr.linkedin.com\\\/company\\\/radio-ljubuski\",\"https:\\\/\\\/www.youtube.com\\\/channel\\\/UCHYaeO_n0Db3tjNGudGpXyw\"]},{\"@type\":\"Person\",\"@id\":\"https:\\\/\\\/radioljubuski.ba\\\/#\\\/schema\\\/person\\\/19fc700381a780f69665d7956c469e3b\",\"name\":\"Radio Ljubu\u0161ki\"}]}<\/script>\n<!-- \/ Yoast SEO plugin. -->","yoast_head_json":{"title":"Kolumna Bo\u017ee Skoke: Novi simbol europske Hrvatske i njezina razvoja - RADIO LJUBU\u0160KI","robots":{"index":"index","follow":"follow","max-snippet":"max-snippet:-1","max-image-preview":"max-image-preview:large","max-video-preview":"max-video-preview:-1"},"canonical":"https:\/\/radioljubuski.ba\/index.php\/2022\/07\/27\/kolumna-boze-skoke-novi-simbol-europske-hrvatske-i-njezina-razvoja\/","og_locale":"hr_HR","og_type":"article","og_title":"Kolumna Bo\u017ee Skoke: Novi simbol europske Hrvatske i njezina razvoja - RADIO LJUBU\u0160KI","og_description":"Svaka dr\u017eava ima neka mjesta prema kojima gaji osje\u0107aj posebnog pijeteta i ponosa, arhitektonska zdanja, spomenike i simbole koji na poseban na\u010din predstavljaju doti\u010dnu naciju, njezinu povijest, uspjehe, snagu inovativnosti i kreativnosti. Tako je svojedobno izabrano i 50 domoljubnih mjesta \u201ckoje svaki Amerikanac mora vidjeti\u201d. Me\u0111u njima su, me\u0111u ostalim, nacionalno groblje Arlington u Virginiji, [&hellip;]","og_url":"https:\/\/radioljubuski.ba\/index.php\/2022\/07\/27\/kolumna-boze-skoke-novi-simbol-europske-hrvatske-i-njezina-razvoja\/","og_site_name":"RADIO LJUBU\u0160KI","article_publisher":"https:\/\/www.facebook.com\/Radiio-Ljubuski-1490835324566332","article_published_time":"2022-07-27T06:36:50+00:00","article_modified_time":"2022-07-27T06:36:52+00:00","og_image":[{"width":1024,"height":683,"url":"https:\/\/radioljubuski.ba\/wp-content\/uploads\/2021\/03\/skoko.jpg","type":"image\/jpeg"}],"author":"Radio Ljubu\u0161ki","twitter_card":"summary_large_image","twitter_creator":"@radioljubuski","twitter_site":"@radioljubuski","twitter_misc":{"Napisao\/la":"Radio Ljubu\u0161ki","Procijenjeno vrijeme \u010ditanja":"5 minuta"},"schema":{"@context":"https:\/\/schema.org","@graph":[{"@type":"Article","@id":"https:\/\/radioljubuski.ba\/index.php\/2022\/07\/27\/kolumna-boze-skoke-novi-simbol-europske-hrvatske-i-njezina-razvoja\/#article","isPartOf":{"@id":"https:\/\/radioljubuski.ba\/index.php\/2022\/07\/27\/kolumna-boze-skoke-novi-simbol-europske-hrvatske-i-njezina-razvoja\/"},"author":{"name":"Radio Ljubu\u0161ki","@id":"https:\/\/radioljubuski.ba\/#\/schema\/person\/19fc700381a780f69665d7956c469e3b"},"headline":"Kolumna Bo\u017ee Skoke: Novi simbol europske Hrvatske i njezina razvoja","datePublished":"2022-07-27T06:36:50+00:00","dateModified":"2022-07-27T06:36:52+00:00","mainEntityOfPage":{"@id":"https:\/\/radioljubuski.ba\/index.php\/2022\/07\/27\/kolumna-boze-skoke-novi-simbol-europske-hrvatske-i-njezina-razvoja\/"},"wordCount":1058,"publisher":{"@id":"https:\/\/radioljubuski.ba\/#organization"},"image":{"@id":"https:\/\/radioljubuski.ba\/index.php\/2022\/07\/27\/kolumna-boze-skoke-novi-simbol-europske-hrvatske-i-njezina-razvoja\/#primaryimage"},"thumbnailUrl":"https:\/\/radioljubuski.ba\/wp-content\/uploads\/2021\/03\/skoko.jpg","articleSection":["BIH i regija"],"inLanguage":"hr"},{"@type":"WebPage","@id":"https:\/\/radioljubuski.ba\/index.php\/2022\/07\/27\/kolumna-boze-skoke-novi-simbol-europske-hrvatske-i-njezina-razvoja\/","url":"https:\/\/radioljubuski.ba\/index.php\/2022\/07\/27\/kolumna-boze-skoke-novi-simbol-europske-hrvatske-i-njezina-razvoja\/","name":"Kolumna Bo\u017ee Skoke: Novi simbol europske Hrvatske i njezina razvoja - RADIO LJUBU\u0160KI","isPartOf":{"@id":"https:\/\/radioljubuski.ba\/#website"},"primaryImageOfPage":{"@id":"https:\/\/radioljubuski.ba\/index.php\/2022\/07\/27\/kolumna-boze-skoke-novi-simbol-europske-hrvatske-i-njezina-razvoja\/#primaryimage"},"image":{"@id":"https:\/\/radioljubuski.ba\/index.php\/2022\/07\/27\/kolumna-boze-skoke-novi-simbol-europske-hrvatske-i-njezina-razvoja\/#primaryimage"},"thumbnailUrl":"https:\/\/radioljubuski.ba\/wp-content\/uploads\/2021\/03\/skoko.jpg","datePublished":"2022-07-27T06:36:50+00:00","dateModified":"2022-07-27T06:36:52+00:00","breadcrumb":{"@id":"https:\/\/radioljubuski.ba\/index.php\/2022\/07\/27\/kolumna-boze-skoke-novi-simbol-europske-hrvatske-i-njezina-razvoja\/#breadcrumb"},"inLanguage":"hr","potentialAction":[{"@type":"ReadAction","target":["https:\/\/radioljubuski.ba\/index.php\/2022\/07\/27\/kolumna-boze-skoke-novi-simbol-europske-hrvatske-i-njezina-razvoja\/"]}]},{"@type":"ImageObject","inLanguage":"hr","@id":"https:\/\/radioljubuski.ba\/index.php\/2022\/07\/27\/kolumna-boze-skoke-novi-simbol-europske-hrvatske-i-njezina-razvoja\/#primaryimage","url":"https:\/\/radioljubuski.ba\/wp-content\/uploads\/2021\/03\/skoko.jpg","contentUrl":"https:\/\/radioljubuski.ba\/wp-content\/uploads\/2021\/03\/skoko.jpg","width":1024,"height":683},{"@type":"BreadcrumbList","@id":"https:\/\/radioljubuski.ba\/index.php\/2022\/07\/27\/kolumna-boze-skoke-novi-simbol-europske-hrvatske-i-njezina-razvoja\/#breadcrumb","itemListElement":[{"@type":"ListItem","position":1,"name":"Po\u010detna stranica","item":"https:\/\/radioljubuski.ba\/"},{"@type":"ListItem","position":2,"name":"Kolumna Bo\u017ee Skoke: Novi simbol europske Hrvatske i njezina razvoja"}]},{"@type":"WebSite","@id":"https:\/\/radioljubuski.ba\/#website","url":"https:\/\/radioljubuski.ba\/","name":"Radio Ljubu\u0161ki","description":"Sun\u010dana frekvencija Hercegovine","publisher":{"@id":"https:\/\/radioljubuski.ba\/#organization"},"potentialAction":[{"@type":"SearchAction","target":{"@type":"EntryPoint","urlTemplate":"https:\/\/radioljubuski.ba\/?s={search_term_string}"},"query-input":{"@type":"PropertyValueSpecification","valueRequired":true,"valueName":"search_term_string"}}],"inLanguage":"hr"},{"@type":"Organization","@id":"https:\/\/radioljubuski.ba\/#organization","name":"Radio Ljubu\u0161ki","url":"https:\/\/radioljubuski.ba\/","logo":{"@type":"ImageObject","inLanguage":"hr","@id":"https:\/\/radioljubuski.ba\/#\/schema\/logo\/image\/","url":"https:\/\/radioljubuski.ba\/wp-content\/uploads\/2021\/02\/cropped-Radio_Ljubuski_logo1.jpg","contentUrl":"https:\/\/radioljubuski.ba\/wp-content\/uploads\/2021\/02\/cropped-Radio_Ljubuski_logo1.jpg","width":512,"height":512,"caption":"Radio Ljubu\u0161ki"},"image":{"@id":"https:\/\/radioljubuski.ba\/#\/schema\/logo\/image\/"},"sameAs":["https:\/\/www.facebook.com\/Radiio-Ljubuski-1490835324566332","https:\/\/x.com\/radioljubuski","https:\/\/hr.linkedin.com\/company\/radio-ljubuski","https:\/\/www.youtube.com\/channel\/UCHYaeO_n0Db3tjNGudGpXyw"]},{"@type":"Person","@id":"https:\/\/radioljubuski.ba\/#\/schema\/person\/19fc700381a780f69665d7956c469e3b","name":"Radio Ljubu\u0161ki"}]}},"_links":{"self":[{"href":"https:\/\/radioljubuski.ba\/index.php\/wp-json\/wp\/v2\/posts\/163791","targetHints":{"allow":["GET"]}}],"collection":[{"href":"https:\/\/radioljubuski.ba\/index.php\/wp-json\/wp\/v2\/posts"}],"about":[{"href":"https:\/\/radioljubuski.ba\/index.php\/wp-json\/wp\/v2\/types\/post"}],"author":[{"embeddable":true,"href":"https:\/\/radioljubuski.ba\/index.php\/wp-json\/wp\/v2\/users\/2"}],"replies":[{"embeddable":true,"href":"https:\/\/radioljubuski.ba\/index.php\/wp-json\/wp\/v2\/comments?post=163791"}],"version-history":[{"count":1,"href":"https:\/\/radioljubuski.ba\/index.php\/wp-json\/wp\/v2\/posts\/163791\/revisions"}],"predecessor-version":[{"id":163793,"href":"https:\/\/radioljubuski.ba\/index.php\/wp-json\/wp\/v2\/posts\/163791\/revisions\/163793"}],"wp:featuredmedia":[{"embeddable":true,"href":"https:\/\/radioljubuski.ba\/index.php\/wp-json\/wp\/v2\/media\/364"}],"wp:attachment":[{"href":"https:\/\/radioljubuski.ba\/index.php\/wp-json\/wp\/v2\/media?parent=163791"}],"wp:term":[{"taxonomy":"category","embeddable":true,"href":"https:\/\/radioljubuski.ba\/index.php\/wp-json\/wp\/v2\/categories?post=163791"},{"taxonomy":"post_tag","embeddable":true,"href":"https:\/\/radioljubuski.ba\/index.php\/wp-json\/wp\/v2\/tags?post=163791"}],"curies":[{"name":"wp","href":"https:\/\/api.w.org\/{rel}","templated":true}]}}