{"id":163806,"date":"2022-07-27T07:55:08","date_gmt":"2022-07-27T06:55:08","guid":{"rendered":"https:\/\/radioljubuski.ba\/?p=163806"},"modified":"2022-07-27T07:55:10","modified_gmt":"2022-07-27T06:55:10","slug":"pune-ruke-posla-za-vatrogasce-u-mostaru-gorjela-kuca-kontejner-izvlacili-zmiju","status":"publish","type":"post","link":"https:\/\/radioljubuski.ba\/index.php\/2022\/07\/27\/pune-ruke-posla-za-vatrogasce-u-mostaru-gorjela-kuca-kontejner-izvlacili-zmiju\/","title":{"rendered":"Pune ruke posla za vatrogasce: U Mostaru gorjela ku\u0107a, kontejner, izvla\u010dili zmiju&#8230;"},"content":{"rendered":"\n<p>Novi dan, novi po\u017eari na podru\u010dju HN\u017d-a. Tijekom posljednja 24 sata vatrogasci su imali pune ruke posla. Osim ga\u0161enja vatre, izvla\u010dili su i zmiju u Mostaru. Pogledajte intervencije:&nbsp;<\/p>\n\n\n\n<p>Mostar<br>Od 14:15 do 14:50 sati na Musali gorila ku\u0107a.<br>Od 14:55 do 17:35 sati na Vrelu Bune gorila trava i otpad.<br>Od 17:15 do 18:50 sati u Ra\u0161koj Gori gorila trava i raslinje.<br>Od 18:10 do 18:40 sati u Vrap\u010di\u0107ima gorila trava i nisko raslinje.<br>Od 21:15 do 21:39 sati u ulici Kneza Branimira gorio kontejner.<\/p>\n\n\n\n<p>\u010capljina<br>Od 10:45 do 16:40 sati na Jasenici gorjela \u0161uma.<br>Od 12:35 do 13:40 sati u Tasov\u010di\u0107ima u blizini veletr\u017enice gorjelo sme\u0107e.<br>Od 14:15 do 15:00 sati u Tasov\u010di\u0107ima gorjelo sme\u0107e.<br>Od 15:40 do 16:00 sati u \u010celjevu gorjele gume.<br>Od 16:00 do 16:20 sati u \u010celjevu gorio biljni otpad.<br>Od 16:20 do 16:40 sati u \u010celjevu gorjelo sme\u0107e.<br>Od 21:04 do 22:52 sati u \u010celjevu gorilo sme\u0107e i nisko raslinje.<br>U 22:12 sati vatrogasci se vratili sa ga\u0161enja po\u017eara na Blidinju.<br>Od 23:28 do 00:45 sati na Bivolju Brdu gorila \u0161uma i nisko raslinje.<\/p>\n\n\n\n<p>\u010citluk<br>Od 07:45 do 09:15 sati na Trome\u0111i gorila trava, nisko i visoko raslinje.<br>Od 15:45 do 18:00 sati u DM Ogra\u0111eniku gorila trava i nisko raslinje.<\/p>\n\n\n\n<p>Stolac<br>Od 14:20 do 15:30 sati u dvori\u0161tu obiteljske ku\u0107e, na lokaciji Aladini\u0107i, gorila ve\u0107a koli\u010dina drvene gra\u0111e.<\/p>\n\n\n\n<p>Konjic<br>Po\u017ear u naselju Borci i dalje je aktivan.<\/p>\n\n\n\n<p>Prozor \u2013 Rama<br>Od 16:40 do 18:00 sati u Grmi\u0107ima gorila trava i nisko raslinje.<\/p>\n\n\n\n<p>Jablanica<br>Od 08:30 do 08:45 sati u \u0160ljunkari gorila trava i nisko raslinje.<br>Od 13:00 do 14:00 sati na Dobrigo\u0161\u0107u gorila trava i nisko raslinje.<br>Od 19:30 do 20:15 sati na Gostovi\u0161\u0107u gorio kabasti otpad.<br>Od 21:30 do 22:00 sati na Gostovi\u0161\u0107u gorilo sme\u0107e.<\/p>\n\n\n\n<p>TEHNI\u010cKE INTERVENCIJE<\/p>\n\n\n\n<p>Mostar<br>Od 07:30 do 08:25 sati izvla\u010denje zmije iz za\u0161titarske ku\u0107ice u Aluminijskom kombinatu.<\/p>\n\n\n\n<p>Izvor:<a href=\"https:\/\/pogled.ba\/novosti\/pune-ruke-posla-za-vatrogasce-u-mostaru-gorjela-kuca-kontejner-izvlacili-zmiju\/251676\"> Pogled.ba<\/a><\/p>\n","protected":false},"excerpt":{"rendered":"<p>Novi dan, novi po\u017eari na podru\u010dju HN\u017d-a. Tijekom posljednja 24 sata vatrogasci su imali pune ruke posla. Osim ga\u0161enja vatre, izvla\u010dili su i zmiju u Mostaru. Pogledajte intervencije:&nbsp; MostarOd 14:15 do 14:50 sati na Musali gorila ku\u0107a.Od 14:55 do 17:35 sati na Vrelu Bune gorila trava i otpad.Od 17:15 do 18:50 sati u Ra\u0161koj Gori [&hellip;]<\/p>\n","protected":false},"author":2,"featured_media":163807,"comment_status":"closed","ping_status":"closed","sticky":false,"template":"","format":"standard","meta":{"h5ap_radio_sources":[],"footnotes":""},"categories":[1],"tags":[],"class_list":["post-163806","post","type-post","status-publish","format-standard","has-post-thumbnail","hentry","category-bihiregija"],"yoast_head":"<!-- This site is optimized with the Yoast SEO plugin v27.5 - https:\/\/yoast.com\/product\/yoast-seo-wordpress\/ -->\n<title>Pune ruke posla za vatrogasce: U Mostaru gorjela ku\u0107a, kontejner, izvla\u010dili zmiju... - RADIO LJUBU\u0160KI<\/title>\n<meta name=\"robots\" content=\"index, follow, max-snippet:-1, max-image-preview:large, max-video-preview:-1\" \/>\n<link rel=\"canonical\" href=\"https:\/\/radioljubuski.ba\/index.php\/2022\/07\/27\/pune-ruke-posla-za-vatrogasce-u-mostaru-gorjela-kuca-kontejner-izvlacili-zmiju\/\" \/>\n<meta property=\"og:locale\" content=\"hr_HR\" \/>\n<meta property=\"og:type\" content=\"article\" \/>\n<meta property=\"og:title\" content=\"Pune ruke posla za vatrogasce: U Mostaru gorjela ku\u0107a, kontejner, izvla\u010dili zmiju... - RADIO LJUBU\u0160KI\" \/>\n<meta property=\"og:description\" content=\"Novi dan, novi po\u017eari na podru\u010dju HN\u017d-a. Tijekom posljednja 24 sata vatrogasci su imali pune ruke posla. Osim ga\u0161enja vatre, izvla\u010dili su i zmiju u Mostaru. Pogledajte intervencije:&nbsp; MostarOd 14:15 do 14:50 sati na Musali gorila ku\u0107a.Od 14:55 do 17:35 sati na Vrelu Bune gorila trava i otpad.Od 17:15 do 18:50 sati u Ra\u0161koj Gori [&hellip;]\" \/>\n<meta property=\"og:url\" content=\"https:\/\/radioljubuski.ba\/index.php\/2022\/07\/27\/pune-ruke-posla-za-vatrogasce-u-mostaru-gorjela-kuca-kontejner-izvlacili-zmiju\/\" \/>\n<meta property=\"og:site_name\" content=\"RADIO LJUBU\u0160KI\" \/>\n<meta property=\"article:publisher\" content=\"https:\/\/www.facebook.com\/Radiio-Ljubuski-1490835324566332\" \/>\n<meta property=\"article:published_time\" content=\"2022-07-27T06:55:08+00:00\" \/>\n<meta property=\"article:modified_time\" content=\"2022-07-27T06:55:10+00:00\" \/>\n<meta property=\"og:image\" content=\"https:\/\/radioljubuski.ba\/wp-content\/uploads\/2022\/07\/8-2022-07-19-15-20-14-vatrogasac-mostar.jpg\" \/>\n\t<meta property=\"og:image:width\" content=\"1000\" \/>\n\t<meta property=\"og:image:height\" content=\"625\" \/>\n\t<meta property=\"og:image:type\" content=\"image\/jpeg\" \/>\n<meta name=\"author\" content=\"Radio Ljubu\u0161ki\" \/>\n<meta name=\"twitter:card\" content=\"summary_large_image\" \/>\n<meta name=\"twitter:creator\" content=\"@radioljubuski\" \/>\n<meta name=\"twitter:site\" content=\"@radioljubuski\" \/>\n<meta name=\"twitter:label1\" content=\"Napisao\/la\" \/>\n\t<meta name=\"twitter:data1\" content=\"Radio Ljubu\u0161ki\" \/>\n\t<meta name=\"twitter:label2\" content=\"Procijenjeno vrijeme \u010ditanja\" \/>\n\t<meta name=\"twitter:data2\" content=\"2 minute\" \/>\n<script type=\"application\/ld+json\" class=\"yoast-schema-graph\">{\"@context\":\"https:\\\/\\\/schema.org\",\"@graph\":[{\"@type\":\"Article\",\"@id\":\"https:\\\/\\\/radioljubuski.ba\\\/index.php\\\/2022\\\/07\\\/27\\\/pune-ruke-posla-za-vatrogasce-u-mostaru-gorjela-kuca-kontejner-izvlacili-zmiju\\\/#article\",\"isPartOf\":{\"@id\":\"https:\\\/\\\/radioljubuski.ba\\\/index.php\\\/2022\\\/07\\\/27\\\/pune-ruke-posla-za-vatrogasce-u-mostaru-gorjela-kuca-kontejner-izvlacili-zmiju\\\/\"},\"author\":{\"name\":\"Radio Ljubu\u0161ki\",\"@id\":\"https:\\\/\\\/radioljubuski.ba\\\/#\\\/schema\\\/person\\\/19fc700381a780f69665d7956c469e3b\"},\"headline\":\"Pune ruke posla za vatrogasce: U Mostaru gorjela ku\u0107a, kontejner, izvla\u010dili zmiju&#8230;\",\"datePublished\":\"2022-07-27T06:55:08+00:00\",\"dateModified\":\"2022-07-27T06:55:10+00:00\",\"mainEntityOfPage\":{\"@id\":\"https:\\\/\\\/radioljubuski.ba\\\/index.php\\\/2022\\\/07\\\/27\\\/pune-ruke-posla-za-vatrogasce-u-mostaru-gorjela-kuca-kontejner-izvlacili-zmiju\\\/\"},\"wordCount\":310,\"publisher\":{\"@id\":\"https:\\\/\\\/radioljubuski.ba\\\/#organization\"},\"image\":{\"@id\":\"https:\\\/\\\/radioljubuski.ba\\\/index.php\\\/2022\\\/07\\\/27\\\/pune-ruke-posla-za-vatrogasce-u-mostaru-gorjela-kuca-kontejner-izvlacili-zmiju\\\/#primaryimage\"},\"thumbnailUrl\":\"https:\\\/\\\/radioljubuski.ba\\\/wp-content\\\/uploads\\\/2022\\\/07\\\/8-2022-07-19-15-20-14-vatrogasac-mostar.jpg\",\"articleSection\":[\"BIH i regija\"],\"inLanguage\":\"hr\"},{\"@type\":\"WebPage\",\"@id\":\"https:\\\/\\\/radioljubuski.ba\\\/index.php\\\/2022\\\/07\\\/27\\\/pune-ruke-posla-za-vatrogasce-u-mostaru-gorjela-kuca-kontejner-izvlacili-zmiju\\\/\",\"url\":\"https:\\\/\\\/radioljubuski.ba\\\/index.php\\\/2022\\\/07\\\/27\\\/pune-ruke-posla-za-vatrogasce-u-mostaru-gorjela-kuca-kontejner-izvlacili-zmiju\\\/\",\"name\":\"Pune ruke posla za vatrogasce: U Mostaru gorjela ku\u0107a, kontejner, izvla\u010dili zmiju... - RADIO LJUBU\u0160KI\",\"isPartOf\":{\"@id\":\"https:\\\/\\\/radioljubuski.ba\\\/#website\"},\"primaryImageOfPage\":{\"@id\":\"https:\\\/\\\/radioljubuski.ba\\\/index.php\\\/2022\\\/07\\\/27\\\/pune-ruke-posla-za-vatrogasce-u-mostaru-gorjela-kuca-kontejner-izvlacili-zmiju\\\/#primaryimage\"},\"image\":{\"@id\":\"https:\\\/\\\/radioljubuski.ba\\\/index.php\\\/2022\\\/07\\\/27\\\/pune-ruke-posla-za-vatrogasce-u-mostaru-gorjela-kuca-kontejner-izvlacili-zmiju\\\/#primaryimage\"},\"thumbnailUrl\":\"https:\\\/\\\/radioljubuski.ba\\\/wp-content\\\/uploads\\\/2022\\\/07\\\/8-2022-07-19-15-20-14-vatrogasac-mostar.jpg\",\"datePublished\":\"2022-07-27T06:55:08+00:00\",\"dateModified\":\"2022-07-27T06:55:10+00:00\",\"breadcrumb\":{\"@id\":\"https:\\\/\\\/radioljubuski.ba\\\/index.php\\\/2022\\\/07\\\/27\\\/pune-ruke-posla-za-vatrogasce-u-mostaru-gorjela-kuca-kontejner-izvlacili-zmiju\\\/#breadcrumb\"},\"inLanguage\":\"hr\",\"potentialAction\":[{\"@type\":\"ReadAction\",\"target\":[\"https:\\\/\\\/radioljubuski.ba\\\/index.php\\\/2022\\\/07\\\/27\\\/pune-ruke-posla-za-vatrogasce-u-mostaru-gorjela-kuca-kontejner-izvlacili-zmiju\\\/\"]}]},{\"@type\":\"ImageObject\",\"inLanguage\":\"hr\",\"@id\":\"https:\\\/\\\/radioljubuski.ba\\\/index.php\\\/2022\\\/07\\\/27\\\/pune-ruke-posla-za-vatrogasce-u-mostaru-gorjela-kuca-kontejner-izvlacili-zmiju\\\/#primaryimage\",\"url\":\"https:\\\/\\\/radioljubuski.ba\\\/wp-content\\\/uploads\\\/2022\\\/07\\\/8-2022-07-19-15-20-14-vatrogasac-mostar.jpg\",\"contentUrl\":\"https:\\\/\\\/radioljubuski.ba\\\/wp-content\\\/uploads\\\/2022\\\/07\\\/8-2022-07-19-15-20-14-vatrogasac-mostar.jpg\",\"width\":1000,\"height\":625},{\"@type\":\"BreadcrumbList\",\"@id\":\"https:\\\/\\\/radioljubuski.ba\\\/index.php\\\/2022\\\/07\\\/27\\\/pune-ruke-posla-za-vatrogasce-u-mostaru-gorjela-kuca-kontejner-izvlacili-zmiju\\\/#breadcrumb\",\"itemListElement\":[{\"@type\":\"ListItem\",\"position\":1,\"name\":\"Po\u010detna stranica\",\"item\":\"https:\\\/\\\/radioljubuski.ba\\\/\"},{\"@type\":\"ListItem\",\"position\":2,\"name\":\"Pune ruke posla za vatrogasce: U Mostaru gorjela ku\u0107a, kontejner, izvla\u010dili zmiju&#8230;\"}]},{\"@type\":\"WebSite\",\"@id\":\"https:\\\/\\\/radioljubuski.ba\\\/#website\",\"url\":\"https:\\\/\\\/radioljubuski.ba\\\/\",\"name\":\"Radio Ljubu\u0161ki\",\"description\":\"Sun\u010dana frekvencija Hercegovine\",\"publisher\":{\"@id\":\"https:\\\/\\\/radioljubuski.ba\\\/#organization\"},\"potentialAction\":[{\"@type\":\"SearchAction\",\"target\":{\"@type\":\"EntryPoint\",\"urlTemplate\":\"https:\\\/\\\/radioljubuski.ba\\\/?s={search_term_string}\"},\"query-input\":{\"@type\":\"PropertyValueSpecification\",\"valueRequired\":true,\"valueName\":\"search_term_string\"}}],\"inLanguage\":\"hr\"},{\"@type\":\"Organization\",\"@id\":\"https:\\\/\\\/radioljubuski.ba\\\/#organization\",\"name\":\"Radio Ljubu\u0161ki\",\"url\":\"https:\\\/\\\/radioljubuski.ba\\\/\",\"logo\":{\"@type\":\"ImageObject\",\"inLanguage\":\"hr\",\"@id\":\"https:\\\/\\\/radioljubuski.ba\\\/#\\\/schema\\\/logo\\\/image\\\/\",\"url\":\"https:\\\/\\\/radioljubuski.ba\\\/wp-content\\\/uploads\\\/2021\\\/02\\\/cropped-Radio_Ljubuski_logo1.jpg\",\"contentUrl\":\"https:\\\/\\\/radioljubuski.ba\\\/wp-content\\\/uploads\\\/2021\\\/02\\\/cropped-Radio_Ljubuski_logo1.jpg\",\"width\":512,\"height\":512,\"caption\":\"Radio Ljubu\u0161ki\"},\"image\":{\"@id\":\"https:\\\/\\\/radioljubuski.ba\\\/#\\\/schema\\\/logo\\\/image\\\/\"},\"sameAs\":[\"https:\\\/\\\/www.facebook.com\\\/Radiio-Ljubuski-1490835324566332\",\"https:\\\/\\\/x.com\\\/radioljubuski\",\"https:\\\/\\\/hr.linkedin.com\\\/company\\\/radio-ljubuski\",\"https:\\\/\\\/www.youtube.com\\\/channel\\\/UCHYaeO_n0Db3tjNGudGpXyw\"]},{\"@type\":\"Person\",\"@id\":\"https:\\\/\\\/radioljubuski.ba\\\/#\\\/schema\\\/person\\\/19fc700381a780f69665d7956c469e3b\",\"name\":\"Radio Ljubu\u0161ki\"}]}<\/script>\n<!-- \/ Yoast SEO plugin. -->","yoast_head_json":{"title":"Pune ruke posla za vatrogasce: U Mostaru gorjela ku\u0107a, kontejner, izvla\u010dili zmiju... - RADIO LJUBU\u0160KI","robots":{"index":"index","follow":"follow","max-snippet":"max-snippet:-1","max-image-preview":"max-image-preview:large","max-video-preview":"max-video-preview:-1"},"canonical":"https:\/\/radioljubuski.ba\/index.php\/2022\/07\/27\/pune-ruke-posla-za-vatrogasce-u-mostaru-gorjela-kuca-kontejner-izvlacili-zmiju\/","og_locale":"hr_HR","og_type":"article","og_title":"Pune ruke posla za vatrogasce: U Mostaru gorjela ku\u0107a, kontejner, izvla\u010dili zmiju... - RADIO LJUBU\u0160KI","og_description":"Novi dan, novi po\u017eari na podru\u010dju HN\u017d-a. Tijekom posljednja 24 sata vatrogasci su imali pune ruke posla. Osim ga\u0161enja vatre, izvla\u010dili su i zmiju u Mostaru. Pogledajte intervencije:&nbsp; MostarOd 14:15 do 14:50 sati na Musali gorila ku\u0107a.Od 14:55 do 17:35 sati na Vrelu Bune gorila trava i otpad.Od 17:15 do 18:50 sati u Ra\u0161koj Gori [&hellip;]","og_url":"https:\/\/radioljubuski.ba\/index.php\/2022\/07\/27\/pune-ruke-posla-za-vatrogasce-u-mostaru-gorjela-kuca-kontejner-izvlacili-zmiju\/","og_site_name":"RADIO LJUBU\u0160KI","article_publisher":"https:\/\/www.facebook.com\/Radiio-Ljubuski-1490835324566332","article_published_time":"2022-07-27T06:55:08+00:00","article_modified_time":"2022-07-27T06:55:10+00:00","og_image":[{"width":1000,"height":625,"url":"https:\/\/radioljubuski.ba\/wp-content\/uploads\/2022\/07\/8-2022-07-19-15-20-14-vatrogasac-mostar.jpg","type":"image\/jpeg"}],"author":"Radio Ljubu\u0161ki","twitter_card":"summary_large_image","twitter_creator":"@radioljubuski","twitter_site":"@radioljubuski","twitter_misc":{"Napisao\/la":"Radio Ljubu\u0161ki","Procijenjeno vrijeme \u010ditanja":"2 minute"},"schema":{"@context":"https:\/\/schema.org","@graph":[{"@type":"Article","@id":"https:\/\/radioljubuski.ba\/index.php\/2022\/07\/27\/pune-ruke-posla-za-vatrogasce-u-mostaru-gorjela-kuca-kontejner-izvlacili-zmiju\/#article","isPartOf":{"@id":"https:\/\/radioljubuski.ba\/index.php\/2022\/07\/27\/pune-ruke-posla-za-vatrogasce-u-mostaru-gorjela-kuca-kontejner-izvlacili-zmiju\/"},"author":{"name":"Radio Ljubu\u0161ki","@id":"https:\/\/radioljubuski.ba\/#\/schema\/person\/19fc700381a780f69665d7956c469e3b"},"headline":"Pune ruke posla za vatrogasce: U Mostaru gorjela ku\u0107a, kontejner, izvla\u010dili zmiju&#8230;","datePublished":"2022-07-27T06:55:08+00:00","dateModified":"2022-07-27T06:55:10+00:00","mainEntityOfPage":{"@id":"https:\/\/radioljubuski.ba\/index.php\/2022\/07\/27\/pune-ruke-posla-za-vatrogasce-u-mostaru-gorjela-kuca-kontejner-izvlacili-zmiju\/"},"wordCount":310,"publisher":{"@id":"https:\/\/radioljubuski.ba\/#organization"},"image":{"@id":"https:\/\/radioljubuski.ba\/index.php\/2022\/07\/27\/pune-ruke-posla-za-vatrogasce-u-mostaru-gorjela-kuca-kontejner-izvlacili-zmiju\/#primaryimage"},"thumbnailUrl":"https:\/\/radioljubuski.ba\/wp-content\/uploads\/2022\/07\/8-2022-07-19-15-20-14-vatrogasac-mostar.jpg","articleSection":["BIH i regija"],"inLanguage":"hr"},{"@type":"WebPage","@id":"https:\/\/radioljubuski.ba\/index.php\/2022\/07\/27\/pune-ruke-posla-za-vatrogasce-u-mostaru-gorjela-kuca-kontejner-izvlacili-zmiju\/","url":"https:\/\/radioljubuski.ba\/index.php\/2022\/07\/27\/pune-ruke-posla-za-vatrogasce-u-mostaru-gorjela-kuca-kontejner-izvlacili-zmiju\/","name":"Pune ruke posla za vatrogasce: U Mostaru gorjela ku\u0107a, kontejner, izvla\u010dili zmiju... - RADIO LJUBU\u0160KI","isPartOf":{"@id":"https:\/\/radioljubuski.ba\/#website"},"primaryImageOfPage":{"@id":"https:\/\/radioljubuski.ba\/index.php\/2022\/07\/27\/pune-ruke-posla-za-vatrogasce-u-mostaru-gorjela-kuca-kontejner-izvlacili-zmiju\/#primaryimage"},"image":{"@id":"https:\/\/radioljubuski.ba\/index.php\/2022\/07\/27\/pune-ruke-posla-za-vatrogasce-u-mostaru-gorjela-kuca-kontejner-izvlacili-zmiju\/#primaryimage"},"thumbnailUrl":"https:\/\/radioljubuski.ba\/wp-content\/uploads\/2022\/07\/8-2022-07-19-15-20-14-vatrogasac-mostar.jpg","datePublished":"2022-07-27T06:55:08+00:00","dateModified":"2022-07-27T06:55:10+00:00","breadcrumb":{"@id":"https:\/\/radioljubuski.ba\/index.php\/2022\/07\/27\/pune-ruke-posla-za-vatrogasce-u-mostaru-gorjela-kuca-kontejner-izvlacili-zmiju\/#breadcrumb"},"inLanguage":"hr","potentialAction":[{"@type":"ReadAction","target":["https:\/\/radioljubuski.ba\/index.php\/2022\/07\/27\/pune-ruke-posla-za-vatrogasce-u-mostaru-gorjela-kuca-kontejner-izvlacili-zmiju\/"]}]},{"@type":"ImageObject","inLanguage":"hr","@id":"https:\/\/radioljubuski.ba\/index.php\/2022\/07\/27\/pune-ruke-posla-za-vatrogasce-u-mostaru-gorjela-kuca-kontejner-izvlacili-zmiju\/#primaryimage","url":"https:\/\/radioljubuski.ba\/wp-content\/uploads\/2022\/07\/8-2022-07-19-15-20-14-vatrogasac-mostar.jpg","contentUrl":"https:\/\/radioljubuski.ba\/wp-content\/uploads\/2022\/07\/8-2022-07-19-15-20-14-vatrogasac-mostar.jpg","width":1000,"height":625},{"@type":"BreadcrumbList","@id":"https:\/\/radioljubuski.ba\/index.php\/2022\/07\/27\/pune-ruke-posla-za-vatrogasce-u-mostaru-gorjela-kuca-kontejner-izvlacili-zmiju\/#breadcrumb","itemListElement":[{"@type":"ListItem","position":1,"name":"Po\u010detna stranica","item":"https:\/\/radioljubuski.ba\/"},{"@type":"ListItem","position":2,"name":"Pune ruke posla za vatrogasce: U Mostaru gorjela ku\u0107a, kontejner, izvla\u010dili zmiju&#8230;"}]},{"@type":"WebSite","@id":"https:\/\/radioljubuski.ba\/#website","url":"https:\/\/radioljubuski.ba\/","name":"Radio Ljubu\u0161ki","description":"Sun\u010dana frekvencija Hercegovine","publisher":{"@id":"https:\/\/radioljubuski.ba\/#organization"},"potentialAction":[{"@type":"SearchAction","target":{"@type":"EntryPoint","urlTemplate":"https:\/\/radioljubuski.ba\/?s={search_term_string}"},"query-input":{"@type":"PropertyValueSpecification","valueRequired":true,"valueName":"search_term_string"}}],"inLanguage":"hr"},{"@type":"Organization","@id":"https:\/\/radioljubuski.ba\/#organization","name":"Radio Ljubu\u0161ki","url":"https:\/\/radioljubuski.ba\/","logo":{"@type":"ImageObject","inLanguage":"hr","@id":"https:\/\/radioljubuski.ba\/#\/schema\/logo\/image\/","url":"https:\/\/radioljubuski.ba\/wp-content\/uploads\/2021\/02\/cropped-Radio_Ljubuski_logo1.jpg","contentUrl":"https:\/\/radioljubuski.ba\/wp-content\/uploads\/2021\/02\/cropped-Radio_Ljubuski_logo1.jpg","width":512,"height":512,"caption":"Radio Ljubu\u0161ki"},"image":{"@id":"https:\/\/radioljubuski.ba\/#\/schema\/logo\/image\/"},"sameAs":["https:\/\/www.facebook.com\/Radiio-Ljubuski-1490835324566332","https:\/\/x.com\/radioljubuski","https:\/\/hr.linkedin.com\/company\/radio-ljubuski","https:\/\/www.youtube.com\/channel\/UCHYaeO_n0Db3tjNGudGpXyw"]},{"@type":"Person","@id":"https:\/\/radioljubuski.ba\/#\/schema\/person\/19fc700381a780f69665d7956c469e3b","name":"Radio Ljubu\u0161ki"}]}},"_links":{"self":[{"href":"https:\/\/radioljubuski.ba\/index.php\/wp-json\/wp\/v2\/posts\/163806","targetHints":{"allow":["GET"]}}],"collection":[{"href":"https:\/\/radioljubuski.ba\/index.php\/wp-json\/wp\/v2\/posts"}],"about":[{"href":"https:\/\/radioljubuski.ba\/index.php\/wp-json\/wp\/v2\/types\/post"}],"author":[{"embeddable":true,"href":"https:\/\/radioljubuski.ba\/index.php\/wp-json\/wp\/v2\/users\/2"}],"replies":[{"embeddable":true,"href":"https:\/\/radioljubuski.ba\/index.php\/wp-json\/wp\/v2\/comments?post=163806"}],"version-history":[{"count":1,"href":"https:\/\/radioljubuski.ba\/index.php\/wp-json\/wp\/v2\/posts\/163806\/revisions"}],"predecessor-version":[{"id":163808,"href":"https:\/\/radioljubuski.ba\/index.php\/wp-json\/wp\/v2\/posts\/163806\/revisions\/163808"}],"wp:featuredmedia":[{"embeddable":true,"href":"https:\/\/radioljubuski.ba\/index.php\/wp-json\/wp\/v2\/media\/163807"}],"wp:attachment":[{"href":"https:\/\/radioljubuski.ba\/index.php\/wp-json\/wp\/v2\/media?parent=163806"}],"wp:term":[{"taxonomy":"category","embeddable":true,"href":"https:\/\/radioljubuski.ba\/index.php\/wp-json\/wp\/v2\/categories?post=163806"},{"taxonomy":"post_tag","embeddable":true,"href":"https:\/\/radioljubuski.ba\/index.php\/wp-json\/wp\/v2\/tags?post=163806"}],"curies":[{"name":"wp","href":"https:\/\/api.w.org\/{rel}","templated":true}]}}