{"id":163819,"date":"2022-07-27T08:40:18","date_gmt":"2022-07-27T07:40:18","guid":{"rendered":"https:\/\/radioljubuski.ba\/?p=163819"},"modified":"2022-07-27T08:40:20","modified_gmt":"2022-07-27T07:40:20","slug":"sutra-se-obiljezava-29-obljetnica-zlocina-na-stipica-livadi","status":"publish","type":"post","link":"https:\/\/radioljubuski.ba\/index.php\/2022\/07\/27\/sutra-se-obiljezava-29-obljetnica-zlocina-na-stipica-livadi\/","title":{"rendered":"Sutra se obilje\u017eava 29. obljetnica zlo\u010dina na Stipi\u0107a livadi"},"content":{"rendered":"\n<p>&nbsp;U \u010detvrtak, 28. srpnja, bit \u0107e obilje\u017eena 29. obljetnica stradanja 39 hrvatskih civila i branitelja na Stipi\u0107a livadi, \u017eupa Doljani.<\/p>\n\n\n\n<p>Kako se navodi u najavi, u 9 sati i 30 minuta planirano je okupljanje sudionika.&nbsp;<\/p>\n\n\n\n<p>Polaganje cvije\u0107a i paljenje svije\u0107a bit \u0107e uprili\u010deno u 10 sati i 30 minuta, a misa u \u010dast poginulih slu\u017eit \u0107e se u 11 sati.<\/p>\n\n\n\n<p>Stipi\u0107a livada, mjesto iznad Doljana, op\u0107ina Jablanica, mjesto je na kojemu je ujutro 28. srpnja 1993. po\u010dinjen zlo\u010din nad 33 hrvatskih vojnika i 6 civila koje su ubili i masakrirali pripadnici Armije BiH i mud\u017eahedini.<\/p>\n\n\n\n<p>Armija BiH je 28. srpnja 1993. tijekom upada u Doljane likvidirala, ponajvi\u0161e koriste\u0107i hladno oru\u017eje, 17 Hrvata u Doljanima, a zatim i 22 osobe na Stipi\u0107a livadi. Tada je zaklano ili ustrijeljeno 39 civila i vojnika u jednome od najte\u017eih zlo\u010dina po\u010dinjenih nad Hrvatima u BiH.<\/p>\n\n\n\n<p>Osim \u0161to je podignuta jedna optu\u017enica pred \u017dupanijskim sudom u Mostaru, koja je odba\u010dena, nitko nije odgovarao za taj stravi\u010dni zlo\u010din.<\/p>\n\n\n\n<p>Svi pre\u017eivjeli stanovnici sela, njih preko 200, uglavnom \u017eena i djece, uhi\u0107eni su i odvedeni u Jablanicu, gdje su bili zato\u010deni do 1. o\u017eujka 1994. kada su razmijenjeni.<\/p>\n\n\n\n<p>Izvor: <a href=\"https:\/\/fena.ba\/article\/1278762\/sutra-se-obiljezava-29-obljetnica-zlocina-na-stipica-livadi\">Fena<\/a><\/p>\n","protected":false},"excerpt":{"rendered":"<p>&nbsp;U \u010detvrtak, 28. srpnja, bit \u0107e obilje\u017eena 29. obljetnica stradanja 39 hrvatskih civila i branitelja na Stipi\u0107a livadi, \u017eupa Doljani. Kako se navodi u najavi, u 9 sati i 30 minuta planirano je okupljanje sudionika.&nbsp; Polaganje cvije\u0107a i paljenje svije\u0107a bit \u0107e uprili\u010deno u 10 sati i 30 minuta, a misa u \u010dast poginulih slu\u017eit [&hellip;]<\/p>\n","protected":false},"author":2,"featured_media":163822,"comment_status":"closed","ping_status":"closed","sticky":false,"template":"","format":"standard","meta":{"h5ap_radio_sources":[],"footnotes":""},"categories":[1],"tags":[],"class_list":["post-163819","post","type-post","status-publish","format-standard","has-post-thumbnail","hentry","category-bihiregija"],"yoast_head":"<!-- This site is optimized with the Yoast SEO plugin v27.5 - https:\/\/yoast.com\/product\/yoast-seo-wordpress\/ -->\n<title>Sutra se obilje\u017eava 29. obljetnica zlo\u010dina na Stipi\u0107a livadi - RADIO LJUBU\u0160KI<\/title>\n<meta name=\"robots\" content=\"index, follow, max-snippet:-1, max-image-preview:large, max-video-preview:-1\" \/>\n<link rel=\"canonical\" href=\"https:\/\/radioljubuski.ba\/index.php\/2022\/07\/27\/sutra-se-obiljezava-29-obljetnica-zlocina-na-stipica-livadi\/\" \/>\n<meta property=\"og:locale\" content=\"hr_HR\" \/>\n<meta property=\"og:type\" content=\"article\" \/>\n<meta property=\"og:title\" content=\"Sutra se obilje\u017eava 29. obljetnica zlo\u010dina na Stipi\u0107a livadi - RADIO LJUBU\u0160KI\" \/>\n<meta property=\"og:description\" content=\"&nbsp;U \u010detvrtak, 28. srpnja, bit \u0107e obilje\u017eena 29. obljetnica stradanja 39 hrvatskih civila i branitelja na Stipi\u0107a livadi, \u017eupa Doljani. Kako se navodi u najavi, u 9 sati i 30 minuta planirano je okupljanje sudionika.&nbsp; Polaganje cvije\u0107a i paljenje svije\u0107a bit \u0107e uprili\u010deno u 10 sati i 30 minuta, a misa u \u010dast poginulih slu\u017eit [&hellip;]\" \/>\n<meta property=\"og:url\" content=\"https:\/\/radioljubuski.ba\/index.php\/2022\/07\/27\/sutra-se-obiljezava-29-obljetnica-zlocina-na-stipica-livadi\/\" \/>\n<meta property=\"og:site_name\" content=\"RADIO LJUBU\u0160KI\" \/>\n<meta property=\"article:publisher\" content=\"https:\/\/www.facebook.com\/Radiio-Ljubuski-1490835324566332\" \/>\n<meta property=\"article:published_time\" content=\"2022-07-27T07:40:18+00:00\" \/>\n<meta property=\"article:modified_time\" content=\"2022-07-27T07:40:20+00:00\" \/>\n<meta property=\"og:image\" content=\"https:\/\/radioljubuski.ba\/wp-content\/uploads\/2022\/07\/l_ec91440bb28d5ebf99223135076c55c2.jpg\" \/>\n\t<meta property=\"og:image:width\" content=\"1024\" \/>\n\t<meta property=\"og:image:height\" content=\"683\" \/>\n\t<meta property=\"og:image:type\" content=\"image\/jpeg\" \/>\n<meta name=\"author\" content=\"Radio Ljubu\u0161ki\" \/>\n<meta name=\"twitter:card\" content=\"summary_large_image\" \/>\n<meta name=\"twitter:creator\" content=\"@radioljubuski\" \/>\n<meta name=\"twitter:site\" content=\"@radioljubuski\" \/>\n<meta name=\"twitter:label1\" content=\"Napisao\/la\" \/>\n\t<meta name=\"twitter:data1\" content=\"Radio Ljubu\u0161ki\" \/>\n\t<meta name=\"twitter:label2\" content=\"Procijenjeno vrijeme \u010ditanja\" \/>\n\t<meta name=\"twitter:data2\" content=\"1 minuta\" \/>\n<script type=\"application\/ld+json\" class=\"yoast-schema-graph\">{\"@context\":\"https:\\\/\\\/schema.org\",\"@graph\":[{\"@type\":\"Article\",\"@id\":\"https:\\\/\\\/radioljubuski.ba\\\/index.php\\\/2022\\\/07\\\/27\\\/sutra-se-obiljezava-29-obljetnica-zlocina-na-stipica-livadi\\\/#article\",\"isPartOf\":{\"@id\":\"https:\\\/\\\/radioljubuski.ba\\\/index.php\\\/2022\\\/07\\\/27\\\/sutra-se-obiljezava-29-obljetnica-zlocina-na-stipica-livadi\\\/\"},\"author\":{\"name\":\"Radio Ljubu\u0161ki\",\"@id\":\"https:\\\/\\\/radioljubuski.ba\\\/#\\\/schema\\\/person\\\/19fc700381a780f69665d7956c469e3b\"},\"headline\":\"Sutra se obilje\u017eava 29. obljetnica zlo\u010dina na Stipi\u0107a livadi\",\"datePublished\":\"2022-07-27T07:40:18+00:00\",\"dateModified\":\"2022-07-27T07:40:20+00:00\",\"mainEntityOfPage\":{\"@id\":\"https:\\\/\\\/radioljubuski.ba\\\/index.php\\\/2022\\\/07\\\/27\\\/sutra-se-obiljezava-29-obljetnica-zlocina-na-stipica-livadi\\\/\"},\"wordCount\":211,\"publisher\":{\"@id\":\"https:\\\/\\\/radioljubuski.ba\\\/#organization\"},\"image\":{\"@id\":\"https:\\\/\\\/radioljubuski.ba\\\/index.php\\\/2022\\\/07\\\/27\\\/sutra-se-obiljezava-29-obljetnica-zlocina-na-stipica-livadi\\\/#primaryimage\"},\"thumbnailUrl\":\"https:\\\/\\\/radioljubuski.ba\\\/wp-content\\\/uploads\\\/2022\\\/07\\\/l_ec91440bb28d5ebf99223135076c55c2.jpg\",\"articleSection\":[\"BIH i regija\"],\"inLanguage\":\"hr\"},{\"@type\":\"WebPage\",\"@id\":\"https:\\\/\\\/radioljubuski.ba\\\/index.php\\\/2022\\\/07\\\/27\\\/sutra-se-obiljezava-29-obljetnica-zlocina-na-stipica-livadi\\\/\",\"url\":\"https:\\\/\\\/radioljubuski.ba\\\/index.php\\\/2022\\\/07\\\/27\\\/sutra-se-obiljezava-29-obljetnica-zlocina-na-stipica-livadi\\\/\",\"name\":\"Sutra se obilje\u017eava 29. obljetnica zlo\u010dina na Stipi\u0107a livadi - RADIO LJUBU\u0160KI\",\"isPartOf\":{\"@id\":\"https:\\\/\\\/radioljubuski.ba\\\/#website\"},\"primaryImageOfPage\":{\"@id\":\"https:\\\/\\\/radioljubuski.ba\\\/index.php\\\/2022\\\/07\\\/27\\\/sutra-se-obiljezava-29-obljetnica-zlocina-na-stipica-livadi\\\/#primaryimage\"},\"image\":{\"@id\":\"https:\\\/\\\/radioljubuski.ba\\\/index.php\\\/2022\\\/07\\\/27\\\/sutra-se-obiljezava-29-obljetnica-zlocina-na-stipica-livadi\\\/#primaryimage\"},\"thumbnailUrl\":\"https:\\\/\\\/radioljubuski.ba\\\/wp-content\\\/uploads\\\/2022\\\/07\\\/l_ec91440bb28d5ebf99223135076c55c2.jpg\",\"datePublished\":\"2022-07-27T07:40:18+00:00\",\"dateModified\":\"2022-07-27T07:40:20+00:00\",\"breadcrumb\":{\"@id\":\"https:\\\/\\\/radioljubuski.ba\\\/index.php\\\/2022\\\/07\\\/27\\\/sutra-se-obiljezava-29-obljetnica-zlocina-na-stipica-livadi\\\/#breadcrumb\"},\"inLanguage\":\"hr\",\"potentialAction\":[{\"@type\":\"ReadAction\",\"target\":[\"https:\\\/\\\/radioljubuski.ba\\\/index.php\\\/2022\\\/07\\\/27\\\/sutra-se-obiljezava-29-obljetnica-zlocina-na-stipica-livadi\\\/\"]}]},{\"@type\":\"ImageObject\",\"inLanguage\":\"hr\",\"@id\":\"https:\\\/\\\/radioljubuski.ba\\\/index.php\\\/2022\\\/07\\\/27\\\/sutra-se-obiljezava-29-obljetnica-zlocina-na-stipica-livadi\\\/#primaryimage\",\"url\":\"https:\\\/\\\/radioljubuski.ba\\\/wp-content\\\/uploads\\\/2022\\\/07\\\/l_ec91440bb28d5ebf99223135076c55c2.jpg\",\"contentUrl\":\"https:\\\/\\\/radioljubuski.ba\\\/wp-content\\\/uploads\\\/2022\\\/07\\\/l_ec91440bb28d5ebf99223135076c55c2.jpg\",\"width\":1024,\"height\":683},{\"@type\":\"BreadcrumbList\",\"@id\":\"https:\\\/\\\/radioljubuski.ba\\\/index.php\\\/2022\\\/07\\\/27\\\/sutra-se-obiljezava-29-obljetnica-zlocina-na-stipica-livadi\\\/#breadcrumb\",\"itemListElement\":[{\"@type\":\"ListItem\",\"position\":1,\"name\":\"Po\u010detna stranica\",\"item\":\"https:\\\/\\\/radioljubuski.ba\\\/\"},{\"@type\":\"ListItem\",\"position\":2,\"name\":\"Sutra se obilje\u017eava 29. obljetnica zlo\u010dina na Stipi\u0107a livadi\"}]},{\"@type\":\"WebSite\",\"@id\":\"https:\\\/\\\/radioljubuski.ba\\\/#website\",\"url\":\"https:\\\/\\\/radioljubuski.ba\\\/\",\"name\":\"Radio Ljubu\u0161ki\",\"description\":\"Sun\u010dana frekvencija Hercegovine\",\"publisher\":{\"@id\":\"https:\\\/\\\/radioljubuski.ba\\\/#organization\"},\"potentialAction\":[{\"@type\":\"SearchAction\",\"target\":{\"@type\":\"EntryPoint\",\"urlTemplate\":\"https:\\\/\\\/radioljubuski.ba\\\/?s={search_term_string}\"},\"query-input\":{\"@type\":\"PropertyValueSpecification\",\"valueRequired\":true,\"valueName\":\"search_term_string\"}}],\"inLanguage\":\"hr\"},{\"@type\":\"Organization\",\"@id\":\"https:\\\/\\\/radioljubuski.ba\\\/#organization\",\"name\":\"Radio Ljubu\u0161ki\",\"url\":\"https:\\\/\\\/radioljubuski.ba\\\/\",\"logo\":{\"@type\":\"ImageObject\",\"inLanguage\":\"hr\",\"@id\":\"https:\\\/\\\/radioljubuski.ba\\\/#\\\/schema\\\/logo\\\/image\\\/\",\"url\":\"https:\\\/\\\/radioljubuski.ba\\\/wp-content\\\/uploads\\\/2021\\\/02\\\/cropped-Radio_Ljubuski_logo1.jpg\",\"contentUrl\":\"https:\\\/\\\/radioljubuski.ba\\\/wp-content\\\/uploads\\\/2021\\\/02\\\/cropped-Radio_Ljubuski_logo1.jpg\",\"width\":512,\"height\":512,\"caption\":\"Radio Ljubu\u0161ki\"},\"image\":{\"@id\":\"https:\\\/\\\/radioljubuski.ba\\\/#\\\/schema\\\/logo\\\/image\\\/\"},\"sameAs\":[\"https:\\\/\\\/www.facebook.com\\\/Radiio-Ljubuski-1490835324566332\",\"https:\\\/\\\/x.com\\\/radioljubuski\",\"https:\\\/\\\/hr.linkedin.com\\\/company\\\/radio-ljubuski\",\"https:\\\/\\\/www.youtube.com\\\/channel\\\/UCHYaeO_n0Db3tjNGudGpXyw\"]},{\"@type\":\"Person\",\"@id\":\"https:\\\/\\\/radioljubuski.ba\\\/#\\\/schema\\\/person\\\/19fc700381a780f69665d7956c469e3b\",\"name\":\"Radio Ljubu\u0161ki\"}]}<\/script>\n<!-- \/ Yoast SEO plugin. -->","yoast_head_json":{"title":"Sutra se obilje\u017eava 29. obljetnica zlo\u010dina na Stipi\u0107a livadi - RADIO LJUBU\u0160KI","robots":{"index":"index","follow":"follow","max-snippet":"max-snippet:-1","max-image-preview":"max-image-preview:large","max-video-preview":"max-video-preview:-1"},"canonical":"https:\/\/radioljubuski.ba\/index.php\/2022\/07\/27\/sutra-se-obiljezava-29-obljetnica-zlocina-na-stipica-livadi\/","og_locale":"hr_HR","og_type":"article","og_title":"Sutra se obilje\u017eava 29. obljetnica zlo\u010dina na Stipi\u0107a livadi - RADIO LJUBU\u0160KI","og_description":"&nbsp;U \u010detvrtak, 28. srpnja, bit \u0107e obilje\u017eena 29. obljetnica stradanja 39 hrvatskih civila i branitelja na Stipi\u0107a livadi, \u017eupa Doljani. Kako se navodi u najavi, u 9 sati i 30 minuta planirano je okupljanje sudionika.&nbsp; Polaganje cvije\u0107a i paljenje svije\u0107a bit \u0107e uprili\u010deno u 10 sati i 30 minuta, a misa u \u010dast poginulih slu\u017eit [&hellip;]","og_url":"https:\/\/radioljubuski.ba\/index.php\/2022\/07\/27\/sutra-se-obiljezava-29-obljetnica-zlocina-na-stipica-livadi\/","og_site_name":"RADIO LJUBU\u0160KI","article_publisher":"https:\/\/www.facebook.com\/Radiio-Ljubuski-1490835324566332","article_published_time":"2022-07-27T07:40:18+00:00","article_modified_time":"2022-07-27T07:40:20+00:00","og_image":[{"width":1024,"height":683,"url":"https:\/\/radioljubuski.ba\/wp-content\/uploads\/2022\/07\/l_ec91440bb28d5ebf99223135076c55c2.jpg","type":"image\/jpeg"}],"author":"Radio Ljubu\u0161ki","twitter_card":"summary_large_image","twitter_creator":"@radioljubuski","twitter_site":"@radioljubuski","twitter_misc":{"Napisao\/la":"Radio Ljubu\u0161ki","Procijenjeno vrijeme \u010ditanja":"1 minuta"},"schema":{"@context":"https:\/\/schema.org","@graph":[{"@type":"Article","@id":"https:\/\/radioljubuski.ba\/index.php\/2022\/07\/27\/sutra-se-obiljezava-29-obljetnica-zlocina-na-stipica-livadi\/#article","isPartOf":{"@id":"https:\/\/radioljubuski.ba\/index.php\/2022\/07\/27\/sutra-se-obiljezava-29-obljetnica-zlocina-na-stipica-livadi\/"},"author":{"name":"Radio Ljubu\u0161ki","@id":"https:\/\/radioljubuski.ba\/#\/schema\/person\/19fc700381a780f69665d7956c469e3b"},"headline":"Sutra se obilje\u017eava 29. obljetnica zlo\u010dina na Stipi\u0107a livadi","datePublished":"2022-07-27T07:40:18+00:00","dateModified":"2022-07-27T07:40:20+00:00","mainEntityOfPage":{"@id":"https:\/\/radioljubuski.ba\/index.php\/2022\/07\/27\/sutra-se-obiljezava-29-obljetnica-zlocina-na-stipica-livadi\/"},"wordCount":211,"publisher":{"@id":"https:\/\/radioljubuski.ba\/#organization"},"image":{"@id":"https:\/\/radioljubuski.ba\/index.php\/2022\/07\/27\/sutra-se-obiljezava-29-obljetnica-zlocina-na-stipica-livadi\/#primaryimage"},"thumbnailUrl":"https:\/\/radioljubuski.ba\/wp-content\/uploads\/2022\/07\/l_ec91440bb28d5ebf99223135076c55c2.jpg","articleSection":["BIH i regija"],"inLanguage":"hr"},{"@type":"WebPage","@id":"https:\/\/radioljubuski.ba\/index.php\/2022\/07\/27\/sutra-se-obiljezava-29-obljetnica-zlocina-na-stipica-livadi\/","url":"https:\/\/radioljubuski.ba\/index.php\/2022\/07\/27\/sutra-se-obiljezava-29-obljetnica-zlocina-na-stipica-livadi\/","name":"Sutra se obilje\u017eava 29. obljetnica zlo\u010dina na Stipi\u0107a livadi - RADIO LJUBU\u0160KI","isPartOf":{"@id":"https:\/\/radioljubuski.ba\/#website"},"primaryImageOfPage":{"@id":"https:\/\/radioljubuski.ba\/index.php\/2022\/07\/27\/sutra-se-obiljezava-29-obljetnica-zlocina-na-stipica-livadi\/#primaryimage"},"image":{"@id":"https:\/\/radioljubuski.ba\/index.php\/2022\/07\/27\/sutra-se-obiljezava-29-obljetnica-zlocina-na-stipica-livadi\/#primaryimage"},"thumbnailUrl":"https:\/\/radioljubuski.ba\/wp-content\/uploads\/2022\/07\/l_ec91440bb28d5ebf99223135076c55c2.jpg","datePublished":"2022-07-27T07:40:18+00:00","dateModified":"2022-07-27T07:40:20+00:00","breadcrumb":{"@id":"https:\/\/radioljubuski.ba\/index.php\/2022\/07\/27\/sutra-se-obiljezava-29-obljetnica-zlocina-na-stipica-livadi\/#breadcrumb"},"inLanguage":"hr","potentialAction":[{"@type":"ReadAction","target":["https:\/\/radioljubuski.ba\/index.php\/2022\/07\/27\/sutra-se-obiljezava-29-obljetnica-zlocina-na-stipica-livadi\/"]}]},{"@type":"ImageObject","inLanguage":"hr","@id":"https:\/\/radioljubuski.ba\/index.php\/2022\/07\/27\/sutra-se-obiljezava-29-obljetnica-zlocina-na-stipica-livadi\/#primaryimage","url":"https:\/\/radioljubuski.ba\/wp-content\/uploads\/2022\/07\/l_ec91440bb28d5ebf99223135076c55c2.jpg","contentUrl":"https:\/\/radioljubuski.ba\/wp-content\/uploads\/2022\/07\/l_ec91440bb28d5ebf99223135076c55c2.jpg","width":1024,"height":683},{"@type":"BreadcrumbList","@id":"https:\/\/radioljubuski.ba\/index.php\/2022\/07\/27\/sutra-se-obiljezava-29-obljetnica-zlocina-na-stipica-livadi\/#breadcrumb","itemListElement":[{"@type":"ListItem","position":1,"name":"Po\u010detna stranica","item":"https:\/\/radioljubuski.ba\/"},{"@type":"ListItem","position":2,"name":"Sutra se obilje\u017eava 29. obljetnica zlo\u010dina na Stipi\u0107a livadi"}]},{"@type":"WebSite","@id":"https:\/\/radioljubuski.ba\/#website","url":"https:\/\/radioljubuski.ba\/","name":"Radio Ljubu\u0161ki","description":"Sun\u010dana frekvencija Hercegovine","publisher":{"@id":"https:\/\/radioljubuski.ba\/#organization"},"potentialAction":[{"@type":"SearchAction","target":{"@type":"EntryPoint","urlTemplate":"https:\/\/radioljubuski.ba\/?s={search_term_string}"},"query-input":{"@type":"PropertyValueSpecification","valueRequired":true,"valueName":"search_term_string"}}],"inLanguage":"hr"},{"@type":"Organization","@id":"https:\/\/radioljubuski.ba\/#organization","name":"Radio Ljubu\u0161ki","url":"https:\/\/radioljubuski.ba\/","logo":{"@type":"ImageObject","inLanguage":"hr","@id":"https:\/\/radioljubuski.ba\/#\/schema\/logo\/image\/","url":"https:\/\/radioljubuski.ba\/wp-content\/uploads\/2021\/02\/cropped-Radio_Ljubuski_logo1.jpg","contentUrl":"https:\/\/radioljubuski.ba\/wp-content\/uploads\/2021\/02\/cropped-Radio_Ljubuski_logo1.jpg","width":512,"height":512,"caption":"Radio Ljubu\u0161ki"},"image":{"@id":"https:\/\/radioljubuski.ba\/#\/schema\/logo\/image\/"},"sameAs":["https:\/\/www.facebook.com\/Radiio-Ljubuski-1490835324566332","https:\/\/x.com\/radioljubuski","https:\/\/hr.linkedin.com\/company\/radio-ljubuski","https:\/\/www.youtube.com\/channel\/UCHYaeO_n0Db3tjNGudGpXyw"]},{"@type":"Person","@id":"https:\/\/radioljubuski.ba\/#\/schema\/person\/19fc700381a780f69665d7956c469e3b","name":"Radio Ljubu\u0161ki"}]}},"_links":{"self":[{"href":"https:\/\/radioljubuski.ba\/index.php\/wp-json\/wp\/v2\/posts\/163819","targetHints":{"allow":["GET"]}}],"collection":[{"href":"https:\/\/radioljubuski.ba\/index.php\/wp-json\/wp\/v2\/posts"}],"about":[{"href":"https:\/\/radioljubuski.ba\/index.php\/wp-json\/wp\/v2\/types\/post"}],"author":[{"embeddable":true,"href":"https:\/\/radioljubuski.ba\/index.php\/wp-json\/wp\/v2\/users\/2"}],"replies":[{"embeddable":true,"href":"https:\/\/radioljubuski.ba\/index.php\/wp-json\/wp\/v2\/comments?post=163819"}],"version-history":[{"count":1,"href":"https:\/\/radioljubuski.ba\/index.php\/wp-json\/wp\/v2\/posts\/163819\/revisions"}],"predecessor-version":[{"id":163823,"href":"https:\/\/radioljubuski.ba\/index.php\/wp-json\/wp\/v2\/posts\/163819\/revisions\/163823"}],"wp:featuredmedia":[{"embeddable":true,"href":"https:\/\/radioljubuski.ba\/index.php\/wp-json\/wp\/v2\/media\/163822"}],"wp:attachment":[{"href":"https:\/\/radioljubuski.ba\/index.php\/wp-json\/wp\/v2\/media?parent=163819"}],"wp:term":[{"taxonomy":"category","embeddable":true,"href":"https:\/\/radioljubuski.ba\/index.php\/wp-json\/wp\/v2\/categories?post=163819"},{"taxonomy":"post_tag","embeddable":true,"href":"https:\/\/radioljubuski.ba\/index.php\/wp-json\/wp\/v2\/tags?post=163819"}],"curies":[{"name":"wp","href":"https:\/\/api.w.org\/{rel}","templated":true}]}}