{"id":163846,"date":"2022-07-27T09:01:05","date_gmt":"2022-07-27T08:01:05","guid":{"rendered":"https:\/\/radioljubuski.ba\/?p=163846"},"modified":"2022-08-02T13:27:19","modified_gmt":"2022-08-02T12:27:19","slug":"milas-spremamo-manifestaciju-kusaj-ljubuska-vina-za-1-500-ljudi","status":"publish","type":"post","link":"https:\/\/radioljubuski.ba\/index.php\/2022\/07\/27\/milas-spremamo-manifestaciju-kusaj-ljubuska-vina-za-1-500-ljudi\/","title":{"rendered":"Milas: Spremamo manifestaciju &#8220;Ku\u0161aj ljubu\u0161ka vina&#8221; za 1.500 ljudi"},"content":{"rendered":"\n<p><strong>Udruga vinogradara i vinara Ljubu\u0161ki i ove godine organizira manifestaciju &#8220;Ku\u0161aj ljubu\u0161ka vina&#8221; koja \u0107e se odr\u017eati u \u010detvrtak i petak, 11. i 12. kolovoza, ispred restorana&nbsp;&#8220;Amfora&#8221;, na putu prema Me\u0111ugorju.&nbsp;<\/strong><\/p>\n\n\n\n<p>Prvog dana ovog vinskog eventa bit \u0107e&nbsp;organizirana&nbsp;stru\u010dna&nbsp;radionica, kojoj \u0107e nazo\u010diti gosti iz struke, potvrdio je za Agroklub, predsjednik ove udruge,&nbsp;<strong>Zdenko Milas.<\/strong><\/p>\n\n\n\n<p>&#8220;<em>Govorit \u0107emo o stanju vinogradarstva u Hercegovini, potom o gnojidbi u vinogradu, tehnolo\u0161kim procesima proizvodnje vina suvremenim na\u010dinom i sredstvima, a \u010detvrti&nbsp;dio \u0107e biti vezan uz vo\u0111eno ku\u0161anje&nbsp;vina uz asistenciju somelijera&nbsp;koje \u0107emo anga\u017eirati<\/em>&#8220;, rekao je prvi \u010dovjek ljubu\u0161kih vinara.&nbsp;<\/p>\n\n\n\n<p><strong>Koncept ku\u0161anja<\/strong><\/p>\n\n\n\n<p>U petak \u0107e ova manifestacija biti nastavljena u ve\u010dernjim satima dodjelom zahvalnica, a ovom prilikom \u0107e i svoja vina predstaviti&nbsp;<strong>osam ljubu\u0161kih vinarija&nbsp;<\/strong>na odvojenim \u0161tandovima:<\/p>\n\n\n\n<ul class=\"wp-block-list\"><li>Vinarija Bunti\u0107<\/li><li>Podrum Begi\u0107<\/li><li>Vinarija Maji\u0107<\/li><li>Vino Milas<\/li><li>Vinogradi Nui\u0107<\/li><li>Obiteljski podrum Su\u0161ac<\/li><li>Vinarija obitelji \u0160kegro<\/li><li>Vinarija Ke\u017ea<\/li><\/ul>\n\n\n\n<figure class=\"wp-block-image\"><img decoding=\"async\" src=\"https:\/\/cdn.agroklub.com\/upload\/images\/image\/kljv1.jpg#gallery-159\" alt=\"\"\/><\/figure>\n\n\n\n<p>Vina \u0107e biti izlo\u017eena za degustaciju \u0161irokom krugu posjetitelja, a o\u010dekuje se dolazak&nbsp;<strong>oko 1.500 ljudi.<\/strong>&nbsp;Koncept ku\u0161anja, kao i lani, baziran je na principu davanja kaucije za \u010da\u0161u te kupovinu bonovima od tri i pet maraka.<\/p>\n\n\n\n<p>&#8220;<em>Posjetiltelj kupuje suvenir \u010da\u0161u, i uz bonove jednu degustacijsku koli\u010dinu, zavisi od cijene samih vina, svako po svom izboru bira koja \u0107e konzumirati i komentirati<\/em>&#8220;, poja\u0161njava Milas.<\/p>\n\n\n\n<p><strong>Zdravo gro\u017e\u0111e<\/strong><\/p>\n\n\n\n<p>Prema rije\u010dima na\u0161eg sugovornika hercegova\u010dki vinogradi se trenutno dobro dr\u017ee. Kada je rije\u010d o su\u0161i, ona \u0107e utjecati na raniju berbu, a za kona\u010dne prognoze je jo\u0161 rano.<\/p>\n\n\n\n<p>&#8220;<em>Vinogradi su dosta zdravi, nema bolesti, to je mnogo va\u017eno. Mi radimo strogu zelenu rezidbu, smanjujemo urod , nastojimo dobiti na kvalitetu, uglavnom o\u010dekujem da \u0107e gro\u017e\u0111e biti zdravo i nadam se jako dobrom kvalitetu<\/em>&#8220;, rekao je Milas.<\/p>\n\n\n\n<p>Podsjetimo, vina iz Ljubu\u0161kog su i na ovogodi\u0161njem svjetskom natjecanju &#8220;Decanter&#8221; osvojili brojna priznanja, pa je ovo dobra prilika za upoznati se s nagra\u0111enima.<\/p>\n\n\n\n<p><strong>Izvor: Iks-portal.info<\/strong><\/p>\n","protected":false},"excerpt":{"rendered":"<p>Udruga vinogradara i vinara Ljubu\u0161ki i ove godine organizira manifestaciju &#8220;Ku\u0161aj ljubu\u0161ka vina&#8221; koja \u0107e se odr\u017eati u \u010detvrtak i petak, 11. i 12. kolovoza, ispred restorana&nbsp;&#8220;Amfora&#8221;, na putu prema Me\u0111ugorju.&nbsp; Prvog dana ovog vinskog eventa bit \u0107e&nbsp;organizirana&nbsp;stru\u010dna&nbsp;radionica, kojoj \u0107e nazo\u010diti gosti iz struke, potvrdio je za Agroklub, predsjednik ove udruge,&nbsp;Zdenko Milas. &#8220;Govorit \u0107emo o [&hellip;]<\/p>\n","protected":false},"author":2,"featured_media":163847,"comment_status":"closed","ping_status":"closed","sticky":false,"template":"","format":"standard","meta":{"h5ap_radio_sources":[],"footnotes":""},"categories":[3],"tags":[],"class_list":["post-163846","post","type-post","status-publish","format-standard","has-post-thumbnail","hentry","category-ljubuski"],"yoast_head":"<!-- This site is optimized with the Yoast SEO plugin v27.5 - https:\/\/yoast.com\/product\/yoast-seo-wordpress\/ -->\n<title>Milas: Spremamo manifestaciju &quot;Ku\u0161aj ljubu\u0161ka vina&quot; za 1.500 ljudi - RADIO LJUBU\u0160KI<\/title>\n<meta name=\"robots\" content=\"index, follow, max-snippet:-1, max-image-preview:large, max-video-preview:-1\" \/>\n<link rel=\"canonical\" href=\"https:\/\/radioljubuski.ba\/index.php\/2022\/07\/27\/milas-spremamo-manifestaciju-kusaj-ljubuska-vina-za-1-500-ljudi\/\" \/>\n<meta property=\"og:locale\" content=\"hr_HR\" \/>\n<meta property=\"og:type\" content=\"article\" \/>\n<meta property=\"og:title\" content=\"Milas: Spremamo manifestaciju &quot;Ku\u0161aj ljubu\u0161ka vina&quot; za 1.500 ljudi - RADIO LJUBU\u0160KI\" \/>\n<meta property=\"og:description\" content=\"Udruga vinogradara i vinara Ljubu\u0161ki i ove godine organizira manifestaciju &#8220;Ku\u0161aj ljubu\u0161ka vina&#8221; koja \u0107e se odr\u017eati u \u010detvrtak i petak, 11. i 12. kolovoza, ispred restorana&nbsp;&#8220;Amfora&#8221;, na putu prema Me\u0111ugorju.&nbsp; Prvog dana ovog vinskog eventa bit \u0107e&nbsp;organizirana&nbsp;stru\u010dna&nbsp;radionica, kojoj \u0107e nazo\u010diti gosti iz struke, potvrdio je za Agroklub, predsjednik ove udruge,&nbsp;Zdenko Milas. &#8220;Govorit \u0107emo o [&hellip;]\" \/>\n<meta property=\"og:url\" content=\"https:\/\/radioljubuski.ba\/index.php\/2022\/07\/27\/milas-spremamo-manifestaciju-kusaj-ljubuska-vina-za-1-500-ljudi\/\" \/>\n<meta property=\"og:site_name\" content=\"RADIO LJUBU\u0160KI\" \/>\n<meta property=\"article:publisher\" content=\"https:\/\/www.facebook.com\/Radiio-Ljubuski-1490835324566332\" \/>\n<meta property=\"article:published_time\" content=\"2022-07-27T08:01:05+00:00\" \/>\n<meta property=\"article:modified_time\" content=\"2022-08-02T12:27:19+00:00\" \/>\n<meta property=\"og:image\" content=\"https:\/\/radioljubuski.ba\/wp-content\/uploads\/2022\/07\/milas.jpg\" \/>\n\t<meta property=\"og:image:width\" content=\"1024\" \/>\n\t<meta property=\"og:image:height\" content=\"576\" \/>\n\t<meta property=\"og:image:type\" content=\"image\/jpeg\" \/>\n<meta name=\"author\" content=\"Radio Ljubu\u0161ki\" \/>\n<meta name=\"twitter:card\" content=\"summary_large_image\" \/>\n<meta name=\"twitter:creator\" content=\"@radioljubuski\" \/>\n<meta name=\"twitter:site\" content=\"@radioljubuski\" \/>\n<meta name=\"twitter:label1\" content=\"Napisao\/la\" \/>\n\t<meta name=\"twitter:data1\" content=\"Radio Ljubu\u0161ki\" \/>\n\t<meta name=\"twitter:label2\" content=\"Procijenjeno vrijeme \u010ditanja\" \/>\n\t<meta name=\"twitter:data2\" content=\"2 minute\" \/>\n<script type=\"application\/ld+json\" class=\"yoast-schema-graph\">{\"@context\":\"https:\\\/\\\/schema.org\",\"@graph\":[{\"@type\":\"Article\",\"@id\":\"https:\\\/\\\/radioljubuski.ba\\\/index.php\\\/2022\\\/07\\\/27\\\/milas-spremamo-manifestaciju-kusaj-ljubuska-vina-za-1-500-ljudi\\\/#article\",\"isPartOf\":{\"@id\":\"https:\\\/\\\/radioljubuski.ba\\\/index.php\\\/2022\\\/07\\\/27\\\/milas-spremamo-manifestaciju-kusaj-ljubuska-vina-za-1-500-ljudi\\\/\"},\"author\":{\"name\":\"Radio Ljubu\u0161ki\",\"@id\":\"https:\\\/\\\/radioljubuski.ba\\\/#\\\/schema\\\/person\\\/19fc700381a780f69665d7956c469e3b\"},\"headline\":\"Milas: Spremamo manifestaciju &#8220;Ku\u0161aj ljubu\u0161ka vina&#8221; za 1.500 ljudi\",\"datePublished\":\"2022-07-27T08:01:05+00:00\",\"dateModified\":\"2022-08-02T12:27:19+00:00\",\"mainEntityOfPage\":{\"@id\":\"https:\\\/\\\/radioljubuski.ba\\\/index.php\\\/2022\\\/07\\\/27\\\/milas-spremamo-manifestaciju-kusaj-ljubuska-vina-za-1-500-ljudi\\\/\"},\"wordCount\":362,\"publisher\":{\"@id\":\"https:\\\/\\\/radioljubuski.ba\\\/#organization\"},\"image\":{\"@id\":\"https:\\\/\\\/radioljubuski.ba\\\/index.php\\\/2022\\\/07\\\/27\\\/milas-spremamo-manifestaciju-kusaj-ljubuska-vina-za-1-500-ljudi\\\/#primaryimage\"},\"thumbnailUrl\":\"https:\\\/\\\/radioljubuski.ba\\\/wp-content\\\/uploads\\\/2022\\\/07\\\/milas.jpg\",\"articleSection\":[\"Ljubu\u0161ki\"],\"inLanguage\":\"hr\"},{\"@type\":\"WebPage\",\"@id\":\"https:\\\/\\\/radioljubuski.ba\\\/index.php\\\/2022\\\/07\\\/27\\\/milas-spremamo-manifestaciju-kusaj-ljubuska-vina-za-1-500-ljudi\\\/\",\"url\":\"https:\\\/\\\/radioljubuski.ba\\\/index.php\\\/2022\\\/07\\\/27\\\/milas-spremamo-manifestaciju-kusaj-ljubuska-vina-za-1-500-ljudi\\\/\",\"name\":\"Milas: Spremamo manifestaciju \\\"Ku\u0161aj ljubu\u0161ka vina\\\" za 1.500 ljudi - RADIO LJUBU\u0160KI\",\"isPartOf\":{\"@id\":\"https:\\\/\\\/radioljubuski.ba\\\/#website\"},\"primaryImageOfPage\":{\"@id\":\"https:\\\/\\\/radioljubuski.ba\\\/index.php\\\/2022\\\/07\\\/27\\\/milas-spremamo-manifestaciju-kusaj-ljubuska-vina-za-1-500-ljudi\\\/#primaryimage\"},\"image\":{\"@id\":\"https:\\\/\\\/radioljubuski.ba\\\/index.php\\\/2022\\\/07\\\/27\\\/milas-spremamo-manifestaciju-kusaj-ljubuska-vina-za-1-500-ljudi\\\/#primaryimage\"},\"thumbnailUrl\":\"https:\\\/\\\/radioljubuski.ba\\\/wp-content\\\/uploads\\\/2022\\\/07\\\/milas.jpg\",\"datePublished\":\"2022-07-27T08:01:05+00:00\",\"dateModified\":\"2022-08-02T12:27:19+00:00\",\"breadcrumb\":{\"@id\":\"https:\\\/\\\/radioljubuski.ba\\\/index.php\\\/2022\\\/07\\\/27\\\/milas-spremamo-manifestaciju-kusaj-ljubuska-vina-za-1-500-ljudi\\\/#breadcrumb\"},\"inLanguage\":\"hr\",\"potentialAction\":[{\"@type\":\"ReadAction\",\"target\":[\"https:\\\/\\\/radioljubuski.ba\\\/index.php\\\/2022\\\/07\\\/27\\\/milas-spremamo-manifestaciju-kusaj-ljubuska-vina-za-1-500-ljudi\\\/\"]}]},{\"@type\":\"ImageObject\",\"inLanguage\":\"hr\",\"@id\":\"https:\\\/\\\/radioljubuski.ba\\\/index.php\\\/2022\\\/07\\\/27\\\/milas-spremamo-manifestaciju-kusaj-ljubuska-vina-za-1-500-ljudi\\\/#primaryimage\",\"url\":\"https:\\\/\\\/radioljubuski.ba\\\/wp-content\\\/uploads\\\/2022\\\/07\\\/milas.jpg\",\"contentUrl\":\"https:\\\/\\\/radioljubuski.ba\\\/wp-content\\\/uploads\\\/2022\\\/07\\\/milas.jpg\",\"width\":1024,\"height\":576},{\"@type\":\"BreadcrumbList\",\"@id\":\"https:\\\/\\\/radioljubuski.ba\\\/index.php\\\/2022\\\/07\\\/27\\\/milas-spremamo-manifestaciju-kusaj-ljubuska-vina-za-1-500-ljudi\\\/#breadcrumb\",\"itemListElement\":[{\"@type\":\"ListItem\",\"position\":1,\"name\":\"Po\u010detna stranica\",\"item\":\"https:\\\/\\\/radioljubuski.ba\\\/\"},{\"@type\":\"ListItem\",\"position\":2,\"name\":\"Milas: Spremamo manifestaciju &#8220;Ku\u0161aj ljubu\u0161ka vina&#8221; za 1.500 ljudi\"}]},{\"@type\":\"WebSite\",\"@id\":\"https:\\\/\\\/radioljubuski.ba\\\/#website\",\"url\":\"https:\\\/\\\/radioljubuski.ba\\\/\",\"name\":\"Radio Ljubu\u0161ki\",\"description\":\"Sun\u010dana frekvencija Hercegovine\",\"publisher\":{\"@id\":\"https:\\\/\\\/radioljubuski.ba\\\/#organization\"},\"potentialAction\":[{\"@type\":\"SearchAction\",\"target\":{\"@type\":\"EntryPoint\",\"urlTemplate\":\"https:\\\/\\\/radioljubuski.ba\\\/?s={search_term_string}\"},\"query-input\":{\"@type\":\"PropertyValueSpecification\",\"valueRequired\":true,\"valueName\":\"search_term_string\"}}],\"inLanguage\":\"hr\"},{\"@type\":\"Organization\",\"@id\":\"https:\\\/\\\/radioljubuski.ba\\\/#organization\",\"name\":\"Radio Ljubu\u0161ki\",\"url\":\"https:\\\/\\\/radioljubuski.ba\\\/\",\"logo\":{\"@type\":\"ImageObject\",\"inLanguage\":\"hr\",\"@id\":\"https:\\\/\\\/radioljubuski.ba\\\/#\\\/schema\\\/logo\\\/image\\\/\",\"url\":\"https:\\\/\\\/radioljubuski.ba\\\/wp-content\\\/uploads\\\/2021\\\/02\\\/cropped-Radio_Ljubuski_logo1.jpg\",\"contentUrl\":\"https:\\\/\\\/radioljubuski.ba\\\/wp-content\\\/uploads\\\/2021\\\/02\\\/cropped-Radio_Ljubuski_logo1.jpg\",\"width\":512,\"height\":512,\"caption\":\"Radio Ljubu\u0161ki\"},\"image\":{\"@id\":\"https:\\\/\\\/radioljubuski.ba\\\/#\\\/schema\\\/logo\\\/image\\\/\"},\"sameAs\":[\"https:\\\/\\\/www.facebook.com\\\/Radiio-Ljubuski-1490835324566332\",\"https:\\\/\\\/x.com\\\/radioljubuski\",\"https:\\\/\\\/hr.linkedin.com\\\/company\\\/radio-ljubuski\",\"https:\\\/\\\/www.youtube.com\\\/channel\\\/UCHYaeO_n0Db3tjNGudGpXyw\"]},{\"@type\":\"Person\",\"@id\":\"https:\\\/\\\/radioljubuski.ba\\\/#\\\/schema\\\/person\\\/19fc700381a780f69665d7956c469e3b\",\"name\":\"Radio Ljubu\u0161ki\"}]}<\/script>\n<!-- \/ Yoast SEO plugin. -->","yoast_head_json":{"title":"Milas: Spremamo manifestaciju \"Ku\u0161aj ljubu\u0161ka vina\" za 1.500 ljudi - RADIO LJUBU\u0160KI","robots":{"index":"index","follow":"follow","max-snippet":"max-snippet:-1","max-image-preview":"max-image-preview:large","max-video-preview":"max-video-preview:-1"},"canonical":"https:\/\/radioljubuski.ba\/index.php\/2022\/07\/27\/milas-spremamo-manifestaciju-kusaj-ljubuska-vina-za-1-500-ljudi\/","og_locale":"hr_HR","og_type":"article","og_title":"Milas: Spremamo manifestaciju \"Ku\u0161aj ljubu\u0161ka vina\" za 1.500 ljudi - RADIO LJUBU\u0160KI","og_description":"Udruga vinogradara i vinara Ljubu\u0161ki i ove godine organizira manifestaciju &#8220;Ku\u0161aj ljubu\u0161ka vina&#8221; koja \u0107e se odr\u017eati u \u010detvrtak i petak, 11. i 12. kolovoza, ispred restorana&nbsp;&#8220;Amfora&#8221;, na putu prema Me\u0111ugorju.&nbsp; Prvog dana ovog vinskog eventa bit \u0107e&nbsp;organizirana&nbsp;stru\u010dna&nbsp;radionica, kojoj \u0107e nazo\u010diti gosti iz struke, potvrdio je za Agroklub, predsjednik ove udruge,&nbsp;Zdenko Milas. &#8220;Govorit \u0107emo o [&hellip;]","og_url":"https:\/\/radioljubuski.ba\/index.php\/2022\/07\/27\/milas-spremamo-manifestaciju-kusaj-ljubuska-vina-za-1-500-ljudi\/","og_site_name":"RADIO LJUBU\u0160KI","article_publisher":"https:\/\/www.facebook.com\/Radiio-Ljubuski-1490835324566332","article_published_time":"2022-07-27T08:01:05+00:00","article_modified_time":"2022-08-02T12:27:19+00:00","og_image":[{"width":1024,"height":576,"url":"https:\/\/radioljubuski.ba\/wp-content\/uploads\/2022\/07\/milas.jpg","type":"image\/jpeg"}],"author":"Radio Ljubu\u0161ki","twitter_card":"summary_large_image","twitter_creator":"@radioljubuski","twitter_site":"@radioljubuski","twitter_misc":{"Napisao\/la":"Radio Ljubu\u0161ki","Procijenjeno vrijeme \u010ditanja":"2 minute"},"schema":{"@context":"https:\/\/schema.org","@graph":[{"@type":"Article","@id":"https:\/\/radioljubuski.ba\/index.php\/2022\/07\/27\/milas-spremamo-manifestaciju-kusaj-ljubuska-vina-za-1-500-ljudi\/#article","isPartOf":{"@id":"https:\/\/radioljubuski.ba\/index.php\/2022\/07\/27\/milas-spremamo-manifestaciju-kusaj-ljubuska-vina-za-1-500-ljudi\/"},"author":{"name":"Radio Ljubu\u0161ki","@id":"https:\/\/radioljubuski.ba\/#\/schema\/person\/19fc700381a780f69665d7956c469e3b"},"headline":"Milas: Spremamo manifestaciju &#8220;Ku\u0161aj ljubu\u0161ka vina&#8221; za 1.500 ljudi","datePublished":"2022-07-27T08:01:05+00:00","dateModified":"2022-08-02T12:27:19+00:00","mainEntityOfPage":{"@id":"https:\/\/radioljubuski.ba\/index.php\/2022\/07\/27\/milas-spremamo-manifestaciju-kusaj-ljubuska-vina-za-1-500-ljudi\/"},"wordCount":362,"publisher":{"@id":"https:\/\/radioljubuski.ba\/#organization"},"image":{"@id":"https:\/\/radioljubuski.ba\/index.php\/2022\/07\/27\/milas-spremamo-manifestaciju-kusaj-ljubuska-vina-za-1-500-ljudi\/#primaryimage"},"thumbnailUrl":"https:\/\/radioljubuski.ba\/wp-content\/uploads\/2022\/07\/milas.jpg","articleSection":["Ljubu\u0161ki"],"inLanguage":"hr"},{"@type":"WebPage","@id":"https:\/\/radioljubuski.ba\/index.php\/2022\/07\/27\/milas-spremamo-manifestaciju-kusaj-ljubuska-vina-za-1-500-ljudi\/","url":"https:\/\/radioljubuski.ba\/index.php\/2022\/07\/27\/milas-spremamo-manifestaciju-kusaj-ljubuska-vina-za-1-500-ljudi\/","name":"Milas: Spremamo manifestaciju \"Ku\u0161aj ljubu\u0161ka vina\" za 1.500 ljudi - RADIO LJUBU\u0160KI","isPartOf":{"@id":"https:\/\/radioljubuski.ba\/#website"},"primaryImageOfPage":{"@id":"https:\/\/radioljubuski.ba\/index.php\/2022\/07\/27\/milas-spremamo-manifestaciju-kusaj-ljubuska-vina-za-1-500-ljudi\/#primaryimage"},"image":{"@id":"https:\/\/radioljubuski.ba\/index.php\/2022\/07\/27\/milas-spremamo-manifestaciju-kusaj-ljubuska-vina-za-1-500-ljudi\/#primaryimage"},"thumbnailUrl":"https:\/\/radioljubuski.ba\/wp-content\/uploads\/2022\/07\/milas.jpg","datePublished":"2022-07-27T08:01:05+00:00","dateModified":"2022-08-02T12:27:19+00:00","breadcrumb":{"@id":"https:\/\/radioljubuski.ba\/index.php\/2022\/07\/27\/milas-spremamo-manifestaciju-kusaj-ljubuska-vina-za-1-500-ljudi\/#breadcrumb"},"inLanguage":"hr","potentialAction":[{"@type":"ReadAction","target":["https:\/\/radioljubuski.ba\/index.php\/2022\/07\/27\/milas-spremamo-manifestaciju-kusaj-ljubuska-vina-za-1-500-ljudi\/"]}]},{"@type":"ImageObject","inLanguage":"hr","@id":"https:\/\/radioljubuski.ba\/index.php\/2022\/07\/27\/milas-spremamo-manifestaciju-kusaj-ljubuska-vina-za-1-500-ljudi\/#primaryimage","url":"https:\/\/radioljubuski.ba\/wp-content\/uploads\/2022\/07\/milas.jpg","contentUrl":"https:\/\/radioljubuski.ba\/wp-content\/uploads\/2022\/07\/milas.jpg","width":1024,"height":576},{"@type":"BreadcrumbList","@id":"https:\/\/radioljubuski.ba\/index.php\/2022\/07\/27\/milas-spremamo-manifestaciju-kusaj-ljubuska-vina-za-1-500-ljudi\/#breadcrumb","itemListElement":[{"@type":"ListItem","position":1,"name":"Po\u010detna stranica","item":"https:\/\/radioljubuski.ba\/"},{"@type":"ListItem","position":2,"name":"Milas: Spremamo manifestaciju &#8220;Ku\u0161aj ljubu\u0161ka vina&#8221; za 1.500 ljudi"}]},{"@type":"WebSite","@id":"https:\/\/radioljubuski.ba\/#website","url":"https:\/\/radioljubuski.ba\/","name":"Radio Ljubu\u0161ki","description":"Sun\u010dana frekvencija Hercegovine","publisher":{"@id":"https:\/\/radioljubuski.ba\/#organization"},"potentialAction":[{"@type":"SearchAction","target":{"@type":"EntryPoint","urlTemplate":"https:\/\/radioljubuski.ba\/?s={search_term_string}"},"query-input":{"@type":"PropertyValueSpecification","valueRequired":true,"valueName":"search_term_string"}}],"inLanguage":"hr"},{"@type":"Organization","@id":"https:\/\/radioljubuski.ba\/#organization","name":"Radio Ljubu\u0161ki","url":"https:\/\/radioljubuski.ba\/","logo":{"@type":"ImageObject","inLanguage":"hr","@id":"https:\/\/radioljubuski.ba\/#\/schema\/logo\/image\/","url":"https:\/\/radioljubuski.ba\/wp-content\/uploads\/2021\/02\/cropped-Radio_Ljubuski_logo1.jpg","contentUrl":"https:\/\/radioljubuski.ba\/wp-content\/uploads\/2021\/02\/cropped-Radio_Ljubuski_logo1.jpg","width":512,"height":512,"caption":"Radio Ljubu\u0161ki"},"image":{"@id":"https:\/\/radioljubuski.ba\/#\/schema\/logo\/image\/"},"sameAs":["https:\/\/www.facebook.com\/Radiio-Ljubuski-1490835324566332","https:\/\/x.com\/radioljubuski","https:\/\/hr.linkedin.com\/company\/radio-ljubuski","https:\/\/www.youtube.com\/channel\/UCHYaeO_n0Db3tjNGudGpXyw"]},{"@type":"Person","@id":"https:\/\/radioljubuski.ba\/#\/schema\/person\/19fc700381a780f69665d7956c469e3b","name":"Radio Ljubu\u0161ki"}]}},"_links":{"self":[{"href":"https:\/\/radioljubuski.ba\/index.php\/wp-json\/wp\/v2\/posts\/163846","targetHints":{"allow":["GET"]}}],"collection":[{"href":"https:\/\/radioljubuski.ba\/index.php\/wp-json\/wp\/v2\/posts"}],"about":[{"href":"https:\/\/radioljubuski.ba\/index.php\/wp-json\/wp\/v2\/types\/post"}],"author":[{"embeddable":true,"href":"https:\/\/radioljubuski.ba\/index.php\/wp-json\/wp\/v2\/users\/2"}],"replies":[{"embeddable":true,"href":"https:\/\/radioljubuski.ba\/index.php\/wp-json\/wp\/v2\/comments?post=163846"}],"version-history":[{"count":1,"href":"https:\/\/radioljubuski.ba\/index.php\/wp-json\/wp\/v2\/posts\/163846\/revisions"}],"predecessor-version":[{"id":163848,"href":"https:\/\/radioljubuski.ba\/index.php\/wp-json\/wp\/v2\/posts\/163846\/revisions\/163848"}],"wp:featuredmedia":[{"embeddable":true,"href":"https:\/\/radioljubuski.ba\/index.php\/wp-json\/wp\/v2\/media\/163847"}],"wp:attachment":[{"href":"https:\/\/radioljubuski.ba\/index.php\/wp-json\/wp\/v2\/media?parent=163846"}],"wp:term":[{"taxonomy":"category","embeddable":true,"href":"https:\/\/radioljubuski.ba\/index.php\/wp-json\/wp\/v2\/categories?post=163846"},{"taxonomy":"post_tag","embeddable":true,"href":"https:\/\/radioljubuski.ba\/index.php\/wp-json\/wp\/v2\/tags?post=163846"}],"curies":[{"name":"wp","href":"https:\/\/api.w.org\/{rel}","templated":true}]}}