{"id":163857,"date":"2022-07-27T09:12:04","date_gmt":"2022-07-27T08:12:04","guid":{"rendered":"https:\/\/radioljubuski.ba\/?p=163857"},"modified":"2022-07-27T09:12:05","modified_gmt":"2022-07-27T08:12:05","slug":"otvoren-peljeski-most-hc-ljudi-staju-na-mostu-da-bi-slikali-to-je-iznimno-opasno","status":"publish","type":"post","link":"https:\/\/radioljubuski.ba\/index.php\/2022\/07\/27\/otvoren-peljeski-most-hc-ljudi-staju-na-mostu-da-bi-slikali-to-je-iznimno-opasno\/","title":{"rendered":"Otvoren Pelje\u0161ki most. HC: Ljudi staju na mostu da bi slikali, to je iznimno opasno"},"content":{"rendered":"\n<p>Pelje\u0161ki most otvoren je za promet u oba smjera.<\/p>\n\n\n\n<p>Slavi\u0161a Babi\u0107, voditelj Odjela za promet HC-a, u razgovoru za N1 ka\u017ee kako je mostom pro\u0161lo ve\u0107 oko 1500 vozila, a 500 samo u posljednjih sat vremena. Prema njegovim rije\u010dima, dio putnika je vjerojatno samo radoznao i \u017eeli vidjeti most, ali &#8220;\u010dak i nije puno&#8221; prometa, ka\u017ee, obja\u0161njavaju\u0107i da po dr\u017eavnoj cesti D8 ljeti vozi i preko 15 tisu\u0107a vozila prema Neumu.<\/p>\n\n\n\n<p>&#8220;O\u010dekujem danas 10-ak tisu\u0107a vozila, ali udarni vikend je pred nama, mo\u017eda i 12 do 15 tisu\u0107a vozila za vikend&#8221;, ka\u017ee.<\/p>\n\n\n\n<p>Ima i upozorenje za voza\u010de i pje\u0161ake.<\/p>\n\n\n\n<p>&#8220;Sve je novo. Ljudi se tek snalaze, posebno voza\u010di. Neki, na\u017ealost, koriste i zaustavnu traku za kretanje. Apeliram da je ne koriste. Neki staju da bi se fotografirali, to je iznimno opasno. Ljudi koriste most za pje\u0161a\u010denje. Moram re\u0107i da je most namijenjen isklju\u010divo za motorna vozila, ne za pje\u0161ake ni za bicikliste&#8221;, ka\u017ee Babi\u0107.<\/p>\n\n\n\n<p>Dodaje i da je trenutno zabranjen dio prometa za teretna vozila. Ipak, sva teretna vozila preko 7.5 t koja imaju isporuke na Pelje\u0161cu, Kor\u010duli mogu prometovati i mostom i pristupnim cestama, ali ona koja su samo u tranzitu ne mogu. Babi\u0107 je apelirao na voza\u010de i da po\u0161tuju ograni\u010denje brzine.<\/p>\n\n\n\n<h3 class=\"wp-block-heading\">Pao promet na granici s BiH kod Neuma<\/h3>\n\n\n\n<p>Na\u010delnik postaja grani\u010dne policije Metkovi\u0107&nbsp;Jurica Volarevi\u0107 za N1 je kazao da je promet preko grani\u010dnog prijelaza Klek u zna\u010dajnom padu. &#8220;Promet je od trenutka otvaranja mosta pao za 50-ak posto. Dosad je preko granice pre\u0161lo oko 1.200 putnika i 600 vozila&#8221;, ka\u017ee Volarevi\u0107.<\/p>\n\n\n\n<p>&#8220;Svi znaju da je most otvoren, postoje i znakovi koji preusmjeravaju promet na most, nemamo ne\u0161to upita&#8221;, govori. \u0160to se ti\u010de teretnih vozila, on ka\u017ee kako ne o\u010dekuju gu\u017evu na grani\u010dnom prijelazu. Policija radi kao i dosada, a promet \u0107e sigurno pasti i grani\u010dni prijelaz \u0107e se raseretiti, ka\u017ee Volarevi\u0107.<\/p>\n\n\n\n<h3 class=\"wp-block-heading\">Bo\u017einovi\u0107: Na otvorenju Pelje\u0161kog mosta bilo do 5000 ljudi, pro\u0161lo je bez problema<\/h3>\n\n\n\n<p>Ministar unutarnjih poslova Davor Bo\u017einovi\u0107 rekao je kako je sve\u010danosti otvorenja Pelje\u0161kog mosta nazo\u010dilo izme\u0111u \u010detiri i pet tisu\u0107a ljudi, a nije zabilje\u017een ni jedan sigurnosni problem.<\/p>\n\n\n\n<p>&#8220;Na otvaranju Pelje\u0161kog mosta anga\u017eirano je 300-tinjak policijskih slu\u017ebenika iz svih rodova policije. Po procjeni policijskog Sto\u017eera, sve\u010danosti je nazo\u010dilo izme\u0111u 4 do 5 tisu\u0107a ljudi, a nije zabilje\u017een ni jedan sigurnosni problem&#8221;, izvijestio je Bo\u017einovi\u0107 na Twitteru. Policiji je uputio pohvale, a gra\u0111anima zahvalu.&nbsp;<\/p>\n\n\n\n<p>Pelje\u0161ki most, jedan od najve\u0107ih projekata u EU-u i najve\u0107i u Hrvatskoj koji je financiran sredstvima Europske unije, sve\u010dano je otvoren u utorak nave\u010der, a redovan promet u oba smjera preko mosta koji povezuje jug Hrvatske s ostatkom dr\u017eave krenuo je u pono\u0107.\u00a0<\/p>\n\n\n\n<p>Izvor: <strong>Index.hr<\/strong><\/p>\n","protected":false},"excerpt":{"rendered":"<p>Pelje\u0161ki most otvoren je za promet u oba smjera. Slavi\u0161a Babi\u0107, voditelj Odjela za promet HC-a, u razgovoru za N1 ka\u017ee kako je mostom pro\u0161lo ve\u0107 oko 1500 vozila, a 500 samo u posljednjih sat vremena. Prema njegovim rije\u010dima, dio putnika je vjerojatno samo radoznao i \u017eeli vidjeti most, ali &#8220;\u010dak i nije puno&#8221; prometa, [&hellip;]<\/p>\n","protected":false},"author":2,"featured_media":155417,"comment_status":"closed","ping_status":"closed","sticky":false,"template":"","format":"standard","meta":{"h5ap_radio_sources":[],"footnotes":""},"categories":[1],"tags":[],"class_list":["post-163857","post","type-post","status-publish","format-standard","has-post-thumbnail","hentry","category-bihiregija"],"yoast_head":"<!-- This site is optimized with the Yoast SEO plugin v27.5 - https:\/\/yoast.com\/product\/yoast-seo-wordpress\/ -->\n<title>Otvoren Pelje\u0161ki most. HC: Ljudi staju na mostu da bi slikali, to je iznimno opasno - RADIO LJUBU\u0160KI<\/title>\n<meta name=\"robots\" content=\"index, follow, max-snippet:-1, max-image-preview:large, max-video-preview:-1\" \/>\n<link rel=\"canonical\" href=\"https:\/\/radioljubuski.ba\/index.php\/2022\/07\/27\/otvoren-peljeski-most-hc-ljudi-staju-na-mostu-da-bi-slikali-to-je-iznimno-opasno\/\" \/>\n<meta property=\"og:locale\" content=\"hr_HR\" \/>\n<meta property=\"og:type\" content=\"article\" \/>\n<meta property=\"og:title\" content=\"Otvoren Pelje\u0161ki most. HC: Ljudi staju na mostu da bi slikali, to je iznimno opasno - RADIO LJUBU\u0160KI\" \/>\n<meta property=\"og:description\" content=\"Pelje\u0161ki most otvoren je za promet u oba smjera. Slavi\u0161a Babi\u0107, voditelj Odjela za promet HC-a, u razgovoru za N1 ka\u017ee kako je mostom pro\u0161lo ve\u0107 oko 1500 vozila, a 500 samo u posljednjih sat vremena. Prema njegovim rije\u010dima, dio putnika je vjerojatno samo radoznao i \u017eeli vidjeti most, ali &#8220;\u010dak i nije puno&#8221; prometa, [&hellip;]\" \/>\n<meta property=\"og:url\" content=\"https:\/\/radioljubuski.ba\/index.php\/2022\/07\/27\/otvoren-peljeski-most-hc-ljudi-staju-na-mostu-da-bi-slikali-to-je-iznimno-opasno\/\" \/>\n<meta property=\"og:site_name\" content=\"RADIO LJUBU\u0160KI\" \/>\n<meta property=\"article:publisher\" content=\"https:\/\/www.facebook.com\/Radiio-Ljubuski-1490835324566332\" \/>\n<meta property=\"article:published_time\" content=\"2022-07-27T08:12:04+00:00\" \/>\n<meta property=\"article:modified_time\" content=\"2022-07-27T08:12:05+00:00\" \/>\n<meta property=\"og:image\" content=\"https:\/\/radioljubuski.ba\/wp-content\/uploads\/2022\/07\/peljeski.jpg\" \/>\n\t<meta property=\"og:image:width\" content=\"1000\" \/>\n\t<meta property=\"og:image:height\" content=\"625\" \/>\n\t<meta property=\"og:image:type\" content=\"image\/jpeg\" \/>\n<meta name=\"author\" content=\"Radio Ljubu\u0161ki\" \/>\n<meta name=\"twitter:card\" content=\"summary_large_image\" \/>\n<meta name=\"twitter:creator\" content=\"@radioljubuski\" \/>\n<meta name=\"twitter:site\" content=\"@radioljubuski\" \/>\n<meta name=\"twitter:label1\" content=\"Napisao\/la\" \/>\n\t<meta name=\"twitter:data1\" content=\"Radio Ljubu\u0161ki\" \/>\n\t<meta name=\"twitter:label2\" content=\"Procijenjeno vrijeme \u010ditanja\" \/>\n\t<meta name=\"twitter:data2\" content=\"2 minute\" \/>\n<script type=\"application\/ld+json\" class=\"yoast-schema-graph\">{\"@context\":\"https:\\\/\\\/schema.org\",\"@graph\":[{\"@type\":\"Article\",\"@id\":\"https:\\\/\\\/radioljubuski.ba\\\/index.php\\\/2022\\\/07\\\/27\\\/otvoren-peljeski-most-hc-ljudi-staju-na-mostu-da-bi-slikali-to-je-iznimno-opasno\\\/#article\",\"isPartOf\":{\"@id\":\"https:\\\/\\\/radioljubuski.ba\\\/index.php\\\/2022\\\/07\\\/27\\\/otvoren-peljeski-most-hc-ljudi-staju-na-mostu-da-bi-slikali-to-je-iznimno-opasno\\\/\"},\"author\":{\"name\":\"Radio Ljubu\u0161ki\",\"@id\":\"https:\\\/\\\/radioljubuski.ba\\\/#\\\/schema\\\/person\\\/19fc700381a780f69665d7956c469e3b\"},\"headline\":\"Otvoren Pelje\u0161ki most. HC: Ljudi staju na mostu da bi slikali, to je iznimno opasno\",\"datePublished\":\"2022-07-27T08:12:04+00:00\",\"dateModified\":\"2022-07-27T08:12:05+00:00\",\"mainEntityOfPage\":{\"@id\":\"https:\\\/\\\/radioljubuski.ba\\\/index.php\\\/2022\\\/07\\\/27\\\/otvoren-peljeski-most-hc-ljudi-staju-na-mostu-da-bi-slikali-to-je-iznimno-opasno\\\/\"},\"wordCount\":515,\"publisher\":{\"@id\":\"https:\\\/\\\/radioljubuski.ba\\\/#organization\"},\"image\":{\"@id\":\"https:\\\/\\\/radioljubuski.ba\\\/index.php\\\/2022\\\/07\\\/27\\\/otvoren-peljeski-most-hc-ljudi-staju-na-mostu-da-bi-slikali-to-je-iznimno-opasno\\\/#primaryimage\"},\"thumbnailUrl\":\"https:\\\/\\\/radioljubuski.ba\\\/wp-content\\\/uploads\\\/2022\\\/07\\\/peljeski.jpg\",\"articleSection\":[\"BIH i regija\"],\"inLanguage\":\"hr\"},{\"@type\":\"WebPage\",\"@id\":\"https:\\\/\\\/radioljubuski.ba\\\/index.php\\\/2022\\\/07\\\/27\\\/otvoren-peljeski-most-hc-ljudi-staju-na-mostu-da-bi-slikali-to-je-iznimno-opasno\\\/\",\"url\":\"https:\\\/\\\/radioljubuski.ba\\\/index.php\\\/2022\\\/07\\\/27\\\/otvoren-peljeski-most-hc-ljudi-staju-na-mostu-da-bi-slikali-to-je-iznimno-opasno\\\/\",\"name\":\"Otvoren Pelje\u0161ki most. HC: Ljudi staju na mostu da bi slikali, to je iznimno opasno - RADIO LJUBU\u0160KI\",\"isPartOf\":{\"@id\":\"https:\\\/\\\/radioljubuski.ba\\\/#website\"},\"primaryImageOfPage\":{\"@id\":\"https:\\\/\\\/radioljubuski.ba\\\/index.php\\\/2022\\\/07\\\/27\\\/otvoren-peljeski-most-hc-ljudi-staju-na-mostu-da-bi-slikali-to-je-iznimno-opasno\\\/#primaryimage\"},\"image\":{\"@id\":\"https:\\\/\\\/radioljubuski.ba\\\/index.php\\\/2022\\\/07\\\/27\\\/otvoren-peljeski-most-hc-ljudi-staju-na-mostu-da-bi-slikali-to-je-iznimno-opasno\\\/#primaryimage\"},\"thumbnailUrl\":\"https:\\\/\\\/radioljubuski.ba\\\/wp-content\\\/uploads\\\/2022\\\/07\\\/peljeski.jpg\",\"datePublished\":\"2022-07-27T08:12:04+00:00\",\"dateModified\":\"2022-07-27T08:12:05+00:00\",\"breadcrumb\":{\"@id\":\"https:\\\/\\\/radioljubuski.ba\\\/index.php\\\/2022\\\/07\\\/27\\\/otvoren-peljeski-most-hc-ljudi-staju-na-mostu-da-bi-slikali-to-je-iznimno-opasno\\\/#breadcrumb\"},\"inLanguage\":\"hr\",\"potentialAction\":[{\"@type\":\"ReadAction\",\"target\":[\"https:\\\/\\\/radioljubuski.ba\\\/index.php\\\/2022\\\/07\\\/27\\\/otvoren-peljeski-most-hc-ljudi-staju-na-mostu-da-bi-slikali-to-je-iznimno-opasno\\\/\"]}]},{\"@type\":\"ImageObject\",\"inLanguage\":\"hr\",\"@id\":\"https:\\\/\\\/radioljubuski.ba\\\/index.php\\\/2022\\\/07\\\/27\\\/otvoren-peljeski-most-hc-ljudi-staju-na-mostu-da-bi-slikali-to-je-iznimno-opasno\\\/#primaryimage\",\"url\":\"https:\\\/\\\/radioljubuski.ba\\\/wp-content\\\/uploads\\\/2022\\\/07\\\/peljeski.jpg\",\"contentUrl\":\"https:\\\/\\\/radioljubuski.ba\\\/wp-content\\\/uploads\\\/2022\\\/07\\\/peljeski.jpg\",\"width\":1000,\"height\":625},{\"@type\":\"BreadcrumbList\",\"@id\":\"https:\\\/\\\/radioljubuski.ba\\\/index.php\\\/2022\\\/07\\\/27\\\/otvoren-peljeski-most-hc-ljudi-staju-na-mostu-da-bi-slikali-to-je-iznimno-opasno\\\/#breadcrumb\",\"itemListElement\":[{\"@type\":\"ListItem\",\"position\":1,\"name\":\"Po\u010detna stranica\",\"item\":\"https:\\\/\\\/radioljubuski.ba\\\/\"},{\"@type\":\"ListItem\",\"position\":2,\"name\":\"Otvoren Pelje\u0161ki most. HC: Ljudi staju na mostu da bi slikali, to je iznimno opasno\"}]},{\"@type\":\"WebSite\",\"@id\":\"https:\\\/\\\/radioljubuski.ba\\\/#website\",\"url\":\"https:\\\/\\\/radioljubuski.ba\\\/\",\"name\":\"Radio Ljubu\u0161ki\",\"description\":\"Sun\u010dana frekvencija Hercegovine\",\"publisher\":{\"@id\":\"https:\\\/\\\/radioljubuski.ba\\\/#organization\"},\"potentialAction\":[{\"@type\":\"SearchAction\",\"target\":{\"@type\":\"EntryPoint\",\"urlTemplate\":\"https:\\\/\\\/radioljubuski.ba\\\/?s={search_term_string}\"},\"query-input\":{\"@type\":\"PropertyValueSpecification\",\"valueRequired\":true,\"valueName\":\"search_term_string\"}}],\"inLanguage\":\"hr\"},{\"@type\":\"Organization\",\"@id\":\"https:\\\/\\\/radioljubuski.ba\\\/#organization\",\"name\":\"Radio Ljubu\u0161ki\",\"url\":\"https:\\\/\\\/radioljubuski.ba\\\/\",\"logo\":{\"@type\":\"ImageObject\",\"inLanguage\":\"hr\",\"@id\":\"https:\\\/\\\/radioljubuski.ba\\\/#\\\/schema\\\/logo\\\/image\\\/\",\"url\":\"https:\\\/\\\/radioljubuski.ba\\\/wp-content\\\/uploads\\\/2021\\\/02\\\/cropped-Radio_Ljubuski_logo1.jpg\",\"contentUrl\":\"https:\\\/\\\/radioljubuski.ba\\\/wp-content\\\/uploads\\\/2021\\\/02\\\/cropped-Radio_Ljubuski_logo1.jpg\",\"width\":512,\"height\":512,\"caption\":\"Radio Ljubu\u0161ki\"},\"image\":{\"@id\":\"https:\\\/\\\/radioljubuski.ba\\\/#\\\/schema\\\/logo\\\/image\\\/\"},\"sameAs\":[\"https:\\\/\\\/www.facebook.com\\\/Radiio-Ljubuski-1490835324566332\",\"https:\\\/\\\/x.com\\\/radioljubuski\",\"https:\\\/\\\/hr.linkedin.com\\\/company\\\/radio-ljubuski\",\"https:\\\/\\\/www.youtube.com\\\/channel\\\/UCHYaeO_n0Db3tjNGudGpXyw\"]},{\"@type\":\"Person\",\"@id\":\"https:\\\/\\\/radioljubuski.ba\\\/#\\\/schema\\\/person\\\/19fc700381a780f69665d7956c469e3b\",\"name\":\"Radio Ljubu\u0161ki\"}]}<\/script>\n<!-- \/ Yoast SEO plugin. -->","yoast_head_json":{"title":"Otvoren Pelje\u0161ki most. HC: Ljudi staju na mostu da bi slikali, to je iznimno opasno - RADIO LJUBU\u0160KI","robots":{"index":"index","follow":"follow","max-snippet":"max-snippet:-1","max-image-preview":"max-image-preview:large","max-video-preview":"max-video-preview:-1"},"canonical":"https:\/\/radioljubuski.ba\/index.php\/2022\/07\/27\/otvoren-peljeski-most-hc-ljudi-staju-na-mostu-da-bi-slikali-to-je-iznimno-opasno\/","og_locale":"hr_HR","og_type":"article","og_title":"Otvoren Pelje\u0161ki most. HC: Ljudi staju na mostu da bi slikali, to je iznimno opasno - RADIO LJUBU\u0160KI","og_description":"Pelje\u0161ki most otvoren je za promet u oba smjera. Slavi\u0161a Babi\u0107, voditelj Odjela za promet HC-a, u razgovoru za N1 ka\u017ee kako je mostom pro\u0161lo ve\u0107 oko 1500 vozila, a 500 samo u posljednjih sat vremena. Prema njegovim rije\u010dima, dio putnika je vjerojatno samo radoznao i \u017eeli vidjeti most, ali &#8220;\u010dak i nije puno&#8221; prometa, [&hellip;]","og_url":"https:\/\/radioljubuski.ba\/index.php\/2022\/07\/27\/otvoren-peljeski-most-hc-ljudi-staju-na-mostu-da-bi-slikali-to-je-iznimno-opasno\/","og_site_name":"RADIO LJUBU\u0160KI","article_publisher":"https:\/\/www.facebook.com\/Radiio-Ljubuski-1490835324566332","article_published_time":"2022-07-27T08:12:04+00:00","article_modified_time":"2022-07-27T08:12:05+00:00","og_image":[{"width":1000,"height":625,"url":"https:\/\/radioljubuski.ba\/wp-content\/uploads\/2022\/07\/peljeski.jpg","type":"image\/jpeg"}],"author":"Radio Ljubu\u0161ki","twitter_card":"summary_large_image","twitter_creator":"@radioljubuski","twitter_site":"@radioljubuski","twitter_misc":{"Napisao\/la":"Radio Ljubu\u0161ki","Procijenjeno vrijeme \u010ditanja":"2 minute"},"schema":{"@context":"https:\/\/schema.org","@graph":[{"@type":"Article","@id":"https:\/\/radioljubuski.ba\/index.php\/2022\/07\/27\/otvoren-peljeski-most-hc-ljudi-staju-na-mostu-da-bi-slikali-to-je-iznimno-opasno\/#article","isPartOf":{"@id":"https:\/\/radioljubuski.ba\/index.php\/2022\/07\/27\/otvoren-peljeski-most-hc-ljudi-staju-na-mostu-da-bi-slikali-to-je-iznimno-opasno\/"},"author":{"name":"Radio Ljubu\u0161ki","@id":"https:\/\/radioljubuski.ba\/#\/schema\/person\/19fc700381a780f69665d7956c469e3b"},"headline":"Otvoren Pelje\u0161ki most. HC: Ljudi staju na mostu da bi slikali, to je iznimno opasno","datePublished":"2022-07-27T08:12:04+00:00","dateModified":"2022-07-27T08:12:05+00:00","mainEntityOfPage":{"@id":"https:\/\/radioljubuski.ba\/index.php\/2022\/07\/27\/otvoren-peljeski-most-hc-ljudi-staju-na-mostu-da-bi-slikali-to-je-iznimno-opasno\/"},"wordCount":515,"publisher":{"@id":"https:\/\/radioljubuski.ba\/#organization"},"image":{"@id":"https:\/\/radioljubuski.ba\/index.php\/2022\/07\/27\/otvoren-peljeski-most-hc-ljudi-staju-na-mostu-da-bi-slikali-to-je-iznimno-opasno\/#primaryimage"},"thumbnailUrl":"https:\/\/radioljubuski.ba\/wp-content\/uploads\/2022\/07\/peljeski.jpg","articleSection":["BIH i regija"],"inLanguage":"hr"},{"@type":"WebPage","@id":"https:\/\/radioljubuski.ba\/index.php\/2022\/07\/27\/otvoren-peljeski-most-hc-ljudi-staju-na-mostu-da-bi-slikali-to-je-iznimno-opasno\/","url":"https:\/\/radioljubuski.ba\/index.php\/2022\/07\/27\/otvoren-peljeski-most-hc-ljudi-staju-na-mostu-da-bi-slikali-to-je-iznimno-opasno\/","name":"Otvoren Pelje\u0161ki most. HC: Ljudi staju na mostu da bi slikali, to je iznimno opasno - RADIO LJUBU\u0160KI","isPartOf":{"@id":"https:\/\/radioljubuski.ba\/#website"},"primaryImageOfPage":{"@id":"https:\/\/radioljubuski.ba\/index.php\/2022\/07\/27\/otvoren-peljeski-most-hc-ljudi-staju-na-mostu-da-bi-slikali-to-je-iznimno-opasno\/#primaryimage"},"image":{"@id":"https:\/\/radioljubuski.ba\/index.php\/2022\/07\/27\/otvoren-peljeski-most-hc-ljudi-staju-na-mostu-da-bi-slikali-to-je-iznimno-opasno\/#primaryimage"},"thumbnailUrl":"https:\/\/radioljubuski.ba\/wp-content\/uploads\/2022\/07\/peljeski.jpg","datePublished":"2022-07-27T08:12:04+00:00","dateModified":"2022-07-27T08:12:05+00:00","breadcrumb":{"@id":"https:\/\/radioljubuski.ba\/index.php\/2022\/07\/27\/otvoren-peljeski-most-hc-ljudi-staju-na-mostu-da-bi-slikali-to-je-iznimno-opasno\/#breadcrumb"},"inLanguage":"hr","potentialAction":[{"@type":"ReadAction","target":["https:\/\/radioljubuski.ba\/index.php\/2022\/07\/27\/otvoren-peljeski-most-hc-ljudi-staju-na-mostu-da-bi-slikali-to-je-iznimno-opasno\/"]}]},{"@type":"ImageObject","inLanguage":"hr","@id":"https:\/\/radioljubuski.ba\/index.php\/2022\/07\/27\/otvoren-peljeski-most-hc-ljudi-staju-na-mostu-da-bi-slikali-to-je-iznimno-opasno\/#primaryimage","url":"https:\/\/radioljubuski.ba\/wp-content\/uploads\/2022\/07\/peljeski.jpg","contentUrl":"https:\/\/radioljubuski.ba\/wp-content\/uploads\/2022\/07\/peljeski.jpg","width":1000,"height":625},{"@type":"BreadcrumbList","@id":"https:\/\/radioljubuski.ba\/index.php\/2022\/07\/27\/otvoren-peljeski-most-hc-ljudi-staju-na-mostu-da-bi-slikali-to-je-iznimno-opasno\/#breadcrumb","itemListElement":[{"@type":"ListItem","position":1,"name":"Po\u010detna stranica","item":"https:\/\/radioljubuski.ba\/"},{"@type":"ListItem","position":2,"name":"Otvoren Pelje\u0161ki most. HC: Ljudi staju na mostu da bi slikali, to je iznimno opasno"}]},{"@type":"WebSite","@id":"https:\/\/radioljubuski.ba\/#website","url":"https:\/\/radioljubuski.ba\/","name":"Radio Ljubu\u0161ki","description":"Sun\u010dana frekvencija Hercegovine","publisher":{"@id":"https:\/\/radioljubuski.ba\/#organization"},"potentialAction":[{"@type":"SearchAction","target":{"@type":"EntryPoint","urlTemplate":"https:\/\/radioljubuski.ba\/?s={search_term_string}"},"query-input":{"@type":"PropertyValueSpecification","valueRequired":true,"valueName":"search_term_string"}}],"inLanguage":"hr"},{"@type":"Organization","@id":"https:\/\/radioljubuski.ba\/#organization","name":"Radio Ljubu\u0161ki","url":"https:\/\/radioljubuski.ba\/","logo":{"@type":"ImageObject","inLanguage":"hr","@id":"https:\/\/radioljubuski.ba\/#\/schema\/logo\/image\/","url":"https:\/\/radioljubuski.ba\/wp-content\/uploads\/2021\/02\/cropped-Radio_Ljubuski_logo1.jpg","contentUrl":"https:\/\/radioljubuski.ba\/wp-content\/uploads\/2021\/02\/cropped-Radio_Ljubuski_logo1.jpg","width":512,"height":512,"caption":"Radio Ljubu\u0161ki"},"image":{"@id":"https:\/\/radioljubuski.ba\/#\/schema\/logo\/image\/"},"sameAs":["https:\/\/www.facebook.com\/Radiio-Ljubuski-1490835324566332","https:\/\/x.com\/radioljubuski","https:\/\/hr.linkedin.com\/company\/radio-ljubuski","https:\/\/www.youtube.com\/channel\/UCHYaeO_n0Db3tjNGudGpXyw"]},{"@type":"Person","@id":"https:\/\/radioljubuski.ba\/#\/schema\/person\/19fc700381a780f69665d7956c469e3b","name":"Radio Ljubu\u0161ki"}]}},"_links":{"self":[{"href":"https:\/\/radioljubuski.ba\/index.php\/wp-json\/wp\/v2\/posts\/163857","targetHints":{"allow":["GET"]}}],"collection":[{"href":"https:\/\/radioljubuski.ba\/index.php\/wp-json\/wp\/v2\/posts"}],"about":[{"href":"https:\/\/radioljubuski.ba\/index.php\/wp-json\/wp\/v2\/types\/post"}],"author":[{"embeddable":true,"href":"https:\/\/radioljubuski.ba\/index.php\/wp-json\/wp\/v2\/users\/2"}],"replies":[{"embeddable":true,"href":"https:\/\/radioljubuski.ba\/index.php\/wp-json\/wp\/v2\/comments?post=163857"}],"version-history":[{"count":1,"href":"https:\/\/radioljubuski.ba\/index.php\/wp-json\/wp\/v2\/posts\/163857\/revisions"}],"predecessor-version":[{"id":163858,"href":"https:\/\/radioljubuski.ba\/index.php\/wp-json\/wp\/v2\/posts\/163857\/revisions\/163858"}],"wp:featuredmedia":[{"embeddable":true,"href":"https:\/\/radioljubuski.ba\/index.php\/wp-json\/wp\/v2\/media\/155417"}],"wp:attachment":[{"href":"https:\/\/radioljubuski.ba\/index.php\/wp-json\/wp\/v2\/media?parent=163857"}],"wp:term":[{"taxonomy":"category","embeddable":true,"href":"https:\/\/radioljubuski.ba\/index.php\/wp-json\/wp\/v2\/categories?post=163857"},{"taxonomy":"post_tag","embeddable":true,"href":"https:\/\/radioljubuski.ba\/index.php\/wp-json\/wp\/v2\/tags?post=163857"}],"curies":[{"name":"wp","href":"https:\/\/api.w.org\/{rel}","templated":true}]}}