{"id":163882,"date":"2022-07-27T09:46:34","date_gmt":"2022-07-27T08:46:34","guid":{"rendered":"https:\/\/radioljubuski.ba\/?p=163882"},"modified":"2022-07-27T09:46:34","modified_gmt":"2022-07-27T08:46:34","slug":"studenti-na-tulumu-tajno-snimili-spolni-odnos-mladica-i-djevojke-podignuta-optuznica","status":"publish","type":"post","link":"https:\/\/radioljubuski.ba\/index.php\/2022\/07\/27\/studenti-na-tulumu-tajno-snimili-spolni-odnos-mladica-i-djevojke-podignuta-optuznica\/","title":{"rendered":"Studenti na tulumu tajno snimili spolni odnos mladi\u0107a i djevojke, podignuta optu\u017enica"},"content":{"rendered":"\n<p>Protiv dvojice studenata podignute su optu\u017enice jer su na tulumu u ku\u0107i mobitelom snimali i dijelili snimke djevojke i mladi\u0107a u spolnom odnosu u spava\u0107oj sobi.<\/p>\n\n\n\n<p>Tulum dogodio se u listopadu izme\u0111u 1 i 4:30 ujutro u ku\u0107i na zagreba\u010dkom podru\u010dju. Prema optu\u017enici, na tulumu su se u jednom trenutku djevojka i mladi\u0107 povukli na kat u spava\u0107u sobu, na krevet, pi\u0161e Danica.hr.<\/p>\n\n\n\n<p>Dio dru\u0161tva s tuluma, njih petorica, popeo se na balkon te su kroz aluminijske rolete gledali \u0161to par radi. Student Luka (18) snimao je mobitelom i snimke je proslijedio studentu Luki (19), a ovaj pak svojem prijatelju Luki (20).<\/p>\n\n\n\n<h3 class=\"wp-block-heading\">Optu\u017enice protiv dva studenta<\/h3>\n\n\n\n<p>Za sve je doznao i tada\u0161nji partner djevojke koji nije bio na tulumu. On je svjedo\u010dio kako je za snimku doznao od tre\u0107eg Luke (20), ali taj Luka nije nikome poslao snimku, pa je dr\u017eavno odvjetni\u0161tvo na koncu odustalo od njegova progona.<\/p>\n\n\n\n<p>Policija i tu\u017eitelji su tijekom istrage&nbsp;ispitali 18 osoba, pregledali mobitele i sporne videosnimke. Tu\u017eitelji su nakon toga podignuli optu\u017enicu protiv Luke koju je snimao i Luke koji je snimku proslijedio svom prijatelju. Tereti ih se za neovla\u0161teno snimanje i&nbsp;povredu prava privatnosti.<\/p>\n\n\n\n<p>Predlo\u017eena je kazna od\u00a0\u0161est mjeseci uvjetnog zatvora svakome. Na kazneni nalog mogu ulo\u017eiti prigovor.<\/p>\n\n\n\n<p>Izvor: Index.hr<\/p>\n","protected":false},"excerpt":{"rendered":"<p>Protiv dvojice studenata podignute su optu\u017enice jer su na tulumu u ku\u0107i mobitelom snimali i dijelili snimke djevojke i mladi\u0107a u spolnom odnosu u spava\u0107oj sobi. Tulum dogodio se u listopadu izme\u0111u 1 i 4:30 ujutro u ku\u0107i na zagreba\u010dkom podru\u010dju. Prema optu\u017enici, na tulumu su se u jednom trenutku djevojka i mladi\u0107 povukli na [&hellip;]<\/p>\n","protected":false},"author":2,"featured_media":2401,"comment_status":"closed","ping_status":"closed","sticky":false,"template":"","format":"standard","meta":{"h5ap_radio_sources":[],"footnotes":""},"categories":[1],"tags":[],"class_list":["post-163882","post","type-post","status-publish","format-standard","has-post-thumbnail","hentry","category-bihiregija"],"yoast_head":"<!-- This site is optimized with the Yoast SEO plugin v27.5 - https:\/\/yoast.com\/product\/yoast-seo-wordpress\/ -->\n<title>Studenti na tulumu tajno snimili spolni odnos mladi\u0107a i djevojke, podignuta optu\u017enica - RADIO LJUBU\u0160KI<\/title>\n<meta name=\"robots\" content=\"index, follow, max-snippet:-1, max-image-preview:large, max-video-preview:-1\" \/>\n<link rel=\"canonical\" href=\"https:\/\/radioljubuski.ba\/index.php\/2022\/07\/27\/studenti-na-tulumu-tajno-snimili-spolni-odnos-mladica-i-djevojke-podignuta-optuznica\/\" \/>\n<meta property=\"og:locale\" content=\"hr_HR\" \/>\n<meta property=\"og:type\" content=\"article\" \/>\n<meta property=\"og:title\" content=\"Studenti na tulumu tajno snimili spolni odnos mladi\u0107a i djevojke, podignuta optu\u017enica - RADIO LJUBU\u0160KI\" \/>\n<meta property=\"og:description\" content=\"Protiv dvojice studenata podignute su optu\u017enice jer su na tulumu u ku\u0107i mobitelom snimali i dijelili snimke djevojke i mladi\u0107a u spolnom odnosu u spava\u0107oj sobi. Tulum dogodio se u listopadu izme\u0111u 1 i 4:30 ujutro u ku\u0107i na zagreba\u010dkom podru\u010dju. Prema optu\u017enici, na tulumu su se u jednom trenutku djevojka i mladi\u0107 povukli na [&hellip;]\" \/>\n<meta property=\"og:url\" content=\"https:\/\/radioljubuski.ba\/index.php\/2022\/07\/27\/studenti-na-tulumu-tajno-snimili-spolni-odnos-mladica-i-djevojke-podignuta-optuznica\/\" \/>\n<meta property=\"og:site_name\" content=\"RADIO LJUBU\u0160KI\" \/>\n<meta property=\"article:publisher\" content=\"https:\/\/www.facebook.com\/Radiio-Ljubuski-1490835324566332\" \/>\n<meta property=\"article:published_time\" content=\"2022-07-27T08:46:34+00:00\" \/>\n<meta property=\"og:image\" content=\"https:\/\/radioljubuski.ba\/wp-content\/uploads\/2021\/03\/sudjenje.jpg\" \/>\n\t<meta property=\"og:image:width\" content=\"1024\" \/>\n\t<meta property=\"og:image:height\" content=\"576\" \/>\n\t<meta property=\"og:image:type\" content=\"image\/jpeg\" \/>\n<meta name=\"author\" content=\"Radio Ljubu\u0161ki\" \/>\n<meta name=\"twitter:card\" content=\"summary_large_image\" \/>\n<meta name=\"twitter:creator\" content=\"@radioljubuski\" \/>\n<meta name=\"twitter:site\" content=\"@radioljubuski\" \/>\n<meta name=\"twitter:label1\" content=\"Napisao\/la\" \/>\n\t<meta name=\"twitter:data1\" content=\"Radio Ljubu\u0161ki\" \/>\n\t<meta name=\"twitter:label2\" content=\"Procijenjeno vrijeme \u010ditanja\" \/>\n\t<meta name=\"twitter:data2\" content=\"1 minuta\" \/>\n<script type=\"application\/ld+json\" class=\"yoast-schema-graph\">{\"@context\":\"https:\\\/\\\/schema.org\",\"@graph\":[{\"@type\":\"Article\",\"@id\":\"https:\\\/\\\/radioljubuski.ba\\\/index.php\\\/2022\\\/07\\\/27\\\/studenti-na-tulumu-tajno-snimili-spolni-odnos-mladica-i-djevojke-podignuta-optuznica\\\/#article\",\"isPartOf\":{\"@id\":\"https:\\\/\\\/radioljubuski.ba\\\/index.php\\\/2022\\\/07\\\/27\\\/studenti-na-tulumu-tajno-snimili-spolni-odnos-mladica-i-djevojke-podignuta-optuznica\\\/\"},\"author\":{\"name\":\"Radio Ljubu\u0161ki\",\"@id\":\"https:\\\/\\\/radioljubuski.ba\\\/#\\\/schema\\\/person\\\/19fc700381a780f69665d7956c469e3b\"},\"headline\":\"Studenti na tulumu tajno snimili spolni odnos mladi\u0107a i djevojke, podignuta optu\u017enica\",\"datePublished\":\"2022-07-27T08:46:34+00:00\",\"mainEntityOfPage\":{\"@id\":\"https:\\\/\\\/radioljubuski.ba\\\/index.php\\\/2022\\\/07\\\/27\\\/studenti-na-tulumu-tajno-snimili-spolni-odnos-mladica-i-djevojke-podignuta-optuznica\\\/\"},\"wordCount\":243,\"publisher\":{\"@id\":\"https:\\\/\\\/radioljubuski.ba\\\/#organization\"},\"image\":{\"@id\":\"https:\\\/\\\/radioljubuski.ba\\\/index.php\\\/2022\\\/07\\\/27\\\/studenti-na-tulumu-tajno-snimili-spolni-odnos-mladica-i-djevojke-podignuta-optuznica\\\/#primaryimage\"},\"thumbnailUrl\":\"https:\\\/\\\/radioljubuski.ba\\\/wp-content\\\/uploads\\\/2021\\\/03\\\/sudjenje.jpg\",\"articleSection\":[\"BIH i regija\"],\"inLanguage\":\"hr\"},{\"@type\":\"WebPage\",\"@id\":\"https:\\\/\\\/radioljubuski.ba\\\/index.php\\\/2022\\\/07\\\/27\\\/studenti-na-tulumu-tajno-snimili-spolni-odnos-mladica-i-djevojke-podignuta-optuznica\\\/\",\"url\":\"https:\\\/\\\/radioljubuski.ba\\\/index.php\\\/2022\\\/07\\\/27\\\/studenti-na-tulumu-tajno-snimili-spolni-odnos-mladica-i-djevojke-podignuta-optuznica\\\/\",\"name\":\"Studenti na tulumu tajno snimili spolni odnos mladi\u0107a i djevojke, podignuta optu\u017enica - RADIO LJUBU\u0160KI\",\"isPartOf\":{\"@id\":\"https:\\\/\\\/radioljubuski.ba\\\/#website\"},\"primaryImageOfPage\":{\"@id\":\"https:\\\/\\\/radioljubuski.ba\\\/index.php\\\/2022\\\/07\\\/27\\\/studenti-na-tulumu-tajno-snimili-spolni-odnos-mladica-i-djevojke-podignuta-optuznica\\\/#primaryimage\"},\"image\":{\"@id\":\"https:\\\/\\\/radioljubuski.ba\\\/index.php\\\/2022\\\/07\\\/27\\\/studenti-na-tulumu-tajno-snimili-spolni-odnos-mladica-i-djevojke-podignuta-optuznica\\\/#primaryimage\"},\"thumbnailUrl\":\"https:\\\/\\\/radioljubuski.ba\\\/wp-content\\\/uploads\\\/2021\\\/03\\\/sudjenje.jpg\",\"datePublished\":\"2022-07-27T08:46:34+00:00\",\"breadcrumb\":{\"@id\":\"https:\\\/\\\/radioljubuski.ba\\\/index.php\\\/2022\\\/07\\\/27\\\/studenti-na-tulumu-tajno-snimili-spolni-odnos-mladica-i-djevojke-podignuta-optuznica\\\/#breadcrumb\"},\"inLanguage\":\"hr\",\"potentialAction\":[{\"@type\":\"ReadAction\",\"target\":[\"https:\\\/\\\/radioljubuski.ba\\\/index.php\\\/2022\\\/07\\\/27\\\/studenti-na-tulumu-tajno-snimili-spolni-odnos-mladica-i-djevojke-podignuta-optuznica\\\/\"]}]},{\"@type\":\"ImageObject\",\"inLanguage\":\"hr\",\"@id\":\"https:\\\/\\\/radioljubuski.ba\\\/index.php\\\/2022\\\/07\\\/27\\\/studenti-na-tulumu-tajno-snimili-spolni-odnos-mladica-i-djevojke-podignuta-optuznica\\\/#primaryimage\",\"url\":\"https:\\\/\\\/radioljubuski.ba\\\/wp-content\\\/uploads\\\/2021\\\/03\\\/sudjenje.jpg\",\"contentUrl\":\"https:\\\/\\\/radioljubuski.ba\\\/wp-content\\\/uploads\\\/2021\\\/03\\\/sudjenje.jpg\",\"width\":1024,\"height\":576},{\"@type\":\"BreadcrumbList\",\"@id\":\"https:\\\/\\\/radioljubuski.ba\\\/index.php\\\/2022\\\/07\\\/27\\\/studenti-na-tulumu-tajno-snimili-spolni-odnos-mladica-i-djevojke-podignuta-optuznica\\\/#breadcrumb\",\"itemListElement\":[{\"@type\":\"ListItem\",\"position\":1,\"name\":\"Po\u010detna stranica\",\"item\":\"https:\\\/\\\/radioljubuski.ba\\\/\"},{\"@type\":\"ListItem\",\"position\":2,\"name\":\"Studenti na tulumu tajno snimili spolni odnos mladi\u0107a i djevojke, podignuta optu\u017enica\"}]},{\"@type\":\"WebSite\",\"@id\":\"https:\\\/\\\/radioljubuski.ba\\\/#website\",\"url\":\"https:\\\/\\\/radioljubuski.ba\\\/\",\"name\":\"Radio Ljubu\u0161ki\",\"description\":\"Sun\u010dana frekvencija Hercegovine\",\"publisher\":{\"@id\":\"https:\\\/\\\/radioljubuski.ba\\\/#organization\"},\"potentialAction\":[{\"@type\":\"SearchAction\",\"target\":{\"@type\":\"EntryPoint\",\"urlTemplate\":\"https:\\\/\\\/radioljubuski.ba\\\/?s={search_term_string}\"},\"query-input\":{\"@type\":\"PropertyValueSpecification\",\"valueRequired\":true,\"valueName\":\"search_term_string\"}}],\"inLanguage\":\"hr\"},{\"@type\":\"Organization\",\"@id\":\"https:\\\/\\\/radioljubuski.ba\\\/#organization\",\"name\":\"Radio Ljubu\u0161ki\",\"url\":\"https:\\\/\\\/radioljubuski.ba\\\/\",\"logo\":{\"@type\":\"ImageObject\",\"inLanguage\":\"hr\",\"@id\":\"https:\\\/\\\/radioljubuski.ba\\\/#\\\/schema\\\/logo\\\/image\\\/\",\"url\":\"https:\\\/\\\/radioljubuski.ba\\\/wp-content\\\/uploads\\\/2021\\\/02\\\/cropped-Radio_Ljubuski_logo1.jpg\",\"contentUrl\":\"https:\\\/\\\/radioljubuski.ba\\\/wp-content\\\/uploads\\\/2021\\\/02\\\/cropped-Radio_Ljubuski_logo1.jpg\",\"width\":512,\"height\":512,\"caption\":\"Radio Ljubu\u0161ki\"},\"image\":{\"@id\":\"https:\\\/\\\/radioljubuski.ba\\\/#\\\/schema\\\/logo\\\/image\\\/\"},\"sameAs\":[\"https:\\\/\\\/www.facebook.com\\\/Radiio-Ljubuski-1490835324566332\",\"https:\\\/\\\/x.com\\\/radioljubuski\",\"https:\\\/\\\/hr.linkedin.com\\\/company\\\/radio-ljubuski\",\"https:\\\/\\\/www.youtube.com\\\/channel\\\/UCHYaeO_n0Db3tjNGudGpXyw\"]},{\"@type\":\"Person\",\"@id\":\"https:\\\/\\\/radioljubuski.ba\\\/#\\\/schema\\\/person\\\/19fc700381a780f69665d7956c469e3b\",\"name\":\"Radio Ljubu\u0161ki\"}]}<\/script>\n<!-- \/ Yoast SEO plugin. -->","yoast_head_json":{"title":"Studenti na tulumu tajno snimili spolni odnos mladi\u0107a i djevojke, podignuta optu\u017enica - RADIO LJUBU\u0160KI","robots":{"index":"index","follow":"follow","max-snippet":"max-snippet:-1","max-image-preview":"max-image-preview:large","max-video-preview":"max-video-preview:-1"},"canonical":"https:\/\/radioljubuski.ba\/index.php\/2022\/07\/27\/studenti-na-tulumu-tajno-snimili-spolni-odnos-mladica-i-djevojke-podignuta-optuznica\/","og_locale":"hr_HR","og_type":"article","og_title":"Studenti na tulumu tajno snimili spolni odnos mladi\u0107a i djevojke, podignuta optu\u017enica - RADIO LJUBU\u0160KI","og_description":"Protiv dvojice studenata podignute su optu\u017enice jer su na tulumu u ku\u0107i mobitelom snimali i dijelili snimke djevojke i mladi\u0107a u spolnom odnosu u spava\u0107oj sobi. Tulum dogodio se u listopadu izme\u0111u 1 i 4:30 ujutro u ku\u0107i na zagreba\u010dkom podru\u010dju. Prema optu\u017enici, na tulumu su se u jednom trenutku djevojka i mladi\u0107 povukli na [&hellip;]","og_url":"https:\/\/radioljubuski.ba\/index.php\/2022\/07\/27\/studenti-na-tulumu-tajno-snimili-spolni-odnos-mladica-i-djevojke-podignuta-optuznica\/","og_site_name":"RADIO LJUBU\u0160KI","article_publisher":"https:\/\/www.facebook.com\/Radiio-Ljubuski-1490835324566332","article_published_time":"2022-07-27T08:46:34+00:00","og_image":[{"width":1024,"height":576,"url":"https:\/\/radioljubuski.ba\/wp-content\/uploads\/2021\/03\/sudjenje.jpg","type":"image\/jpeg"}],"author":"Radio Ljubu\u0161ki","twitter_card":"summary_large_image","twitter_creator":"@radioljubuski","twitter_site":"@radioljubuski","twitter_misc":{"Napisao\/la":"Radio Ljubu\u0161ki","Procijenjeno vrijeme \u010ditanja":"1 minuta"},"schema":{"@context":"https:\/\/schema.org","@graph":[{"@type":"Article","@id":"https:\/\/radioljubuski.ba\/index.php\/2022\/07\/27\/studenti-na-tulumu-tajno-snimili-spolni-odnos-mladica-i-djevojke-podignuta-optuznica\/#article","isPartOf":{"@id":"https:\/\/radioljubuski.ba\/index.php\/2022\/07\/27\/studenti-na-tulumu-tajno-snimili-spolni-odnos-mladica-i-djevojke-podignuta-optuznica\/"},"author":{"name":"Radio Ljubu\u0161ki","@id":"https:\/\/radioljubuski.ba\/#\/schema\/person\/19fc700381a780f69665d7956c469e3b"},"headline":"Studenti na tulumu tajno snimili spolni odnos mladi\u0107a i djevojke, podignuta optu\u017enica","datePublished":"2022-07-27T08:46:34+00:00","mainEntityOfPage":{"@id":"https:\/\/radioljubuski.ba\/index.php\/2022\/07\/27\/studenti-na-tulumu-tajno-snimili-spolni-odnos-mladica-i-djevojke-podignuta-optuznica\/"},"wordCount":243,"publisher":{"@id":"https:\/\/radioljubuski.ba\/#organization"},"image":{"@id":"https:\/\/radioljubuski.ba\/index.php\/2022\/07\/27\/studenti-na-tulumu-tajno-snimili-spolni-odnos-mladica-i-djevojke-podignuta-optuznica\/#primaryimage"},"thumbnailUrl":"https:\/\/radioljubuski.ba\/wp-content\/uploads\/2021\/03\/sudjenje.jpg","articleSection":["BIH i regija"],"inLanguage":"hr"},{"@type":"WebPage","@id":"https:\/\/radioljubuski.ba\/index.php\/2022\/07\/27\/studenti-na-tulumu-tajno-snimili-spolni-odnos-mladica-i-djevojke-podignuta-optuznica\/","url":"https:\/\/radioljubuski.ba\/index.php\/2022\/07\/27\/studenti-na-tulumu-tajno-snimili-spolni-odnos-mladica-i-djevojke-podignuta-optuznica\/","name":"Studenti na tulumu tajno snimili spolni odnos mladi\u0107a i djevojke, podignuta optu\u017enica - RADIO LJUBU\u0160KI","isPartOf":{"@id":"https:\/\/radioljubuski.ba\/#website"},"primaryImageOfPage":{"@id":"https:\/\/radioljubuski.ba\/index.php\/2022\/07\/27\/studenti-na-tulumu-tajno-snimili-spolni-odnos-mladica-i-djevojke-podignuta-optuznica\/#primaryimage"},"image":{"@id":"https:\/\/radioljubuski.ba\/index.php\/2022\/07\/27\/studenti-na-tulumu-tajno-snimili-spolni-odnos-mladica-i-djevojke-podignuta-optuznica\/#primaryimage"},"thumbnailUrl":"https:\/\/radioljubuski.ba\/wp-content\/uploads\/2021\/03\/sudjenje.jpg","datePublished":"2022-07-27T08:46:34+00:00","breadcrumb":{"@id":"https:\/\/radioljubuski.ba\/index.php\/2022\/07\/27\/studenti-na-tulumu-tajno-snimili-spolni-odnos-mladica-i-djevojke-podignuta-optuznica\/#breadcrumb"},"inLanguage":"hr","potentialAction":[{"@type":"ReadAction","target":["https:\/\/radioljubuski.ba\/index.php\/2022\/07\/27\/studenti-na-tulumu-tajno-snimili-spolni-odnos-mladica-i-djevojke-podignuta-optuznica\/"]}]},{"@type":"ImageObject","inLanguage":"hr","@id":"https:\/\/radioljubuski.ba\/index.php\/2022\/07\/27\/studenti-na-tulumu-tajno-snimili-spolni-odnos-mladica-i-djevojke-podignuta-optuznica\/#primaryimage","url":"https:\/\/radioljubuski.ba\/wp-content\/uploads\/2021\/03\/sudjenje.jpg","contentUrl":"https:\/\/radioljubuski.ba\/wp-content\/uploads\/2021\/03\/sudjenje.jpg","width":1024,"height":576},{"@type":"BreadcrumbList","@id":"https:\/\/radioljubuski.ba\/index.php\/2022\/07\/27\/studenti-na-tulumu-tajno-snimili-spolni-odnos-mladica-i-djevojke-podignuta-optuznica\/#breadcrumb","itemListElement":[{"@type":"ListItem","position":1,"name":"Po\u010detna stranica","item":"https:\/\/radioljubuski.ba\/"},{"@type":"ListItem","position":2,"name":"Studenti na tulumu tajno snimili spolni odnos mladi\u0107a i djevojke, podignuta optu\u017enica"}]},{"@type":"WebSite","@id":"https:\/\/radioljubuski.ba\/#website","url":"https:\/\/radioljubuski.ba\/","name":"Radio Ljubu\u0161ki","description":"Sun\u010dana frekvencija Hercegovine","publisher":{"@id":"https:\/\/radioljubuski.ba\/#organization"},"potentialAction":[{"@type":"SearchAction","target":{"@type":"EntryPoint","urlTemplate":"https:\/\/radioljubuski.ba\/?s={search_term_string}"},"query-input":{"@type":"PropertyValueSpecification","valueRequired":true,"valueName":"search_term_string"}}],"inLanguage":"hr"},{"@type":"Organization","@id":"https:\/\/radioljubuski.ba\/#organization","name":"Radio Ljubu\u0161ki","url":"https:\/\/radioljubuski.ba\/","logo":{"@type":"ImageObject","inLanguage":"hr","@id":"https:\/\/radioljubuski.ba\/#\/schema\/logo\/image\/","url":"https:\/\/radioljubuski.ba\/wp-content\/uploads\/2021\/02\/cropped-Radio_Ljubuski_logo1.jpg","contentUrl":"https:\/\/radioljubuski.ba\/wp-content\/uploads\/2021\/02\/cropped-Radio_Ljubuski_logo1.jpg","width":512,"height":512,"caption":"Radio Ljubu\u0161ki"},"image":{"@id":"https:\/\/radioljubuski.ba\/#\/schema\/logo\/image\/"},"sameAs":["https:\/\/www.facebook.com\/Radiio-Ljubuski-1490835324566332","https:\/\/x.com\/radioljubuski","https:\/\/hr.linkedin.com\/company\/radio-ljubuski","https:\/\/www.youtube.com\/channel\/UCHYaeO_n0Db3tjNGudGpXyw"]},{"@type":"Person","@id":"https:\/\/radioljubuski.ba\/#\/schema\/person\/19fc700381a780f69665d7956c469e3b","name":"Radio Ljubu\u0161ki"}]}},"_links":{"self":[{"href":"https:\/\/radioljubuski.ba\/index.php\/wp-json\/wp\/v2\/posts\/163882","targetHints":{"allow":["GET"]}}],"collection":[{"href":"https:\/\/radioljubuski.ba\/index.php\/wp-json\/wp\/v2\/posts"}],"about":[{"href":"https:\/\/radioljubuski.ba\/index.php\/wp-json\/wp\/v2\/types\/post"}],"author":[{"embeddable":true,"href":"https:\/\/radioljubuski.ba\/index.php\/wp-json\/wp\/v2\/users\/2"}],"replies":[{"embeddable":true,"href":"https:\/\/radioljubuski.ba\/index.php\/wp-json\/wp\/v2\/comments?post=163882"}],"version-history":[{"count":1,"href":"https:\/\/radioljubuski.ba\/index.php\/wp-json\/wp\/v2\/posts\/163882\/revisions"}],"predecessor-version":[{"id":163883,"href":"https:\/\/radioljubuski.ba\/index.php\/wp-json\/wp\/v2\/posts\/163882\/revisions\/163883"}],"wp:featuredmedia":[{"embeddable":true,"href":"https:\/\/radioljubuski.ba\/index.php\/wp-json\/wp\/v2\/media\/2401"}],"wp:attachment":[{"href":"https:\/\/radioljubuski.ba\/index.php\/wp-json\/wp\/v2\/media?parent=163882"}],"wp:term":[{"taxonomy":"category","embeddable":true,"href":"https:\/\/radioljubuski.ba\/index.php\/wp-json\/wp\/v2\/categories?post=163882"},{"taxonomy":"post_tag","embeddable":true,"href":"https:\/\/radioljubuski.ba\/index.php\/wp-json\/wp\/v2\/tags?post=163882"}],"curies":[{"name":"wp","href":"https:\/\/api.w.org\/{rel}","templated":true}]}}