{"id":163900,"date":"2022-07-27T10:20:51","date_gmt":"2022-07-27T09:20:51","guid":{"rendered":"https:\/\/radioljubuski.ba\/?p=163900"},"modified":"2022-07-27T10:20:52","modified_gmt":"2022-07-27T09:20:52","slug":"podrzana-coviceva-inicijativa-o-prihvacanju-radne-definicije-antisemitizma","status":"publish","type":"post","link":"https:\/\/radioljubuski.ba\/index.php\/2022\/07\/27\/podrzana-coviceva-inicijativa-o-prihvacanju-radne-definicije-antisemitizma\/","title":{"rendered":"Podr\u017eana \u010covi\u0107eva inicijativa o prihva\u0107anju radne definicije antisemitizma"},"content":{"rendered":"\n<p><strong>Na 20. sjednici Zajedni\u010dkog povjerenstva za ljudska prava Parlamentarne skup\u0161tine Bosne i Hercegovine (PSBiH) podr\u017eana je inicijativa Dragana \u010covi\u0107a kojom se predla\u017ee da Dom naroda PSBiH usvoji zaklju\u010dak o prihva\u0107anju radne definicije antisemitizma Me\u0111unarodnog saveza za sje\u0107anje na holokaust.<\/strong><\/p>\n\n\n\n<p>U inicijativi se navodi i radna definicija antisemitizma koja glasi \u201cAntisemitizam je odre\u0111eno poimanje \u017didova koje se mo\u017ee iskazati kroz mr\u017enju prema njima. Postoje usmena, pismena i fizi\u010dka izra\u017eavanja antisemitizma, koja su usmjerena prema \u017didovima ili ne\u017eidovima i\/ili prema njihovoj imovini, ustanovama \u017didovske zajednice te \u017didovskim vjerskim objektima\u201d.<\/p>\n\n\n\n<p>K znanju je primljena Informacije Misije Bosne i Hercegovine pri Europskoj uniji u Briselu o usvojenim rezolucijama o stanju ljudskih prava, priop\u0107eno je iz Sektora za odnose s javno\u0161\u0107u PSBiH.<\/p>\n\n\n\n<p>U vezi sa to\u010dkom dnevnog reda koja se odnosila na razmatranje pristiglog dopisa Inicijative za monitoring europskih integracija Bosne i Hercegovine, a koji se odnosio na u\u010de\u0161\u0107e organizacija civilnog dru\u0161tva u proceduri imenovanja tri ombudsmana za ljudska prava Bosne i Hercegovine, Povjerenstvo se, obzirom da ni na koji na\u010din nije nadle\u017ena drugim radnim tijelima PSBiH, proglasila nenadle\u017enom za ovo pitanje.<\/p>\n\n\n\n<p>Kako je konstatirano, Privremeno zajedni\u010dko povjerenstvo oba doma Parlamentarne skup\u0161tine BiH za provo\u0111enje procedure za imenovanje tri ombudsmana za ljudska prava Bosne i Hercegovine imenovao je Zastupni\u010dki dom, odnosno Dom naroda PSBiH, pa, s tim u vezi, navedeno Povjerenstvo samo ure\u0111uje Poslovnik o radu, koji bi trebao biti usugla\u0161en s poslovnicima domova PSBiH.<\/p>\n\n\n\n<p>Istovremeno, Zajedni\u010dko povjerenstvo za ljudska prava podr\u017eava transparentnost i javnost rada povjerenstava i svih radnih tijela PSBiH.<\/p>\n\n\n\n<p>Zajedni\u010dko povjerenstvo razmotrilo je, primila k znanju i nadle\u017enim institucijama uputila odgovore ili proslijedila pristigle dopise i predstavke gra\u0111ana.<\/p>\n\n\n\n<p>\/HMS\/<\/p>\n","protected":false},"excerpt":{"rendered":"<p>Na 20. sjednici Zajedni\u010dkog povjerenstva za ljudska prava Parlamentarne skup\u0161tine Bosne i Hercegovine (PSBiH) podr\u017eana je inicijativa Dragana \u010covi\u0107a kojom se predla\u017ee da Dom naroda PSBiH usvoji zaklju\u010dak o prihva\u0107anju radne definicije antisemitizma Me\u0111unarodnog saveza za sje\u0107anje na holokaust. U inicijativi se navodi i radna definicija antisemitizma koja glasi \u201cAntisemitizam je odre\u0111eno poimanje \u017didova koje [&hellip;]<\/p>\n","protected":false},"author":2,"featured_media":148231,"comment_status":"closed","ping_status":"closed","sticky":false,"template":"","format":"standard","meta":{"h5ap_radio_sources":[],"footnotes":""},"categories":[1],"tags":[],"class_list":["post-163900","post","type-post","status-publish","format-standard","has-post-thumbnail","hentry","category-bihiregija"],"yoast_head":"<!-- This site is optimized with the Yoast SEO plugin v27.5 - https:\/\/yoast.com\/product\/yoast-seo-wordpress\/ -->\n<title>Podr\u017eana \u010covi\u0107eva inicijativa o prihva\u0107anju radne definicije antisemitizma - RADIO LJUBU\u0160KI<\/title>\n<meta name=\"robots\" content=\"index, follow, max-snippet:-1, max-image-preview:large, max-video-preview:-1\" \/>\n<link rel=\"canonical\" href=\"https:\/\/radioljubuski.ba\/index.php\/2022\/07\/27\/podrzana-coviceva-inicijativa-o-prihvacanju-radne-definicije-antisemitizma\/\" \/>\n<meta property=\"og:locale\" content=\"hr_HR\" \/>\n<meta property=\"og:type\" content=\"article\" \/>\n<meta property=\"og:title\" content=\"Podr\u017eana \u010covi\u0107eva inicijativa o prihva\u0107anju radne definicije antisemitizma - RADIO LJUBU\u0160KI\" \/>\n<meta property=\"og:description\" content=\"Na 20. sjednici Zajedni\u010dkog povjerenstva za ljudska prava Parlamentarne skup\u0161tine Bosne i Hercegovine (PSBiH) podr\u017eana je inicijativa Dragana \u010covi\u0107a kojom se predla\u017ee da Dom naroda PSBiH usvoji zaklju\u010dak o prihva\u0107anju radne definicije antisemitizma Me\u0111unarodnog saveza za sje\u0107anje na holokaust. U inicijativi se navodi i radna definicija antisemitizma koja glasi \u201cAntisemitizam je odre\u0111eno poimanje \u017didova koje [&hellip;]\" \/>\n<meta property=\"og:url\" content=\"https:\/\/radioljubuski.ba\/index.php\/2022\/07\/27\/podrzana-coviceva-inicijativa-o-prihvacanju-radne-definicije-antisemitizma\/\" \/>\n<meta property=\"og:site_name\" content=\"RADIO LJUBU\u0160KI\" \/>\n<meta property=\"article:publisher\" content=\"https:\/\/www.facebook.com\/Radiio-Ljubuski-1490835324566332\" \/>\n<meta property=\"article:published_time\" content=\"2022-07-27T09:20:51+00:00\" \/>\n<meta property=\"article:modified_time\" content=\"2022-07-27T09:20:52+00:00\" \/>\n<meta property=\"og:image\" content=\"https:\/\/radioljubuski.ba\/wp-content\/uploads\/2022\/06\/covic-izrael-zid.jpg\" \/>\n\t<meta property=\"og:image:width\" content=\"1024\" \/>\n\t<meta property=\"og:image:height\" content=\"819\" \/>\n\t<meta property=\"og:image:type\" content=\"image\/jpeg\" \/>\n<meta name=\"author\" content=\"Radio Ljubu\u0161ki\" \/>\n<meta name=\"twitter:card\" content=\"summary_large_image\" \/>\n<meta name=\"twitter:creator\" content=\"@radioljubuski\" \/>\n<meta name=\"twitter:site\" content=\"@radioljubuski\" \/>\n<meta name=\"twitter:label1\" content=\"Napisao\/la\" \/>\n\t<meta name=\"twitter:data1\" content=\"Radio Ljubu\u0161ki\" \/>\n\t<meta name=\"twitter:label2\" content=\"Procijenjeno vrijeme \u010ditanja\" \/>\n\t<meta name=\"twitter:data2\" content=\"2 minute\" \/>\n<script type=\"application\/ld+json\" class=\"yoast-schema-graph\">{\"@context\":\"https:\\\/\\\/schema.org\",\"@graph\":[{\"@type\":\"Article\",\"@id\":\"https:\\\/\\\/radioljubuski.ba\\\/index.php\\\/2022\\\/07\\\/27\\\/podrzana-coviceva-inicijativa-o-prihvacanju-radne-definicije-antisemitizma\\\/#article\",\"isPartOf\":{\"@id\":\"https:\\\/\\\/radioljubuski.ba\\\/index.php\\\/2022\\\/07\\\/27\\\/podrzana-coviceva-inicijativa-o-prihvacanju-radne-definicije-antisemitizma\\\/\"},\"author\":{\"name\":\"Radio Ljubu\u0161ki\",\"@id\":\"https:\\\/\\\/radioljubuski.ba\\\/#\\\/schema\\\/person\\\/19fc700381a780f69665d7956c469e3b\"},\"headline\":\"Podr\u017eana \u010covi\u0107eva inicijativa o prihva\u0107anju radne definicije antisemitizma\",\"datePublished\":\"2022-07-27T09:20:51+00:00\",\"dateModified\":\"2022-07-27T09:20:52+00:00\",\"mainEntityOfPage\":{\"@id\":\"https:\\\/\\\/radioljubuski.ba\\\/index.php\\\/2022\\\/07\\\/27\\\/podrzana-coviceva-inicijativa-o-prihvacanju-radne-definicije-antisemitizma\\\/\"},\"wordCount\":313,\"publisher\":{\"@id\":\"https:\\\/\\\/radioljubuski.ba\\\/#organization\"},\"image\":{\"@id\":\"https:\\\/\\\/radioljubuski.ba\\\/index.php\\\/2022\\\/07\\\/27\\\/podrzana-coviceva-inicijativa-o-prihvacanju-radne-definicije-antisemitizma\\\/#primaryimage\"},\"thumbnailUrl\":\"https:\\\/\\\/radioljubuski.ba\\\/wp-content\\\/uploads\\\/2022\\\/06\\\/covic-izrael-zid.jpg\",\"articleSection\":[\"BIH i regija\"],\"inLanguage\":\"hr\"},{\"@type\":\"WebPage\",\"@id\":\"https:\\\/\\\/radioljubuski.ba\\\/index.php\\\/2022\\\/07\\\/27\\\/podrzana-coviceva-inicijativa-o-prihvacanju-radne-definicije-antisemitizma\\\/\",\"url\":\"https:\\\/\\\/radioljubuski.ba\\\/index.php\\\/2022\\\/07\\\/27\\\/podrzana-coviceva-inicijativa-o-prihvacanju-radne-definicije-antisemitizma\\\/\",\"name\":\"Podr\u017eana \u010covi\u0107eva inicijativa o prihva\u0107anju radne definicije antisemitizma - RADIO LJUBU\u0160KI\",\"isPartOf\":{\"@id\":\"https:\\\/\\\/radioljubuski.ba\\\/#website\"},\"primaryImageOfPage\":{\"@id\":\"https:\\\/\\\/radioljubuski.ba\\\/index.php\\\/2022\\\/07\\\/27\\\/podrzana-coviceva-inicijativa-o-prihvacanju-radne-definicije-antisemitizma\\\/#primaryimage\"},\"image\":{\"@id\":\"https:\\\/\\\/radioljubuski.ba\\\/index.php\\\/2022\\\/07\\\/27\\\/podrzana-coviceva-inicijativa-o-prihvacanju-radne-definicije-antisemitizma\\\/#primaryimage\"},\"thumbnailUrl\":\"https:\\\/\\\/radioljubuski.ba\\\/wp-content\\\/uploads\\\/2022\\\/06\\\/covic-izrael-zid.jpg\",\"datePublished\":\"2022-07-27T09:20:51+00:00\",\"dateModified\":\"2022-07-27T09:20:52+00:00\",\"breadcrumb\":{\"@id\":\"https:\\\/\\\/radioljubuski.ba\\\/index.php\\\/2022\\\/07\\\/27\\\/podrzana-coviceva-inicijativa-o-prihvacanju-radne-definicije-antisemitizma\\\/#breadcrumb\"},\"inLanguage\":\"hr\",\"potentialAction\":[{\"@type\":\"ReadAction\",\"target\":[\"https:\\\/\\\/radioljubuski.ba\\\/index.php\\\/2022\\\/07\\\/27\\\/podrzana-coviceva-inicijativa-o-prihvacanju-radne-definicije-antisemitizma\\\/\"]}]},{\"@type\":\"ImageObject\",\"inLanguage\":\"hr\",\"@id\":\"https:\\\/\\\/radioljubuski.ba\\\/index.php\\\/2022\\\/07\\\/27\\\/podrzana-coviceva-inicijativa-o-prihvacanju-radne-definicije-antisemitizma\\\/#primaryimage\",\"url\":\"https:\\\/\\\/radioljubuski.ba\\\/wp-content\\\/uploads\\\/2022\\\/06\\\/covic-izrael-zid.jpg\",\"contentUrl\":\"https:\\\/\\\/radioljubuski.ba\\\/wp-content\\\/uploads\\\/2022\\\/06\\\/covic-izrael-zid.jpg\",\"width\":1024,\"height\":819},{\"@type\":\"BreadcrumbList\",\"@id\":\"https:\\\/\\\/radioljubuski.ba\\\/index.php\\\/2022\\\/07\\\/27\\\/podrzana-coviceva-inicijativa-o-prihvacanju-radne-definicije-antisemitizma\\\/#breadcrumb\",\"itemListElement\":[{\"@type\":\"ListItem\",\"position\":1,\"name\":\"Po\u010detna stranica\",\"item\":\"https:\\\/\\\/radioljubuski.ba\\\/\"},{\"@type\":\"ListItem\",\"position\":2,\"name\":\"Podr\u017eana \u010covi\u0107eva inicijativa o prihva\u0107anju radne definicije antisemitizma\"}]},{\"@type\":\"WebSite\",\"@id\":\"https:\\\/\\\/radioljubuski.ba\\\/#website\",\"url\":\"https:\\\/\\\/radioljubuski.ba\\\/\",\"name\":\"Radio Ljubu\u0161ki\",\"description\":\"Sun\u010dana frekvencija Hercegovine\",\"publisher\":{\"@id\":\"https:\\\/\\\/radioljubuski.ba\\\/#organization\"},\"potentialAction\":[{\"@type\":\"SearchAction\",\"target\":{\"@type\":\"EntryPoint\",\"urlTemplate\":\"https:\\\/\\\/radioljubuski.ba\\\/?s={search_term_string}\"},\"query-input\":{\"@type\":\"PropertyValueSpecification\",\"valueRequired\":true,\"valueName\":\"search_term_string\"}}],\"inLanguage\":\"hr\"},{\"@type\":\"Organization\",\"@id\":\"https:\\\/\\\/radioljubuski.ba\\\/#organization\",\"name\":\"Radio Ljubu\u0161ki\",\"url\":\"https:\\\/\\\/radioljubuski.ba\\\/\",\"logo\":{\"@type\":\"ImageObject\",\"inLanguage\":\"hr\",\"@id\":\"https:\\\/\\\/radioljubuski.ba\\\/#\\\/schema\\\/logo\\\/image\\\/\",\"url\":\"https:\\\/\\\/radioljubuski.ba\\\/wp-content\\\/uploads\\\/2021\\\/02\\\/cropped-Radio_Ljubuski_logo1.jpg\",\"contentUrl\":\"https:\\\/\\\/radioljubuski.ba\\\/wp-content\\\/uploads\\\/2021\\\/02\\\/cropped-Radio_Ljubuski_logo1.jpg\",\"width\":512,\"height\":512,\"caption\":\"Radio Ljubu\u0161ki\"},\"image\":{\"@id\":\"https:\\\/\\\/radioljubuski.ba\\\/#\\\/schema\\\/logo\\\/image\\\/\"},\"sameAs\":[\"https:\\\/\\\/www.facebook.com\\\/Radiio-Ljubuski-1490835324566332\",\"https:\\\/\\\/x.com\\\/radioljubuski\",\"https:\\\/\\\/hr.linkedin.com\\\/company\\\/radio-ljubuski\",\"https:\\\/\\\/www.youtube.com\\\/channel\\\/UCHYaeO_n0Db3tjNGudGpXyw\"]},{\"@type\":\"Person\",\"@id\":\"https:\\\/\\\/radioljubuski.ba\\\/#\\\/schema\\\/person\\\/19fc700381a780f69665d7956c469e3b\",\"name\":\"Radio Ljubu\u0161ki\"}]}<\/script>\n<!-- \/ Yoast SEO plugin. -->","yoast_head_json":{"title":"Podr\u017eana \u010covi\u0107eva inicijativa o prihva\u0107anju radne definicije antisemitizma - RADIO LJUBU\u0160KI","robots":{"index":"index","follow":"follow","max-snippet":"max-snippet:-1","max-image-preview":"max-image-preview:large","max-video-preview":"max-video-preview:-1"},"canonical":"https:\/\/radioljubuski.ba\/index.php\/2022\/07\/27\/podrzana-coviceva-inicijativa-o-prihvacanju-radne-definicije-antisemitizma\/","og_locale":"hr_HR","og_type":"article","og_title":"Podr\u017eana \u010covi\u0107eva inicijativa o prihva\u0107anju radne definicije antisemitizma - RADIO LJUBU\u0160KI","og_description":"Na 20. sjednici Zajedni\u010dkog povjerenstva za ljudska prava Parlamentarne skup\u0161tine Bosne i Hercegovine (PSBiH) podr\u017eana je inicijativa Dragana \u010covi\u0107a kojom se predla\u017ee da Dom naroda PSBiH usvoji zaklju\u010dak o prihva\u0107anju radne definicije antisemitizma Me\u0111unarodnog saveza za sje\u0107anje na holokaust. U inicijativi se navodi i radna definicija antisemitizma koja glasi \u201cAntisemitizam je odre\u0111eno poimanje \u017didova koje [&hellip;]","og_url":"https:\/\/radioljubuski.ba\/index.php\/2022\/07\/27\/podrzana-coviceva-inicijativa-o-prihvacanju-radne-definicije-antisemitizma\/","og_site_name":"RADIO LJUBU\u0160KI","article_publisher":"https:\/\/www.facebook.com\/Radiio-Ljubuski-1490835324566332","article_published_time":"2022-07-27T09:20:51+00:00","article_modified_time":"2022-07-27T09:20:52+00:00","og_image":[{"width":1024,"height":819,"url":"https:\/\/radioljubuski.ba\/wp-content\/uploads\/2022\/06\/covic-izrael-zid.jpg","type":"image\/jpeg"}],"author":"Radio Ljubu\u0161ki","twitter_card":"summary_large_image","twitter_creator":"@radioljubuski","twitter_site":"@radioljubuski","twitter_misc":{"Napisao\/la":"Radio Ljubu\u0161ki","Procijenjeno vrijeme \u010ditanja":"2 minute"},"schema":{"@context":"https:\/\/schema.org","@graph":[{"@type":"Article","@id":"https:\/\/radioljubuski.ba\/index.php\/2022\/07\/27\/podrzana-coviceva-inicijativa-o-prihvacanju-radne-definicije-antisemitizma\/#article","isPartOf":{"@id":"https:\/\/radioljubuski.ba\/index.php\/2022\/07\/27\/podrzana-coviceva-inicijativa-o-prihvacanju-radne-definicije-antisemitizma\/"},"author":{"name":"Radio Ljubu\u0161ki","@id":"https:\/\/radioljubuski.ba\/#\/schema\/person\/19fc700381a780f69665d7956c469e3b"},"headline":"Podr\u017eana \u010covi\u0107eva inicijativa o prihva\u0107anju radne definicije antisemitizma","datePublished":"2022-07-27T09:20:51+00:00","dateModified":"2022-07-27T09:20:52+00:00","mainEntityOfPage":{"@id":"https:\/\/radioljubuski.ba\/index.php\/2022\/07\/27\/podrzana-coviceva-inicijativa-o-prihvacanju-radne-definicije-antisemitizma\/"},"wordCount":313,"publisher":{"@id":"https:\/\/radioljubuski.ba\/#organization"},"image":{"@id":"https:\/\/radioljubuski.ba\/index.php\/2022\/07\/27\/podrzana-coviceva-inicijativa-o-prihvacanju-radne-definicije-antisemitizma\/#primaryimage"},"thumbnailUrl":"https:\/\/radioljubuski.ba\/wp-content\/uploads\/2022\/06\/covic-izrael-zid.jpg","articleSection":["BIH i regija"],"inLanguage":"hr"},{"@type":"WebPage","@id":"https:\/\/radioljubuski.ba\/index.php\/2022\/07\/27\/podrzana-coviceva-inicijativa-o-prihvacanju-radne-definicije-antisemitizma\/","url":"https:\/\/radioljubuski.ba\/index.php\/2022\/07\/27\/podrzana-coviceva-inicijativa-o-prihvacanju-radne-definicije-antisemitizma\/","name":"Podr\u017eana \u010covi\u0107eva inicijativa o prihva\u0107anju radne definicije antisemitizma - RADIO LJUBU\u0160KI","isPartOf":{"@id":"https:\/\/radioljubuski.ba\/#website"},"primaryImageOfPage":{"@id":"https:\/\/radioljubuski.ba\/index.php\/2022\/07\/27\/podrzana-coviceva-inicijativa-o-prihvacanju-radne-definicije-antisemitizma\/#primaryimage"},"image":{"@id":"https:\/\/radioljubuski.ba\/index.php\/2022\/07\/27\/podrzana-coviceva-inicijativa-o-prihvacanju-radne-definicije-antisemitizma\/#primaryimage"},"thumbnailUrl":"https:\/\/radioljubuski.ba\/wp-content\/uploads\/2022\/06\/covic-izrael-zid.jpg","datePublished":"2022-07-27T09:20:51+00:00","dateModified":"2022-07-27T09:20:52+00:00","breadcrumb":{"@id":"https:\/\/radioljubuski.ba\/index.php\/2022\/07\/27\/podrzana-coviceva-inicijativa-o-prihvacanju-radne-definicije-antisemitizma\/#breadcrumb"},"inLanguage":"hr","potentialAction":[{"@type":"ReadAction","target":["https:\/\/radioljubuski.ba\/index.php\/2022\/07\/27\/podrzana-coviceva-inicijativa-o-prihvacanju-radne-definicije-antisemitizma\/"]}]},{"@type":"ImageObject","inLanguage":"hr","@id":"https:\/\/radioljubuski.ba\/index.php\/2022\/07\/27\/podrzana-coviceva-inicijativa-o-prihvacanju-radne-definicije-antisemitizma\/#primaryimage","url":"https:\/\/radioljubuski.ba\/wp-content\/uploads\/2022\/06\/covic-izrael-zid.jpg","contentUrl":"https:\/\/radioljubuski.ba\/wp-content\/uploads\/2022\/06\/covic-izrael-zid.jpg","width":1024,"height":819},{"@type":"BreadcrumbList","@id":"https:\/\/radioljubuski.ba\/index.php\/2022\/07\/27\/podrzana-coviceva-inicijativa-o-prihvacanju-radne-definicije-antisemitizma\/#breadcrumb","itemListElement":[{"@type":"ListItem","position":1,"name":"Po\u010detna stranica","item":"https:\/\/radioljubuski.ba\/"},{"@type":"ListItem","position":2,"name":"Podr\u017eana \u010covi\u0107eva inicijativa o prihva\u0107anju radne definicije antisemitizma"}]},{"@type":"WebSite","@id":"https:\/\/radioljubuski.ba\/#website","url":"https:\/\/radioljubuski.ba\/","name":"Radio Ljubu\u0161ki","description":"Sun\u010dana frekvencija Hercegovine","publisher":{"@id":"https:\/\/radioljubuski.ba\/#organization"},"potentialAction":[{"@type":"SearchAction","target":{"@type":"EntryPoint","urlTemplate":"https:\/\/radioljubuski.ba\/?s={search_term_string}"},"query-input":{"@type":"PropertyValueSpecification","valueRequired":true,"valueName":"search_term_string"}}],"inLanguage":"hr"},{"@type":"Organization","@id":"https:\/\/radioljubuski.ba\/#organization","name":"Radio Ljubu\u0161ki","url":"https:\/\/radioljubuski.ba\/","logo":{"@type":"ImageObject","inLanguage":"hr","@id":"https:\/\/radioljubuski.ba\/#\/schema\/logo\/image\/","url":"https:\/\/radioljubuski.ba\/wp-content\/uploads\/2021\/02\/cropped-Radio_Ljubuski_logo1.jpg","contentUrl":"https:\/\/radioljubuski.ba\/wp-content\/uploads\/2021\/02\/cropped-Radio_Ljubuski_logo1.jpg","width":512,"height":512,"caption":"Radio Ljubu\u0161ki"},"image":{"@id":"https:\/\/radioljubuski.ba\/#\/schema\/logo\/image\/"},"sameAs":["https:\/\/www.facebook.com\/Radiio-Ljubuski-1490835324566332","https:\/\/x.com\/radioljubuski","https:\/\/hr.linkedin.com\/company\/radio-ljubuski","https:\/\/www.youtube.com\/channel\/UCHYaeO_n0Db3tjNGudGpXyw"]},{"@type":"Person","@id":"https:\/\/radioljubuski.ba\/#\/schema\/person\/19fc700381a780f69665d7956c469e3b","name":"Radio Ljubu\u0161ki"}]}},"_links":{"self":[{"href":"https:\/\/radioljubuski.ba\/index.php\/wp-json\/wp\/v2\/posts\/163900","targetHints":{"allow":["GET"]}}],"collection":[{"href":"https:\/\/radioljubuski.ba\/index.php\/wp-json\/wp\/v2\/posts"}],"about":[{"href":"https:\/\/radioljubuski.ba\/index.php\/wp-json\/wp\/v2\/types\/post"}],"author":[{"embeddable":true,"href":"https:\/\/radioljubuski.ba\/index.php\/wp-json\/wp\/v2\/users\/2"}],"replies":[{"embeddable":true,"href":"https:\/\/radioljubuski.ba\/index.php\/wp-json\/wp\/v2\/comments?post=163900"}],"version-history":[{"count":1,"href":"https:\/\/radioljubuski.ba\/index.php\/wp-json\/wp\/v2\/posts\/163900\/revisions"}],"predecessor-version":[{"id":163901,"href":"https:\/\/radioljubuski.ba\/index.php\/wp-json\/wp\/v2\/posts\/163900\/revisions\/163901"}],"wp:featuredmedia":[{"embeddable":true,"href":"https:\/\/radioljubuski.ba\/index.php\/wp-json\/wp\/v2\/media\/148231"}],"wp:attachment":[{"href":"https:\/\/radioljubuski.ba\/index.php\/wp-json\/wp\/v2\/media?parent=163900"}],"wp:term":[{"taxonomy":"category","embeddable":true,"href":"https:\/\/radioljubuski.ba\/index.php\/wp-json\/wp\/v2\/categories?post=163900"},{"taxonomy":"post_tag","embeddable":true,"href":"https:\/\/radioljubuski.ba\/index.php\/wp-json\/wp\/v2\/tags?post=163900"}],"curies":[{"name":"wp","href":"https:\/\/api.w.org\/{rel}","templated":true}]}}