{"id":163927,"date":"2022-07-27T10:37:00","date_gmt":"2022-07-27T09:37:00","guid":{"rendered":"https:\/\/radioljubuski.ba\/?p=163927"},"modified":"2022-07-27T10:37:01","modified_gmt":"2022-07-27T09:37:01","slug":"milanovic-rulja-je-nahuskana-schmidt-je-hrvatima-ponudio-nesto-mizerno-a-milostinja-je-izazvala-takvu-pobunu","status":"publish","type":"post","link":"https:\/\/radioljubuski.ba\/index.php\/2022\/07\/27\/milanovic-rulja-je-nahuskana-schmidt-je-hrvatima-ponudio-nesto-mizerno-a-milostinja-je-izazvala-takvu-pobunu\/","title":{"rendered":"Milanovi\u0107: Rulja je nahu\u0161kana. Schmidt je Hrvatima ponudio ne\u0161to mizerno, a milostinja je izazvala takvu pobunu\u2026"},"content":{"rendered":"\n<p><strong>Predsjednik Hrvatske Zoran Milanovi\u0107 sudjelovao je u Karlovcu na sve\u010danom ispra\u0107aju u Ma\u0111arsku 1. hrvatskog kontingenta u sklopu aktivnosti oja\u010dane budnosti NATO-a, u okviru borbene skupine pod vodstvom Ma\u0111arske.<\/strong><\/p>\n\n\n\n<p>Nakon sve\u010danosti hrvatski predsjednik je odgovarao na pitanja novinara. Odgovorio je i na pitanje o prosvjedima pred OHR-om u Sarajevu nakon najave da \u0107e visoki predstavnik Schmidt namatnuti izmjene Izbornog zakona i Ustava FBiH.<\/p>\n\n\n\n<p>\u2013 To je rulja nahu\u0161kana. Nema drugog naziva za njih. Sad rade ono \u0161to sam najavljivao mjesecima. Visoki predstavnik je na kraju do\u0161ao na ideju da se pozabavi malo tim pitanjem, ali stvar je malo kompleksnija. Taj \u010dovjek je taj prijedlog napravio isklju\u010divo gledaju\u0107i sebe, da sebi olak\u0161a \u017eivot i nekim bo\u0161nja\u010dkim strankama. Hrvatima je ponu\u0111eno ne\u0161to mizerno, no ta milostinja je izazvala takvu pobunu jer oni tu gube jednog \u010dovjeka. To je besramno. \u010cinjenica da je on pokazao da mo\u017ee \u010diniti \u0161to ga je volja, govori da sam bio potpuno u pravu kad sam ga prozivao. Dao je trun\u010dicu nade, mislio sam da \u0107e se Hrvati usprotiviti. Hrvati ovise o hiru meteorologije. Samo onda oni mogu pro\u0107i. Hrvati \u0161ute i slu\u0161aju, a tko se buni, unitaristi. O tome se ne govori. Opet kompromis na \u0161tetu Hrvata. Gdje smo tu mi? Hrvati se politi\u010dki istrebljuju u BiH. Koja je reakcija \u0160varca? Prepao se. Jedino zajedno Plenkovi\u0107 i ja ili samo Plenkovi\u0107 i njegova Vlada, mogu to zaustaviti. Suprotstaviti se onima koji se prave mrtvi i da to ne vide, a to su europski lideri. Pogledajte \u0161to dr\u017eave rade da bi za\u0161titile svoje interese, pogledajte \u0161to radi Turska, \u0161to rade Finska i \u0160vedska. Izru\u010divat \u0107e ljude koje su \u0161titili godinama \u2013 ka\u017ee Milanovi\u0107.<\/p>\n\n\n\n<p>\u2013 Netko \u010duva svoje no\u017eice i prsti\u0107e, a ja se satarom derem po prstu \u2013 rekao je slikovito.<\/p>\n\n\n\n<p>Upitan je o govoru kineskog premijera na otvaranju Pelje\u0161kog mosta.<\/p>\n\n\n\n<p>\u2013 Malo sam se \u0161alio, ali ne na kineski ra\u010dun, s njima poku\u0161avam uvijek ozbiljno i razumno. To je velika i nepregledna sila s kojom je pametno biti dobar, to nije njihov projekt, to je europski novac, na\u0161 novac. Bojim se da je to zadnji put da su dobili posao na natje\u010daju s obzirom na situaciju. Interesantno je bilo da smo ju\u010der slu\u0161ali kineskog premijera, poruka je izre\u010dena u tonu koje ne asocira stanje u kojim se nalazimo. Da mi je netko prije tri tjedna rekao da \u0107e nam se obratiti kineski premijer, rekao bih \u2018aj da vidim\u2019. Sad sam vidio, palac gore, ali malo naheren. Ovo ju\u010der je bilo zanimljivo. Drago mi je biti dobar s Kinom, nama Kina nije problem kakav jest Amerikancima i drugim dr\u017eavama. To \u0161to smo u NATO-u, ne zna\u010di da \u0107emo slijepo pratiti stalno politiku NATO-a. Mi imamo svoje interese \u2013 rekao je Milanovi\u0107.<\/p>\n\n\n\n<p>Zamjerio je \u0161to se na otvorenju Pelje\u0161kog mosta nisu spomenuli ljudi koji su u njegovoj Vladi radili na projektu izgradnje.<\/p>\n\n\n\n<p>\u2013 Tamo je pokazana povijest od 2017. To nije istina. Moje ime je nebitno, neka se ne pojavljuje nigdje. Ali ogroman posao je napravljen 2016. godine. Ljudi koji su zaista radili na tome i pripremali, zaslu\u017eili su da ih se spomene. Ne\u0107e\u0161 na taj na\u010din ispasti va\u017eniji \u2013 rekao je.<\/p>\n\n\n\n<p>Upitan je i o svom govoru te susretu s premijerom Plenkovi\u0107em.<\/p>\n\n\n\n<p>\u2013 Ja sam mu pri\u0161ao i pru\u017eio ruku. Vidio sam ga pa sam mu pru\u017eio ruku. Hrvatska javnost je to valjda o\u010dekivala, pa eto, rekoh sebi\u2026 \u2013 rekao je.<\/p>\n\n\n\n<p>\u2013 10 godina je taj projekt trajao, nakon salvi la\u017ei da smo morali raskinuti ugovor s hrvatskim izvo\u0111a\u010dima. Ja sam ugovor morao raskinuti. Ovo je na kraju opcija koju smo mi razradili. Tada bih pristao i na koridor preko Neuma. S BiH se ne mo\u017ee\u0161 dogovoriti ni koji je dan u tjednu, od toga se vrlo brzo odustalo. Pipenbaher je anga\u017eiran 2012. To je moja vlada napravila. Bilo je smije\u0161nih komentara, bili smo protiv Mosta, ajmo re\u0107i da je Tu\u0111man bio protiv Oluje, kako vam zvu\u010di ta glupost. Tu\u0111man nije bio protiv Oluje ali da je strana srpskih pobunjenika pristala na plan Z4, mi bi imali plan Z4, ovdje bi bila Krajina. Ali on to nije napravio. U tom trenutku je to izgledalo kao ne\u0161to optimalno za to. Naravno da kad ti netko ostavi groblje, s tim se mora\u0161 obra\u010dunati \u2013 ka\u017ee Milanovi\u0107.<\/p>\n\n\n\n<p>Upitan je je li njegov govor ju\u010der bio politi\u010dka poruka i nudi li ruku suradnje.<\/p>\n\n\n\n<p>\u2013 Uvijek je moj govor politi\u010dka poruka. Ja nisam izvr\u0161na vlast, ali ne mogu prelaziti preko o\u010ditih nepravilnosti, pogotovo kad se ti\u010de vojske, da ih se terorizira. To dolazi od osobe koja je Plenkovi\u0107ev osobni batler. To mora biti rije\u0161eno. Sustav zbog toga ne smije trpjeti, to je osobni izbor jednog \u010dovjeka. Ja sam vrhovni zapovjednik, on je Plenkovi\u0107eva dvorska luda \u2013 rekao je.<\/p>\n\n\n\n<p>\/HMS\/<\/p>\n","protected":false},"excerpt":{"rendered":"<p>Predsjednik Hrvatske Zoran Milanovi\u0107 sudjelovao je u Karlovcu na sve\u010danom ispra\u0107aju u Ma\u0111arsku 1. hrvatskog kontingenta u sklopu aktivnosti oja\u010dane budnosti NATO-a, u okviru borbene skupine pod vodstvom Ma\u0111arske. Nakon sve\u010danosti hrvatski predsjednik je odgovarao na pitanja novinara. Odgovorio je i na pitanje o prosvjedima pred OHR-om u Sarajevu nakon najave da \u0107e visoki predstavnik [&hellip;]<\/p>\n","protected":false},"author":2,"featured_media":150379,"comment_status":"closed","ping_status":"closed","sticky":false,"template":"","format":"standard","meta":{"h5ap_radio_sources":[],"footnotes":""},"categories":[1],"tags":[],"class_list":["post-163927","post","type-post","status-publish","format-standard","has-post-thumbnail","hentry","category-bihiregija"],"yoast_head":"<!-- This site is optimized with the Yoast SEO plugin v27.5 - https:\/\/yoast.com\/product\/yoast-seo-wordpress\/ -->\n<title>Milanovi\u0107: Rulja je nahu\u0161kana. Schmidt je Hrvatima ponudio ne\u0161to mizerno, a milostinja je izazvala takvu pobunu\u2026 - RADIO LJUBU\u0160KI<\/title>\n<meta name=\"robots\" content=\"index, follow, max-snippet:-1, max-image-preview:large, max-video-preview:-1\" \/>\n<link rel=\"canonical\" href=\"https:\/\/radioljubuski.ba\/index.php\/2022\/07\/27\/milanovic-rulja-je-nahuskana-schmidt-je-hrvatima-ponudio-nesto-mizerno-a-milostinja-je-izazvala-takvu-pobunu\/\" \/>\n<meta property=\"og:locale\" content=\"hr_HR\" \/>\n<meta property=\"og:type\" content=\"article\" \/>\n<meta property=\"og:title\" content=\"Milanovi\u0107: Rulja je nahu\u0161kana. Schmidt je Hrvatima ponudio ne\u0161to mizerno, a milostinja je izazvala takvu pobunu\u2026 - RADIO LJUBU\u0160KI\" \/>\n<meta property=\"og:description\" content=\"Predsjednik Hrvatske Zoran Milanovi\u0107 sudjelovao je u Karlovcu na sve\u010danom ispra\u0107aju u Ma\u0111arsku 1. hrvatskog kontingenta u sklopu aktivnosti oja\u010dane budnosti NATO-a, u okviru borbene skupine pod vodstvom Ma\u0111arske. Nakon sve\u010danosti hrvatski predsjednik je odgovarao na pitanja novinara. Odgovorio je i na pitanje o prosvjedima pred OHR-om u Sarajevu nakon najave da \u0107e visoki predstavnik [&hellip;]\" \/>\n<meta property=\"og:url\" content=\"https:\/\/radioljubuski.ba\/index.php\/2022\/07\/27\/milanovic-rulja-je-nahuskana-schmidt-je-hrvatima-ponudio-nesto-mizerno-a-milostinja-je-izazvala-takvu-pobunu\/\" \/>\n<meta property=\"og:site_name\" content=\"RADIO LJUBU\u0160KI\" \/>\n<meta property=\"article:publisher\" content=\"https:\/\/www.facebook.com\/Radiio-Ljubuski-1490835324566332\" \/>\n<meta property=\"article:published_time\" content=\"2022-07-27T09:37:00+00:00\" \/>\n<meta property=\"article:modified_time\" content=\"2022-07-27T09:37:01+00:00\" \/>\n<meta property=\"og:image\" content=\"https:\/\/radioljubuski.ba\/wp-content\/uploads\/2022\/06\/milanovic-2.jpg\" \/>\n\t<meta property=\"og:image:width\" content=\"1200\" \/>\n\t<meta property=\"og:image:height\" content=\"800\" \/>\n\t<meta property=\"og:image:type\" content=\"image\/jpeg\" \/>\n<meta name=\"author\" content=\"Radio Ljubu\u0161ki\" \/>\n<meta name=\"twitter:card\" content=\"summary_large_image\" \/>\n<meta name=\"twitter:creator\" content=\"@radioljubuski\" \/>\n<meta name=\"twitter:site\" content=\"@radioljubuski\" \/>\n<meta name=\"twitter:label1\" content=\"Napisao\/la\" \/>\n\t<meta name=\"twitter:data1\" content=\"Radio Ljubu\u0161ki\" \/>\n\t<meta name=\"twitter:label2\" content=\"Procijenjeno vrijeme \u010ditanja\" \/>\n\t<meta name=\"twitter:data2\" content=\"4 minute\" \/>\n<script type=\"application\/ld+json\" class=\"yoast-schema-graph\">{\"@context\":\"https:\\\/\\\/schema.org\",\"@graph\":[{\"@type\":\"Article\",\"@id\":\"https:\\\/\\\/radioljubuski.ba\\\/index.php\\\/2022\\\/07\\\/27\\\/milanovic-rulja-je-nahuskana-schmidt-je-hrvatima-ponudio-nesto-mizerno-a-milostinja-je-izazvala-takvu-pobunu\\\/#article\",\"isPartOf\":{\"@id\":\"https:\\\/\\\/radioljubuski.ba\\\/index.php\\\/2022\\\/07\\\/27\\\/milanovic-rulja-je-nahuskana-schmidt-je-hrvatima-ponudio-nesto-mizerno-a-milostinja-je-izazvala-takvu-pobunu\\\/\"},\"author\":{\"name\":\"Radio Ljubu\u0161ki\",\"@id\":\"https:\\\/\\\/radioljubuski.ba\\\/#\\\/schema\\\/person\\\/19fc700381a780f69665d7956c469e3b\"},\"headline\":\"Milanovi\u0107: Rulja je nahu\u0161kana. Schmidt je Hrvatima ponudio ne\u0161to mizerno, a milostinja je izazvala takvu pobunu\u2026\",\"datePublished\":\"2022-07-27T09:37:00+00:00\",\"dateModified\":\"2022-07-27T09:37:01+00:00\",\"mainEntityOfPage\":{\"@id\":\"https:\\\/\\\/radioljubuski.ba\\\/index.php\\\/2022\\\/07\\\/27\\\/milanovic-rulja-je-nahuskana-schmidt-je-hrvatima-ponudio-nesto-mizerno-a-milostinja-je-izazvala-takvu-pobunu\\\/\"},\"wordCount\":853,\"publisher\":{\"@id\":\"https:\\\/\\\/radioljubuski.ba\\\/#organization\"},\"image\":{\"@id\":\"https:\\\/\\\/radioljubuski.ba\\\/index.php\\\/2022\\\/07\\\/27\\\/milanovic-rulja-je-nahuskana-schmidt-je-hrvatima-ponudio-nesto-mizerno-a-milostinja-je-izazvala-takvu-pobunu\\\/#primaryimage\"},\"thumbnailUrl\":\"https:\\\/\\\/radioljubuski.ba\\\/wp-content\\\/uploads\\\/2022\\\/06\\\/milanovic-2.jpg\",\"articleSection\":[\"BIH i regija\"],\"inLanguage\":\"hr\"},{\"@type\":\"WebPage\",\"@id\":\"https:\\\/\\\/radioljubuski.ba\\\/index.php\\\/2022\\\/07\\\/27\\\/milanovic-rulja-je-nahuskana-schmidt-je-hrvatima-ponudio-nesto-mizerno-a-milostinja-je-izazvala-takvu-pobunu\\\/\",\"url\":\"https:\\\/\\\/radioljubuski.ba\\\/index.php\\\/2022\\\/07\\\/27\\\/milanovic-rulja-je-nahuskana-schmidt-je-hrvatima-ponudio-nesto-mizerno-a-milostinja-je-izazvala-takvu-pobunu\\\/\",\"name\":\"Milanovi\u0107: Rulja je nahu\u0161kana. Schmidt je Hrvatima ponudio ne\u0161to mizerno, a milostinja je izazvala takvu pobunu\u2026 - RADIO LJUBU\u0160KI\",\"isPartOf\":{\"@id\":\"https:\\\/\\\/radioljubuski.ba\\\/#website\"},\"primaryImageOfPage\":{\"@id\":\"https:\\\/\\\/radioljubuski.ba\\\/index.php\\\/2022\\\/07\\\/27\\\/milanovic-rulja-je-nahuskana-schmidt-je-hrvatima-ponudio-nesto-mizerno-a-milostinja-je-izazvala-takvu-pobunu\\\/#primaryimage\"},\"image\":{\"@id\":\"https:\\\/\\\/radioljubuski.ba\\\/index.php\\\/2022\\\/07\\\/27\\\/milanovic-rulja-je-nahuskana-schmidt-je-hrvatima-ponudio-nesto-mizerno-a-milostinja-je-izazvala-takvu-pobunu\\\/#primaryimage\"},\"thumbnailUrl\":\"https:\\\/\\\/radioljubuski.ba\\\/wp-content\\\/uploads\\\/2022\\\/06\\\/milanovic-2.jpg\",\"datePublished\":\"2022-07-27T09:37:00+00:00\",\"dateModified\":\"2022-07-27T09:37:01+00:00\",\"breadcrumb\":{\"@id\":\"https:\\\/\\\/radioljubuski.ba\\\/index.php\\\/2022\\\/07\\\/27\\\/milanovic-rulja-je-nahuskana-schmidt-je-hrvatima-ponudio-nesto-mizerno-a-milostinja-je-izazvala-takvu-pobunu\\\/#breadcrumb\"},\"inLanguage\":\"hr\",\"potentialAction\":[{\"@type\":\"ReadAction\",\"target\":[\"https:\\\/\\\/radioljubuski.ba\\\/index.php\\\/2022\\\/07\\\/27\\\/milanovic-rulja-je-nahuskana-schmidt-je-hrvatima-ponudio-nesto-mizerno-a-milostinja-je-izazvala-takvu-pobunu\\\/\"]}]},{\"@type\":\"ImageObject\",\"inLanguage\":\"hr\",\"@id\":\"https:\\\/\\\/radioljubuski.ba\\\/index.php\\\/2022\\\/07\\\/27\\\/milanovic-rulja-je-nahuskana-schmidt-je-hrvatima-ponudio-nesto-mizerno-a-milostinja-je-izazvala-takvu-pobunu\\\/#primaryimage\",\"url\":\"https:\\\/\\\/radioljubuski.ba\\\/wp-content\\\/uploads\\\/2022\\\/06\\\/milanovic-2.jpg\",\"contentUrl\":\"https:\\\/\\\/radioljubuski.ba\\\/wp-content\\\/uploads\\\/2022\\\/06\\\/milanovic-2.jpg\",\"width\":1200,\"height\":800},{\"@type\":\"BreadcrumbList\",\"@id\":\"https:\\\/\\\/radioljubuski.ba\\\/index.php\\\/2022\\\/07\\\/27\\\/milanovic-rulja-je-nahuskana-schmidt-je-hrvatima-ponudio-nesto-mizerno-a-milostinja-je-izazvala-takvu-pobunu\\\/#breadcrumb\",\"itemListElement\":[{\"@type\":\"ListItem\",\"position\":1,\"name\":\"Po\u010detna stranica\",\"item\":\"https:\\\/\\\/radioljubuski.ba\\\/\"},{\"@type\":\"ListItem\",\"position\":2,\"name\":\"Milanovi\u0107: Rulja je nahu\u0161kana. Schmidt je Hrvatima ponudio ne\u0161to mizerno, a milostinja je izazvala takvu pobunu\u2026\"}]},{\"@type\":\"WebSite\",\"@id\":\"https:\\\/\\\/radioljubuski.ba\\\/#website\",\"url\":\"https:\\\/\\\/radioljubuski.ba\\\/\",\"name\":\"Radio Ljubu\u0161ki\",\"description\":\"Sun\u010dana frekvencija Hercegovine\",\"publisher\":{\"@id\":\"https:\\\/\\\/radioljubuski.ba\\\/#organization\"},\"potentialAction\":[{\"@type\":\"SearchAction\",\"target\":{\"@type\":\"EntryPoint\",\"urlTemplate\":\"https:\\\/\\\/radioljubuski.ba\\\/?s={search_term_string}\"},\"query-input\":{\"@type\":\"PropertyValueSpecification\",\"valueRequired\":true,\"valueName\":\"search_term_string\"}}],\"inLanguage\":\"hr\"},{\"@type\":\"Organization\",\"@id\":\"https:\\\/\\\/radioljubuski.ba\\\/#organization\",\"name\":\"Radio Ljubu\u0161ki\",\"url\":\"https:\\\/\\\/radioljubuski.ba\\\/\",\"logo\":{\"@type\":\"ImageObject\",\"inLanguage\":\"hr\",\"@id\":\"https:\\\/\\\/radioljubuski.ba\\\/#\\\/schema\\\/logo\\\/image\\\/\",\"url\":\"https:\\\/\\\/radioljubuski.ba\\\/wp-content\\\/uploads\\\/2021\\\/02\\\/cropped-Radio_Ljubuski_logo1.jpg\",\"contentUrl\":\"https:\\\/\\\/radioljubuski.ba\\\/wp-content\\\/uploads\\\/2021\\\/02\\\/cropped-Radio_Ljubuski_logo1.jpg\",\"width\":512,\"height\":512,\"caption\":\"Radio Ljubu\u0161ki\"},\"image\":{\"@id\":\"https:\\\/\\\/radioljubuski.ba\\\/#\\\/schema\\\/logo\\\/image\\\/\"},\"sameAs\":[\"https:\\\/\\\/www.facebook.com\\\/Radiio-Ljubuski-1490835324566332\",\"https:\\\/\\\/x.com\\\/radioljubuski\",\"https:\\\/\\\/hr.linkedin.com\\\/company\\\/radio-ljubuski\",\"https:\\\/\\\/www.youtube.com\\\/channel\\\/UCHYaeO_n0Db3tjNGudGpXyw\"]},{\"@type\":\"Person\",\"@id\":\"https:\\\/\\\/radioljubuski.ba\\\/#\\\/schema\\\/person\\\/19fc700381a780f69665d7956c469e3b\",\"name\":\"Radio Ljubu\u0161ki\"}]}<\/script>\n<!-- \/ Yoast SEO plugin. -->","yoast_head_json":{"title":"Milanovi\u0107: Rulja je nahu\u0161kana. Schmidt je Hrvatima ponudio ne\u0161to mizerno, a milostinja je izazvala takvu pobunu\u2026 - RADIO LJUBU\u0160KI","robots":{"index":"index","follow":"follow","max-snippet":"max-snippet:-1","max-image-preview":"max-image-preview:large","max-video-preview":"max-video-preview:-1"},"canonical":"https:\/\/radioljubuski.ba\/index.php\/2022\/07\/27\/milanovic-rulja-je-nahuskana-schmidt-je-hrvatima-ponudio-nesto-mizerno-a-milostinja-je-izazvala-takvu-pobunu\/","og_locale":"hr_HR","og_type":"article","og_title":"Milanovi\u0107: Rulja je nahu\u0161kana. Schmidt je Hrvatima ponudio ne\u0161to mizerno, a milostinja je izazvala takvu pobunu\u2026 - RADIO LJUBU\u0160KI","og_description":"Predsjednik Hrvatske Zoran Milanovi\u0107 sudjelovao je u Karlovcu na sve\u010danom ispra\u0107aju u Ma\u0111arsku 1. hrvatskog kontingenta u sklopu aktivnosti oja\u010dane budnosti NATO-a, u okviru borbene skupine pod vodstvom Ma\u0111arske. Nakon sve\u010danosti hrvatski predsjednik je odgovarao na pitanja novinara. Odgovorio je i na pitanje o prosvjedima pred OHR-om u Sarajevu nakon najave da \u0107e visoki predstavnik [&hellip;]","og_url":"https:\/\/radioljubuski.ba\/index.php\/2022\/07\/27\/milanovic-rulja-je-nahuskana-schmidt-je-hrvatima-ponudio-nesto-mizerno-a-milostinja-je-izazvala-takvu-pobunu\/","og_site_name":"RADIO LJUBU\u0160KI","article_publisher":"https:\/\/www.facebook.com\/Radiio-Ljubuski-1490835324566332","article_published_time":"2022-07-27T09:37:00+00:00","article_modified_time":"2022-07-27T09:37:01+00:00","og_image":[{"width":1200,"height":800,"url":"https:\/\/radioljubuski.ba\/wp-content\/uploads\/2022\/06\/milanovic-2.jpg","type":"image\/jpeg"}],"author":"Radio Ljubu\u0161ki","twitter_card":"summary_large_image","twitter_creator":"@radioljubuski","twitter_site":"@radioljubuski","twitter_misc":{"Napisao\/la":"Radio Ljubu\u0161ki","Procijenjeno vrijeme \u010ditanja":"4 minute"},"schema":{"@context":"https:\/\/schema.org","@graph":[{"@type":"Article","@id":"https:\/\/radioljubuski.ba\/index.php\/2022\/07\/27\/milanovic-rulja-je-nahuskana-schmidt-je-hrvatima-ponudio-nesto-mizerno-a-milostinja-je-izazvala-takvu-pobunu\/#article","isPartOf":{"@id":"https:\/\/radioljubuski.ba\/index.php\/2022\/07\/27\/milanovic-rulja-je-nahuskana-schmidt-je-hrvatima-ponudio-nesto-mizerno-a-milostinja-je-izazvala-takvu-pobunu\/"},"author":{"name":"Radio Ljubu\u0161ki","@id":"https:\/\/radioljubuski.ba\/#\/schema\/person\/19fc700381a780f69665d7956c469e3b"},"headline":"Milanovi\u0107: Rulja je nahu\u0161kana. Schmidt je Hrvatima ponudio ne\u0161to mizerno, a milostinja je izazvala takvu pobunu\u2026","datePublished":"2022-07-27T09:37:00+00:00","dateModified":"2022-07-27T09:37:01+00:00","mainEntityOfPage":{"@id":"https:\/\/radioljubuski.ba\/index.php\/2022\/07\/27\/milanovic-rulja-je-nahuskana-schmidt-je-hrvatima-ponudio-nesto-mizerno-a-milostinja-je-izazvala-takvu-pobunu\/"},"wordCount":853,"publisher":{"@id":"https:\/\/radioljubuski.ba\/#organization"},"image":{"@id":"https:\/\/radioljubuski.ba\/index.php\/2022\/07\/27\/milanovic-rulja-je-nahuskana-schmidt-je-hrvatima-ponudio-nesto-mizerno-a-milostinja-je-izazvala-takvu-pobunu\/#primaryimage"},"thumbnailUrl":"https:\/\/radioljubuski.ba\/wp-content\/uploads\/2022\/06\/milanovic-2.jpg","articleSection":["BIH i regija"],"inLanguage":"hr"},{"@type":"WebPage","@id":"https:\/\/radioljubuski.ba\/index.php\/2022\/07\/27\/milanovic-rulja-je-nahuskana-schmidt-je-hrvatima-ponudio-nesto-mizerno-a-milostinja-je-izazvala-takvu-pobunu\/","url":"https:\/\/radioljubuski.ba\/index.php\/2022\/07\/27\/milanovic-rulja-je-nahuskana-schmidt-je-hrvatima-ponudio-nesto-mizerno-a-milostinja-je-izazvala-takvu-pobunu\/","name":"Milanovi\u0107: Rulja je nahu\u0161kana. Schmidt je Hrvatima ponudio ne\u0161to mizerno, a milostinja je izazvala takvu pobunu\u2026 - RADIO LJUBU\u0160KI","isPartOf":{"@id":"https:\/\/radioljubuski.ba\/#website"},"primaryImageOfPage":{"@id":"https:\/\/radioljubuski.ba\/index.php\/2022\/07\/27\/milanovic-rulja-je-nahuskana-schmidt-je-hrvatima-ponudio-nesto-mizerno-a-milostinja-je-izazvala-takvu-pobunu\/#primaryimage"},"image":{"@id":"https:\/\/radioljubuski.ba\/index.php\/2022\/07\/27\/milanovic-rulja-je-nahuskana-schmidt-je-hrvatima-ponudio-nesto-mizerno-a-milostinja-je-izazvala-takvu-pobunu\/#primaryimage"},"thumbnailUrl":"https:\/\/radioljubuski.ba\/wp-content\/uploads\/2022\/06\/milanovic-2.jpg","datePublished":"2022-07-27T09:37:00+00:00","dateModified":"2022-07-27T09:37:01+00:00","breadcrumb":{"@id":"https:\/\/radioljubuski.ba\/index.php\/2022\/07\/27\/milanovic-rulja-je-nahuskana-schmidt-je-hrvatima-ponudio-nesto-mizerno-a-milostinja-je-izazvala-takvu-pobunu\/#breadcrumb"},"inLanguage":"hr","potentialAction":[{"@type":"ReadAction","target":["https:\/\/radioljubuski.ba\/index.php\/2022\/07\/27\/milanovic-rulja-je-nahuskana-schmidt-je-hrvatima-ponudio-nesto-mizerno-a-milostinja-je-izazvala-takvu-pobunu\/"]}]},{"@type":"ImageObject","inLanguage":"hr","@id":"https:\/\/radioljubuski.ba\/index.php\/2022\/07\/27\/milanovic-rulja-je-nahuskana-schmidt-je-hrvatima-ponudio-nesto-mizerno-a-milostinja-je-izazvala-takvu-pobunu\/#primaryimage","url":"https:\/\/radioljubuski.ba\/wp-content\/uploads\/2022\/06\/milanovic-2.jpg","contentUrl":"https:\/\/radioljubuski.ba\/wp-content\/uploads\/2022\/06\/milanovic-2.jpg","width":1200,"height":800},{"@type":"BreadcrumbList","@id":"https:\/\/radioljubuski.ba\/index.php\/2022\/07\/27\/milanovic-rulja-je-nahuskana-schmidt-je-hrvatima-ponudio-nesto-mizerno-a-milostinja-je-izazvala-takvu-pobunu\/#breadcrumb","itemListElement":[{"@type":"ListItem","position":1,"name":"Po\u010detna stranica","item":"https:\/\/radioljubuski.ba\/"},{"@type":"ListItem","position":2,"name":"Milanovi\u0107: Rulja je nahu\u0161kana. Schmidt je Hrvatima ponudio ne\u0161to mizerno, a milostinja je izazvala takvu pobunu\u2026"}]},{"@type":"WebSite","@id":"https:\/\/radioljubuski.ba\/#website","url":"https:\/\/radioljubuski.ba\/","name":"Radio Ljubu\u0161ki","description":"Sun\u010dana frekvencija Hercegovine","publisher":{"@id":"https:\/\/radioljubuski.ba\/#organization"},"potentialAction":[{"@type":"SearchAction","target":{"@type":"EntryPoint","urlTemplate":"https:\/\/radioljubuski.ba\/?s={search_term_string}"},"query-input":{"@type":"PropertyValueSpecification","valueRequired":true,"valueName":"search_term_string"}}],"inLanguage":"hr"},{"@type":"Organization","@id":"https:\/\/radioljubuski.ba\/#organization","name":"Radio Ljubu\u0161ki","url":"https:\/\/radioljubuski.ba\/","logo":{"@type":"ImageObject","inLanguage":"hr","@id":"https:\/\/radioljubuski.ba\/#\/schema\/logo\/image\/","url":"https:\/\/radioljubuski.ba\/wp-content\/uploads\/2021\/02\/cropped-Radio_Ljubuski_logo1.jpg","contentUrl":"https:\/\/radioljubuski.ba\/wp-content\/uploads\/2021\/02\/cropped-Radio_Ljubuski_logo1.jpg","width":512,"height":512,"caption":"Radio Ljubu\u0161ki"},"image":{"@id":"https:\/\/radioljubuski.ba\/#\/schema\/logo\/image\/"},"sameAs":["https:\/\/www.facebook.com\/Radiio-Ljubuski-1490835324566332","https:\/\/x.com\/radioljubuski","https:\/\/hr.linkedin.com\/company\/radio-ljubuski","https:\/\/www.youtube.com\/channel\/UCHYaeO_n0Db3tjNGudGpXyw"]},{"@type":"Person","@id":"https:\/\/radioljubuski.ba\/#\/schema\/person\/19fc700381a780f69665d7956c469e3b","name":"Radio Ljubu\u0161ki"}]}},"_links":{"self":[{"href":"https:\/\/radioljubuski.ba\/index.php\/wp-json\/wp\/v2\/posts\/163927","targetHints":{"allow":["GET"]}}],"collection":[{"href":"https:\/\/radioljubuski.ba\/index.php\/wp-json\/wp\/v2\/posts"}],"about":[{"href":"https:\/\/radioljubuski.ba\/index.php\/wp-json\/wp\/v2\/types\/post"}],"author":[{"embeddable":true,"href":"https:\/\/radioljubuski.ba\/index.php\/wp-json\/wp\/v2\/users\/2"}],"replies":[{"embeddable":true,"href":"https:\/\/radioljubuski.ba\/index.php\/wp-json\/wp\/v2\/comments?post=163927"}],"version-history":[{"count":1,"href":"https:\/\/radioljubuski.ba\/index.php\/wp-json\/wp\/v2\/posts\/163927\/revisions"}],"predecessor-version":[{"id":163928,"href":"https:\/\/radioljubuski.ba\/index.php\/wp-json\/wp\/v2\/posts\/163927\/revisions\/163928"}],"wp:featuredmedia":[{"embeddable":true,"href":"https:\/\/radioljubuski.ba\/index.php\/wp-json\/wp\/v2\/media\/150379"}],"wp:attachment":[{"href":"https:\/\/radioljubuski.ba\/index.php\/wp-json\/wp\/v2\/media?parent=163927"}],"wp:term":[{"taxonomy":"category","embeddable":true,"href":"https:\/\/radioljubuski.ba\/index.php\/wp-json\/wp\/v2\/categories?post=163927"},{"taxonomy":"post_tag","embeddable":true,"href":"https:\/\/radioljubuski.ba\/index.php\/wp-json\/wp\/v2\/tags?post=163927"}],"curies":[{"name":"wp","href":"https:\/\/api.w.org\/{rel}","templated":true}]}}