{"id":163952,"date":"2022-07-27T10:49:54","date_gmt":"2022-07-27T09:49:54","guid":{"rendered":"https:\/\/radioljubuski.ba\/?p=163952"},"modified":"2022-07-27T10:49:55","modified_gmt":"2022-07-27T09:49:55","slug":"europska-unija-postigla-dogovor-o-smanjenju-potraznje-za-prirodnim-plinom","status":"publish","type":"post","link":"https:\/\/radioljubuski.ba\/index.php\/2022\/07\/27\/europska-unija-postigla-dogovor-o-smanjenju-potraznje-za-prirodnim-plinom\/","title":{"rendered":"Europska unija postigla dogovor o smanjenju potra\u017enje za prirodnim plinom"},"content":{"rendered":"\n<p>Ministri energetike zemalja \u010dlanica Europske unije (EU) postigli su u utorak politi\u010dki dogovor o smanjenju potra\u017enje za plinom u europskom bloku nakon \u0161to je Rusija zaprijetila prekidom opskrbe.<\/p>\n\n\n\n<p>&#8211; Ovo nije bila nemogu\u0107a misija! Ministri su postigli politi\u010dki dogovor o smanjenju potra\u017enje za plinom uo\u010di nadolaze\u0107e zime &#8211; objavila je \u010de\u0161ka vlada, koja trenutno predsjeda Europskim vije\u0107em, na Twitteru nakon izvanrednog sastanka.<\/p>\n\n\n\n<p>Ministri energetike okupili su se kako bi raspravljali o zimskom planu Europske komisije za izvanredne situacije, koji od dr\u017eava \u010dlanica EU-a tra\u017ei smanjenje potra\u017enje za prirodnim plinom za 15 posto izme\u0111u kolovoza i o\u017eujka, zbog straha da \u0107e Rusija smanjiti opskrbu plinom kao odgovor na sankcije europskog bloka zbog Ruski rat u Ukrajini.<\/p>\n\n\n\n<p>Prema prijedlogu, taj bi potez omogu\u0107io dr\u017eavama \u010dlanicama EU da ispune svoja podzemna skladi\u0161ta plina, koja sada iznose 66 posto, a tako\u0111er bi smanjio budu\u0107i jaz izme\u0111u ponude i potra\u017enje kako bi se izbjegle nesta\u0161ice tijekom zime.<\/p>\n\n\n\n<p>EU je Rusiji uvela sedam paketa sankcija od po\u010detka rata te zemlje protiv Ukrajine 24. velja\u010de.<\/p>\n\n\n\n<p>Paketi sankcija EU-a usmjereni su, izme\u0111u ostalih, na ruskog predsjednika Vladimira Putina i ministra vanjskih poslova Sergeja Lavrova, te zabranjuju uvoz zlata, nafte i ugljena i izvoz luksuzne robe, kao i isklju\u010denje ruskih i bjeloruskih banaka iz kori\u0161tenja SWIFT-a. me\u0111unarodni platni sustav.<\/p>\n\n\n\n<p>Izvor:avaz.ba<\/p>\n","protected":false},"excerpt":{"rendered":"<p>Ministri energetike zemalja \u010dlanica Europske unije (EU) postigli su u utorak politi\u010dki dogovor o smanjenju potra\u017enje za plinom u europskom bloku nakon \u0161to je Rusija zaprijetila prekidom opskrbe. &#8211; Ovo nije bila nemogu\u0107a misija! Ministri su postigli politi\u010dki dogovor o smanjenju potra\u017enje za plinom uo\u010di nadolaze\u0107e zime &#8211; objavila je \u010de\u0161ka vlada, koja trenutno predsjeda [&hellip;]<\/p>\n","protected":false},"author":2,"featured_media":161721,"comment_status":"closed","ping_status":"closed","sticky":false,"template":"","format":"standard","meta":{"h5ap_radio_sources":[],"footnotes":""},"categories":[1],"tags":[],"class_list":["post-163952","post","type-post","status-publish","format-standard","has-post-thumbnail","hentry","category-bihiregija"],"yoast_head":"<!-- This site is optimized with the Yoast SEO plugin v27.5 - https:\/\/yoast.com\/product\/yoast-seo-wordpress\/ -->\n<title>Europska unija postigla dogovor o smanjenju potra\u017enje za prirodnim plinom - RADIO LJUBU\u0160KI<\/title>\n<meta name=\"robots\" content=\"index, follow, max-snippet:-1, max-image-preview:large, max-video-preview:-1\" \/>\n<link rel=\"canonical\" href=\"https:\/\/radioljubuski.ba\/index.php\/2022\/07\/27\/europska-unija-postigla-dogovor-o-smanjenju-potraznje-za-prirodnim-plinom\/\" \/>\n<meta property=\"og:locale\" content=\"hr_HR\" \/>\n<meta property=\"og:type\" content=\"article\" \/>\n<meta property=\"og:title\" content=\"Europska unija postigla dogovor o smanjenju potra\u017enje za prirodnim plinom - RADIO LJUBU\u0160KI\" \/>\n<meta property=\"og:description\" content=\"Ministri energetike zemalja \u010dlanica Europske unije (EU) postigli su u utorak politi\u010dki dogovor o smanjenju potra\u017enje za plinom u europskom bloku nakon \u0161to je Rusija zaprijetila prekidom opskrbe. &#8211; Ovo nije bila nemogu\u0107a misija! Ministri su postigli politi\u010dki dogovor o smanjenju potra\u017enje za plinom uo\u010di nadolaze\u0107e zime &#8211; objavila je \u010de\u0161ka vlada, koja trenutno predsjeda [&hellip;]\" \/>\n<meta property=\"og:url\" content=\"https:\/\/radioljubuski.ba\/index.php\/2022\/07\/27\/europska-unija-postigla-dogovor-o-smanjenju-potraznje-za-prirodnim-plinom\/\" \/>\n<meta property=\"og:site_name\" content=\"RADIO LJUBU\u0160KI\" \/>\n<meta property=\"article:publisher\" content=\"https:\/\/www.facebook.com\/Radiio-Ljubuski-1490835324566332\" \/>\n<meta property=\"article:published_time\" content=\"2022-07-27T09:49:54+00:00\" \/>\n<meta property=\"article:modified_time\" content=\"2022-07-27T09:49:55+00:00\" \/>\n<meta property=\"og:image\" content=\"https:\/\/radioljubuski.ba\/wp-content\/uploads\/2022\/07\/sarajevogas_Plin_Arhiv-1.jpg\" \/>\n\t<meta property=\"og:image:width\" content=\"871\" \/>\n\t<meta property=\"og:image:height\" content=\"540\" \/>\n\t<meta property=\"og:image:type\" content=\"image\/jpeg\" \/>\n<meta name=\"author\" content=\"Radio Ljubu\u0161ki\" \/>\n<meta name=\"twitter:card\" content=\"summary_large_image\" \/>\n<meta name=\"twitter:creator\" content=\"@radioljubuski\" \/>\n<meta name=\"twitter:site\" content=\"@radioljubuski\" \/>\n<meta name=\"twitter:label1\" content=\"Napisao\/la\" \/>\n\t<meta name=\"twitter:data1\" content=\"Radio Ljubu\u0161ki\" \/>\n\t<meta name=\"twitter:label2\" content=\"Procijenjeno vrijeme \u010ditanja\" \/>\n\t<meta name=\"twitter:data2\" content=\"1 minuta\" \/>\n<script type=\"application\/ld+json\" class=\"yoast-schema-graph\">{\"@context\":\"https:\\\/\\\/schema.org\",\"@graph\":[{\"@type\":\"Article\",\"@id\":\"https:\\\/\\\/radioljubuski.ba\\\/index.php\\\/2022\\\/07\\\/27\\\/europska-unija-postigla-dogovor-o-smanjenju-potraznje-za-prirodnim-plinom\\\/#article\",\"isPartOf\":{\"@id\":\"https:\\\/\\\/radioljubuski.ba\\\/index.php\\\/2022\\\/07\\\/27\\\/europska-unija-postigla-dogovor-o-smanjenju-potraznje-za-prirodnim-plinom\\\/\"},\"author\":{\"name\":\"Radio Ljubu\u0161ki\",\"@id\":\"https:\\\/\\\/radioljubuski.ba\\\/#\\\/schema\\\/person\\\/19fc700381a780f69665d7956c469e3b\"},\"headline\":\"Europska unija postigla dogovor o smanjenju potra\u017enje za prirodnim plinom\",\"datePublished\":\"2022-07-27T09:49:54+00:00\",\"dateModified\":\"2022-07-27T09:49:55+00:00\",\"mainEntityOfPage\":{\"@id\":\"https:\\\/\\\/radioljubuski.ba\\\/index.php\\\/2022\\\/07\\\/27\\\/europska-unija-postigla-dogovor-o-smanjenju-potraznje-za-prirodnim-plinom\\\/\"},\"wordCount\":249,\"publisher\":{\"@id\":\"https:\\\/\\\/radioljubuski.ba\\\/#organization\"},\"image\":{\"@id\":\"https:\\\/\\\/radioljubuski.ba\\\/index.php\\\/2022\\\/07\\\/27\\\/europska-unija-postigla-dogovor-o-smanjenju-potraznje-za-prirodnim-plinom\\\/#primaryimage\"},\"thumbnailUrl\":\"https:\\\/\\\/radioljubuski.ba\\\/wp-content\\\/uploads\\\/2022\\\/07\\\/sarajevogas_Plin_Arhiv-1.jpg\",\"articleSection\":[\"BIH i regija\"],\"inLanguage\":\"hr\"},{\"@type\":\"WebPage\",\"@id\":\"https:\\\/\\\/radioljubuski.ba\\\/index.php\\\/2022\\\/07\\\/27\\\/europska-unija-postigla-dogovor-o-smanjenju-potraznje-za-prirodnim-plinom\\\/\",\"url\":\"https:\\\/\\\/radioljubuski.ba\\\/index.php\\\/2022\\\/07\\\/27\\\/europska-unija-postigla-dogovor-o-smanjenju-potraznje-za-prirodnim-plinom\\\/\",\"name\":\"Europska unija postigla dogovor o smanjenju potra\u017enje za prirodnim plinom - RADIO LJUBU\u0160KI\",\"isPartOf\":{\"@id\":\"https:\\\/\\\/radioljubuski.ba\\\/#website\"},\"primaryImageOfPage\":{\"@id\":\"https:\\\/\\\/radioljubuski.ba\\\/index.php\\\/2022\\\/07\\\/27\\\/europska-unija-postigla-dogovor-o-smanjenju-potraznje-za-prirodnim-plinom\\\/#primaryimage\"},\"image\":{\"@id\":\"https:\\\/\\\/radioljubuski.ba\\\/index.php\\\/2022\\\/07\\\/27\\\/europska-unija-postigla-dogovor-o-smanjenju-potraznje-za-prirodnim-plinom\\\/#primaryimage\"},\"thumbnailUrl\":\"https:\\\/\\\/radioljubuski.ba\\\/wp-content\\\/uploads\\\/2022\\\/07\\\/sarajevogas_Plin_Arhiv-1.jpg\",\"datePublished\":\"2022-07-27T09:49:54+00:00\",\"dateModified\":\"2022-07-27T09:49:55+00:00\",\"breadcrumb\":{\"@id\":\"https:\\\/\\\/radioljubuski.ba\\\/index.php\\\/2022\\\/07\\\/27\\\/europska-unija-postigla-dogovor-o-smanjenju-potraznje-za-prirodnim-plinom\\\/#breadcrumb\"},\"inLanguage\":\"hr\",\"potentialAction\":[{\"@type\":\"ReadAction\",\"target\":[\"https:\\\/\\\/radioljubuski.ba\\\/index.php\\\/2022\\\/07\\\/27\\\/europska-unija-postigla-dogovor-o-smanjenju-potraznje-za-prirodnim-plinom\\\/\"]}]},{\"@type\":\"ImageObject\",\"inLanguage\":\"hr\",\"@id\":\"https:\\\/\\\/radioljubuski.ba\\\/index.php\\\/2022\\\/07\\\/27\\\/europska-unija-postigla-dogovor-o-smanjenju-potraznje-za-prirodnim-plinom\\\/#primaryimage\",\"url\":\"https:\\\/\\\/radioljubuski.ba\\\/wp-content\\\/uploads\\\/2022\\\/07\\\/sarajevogas_Plin_Arhiv-1.jpg\",\"contentUrl\":\"https:\\\/\\\/radioljubuski.ba\\\/wp-content\\\/uploads\\\/2022\\\/07\\\/sarajevogas_Plin_Arhiv-1.jpg\",\"width\":871,\"height\":540},{\"@type\":\"BreadcrumbList\",\"@id\":\"https:\\\/\\\/radioljubuski.ba\\\/index.php\\\/2022\\\/07\\\/27\\\/europska-unija-postigla-dogovor-o-smanjenju-potraznje-za-prirodnim-plinom\\\/#breadcrumb\",\"itemListElement\":[{\"@type\":\"ListItem\",\"position\":1,\"name\":\"Po\u010detna stranica\",\"item\":\"https:\\\/\\\/radioljubuski.ba\\\/\"},{\"@type\":\"ListItem\",\"position\":2,\"name\":\"Europska unija postigla dogovor o smanjenju potra\u017enje za prirodnim plinom\"}]},{\"@type\":\"WebSite\",\"@id\":\"https:\\\/\\\/radioljubuski.ba\\\/#website\",\"url\":\"https:\\\/\\\/radioljubuski.ba\\\/\",\"name\":\"Radio Ljubu\u0161ki\",\"description\":\"Sun\u010dana frekvencija Hercegovine\",\"publisher\":{\"@id\":\"https:\\\/\\\/radioljubuski.ba\\\/#organization\"},\"potentialAction\":[{\"@type\":\"SearchAction\",\"target\":{\"@type\":\"EntryPoint\",\"urlTemplate\":\"https:\\\/\\\/radioljubuski.ba\\\/?s={search_term_string}\"},\"query-input\":{\"@type\":\"PropertyValueSpecification\",\"valueRequired\":true,\"valueName\":\"search_term_string\"}}],\"inLanguage\":\"hr\"},{\"@type\":\"Organization\",\"@id\":\"https:\\\/\\\/radioljubuski.ba\\\/#organization\",\"name\":\"Radio Ljubu\u0161ki\",\"url\":\"https:\\\/\\\/radioljubuski.ba\\\/\",\"logo\":{\"@type\":\"ImageObject\",\"inLanguage\":\"hr\",\"@id\":\"https:\\\/\\\/radioljubuski.ba\\\/#\\\/schema\\\/logo\\\/image\\\/\",\"url\":\"https:\\\/\\\/radioljubuski.ba\\\/wp-content\\\/uploads\\\/2021\\\/02\\\/cropped-Radio_Ljubuski_logo1.jpg\",\"contentUrl\":\"https:\\\/\\\/radioljubuski.ba\\\/wp-content\\\/uploads\\\/2021\\\/02\\\/cropped-Radio_Ljubuski_logo1.jpg\",\"width\":512,\"height\":512,\"caption\":\"Radio Ljubu\u0161ki\"},\"image\":{\"@id\":\"https:\\\/\\\/radioljubuski.ba\\\/#\\\/schema\\\/logo\\\/image\\\/\"},\"sameAs\":[\"https:\\\/\\\/www.facebook.com\\\/Radiio-Ljubuski-1490835324566332\",\"https:\\\/\\\/x.com\\\/radioljubuski\",\"https:\\\/\\\/hr.linkedin.com\\\/company\\\/radio-ljubuski\",\"https:\\\/\\\/www.youtube.com\\\/channel\\\/UCHYaeO_n0Db3tjNGudGpXyw\"]},{\"@type\":\"Person\",\"@id\":\"https:\\\/\\\/radioljubuski.ba\\\/#\\\/schema\\\/person\\\/19fc700381a780f69665d7956c469e3b\",\"name\":\"Radio Ljubu\u0161ki\"}]}<\/script>\n<!-- \/ Yoast SEO plugin. -->","yoast_head_json":{"title":"Europska unija postigla dogovor o smanjenju potra\u017enje za prirodnim plinom - RADIO LJUBU\u0160KI","robots":{"index":"index","follow":"follow","max-snippet":"max-snippet:-1","max-image-preview":"max-image-preview:large","max-video-preview":"max-video-preview:-1"},"canonical":"https:\/\/radioljubuski.ba\/index.php\/2022\/07\/27\/europska-unija-postigla-dogovor-o-smanjenju-potraznje-za-prirodnim-plinom\/","og_locale":"hr_HR","og_type":"article","og_title":"Europska unija postigla dogovor o smanjenju potra\u017enje za prirodnim plinom - RADIO LJUBU\u0160KI","og_description":"Ministri energetike zemalja \u010dlanica Europske unije (EU) postigli su u utorak politi\u010dki dogovor o smanjenju potra\u017enje za plinom u europskom bloku nakon \u0161to je Rusija zaprijetila prekidom opskrbe. &#8211; Ovo nije bila nemogu\u0107a misija! Ministri su postigli politi\u010dki dogovor o smanjenju potra\u017enje za plinom uo\u010di nadolaze\u0107e zime &#8211; objavila je \u010de\u0161ka vlada, koja trenutno predsjeda [&hellip;]","og_url":"https:\/\/radioljubuski.ba\/index.php\/2022\/07\/27\/europska-unija-postigla-dogovor-o-smanjenju-potraznje-za-prirodnim-plinom\/","og_site_name":"RADIO LJUBU\u0160KI","article_publisher":"https:\/\/www.facebook.com\/Radiio-Ljubuski-1490835324566332","article_published_time":"2022-07-27T09:49:54+00:00","article_modified_time":"2022-07-27T09:49:55+00:00","og_image":[{"width":871,"height":540,"url":"https:\/\/radioljubuski.ba\/wp-content\/uploads\/2022\/07\/sarajevogas_Plin_Arhiv-1.jpg","type":"image\/jpeg"}],"author":"Radio Ljubu\u0161ki","twitter_card":"summary_large_image","twitter_creator":"@radioljubuski","twitter_site":"@radioljubuski","twitter_misc":{"Napisao\/la":"Radio Ljubu\u0161ki","Procijenjeno vrijeme \u010ditanja":"1 minuta"},"schema":{"@context":"https:\/\/schema.org","@graph":[{"@type":"Article","@id":"https:\/\/radioljubuski.ba\/index.php\/2022\/07\/27\/europska-unija-postigla-dogovor-o-smanjenju-potraznje-za-prirodnim-plinom\/#article","isPartOf":{"@id":"https:\/\/radioljubuski.ba\/index.php\/2022\/07\/27\/europska-unija-postigla-dogovor-o-smanjenju-potraznje-za-prirodnim-plinom\/"},"author":{"name":"Radio Ljubu\u0161ki","@id":"https:\/\/radioljubuski.ba\/#\/schema\/person\/19fc700381a780f69665d7956c469e3b"},"headline":"Europska unija postigla dogovor o smanjenju potra\u017enje za prirodnim plinom","datePublished":"2022-07-27T09:49:54+00:00","dateModified":"2022-07-27T09:49:55+00:00","mainEntityOfPage":{"@id":"https:\/\/radioljubuski.ba\/index.php\/2022\/07\/27\/europska-unija-postigla-dogovor-o-smanjenju-potraznje-za-prirodnim-plinom\/"},"wordCount":249,"publisher":{"@id":"https:\/\/radioljubuski.ba\/#organization"},"image":{"@id":"https:\/\/radioljubuski.ba\/index.php\/2022\/07\/27\/europska-unija-postigla-dogovor-o-smanjenju-potraznje-za-prirodnim-plinom\/#primaryimage"},"thumbnailUrl":"https:\/\/radioljubuski.ba\/wp-content\/uploads\/2022\/07\/sarajevogas_Plin_Arhiv-1.jpg","articleSection":["BIH i regija"],"inLanguage":"hr"},{"@type":"WebPage","@id":"https:\/\/radioljubuski.ba\/index.php\/2022\/07\/27\/europska-unija-postigla-dogovor-o-smanjenju-potraznje-za-prirodnim-plinom\/","url":"https:\/\/radioljubuski.ba\/index.php\/2022\/07\/27\/europska-unija-postigla-dogovor-o-smanjenju-potraznje-za-prirodnim-plinom\/","name":"Europska unija postigla dogovor o smanjenju potra\u017enje za prirodnim plinom - RADIO LJUBU\u0160KI","isPartOf":{"@id":"https:\/\/radioljubuski.ba\/#website"},"primaryImageOfPage":{"@id":"https:\/\/radioljubuski.ba\/index.php\/2022\/07\/27\/europska-unija-postigla-dogovor-o-smanjenju-potraznje-za-prirodnim-plinom\/#primaryimage"},"image":{"@id":"https:\/\/radioljubuski.ba\/index.php\/2022\/07\/27\/europska-unija-postigla-dogovor-o-smanjenju-potraznje-za-prirodnim-plinom\/#primaryimage"},"thumbnailUrl":"https:\/\/radioljubuski.ba\/wp-content\/uploads\/2022\/07\/sarajevogas_Plin_Arhiv-1.jpg","datePublished":"2022-07-27T09:49:54+00:00","dateModified":"2022-07-27T09:49:55+00:00","breadcrumb":{"@id":"https:\/\/radioljubuski.ba\/index.php\/2022\/07\/27\/europska-unija-postigla-dogovor-o-smanjenju-potraznje-za-prirodnim-plinom\/#breadcrumb"},"inLanguage":"hr","potentialAction":[{"@type":"ReadAction","target":["https:\/\/radioljubuski.ba\/index.php\/2022\/07\/27\/europska-unija-postigla-dogovor-o-smanjenju-potraznje-za-prirodnim-plinom\/"]}]},{"@type":"ImageObject","inLanguage":"hr","@id":"https:\/\/radioljubuski.ba\/index.php\/2022\/07\/27\/europska-unija-postigla-dogovor-o-smanjenju-potraznje-za-prirodnim-plinom\/#primaryimage","url":"https:\/\/radioljubuski.ba\/wp-content\/uploads\/2022\/07\/sarajevogas_Plin_Arhiv-1.jpg","contentUrl":"https:\/\/radioljubuski.ba\/wp-content\/uploads\/2022\/07\/sarajevogas_Plin_Arhiv-1.jpg","width":871,"height":540},{"@type":"BreadcrumbList","@id":"https:\/\/radioljubuski.ba\/index.php\/2022\/07\/27\/europska-unija-postigla-dogovor-o-smanjenju-potraznje-za-prirodnim-plinom\/#breadcrumb","itemListElement":[{"@type":"ListItem","position":1,"name":"Po\u010detna stranica","item":"https:\/\/radioljubuski.ba\/"},{"@type":"ListItem","position":2,"name":"Europska unija postigla dogovor o smanjenju potra\u017enje za prirodnim plinom"}]},{"@type":"WebSite","@id":"https:\/\/radioljubuski.ba\/#website","url":"https:\/\/radioljubuski.ba\/","name":"Radio Ljubu\u0161ki","description":"Sun\u010dana frekvencija Hercegovine","publisher":{"@id":"https:\/\/radioljubuski.ba\/#organization"},"potentialAction":[{"@type":"SearchAction","target":{"@type":"EntryPoint","urlTemplate":"https:\/\/radioljubuski.ba\/?s={search_term_string}"},"query-input":{"@type":"PropertyValueSpecification","valueRequired":true,"valueName":"search_term_string"}}],"inLanguage":"hr"},{"@type":"Organization","@id":"https:\/\/radioljubuski.ba\/#organization","name":"Radio Ljubu\u0161ki","url":"https:\/\/radioljubuski.ba\/","logo":{"@type":"ImageObject","inLanguage":"hr","@id":"https:\/\/radioljubuski.ba\/#\/schema\/logo\/image\/","url":"https:\/\/radioljubuski.ba\/wp-content\/uploads\/2021\/02\/cropped-Radio_Ljubuski_logo1.jpg","contentUrl":"https:\/\/radioljubuski.ba\/wp-content\/uploads\/2021\/02\/cropped-Radio_Ljubuski_logo1.jpg","width":512,"height":512,"caption":"Radio Ljubu\u0161ki"},"image":{"@id":"https:\/\/radioljubuski.ba\/#\/schema\/logo\/image\/"},"sameAs":["https:\/\/www.facebook.com\/Radiio-Ljubuski-1490835324566332","https:\/\/x.com\/radioljubuski","https:\/\/hr.linkedin.com\/company\/radio-ljubuski","https:\/\/www.youtube.com\/channel\/UCHYaeO_n0Db3tjNGudGpXyw"]},{"@type":"Person","@id":"https:\/\/radioljubuski.ba\/#\/schema\/person\/19fc700381a780f69665d7956c469e3b","name":"Radio Ljubu\u0161ki"}]}},"_links":{"self":[{"href":"https:\/\/radioljubuski.ba\/index.php\/wp-json\/wp\/v2\/posts\/163952","targetHints":{"allow":["GET"]}}],"collection":[{"href":"https:\/\/radioljubuski.ba\/index.php\/wp-json\/wp\/v2\/posts"}],"about":[{"href":"https:\/\/radioljubuski.ba\/index.php\/wp-json\/wp\/v2\/types\/post"}],"author":[{"embeddable":true,"href":"https:\/\/radioljubuski.ba\/index.php\/wp-json\/wp\/v2\/users\/2"}],"replies":[{"embeddable":true,"href":"https:\/\/radioljubuski.ba\/index.php\/wp-json\/wp\/v2\/comments?post=163952"}],"version-history":[{"count":1,"href":"https:\/\/radioljubuski.ba\/index.php\/wp-json\/wp\/v2\/posts\/163952\/revisions"}],"predecessor-version":[{"id":163953,"href":"https:\/\/radioljubuski.ba\/index.php\/wp-json\/wp\/v2\/posts\/163952\/revisions\/163953"}],"wp:featuredmedia":[{"embeddable":true,"href":"https:\/\/radioljubuski.ba\/index.php\/wp-json\/wp\/v2\/media\/161721"}],"wp:attachment":[{"href":"https:\/\/radioljubuski.ba\/index.php\/wp-json\/wp\/v2\/media?parent=163952"}],"wp:term":[{"taxonomy":"category","embeddable":true,"href":"https:\/\/radioljubuski.ba\/index.php\/wp-json\/wp\/v2\/categories?post=163952"},{"taxonomy":"post_tag","embeddable":true,"href":"https:\/\/radioljubuski.ba\/index.php\/wp-json\/wp\/v2\/tags?post=163952"}],"curies":[{"name":"wp","href":"https:\/\/api.w.org\/{rel}","templated":true}]}}