{"id":163977,"date":"2022-07-27T11:05:55","date_gmt":"2022-07-27T10:05:55","guid":{"rendered":"https:\/\/radioljubuski.ba\/?p=163977"},"modified":"2022-07-27T11:05:57","modified_gmt":"2022-07-27T10:05:57","slug":"milanovic-peljeski-most-je-podignut-u-interesu-hrvatske-nikad-u-inat-bih","status":"publish","type":"post","link":"https:\/\/radioljubuski.ba\/index.php\/2022\/07\/27\/milanovic-peljeski-most-je-podignut-u-interesu-hrvatske-nikad-u-inat-bih\/","title":{"rendered":"Milanovi\u0107: Pelje\u0161ki most je podignut u interesu Hrvatske, nikad u inat BiH"},"content":{"rendered":"\n<p>Predsjednik Republike Zoran Milanovi\u0107 rekao je u utorak na sve\u010danosti otvorenja Pelje\u0161kog mosta kako je taj most podignut u interesu Hrvatske i njenih ljudi, ali nikome u inat te je u govoru poslao poruke zajedni\u0161tva.<\/p>\n\n\n\n<p>&#8220;Pelje\u0161ki most podignut je u interesu Hrvatske i njenih ljudi, ali nikome i nikad u inat, nikome na \u0161tetu, naro\u010dito ne u inat ili na \u0161tetu Bosne i Hercegovine&#8221;, rekao je Milanovi\u0107.<\/p>\n\n\n\n<p>Dodao je kako bismo tako razmi\u0161ljali i da BiH i nije domovina i hrvatskog naroda, domovina na\u0161e bra\u0107e i sestara bez \u010dijeg ratnog doprinosa tako\u0111er ne bismo bili na ovome mjestu.&nbsp;<\/p>\n\n\n\n<p>&#8220;Ovaj je most na dobrobit svih ljudi, neovisno o naciji, vjeri, dr\u017eavljanstvu, socijalnom statusu, porijeklu, uvjerenjima. Most gra\u0111en sa suprotnim motivima popustio bi kad-tad pod teretom vlastite besmislenosti&#8221;, ocijenio je.<\/p>\n\n\n\n<p>Naveo ja kako su mostovi na prvome mjestu djela konkretnih ljudi.<\/p>\n\n\n\n<p>Talent, znanje, trud i hrabrost projektanata i graditelja najzaslu\u017eniji su za ljepotu koja \u0107e ve\u010deras bljesnuti pred na\u0161im o\u010dima u svom punom sjaju, no nijedan most, nije plod samo arhitektonske vizije i radni\u010dkog umije\u0107a. Most je tako\u0111er spoj nezadr\u017eive ljudske te\u017enje da se unaprijedi \u017eivot, da se svlada prepreka i sposobnosti uprave da na\u0111e novac i organizira radove, rekao je predsjednik, \u010destitav\u0161i svima koji su na bilo koji na\u010din doprinijeli da se ostvari ova hrvatska plemenita te\u017enja.&nbsp;<\/p>\n\n\n\n<p>&#8220;Pelje\u0161ki most zauvijek \u0107e ostati monumentalni podsjetnik na odva\u017enost jednog nara\u0161taja hrvatskih ljudi da dosegnemo dugo \u017eu\u0111enu obalu slobode. U dosezanju i zaokru\u017eivanju klju\u010dnih hrvatskih nacionalnih ciljeva, najbolji me\u0111u nama dali su svoje \u017eivote, svoje zdravlje, svoje snove&#8221;, podsjetio je Milanovi\u0107.<\/p>\n\n\n\n<p>Dodao je kako ovaj most ne bi bio mogu\u0107 da mali broj pravih ljudi prije 30 godina nije obranio Dubrovnik i oslobodio jug Hrvatske, a jedna od simboli\u010dkih funkcija ove impresivne gra\u0111evine jest u tome da nikada ne zaboravimo te ljude i njihovu \u017ertvu.<\/p>\n\n\n\n<p>Ne smijemo biti zarobljenici ratne pro\u0161losti, no bili bismo nedostojni ako bismo ikad zatajili taj svoj dug \u010dasti i dug srca, naveo je.<\/p>\n\n\n\n<p>Milanovi\u0107 je izrazio uvjerenje kako su pred nama godine u kojima \u0107emo kao nacija oja\u010dati svoju samosvijest i u kojima \u0107emo se bez kompleksa i osje\u0107aja manje vrijednosti boriti za sve ono \u0161to nam je va\u017eno.&nbsp;<\/p>\n\n\n\n<p>Ustvrdio je kako nam nikad ni\u0161ta nije poklonjeno: &#8220;Pelje\u0161ki most jest najve\u0107im dijelom financiran novcem Europske unije, ali to je zapravo na\u0161 novac koji smo skupo platili&#8221;.<\/p>\n\n\n\n<p>U susret neizvjesnoj jeseni i globalno neizvjesnim vremenima, dr\u017eimo se zajedno, budimo pri ruci jedni drugima. Nikad ne\u0107emo misliti isto o svim stvarima, ne bi ni valjalo, sva razila\u017eenja, me\u0111utim, ne smiju nas niti na tren odvratiti od slu\u017eenja op\u0107em dobru i hrvatskim nacionalnim interesima, poru\u010dio je predsjednik.&nbsp;<\/p>\n\n\n\n<p>&#8220;Ni jednog svog \u010dovjeka ne smijemo ostaviti na vjetrometini. Vjera da u te\u0161kim trenucima ne\u0107emo biti prepu\u0161teni sami sebi i da \u0107emo se boriti jedni za druge za druge, to bi nas kao sugra\u0111ane trebalo povezivati jednako \u010dvrsto, kao \u0161to \u0107e Pelje\u0161ki most povezivati hrvatski teritorij&#8221;, rekao je Milanovi\u0107, zavr\u0161iv\u0161i svoj govor rije\u010dima pjesme &#8220;Tvoja zemlja&#8221;.<\/p>\n\n\n\n<p>Izvor:pogled.ba<\/p>\n","protected":false},"excerpt":{"rendered":"<p>Predsjednik Republike Zoran Milanovi\u0107 rekao je u utorak na sve\u010danosti otvorenja Pelje\u0161kog mosta kako je taj most podignut u interesu Hrvatske i njenih ljudi, ali nikome u inat te je u govoru poslao poruke zajedni\u0161tva. &#8220;Pelje\u0161ki most podignut je u interesu Hrvatske i njenih ljudi, ali nikome i nikad u inat, nikome na \u0161tetu, naro\u010dito [&hellip;]<\/p>\n","protected":false},"author":2,"featured_media":163978,"comment_status":"closed","ping_status":"closed","sticky":false,"template":"","format":"standard","meta":{"h5ap_radio_sources":[],"footnotes":""},"categories":[1],"tags":[],"class_list":["post-163977","post","type-post","status-publish","format-standard","has-post-thumbnail","hentry","category-bihiregija"],"yoast_head":"<!-- This site is optimized with the Yoast SEO plugin v27.5 - https:\/\/yoast.com\/product\/yoast-seo-wordpress\/ -->\n<title>Milanovi\u0107: Pelje\u0161ki most je podignut u interesu Hrvatske, nikad u inat BiH - RADIO LJUBU\u0160KI<\/title>\n<meta name=\"robots\" content=\"index, follow, max-snippet:-1, max-image-preview:large, max-video-preview:-1\" \/>\n<link rel=\"canonical\" href=\"https:\/\/radioljubuski.ba\/index.php\/2022\/07\/27\/milanovic-peljeski-most-je-podignut-u-interesu-hrvatske-nikad-u-inat-bih\/\" \/>\n<meta property=\"og:locale\" content=\"hr_HR\" \/>\n<meta property=\"og:type\" content=\"article\" \/>\n<meta property=\"og:title\" content=\"Milanovi\u0107: Pelje\u0161ki most je podignut u interesu Hrvatske, nikad u inat BiH - RADIO LJUBU\u0160KI\" \/>\n<meta property=\"og:description\" content=\"Predsjednik Republike Zoran Milanovi\u0107 rekao je u utorak na sve\u010danosti otvorenja Pelje\u0161kog mosta kako je taj most podignut u interesu Hrvatske i njenih ljudi, ali nikome u inat te je u govoru poslao poruke zajedni\u0161tva. &#8220;Pelje\u0161ki most podignut je u interesu Hrvatske i njenih ljudi, ali nikome i nikad u inat, nikome na \u0161tetu, naro\u010dito [&hellip;]\" \/>\n<meta property=\"og:url\" content=\"https:\/\/radioljubuski.ba\/index.php\/2022\/07\/27\/milanovic-peljeski-most-je-podignut-u-interesu-hrvatske-nikad-u-inat-bih\/\" \/>\n<meta property=\"og:site_name\" content=\"RADIO LJUBU\u0160KI\" \/>\n<meta property=\"article:publisher\" content=\"https:\/\/www.facebook.com\/Radiio-Ljubuski-1490835324566332\" \/>\n<meta property=\"article:published_time\" content=\"2022-07-27T10:05:55+00:00\" \/>\n<meta property=\"article:modified_time\" content=\"2022-07-27T10:05:57+00:00\" \/>\n<meta property=\"og:image\" content=\"https:\/\/radioljubuski.ba\/wp-content\/uploads\/2022\/07\/milanovic.jpg\" \/>\n\t<meta property=\"og:image:width\" content=\"765\" \/>\n\t<meta property=\"og:image:height\" content=\"430\" \/>\n\t<meta property=\"og:image:type\" content=\"image\/jpeg\" \/>\n<meta name=\"author\" content=\"Radio Ljubu\u0161ki\" \/>\n<meta name=\"twitter:card\" content=\"summary_large_image\" \/>\n<meta name=\"twitter:creator\" content=\"@radioljubuski\" \/>\n<meta name=\"twitter:site\" content=\"@radioljubuski\" \/>\n<meta name=\"twitter:label1\" content=\"Napisao\/la\" \/>\n\t<meta name=\"twitter:data1\" content=\"Radio Ljubu\u0161ki\" \/>\n\t<meta name=\"twitter:label2\" content=\"Procijenjeno vrijeme \u010ditanja\" \/>\n\t<meta name=\"twitter:data2\" content=\"3 minute\" \/>\n<script type=\"application\/ld+json\" class=\"yoast-schema-graph\">{\"@context\":\"https:\\\/\\\/schema.org\",\"@graph\":[{\"@type\":\"Article\",\"@id\":\"https:\\\/\\\/radioljubuski.ba\\\/index.php\\\/2022\\\/07\\\/27\\\/milanovic-peljeski-most-je-podignut-u-interesu-hrvatske-nikad-u-inat-bih\\\/#article\",\"isPartOf\":{\"@id\":\"https:\\\/\\\/radioljubuski.ba\\\/index.php\\\/2022\\\/07\\\/27\\\/milanovic-peljeski-most-je-podignut-u-interesu-hrvatske-nikad-u-inat-bih\\\/\"},\"author\":{\"name\":\"Radio Ljubu\u0161ki\",\"@id\":\"https:\\\/\\\/radioljubuski.ba\\\/#\\\/schema\\\/person\\\/19fc700381a780f69665d7956c469e3b\"},\"headline\":\"Milanovi\u0107: Pelje\u0161ki most je podignut u interesu Hrvatske, nikad u inat BiH\",\"datePublished\":\"2022-07-27T10:05:55+00:00\",\"dateModified\":\"2022-07-27T10:05:57+00:00\",\"mainEntityOfPage\":{\"@id\":\"https:\\\/\\\/radioljubuski.ba\\\/index.php\\\/2022\\\/07\\\/27\\\/milanovic-peljeski-most-je-podignut-u-interesu-hrvatske-nikad-u-inat-bih\\\/\"},\"wordCount\":565,\"publisher\":{\"@id\":\"https:\\\/\\\/radioljubuski.ba\\\/#organization\"},\"image\":{\"@id\":\"https:\\\/\\\/radioljubuski.ba\\\/index.php\\\/2022\\\/07\\\/27\\\/milanovic-peljeski-most-je-podignut-u-interesu-hrvatske-nikad-u-inat-bih\\\/#primaryimage\"},\"thumbnailUrl\":\"https:\\\/\\\/radioljubuski.ba\\\/wp-content\\\/uploads\\\/2022\\\/07\\\/milanovic.jpg\",\"articleSection\":[\"BIH i regija\"],\"inLanguage\":\"hr\"},{\"@type\":\"WebPage\",\"@id\":\"https:\\\/\\\/radioljubuski.ba\\\/index.php\\\/2022\\\/07\\\/27\\\/milanovic-peljeski-most-je-podignut-u-interesu-hrvatske-nikad-u-inat-bih\\\/\",\"url\":\"https:\\\/\\\/radioljubuski.ba\\\/index.php\\\/2022\\\/07\\\/27\\\/milanovic-peljeski-most-je-podignut-u-interesu-hrvatske-nikad-u-inat-bih\\\/\",\"name\":\"Milanovi\u0107: Pelje\u0161ki most je podignut u interesu Hrvatske, nikad u inat BiH - RADIO LJUBU\u0160KI\",\"isPartOf\":{\"@id\":\"https:\\\/\\\/radioljubuski.ba\\\/#website\"},\"primaryImageOfPage\":{\"@id\":\"https:\\\/\\\/radioljubuski.ba\\\/index.php\\\/2022\\\/07\\\/27\\\/milanovic-peljeski-most-je-podignut-u-interesu-hrvatske-nikad-u-inat-bih\\\/#primaryimage\"},\"image\":{\"@id\":\"https:\\\/\\\/radioljubuski.ba\\\/index.php\\\/2022\\\/07\\\/27\\\/milanovic-peljeski-most-je-podignut-u-interesu-hrvatske-nikad-u-inat-bih\\\/#primaryimage\"},\"thumbnailUrl\":\"https:\\\/\\\/radioljubuski.ba\\\/wp-content\\\/uploads\\\/2022\\\/07\\\/milanovic.jpg\",\"datePublished\":\"2022-07-27T10:05:55+00:00\",\"dateModified\":\"2022-07-27T10:05:57+00:00\",\"breadcrumb\":{\"@id\":\"https:\\\/\\\/radioljubuski.ba\\\/index.php\\\/2022\\\/07\\\/27\\\/milanovic-peljeski-most-je-podignut-u-interesu-hrvatske-nikad-u-inat-bih\\\/#breadcrumb\"},\"inLanguage\":\"hr\",\"potentialAction\":[{\"@type\":\"ReadAction\",\"target\":[\"https:\\\/\\\/radioljubuski.ba\\\/index.php\\\/2022\\\/07\\\/27\\\/milanovic-peljeski-most-je-podignut-u-interesu-hrvatske-nikad-u-inat-bih\\\/\"]}]},{\"@type\":\"ImageObject\",\"inLanguage\":\"hr\",\"@id\":\"https:\\\/\\\/radioljubuski.ba\\\/index.php\\\/2022\\\/07\\\/27\\\/milanovic-peljeski-most-je-podignut-u-interesu-hrvatske-nikad-u-inat-bih\\\/#primaryimage\",\"url\":\"https:\\\/\\\/radioljubuski.ba\\\/wp-content\\\/uploads\\\/2022\\\/07\\\/milanovic.jpg\",\"contentUrl\":\"https:\\\/\\\/radioljubuski.ba\\\/wp-content\\\/uploads\\\/2022\\\/07\\\/milanovic.jpg\",\"width\":765,\"height\":430},{\"@type\":\"BreadcrumbList\",\"@id\":\"https:\\\/\\\/radioljubuski.ba\\\/index.php\\\/2022\\\/07\\\/27\\\/milanovic-peljeski-most-je-podignut-u-interesu-hrvatske-nikad-u-inat-bih\\\/#breadcrumb\",\"itemListElement\":[{\"@type\":\"ListItem\",\"position\":1,\"name\":\"Po\u010detna stranica\",\"item\":\"https:\\\/\\\/radioljubuski.ba\\\/\"},{\"@type\":\"ListItem\",\"position\":2,\"name\":\"Milanovi\u0107: Pelje\u0161ki most je podignut u interesu Hrvatske, nikad u inat BiH\"}]},{\"@type\":\"WebSite\",\"@id\":\"https:\\\/\\\/radioljubuski.ba\\\/#website\",\"url\":\"https:\\\/\\\/radioljubuski.ba\\\/\",\"name\":\"Radio Ljubu\u0161ki\",\"description\":\"Sun\u010dana frekvencija Hercegovine\",\"publisher\":{\"@id\":\"https:\\\/\\\/radioljubuski.ba\\\/#organization\"},\"potentialAction\":[{\"@type\":\"SearchAction\",\"target\":{\"@type\":\"EntryPoint\",\"urlTemplate\":\"https:\\\/\\\/radioljubuski.ba\\\/?s={search_term_string}\"},\"query-input\":{\"@type\":\"PropertyValueSpecification\",\"valueRequired\":true,\"valueName\":\"search_term_string\"}}],\"inLanguage\":\"hr\"},{\"@type\":\"Organization\",\"@id\":\"https:\\\/\\\/radioljubuski.ba\\\/#organization\",\"name\":\"Radio Ljubu\u0161ki\",\"url\":\"https:\\\/\\\/radioljubuski.ba\\\/\",\"logo\":{\"@type\":\"ImageObject\",\"inLanguage\":\"hr\",\"@id\":\"https:\\\/\\\/radioljubuski.ba\\\/#\\\/schema\\\/logo\\\/image\\\/\",\"url\":\"https:\\\/\\\/radioljubuski.ba\\\/wp-content\\\/uploads\\\/2021\\\/02\\\/cropped-Radio_Ljubuski_logo1.jpg\",\"contentUrl\":\"https:\\\/\\\/radioljubuski.ba\\\/wp-content\\\/uploads\\\/2021\\\/02\\\/cropped-Radio_Ljubuski_logo1.jpg\",\"width\":512,\"height\":512,\"caption\":\"Radio Ljubu\u0161ki\"},\"image\":{\"@id\":\"https:\\\/\\\/radioljubuski.ba\\\/#\\\/schema\\\/logo\\\/image\\\/\"},\"sameAs\":[\"https:\\\/\\\/www.facebook.com\\\/Radiio-Ljubuski-1490835324566332\",\"https:\\\/\\\/x.com\\\/radioljubuski\",\"https:\\\/\\\/hr.linkedin.com\\\/company\\\/radio-ljubuski\",\"https:\\\/\\\/www.youtube.com\\\/channel\\\/UCHYaeO_n0Db3tjNGudGpXyw\"]},{\"@type\":\"Person\",\"@id\":\"https:\\\/\\\/radioljubuski.ba\\\/#\\\/schema\\\/person\\\/19fc700381a780f69665d7956c469e3b\",\"name\":\"Radio Ljubu\u0161ki\"}]}<\/script>\n<!-- \/ Yoast SEO plugin. -->","yoast_head_json":{"title":"Milanovi\u0107: Pelje\u0161ki most je podignut u interesu Hrvatske, nikad u inat BiH - RADIO LJUBU\u0160KI","robots":{"index":"index","follow":"follow","max-snippet":"max-snippet:-1","max-image-preview":"max-image-preview:large","max-video-preview":"max-video-preview:-1"},"canonical":"https:\/\/radioljubuski.ba\/index.php\/2022\/07\/27\/milanovic-peljeski-most-je-podignut-u-interesu-hrvatske-nikad-u-inat-bih\/","og_locale":"hr_HR","og_type":"article","og_title":"Milanovi\u0107: Pelje\u0161ki most je podignut u interesu Hrvatske, nikad u inat BiH - RADIO LJUBU\u0160KI","og_description":"Predsjednik Republike Zoran Milanovi\u0107 rekao je u utorak na sve\u010danosti otvorenja Pelje\u0161kog mosta kako je taj most podignut u interesu Hrvatske i njenih ljudi, ali nikome u inat te je u govoru poslao poruke zajedni\u0161tva. &#8220;Pelje\u0161ki most podignut je u interesu Hrvatske i njenih ljudi, ali nikome i nikad u inat, nikome na \u0161tetu, naro\u010dito [&hellip;]","og_url":"https:\/\/radioljubuski.ba\/index.php\/2022\/07\/27\/milanovic-peljeski-most-je-podignut-u-interesu-hrvatske-nikad-u-inat-bih\/","og_site_name":"RADIO LJUBU\u0160KI","article_publisher":"https:\/\/www.facebook.com\/Radiio-Ljubuski-1490835324566332","article_published_time":"2022-07-27T10:05:55+00:00","article_modified_time":"2022-07-27T10:05:57+00:00","og_image":[{"width":765,"height":430,"url":"https:\/\/radioljubuski.ba\/wp-content\/uploads\/2022\/07\/milanovic.jpg","type":"image\/jpeg"}],"author":"Radio Ljubu\u0161ki","twitter_card":"summary_large_image","twitter_creator":"@radioljubuski","twitter_site":"@radioljubuski","twitter_misc":{"Napisao\/la":"Radio Ljubu\u0161ki","Procijenjeno vrijeme \u010ditanja":"3 minute"},"schema":{"@context":"https:\/\/schema.org","@graph":[{"@type":"Article","@id":"https:\/\/radioljubuski.ba\/index.php\/2022\/07\/27\/milanovic-peljeski-most-je-podignut-u-interesu-hrvatske-nikad-u-inat-bih\/#article","isPartOf":{"@id":"https:\/\/radioljubuski.ba\/index.php\/2022\/07\/27\/milanovic-peljeski-most-je-podignut-u-interesu-hrvatske-nikad-u-inat-bih\/"},"author":{"name":"Radio Ljubu\u0161ki","@id":"https:\/\/radioljubuski.ba\/#\/schema\/person\/19fc700381a780f69665d7956c469e3b"},"headline":"Milanovi\u0107: Pelje\u0161ki most je podignut u interesu Hrvatske, nikad u inat BiH","datePublished":"2022-07-27T10:05:55+00:00","dateModified":"2022-07-27T10:05:57+00:00","mainEntityOfPage":{"@id":"https:\/\/radioljubuski.ba\/index.php\/2022\/07\/27\/milanovic-peljeski-most-je-podignut-u-interesu-hrvatske-nikad-u-inat-bih\/"},"wordCount":565,"publisher":{"@id":"https:\/\/radioljubuski.ba\/#organization"},"image":{"@id":"https:\/\/radioljubuski.ba\/index.php\/2022\/07\/27\/milanovic-peljeski-most-je-podignut-u-interesu-hrvatske-nikad-u-inat-bih\/#primaryimage"},"thumbnailUrl":"https:\/\/radioljubuski.ba\/wp-content\/uploads\/2022\/07\/milanovic.jpg","articleSection":["BIH i regija"],"inLanguage":"hr"},{"@type":"WebPage","@id":"https:\/\/radioljubuski.ba\/index.php\/2022\/07\/27\/milanovic-peljeski-most-je-podignut-u-interesu-hrvatske-nikad-u-inat-bih\/","url":"https:\/\/radioljubuski.ba\/index.php\/2022\/07\/27\/milanovic-peljeski-most-je-podignut-u-interesu-hrvatske-nikad-u-inat-bih\/","name":"Milanovi\u0107: Pelje\u0161ki most je podignut u interesu Hrvatske, nikad u inat BiH - RADIO LJUBU\u0160KI","isPartOf":{"@id":"https:\/\/radioljubuski.ba\/#website"},"primaryImageOfPage":{"@id":"https:\/\/radioljubuski.ba\/index.php\/2022\/07\/27\/milanovic-peljeski-most-je-podignut-u-interesu-hrvatske-nikad-u-inat-bih\/#primaryimage"},"image":{"@id":"https:\/\/radioljubuski.ba\/index.php\/2022\/07\/27\/milanovic-peljeski-most-je-podignut-u-interesu-hrvatske-nikad-u-inat-bih\/#primaryimage"},"thumbnailUrl":"https:\/\/radioljubuski.ba\/wp-content\/uploads\/2022\/07\/milanovic.jpg","datePublished":"2022-07-27T10:05:55+00:00","dateModified":"2022-07-27T10:05:57+00:00","breadcrumb":{"@id":"https:\/\/radioljubuski.ba\/index.php\/2022\/07\/27\/milanovic-peljeski-most-je-podignut-u-interesu-hrvatske-nikad-u-inat-bih\/#breadcrumb"},"inLanguage":"hr","potentialAction":[{"@type":"ReadAction","target":["https:\/\/radioljubuski.ba\/index.php\/2022\/07\/27\/milanovic-peljeski-most-je-podignut-u-interesu-hrvatske-nikad-u-inat-bih\/"]}]},{"@type":"ImageObject","inLanguage":"hr","@id":"https:\/\/radioljubuski.ba\/index.php\/2022\/07\/27\/milanovic-peljeski-most-je-podignut-u-interesu-hrvatske-nikad-u-inat-bih\/#primaryimage","url":"https:\/\/radioljubuski.ba\/wp-content\/uploads\/2022\/07\/milanovic.jpg","contentUrl":"https:\/\/radioljubuski.ba\/wp-content\/uploads\/2022\/07\/milanovic.jpg","width":765,"height":430},{"@type":"BreadcrumbList","@id":"https:\/\/radioljubuski.ba\/index.php\/2022\/07\/27\/milanovic-peljeski-most-je-podignut-u-interesu-hrvatske-nikad-u-inat-bih\/#breadcrumb","itemListElement":[{"@type":"ListItem","position":1,"name":"Po\u010detna stranica","item":"https:\/\/radioljubuski.ba\/"},{"@type":"ListItem","position":2,"name":"Milanovi\u0107: Pelje\u0161ki most je podignut u interesu Hrvatske, nikad u inat BiH"}]},{"@type":"WebSite","@id":"https:\/\/radioljubuski.ba\/#website","url":"https:\/\/radioljubuski.ba\/","name":"Radio Ljubu\u0161ki","description":"Sun\u010dana frekvencija Hercegovine","publisher":{"@id":"https:\/\/radioljubuski.ba\/#organization"},"potentialAction":[{"@type":"SearchAction","target":{"@type":"EntryPoint","urlTemplate":"https:\/\/radioljubuski.ba\/?s={search_term_string}"},"query-input":{"@type":"PropertyValueSpecification","valueRequired":true,"valueName":"search_term_string"}}],"inLanguage":"hr"},{"@type":"Organization","@id":"https:\/\/radioljubuski.ba\/#organization","name":"Radio Ljubu\u0161ki","url":"https:\/\/radioljubuski.ba\/","logo":{"@type":"ImageObject","inLanguage":"hr","@id":"https:\/\/radioljubuski.ba\/#\/schema\/logo\/image\/","url":"https:\/\/radioljubuski.ba\/wp-content\/uploads\/2021\/02\/cropped-Radio_Ljubuski_logo1.jpg","contentUrl":"https:\/\/radioljubuski.ba\/wp-content\/uploads\/2021\/02\/cropped-Radio_Ljubuski_logo1.jpg","width":512,"height":512,"caption":"Radio Ljubu\u0161ki"},"image":{"@id":"https:\/\/radioljubuski.ba\/#\/schema\/logo\/image\/"},"sameAs":["https:\/\/www.facebook.com\/Radiio-Ljubuski-1490835324566332","https:\/\/x.com\/radioljubuski","https:\/\/hr.linkedin.com\/company\/radio-ljubuski","https:\/\/www.youtube.com\/channel\/UCHYaeO_n0Db3tjNGudGpXyw"]},{"@type":"Person","@id":"https:\/\/radioljubuski.ba\/#\/schema\/person\/19fc700381a780f69665d7956c469e3b","name":"Radio Ljubu\u0161ki"}]}},"_links":{"self":[{"href":"https:\/\/radioljubuski.ba\/index.php\/wp-json\/wp\/v2\/posts\/163977","targetHints":{"allow":["GET"]}}],"collection":[{"href":"https:\/\/radioljubuski.ba\/index.php\/wp-json\/wp\/v2\/posts"}],"about":[{"href":"https:\/\/radioljubuski.ba\/index.php\/wp-json\/wp\/v2\/types\/post"}],"author":[{"embeddable":true,"href":"https:\/\/radioljubuski.ba\/index.php\/wp-json\/wp\/v2\/users\/2"}],"replies":[{"embeddable":true,"href":"https:\/\/radioljubuski.ba\/index.php\/wp-json\/wp\/v2\/comments?post=163977"}],"version-history":[{"count":1,"href":"https:\/\/radioljubuski.ba\/index.php\/wp-json\/wp\/v2\/posts\/163977\/revisions"}],"predecessor-version":[{"id":163979,"href":"https:\/\/radioljubuski.ba\/index.php\/wp-json\/wp\/v2\/posts\/163977\/revisions\/163979"}],"wp:featuredmedia":[{"embeddable":true,"href":"https:\/\/radioljubuski.ba\/index.php\/wp-json\/wp\/v2\/media\/163978"}],"wp:attachment":[{"href":"https:\/\/radioljubuski.ba\/index.php\/wp-json\/wp\/v2\/media?parent=163977"}],"wp:term":[{"taxonomy":"category","embeddable":true,"href":"https:\/\/radioljubuski.ba\/index.php\/wp-json\/wp\/v2\/categories?post=163977"},{"taxonomy":"post_tag","embeddable":true,"href":"https:\/\/radioljubuski.ba\/index.php\/wp-json\/wp\/v2\/tags?post=163977"}],"curies":[{"name":"wp","href":"https:\/\/api.w.org\/{rel}","templated":true}]}}