{"id":163980,"date":"2022-07-27T11:07:14","date_gmt":"2022-07-27T10:07:14","guid":{"rendered":"https:\/\/radioljubuski.ba\/?p=163980"},"modified":"2022-07-27T11:07:16","modified_gmt":"2022-07-27T10:07:16","slug":"za-mnoge-u-bih-odlazak-na-more-misaona-imenica-planula-prodaja-bazena","status":"publish","type":"post","link":"https:\/\/radioljubuski.ba\/index.php\/2022\/07\/27\/za-mnoge-u-bih-odlazak-na-more-misaona-imenica-planula-prodaja-bazena\/","title":{"rendered":"Za mnoge u BiH odlazak na more misaona imenica, planula prodaja bazena"},"content":{"rendered":"\n<p>S obzirom na velika poskupljenja, mnogi gra\u0111ani Srpske ne mogu sebi priu\u0161titi odmor na moru, te spas od vru\u0107ina pronalaze u hladovini svojih dvori\u0161ta, u koje postavljaju monta\u017ene bazene, a to potvr\u0111uju i u tr\u017enim centrima, gdje isti\u010du da su im zalihe pri kraju.<\/p>\n\n\n\n<p>Trgovci ka\u017eu da su cijene bazena u odnosu na pro\u0161lu godinu sko\u010dile za oko 30 posto, ali da to nije utjecalo na potra\u017enju, jer svake godine u toplim danima nastupa prava pomama za ovom vrstom robe.<\/p>\n\n\n\n<p>U \u201cCentrumu\u201d su za \u201c<a href=\"https:\/\/www.glassrpske.com\/lat\/drustvo\/vijesti\/montazni-bazeni-zamjena-za-more\/426342\" target=\"_blank\" rel=\"noreferrer noopener\">Glas Srpske\u201d<\/a> potvrdili da za bazenima vlada velika potra\u017enja, te naglasili da se oni tra\u017ee vi\u0161e nego ranijih godina.<\/p>\n\n\n\n<p>&#8211; Potra\u017enja je velika, zalihe su pri kraju, a prodaju se jednako dobro i manji i veliki bazeni &#8211; kazali su u \u201cCentrumu\u201d. Kod njih je, kako ka\u017eu, aktualna akcijska ponuda u kojoj imaju popuste na velike bazene, pa tako onaj najskuplji sa najve\u0107im dimenzijama ko\u0161ta 3.199 KM.<\/p>\n\n\n\n<p>&#8211; Sve se vi\u0161e ljudi odlu\u010duje za kupovinu ve\u0107ih bazena i njihovih instalacija u dvori\u0161tu, ali ipak se najvi\u0161e prodaju bazeni srednje vrijednosti, u iznosu od 700 do 800 KM &#8211; rekli su u \u201cCentrumu\u201d.<\/p>\n\n\n\n<p>Ruke zadovoljno trljaju i u FI\u00adS-u, gdje su kazali da svake godine vlada pomama za bazenima.<\/p>\n\n\n\n<p>&#8211; Od 15. srpnja&nbsp; je krenuo sezonski popust i uvijek se u tom periodu rasprodaju bazeni, ali i sve \u0161to je na akciji &#8211; kazali su u FI\u00adS-u, dodaju\u0107i da najve\u0107i bazen od devet metara ko\u0161ta ne\u0161to malo vi\u0161e od 3.000 KM, a sada mu je cijena sni\u017eena na oko 2.700 KM. Podjednako se tra\u017ee, ka\u017eu, i dje\u010dji bazeni, samo njih manjka na stanju.<\/p>\n\n\n\n<p>&#8211; Najvi\u0161e se prodaju bazeni od tri metra, koji ko\u0161taju oko 200 maraka i oni ne\u0161to malo ve\u0107i od 4,5 metara &#8211; rekli su u FI\u00adS-u.<\/p>\n\n\n\n<p>U \u201cVernu\u201d ka\u017eu da svake godine bilje\u017ee porast potra\u017enje za bazenima. Objasnili su da, bez obzira na to \u0161to su cijene ove godine oti\u0161le gore za oko 30 posto, gra\u0111ani ipak kupuju monta\u017ene bazene.<\/p>\n\n\n\n<p>&#8211; &nbsp;Lak\u0161e se odlu\u010duju za jeftinije varijante i manje bazene kada su velike vru\u0107ine, a za one velike od pet do deset metara odlu\u010duju se u svim mjesecima, jer je to ipak investicija koja je malo skuplja, pa se ranije pripreme &#8211; kazali su u \u201cVernu\u201d.<\/p>\n\n\n\n<p>U udru\u017eenjima za za\u0161titu potro\u0161a\u010da ka\u017eu da je kupovina bazena dugoro\u010dna investicija u kojoj kupci mogu da u\u017eivaju tokom cijelog ljeta, jer je za mnoge odlazak na more postao misaona imenica.<\/p>\n\n\n\n<p>&#8211; Ljudi kupuju bazene naj\u010de\u0161\u0107e zbog djece, ali je ovo pokazatelj i da mnogi ne mogu&nbsp; oti\u0107i na more. Ve\u0107ina obitelji&nbsp; nema dovoljno novca da obiteljski ode na neki od gradskih bazena, zbog \u010dega se odlu\u010duju za plasti\u010dne bazene koji su relativno jeftini i trajni &#8211; kazali su u Udru\u017eenju za za\u0161titu potro\u0161a\u010da \u201cToPeeR\u201d iz Doboja. Pove\u0107ana kupovina bazena, kako ka\u017eu, nije ni\u0161ta drugo do odraz ekonomskog stanja.<\/p>\n\n\n\n<p>Banjalu\u010danka Jelena Stani\u0107 ka\u017ee da je odlu\u010dila ove godine ostati kod ku\u0107e i za novac koji bi izdvojila za ljetovanje kupit \u0107e bazen.<\/p>\n\n\n\n<p>&#8211; Kupit \u0107u veliki bazen i postaviti u dvori\u0161te, tako \u0107u mo\u0107i umjesto pet dana na moru u\u017eivati tokom cijelog ljeta, ali i narednih sezona &#8211; kazala je Stani\u0107eva.<\/p>\n\n\n\n<p>Izvr\u0161na direktorica Udru\u017eenje gra\u0111ana \u201cOaza\u201d Trebinje Nedeljka Ne\u0161ka Ili\u0107 ka\u017ee da Hercegovcima more nije daleko, ali zbog poskupljenja goriva i velikih gu\u017evi na granicama, gra\u0111ani se nerijetko odlu\u010duju da investiraju u bazene.<\/p>\n\n\n\n<p>&#8211; Gra\u0111ani bazene naj\u010de\u0161\u0107e kupuju zbog male djece, te ih stavljaju ispred ku\u0107e, kako bi se mogli rashladiti u miru svog dvori\u0161ta &#8211; kazala je Ili\u0107eva.<\/p>\n\n\n\n<p>Izvor:glas srpske<\/p>\n","protected":false},"excerpt":{"rendered":"<p>S obzirom na velika poskupljenja, mnogi gra\u0111ani Srpske ne mogu sebi priu\u0161titi odmor na moru, te spas od vru\u0107ina pronalaze u hladovini svojih dvori\u0161ta, u koje postavljaju monta\u017ene bazene, a to potvr\u0111uju i u tr\u017enim centrima, gdje isti\u010du da su im zalihe pri kraju. Trgovci ka\u017eu da su cijene bazena u odnosu na pro\u0161lu godinu [&hellip;]<\/p>\n","protected":false},"author":2,"featured_media":163981,"comment_status":"closed","ping_status":"closed","sticky":false,"template":"","format":"standard","meta":{"h5ap_radio_sources":[],"footnotes":""},"categories":[1],"tags":[],"class_list":["post-163980","post","type-post","status-publish","format-standard","has-post-thumbnail","hentry","category-bihiregija"],"yoast_head":"<!-- This site is optimized with the Yoast SEO plugin v27.5 - https:\/\/yoast.com\/product\/yoast-seo-wordpress\/ -->\n<title>Za mnoge u BiH odlazak na more misaona imenica, planula prodaja bazena - RADIO LJUBU\u0160KI<\/title>\n<meta name=\"robots\" content=\"index, follow, max-snippet:-1, max-image-preview:large, max-video-preview:-1\" \/>\n<link rel=\"canonical\" href=\"https:\/\/radioljubuski.ba\/index.php\/2022\/07\/27\/za-mnoge-u-bih-odlazak-na-more-misaona-imenica-planula-prodaja-bazena\/\" \/>\n<meta property=\"og:locale\" content=\"hr_HR\" \/>\n<meta property=\"og:type\" content=\"article\" \/>\n<meta property=\"og:title\" content=\"Za mnoge u BiH odlazak na more misaona imenica, planula prodaja bazena - RADIO LJUBU\u0160KI\" \/>\n<meta property=\"og:description\" content=\"S obzirom na velika poskupljenja, mnogi gra\u0111ani Srpske ne mogu sebi priu\u0161titi odmor na moru, te spas od vru\u0107ina pronalaze u hladovini svojih dvori\u0161ta, u koje postavljaju monta\u017ene bazene, a to potvr\u0111uju i u tr\u017enim centrima, gdje isti\u010du da su im zalihe pri kraju. Trgovci ka\u017eu da su cijene bazena u odnosu na pro\u0161lu godinu [&hellip;]\" \/>\n<meta property=\"og:url\" content=\"https:\/\/radioljubuski.ba\/index.php\/2022\/07\/27\/za-mnoge-u-bih-odlazak-na-more-misaona-imenica-planula-prodaja-bazena\/\" \/>\n<meta property=\"og:site_name\" content=\"RADIO LJUBU\u0160KI\" \/>\n<meta property=\"article:publisher\" content=\"https:\/\/www.facebook.com\/Radiio-Ljubuski-1490835324566332\" \/>\n<meta property=\"article:published_time\" content=\"2022-07-27T10:07:14+00:00\" \/>\n<meta property=\"article:modified_time\" content=\"2022-07-27T10:07:16+00:00\" \/>\n<meta property=\"og:image\" content=\"https:\/\/radioljubuski.ba\/wp-content\/uploads\/2022\/07\/8-2022-07-27-07-32-37-BAZENI.jpg\" \/>\n\t<meta property=\"og:image:width\" content=\"1000\" \/>\n\t<meta property=\"og:image:height\" content=\"625\" \/>\n\t<meta property=\"og:image:type\" content=\"image\/jpeg\" \/>\n<meta name=\"author\" content=\"Radio Ljubu\u0161ki\" \/>\n<meta name=\"twitter:card\" content=\"summary_large_image\" \/>\n<meta name=\"twitter:creator\" content=\"@radioljubuski\" \/>\n<meta name=\"twitter:site\" content=\"@radioljubuski\" \/>\n<meta name=\"twitter:label1\" content=\"Napisao\/la\" \/>\n\t<meta name=\"twitter:data1\" content=\"Radio Ljubu\u0161ki\" \/>\n\t<meta name=\"twitter:label2\" content=\"Procijenjeno vrijeme \u010ditanja\" \/>\n\t<meta name=\"twitter:data2\" content=\"3 minute\" \/>\n<script type=\"application\/ld+json\" class=\"yoast-schema-graph\">{\"@context\":\"https:\\\/\\\/schema.org\",\"@graph\":[{\"@type\":\"Article\",\"@id\":\"https:\\\/\\\/radioljubuski.ba\\\/index.php\\\/2022\\\/07\\\/27\\\/za-mnoge-u-bih-odlazak-na-more-misaona-imenica-planula-prodaja-bazena\\\/#article\",\"isPartOf\":{\"@id\":\"https:\\\/\\\/radioljubuski.ba\\\/index.php\\\/2022\\\/07\\\/27\\\/za-mnoge-u-bih-odlazak-na-more-misaona-imenica-planula-prodaja-bazena\\\/\"},\"author\":{\"name\":\"Radio Ljubu\u0161ki\",\"@id\":\"https:\\\/\\\/radioljubuski.ba\\\/#\\\/schema\\\/person\\\/19fc700381a780f69665d7956c469e3b\"},\"headline\":\"Za mnoge u BiH odlazak na more misaona imenica, planula prodaja bazena\",\"datePublished\":\"2022-07-27T10:07:14+00:00\",\"dateModified\":\"2022-07-27T10:07:16+00:00\",\"mainEntityOfPage\":{\"@id\":\"https:\\\/\\\/radioljubuski.ba\\\/index.php\\\/2022\\\/07\\\/27\\\/za-mnoge-u-bih-odlazak-na-more-misaona-imenica-planula-prodaja-bazena\\\/\"},\"wordCount\":682,\"publisher\":{\"@id\":\"https:\\\/\\\/radioljubuski.ba\\\/#organization\"},\"image\":{\"@id\":\"https:\\\/\\\/radioljubuski.ba\\\/index.php\\\/2022\\\/07\\\/27\\\/za-mnoge-u-bih-odlazak-na-more-misaona-imenica-planula-prodaja-bazena\\\/#primaryimage\"},\"thumbnailUrl\":\"https:\\\/\\\/radioljubuski.ba\\\/wp-content\\\/uploads\\\/2022\\\/07\\\/8-2022-07-27-07-32-37-BAZENI.jpg\",\"articleSection\":[\"BIH i regija\"],\"inLanguage\":\"hr\"},{\"@type\":\"WebPage\",\"@id\":\"https:\\\/\\\/radioljubuski.ba\\\/index.php\\\/2022\\\/07\\\/27\\\/za-mnoge-u-bih-odlazak-na-more-misaona-imenica-planula-prodaja-bazena\\\/\",\"url\":\"https:\\\/\\\/radioljubuski.ba\\\/index.php\\\/2022\\\/07\\\/27\\\/za-mnoge-u-bih-odlazak-na-more-misaona-imenica-planula-prodaja-bazena\\\/\",\"name\":\"Za mnoge u BiH odlazak na more misaona imenica, planula prodaja bazena - RADIO LJUBU\u0160KI\",\"isPartOf\":{\"@id\":\"https:\\\/\\\/radioljubuski.ba\\\/#website\"},\"primaryImageOfPage\":{\"@id\":\"https:\\\/\\\/radioljubuski.ba\\\/index.php\\\/2022\\\/07\\\/27\\\/za-mnoge-u-bih-odlazak-na-more-misaona-imenica-planula-prodaja-bazena\\\/#primaryimage\"},\"image\":{\"@id\":\"https:\\\/\\\/radioljubuski.ba\\\/index.php\\\/2022\\\/07\\\/27\\\/za-mnoge-u-bih-odlazak-na-more-misaona-imenica-planula-prodaja-bazena\\\/#primaryimage\"},\"thumbnailUrl\":\"https:\\\/\\\/radioljubuski.ba\\\/wp-content\\\/uploads\\\/2022\\\/07\\\/8-2022-07-27-07-32-37-BAZENI.jpg\",\"datePublished\":\"2022-07-27T10:07:14+00:00\",\"dateModified\":\"2022-07-27T10:07:16+00:00\",\"breadcrumb\":{\"@id\":\"https:\\\/\\\/radioljubuski.ba\\\/index.php\\\/2022\\\/07\\\/27\\\/za-mnoge-u-bih-odlazak-na-more-misaona-imenica-planula-prodaja-bazena\\\/#breadcrumb\"},\"inLanguage\":\"hr\",\"potentialAction\":[{\"@type\":\"ReadAction\",\"target\":[\"https:\\\/\\\/radioljubuski.ba\\\/index.php\\\/2022\\\/07\\\/27\\\/za-mnoge-u-bih-odlazak-na-more-misaona-imenica-planula-prodaja-bazena\\\/\"]}]},{\"@type\":\"ImageObject\",\"inLanguage\":\"hr\",\"@id\":\"https:\\\/\\\/radioljubuski.ba\\\/index.php\\\/2022\\\/07\\\/27\\\/za-mnoge-u-bih-odlazak-na-more-misaona-imenica-planula-prodaja-bazena\\\/#primaryimage\",\"url\":\"https:\\\/\\\/radioljubuski.ba\\\/wp-content\\\/uploads\\\/2022\\\/07\\\/8-2022-07-27-07-32-37-BAZENI.jpg\",\"contentUrl\":\"https:\\\/\\\/radioljubuski.ba\\\/wp-content\\\/uploads\\\/2022\\\/07\\\/8-2022-07-27-07-32-37-BAZENI.jpg\",\"width\":1000,\"height\":625},{\"@type\":\"BreadcrumbList\",\"@id\":\"https:\\\/\\\/radioljubuski.ba\\\/index.php\\\/2022\\\/07\\\/27\\\/za-mnoge-u-bih-odlazak-na-more-misaona-imenica-planula-prodaja-bazena\\\/#breadcrumb\",\"itemListElement\":[{\"@type\":\"ListItem\",\"position\":1,\"name\":\"Po\u010detna stranica\",\"item\":\"https:\\\/\\\/radioljubuski.ba\\\/\"},{\"@type\":\"ListItem\",\"position\":2,\"name\":\"Za mnoge u BiH odlazak na more misaona imenica, planula prodaja bazena\"}]},{\"@type\":\"WebSite\",\"@id\":\"https:\\\/\\\/radioljubuski.ba\\\/#website\",\"url\":\"https:\\\/\\\/radioljubuski.ba\\\/\",\"name\":\"Radio Ljubu\u0161ki\",\"description\":\"Sun\u010dana frekvencija Hercegovine\",\"publisher\":{\"@id\":\"https:\\\/\\\/radioljubuski.ba\\\/#organization\"},\"potentialAction\":[{\"@type\":\"SearchAction\",\"target\":{\"@type\":\"EntryPoint\",\"urlTemplate\":\"https:\\\/\\\/radioljubuski.ba\\\/?s={search_term_string}\"},\"query-input\":{\"@type\":\"PropertyValueSpecification\",\"valueRequired\":true,\"valueName\":\"search_term_string\"}}],\"inLanguage\":\"hr\"},{\"@type\":\"Organization\",\"@id\":\"https:\\\/\\\/radioljubuski.ba\\\/#organization\",\"name\":\"Radio Ljubu\u0161ki\",\"url\":\"https:\\\/\\\/radioljubuski.ba\\\/\",\"logo\":{\"@type\":\"ImageObject\",\"inLanguage\":\"hr\",\"@id\":\"https:\\\/\\\/radioljubuski.ba\\\/#\\\/schema\\\/logo\\\/image\\\/\",\"url\":\"https:\\\/\\\/radioljubuski.ba\\\/wp-content\\\/uploads\\\/2021\\\/02\\\/cropped-Radio_Ljubuski_logo1.jpg\",\"contentUrl\":\"https:\\\/\\\/radioljubuski.ba\\\/wp-content\\\/uploads\\\/2021\\\/02\\\/cropped-Radio_Ljubuski_logo1.jpg\",\"width\":512,\"height\":512,\"caption\":\"Radio Ljubu\u0161ki\"},\"image\":{\"@id\":\"https:\\\/\\\/radioljubuski.ba\\\/#\\\/schema\\\/logo\\\/image\\\/\"},\"sameAs\":[\"https:\\\/\\\/www.facebook.com\\\/Radiio-Ljubuski-1490835324566332\",\"https:\\\/\\\/x.com\\\/radioljubuski\",\"https:\\\/\\\/hr.linkedin.com\\\/company\\\/radio-ljubuski\",\"https:\\\/\\\/www.youtube.com\\\/channel\\\/UCHYaeO_n0Db3tjNGudGpXyw\"]},{\"@type\":\"Person\",\"@id\":\"https:\\\/\\\/radioljubuski.ba\\\/#\\\/schema\\\/person\\\/19fc700381a780f69665d7956c469e3b\",\"name\":\"Radio Ljubu\u0161ki\"}]}<\/script>\n<!-- \/ Yoast SEO plugin. -->","yoast_head_json":{"title":"Za mnoge u BiH odlazak na more misaona imenica, planula prodaja bazena - RADIO LJUBU\u0160KI","robots":{"index":"index","follow":"follow","max-snippet":"max-snippet:-1","max-image-preview":"max-image-preview:large","max-video-preview":"max-video-preview:-1"},"canonical":"https:\/\/radioljubuski.ba\/index.php\/2022\/07\/27\/za-mnoge-u-bih-odlazak-na-more-misaona-imenica-planula-prodaja-bazena\/","og_locale":"hr_HR","og_type":"article","og_title":"Za mnoge u BiH odlazak na more misaona imenica, planula prodaja bazena - RADIO LJUBU\u0160KI","og_description":"S obzirom na velika poskupljenja, mnogi gra\u0111ani Srpske ne mogu sebi priu\u0161titi odmor na moru, te spas od vru\u0107ina pronalaze u hladovini svojih dvori\u0161ta, u koje postavljaju monta\u017ene bazene, a to potvr\u0111uju i u tr\u017enim centrima, gdje isti\u010du da su im zalihe pri kraju. Trgovci ka\u017eu da su cijene bazena u odnosu na pro\u0161lu godinu [&hellip;]","og_url":"https:\/\/radioljubuski.ba\/index.php\/2022\/07\/27\/za-mnoge-u-bih-odlazak-na-more-misaona-imenica-planula-prodaja-bazena\/","og_site_name":"RADIO LJUBU\u0160KI","article_publisher":"https:\/\/www.facebook.com\/Radiio-Ljubuski-1490835324566332","article_published_time":"2022-07-27T10:07:14+00:00","article_modified_time":"2022-07-27T10:07:16+00:00","og_image":[{"width":1000,"height":625,"url":"https:\/\/radioljubuski.ba\/wp-content\/uploads\/2022\/07\/8-2022-07-27-07-32-37-BAZENI.jpg","type":"image\/jpeg"}],"author":"Radio Ljubu\u0161ki","twitter_card":"summary_large_image","twitter_creator":"@radioljubuski","twitter_site":"@radioljubuski","twitter_misc":{"Napisao\/la":"Radio Ljubu\u0161ki","Procijenjeno vrijeme \u010ditanja":"3 minute"},"schema":{"@context":"https:\/\/schema.org","@graph":[{"@type":"Article","@id":"https:\/\/radioljubuski.ba\/index.php\/2022\/07\/27\/za-mnoge-u-bih-odlazak-na-more-misaona-imenica-planula-prodaja-bazena\/#article","isPartOf":{"@id":"https:\/\/radioljubuski.ba\/index.php\/2022\/07\/27\/za-mnoge-u-bih-odlazak-na-more-misaona-imenica-planula-prodaja-bazena\/"},"author":{"name":"Radio Ljubu\u0161ki","@id":"https:\/\/radioljubuski.ba\/#\/schema\/person\/19fc700381a780f69665d7956c469e3b"},"headline":"Za mnoge u BiH odlazak na more misaona imenica, planula prodaja bazena","datePublished":"2022-07-27T10:07:14+00:00","dateModified":"2022-07-27T10:07:16+00:00","mainEntityOfPage":{"@id":"https:\/\/radioljubuski.ba\/index.php\/2022\/07\/27\/za-mnoge-u-bih-odlazak-na-more-misaona-imenica-planula-prodaja-bazena\/"},"wordCount":682,"publisher":{"@id":"https:\/\/radioljubuski.ba\/#organization"},"image":{"@id":"https:\/\/radioljubuski.ba\/index.php\/2022\/07\/27\/za-mnoge-u-bih-odlazak-na-more-misaona-imenica-planula-prodaja-bazena\/#primaryimage"},"thumbnailUrl":"https:\/\/radioljubuski.ba\/wp-content\/uploads\/2022\/07\/8-2022-07-27-07-32-37-BAZENI.jpg","articleSection":["BIH i regija"],"inLanguage":"hr"},{"@type":"WebPage","@id":"https:\/\/radioljubuski.ba\/index.php\/2022\/07\/27\/za-mnoge-u-bih-odlazak-na-more-misaona-imenica-planula-prodaja-bazena\/","url":"https:\/\/radioljubuski.ba\/index.php\/2022\/07\/27\/za-mnoge-u-bih-odlazak-na-more-misaona-imenica-planula-prodaja-bazena\/","name":"Za mnoge u BiH odlazak na more misaona imenica, planula prodaja bazena - RADIO LJUBU\u0160KI","isPartOf":{"@id":"https:\/\/radioljubuski.ba\/#website"},"primaryImageOfPage":{"@id":"https:\/\/radioljubuski.ba\/index.php\/2022\/07\/27\/za-mnoge-u-bih-odlazak-na-more-misaona-imenica-planula-prodaja-bazena\/#primaryimage"},"image":{"@id":"https:\/\/radioljubuski.ba\/index.php\/2022\/07\/27\/za-mnoge-u-bih-odlazak-na-more-misaona-imenica-planula-prodaja-bazena\/#primaryimage"},"thumbnailUrl":"https:\/\/radioljubuski.ba\/wp-content\/uploads\/2022\/07\/8-2022-07-27-07-32-37-BAZENI.jpg","datePublished":"2022-07-27T10:07:14+00:00","dateModified":"2022-07-27T10:07:16+00:00","breadcrumb":{"@id":"https:\/\/radioljubuski.ba\/index.php\/2022\/07\/27\/za-mnoge-u-bih-odlazak-na-more-misaona-imenica-planula-prodaja-bazena\/#breadcrumb"},"inLanguage":"hr","potentialAction":[{"@type":"ReadAction","target":["https:\/\/radioljubuski.ba\/index.php\/2022\/07\/27\/za-mnoge-u-bih-odlazak-na-more-misaona-imenica-planula-prodaja-bazena\/"]}]},{"@type":"ImageObject","inLanguage":"hr","@id":"https:\/\/radioljubuski.ba\/index.php\/2022\/07\/27\/za-mnoge-u-bih-odlazak-na-more-misaona-imenica-planula-prodaja-bazena\/#primaryimage","url":"https:\/\/radioljubuski.ba\/wp-content\/uploads\/2022\/07\/8-2022-07-27-07-32-37-BAZENI.jpg","contentUrl":"https:\/\/radioljubuski.ba\/wp-content\/uploads\/2022\/07\/8-2022-07-27-07-32-37-BAZENI.jpg","width":1000,"height":625},{"@type":"BreadcrumbList","@id":"https:\/\/radioljubuski.ba\/index.php\/2022\/07\/27\/za-mnoge-u-bih-odlazak-na-more-misaona-imenica-planula-prodaja-bazena\/#breadcrumb","itemListElement":[{"@type":"ListItem","position":1,"name":"Po\u010detna stranica","item":"https:\/\/radioljubuski.ba\/"},{"@type":"ListItem","position":2,"name":"Za mnoge u BiH odlazak na more misaona imenica, planula prodaja bazena"}]},{"@type":"WebSite","@id":"https:\/\/radioljubuski.ba\/#website","url":"https:\/\/radioljubuski.ba\/","name":"Radio Ljubu\u0161ki","description":"Sun\u010dana frekvencija Hercegovine","publisher":{"@id":"https:\/\/radioljubuski.ba\/#organization"},"potentialAction":[{"@type":"SearchAction","target":{"@type":"EntryPoint","urlTemplate":"https:\/\/radioljubuski.ba\/?s={search_term_string}"},"query-input":{"@type":"PropertyValueSpecification","valueRequired":true,"valueName":"search_term_string"}}],"inLanguage":"hr"},{"@type":"Organization","@id":"https:\/\/radioljubuski.ba\/#organization","name":"Radio Ljubu\u0161ki","url":"https:\/\/radioljubuski.ba\/","logo":{"@type":"ImageObject","inLanguage":"hr","@id":"https:\/\/radioljubuski.ba\/#\/schema\/logo\/image\/","url":"https:\/\/radioljubuski.ba\/wp-content\/uploads\/2021\/02\/cropped-Radio_Ljubuski_logo1.jpg","contentUrl":"https:\/\/radioljubuski.ba\/wp-content\/uploads\/2021\/02\/cropped-Radio_Ljubuski_logo1.jpg","width":512,"height":512,"caption":"Radio Ljubu\u0161ki"},"image":{"@id":"https:\/\/radioljubuski.ba\/#\/schema\/logo\/image\/"},"sameAs":["https:\/\/www.facebook.com\/Radiio-Ljubuski-1490835324566332","https:\/\/x.com\/radioljubuski","https:\/\/hr.linkedin.com\/company\/radio-ljubuski","https:\/\/www.youtube.com\/channel\/UCHYaeO_n0Db3tjNGudGpXyw"]},{"@type":"Person","@id":"https:\/\/radioljubuski.ba\/#\/schema\/person\/19fc700381a780f69665d7956c469e3b","name":"Radio Ljubu\u0161ki"}]}},"_links":{"self":[{"href":"https:\/\/radioljubuski.ba\/index.php\/wp-json\/wp\/v2\/posts\/163980","targetHints":{"allow":["GET"]}}],"collection":[{"href":"https:\/\/radioljubuski.ba\/index.php\/wp-json\/wp\/v2\/posts"}],"about":[{"href":"https:\/\/radioljubuski.ba\/index.php\/wp-json\/wp\/v2\/types\/post"}],"author":[{"embeddable":true,"href":"https:\/\/radioljubuski.ba\/index.php\/wp-json\/wp\/v2\/users\/2"}],"replies":[{"embeddable":true,"href":"https:\/\/radioljubuski.ba\/index.php\/wp-json\/wp\/v2\/comments?post=163980"}],"version-history":[{"count":1,"href":"https:\/\/radioljubuski.ba\/index.php\/wp-json\/wp\/v2\/posts\/163980\/revisions"}],"predecessor-version":[{"id":163982,"href":"https:\/\/radioljubuski.ba\/index.php\/wp-json\/wp\/v2\/posts\/163980\/revisions\/163982"}],"wp:featuredmedia":[{"embeddable":true,"href":"https:\/\/radioljubuski.ba\/index.php\/wp-json\/wp\/v2\/media\/163981"}],"wp:attachment":[{"href":"https:\/\/radioljubuski.ba\/index.php\/wp-json\/wp\/v2\/media?parent=163980"}],"wp:term":[{"taxonomy":"category","embeddable":true,"href":"https:\/\/radioljubuski.ba\/index.php\/wp-json\/wp\/v2\/categories?post=163980"},{"taxonomy":"post_tag","embeddable":true,"href":"https:\/\/radioljubuski.ba\/index.php\/wp-json\/wp\/v2\/tags?post=163980"}],"curies":[{"name":"wp","href":"https:\/\/api.w.org\/{rel}","templated":true}]}}