{"id":163986,"date":"2022-07-27T11:10:30","date_gmt":"2022-07-27T10:10:30","guid":{"rendered":"https:\/\/radioljubuski.ba\/?p=163986"},"modified":"2022-07-27T11:10:31","modified_gmt":"2022-07-27T10:10:31","slug":"gordana-iz-tuzle-pronasla-svog-brata-luku-nakon-45-godina-traganja","status":"publish","type":"post","link":"https:\/\/radioljubuski.ba\/index.php\/2022\/07\/27\/gordana-iz-tuzle-pronasla-svog-brata-luku-nakon-45-godina-traganja\/","title":{"rendered":"Gordana iz Tuzle prona\u0161la svog brata Luku nakon 45 godina traganja"},"content":{"rendered":"\n<p>Gordana Venti\u0107 i Luka Horvat su brat i sestra koji su se sreli u Tuzli nakon 45 godina odvojenosti. Vi\u0161e od \u010detiri desetlje\u0107a su bezuspje\u0161no tra\u017eili jedno drugo ali nikada nisu odustajali. Svoju \u017eivotnu pri\u010du su ispri\u010dali za portal Balans, prenosi <a href=\"https:\/\/crna-hronika.info\/gordana-iz-tuzle-pronasla-svog-brata-luku-nakon-45-godina-traganja\/392932?fbclid=IwAR3M-OjPjhLVLrcNrprofkXuI0MDGgqzgmLDTsYMI9rqMODf7C12KpYLrvA\" target=\"_blank\" rel=\"noreferrer noopener\">Crna Hronika<\/a>.<\/p>\n\n\n\n<p>Gordana danas ima 56, a Luka 51 godinu. Po materi, brat i sestra su se razdvojili u Be\u010du kada je on imao dvije godine, a ona sedam godina.<\/p>\n\n\n\n<p>\u201d Razdvojili smo se se u Austriji kada je mama umrla. On je ostao sa svojim ocem, a mene je ujak vratio u Bosnu. Godinu dana sam \u017eivjela kod tetke. S obzirom da sam joj bila na teretu, smjestila me je u Dom za djecu bez roditeljskog staranja\u201d- pri\u010da&nbsp; Gordana. Nakon \u0161to je zavr\u0161ila srednju \u0161koli i napunila 18 godina, morala je iza\u0107i iz te ustanove. Sticajem okolnosti, ubrzo se udala i zasnovala obitelj u Par Selu kod Tuzle. Gordana je znala da ima brata i da je ostao u Austriji, ali nije imala nikakav na\u010din da do\u0111e do njega niti bilo kakvih informacija o njemu.<\/p>\n\n\n\n<p>\u201d Prije nekoliko godina sam na\u0161la na dru\u0161tvenim mre\u017eama grupu \u201d Pokidane veze\u201d te napisala da tra\u017eim brata. Napisala sam ime i prezime, \u0161ta sam znala po sje\u0107anju gdje \u017eivi. Imala sam jako dobre dvije prijateljice, Karolinu Mihalj i Ivanku Mustafi\u0107, koje su se ba\u0161 zauzele da ga na\u0111u. Ali bilo je te\u0161ko\u201d-ka\u017ee sugovornica. Brata nije mogla na\u0107i jer je u me\u0111uvremenu promijenio prezime. Njene prijateljice u Austriji su poku\u0161ale preko raznih institucija ali i crkve, do\u0107i do Luke. \u010cak su prona\u0161le podatke o Gordani, da je \u017eivjela u Austriji nekada, da je i\u0161la u \u0161kolu. Kona\u010dno, jedna od njih je slu\u010dajno saznala da je Luka promijenio prezime i tako ga prona\u0161la. Napisala mu je pismo i pojasnila da ga sestra tra\u017ei. Sa druge strane, Luka je, tako\u0111er, tra\u017eio Gordanu, ali pod pogre\u0161nim imenom i prezimenom. Naime, Gordana je po ro\u0111enju dobila ima Petra ali su joj kada je bila mala, promijenili ime, a u me\u0111uvremenu je promijenila i prezime jer se udala.<\/p>\n\n\n\n<p><br>\u201d Ja sam ostao kod oca. Sestre se sje\u0107am da me je kupala. I razdvojeni smo. Godinama sam je tra\u017eio ali pod pogre\u0161nim i prezimenom jer nisam znao da je udata. Nisam imao informacija. Poku\u0161ao sam preko Crvenog kri\u017ea u Be\u010du i drugih organizacija pa i preko nekih koje tra\u017ee kontakte ljudi koji su emigrirali. Probao sam svugdje ali nije bilo nikakvih informacija. Na\u017ealost. Itekako sam imao \u017eelju da na\u0111em sestru\u201d- ka\u017ee Luka. Njegovo sje\u0107anje na period kada su bili skupa, veoma je blijedo.<\/p>\n\n\n\n<p>U velja\u010di 2018.godine Gordana i Luka su prvi put se \u010duli i vidjeli preko video poziva. Bio je to \u0161ok za oboje.<\/p>\n\n\n\n<p>\u201d Bilo je jako, jako te\u0161ko. Prvo \u0161to ne mo\u017ee\u0161 vjerovati, a drugo \u0161to ne zna\u0161 \u0161ta re\u0107i, odakle po\u010deti pri\u010du. On je plakao. Ja sam rekla de na \u010dini to. Da \u0107emo zajedno plakati ako se ikada u\u017eivo vidimo u \u017eivotu. I smijat \u0107emo se zajedno. I do\u0161ao je taj trenutak da se nakon 45 godina sretnemo\u201d- kroz suze pri\u010da Gordana. Taj momenat je potresao i Luku, a ponovo po\u010dinje plakati kada se sjeti toga.<\/p>\n\n\n\n<p>\u201d Ja sam joj rekao: Zdravo, ja sam tvoj mali braco. Dobio sam broj od Karoline. Bilo je to samo plakanje, plakanje. Gledali smo se preko kamere i \u0161utili i plakali oboje. Ja nisam imao rije\u010di\u201d- prepri\u010dava on.<\/p>\n\n\n\n<p>Nakon 45 godina, Luka je sjeo u autobus i iz Be\u010da do\u0161ao u Tuzli. Sestra ga je \u010dekala na stanici u Tuzli. Taj desetlje\u0107ima i\u0161\u010dekivan susret, pun suza, zagrljaja ali i smijeha, te\u0161ko je opisati, ka\u017eu oboje. Dugo su sjedili i pri\u010dali o svemu. Prvo \u0161to su u\u010dinili u Tuzli je da su obi\u0161li maj\u010din grob na tuzlanskom groblju Trnovac i zapalili svije\u0107u. Svaki njihov razgovor, donio je neke nove detalje i djelomi\u010dna i istrgana sje\u0107anja. Otkrili su i da imaju dosta sli\u010dnosti.<\/p>\n\n\n\n<p>\u201d Ljuti smo oboje. Ja sam u horoskopu Jarac i tvrdoglav sam, a ona je Ovan pa oboje imamo rogove\u201d \u2013 smiju\u0107i se pri\u010da Luka koji ima dvoje djece te \u010deka i drugo unu\u010de. S obzirom da je njegov otac rodom iz Sarajeva, sa sestrom je i\u0161ao tamo jer je, kao dijete, raspuste provodio u tom gradu. Dopala mu se i Tuzla koju je obi\u0161ao pa \u010dak je i godi\u0161nji odmor produ\u017eio nekoliko dana da bi jo\u0161 malo bio sa sestrom. Raduje se narednom susretu. Bio on u Be\u010du ili u Tuzli. I sestra ne krije radost \u0161to kona\u010dno ima brata u pravom smislu te rije\u010di.<\/p>\n\n\n\n<p>\u201d Ja sam svoj \u017eivot zaokru\u017eila. Ali meni je uvijek falio netko. Znala sam da je taj netko moj brat. Udala sam se, rodila djecu. Imam zlatnu djecu i zlatnu unu\u010dad. Ali uvijek mi je nedostajalo ne\u0161to. Zna\u0161 da ima\u0161 brata ali ne zna\u0161 ni\u0161ta. Ni gdje je, ni da li je \u017eiv uop\u0107e. Nedostajao mi je dio mene. Sada se taj dio upotpunio\u201d- zaklju\u010duje Gordana svoju \u017eivotnu pri\u010du koja pokazuje da \u017eivot zaista pi\u0161e romane, a naj\u010de\u0161\u0107e drame poput ove. Ali ova nema tu\u017ean kraj i pokazuje koliko su neke veze, neraskidive.<\/p>\n\n\n\n<p>Izvor:crna kronika<\/p>\n","protected":false},"excerpt":{"rendered":"<p>Gordana Venti\u0107 i Luka Horvat su brat i sestra koji su se sreli u Tuzli nakon 45 godina odvojenosti. Vi\u0161e od \u010detiri desetlje\u0107a su bezuspje\u0161no tra\u017eili jedno drugo ali nikada nisu odustajali. Svoju \u017eivotnu pri\u010du su ispri\u010dali za portal Balans, prenosi Crna Hronika. Gordana danas ima 56, a Luka 51 godinu. Po materi, brat i [&hellip;]<\/p>\n","protected":false},"author":2,"featured_media":163987,"comment_status":"closed","ping_status":"closed","sticky":false,"template":"","format":"standard","meta":{"h5ap_radio_sources":[],"footnotes":""},"categories":[1],"tags":[],"class_list":["post-163986","post","type-post","status-publish","format-standard","has-post-thumbnail","hentry","category-bihiregija"],"yoast_head":"<!-- This site is optimized with the Yoast SEO plugin v27.5 - https:\/\/yoast.com\/product\/yoast-seo-wordpress\/ -->\n<title>Gordana iz Tuzle prona\u0161la svog brata Luku nakon 45 godina traganja - RADIO LJUBU\u0160KI<\/title>\n<meta name=\"robots\" content=\"index, follow, max-snippet:-1, max-image-preview:large, max-video-preview:-1\" \/>\n<link rel=\"canonical\" href=\"https:\/\/radioljubuski.ba\/index.php\/2022\/07\/27\/gordana-iz-tuzle-pronasla-svog-brata-luku-nakon-45-godina-traganja\/\" \/>\n<meta property=\"og:locale\" content=\"hr_HR\" \/>\n<meta property=\"og:type\" content=\"article\" \/>\n<meta property=\"og:title\" content=\"Gordana iz Tuzle prona\u0161la svog brata Luku nakon 45 godina traganja - RADIO LJUBU\u0160KI\" \/>\n<meta property=\"og:description\" content=\"Gordana Venti\u0107 i Luka Horvat su brat i sestra koji su se sreli u Tuzli nakon 45 godina odvojenosti. Vi\u0161e od \u010detiri desetlje\u0107a su bezuspje\u0161no tra\u017eili jedno drugo ali nikada nisu odustajali. Svoju \u017eivotnu pri\u010du su ispri\u010dali za portal Balans, prenosi Crna Hronika. Gordana danas ima 56, a Luka 51 godinu. Po materi, brat i [&hellip;]\" \/>\n<meta property=\"og:url\" content=\"https:\/\/radioljubuski.ba\/index.php\/2022\/07\/27\/gordana-iz-tuzle-pronasla-svog-brata-luku-nakon-45-godina-traganja\/\" \/>\n<meta property=\"og:site_name\" content=\"RADIO LJUBU\u0160KI\" \/>\n<meta property=\"article:publisher\" content=\"https:\/\/www.facebook.com\/Radiio-Ljubuski-1490835324566332\" \/>\n<meta property=\"article:published_time\" content=\"2022-07-27T10:10:30+00:00\" \/>\n<meta property=\"article:modified_time\" content=\"2022-07-27T10:10:31+00:00\" \/>\n<meta property=\"og:image\" content=\"https:\/\/radioljubuski.ba\/wp-content\/uploads\/2022\/07\/8-2022-07-27-07-42-53-Gordana-i-Luka-1-768x460-1.jpg\" \/>\n\t<meta property=\"og:image:width\" content=\"1000\" \/>\n\t<meta property=\"og:image:height\" content=\"625\" \/>\n\t<meta property=\"og:image:type\" content=\"image\/jpeg\" \/>\n<meta name=\"author\" content=\"Radio Ljubu\u0161ki\" \/>\n<meta name=\"twitter:card\" content=\"summary_large_image\" \/>\n<meta name=\"twitter:creator\" content=\"@radioljubuski\" \/>\n<meta name=\"twitter:site\" content=\"@radioljubuski\" \/>\n<meta name=\"twitter:label1\" content=\"Napisao\/la\" \/>\n\t<meta name=\"twitter:data1\" content=\"Radio Ljubu\u0161ki\" \/>\n\t<meta name=\"twitter:label2\" content=\"Procijenjeno vrijeme \u010ditanja\" \/>\n\t<meta name=\"twitter:data2\" content=\"4 minute\" \/>\n<script type=\"application\/ld+json\" class=\"yoast-schema-graph\">{\"@context\":\"https:\\\/\\\/schema.org\",\"@graph\":[{\"@type\":\"Article\",\"@id\":\"https:\\\/\\\/radioljubuski.ba\\\/index.php\\\/2022\\\/07\\\/27\\\/gordana-iz-tuzle-pronasla-svog-brata-luku-nakon-45-godina-traganja\\\/#article\",\"isPartOf\":{\"@id\":\"https:\\\/\\\/radioljubuski.ba\\\/index.php\\\/2022\\\/07\\\/27\\\/gordana-iz-tuzle-pronasla-svog-brata-luku-nakon-45-godina-traganja\\\/\"},\"author\":{\"name\":\"Radio Ljubu\u0161ki\",\"@id\":\"https:\\\/\\\/radioljubuski.ba\\\/#\\\/schema\\\/person\\\/19fc700381a780f69665d7956c469e3b\"},\"headline\":\"Gordana iz Tuzle prona\u0161la svog brata Luku nakon 45 godina traganja\",\"datePublished\":\"2022-07-27T10:10:30+00:00\",\"dateModified\":\"2022-07-27T10:10:31+00:00\",\"mainEntityOfPage\":{\"@id\":\"https:\\\/\\\/radioljubuski.ba\\\/index.php\\\/2022\\\/07\\\/27\\\/gordana-iz-tuzle-pronasla-svog-brata-luku-nakon-45-godina-traganja\\\/\"},\"wordCount\":941,\"publisher\":{\"@id\":\"https:\\\/\\\/radioljubuski.ba\\\/#organization\"},\"image\":{\"@id\":\"https:\\\/\\\/radioljubuski.ba\\\/index.php\\\/2022\\\/07\\\/27\\\/gordana-iz-tuzle-pronasla-svog-brata-luku-nakon-45-godina-traganja\\\/#primaryimage\"},\"thumbnailUrl\":\"https:\\\/\\\/radioljubuski.ba\\\/wp-content\\\/uploads\\\/2022\\\/07\\\/8-2022-07-27-07-42-53-Gordana-i-Luka-1-768x460-1.jpg\",\"articleSection\":[\"BIH i regija\"],\"inLanguage\":\"hr\"},{\"@type\":\"WebPage\",\"@id\":\"https:\\\/\\\/radioljubuski.ba\\\/index.php\\\/2022\\\/07\\\/27\\\/gordana-iz-tuzle-pronasla-svog-brata-luku-nakon-45-godina-traganja\\\/\",\"url\":\"https:\\\/\\\/radioljubuski.ba\\\/index.php\\\/2022\\\/07\\\/27\\\/gordana-iz-tuzle-pronasla-svog-brata-luku-nakon-45-godina-traganja\\\/\",\"name\":\"Gordana iz Tuzle prona\u0161la svog brata Luku nakon 45 godina traganja - RADIO LJUBU\u0160KI\",\"isPartOf\":{\"@id\":\"https:\\\/\\\/radioljubuski.ba\\\/#website\"},\"primaryImageOfPage\":{\"@id\":\"https:\\\/\\\/radioljubuski.ba\\\/index.php\\\/2022\\\/07\\\/27\\\/gordana-iz-tuzle-pronasla-svog-brata-luku-nakon-45-godina-traganja\\\/#primaryimage\"},\"image\":{\"@id\":\"https:\\\/\\\/radioljubuski.ba\\\/index.php\\\/2022\\\/07\\\/27\\\/gordana-iz-tuzle-pronasla-svog-brata-luku-nakon-45-godina-traganja\\\/#primaryimage\"},\"thumbnailUrl\":\"https:\\\/\\\/radioljubuski.ba\\\/wp-content\\\/uploads\\\/2022\\\/07\\\/8-2022-07-27-07-42-53-Gordana-i-Luka-1-768x460-1.jpg\",\"datePublished\":\"2022-07-27T10:10:30+00:00\",\"dateModified\":\"2022-07-27T10:10:31+00:00\",\"breadcrumb\":{\"@id\":\"https:\\\/\\\/radioljubuski.ba\\\/index.php\\\/2022\\\/07\\\/27\\\/gordana-iz-tuzle-pronasla-svog-brata-luku-nakon-45-godina-traganja\\\/#breadcrumb\"},\"inLanguage\":\"hr\",\"potentialAction\":[{\"@type\":\"ReadAction\",\"target\":[\"https:\\\/\\\/radioljubuski.ba\\\/index.php\\\/2022\\\/07\\\/27\\\/gordana-iz-tuzle-pronasla-svog-brata-luku-nakon-45-godina-traganja\\\/\"]}]},{\"@type\":\"ImageObject\",\"inLanguage\":\"hr\",\"@id\":\"https:\\\/\\\/radioljubuski.ba\\\/index.php\\\/2022\\\/07\\\/27\\\/gordana-iz-tuzle-pronasla-svog-brata-luku-nakon-45-godina-traganja\\\/#primaryimage\",\"url\":\"https:\\\/\\\/radioljubuski.ba\\\/wp-content\\\/uploads\\\/2022\\\/07\\\/8-2022-07-27-07-42-53-Gordana-i-Luka-1-768x460-1.jpg\",\"contentUrl\":\"https:\\\/\\\/radioljubuski.ba\\\/wp-content\\\/uploads\\\/2022\\\/07\\\/8-2022-07-27-07-42-53-Gordana-i-Luka-1-768x460-1.jpg\",\"width\":1000,\"height\":625},{\"@type\":\"BreadcrumbList\",\"@id\":\"https:\\\/\\\/radioljubuski.ba\\\/index.php\\\/2022\\\/07\\\/27\\\/gordana-iz-tuzle-pronasla-svog-brata-luku-nakon-45-godina-traganja\\\/#breadcrumb\",\"itemListElement\":[{\"@type\":\"ListItem\",\"position\":1,\"name\":\"Po\u010detna stranica\",\"item\":\"https:\\\/\\\/radioljubuski.ba\\\/\"},{\"@type\":\"ListItem\",\"position\":2,\"name\":\"Gordana iz Tuzle prona\u0161la svog brata Luku nakon 45 godina traganja\"}]},{\"@type\":\"WebSite\",\"@id\":\"https:\\\/\\\/radioljubuski.ba\\\/#website\",\"url\":\"https:\\\/\\\/radioljubuski.ba\\\/\",\"name\":\"Radio Ljubu\u0161ki\",\"description\":\"Sun\u010dana frekvencija Hercegovine\",\"publisher\":{\"@id\":\"https:\\\/\\\/radioljubuski.ba\\\/#organization\"},\"potentialAction\":[{\"@type\":\"SearchAction\",\"target\":{\"@type\":\"EntryPoint\",\"urlTemplate\":\"https:\\\/\\\/radioljubuski.ba\\\/?s={search_term_string}\"},\"query-input\":{\"@type\":\"PropertyValueSpecification\",\"valueRequired\":true,\"valueName\":\"search_term_string\"}}],\"inLanguage\":\"hr\"},{\"@type\":\"Organization\",\"@id\":\"https:\\\/\\\/radioljubuski.ba\\\/#organization\",\"name\":\"Radio Ljubu\u0161ki\",\"url\":\"https:\\\/\\\/radioljubuski.ba\\\/\",\"logo\":{\"@type\":\"ImageObject\",\"inLanguage\":\"hr\",\"@id\":\"https:\\\/\\\/radioljubuski.ba\\\/#\\\/schema\\\/logo\\\/image\\\/\",\"url\":\"https:\\\/\\\/radioljubuski.ba\\\/wp-content\\\/uploads\\\/2021\\\/02\\\/cropped-Radio_Ljubuski_logo1.jpg\",\"contentUrl\":\"https:\\\/\\\/radioljubuski.ba\\\/wp-content\\\/uploads\\\/2021\\\/02\\\/cropped-Radio_Ljubuski_logo1.jpg\",\"width\":512,\"height\":512,\"caption\":\"Radio Ljubu\u0161ki\"},\"image\":{\"@id\":\"https:\\\/\\\/radioljubuski.ba\\\/#\\\/schema\\\/logo\\\/image\\\/\"},\"sameAs\":[\"https:\\\/\\\/www.facebook.com\\\/Radiio-Ljubuski-1490835324566332\",\"https:\\\/\\\/x.com\\\/radioljubuski\",\"https:\\\/\\\/hr.linkedin.com\\\/company\\\/radio-ljubuski\",\"https:\\\/\\\/www.youtube.com\\\/channel\\\/UCHYaeO_n0Db3tjNGudGpXyw\"]},{\"@type\":\"Person\",\"@id\":\"https:\\\/\\\/radioljubuski.ba\\\/#\\\/schema\\\/person\\\/19fc700381a780f69665d7956c469e3b\",\"name\":\"Radio Ljubu\u0161ki\"}]}<\/script>\n<!-- \/ Yoast SEO plugin. -->","yoast_head_json":{"title":"Gordana iz Tuzle prona\u0161la svog brata Luku nakon 45 godina traganja - RADIO LJUBU\u0160KI","robots":{"index":"index","follow":"follow","max-snippet":"max-snippet:-1","max-image-preview":"max-image-preview:large","max-video-preview":"max-video-preview:-1"},"canonical":"https:\/\/radioljubuski.ba\/index.php\/2022\/07\/27\/gordana-iz-tuzle-pronasla-svog-brata-luku-nakon-45-godina-traganja\/","og_locale":"hr_HR","og_type":"article","og_title":"Gordana iz Tuzle prona\u0161la svog brata Luku nakon 45 godina traganja - RADIO LJUBU\u0160KI","og_description":"Gordana Venti\u0107 i Luka Horvat su brat i sestra koji su se sreli u Tuzli nakon 45 godina odvojenosti. Vi\u0161e od \u010detiri desetlje\u0107a su bezuspje\u0161no tra\u017eili jedno drugo ali nikada nisu odustajali. Svoju \u017eivotnu pri\u010du su ispri\u010dali za portal Balans, prenosi Crna Hronika. Gordana danas ima 56, a Luka 51 godinu. Po materi, brat i [&hellip;]","og_url":"https:\/\/radioljubuski.ba\/index.php\/2022\/07\/27\/gordana-iz-tuzle-pronasla-svog-brata-luku-nakon-45-godina-traganja\/","og_site_name":"RADIO LJUBU\u0160KI","article_publisher":"https:\/\/www.facebook.com\/Radiio-Ljubuski-1490835324566332","article_published_time":"2022-07-27T10:10:30+00:00","article_modified_time":"2022-07-27T10:10:31+00:00","og_image":[{"width":1000,"height":625,"url":"https:\/\/radioljubuski.ba\/wp-content\/uploads\/2022\/07\/8-2022-07-27-07-42-53-Gordana-i-Luka-1-768x460-1.jpg","type":"image\/jpeg"}],"author":"Radio Ljubu\u0161ki","twitter_card":"summary_large_image","twitter_creator":"@radioljubuski","twitter_site":"@radioljubuski","twitter_misc":{"Napisao\/la":"Radio Ljubu\u0161ki","Procijenjeno vrijeme \u010ditanja":"4 minute"},"schema":{"@context":"https:\/\/schema.org","@graph":[{"@type":"Article","@id":"https:\/\/radioljubuski.ba\/index.php\/2022\/07\/27\/gordana-iz-tuzle-pronasla-svog-brata-luku-nakon-45-godina-traganja\/#article","isPartOf":{"@id":"https:\/\/radioljubuski.ba\/index.php\/2022\/07\/27\/gordana-iz-tuzle-pronasla-svog-brata-luku-nakon-45-godina-traganja\/"},"author":{"name":"Radio Ljubu\u0161ki","@id":"https:\/\/radioljubuski.ba\/#\/schema\/person\/19fc700381a780f69665d7956c469e3b"},"headline":"Gordana iz Tuzle prona\u0161la svog brata Luku nakon 45 godina traganja","datePublished":"2022-07-27T10:10:30+00:00","dateModified":"2022-07-27T10:10:31+00:00","mainEntityOfPage":{"@id":"https:\/\/radioljubuski.ba\/index.php\/2022\/07\/27\/gordana-iz-tuzle-pronasla-svog-brata-luku-nakon-45-godina-traganja\/"},"wordCount":941,"publisher":{"@id":"https:\/\/radioljubuski.ba\/#organization"},"image":{"@id":"https:\/\/radioljubuski.ba\/index.php\/2022\/07\/27\/gordana-iz-tuzle-pronasla-svog-brata-luku-nakon-45-godina-traganja\/#primaryimage"},"thumbnailUrl":"https:\/\/radioljubuski.ba\/wp-content\/uploads\/2022\/07\/8-2022-07-27-07-42-53-Gordana-i-Luka-1-768x460-1.jpg","articleSection":["BIH i regija"],"inLanguage":"hr"},{"@type":"WebPage","@id":"https:\/\/radioljubuski.ba\/index.php\/2022\/07\/27\/gordana-iz-tuzle-pronasla-svog-brata-luku-nakon-45-godina-traganja\/","url":"https:\/\/radioljubuski.ba\/index.php\/2022\/07\/27\/gordana-iz-tuzle-pronasla-svog-brata-luku-nakon-45-godina-traganja\/","name":"Gordana iz Tuzle prona\u0161la svog brata Luku nakon 45 godina traganja - RADIO LJUBU\u0160KI","isPartOf":{"@id":"https:\/\/radioljubuski.ba\/#website"},"primaryImageOfPage":{"@id":"https:\/\/radioljubuski.ba\/index.php\/2022\/07\/27\/gordana-iz-tuzle-pronasla-svog-brata-luku-nakon-45-godina-traganja\/#primaryimage"},"image":{"@id":"https:\/\/radioljubuski.ba\/index.php\/2022\/07\/27\/gordana-iz-tuzle-pronasla-svog-brata-luku-nakon-45-godina-traganja\/#primaryimage"},"thumbnailUrl":"https:\/\/radioljubuski.ba\/wp-content\/uploads\/2022\/07\/8-2022-07-27-07-42-53-Gordana-i-Luka-1-768x460-1.jpg","datePublished":"2022-07-27T10:10:30+00:00","dateModified":"2022-07-27T10:10:31+00:00","breadcrumb":{"@id":"https:\/\/radioljubuski.ba\/index.php\/2022\/07\/27\/gordana-iz-tuzle-pronasla-svog-brata-luku-nakon-45-godina-traganja\/#breadcrumb"},"inLanguage":"hr","potentialAction":[{"@type":"ReadAction","target":["https:\/\/radioljubuski.ba\/index.php\/2022\/07\/27\/gordana-iz-tuzle-pronasla-svog-brata-luku-nakon-45-godina-traganja\/"]}]},{"@type":"ImageObject","inLanguage":"hr","@id":"https:\/\/radioljubuski.ba\/index.php\/2022\/07\/27\/gordana-iz-tuzle-pronasla-svog-brata-luku-nakon-45-godina-traganja\/#primaryimage","url":"https:\/\/radioljubuski.ba\/wp-content\/uploads\/2022\/07\/8-2022-07-27-07-42-53-Gordana-i-Luka-1-768x460-1.jpg","contentUrl":"https:\/\/radioljubuski.ba\/wp-content\/uploads\/2022\/07\/8-2022-07-27-07-42-53-Gordana-i-Luka-1-768x460-1.jpg","width":1000,"height":625},{"@type":"BreadcrumbList","@id":"https:\/\/radioljubuski.ba\/index.php\/2022\/07\/27\/gordana-iz-tuzle-pronasla-svog-brata-luku-nakon-45-godina-traganja\/#breadcrumb","itemListElement":[{"@type":"ListItem","position":1,"name":"Po\u010detna stranica","item":"https:\/\/radioljubuski.ba\/"},{"@type":"ListItem","position":2,"name":"Gordana iz Tuzle prona\u0161la svog brata Luku nakon 45 godina traganja"}]},{"@type":"WebSite","@id":"https:\/\/radioljubuski.ba\/#website","url":"https:\/\/radioljubuski.ba\/","name":"Radio Ljubu\u0161ki","description":"Sun\u010dana frekvencija Hercegovine","publisher":{"@id":"https:\/\/radioljubuski.ba\/#organization"},"potentialAction":[{"@type":"SearchAction","target":{"@type":"EntryPoint","urlTemplate":"https:\/\/radioljubuski.ba\/?s={search_term_string}"},"query-input":{"@type":"PropertyValueSpecification","valueRequired":true,"valueName":"search_term_string"}}],"inLanguage":"hr"},{"@type":"Organization","@id":"https:\/\/radioljubuski.ba\/#organization","name":"Radio Ljubu\u0161ki","url":"https:\/\/radioljubuski.ba\/","logo":{"@type":"ImageObject","inLanguage":"hr","@id":"https:\/\/radioljubuski.ba\/#\/schema\/logo\/image\/","url":"https:\/\/radioljubuski.ba\/wp-content\/uploads\/2021\/02\/cropped-Radio_Ljubuski_logo1.jpg","contentUrl":"https:\/\/radioljubuski.ba\/wp-content\/uploads\/2021\/02\/cropped-Radio_Ljubuski_logo1.jpg","width":512,"height":512,"caption":"Radio Ljubu\u0161ki"},"image":{"@id":"https:\/\/radioljubuski.ba\/#\/schema\/logo\/image\/"},"sameAs":["https:\/\/www.facebook.com\/Radiio-Ljubuski-1490835324566332","https:\/\/x.com\/radioljubuski","https:\/\/hr.linkedin.com\/company\/radio-ljubuski","https:\/\/www.youtube.com\/channel\/UCHYaeO_n0Db3tjNGudGpXyw"]},{"@type":"Person","@id":"https:\/\/radioljubuski.ba\/#\/schema\/person\/19fc700381a780f69665d7956c469e3b","name":"Radio Ljubu\u0161ki"}]}},"_links":{"self":[{"href":"https:\/\/radioljubuski.ba\/index.php\/wp-json\/wp\/v2\/posts\/163986","targetHints":{"allow":["GET"]}}],"collection":[{"href":"https:\/\/radioljubuski.ba\/index.php\/wp-json\/wp\/v2\/posts"}],"about":[{"href":"https:\/\/radioljubuski.ba\/index.php\/wp-json\/wp\/v2\/types\/post"}],"author":[{"embeddable":true,"href":"https:\/\/radioljubuski.ba\/index.php\/wp-json\/wp\/v2\/users\/2"}],"replies":[{"embeddable":true,"href":"https:\/\/radioljubuski.ba\/index.php\/wp-json\/wp\/v2\/comments?post=163986"}],"version-history":[{"count":1,"href":"https:\/\/radioljubuski.ba\/index.php\/wp-json\/wp\/v2\/posts\/163986\/revisions"}],"predecessor-version":[{"id":163988,"href":"https:\/\/radioljubuski.ba\/index.php\/wp-json\/wp\/v2\/posts\/163986\/revisions\/163988"}],"wp:featuredmedia":[{"embeddable":true,"href":"https:\/\/radioljubuski.ba\/index.php\/wp-json\/wp\/v2\/media\/163987"}],"wp:attachment":[{"href":"https:\/\/radioljubuski.ba\/index.php\/wp-json\/wp\/v2\/media?parent=163986"}],"wp:term":[{"taxonomy":"category","embeddable":true,"href":"https:\/\/radioljubuski.ba\/index.php\/wp-json\/wp\/v2\/categories?post=163986"},{"taxonomy":"post_tag","embeddable":true,"href":"https:\/\/radioljubuski.ba\/index.php\/wp-json\/wp\/v2\/tags?post=163986"}],"curies":[{"name":"wp","href":"https:\/\/api.w.org\/{rel}","templated":true}]}}