{"id":163993,"date":"2022-07-27T11:15:41","date_gmt":"2022-07-27T10:15:41","guid":{"rendered":"https:\/\/radioljubuski.ba\/?p=163993"},"modified":"2022-07-27T11:15:43","modified_gmt":"2022-07-27T10:15:43","slug":"vrucine-i-nedostatak-opreme-najcesci-uzroci-poginulih-na-gradilistima-u-bih","status":"publish","type":"post","link":"https:\/\/radioljubuski.ba\/index.php\/2022\/07\/27\/vrucine-i-nedostatak-opreme-najcesci-uzroci-poginulih-na-gradilistima-u-bih\/","title":{"rendered":"Vru\u0107ine i nedostatak opreme naj\u010de\u0161\u0107i uzroci poginulih na gradili\u0161tima u BiH"},"content":{"rendered":"\n<p>Vijesti o poginulim radnicima na gra\u0111evini pune naslovnice crne kronike. U posljednjih godinu dana desetine gra\u0111evinskih radnika \u017eivot je izgubilo na gradili\u0161tu. Uzrok je uglavnom visoka temperatura i nepropisno osigurano gradili\u0161te.<\/p>\n\n\n\n<p>I pored inspekcijskih nadzora, apeli i Zakoni se \u010desto ne po\u0161tuju.&nbsp;<\/p>\n\n\n\n<p>&#8220;U prvoj polovini teku\u0107e godine u oblasti za\u0161tite na radu republi\u010dka inspekcija rada izvr\u0161ila je 400 kontrola, od \u010dega je 150 bilo sa utvr\u0111enim propustima. Dogodilo se i pet smrtnih povreda od \u010dega su dvije u gra\u0111evinarstvu&#8221;, ka\u017eu za <a href=\"https:\/\/www.atvbl.rs\/vijesti\/hronika\/vrucine-i-nedostatak-opreme-najcesci-uzroci-poginulih-na-gradilistima-26-7-2022\" target=\"_blank\" rel=\"noreferrer noopener\">ATV <\/a>iz Inspektorata Republike Srpske.&nbsp;<\/p>\n\n\n\n<p>Po Zakonu o za\u0161titi na radu, radnik mora imati standardnu opremu. Prioritet su kaciga i za\u0161titna ograda. Visoke cijene opreme i dinamika radova, naj\u010de\u0161\u0107i su razlozi zbog kojih se ovi propisi ne po\u0161tuju.&nbsp;<\/p>\n\n\n\n<p>&#8220;Svaki radnik bi trebao da ima za\u0161titni prsluk &#8211; zeleni, da se jasno vidi i bude uo\u010dljiv na gradili\u0161tu, kacigu za za\u0161titu od udaraca u glavu i posebne cipele koje imaju metalnu oblogu. Svi radnici koji rade na visinama obavezno bi bilo da se postavi za\u0161titna ograda, da oni koji rade na ivicama i koji imaju mogu\u0107nost pada da budu zavezani konopcem i nekom drugom \u017eicom&#8221;, ka\u017ee Bojan Stevanovi\u0107, firma Baustatik Banja Luka.<\/p>\n\n\n\n<p>\u0160to se ti\u010de rada na visokim temperaturama, nema zakonske regulative koja to propisuje. Postoje samo preporuke o obustavljanju rada na temperaturama preko 35 stupnjeva, zbog kojih naj\u010de\u0161\u0107e dolazi do smrtnih ishoda na gradili\u0161tu.&nbsp;<\/p>\n\n\n\n<p>Banja Luka je trenutno veliko gradili\u0161te. Gra\u0111evinski radnici su u pogonu i na temperaturi od 40 stupnjeva. U najtoplijem dijelu dana na krovu zgrade je te\u0161ko stajati i pet minuta, a ne \u010detiri do pet sati. &nbsp;<\/p>\n\n\n\n<p>U poslovnoj zajednici ka\u017eu da je \u010dinjenica da su na otvorenom ote\u017eani uvjeti za rad u ljetnim mjesecima. Apeliraju na poslodavce da za\u0161tite radnike kada je previsoka \u017eiva na termometru.&nbsp;<\/p>\n\n\n\n<p>&#8220;S obzirom na ektremne uvjete koji su ovih dana veliki broj njih i obustavlja rad u ono vrijeme kada sunce najvi\u0161e grije kada su najve\u0107e temperature upravo sa cilje za\u0161tite zdravlja radnika i to je ono na \u0161ta PK poziva i ukazuje&#8221;, ka\u017ee Vladimir Blagojevi\u0107, glasnogovornik Gospodarske komore Republike Srpske.<\/p>\n\n\n\n<p>Iz resornog ministarstva pozivaju poslodavce da prilagode radno vrijeme vremenskim uvjetima. To je jedno od rje\u0161enja dok se ne izmjeni Zakon o za\u0161titi na radu, kako bi se &nbsp;izbjegli smrtni ishodi gra\u0111evinaca.&nbsp;<\/p>\n\n\n\n<p>Izvor:ATV<\/p>\n","protected":false},"excerpt":{"rendered":"<p>Vijesti o poginulim radnicima na gra\u0111evini pune naslovnice crne kronike. U posljednjih godinu dana desetine gra\u0111evinskih radnika \u017eivot je izgubilo na gradili\u0161tu. Uzrok je uglavnom visoka temperatura i nepropisno osigurano gradili\u0161te. I pored inspekcijskih nadzora, apeli i Zakoni se \u010desto ne po\u0161tuju.&nbsp; &#8220;U prvoj polovini teku\u0107e godine u oblasti za\u0161tite na radu republi\u010dka inspekcija rada [&hellip;]<\/p>\n","protected":false},"author":2,"featured_media":163994,"comment_status":"closed","ping_status":"closed","sticky":false,"template":"","format":"standard","meta":{"h5ap_radio_sources":[],"footnotes":""},"categories":[1],"tags":[],"class_list":["post-163993","post","type-post","status-publish","format-standard","has-post-thumbnail","hentry","category-bihiregija"],"yoast_head":"<!-- This site is optimized with the Yoast SEO plugin v27.5 - https:\/\/yoast.com\/product\/yoast-seo-wordpress\/ -->\n<title>Vru\u0107ine i nedostatak opreme naj\u010de\u0161\u0107i uzroci poginulih na gradili\u0161tima u BiH - RADIO LJUBU\u0160KI<\/title>\n<meta name=\"robots\" content=\"index, follow, max-snippet:-1, max-image-preview:large, max-video-preview:-1\" \/>\n<link rel=\"canonical\" href=\"https:\/\/radioljubuski.ba\/index.php\/2022\/07\/27\/vrucine-i-nedostatak-opreme-najcesci-uzroci-poginulih-na-gradilistima-u-bih\/\" \/>\n<meta property=\"og:locale\" content=\"hr_HR\" \/>\n<meta property=\"og:type\" content=\"article\" \/>\n<meta property=\"og:title\" content=\"Vru\u0107ine i nedostatak opreme naj\u010de\u0161\u0107i uzroci poginulih na gradili\u0161tima u BiH - RADIO LJUBU\u0160KI\" \/>\n<meta property=\"og:description\" content=\"Vijesti o poginulim radnicima na gra\u0111evini pune naslovnice crne kronike. U posljednjih godinu dana desetine gra\u0111evinskih radnika \u017eivot je izgubilo na gradili\u0161tu. Uzrok je uglavnom visoka temperatura i nepropisno osigurano gradili\u0161te. I pored inspekcijskih nadzora, apeli i Zakoni se \u010desto ne po\u0161tuju.&nbsp; &#8220;U prvoj polovini teku\u0107e godine u oblasti za\u0161tite na radu republi\u010dka inspekcija rada [&hellip;]\" \/>\n<meta property=\"og:url\" content=\"https:\/\/radioljubuski.ba\/index.php\/2022\/07\/27\/vrucine-i-nedostatak-opreme-najcesci-uzroci-poginulih-na-gradilistima-u-bih\/\" \/>\n<meta property=\"og:site_name\" content=\"RADIO LJUBU\u0160KI\" \/>\n<meta property=\"article:publisher\" content=\"https:\/\/www.facebook.com\/Radiio-Ljubuski-1490835324566332\" \/>\n<meta property=\"article:published_time\" content=\"2022-07-27T10:15:41+00:00\" \/>\n<meta property=\"article:modified_time\" content=\"2022-07-27T10:15:43+00:00\" \/>\n<meta property=\"og:image\" content=\"https:\/\/radioljubuski.ba\/wp-content\/uploads\/2022\/07\/8-2022-07-27-08-15-07-gradiliste-radnici-radnik-gradjevina.jpg\" \/>\n\t<meta property=\"og:image:width\" content=\"1000\" \/>\n\t<meta property=\"og:image:height\" content=\"625\" \/>\n\t<meta property=\"og:image:type\" content=\"image\/jpeg\" \/>\n<meta name=\"author\" content=\"Radio Ljubu\u0161ki\" \/>\n<meta name=\"twitter:card\" content=\"summary_large_image\" \/>\n<meta name=\"twitter:creator\" content=\"@radioljubuski\" \/>\n<meta name=\"twitter:site\" content=\"@radioljubuski\" \/>\n<meta name=\"twitter:label1\" content=\"Napisao\/la\" \/>\n\t<meta name=\"twitter:data1\" content=\"Radio Ljubu\u0161ki\" \/>\n\t<meta name=\"twitter:label2\" content=\"Procijenjeno vrijeme \u010ditanja\" \/>\n\t<meta name=\"twitter:data2\" content=\"2 minute\" \/>\n<script type=\"application\/ld+json\" class=\"yoast-schema-graph\">{\"@context\":\"https:\\\/\\\/schema.org\",\"@graph\":[{\"@type\":\"Article\",\"@id\":\"https:\\\/\\\/radioljubuski.ba\\\/index.php\\\/2022\\\/07\\\/27\\\/vrucine-i-nedostatak-opreme-najcesci-uzroci-poginulih-na-gradilistima-u-bih\\\/#article\",\"isPartOf\":{\"@id\":\"https:\\\/\\\/radioljubuski.ba\\\/index.php\\\/2022\\\/07\\\/27\\\/vrucine-i-nedostatak-opreme-najcesci-uzroci-poginulih-na-gradilistima-u-bih\\\/\"},\"author\":{\"name\":\"Radio Ljubu\u0161ki\",\"@id\":\"https:\\\/\\\/radioljubuski.ba\\\/#\\\/schema\\\/person\\\/19fc700381a780f69665d7956c469e3b\"},\"headline\":\"Vru\u0107ine i nedostatak opreme naj\u010de\u0161\u0107i uzroci poginulih na gradili\u0161tima u BiH\",\"datePublished\":\"2022-07-27T10:15:41+00:00\",\"dateModified\":\"2022-07-27T10:15:43+00:00\",\"mainEntityOfPage\":{\"@id\":\"https:\\\/\\\/radioljubuski.ba\\\/index.php\\\/2022\\\/07\\\/27\\\/vrucine-i-nedostatak-opreme-najcesci-uzroci-poginulih-na-gradilistima-u-bih\\\/\"},\"wordCount\":435,\"publisher\":{\"@id\":\"https:\\\/\\\/radioljubuski.ba\\\/#organization\"},\"image\":{\"@id\":\"https:\\\/\\\/radioljubuski.ba\\\/index.php\\\/2022\\\/07\\\/27\\\/vrucine-i-nedostatak-opreme-najcesci-uzroci-poginulih-na-gradilistima-u-bih\\\/#primaryimage\"},\"thumbnailUrl\":\"https:\\\/\\\/radioljubuski.ba\\\/wp-content\\\/uploads\\\/2022\\\/07\\\/8-2022-07-27-08-15-07-gradiliste-radnici-radnik-gradjevina.jpg\",\"articleSection\":[\"BIH i regija\"],\"inLanguage\":\"hr\"},{\"@type\":\"WebPage\",\"@id\":\"https:\\\/\\\/radioljubuski.ba\\\/index.php\\\/2022\\\/07\\\/27\\\/vrucine-i-nedostatak-opreme-najcesci-uzroci-poginulih-na-gradilistima-u-bih\\\/\",\"url\":\"https:\\\/\\\/radioljubuski.ba\\\/index.php\\\/2022\\\/07\\\/27\\\/vrucine-i-nedostatak-opreme-najcesci-uzroci-poginulih-na-gradilistima-u-bih\\\/\",\"name\":\"Vru\u0107ine i nedostatak opreme naj\u010de\u0161\u0107i uzroci poginulih na gradili\u0161tima u BiH - RADIO LJUBU\u0160KI\",\"isPartOf\":{\"@id\":\"https:\\\/\\\/radioljubuski.ba\\\/#website\"},\"primaryImageOfPage\":{\"@id\":\"https:\\\/\\\/radioljubuski.ba\\\/index.php\\\/2022\\\/07\\\/27\\\/vrucine-i-nedostatak-opreme-najcesci-uzroci-poginulih-na-gradilistima-u-bih\\\/#primaryimage\"},\"image\":{\"@id\":\"https:\\\/\\\/radioljubuski.ba\\\/index.php\\\/2022\\\/07\\\/27\\\/vrucine-i-nedostatak-opreme-najcesci-uzroci-poginulih-na-gradilistima-u-bih\\\/#primaryimage\"},\"thumbnailUrl\":\"https:\\\/\\\/radioljubuski.ba\\\/wp-content\\\/uploads\\\/2022\\\/07\\\/8-2022-07-27-08-15-07-gradiliste-radnici-radnik-gradjevina.jpg\",\"datePublished\":\"2022-07-27T10:15:41+00:00\",\"dateModified\":\"2022-07-27T10:15:43+00:00\",\"breadcrumb\":{\"@id\":\"https:\\\/\\\/radioljubuski.ba\\\/index.php\\\/2022\\\/07\\\/27\\\/vrucine-i-nedostatak-opreme-najcesci-uzroci-poginulih-na-gradilistima-u-bih\\\/#breadcrumb\"},\"inLanguage\":\"hr\",\"potentialAction\":[{\"@type\":\"ReadAction\",\"target\":[\"https:\\\/\\\/radioljubuski.ba\\\/index.php\\\/2022\\\/07\\\/27\\\/vrucine-i-nedostatak-opreme-najcesci-uzroci-poginulih-na-gradilistima-u-bih\\\/\"]}]},{\"@type\":\"ImageObject\",\"inLanguage\":\"hr\",\"@id\":\"https:\\\/\\\/radioljubuski.ba\\\/index.php\\\/2022\\\/07\\\/27\\\/vrucine-i-nedostatak-opreme-najcesci-uzroci-poginulih-na-gradilistima-u-bih\\\/#primaryimage\",\"url\":\"https:\\\/\\\/radioljubuski.ba\\\/wp-content\\\/uploads\\\/2022\\\/07\\\/8-2022-07-27-08-15-07-gradiliste-radnici-radnik-gradjevina.jpg\",\"contentUrl\":\"https:\\\/\\\/radioljubuski.ba\\\/wp-content\\\/uploads\\\/2022\\\/07\\\/8-2022-07-27-08-15-07-gradiliste-radnici-radnik-gradjevina.jpg\",\"width\":1000,\"height\":625},{\"@type\":\"BreadcrumbList\",\"@id\":\"https:\\\/\\\/radioljubuski.ba\\\/index.php\\\/2022\\\/07\\\/27\\\/vrucine-i-nedostatak-opreme-najcesci-uzroci-poginulih-na-gradilistima-u-bih\\\/#breadcrumb\",\"itemListElement\":[{\"@type\":\"ListItem\",\"position\":1,\"name\":\"Po\u010detna stranica\",\"item\":\"https:\\\/\\\/radioljubuski.ba\\\/\"},{\"@type\":\"ListItem\",\"position\":2,\"name\":\"Vru\u0107ine i nedostatak opreme naj\u010de\u0161\u0107i uzroci poginulih na gradili\u0161tima u BiH\"}]},{\"@type\":\"WebSite\",\"@id\":\"https:\\\/\\\/radioljubuski.ba\\\/#website\",\"url\":\"https:\\\/\\\/radioljubuski.ba\\\/\",\"name\":\"Radio Ljubu\u0161ki\",\"description\":\"Sun\u010dana frekvencija Hercegovine\",\"publisher\":{\"@id\":\"https:\\\/\\\/radioljubuski.ba\\\/#organization\"},\"potentialAction\":[{\"@type\":\"SearchAction\",\"target\":{\"@type\":\"EntryPoint\",\"urlTemplate\":\"https:\\\/\\\/radioljubuski.ba\\\/?s={search_term_string}\"},\"query-input\":{\"@type\":\"PropertyValueSpecification\",\"valueRequired\":true,\"valueName\":\"search_term_string\"}}],\"inLanguage\":\"hr\"},{\"@type\":\"Organization\",\"@id\":\"https:\\\/\\\/radioljubuski.ba\\\/#organization\",\"name\":\"Radio Ljubu\u0161ki\",\"url\":\"https:\\\/\\\/radioljubuski.ba\\\/\",\"logo\":{\"@type\":\"ImageObject\",\"inLanguage\":\"hr\",\"@id\":\"https:\\\/\\\/radioljubuski.ba\\\/#\\\/schema\\\/logo\\\/image\\\/\",\"url\":\"https:\\\/\\\/radioljubuski.ba\\\/wp-content\\\/uploads\\\/2021\\\/02\\\/cropped-Radio_Ljubuski_logo1.jpg\",\"contentUrl\":\"https:\\\/\\\/radioljubuski.ba\\\/wp-content\\\/uploads\\\/2021\\\/02\\\/cropped-Radio_Ljubuski_logo1.jpg\",\"width\":512,\"height\":512,\"caption\":\"Radio Ljubu\u0161ki\"},\"image\":{\"@id\":\"https:\\\/\\\/radioljubuski.ba\\\/#\\\/schema\\\/logo\\\/image\\\/\"},\"sameAs\":[\"https:\\\/\\\/www.facebook.com\\\/Radiio-Ljubuski-1490835324566332\",\"https:\\\/\\\/x.com\\\/radioljubuski\",\"https:\\\/\\\/hr.linkedin.com\\\/company\\\/radio-ljubuski\",\"https:\\\/\\\/www.youtube.com\\\/channel\\\/UCHYaeO_n0Db3tjNGudGpXyw\"]},{\"@type\":\"Person\",\"@id\":\"https:\\\/\\\/radioljubuski.ba\\\/#\\\/schema\\\/person\\\/19fc700381a780f69665d7956c469e3b\",\"name\":\"Radio Ljubu\u0161ki\"}]}<\/script>\n<!-- \/ Yoast SEO plugin. -->","yoast_head_json":{"title":"Vru\u0107ine i nedostatak opreme naj\u010de\u0161\u0107i uzroci poginulih na gradili\u0161tima u BiH - RADIO LJUBU\u0160KI","robots":{"index":"index","follow":"follow","max-snippet":"max-snippet:-1","max-image-preview":"max-image-preview:large","max-video-preview":"max-video-preview:-1"},"canonical":"https:\/\/radioljubuski.ba\/index.php\/2022\/07\/27\/vrucine-i-nedostatak-opreme-najcesci-uzroci-poginulih-na-gradilistima-u-bih\/","og_locale":"hr_HR","og_type":"article","og_title":"Vru\u0107ine i nedostatak opreme naj\u010de\u0161\u0107i uzroci poginulih na gradili\u0161tima u BiH - RADIO LJUBU\u0160KI","og_description":"Vijesti o poginulim radnicima na gra\u0111evini pune naslovnice crne kronike. U posljednjih godinu dana desetine gra\u0111evinskih radnika \u017eivot je izgubilo na gradili\u0161tu. Uzrok je uglavnom visoka temperatura i nepropisno osigurano gradili\u0161te. I pored inspekcijskih nadzora, apeli i Zakoni se \u010desto ne po\u0161tuju.&nbsp; &#8220;U prvoj polovini teku\u0107e godine u oblasti za\u0161tite na radu republi\u010dka inspekcija rada [&hellip;]","og_url":"https:\/\/radioljubuski.ba\/index.php\/2022\/07\/27\/vrucine-i-nedostatak-opreme-najcesci-uzroci-poginulih-na-gradilistima-u-bih\/","og_site_name":"RADIO LJUBU\u0160KI","article_publisher":"https:\/\/www.facebook.com\/Radiio-Ljubuski-1490835324566332","article_published_time":"2022-07-27T10:15:41+00:00","article_modified_time":"2022-07-27T10:15:43+00:00","og_image":[{"width":1000,"height":625,"url":"https:\/\/radioljubuski.ba\/wp-content\/uploads\/2022\/07\/8-2022-07-27-08-15-07-gradiliste-radnici-radnik-gradjevina.jpg","type":"image\/jpeg"}],"author":"Radio Ljubu\u0161ki","twitter_card":"summary_large_image","twitter_creator":"@radioljubuski","twitter_site":"@radioljubuski","twitter_misc":{"Napisao\/la":"Radio Ljubu\u0161ki","Procijenjeno vrijeme \u010ditanja":"2 minute"},"schema":{"@context":"https:\/\/schema.org","@graph":[{"@type":"Article","@id":"https:\/\/radioljubuski.ba\/index.php\/2022\/07\/27\/vrucine-i-nedostatak-opreme-najcesci-uzroci-poginulih-na-gradilistima-u-bih\/#article","isPartOf":{"@id":"https:\/\/radioljubuski.ba\/index.php\/2022\/07\/27\/vrucine-i-nedostatak-opreme-najcesci-uzroci-poginulih-na-gradilistima-u-bih\/"},"author":{"name":"Radio Ljubu\u0161ki","@id":"https:\/\/radioljubuski.ba\/#\/schema\/person\/19fc700381a780f69665d7956c469e3b"},"headline":"Vru\u0107ine i nedostatak opreme naj\u010de\u0161\u0107i uzroci poginulih na gradili\u0161tima u BiH","datePublished":"2022-07-27T10:15:41+00:00","dateModified":"2022-07-27T10:15:43+00:00","mainEntityOfPage":{"@id":"https:\/\/radioljubuski.ba\/index.php\/2022\/07\/27\/vrucine-i-nedostatak-opreme-najcesci-uzroci-poginulih-na-gradilistima-u-bih\/"},"wordCount":435,"publisher":{"@id":"https:\/\/radioljubuski.ba\/#organization"},"image":{"@id":"https:\/\/radioljubuski.ba\/index.php\/2022\/07\/27\/vrucine-i-nedostatak-opreme-najcesci-uzroci-poginulih-na-gradilistima-u-bih\/#primaryimage"},"thumbnailUrl":"https:\/\/radioljubuski.ba\/wp-content\/uploads\/2022\/07\/8-2022-07-27-08-15-07-gradiliste-radnici-radnik-gradjevina.jpg","articleSection":["BIH i regija"],"inLanguage":"hr"},{"@type":"WebPage","@id":"https:\/\/radioljubuski.ba\/index.php\/2022\/07\/27\/vrucine-i-nedostatak-opreme-najcesci-uzroci-poginulih-na-gradilistima-u-bih\/","url":"https:\/\/radioljubuski.ba\/index.php\/2022\/07\/27\/vrucine-i-nedostatak-opreme-najcesci-uzroci-poginulih-na-gradilistima-u-bih\/","name":"Vru\u0107ine i nedostatak opreme naj\u010de\u0161\u0107i uzroci poginulih na gradili\u0161tima u BiH - RADIO LJUBU\u0160KI","isPartOf":{"@id":"https:\/\/radioljubuski.ba\/#website"},"primaryImageOfPage":{"@id":"https:\/\/radioljubuski.ba\/index.php\/2022\/07\/27\/vrucine-i-nedostatak-opreme-najcesci-uzroci-poginulih-na-gradilistima-u-bih\/#primaryimage"},"image":{"@id":"https:\/\/radioljubuski.ba\/index.php\/2022\/07\/27\/vrucine-i-nedostatak-opreme-najcesci-uzroci-poginulih-na-gradilistima-u-bih\/#primaryimage"},"thumbnailUrl":"https:\/\/radioljubuski.ba\/wp-content\/uploads\/2022\/07\/8-2022-07-27-08-15-07-gradiliste-radnici-radnik-gradjevina.jpg","datePublished":"2022-07-27T10:15:41+00:00","dateModified":"2022-07-27T10:15:43+00:00","breadcrumb":{"@id":"https:\/\/radioljubuski.ba\/index.php\/2022\/07\/27\/vrucine-i-nedostatak-opreme-najcesci-uzroci-poginulih-na-gradilistima-u-bih\/#breadcrumb"},"inLanguage":"hr","potentialAction":[{"@type":"ReadAction","target":["https:\/\/radioljubuski.ba\/index.php\/2022\/07\/27\/vrucine-i-nedostatak-opreme-najcesci-uzroci-poginulih-na-gradilistima-u-bih\/"]}]},{"@type":"ImageObject","inLanguage":"hr","@id":"https:\/\/radioljubuski.ba\/index.php\/2022\/07\/27\/vrucine-i-nedostatak-opreme-najcesci-uzroci-poginulih-na-gradilistima-u-bih\/#primaryimage","url":"https:\/\/radioljubuski.ba\/wp-content\/uploads\/2022\/07\/8-2022-07-27-08-15-07-gradiliste-radnici-radnik-gradjevina.jpg","contentUrl":"https:\/\/radioljubuski.ba\/wp-content\/uploads\/2022\/07\/8-2022-07-27-08-15-07-gradiliste-radnici-radnik-gradjevina.jpg","width":1000,"height":625},{"@type":"BreadcrumbList","@id":"https:\/\/radioljubuski.ba\/index.php\/2022\/07\/27\/vrucine-i-nedostatak-opreme-najcesci-uzroci-poginulih-na-gradilistima-u-bih\/#breadcrumb","itemListElement":[{"@type":"ListItem","position":1,"name":"Po\u010detna stranica","item":"https:\/\/radioljubuski.ba\/"},{"@type":"ListItem","position":2,"name":"Vru\u0107ine i nedostatak opreme naj\u010de\u0161\u0107i uzroci poginulih na gradili\u0161tima u BiH"}]},{"@type":"WebSite","@id":"https:\/\/radioljubuski.ba\/#website","url":"https:\/\/radioljubuski.ba\/","name":"Radio Ljubu\u0161ki","description":"Sun\u010dana frekvencija Hercegovine","publisher":{"@id":"https:\/\/radioljubuski.ba\/#organization"},"potentialAction":[{"@type":"SearchAction","target":{"@type":"EntryPoint","urlTemplate":"https:\/\/radioljubuski.ba\/?s={search_term_string}"},"query-input":{"@type":"PropertyValueSpecification","valueRequired":true,"valueName":"search_term_string"}}],"inLanguage":"hr"},{"@type":"Organization","@id":"https:\/\/radioljubuski.ba\/#organization","name":"Radio Ljubu\u0161ki","url":"https:\/\/radioljubuski.ba\/","logo":{"@type":"ImageObject","inLanguage":"hr","@id":"https:\/\/radioljubuski.ba\/#\/schema\/logo\/image\/","url":"https:\/\/radioljubuski.ba\/wp-content\/uploads\/2021\/02\/cropped-Radio_Ljubuski_logo1.jpg","contentUrl":"https:\/\/radioljubuski.ba\/wp-content\/uploads\/2021\/02\/cropped-Radio_Ljubuski_logo1.jpg","width":512,"height":512,"caption":"Radio Ljubu\u0161ki"},"image":{"@id":"https:\/\/radioljubuski.ba\/#\/schema\/logo\/image\/"},"sameAs":["https:\/\/www.facebook.com\/Radiio-Ljubuski-1490835324566332","https:\/\/x.com\/radioljubuski","https:\/\/hr.linkedin.com\/company\/radio-ljubuski","https:\/\/www.youtube.com\/channel\/UCHYaeO_n0Db3tjNGudGpXyw"]},{"@type":"Person","@id":"https:\/\/radioljubuski.ba\/#\/schema\/person\/19fc700381a780f69665d7956c469e3b","name":"Radio Ljubu\u0161ki"}]}},"_links":{"self":[{"href":"https:\/\/radioljubuski.ba\/index.php\/wp-json\/wp\/v2\/posts\/163993","targetHints":{"allow":["GET"]}}],"collection":[{"href":"https:\/\/radioljubuski.ba\/index.php\/wp-json\/wp\/v2\/posts"}],"about":[{"href":"https:\/\/radioljubuski.ba\/index.php\/wp-json\/wp\/v2\/types\/post"}],"author":[{"embeddable":true,"href":"https:\/\/radioljubuski.ba\/index.php\/wp-json\/wp\/v2\/users\/2"}],"replies":[{"embeddable":true,"href":"https:\/\/radioljubuski.ba\/index.php\/wp-json\/wp\/v2\/comments?post=163993"}],"version-history":[{"count":1,"href":"https:\/\/radioljubuski.ba\/index.php\/wp-json\/wp\/v2\/posts\/163993\/revisions"}],"predecessor-version":[{"id":163995,"href":"https:\/\/radioljubuski.ba\/index.php\/wp-json\/wp\/v2\/posts\/163993\/revisions\/163995"}],"wp:featuredmedia":[{"embeddable":true,"href":"https:\/\/radioljubuski.ba\/index.php\/wp-json\/wp\/v2\/media\/163994"}],"wp:attachment":[{"href":"https:\/\/radioljubuski.ba\/index.php\/wp-json\/wp\/v2\/media?parent=163993"}],"wp:term":[{"taxonomy":"category","embeddable":true,"href":"https:\/\/radioljubuski.ba\/index.php\/wp-json\/wp\/v2\/categories?post=163993"},{"taxonomy":"post_tag","embeddable":true,"href":"https:\/\/radioljubuski.ba\/index.php\/wp-json\/wp\/v2\/tags?post=163993"}],"curies":[{"name":"wp","href":"https:\/\/api.w.org\/{rel}","templated":true}]}}