{"id":163996,"date":"2022-07-27T11:16:54","date_gmt":"2022-07-27T10:16:54","guid":{"rendered":"https:\/\/radioljubuski.ba\/?p=163996"},"modified":"2022-07-27T11:16:55","modified_gmt":"2022-07-27T10:16:55","slug":"juratovic-prosvjede-u-sarajevu-su-podrzali-samo-rusija-i-iran-neka-se-organizatori-duboko-zamisle","status":"publish","type":"post","link":"https:\/\/radioljubuski.ba\/index.php\/2022\/07\/27\/juratovic-prosvjede-u-sarajevu-su-podrzali-samo-rusija-i-iran-neka-se-organizatori-duboko-zamisle\/","title":{"rendered":"Juratovi\u0107: Prosvjede u Sarajevu su podr\u017eali samo Rusija i Iran, neka se organizatori duboko zamisle"},"content":{"rendered":"\n<p>Gost <a href=\"https:\/\/okanal.oslobodjenje.ba\/okanal\/vijesti\/josip-juratovic-cenzus-od-tri-posto-nije-schmidtova-odluka-rezolucija-njemackog-bundestaga-se-ne-razlikuje-od-toga-sto-radi-ohr-779022\" target=\"_blank\" rel=\"noreferrer noopener\">O Dnevnika<\/a> je bio Josip Juratovi\u0107, zastupnik SPD-a u Bundestagu<\/p>\n\n\n\n<p>Jo\u0161 nije slu\u017ebeno poznato ho\u0107e li i na koji na\u010din visoki predstavnik izmijeniti Izborni zakon BiH i Ustav Federacije. Smatrate li da on to treba uraditi u trenutnoj politi\u010dkoj atmosferi, ali i zbog \u010dinjenice da je do izbora tek ne\u0161to vi\u0161e od dva mjeseca?<\/p>\n\n\n\n<p>&#8211; Potrebno je iz razloga \u0161to postoje odre\u0111eni problemi u transparentnosti i proceduri izbora. Blokada institucija je bitna tema. Ljudi koji izlaze na izbore trebaju imati mogu\u0107nost da se nakon izbora mogu\u0107i da imaju Vladu u Federaciji.<\/p>\n\n\n\n<p>Nekoliko tisu\u0107a gra\u0111ana, ve\u0107inom strana\u010dkih \u010delnika i aktivista stranaka sa sjedi\u0161tem u Sarajevu, prosvjedovalo je zbog navodnih planova visokog predstavnika. Po Va\u0161em mi\u0161ljenju, ima li potrebe za dizanjem tenzija, prosvjedima, pa i prijetnjama i uvredama na ra\u010dun Christiana Schmidta koje su se mogle \u010duti i vidjeti proteklih dana?<\/p>\n\n\n\n<p>&#8211; Osnovno je ljudsko pravo da ljudi mogu demonstrirati. Isto tako mora biti dozvoljeno postojanje slobode mi\u0161ljenja. Koliko ja znam, nije bilo nikakvih zaklju\u010daka od strane OHR-a, ali se unaprijed diskutiralo i vodila politika zabrane odre\u0111enih tema koje su potrebne. jako je problemati\u010dan stil i na\u010din na koji se demonstriralo. Tko i kako je organizirao prosvjede u koje svrhe? Za mene je smije\u0161no da se netko napada na najvulgarniji na\u010din i onaj koji radi posao koji su upravo ti koji su organizatori trebali zadnje 3-4 godine. Politi\u010dke stranke su pokazale da im je to jedina mogu\u0107nost izborne kampanje jer program o\u010dito nemaju. Na drugoj strani je problem kako me\u0111unarodna zajednica gleda na BiH jer su jedina dva veleposlanstva koja su pozdravila prosvjede bila veleposlanstva Rusije i Irana, o \u010demu bi politi\u010dki akteri koji su organizirali demonstracije malo dublje razmisliti.<\/p>\n\n\n\n<p>Nedavno ste izjavili da BiH mora postati dr\u017eava ravnopravnih gra\u0111ana. Zna\u010di li demokratizaciju BiH ono o \u010demu se \u0161pekulira, dakle cenzus od tri posto pri izboru izaslanika u federalni Dom naroda, te ukidanje popisa iz 1991. kao relevantnog za izborni proces?<\/p>\n\n\n\n<p>&#8211; \u0160to se ti\u010de svake vrste segregacije, pa i tih 3 posto, ja sam od po\u010detka protiv toga i odbijam to. Isto tako, ne mo\u017ee se na takav na\u010din obna\u0161ati u diskusiji ako je netko dao prijedlog o razmi\u0161ljanju o ta tri posto. Ja odbijam ta tri posto, ali mora biti dozvoljeno da se diskutira. To nije bila odluka Christiana Schmidta niti je on donio taj postotak, nego je netko rekao da je to dio njegove odluke, \u0161to nije to\u010dno Nitko nema potvr\u0111eno od strane OHR-a, nego se sve odvija preko socijalnih mre\u017ea i medija koji su preuzeli informaciju. To je jako neozbiljno.<\/p>\n\n\n\n<p>Puno se \u0161pekulira ima li Schmidt podr\u0161ku i njema\u010dke vlasti, dakle dr\u017eave iz koje dolazi. Kakva je atmosfera, stoje li njema\u010dke institucije iza onoga \u0161to Schmidt planira uraditi, s obzirom na to da se nedavna Rezolucija Bundestaga prili\u010dno razlikuje od planova koji se predstavljaju kao Schmidtovi budu\u0107i potezi?<\/p>\n\n\n\n<p>&#8211; &nbsp;Rezolucija koja je zaklju\u010dena u njema\u010dkom Bundestagu se ne razlikuje od toga \u0161to radi OHR. To su informacije koje nisu potvr\u0111ene. Ne mogu govoriti da se ne\u0161to suprotstavlja Rezoluciji Bundestaga, a nitko ne zna \u0161to jekonkretno. U svakom slu\u010daju, Christiana Schmidt ima na\u0161u podr\u0161ku, podr\u0161ku Europske unije i Kvinte.<\/p>\n\n\n\n<p>Izvor:pogled.ba<\/p>\n","protected":false},"excerpt":{"rendered":"<p>Gost O Dnevnika je bio Josip Juratovi\u0107, zastupnik SPD-a u Bundestagu Jo\u0161 nije slu\u017ebeno poznato ho\u0107e li i na koji na\u010din visoki predstavnik izmijeniti Izborni zakon BiH i Ustav Federacije. Smatrate li da on to treba uraditi u trenutnoj politi\u010dkoj atmosferi, ali i zbog \u010dinjenice da je do izbora tek ne\u0161to vi\u0161e od dva mjeseca? [&hellip;]<\/p>\n","protected":false},"author":2,"featured_media":156691,"comment_status":"closed","ping_status":"closed","sticky":false,"template":"","format":"standard","meta":{"h5ap_radio_sources":[],"footnotes":""},"categories":[1],"tags":[],"class_list":["post-163996","post","type-post","status-publish","format-standard","has-post-thumbnail","hentry","category-bihiregija"],"yoast_head":"<!-- This site is optimized with the Yoast SEO plugin v27.5 - https:\/\/yoast.com\/product\/yoast-seo-wordpress\/ -->\n<title>Juratovi\u0107: Prosvjede u Sarajevu su podr\u017eali samo Rusija i Iran, neka se organizatori duboko zamisle - RADIO LJUBU\u0160KI<\/title>\n<meta name=\"robots\" content=\"index, follow, max-snippet:-1, max-image-preview:large, max-video-preview:-1\" \/>\n<link rel=\"canonical\" href=\"https:\/\/radioljubuski.ba\/index.php\/2022\/07\/27\/juratovic-prosvjede-u-sarajevu-su-podrzali-samo-rusija-i-iran-neka-se-organizatori-duboko-zamisle\/\" \/>\n<meta property=\"og:locale\" content=\"hr_HR\" \/>\n<meta property=\"og:type\" content=\"article\" \/>\n<meta property=\"og:title\" content=\"Juratovi\u0107: Prosvjede u Sarajevu su podr\u017eali samo Rusija i Iran, neka se organizatori duboko zamisle - RADIO LJUBU\u0160KI\" \/>\n<meta property=\"og:description\" content=\"Gost O Dnevnika je bio Josip Juratovi\u0107, zastupnik SPD-a u Bundestagu Jo\u0161 nije slu\u017ebeno poznato ho\u0107e li i na koji na\u010din visoki predstavnik izmijeniti Izborni zakon BiH i Ustav Federacije. Smatrate li da on to treba uraditi u trenutnoj politi\u010dkoj atmosferi, ali i zbog \u010dinjenice da je do izbora tek ne\u0161to vi\u0161e od dva mjeseca? [&hellip;]\" \/>\n<meta property=\"og:url\" content=\"https:\/\/radioljubuski.ba\/index.php\/2022\/07\/27\/juratovic-prosvjede-u-sarajevu-su-podrzali-samo-rusija-i-iran-neka-se-organizatori-duboko-zamisle\/\" \/>\n<meta property=\"og:site_name\" content=\"RADIO LJUBU\u0160KI\" \/>\n<meta property=\"article:publisher\" content=\"https:\/\/www.facebook.com\/Radiio-Ljubuski-1490835324566332\" \/>\n<meta property=\"article:published_time\" content=\"2022-07-27T10:16:54+00:00\" \/>\n<meta property=\"article:modified_time\" content=\"2022-07-27T10:16:55+00:00\" \/>\n<meta property=\"og:image\" content=\"https:\/\/radioljubuski.ba\/wp-content\/uploads\/2022\/07\/juratovic.jpg\" \/>\n\t<meta property=\"og:image:width\" content=\"1000\" \/>\n\t<meta property=\"og:image:height\" content=\"625\" \/>\n\t<meta property=\"og:image:type\" content=\"image\/jpeg\" \/>\n<meta name=\"author\" content=\"Radio Ljubu\u0161ki\" \/>\n<meta name=\"twitter:card\" content=\"summary_large_image\" \/>\n<meta name=\"twitter:creator\" content=\"@radioljubuski\" \/>\n<meta name=\"twitter:site\" content=\"@radioljubuski\" \/>\n<meta name=\"twitter:label1\" content=\"Napisao\/la\" \/>\n\t<meta name=\"twitter:data1\" content=\"Radio Ljubu\u0161ki\" \/>\n\t<meta name=\"twitter:label2\" content=\"Procijenjeno vrijeme \u010ditanja\" \/>\n\t<meta name=\"twitter:data2\" content=\"3 minute\" \/>\n<script type=\"application\/ld+json\" class=\"yoast-schema-graph\">{\"@context\":\"https:\\\/\\\/schema.org\",\"@graph\":[{\"@type\":\"Article\",\"@id\":\"https:\\\/\\\/radioljubuski.ba\\\/index.php\\\/2022\\\/07\\\/27\\\/juratovic-prosvjede-u-sarajevu-su-podrzali-samo-rusija-i-iran-neka-se-organizatori-duboko-zamisle\\\/#article\",\"isPartOf\":{\"@id\":\"https:\\\/\\\/radioljubuski.ba\\\/index.php\\\/2022\\\/07\\\/27\\\/juratovic-prosvjede-u-sarajevu-su-podrzali-samo-rusija-i-iran-neka-se-organizatori-duboko-zamisle\\\/\"},\"author\":{\"name\":\"Radio Ljubu\u0161ki\",\"@id\":\"https:\\\/\\\/radioljubuski.ba\\\/#\\\/schema\\\/person\\\/19fc700381a780f69665d7956c469e3b\"},\"headline\":\"Juratovi\u0107: Prosvjede u Sarajevu su podr\u017eali samo Rusija i Iran, neka se organizatori duboko zamisle\",\"datePublished\":\"2022-07-27T10:16:54+00:00\",\"dateModified\":\"2022-07-27T10:16:55+00:00\",\"mainEntityOfPage\":{\"@id\":\"https:\\\/\\\/radioljubuski.ba\\\/index.php\\\/2022\\\/07\\\/27\\\/juratovic-prosvjede-u-sarajevu-su-podrzali-samo-rusija-i-iran-neka-se-organizatori-duboko-zamisle\\\/\"},\"wordCount\":594,\"publisher\":{\"@id\":\"https:\\\/\\\/radioljubuski.ba\\\/#organization\"},\"image\":{\"@id\":\"https:\\\/\\\/radioljubuski.ba\\\/index.php\\\/2022\\\/07\\\/27\\\/juratovic-prosvjede-u-sarajevu-su-podrzali-samo-rusija-i-iran-neka-se-organizatori-duboko-zamisle\\\/#primaryimage\"},\"thumbnailUrl\":\"https:\\\/\\\/radioljubuski.ba\\\/wp-content\\\/uploads\\\/2022\\\/07\\\/juratovic.jpg\",\"articleSection\":[\"BIH i regija\"],\"inLanguage\":\"hr\"},{\"@type\":\"WebPage\",\"@id\":\"https:\\\/\\\/radioljubuski.ba\\\/index.php\\\/2022\\\/07\\\/27\\\/juratovic-prosvjede-u-sarajevu-su-podrzali-samo-rusija-i-iran-neka-se-organizatori-duboko-zamisle\\\/\",\"url\":\"https:\\\/\\\/radioljubuski.ba\\\/index.php\\\/2022\\\/07\\\/27\\\/juratovic-prosvjede-u-sarajevu-su-podrzali-samo-rusija-i-iran-neka-se-organizatori-duboko-zamisle\\\/\",\"name\":\"Juratovi\u0107: Prosvjede u Sarajevu su podr\u017eali samo Rusija i Iran, neka se organizatori duboko zamisle - RADIO LJUBU\u0160KI\",\"isPartOf\":{\"@id\":\"https:\\\/\\\/radioljubuski.ba\\\/#website\"},\"primaryImageOfPage\":{\"@id\":\"https:\\\/\\\/radioljubuski.ba\\\/index.php\\\/2022\\\/07\\\/27\\\/juratovic-prosvjede-u-sarajevu-su-podrzali-samo-rusija-i-iran-neka-se-organizatori-duboko-zamisle\\\/#primaryimage\"},\"image\":{\"@id\":\"https:\\\/\\\/radioljubuski.ba\\\/index.php\\\/2022\\\/07\\\/27\\\/juratovic-prosvjede-u-sarajevu-su-podrzali-samo-rusija-i-iran-neka-se-organizatori-duboko-zamisle\\\/#primaryimage\"},\"thumbnailUrl\":\"https:\\\/\\\/radioljubuski.ba\\\/wp-content\\\/uploads\\\/2022\\\/07\\\/juratovic.jpg\",\"datePublished\":\"2022-07-27T10:16:54+00:00\",\"dateModified\":\"2022-07-27T10:16:55+00:00\",\"breadcrumb\":{\"@id\":\"https:\\\/\\\/radioljubuski.ba\\\/index.php\\\/2022\\\/07\\\/27\\\/juratovic-prosvjede-u-sarajevu-su-podrzali-samo-rusija-i-iran-neka-se-organizatori-duboko-zamisle\\\/#breadcrumb\"},\"inLanguage\":\"hr\",\"potentialAction\":[{\"@type\":\"ReadAction\",\"target\":[\"https:\\\/\\\/radioljubuski.ba\\\/index.php\\\/2022\\\/07\\\/27\\\/juratovic-prosvjede-u-sarajevu-su-podrzali-samo-rusija-i-iran-neka-se-organizatori-duboko-zamisle\\\/\"]}]},{\"@type\":\"ImageObject\",\"inLanguage\":\"hr\",\"@id\":\"https:\\\/\\\/radioljubuski.ba\\\/index.php\\\/2022\\\/07\\\/27\\\/juratovic-prosvjede-u-sarajevu-su-podrzali-samo-rusija-i-iran-neka-se-organizatori-duboko-zamisle\\\/#primaryimage\",\"url\":\"https:\\\/\\\/radioljubuski.ba\\\/wp-content\\\/uploads\\\/2022\\\/07\\\/juratovic.jpg\",\"contentUrl\":\"https:\\\/\\\/radioljubuski.ba\\\/wp-content\\\/uploads\\\/2022\\\/07\\\/juratovic.jpg\",\"width\":1000,\"height\":625},{\"@type\":\"BreadcrumbList\",\"@id\":\"https:\\\/\\\/radioljubuski.ba\\\/index.php\\\/2022\\\/07\\\/27\\\/juratovic-prosvjede-u-sarajevu-su-podrzali-samo-rusija-i-iran-neka-se-organizatori-duboko-zamisle\\\/#breadcrumb\",\"itemListElement\":[{\"@type\":\"ListItem\",\"position\":1,\"name\":\"Po\u010detna stranica\",\"item\":\"https:\\\/\\\/radioljubuski.ba\\\/\"},{\"@type\":\"ListItem\",\"position\":2,\"name\":\"Juratovi\u0107: Prosvjede u Sarajevu su podr\u017eali samo Rusija i Iran, neka se organizatori duboko zamisle\"}]},{\"@type\":\"WebSite\",\"@id\":\"https:\\\/\\\/radioljubuski.ba\\\/#website\",\"url\":\"https:\\\/\\\/radioljubuski.ba\\\/\",\"name\":\"Radio Ljubu\u0161ki\",\"description\":\"Sun\u010dana frekvencija Hercegovine\",\"publisher\":{\"@id\":\"https:\\\/\\\/radioljubuski.ba\\\/#organization\"},\"potentialAction\":[{\"@type\":\"SearchAction\",\"target\":{\"@type\":\"EntryPoint\",\"urlTemplate\":\"https:\\\/\\\/radioljubuski.ba\\\/?s={search_term_string}\"},\"query-input\":{\"@type\":\"PropertyValueSpecification\",\"valueRequired\":true,\"valueName\":\"search_term_string\"}}],\"inLanguage\":\"hr\"},{\"@type\":\"Organization\",\"@id\":\"https:\\\/\\\/radioljubuski.ba\\\/#organization\",\"name\":\"Radio Ljubu\u0161ki\",\"url\":\"https:\\\/\\\/radioljubuski.ba\\\/\",\"logo\":{\"@type\":\"ImageObject\",\"inLanguage\":\"hr\",\"@id\":\"https:\\\/\\\/radioljubuski.ba\\\/#\\\/schema\\\/logo\\\/image\\\/\",\"url\":\"https:\\\/\\\/radioljubuski.ba\\\/wp-content\\\/uploads\\\/2021\\\/02\\\/cropped-Radio_Ljubuski_logo1.jpg\",\"contentUrl\":\"https:\\\/\\\/radioljubuski.ba\\\/wp-content\\\/uploads\\\/2021\\\/02\\\/cropped-Radio_Ljubuski_logo1.jpg\",\"width\":512,\"height\":512,\"caption\":\"Radio Ljubu\u0161ki\"},\"image\":{\"@id\":\"https:\\\/\\\/radioljubuski.ba\\\/#\\\/schema\\\/logo\\\/image\\\/\"},\"sameAs\":[\"https:\\\/\\\/www.facebook.com\\\/Radiio-Ljubuski-1490835324566332\",\"https:\\\/\\\/x.com\\\/radioljubuski\",\"https:\\\/\\\/hr.linkedin.com\\\/company\\\/radio-ljubuski\",\"https:\\\/\\\/www.youtube.com\\\/channel\\\/UCHYaeO_n0Db3tjNGudGpXyw\"]},{\"@type\":\"Person\",\"@id\":\"https:\\\/\\\/radioljubuski.ba\\\/#\\\/schema\\\/person\\\/19fc700381a780f69665d7956c469e3b\",\"name\":\"Radio Ljubu\u0161ki\"}]}<\/script>\n<!-- \/ Yoast SEO plugin. -->","yoast_head_json":{"title":"Juratovi\u0107: Prosvjede u Sarajevu su podr\u017eali samo Rusija i Iran, neka se organizatori duboko zamisle - RADIO LJUBU\u0160KI","robots":{"index":"index","follow":"follow","max-snippet":"max-snippet:-1","max-image-preview":"max-image-preview:large","max-video-preview":"max-video-preview:-1"},"canonical":"https:\/\/radioljubuski.ba\/index.php\/2022\/07\/27\/juratovic-prosvjede-u-sarajevu-su-podrzali-samo-rusija-i-iran-neka-se-organizatori-duboko-zamisle\/","og_locale":"hr_HR","og_type":"article","og_title":"Juratovi\u0107: Prosvjede u Sarajevu su podr\u017eali samo Rusija i Iran, neka se organizatori duboko zamisle - RADIO LJUBU\u0160KI","og_description":"Gost O Dnevnika je bio Josip Juratovi\u0107, zastupnik SPD-a u Bundestagu Jo\u0161 nije slu\u017ebeno poznato ho\u0107e li i na koji na\u010din visoki predstavnik izmijeniti Izborni zakon BiH i Ustav Federacije. Smatrate li da on to treba uraditi u trenutnoj politi\u010dkoj atmosferi, ali i zbog \u010dinjenice da je do izbora tek ne\u0161to vi\u0161e od dva mjeseca? [&hellip;]","og_url":"https:\/\/radioljubuski.ba\/index.php\/2022\/07\/27\/juratovic-prosvjede-u-sarajevu-su-podrzali-samo-rusija-i-iran-neka-se-organizatori-duboko-zamisle\/","og_site_name":"RADIO LJUBU\u0160KI","article_publisher":"https:\/\/www.facebook.com\/Radiio-Ljubuski-1490835324566332","article_published_time":"2022-07-27T10:16:54+00:00","article_modified_time":"2022-07-27T10:16:55+00:00","og_image":[{"width":1000,"height":625,"url":"https:\/\/radioljubuski.ba\/wp-content\/uploads\/2022\/07\/juratovic.jpg","type":"image\/jpeg"}],"author":"Radio Ljubu\u0161ki","twitter_card":"summary_large_image","twitter_creator":"@radioljubuski","twitter_site":"@radioljubuski","twitter_misc":{"Napisao\/la":"Radio Ljubu\u0161ki","Procijenjeno vrijeme \u010ditanja":"3 minute"},"schema":{"@context":"https:\/\/schema.org","@graph":[{"@type":"Article","@id":"https:\/\/radioljubuski.ba\/index.php\/2022\/07\/27\/juratovic-prosvjede-u-sarajevu-su-podrzali-samo-rusija-i-iran-neka-se-organizatori-duboko-zamisle\/#article","isPartOf":{"@id":"https:\/\/radioljubuski.ba\/index.php\/2022\/07\/27\/juratovic-prosvjede-u-sarajevu-su-podrzali-samo-rusija-i-iran-neka-se-organizatori-duboko-zamisle\/"},"author":{"name":"Radio Ljubu\u0161ki","@id":"https:\/\/radioljubuski.ba\/#\/schema\/person\/19fc700381a780f69665d7956c469e3b"},"headline":"Juratovi\u0107: Prosvjede u Sarajevu su podr\u017eali samo Rusija i Iran, neka se organizatori duboko zamisle","datePublished":"2022-07-27T10:16:54+00:00","dateModified":"2022-07-27T10:16:55+00:00","mainEntityOfPage":{"@id":"https:\/\/radioljubuski.ba\/index.php\/2022\/07\/27\/juratovic-prosvjede-u-sarajevu-su-podrzali-samo-rusija-i-iran-neka-se-organizatori-duboko-zamisle\/"},"wordCount":594,"publisher":{"@id":"https:\/\/radioljubuski.ba\/#organization"},"image":{"@id":"https:\/\/radioljubuski.ba\/index.php\/2022\/07\/27\/juratovic-prosvjede-u-sarajevu-su-podrzali-samo-rusija-i-iran-neka-se-organizatori-duboko-zamisle\/#primaryimage"},"thumbnailUrl":"https:\/\/radioljubuski.ba\/wp-content\/uploads\/2022\/07\/juratovic.jpg","articleSection":["BIH i regija"],"inLanguage":"hr"},{"@type":"WebPage","@id":"https:\/\/radioljubuski.ba\/index.php\/2022\/07\/27\/juratovic-prosvjede-u-sarajevu-su-podrzali-samo-rusija-i-iran-neka-se-organizatori-duboko-zamisle\/","url":"https:\/\/radioljubuski.ba\/index.php\/2022\/07\/27\/juratovic-prosvjede-u-sarajevu-su-podrzali-samo-rusija-i-iran-neka-se-organizatori-duboko-zamisle\/","name":"Juratovi\u0107: Prosvjede u Sarajevu su podr\u017eali samo Rusija i Iran, neka se organizatori duboko zamisle - RADIO LJUBU\u0160KI","isPartOf":{"@id":"https:\/\/radioljubuski.ba\/#website"},"primaryImageOfPage":{"@id":"https:\/\/radioljubuski.ba\/index.php\/2022\/07\/27\/juratovic-prosvjede-u-sarajevu-su-podrzali-samo-rusija-i-iran-neka-se-organizatori-duboko-zamisle\/#primaryimage"},"image":{"@id":"https:\/\/radioljubuski.ba\/index.php\/2022\/07\/27\/juratovic-prosvjede-u-sarajevu-su-podrzali-samo-rusija-i-iran-neka-se-organizatori-duboko-zamisle\/#primaryimage"},"thumbnailUrl":"https:\/\/radioljubuski.ba\/wp-content\/uploads\/2022\/07\/juratovic.jpg","datePublished":"2022-07-27T10:16:54+00:00","dateModified":"2022-07-27T10:16:55+00:00","breadcrumb":{"@id":"https:\/\/radioljubuski.ba\/index.php\/2022\/07\/27\/juratovic-prosvjede-u-sarajevu-su-podrzali-samo-rusija-i-iran-neka-se-organizatori-duboko-zamisle\/#breadcrumb"},"inLanguage":"hr","potentialAction":[{"@type":"ReadAction","target":["https:\/\/radioljubuski.ba\/index.php\/2022\/07\/27\/juratovic-prosvjede-u-sarajevu-su-podrzali-samo-rusija-i-iran-neka-se-organizatori-duboko-zamisle\/"]}]},{"@type":"ImageObject","inLanguage":"hr","@id":"https:\/\/radioljubuski.ba\/index.php\/2022\/07\/27\/juratovic-prosvjede-u-sarajevu-su-podrzali-samo-rusija-i-iran-neka-se-organizatori-duboko-zamisle\/#primaryimage","url":"https:\/\/radioljubuski.ba\/wp-content\/uploads\/2022\/07\/juratovic.jpg","contentUrl":"https:\/\/radioljubuski.ba\/wp-content\/uploads\/2022\/07\/juratovic.jpg","width":1000,"height":625},{"@type":"BreadcrumbList","@id":"https:\/\/radioljubuski.ba\/index.php\/2022\/07\/27\/juratovic-prosvjede-u-sarajevu-su-podrzali-samo-rusija-i-iran-neka-se-organizatori-duboko-zamisle\/#breadcrumb","itemListElement":[{"@type":"ListItem","position":1,"name":"Po\u010detna stranica","item":"https:\/\/radioljubuski.ba\/"},{"@type":"ListItem","position":2,"name":"Juratovi\u0107: Prosvjede u Sarajevu su podr\u017eali samo Rusija i Iran, neka se organizatori duboko zamisle"}]},{"@type":"WebSite","@id":"https:\/\/radioljubuski.ba\/#website","url":"https:\/\/radioljubuski.ba\/","name":"Radio Ljubu\u0161ki","description":"Sun\u010dana frekvencija Hercegovine","publisher":{"@id":"https:\/\/radioljubuski.ba\/#organization"},"potentialAction":[{"@type":"SearchAction","target":{"@type":"EntryPoint","urlTemplate":"https:\/\/radioljubuski.ba\/?s={search_term_string}"},"query-input":{"@type":"PropertyValueSpecification","valueRequired":true,"valueName":"search_term_string"}}],"inLanguage":"hr"},{"@type":"Organization","@id":"https:\/\/radioljubuski.ba\/#organization","name":"Radio Ljubu\u0161ki","url":"https:\/\/radioljubuski.ba\/","logo":{"@type":"ImageObject","inLanguage":"hr","@id":"https:\/\/radioljubuski.ba\/#\/schema\/logo\/image\/","url":"https:\/\/radioljubuski.ba\/wp-content\/uploads\/2021\/02\/cropped-Radio_Ljubuski_logo1.jpg","contentUrl":"https:\/\/radioljubuski.ba\/wp-content\/uploads\/2021\/02\/cropped-Radio_Ljubuski_logo1.jpg","width":512,"height":512,"caption":"Radio Ljubu\u0161ki"},"image":{"@id":"https:\/\/radioljubuski.ba\/#\/schema\/logo\/image\/"},"sameAs":["https:\/\/www.facebook.com\/Radiio-Ljubuski-1490835324566332","https:\/\/x.com\/radioljubuski","https:\/\/hr.linkedin.com\/company\/radio-ljubuski","https:\/\/www.youtube.com\/channel\/UCHYaeO_n0Db3tjNGudGpXyw"]},{"@type":"Person","@id":"https:\/\/radioljubuski.ba\/#\/schema\/person\/19fc700381a780f69665d7956c469e3b","name":"Radio Ljubu\u0161ki"}]}},"_links":{"self":[{"href":"https:\/\/radioljubuski.ba\/index.php\/wp-json\/wp\/v2\/posts\/163996","targetHints":{"allow":["GET"]}}],"collection":[{"href":"https:\/\/radioljubuski.ba\/index.php\/wp-json\/wp\/v2\/posts"}],"about":[{"href":"https:\/\/radioljubuski.ba\/index.php\/wp-json\/wp\/v2\/types\/post"}],"author":[{"embeddable":true,"href":"https:\/\/radioljubuski.ba\/index.php\/wp-json\/wp\/v2\/users\/2"}],"replies":[{"embeddable":true,"href":"https:\/\/radioljubuski.ba\/index.php\/wp-json\/wp\/v2\/comments?post=163996"}],"version-history":[{"count":1,"href":"https:\/\/radioljubuski.ba\/index.php\/wp-json\/wp\/v2\/posts\/163996\/revisions"}],"predecessor-version":[{"id":163997,"href":"https:\/\/radioljubuski.ba\/index.php\/wp-json\/wp\/v2\/posts\/163996\/revisions\/163997"}],"wp:featuredmedia":[{"embeddable":true,"href":"https:\/\/radioljubuski.ba\/index.php\/wp-json\/wp\/v2\/media\/156691"}],"wp:attachment":[{"href":"https:\/\/radioljubuski.ba\/index.php\/wp-json\/wp\/v2\/media?parent=163996"}],"wp:term":[{"taxonomy":"category","embeddable":true,"href":"https:\/\/radioljubuski.ba\/index.php\/wp-json\/wp\/v2\/categories?post=163996"},{"taxonomy":"post_tag","embeddable":true,"href":"https:\/\/radioljubuski.ba\/index.php\/wp-json\/wp\/v2\/tags?post=163996"}],"curies":[{"name":"wp","href":"https:\/\/api.w.org\/{rel}","templated":true}]}}