{"id":164001,"date":"2022-07-27T11:24:46","date_gmt":"2022-07-27T10:24:46","guid":{"rendered":"https:\/\/radioljubuski.ba\/?p=164001"},"modified":"2022-07-27T11:24:47","modified_gmt":"2022-07-27T10:24:47","slug":"schmidt-namece-tehnicke-izmjene-izbornog-zakona-ostalo-na-cekanju","status":"publish","type":"post","link":"https:\/\/radioljubuski.ba\/index.php\/2022\/07\/27\/schmidt-namece-tehnicke-izmjene-izbornog-zakona-ostalo-na-cekanju\/","title":{"rendered":"Schmidt name\u0107e tehni\u010dke izmjene Izbornog zakona, ostalo na \u010dekanju"},"content":{"rendered":"\n<p>Visoki predstavnik Christian Schmidt danas u 16:30 sati nametnut \u0107e tehni\u010dke izmjene Izbornog zakona BiH, koje se ti\u010du integriteta izbornog procesa, dok \u0107e ostale mjere koje je namjeravao proglasiti kori\u0161tenjem Bonskih ovla\u0161tenja, ostati na \u010dekanju. <\/p>\n\n\n\n<p>Ovo je za N1 potvr\u0111eno iz vi\u0161e diplomatskih izvora. <\/p>\n\n\n\n<p>Schmidt \u0107e danas u 13 sati okupiti lidere politi\u010dkih stranaka i priop\u0107iti kako im daje rok od \u0161est tjedana da se usuglase o izmjenama Ustava Federacije BiH, a u protivnom on \u0107e djelovati i nametnuti mjere kako je predvi\u0111eno u nacrtu odluka. <\/p>\n\n\n\n<p>Ove mjere uz ostalo se odnose i na popunu Federalnog doma naroda, cenzus od 3 posto. <\/p>\n\n\n\n<p>Za N1 je potvr\u0111eno kako su klju\u010dne zemlje Vije\u0107a za implementaciju mira i visoki predstavnik uzeli u obzir negodovanje gra\u0111ana izra\u017eeno na prosvjedima u Sarajevu, kao i protivljenje politi\u010dkih stranaka zbog najave odluka koje je namjeravao proglasiti, pa je stoga odlu\u010deno da se dono\u0161enje paketa mjera koje se ti\u010du Ustava Federacije BiH prolongira.<\/p>\n\n\n\n<p>Izvor: <strong>Bljesak.info<\/strong><\/p>\n","protected":false},"excerpt":{"rendered":"<p>Visoki predstavnik Christian Schmidt danas u 16:30 sati nametnut \u0107e tehni\u010dke izmjene Izbornog zakona BiH, koje se ti\u010du integriteta izbornog procesa, dok \u0107e ostale mjere koje je namjeravao proglasiti kori\u0161tenjem Bonskih ovla\u0161tenja, ostati na \u010dekanju. Ovo je za N1 potvr\u0111eno iz vi\u0161e diplomatskih izvora. Schmidt \u0107e danas u 13 sati okupiti lidere politi\u010dkih stranaka i [&hellip;]<\/p>\n","protected":false},"author":2,"featured_media":133752,"comment_status":"closed","ping_status":"closed","sticky":false,"template":"","format":"standard","meta":{"h5ap_radio_sources":[],"footnotes":""},"categories":[1],"tags":[],"class_list":["post-164001","post","type-post","status-publish","format-standard","has-post-thumbnail","hentry","category-bihiregija"],"yoast_head":"<!-- This site is optimized with the Yoast SEO plugin v27.5 - https:\/\/yoast.com\/product\/yoast-seo-wordpress\/ -->\n<title>Schmidt name\u0107e tehni\u010dke izmjene Izbornog zakona, ostalo na \u010dekanju - RADIO LJUBU\u0160KI<\/title>\n<meta name=\"robots\" content=\"index, follow, max-snippet:-1, max-image-preview:large, max-video-preview:-1\" \/>\n<link rel=\"canonical\" href=\"https:\/\/radioljubuski.ba\/index.php\/2022\/07\/27\/schmidt-namece-tehnicke-izmjene-izbornog-zakona-ostalo-na-cekanju\/\" \/>\n<meta property=\"og:locale\" content=\"hr_HR\" \/>\n<meta property=\"og:type\" content=\"article\" \/>\n<meta property=\"og:title\" content=\"Schmidt name\u0107e tehni\u010dke izmjene Izbornog zakona, ostalo na \u010dekanju - RADIO LJUBU\u0160KI\" \/>\n<meta property=\"og:description\" content=\"Visoki predstavnik Christian Schmidt danas u 16:30 sati nametnut \u0107e tehni\u010dke izmjene Izbornog zakona BiH, koje se ti\u010du integriteta izbornog procesa, dok \u0107e ostale mjere koje je namjeravao proglasiti kori\u0161tenjem Bonskih ovla\u0161tenja, ostati na \u010dekanju. Ovo je za N1 potvr\u0111eno iz vi\u0161e diplomatskih izvora. Schmidt \u0107e danas u 13 sati okupiti lidere politi\u010dkih stranaka i [&hellip;]\" \/>\n<meta property=\"og:url\" content=\"https:\/\/radioljubuski.ba\/index.php\/2022\/07\/27\/schmidt-namece-tehnicke-izmjene-izbornog-zakona-ostalo-na-cekanju\/\" \/>\n<meta property=\"og:site_name\" content=\"RADIO LJUBU\u0160KI\" \/>\n<meta property=\"article:publisher\" content=\"https:\/\/www.facebook.com\/Radiio-Ljubuski-1490835324566332\" \/>\n<meta property=\"article:published_time\" content=\"2022-07-27T10:24:46+00:00\" \/>\n<meta property=\"article:modified_time\" content=\"2022-07-27T10:24:47+00:00\" \/>\n<meta property=\"og:image\" content=\"https:\/\/radioljubuski.ba\/wp-content\/uploads\/2022\/04\/schmidt-1.jpg\" \/>\n\t<meta property=\"og:image:width\" content=\"765\" \/>\n\t<meta property=\"og:image:height\" content=\"448\" \/>\n\t<meta property=\"og:image:type\" content=\"image\/jpeg\" \/>\n<meta name=\"author\" content=\"Radio Ljubu\u0161ki\" \/>\n<meta name=\"twitter:card\" content=\"summary_large_image\" \/>\n<meta name=\"twitter:creator\" content=\"@radioljubuski\" \/>\n<meta name=\"twitter:site\" content=\"@radioljubuski\" \/>\n<meta name=\"twitter:label1\" content=\"Napisao\/la\" \/>\n\t<meta name=\"twitter:data1\" content=\"Radio Ljubu\u0161ki\" \/>\n\t<meta name=\"twitter:label2\" content=\"Procijenjeno vrijeme \u010ditanja\" \/>\n\t<meta name=\"twitter:data2\" content=\"1 minuta\" \/>\n<script type=\"application\/ld+json\" class=\"yoast-schema-graph\">{\"@context\":\"https:\\\/\\\/schema.org\",\"@graph\":[{\"@type\":\"Article\",\"@id\":\"https:\\\/\\\/radioljubuski.ba\\\/index.php\\\/2022\\\/07\\\/27\\\/schmidt-namece-tehnicke-izmjene-izbornog-zakona-ostalo-na-cekanju\\\/#article\",\"isPartOf\":{\"@id\":\"https:\\\/\\\/radioljubuski.ba\\\/index.php\\\/2022\\\/07\\\/27\\\/schmidt-namece-tehnicke-izmjene-izbornog-zakona-ostalo-na-cekanju\\\/\"},\"author\":{\"name\":\"Radio Ljubu\u0161ki\",\"@id\":\"https:\\\/\\\/radioljubuski.ba\\\/#\\\/schema\\\/person\\\/19fc700381a780f69665d7956c469e3b\"},\"headline\":\"Schmidt name\u0107e tehni\u010dke izmjene Izbornog zakona, ostalo na \u010dekanju\",\"datePublished\":\"2022-07-27T10:24:46+00:00\",\"dateModified\":\"2022-07-27T10:24:47+00:00\",\"mainEntityOfPage\":{\"@id\":\"https:\\\/\\\/radioljubuski.ba\\\/index.php\\\/2022\\\/07\\\/27\\\/schmidt-namece-tehnicke-izmjene-izbornog-zakona-ostalo-na-cekanju\\\/\"},\"wordCount\":184,\"publisher\":{\"@id\":\"https:\\\/\\\/radioljubuski.ba\\\/#organization\"},\"image\":{\"@id\":\"https:\\\/\\\/radioljubuski.ba\\\/index.php\\\/2022\\\/07\\\/27\\\/schmidt-namece-tehnicke-izmjene-izbornog-zakona-ostalo-na-cekanju\\\/#primaryimage\"},\"thumbnailUrl\":\"https:\\\/\\\/radioljubuski.ba\\\/wp-content\\\/uploads\\\/2022\\\/04\\\/schmidt-1.jpg\",\"articleSection\":[\"BIH i regija\"],\"inLanguage\":\"hr\"},{\"@type\":\"WebPage\",\"@id\":\"https:\\\/\\\/radioljubuski.ba\\\/index.php\\\/2022\\\/07\\\/27\\\/schmidt-namece-tehnicke-izmjene-izbornog-zakona-ostalo-na-cekanju\\\/\",\"url\":\"https:\\\/\\\/radioljubuski.ba\\\/index.php\\\/2022\\\/07\\\/27\\\/schmidt-namece-tehnicke-izmjene-izbornog-zakona-ostalo-na-cekanju\\\/\",\"name\":\"Schmidt name\u0107e tehni\u010dke izmjene Izbornog zakona, ostalo na \u010dekanju - RADIO LJUBU\u0160KI\",\"isPartOf\":{\"@id\":\"https:\\\/\\\/radioljubuski.ba\\\/#website\"},\"primaryImageOfPage\":{\"@id\":\"https:\\\/\\\/radioljubuski.ba\\\/index.php\\\/2022\\\/07\\\/27\\\/schmidt-namece-tehnicke-izmjene-izbornog-zakona-ostalo-na-cekanju\\\/#primaryimage\"},\"image\":{\"@id\":\"https:\\\/\\\/radioljubuski.ba\\\/index.php\\\/2022\\\/07\\\/27\\\/schmidt-namece-tehnicke-izmjene-izbornog-zakona-ostalo-na-cekanju\\\/#primaryimage\"},\"thumbnailUrl\":\"https:\\\/\\\/radioljubuski.ba\\\/wp-content\\\/uploads\\\/2022\\\/04\\\/schmidt-1.jpg\",\"datePublished\":\"2022-07-27T10:24:46+00:00\",\"dateModified\":\"2022-07-27T10:24:47+00:00\",\"breadcrumb\":{\"@id\":\"https:\\\/\\\/radioljubuski.ba\\\/index.php\\\/2022\\\/07\\\/27\\\/schmidt-namece-tehnicke-izmjene-izbornog-zakona-ostalo-na-cekanju\\\/#breadcrumb\"},\"inLanguage\":\"hr\",\"potentialAction\":[{\"@type\":\"ReadAction\",\"target\":[\"https:\\\/\\\/radioljubuski.ba\\\/index.php\\\/2022\\\/07\\\/27\\\/schmidt-namece-tehnicke-izmjene-izbornog-zakona-ostalo-na-cekanju\\\/\"]}]},{\"@type\":\"ImageObject\",\"inLanguage\":\"hr\",\"@id\":\"https:\\\/\\\/radioljubuski.ba\\\/index.php\\\/2022\\\/07\\\/27\\\/schmidt-namece-tehnicke-izmjene-izbornog-zakona-ostalo-na-cekanju\\\/#primaryimage\",\"url\":\"https:\\\/\\\/radioljubuski.ba\\\/wp-content\\\/uploads\\\/2022\\\/04\\\/schmidt-1.jpg\",\"contentUrl\":\"https:\\\/\\\/radioljubuski.ba\\\/wp-content\\\/uploads\\\/2022\\\/04\\\/schmidt-1.jpg\",\"width\":765,\"height\":448},{\"@type\":\"BreadcrumbList\",\"@id\":\"https:\\\/\\\/radioljubuski.ba\\\/index.php\\\/2022\\\/07\\\/27\\\/schmidt-namece-tehnicke-izmjene-izbornog-zakona-ostalo-na-cekanju\\\/#breadcrumb\",\"itemListElement\":[{\"@type\":\"ListItem\",\"position\":1,\"name\":\"Po\u010detna stranica\",\"item\":\"https:\\\/\\\/radioljubuski.ba\\\/\"},{\"@type\":\"ListItem\",\"position\":2,\"name\":\"Schmidt name\u0107e tehni\u010dke izmjene Izbornog zakona, ostalo na \u010dekanju\"}]},{\"@type\":\"WebSite\",\"@id\":\"https:\\\/\\\/radioljubuski.ba\\\/#website\",\"url\":\"https:\\\/\\\/radioljubuski.ba\\\/\",\"name\":\"Radio Ljubu\u0161ki\",\"description\":\"Sun\u010dana frekvencija Hercegovine\",\"publisher\":{\"@id\":\"https:\\\/\\\/radioljubuski.ba\\\/#organization\"},\"potentialAction\":[{\"@type\":\"SearchAction\",\"target\":{\"@type\":\"EntryPoint\",\"urlTemplate\":\"https:\\\/\\\/radioljubuski.ba\\\/?s={search_term_string}\"},\"query-input\":{\"@type\":\"PropertyValueSpecification\",\"valueRequired\":true,\"valueName\":\"search_term_string\"}}],\"inLanguage\":\"hr\"},{\"@type\":\"Organization\",\"@id\":\"https:\\\/\\\/radioljubuski.ba\\\/#organization\",\"name\":\"Radio Ljubu\u0161ki\",\"url\":\"https:\\\/\\\/radioljubuski.ba\\\/\",\"logo\":{\"@type\":\"ImageObject\",\"inLanguage\":\"hr\",\"@id\":\"https:\\\/\\\/radioljubuski.ba\\\/#\\\/schema\\\/logo\\\/image\\\/\",\"url\":\"https:\\\/\\\/radioljubuski.ba\\\/wp-content\\\/uploads\\\/2021\\\/02\\\/cropped-Radio_Ljubuski_logo1.jpg\",\"contentUrl\":\"https:\\\/\\\/radioljubuski.ba\\\/wp-content\\\/uploads\\\/2021\\\/02\\\/cropped-Radio_Ljubuski_logo1.jpg\",\"width\":512,\"height\":512,\"caption\":\"Radio Ljubu\u0161ki\"},\"image\":{\"@id\":\"https:\\\/\\\/radioljubuski.ba\\\/#\\\/schema\\\/logo\\\/image\\\/\"},\"sameAs\":[\"https:\\\/\\\/www.facebook.com\\\/Radiio-Ljubuski-1490835324566332\",\"https:\\\/\\\/x.com\\\/radioljubuski\",\"https:\\\/\\\/hr.linkedin.com\\\/company\\\/radio-ljubuski\",\"https:\\\/\\\/www.youtube.com\\\/channel\\\/UCHYaeO_n0Db3tjNGudGpXyw\"]},{\"@type\":\"Person\",\"@id\":\"https:\\\/\\\/radioljubuski.ba\\\/#\\\/schema\\\/person\\\/19fc700381a780f69665d7956c469e3b\",\"name\":\"Radio Ljubu\u0161ki\"}]}<\/script>\n<!-- \/ Yoast SEO plugin. -->","yoast_head_json":{"title":"Schmidt name\u0107e tehni\u010dke izmjene Izbornog zakona, ostalo na \u010dekanju - RADIO LJUBU\u0160KI","robots":{"index":"index","follow":"follow","max-snippet":"max-snippet:-1","max-image-preview":"max-image-preview:large","max-video-preview":"max-video-preview:-1"},"canonical":"https:\/\/radioljubuski.ba\/index.php\/2022\/07\/27\/schmidt-namece-tehnicke-izmjene-izbornog-zakona-ostalo-na-cekanju\/","og_locale":"hr_HR","og_type":"article","og_title":"Schmidt name\u0107e tehni\u010dke izmjene Izbornog zakona, ostalo na \u010dekanju - RADIO LJUBU\u0160KI","og_description":"Visoki predstavnik Christian Schmidt danas u 16:30 sati nametnut \u0107e tehni\u010dke izmjene Izbornog zakona BiH, koje se ti\u010du integriteta izbornog procesa, dok \u0107e ostale mjere koje je namjeravao proglasiti kori\u0161tenjem Bonskih ovla\u0161tenja, ostati na \u010dekanju. Ovo je za N1 potvr\u0111eno iz vi\u0161e diplomatskih izvora. Schmidt \u0107e danas u 13 sati okupiti lidere politi\u010dkih stranaka i [&hellip;]","og_url":"https:\/\/radioljubuski.ba\/index.php\/2022\/07\/27\/schmidt-namece-tehnicke-izmjene-izbornog-zakona-ostalo-na-cekanju\/","og_site_name":"RADIO LJUBU\u0160KI","article_publisher":"https:\/\/www.facebook.com\/Radiio-Ljubuski-1490835324566332","article_published_time":"2022-07-27T10:24:46+00:00","article_modified_time":"2022-07-27T10:24:47+00:00","og_image":[{"width":765,"height":448,"url":"https:\/\/radioljubuski.ba\/wp-content\/uploads\/2022\/04\/schmidt-1.jpg","type":"image\/jpeg"}],"author":"Radio Ljubu\u0161ki","twitter_card":"summary_large_image","twitter_creator":"@radioljubuski","twitter_site":"@radioljubuski","twitter_misc":{"Napisao\/la":"Radio Ljubu\u0161ki","Procijenjeno vrijeme \u010ditanja":"1 minuta"},"schema":{"@context":"https:\/\/schema.org","@graph":[{"@type":"Article","@id":"https:\/\/radioljubuski.ba\/index.php\/2022\/07\/27\/schmidt-namece-tehnicke-izmjene-izbornog-zakona-ostalo-na-cekanju\/#article","isPartOf":{"@id":"https:\/\/radioljubuski.ba\/index.php\/2022\/07\/27\/schmidt-namece-tehnicke-izmjene-izbornog-zakona-ostalo-na-cekanju\/"},"author":{"name":"Radio Ljubu\u0161ki","@id":"https:\/\/radioljubuski.ba\/#\/schema\/person\/19fc700381a780f69665d7956c469e3b"},"headline":"Schmidt name\u0107e tehni\u010dke izmjene Izbornog zakona, ostalo na \u010dekanju","datePublished":"2022-07-27T10:24:46+00:00","dateModified":"2022-07-27T10:24:47+00:00","mainEntityOfPage":{"@id":"https:\/\/radioljubuski.ba\/index.php\/2022\/07\/27\/schmidt-namece-tehnicke-izmjene-izbornog-zakona-ostalo-na-cekanju\/"},"wordCount":184,"publisher":{"@id":"https:\/\/radioljubuski.ba\/#organization"},"image":{"@id":"https:\/\/radioljubuski.ba\/index.php\/2022\/07\/27\/schmidt-namece-tehnicke-izmjene-izbornog-zakona-ostalo-na-cekanju\/#primaryimage"},"thumbnailUrl":"https:\/\/radioljubuski.ba\/wp-content\/uploads\/2022\/04\/schmidt-1.jpg","articleSection":["BIH i regija"],"inLanguage":"hr"},{"@type":"WebPage","@id":"https:\/\/radioljubuski.ba\/index.php\/2022\/07\/27\/schmidt-namece-tehnicke-izmjene-izbornog-zakona-ostalo-na-cekanju\/","url":"https:\/\/radioljubuski.ba\/index.php\/2022\/07\/27\/schmidt-namece-tehnicke-izmjene-izbornog-zakona-ostalo-na-cekanju\/","name":"Schmidt name\u0107e tehni\u010dke izmjene Izbornog zakona, ostalo na \u010dekanju - RADIO LJUBU\u0160KI","isPartOf":{"@id":"https:\/\/radioljubuski.ba\/#website"},"primaryImageOfPage":{"@id":"https:\/\/radioljubuski.ba\/index.php\/2022\/07\/27\/schmidt-namece-tehnicke-izmjene-izbornog-zakona-ostalo-na-cekanju\/#primaryimage"},"image":{"@id":"https:\/\/radioljubuski.ba\/index.php\/2022\/07\/27\/schmidt-namece-tehnicke-izmjene-izbornog-zakona-ostalo-na-cekanju\/#primaryimage"},"thumbnailUrl":"https:\/\/radioljubuski.ba\/wp-content\/uploads\/2022\/04\/schmidt-1.jpg","datePublished":"2022-07-27T10:24:46+00:00","dateModified":"2022-07-27T10:24:47+00:00","breadcrumb":{"@id":"https:\/\/radioljubuski.ba\/index.php\/2022\/07\/27\/schmidt-namece-tehnicke-izmjene-izbornog-zakona-ostalo-na-cekanju\/#breadcrumb"},"inLanguage":"hr","potentialAction":[{"@type":"ReadAction","target":["https:\/\/radioljubuski.ba\/index.php\/2022\/07\/27\/schmidt-namece-tehnicke-izmjene-izbornog-zakona-ostalo-na-cekanju\/"]}]},{"@type":"ImageObject","inLanguage":"hr","@id":"https:\/\/radioljubuski.ba\/index.php\/2022\/07\/27\/schmidt-namece-tehnicke-izmjene-izbornog-zakona-ostalo-na-cekanju\/#primaryimage","url":"https:\/\/radioljubuski.ba\/wp-content\/uploads\/2022\/04\/schmidt-1.jpg","contentUrl":"https:\/\/radioljubuski.ba\/wp-content\/uploads\/2022\/04\/schmidt-1.jpg","width":765,"height":448},{"@type":"BreadcrumbList","@id":"https:\/\/radioljubuski.ba\/index.php\/2022\/07\/27\/schmidt-namece-tehnicke-izmjene-izbornog-zakona-ostalo-na-cekanju\/#breadcrumb","itemListElement":[{"@type":"ListItem","position":1,"name":"Po\u010detna stranica","item":"https:\/\/radioljubuski.ba\/"},{"@type":"ListItem","position":2,"name":"Schmidt name\u0107e tehni\u010dke izmjene Izbornog zakona, ostalo na \u010dekanju"}]},{"@type":"WebSite","@id":"https:\/\/radioljubuski.ba\/#website","url":"https:\/\/radioljubuski.ba\/","name":"Radio Ljubu\u0161ki","description":"Sun\u010dana frekvencija Hercegovine","publisher":{"@id":"https:\/\/radioljubuski.ba\/#organization"},"potentialAction":[{"@type":"SearchAction","target":{"@type":"EntryPoint","urlTemplate":"https:\/\/radioljubuski.ba\/?s={search_term_string}"},"query-input":{"@type":"PropertyValueSpecification","valueRequired":true,"valueName":"search_term_string"}}],"inLanguage":"hr"},{"@type":"Organization","@id":"https:\/\/radioljubuski.ba\/#organization","name":"Radio Ljubu\u0161ki","url":"https:\/\/radioljubuski.ba\/","logo":{"@type":"ImageObject","inLanguage":"hr","@id":"https:\/\/radioljubuski.ba\/#\/schema\/logo\/image\/","url":"https:\/\/radioljubuski.ba\/wp-content\/uploads\/2021\/02\/cropped-Radio_Ljubuski_logo1.jpg","contentUrl":"https:\/\/radioljubuski.ba\/wp-content\/uploads\/2021\/02\/cropped-Radio_Ljubuski_logo1.jpg","width":512,"height":512,"caption":"Radio Ljubu\u0161ki"},"image":{"@id":"https:\/\/radioljubuski.ba\/#\/schema\/logo\/image\/"},"sameAs":["https:\/\/www.facebook.com\/Radiio-Ljubuski-1490835324566332","https:\/\/x.com\/radioljubuski","https:\/\/hr.linkedin.com\/company\/radio-ljubuski","https:\/\/www.youtube.com\/channel\/UCHYaeO_n0Db3tjNGudGpXyw"]},{"@type":"Person","@id":"https:\/\/radioljubuski.ba\/#\/schema\/person\/19fc700381a780f69665d7956c469e3b","name":"Radio Ljubu\u0161ki"}]}},"_links":{"self":[{"href":"https:\/\/radioljubuski.ba\/index.php\/wp-json\/wp\/v2\/posts\/164001","targetHints":{"allow":["GET"]}}],"collection":[{"href":"https:\/\/radioljubuski.ba\/index.php\/wp-json\/wp\/v2\/posts"}],"about":[{"href":"https:\/\/radioljubuski.ba\/index.php\/wp-json\/wp\/v2\/types\/post"}],"author":[{"embeddable":true,"href":"https:\/\/radioljubuski.ba\/index.php\/wp-json\/wp\/v2\/users\/2"}],"replies":[{"embeddable":true,"href":"https:\/\/radioljubuski.ba\/index.php\/wp-json\/wp\/v2\/comments?post=164001"}],"version-history":[{"count":1,"href":"https:\/\/radioljubuski.ba\/index.php\/wp-json\/wp\/v2\/posts\/164001\/revisions"}],"predecessor-version":[{"id":164002,"href":"https:\/\/radioljubuski.ba\/index.php\/wp-json\/wp\/v2\/posts\/164001\/revisions\/164002"}],"wp:featuredmedia":[{"embeddable":true,"href":"https:\/\/radioljubuski.ba\/index.php\/wp-json\/wp\/v2\/media\/133752"}],"wp:attachment":[{"href":"https:\/\/radioljubuski.ba\/index.php\/wp-json\/wp\/v2\/media?parent=164001"}],"wp:term":[{"taxonomy":"category","embeddable":true,"href":"https:\/\/radioljubuski.ba\/index.php\/wp-json\/wp\/v2\/categories?post=164001"},{"taxonomy":"post_tag","embeddable":true,"href":"https:\/\/radioljubuski.ba\/index.php\/wp-json\/wp\/v2\/tags?post=164001"}],"curies":[{"name":"wp","href":"https:\/\/api.w.org\/{rel}","templated":true}]}}