{"id":164007,"date":"2022-07-27T11:44:52","date_gmt":"2022-07-27T10:44:52","guid":{"rendered":"https:\/\/radioljubuski.ba\/?p=164007"},"modified":"2022-07-27T11:44:53","modified_gmt":"2022-07-27T10:44:53","slug":"prvi-dan-peljeskim-mostom-preslo-vec-oko-1-500-vozila","status":"publish","type":"post","link":"https:\/\/radioljubuski.ba\/index.php\/2022\/07\/27\/prvi-dan-peljeskim-mostom-preslo-vec-oko-1-500-vozila\/","title":{"rendered":"Prvi dan: Pelje\u0161kim mostom pre\u0161lo ve\u0107 oko 1.500 vozila"},"content":{"rendered":"\n<p>Promet Pelje\u0161kim mostom od pono\u0107i je otvoren u oba smjera. Cijeli ju\u010dera\u0161nji dan bio je obilje\u017een otvaranjem ovog va\u017enog mosta kojima je povezano hrvatsko kopno i na koji se \u010dekalo godinama.<\/p>\n\n\n\n<p>Most, \u010dija je cjelokupna \u010deli\u010dno-betonska konstrukcija ispod i iznad vode zajedno te\u0161ka kao 30 Eiffelovih tornjeva, financiran je iz EU-ovih fondova s bespovratnih 357 milijuna eura (85 posto tro\u0161kova), a na njemu je tijekom deset godina radilo nekoliko vlada.<\/p>\n\n\n\n<p>Most prelazi preko morskog tjesnaca \u0161irine 2140 metara, dug je 2404 metra, s plovidbenim profilom ispod mosta 200 puta 55 metara.<\/p>\n\n\n\n<p>Gospodarski je iznimno zna\u010dajan za cijelu dr\u017eavu, ponajprije Dubrova\u010dko-neretvansku \u017eupaniju, a njegovim otvaranjem dokinut je teritorijalni diskontinuitet nastao prije vi\u0161e od 300 godina kada je tada\u0161nja Dubrova\u010dka republika prepustila dio obale Otomanskom carstvu.<\/p>\n\n\n\n<p>Slavi\u0161a Babi\u0107, voditelj odjela za promet HC-a, s kojima je u mjestu Zarade\u017ee razgovarala novinarka <a href=\"https:\/\/hr.n1info.com\/vijesti\/prvi-dan-prometa-peljeskim-mostom-preslo-vec-oko-1-500-vozila\/\" target=\"_blank\" rel=\"noreferrer noopener\">N1<\/a>, ka\u017ee kako je mostom pro\u0161lo ve\u0107 oko 1.500 vozila, a 500 samo u posljednjih sat vremena.<\/p>\n\n\n\n<p>Prema njegovim rije\u010dima, dio putnika je vjerojatno samo radoznao i \u017eeli vidjeti most, ali &#8220;\u010dak i nije puno&#8221; prometa, ka\u017ee obja\u0161njavaju\u0107i da po dr\u017eavnoj cesti D8 ljeti vozi i preko 15 tisu\u0107a vozila prema Neumu.<\/p>\n\n\n\n<p>&#8220;O\u010dekujem danas 10-ak tis\u0107a vozila, ali udarni vikend je pred nama, mo\u017eda i 12 do 15 tisu\u0107a vozila za vikend&#8221;, ka\u017ee.<\/p>\n\n\n\n<p>&#8220;Sve je novo. Ljudi se tek snalaze, posebno voza\u010di. Neki na\u017ealost koriste i zaustavnu traku za kretanje. Apeliram da je ne koriste. Neki staju da bi se fotografirali, to je iznimno opasno. Ljudi koriste most za pje\u0161a\u010denje. Moram re\u0107i da je most namijenjen isklju\u010divo za motorna vozila, ne za pje\u0161ake ni za bicikliste&#8221;, ka\u017ee Babi\u0107. Dodaje i da je trenutno zabranjen dio prometa za teretna vozila. Ipak, sva teretna vozila preko 7,5 t koja imaju isporuke na Pelje\u0161cu, Kor\u010duli, mogu prometovati i mostom i pristupnim cestama, ali ona koja su samo u tranzitu, ne mogu.<\/p>\n\n\n\n<p>Babi\u0107 je apelirao na voza\u010de i da po\u0161tuju ograni\u010denje brzine.<\/p>\n\n\n\n<p>Izvor:N1<\/p>\n","protected":false},"excerpt":{"rendered":"<p>Promet Pelje\u0161kim mostom od pono\u0107i je otvoren u oba smjera. Cijeli ju\u010dera\u0161nji dan bio je obilje\u017een otvaranjem ovog va\u017enog mosta kojima je povezano hrvatsko kopno i na koji se \u010dekalo godinama. Most, \u010dija je cjelokupna \u010deli\u010dno-betonska konstrukcija ispod i iznad vode zajedno te\u0161ka kao 30 Eiffelovih tornjeva, financiran je iz EU-ovih fondova s bespovratnih 357 [&hellip;]<\/p>\n","protected":false},"author":2,"featured_media":163909,"comment_status":"closed","ping_status":"closed","sticky":false,"template":"","format":"standard","meta":{"h5ap_radio_sources":[],"footnotes":""},"categories":[1],"tags":[],"class_list":["post-164007","post","type-post","status-publish","format-standard","has-post-thumbnail","hentry","category-bihiregija"],"yoast_head":"<!-- This site is optimized with the Yoast SEO plugin v27.5 - https:\/\/yoast.com\/product\/yoast-seo-wordpress\/ -->\n<title>Prvi dan: Pelje\u0161kim mostom pre\u0161lo ve\u0107 oko 1.500 vozila - RADIO LJUBU\u0160KI<\/title>\n<meta name=\"robots\" content=\"index, follow, max-snippet:-1, max-image-preview:large, max-video-preview:-1\" \/>\n<link rel=\"canonical\" href=\"https:\/\/radioljubuski.ba\/index.php\/2022\/07\/27\/prvi-dan-peljeskim-mostom-preslo-vec-oko-1-500-vozila\/\" \/>\n<meta property=\"og:locale\" content=\"hr_HR\" \/>\n<meta property=\"og:type\" content=\"article\" \/>\n<meta property=\"og:title\" content=\"Prvi dan: Pelje\u0161kim mostom pre\u0161lo ve\u0107 oko 1.500 vozila - RADIO LJUBU\u0160KI\" \/>\n<meta property=\"og:description\" content=\"Promet Pelje\u0161kim mostom od pono\u0107i je otvoren u oba smjera. Cijeli ju\u010dera\u0161nji dan bio je obilje\u017een otvaranjem ovog va\u017enog mosta kojima je povezano hrvatsko kopno i na koji se \u010dekalo godinama. Most, \u010dija je cjelokupna \u010deli\u010dno-betonska konstrukcija ispod i iznad vode zajedno te\u0161ka kao 30 Eiffelovih tornjeva, financiran je iz EU-ovih fondova s bespovratnih 357 [&hellip;]\" \/>\n<meta property=\"og:url\" content=\"https:\/\/radioljubuski.ba\/index.php\/2022\/07\/27\/prvi-dan-peljeskim-mostom-preslo-vec-oko-1-500-vozila\/\" \/>\n<meta property=\"og:site_name\" content=\"RADIO LJUBU\u0160KI\" \/>\n<meta property=\"article:publisher\" content=\"https:\/\/www.facebook.com\/Radiio-Ljubuski-1490835324566332\" \/>\n<meta property=\"article:published_time\" content=\"2022-07-27T10:44:52+00:00\" \/>\n<meta property=\"article:modified_time\" content=\"2022-07-27T10:44:53+00:00\" \/>\n<meta property=\"og:image\" content=\"https:\/\/radioljubuski.ba\/wp-content\/uploads\/2022\/07\/peljeski-most-nocu3-1068x712-1.jpg\" \/>\n\t<meta property=\"og:image:width\" content=\"1068\" \/>\n\t<meta property=\"og:image:height\" content=\"712\" \/>\n\t<meta property=\"og:image:type\" content=\"image\/jpeg\" \/>\n<meta name=\"author\" content=\"Radio Ljubu\u0161ki\" \/>\n<meta name=\"twitter:card\" content=\"summary_large_image\" \/>\n<meta name=\"twitter:creator\" content=\"@radioljubuski\" \/>\n<meta name=\"twitter:site\" content=\"@radioljubuski\" \/>\n<meta name=\"twitter:label1\" content=\"Napisao\/la\" \/>\n\t<meta name=\"twitter:data1\" content=\"Radio Ljubu\u0161ki\" \/>\n\t<meta name=\"twitter:label2\" content=\"Procijenjeno vrijeme \u010ditanja\" \/>\n\t<meta name=\"twitter:data2\" content=\"2 minute\" \/>\n<script type=\"application\/ld+json\" class=\"yoast-schema-graph\">{\"@context\":\"https:\\\/\\\/schema.org\",\"@graph\":[{\"@type\":\"Article\",\"@id\":\"https:\\\/\\\/radioljubuski.ba\\\/index.php\\\/2022\\\/07\\\/27\\\/prvi-dan-peljeskim-mostom-preslo-vec-oko-1-500-vozila\\\/#article\",\"isPartOf\":{\"@id\":\"https:\\\/\\\/radioljubuski.ba\\\/index.php\\\/2022\\\/07\\\/27\\\/prvi-dan-peljeskim-mostom-preslo-vec-oko-1-500-vozila\\\/\"},\"author\":{\"name\":\"Radio Ljubu\u0161ki\",\"@id\":\"https:\\\/\\\/radioljubuski.ba\\\/#\\\/schema\\\/person\\\/19fc700381a780f69665d7956c469e3b\"},\"headline\":\"Prvi dan: Pelje\u0161kim mostom pre\u0161lo ve\u0107 oko 1.500 vozila\",\"datePublished\":\"2022-07-27T10:44:52+00:00\",\"dateModified\":\"2022-07-27T10:44:53+00:00\",\"mainEntityOfPage\":{\"@id\":\"https:\\\/\\\/radioljubuski.ba\\\/index.php\\\/2022\\\/07\\\/27\\\/prvi-dan-peljeskim-mostom-preslo-vec-oko-1-500-vozila\\\/\"},\"wordCount\":358,\"publisher\":{\"@id\":\"https:\\\/\\\/radioljubuski.ba\\\/#organization\"},\"image\":{\"@id\":\"https:\\\/\\\/radioljubuski.ba\\\/index.php\\\/2022\\\/07\\\/27\\\/prvi-dan-peljeskim-mostom-preslo-vec-oko-1-500-vozila\\\/#primaryimage\"},\"thumbnailUrl\":\"https:\\\/\\\/radioljubuski.ba\\\/wp-content\\\/uploads\\\/2022\\\/07\\\/peljeski-most-nocu3-1068x712-1.jpg\",\"articleSection\":[\"BIH i regija\"],\"inLanguage\":\"hr\"},{\"@type\":\"WebPage\",\"@id\":\"https:\\\/\\\/radioljubuski.ba\\\/index.php\\\/2022\\\/07\\\/27\\\/prvi-dan-peljeskim-mostom-preslo-vec-oko-1-500-vozila\\\/\",\"url\":\"https:\\\/\\\/radioljubuski.ba\\\/index.php\\\/2022\\\/07\\\/27\\\/prvi-dan-peljeskim-mostom-preslo-vec-oko-1-500-vozila\\\/\",\"name\":\"Prvi dan: Pelje\u0161kim mostom pre\u0161lo ve\u0107 oko 1.500 vozila - RADIO LJUBU\u0160KI\",\"isPartOf\":{\"@id\":\"https:\\\/\\\/radioljubuski.ba\\\/#website\"},\"primaryImageOfPage\":{\"@id\":\"https:\\\/\\\/radioljubuski.ba\\\/index.php\\\/2022\\\/07\\\/27\\\/prvi-dan-peljeskim-mostom-preslo-vec-oko-1-500-vozila\\\/#primaryimage\"},\"image\":{\"@id\":\"https:\\\/\\\/radioljubuski.ba\\\/index.php\\\/2022\\\/07\\\/27\\\/prvi-dan-peljeskim-mostom-preslo-vec-oko-1-500-vozila\\\/#primaryimage\"},\"thumbnailUrl\":\"https:\\\/\\\/radioljubuski.ba\\\/wp-content\\\/uploads\\\/2022\\\/07\\\/peljeski-most-nocu3-1068x712-1.jpg\",\"datePublished\":\"2022-07-27T10:44:52+00:00\",\"dateModified\":\"2022-07-27T10:44:53+00:00\",\"breadcrumb\":{\"@id\":\"https:\\\/\\\/radioljubuski.ba\\\/index.php\\\/2022\\\/07\\\/27\\\/prvi-dan-peljeskim-mostom-preslo-vec-oko-1-500-vozila\\\/#breadcrumb\"},\"inLanguage\":\"hr\",\"potentialAction\":[{\"@type\":\"ReadAction\",\"target\":[\"https:\\\/\\\/radioljubuski.ba\\\/index.php\\\/2022\\\/07\\\/27\\\/prvi-dan-peljeskim-mostom-preslo-vec-oko-1-500-vozila\\\/\"]}]},{\"@type\":\"ImageObject\",\"inLanguage\":\"hr\",\"@id\":\"https:\\\/\\\/radioljubuski.ba\\\/index.php\\\/2022\\\/07\\\/27\\\/prvi-dan-peljeskim-mostom-preslo-vec-oko-1-500-vozila\\\/#primaryimage\",\"url\":\"https:\\\/\\\/radioljubuski.ba\\\/wp-content\\\/uploads\\\/2022\\\/07\\\/peljeski-most-nocu3-1068x712-1.jpg\",\"contentUrl\":\"https:\\\/\\\/radioljubuski.ba\\\/wp-content\\\/uploads\\\/2022\\\/07\\\/peljeski-most-nocu3-1068x712-1.jpg\",\"width\":1068,\"height\":712},{\"@type\":\"BreadcrumbList\",\"@id\":\"https:\\\/\\\/radioljubuski.ba\\\/index.php\\\/2022\\\/07\\\/27\\\/prvi-dan-peljeskim-mostom-preslo-vec-oko-1-500-vozila\\\/#breadcrumb\",\"itemListElement\":[{\"@type\":\"ListItem\",\"position\":1,\"name\":\"Po\u010detna stranica\",\"item\":\"https:\\\/\\\/radioljubuski.ba\\\/\"},{\"@type\":\"ListItem\",\"position\":2,\"name\":\"Prvi dan: Pelje\u0161kim mostom pre\u0161lo ve\u0107 oko 1.500 vozila\"}]},{\"@type\":\"WebSite\",\"@id\":\"https:\\\/\\\/radioljubuski.ba\\\/#website\",\"url\":\"https:\\\/\\\/radioljubuski.ba\\\/\",\"name\":\"Radio Ljubu\u0161ki\",\"description\":\"Sun\u010dana frekvencija Hercegovine\",\"publisher\":{\"@id\":\"https:\\\/\\\/radioljubuski.ba\\\/#organization\"},\"potentialAction\":[{\"@type\":\"SearchAction\",\"target\":{\"@type\":\"EntryPoint\",\"urlTemplate\":\"https:\\\/\\\/radioljubuski.ba\\\/?s={search_term_string}\"},\"query-input\":{\"@type\":\"PropertyValueSpecification\",\"valueRequired\":true,\"valueName\":\"search_term_string\"}}],\"inLanguage\":\"hr\"},{\"@type\":\"Organization\",\"@id\":\"https:\\\/\\\/radioljubuski.ba\\\/#organization\",\"name\":\"Radio Ljubu\u0161ki\",\"url\":\"https:\\\/\\\/radioljubuski.ba\\\/\",\"logo\":{\"@type\":\"ImageObject\",\"inLanguage\":\"hr\",\"@id\":\"https:\\\/\\\/radioljubuski.ba\\\/#\\\/schema\\\/logo\\\/image\\\/\",\"url\":\"https:\\\/\\\/radioljubuski.ba\\\/wp-content\\\/uploads\\\/2021\\\/02\\\/cropped-Radio_Ljubuski_logo1.jpg\",\"contentUrl\":\"https:\\\/\\\/radioljubuski.ba\\\/wp-content\\\/uploads\\\/2021\\\/02\\\/cropped-Radio_Ljubuski_logo1.jpg\",\"width\":512,\"height\":512,\"caption\":\"Radio Ljubu\u0161ki\"},\"image\":{\"@id\":\"https:\\\/\\\/radioljubuski.ba\\\/#\\\/schema\\\/logo\\\/image\\\/\"},\"sameAs\":[\"https:\\\/\\\/www.facebook.com\\\/Radiio-Ljubuski-1490835324566332\",\"https:\\\/\\\/x.com\\\/radioljubuski\",\"https:\\\/\\\/hr.linkedin.com\\\/company\\\/radio-ljubuski\",\"https:\\\/\\\/www.youtube.com\\\/channel\\\/UCHYaeO_n0Db3tjNGudGpXyw\"]},{\"@type\":\"Person\",\"@id\":\"https:\\\/\\\/radioljubuski.ba\\\/#\\\/schema\\\/person\\\/19fc700381a780f69665d7956c469e3b\",\"name\":\"Radio Ljubu\u0161ki\"}]}<\/script>\n<!-- \/ Yoast SEO plugin. -->","yoast_head_json":{"title":"Prvi dan: Pelje\u0161kim mostom pre\u0161lo ve\u0107 oko 1.500 vozila - RADIO LJUBU\u0160KI","robots":{"index":"index","follow":"follow","max-snippet":"max-snippet:-1","max-image-preview":"max-image-preview:large","max-video-preview":"max-video-preview:-1"},"canonical":"https:\/\/radioljubuski.ba\/index.php\/2022\/07\/27\/prvi-dan-peljeskim-mostom-preslo-vec-oko-1-500-vozila\/","og_locale":"hr_HR","og_type":"article","og_title":"Prvi dan: Pelje\u0161kim mostom pre\u0161lo ve\u0107 oko 1.500 vozila - RADIO LJUBU\u0160KI","og_description":"Promet Pelje\u0161kim mostom od pono\u0107i je otvoren u oba smjera. Cijeli ju\u010dera\u0161nji dan bio je obilje\u017een otvaranjem ovog va\u017enog mosta kojima je povezano hrvatsko kopno i na koji se \u010dekalo godinama. Most, \u010dija je cjelokupna \u010deli\u010dno-betonska konstrukcija ispod i iznad vode zajedno te\u0161ka kao 30 Eiffelovih tornjeva, financiran je iz EU-ovih fondova s bespovratnih 357 [&hellip;]","og_url":"https:\/\/radioljubuski.ba\/index.php\/2022\/07\/27\/prvi-dan-peljeskim-mostom-preslo-vec-oko-1-500-vozila\/","og_site_name":"RADIO LJUBU\u0160KI","article_publisher":"https:\/\/www.facebook.com\/Radiio-Ljubuski-1490835324566332","article_published_time":"2022-07-27T10:44:52+00:00","article_modified_time":"2022-07-27T10:44:53+00:00","og_image":[{"width":1068,"height":712,"url":"https:\/\/radioljubuski.ba\/wp-content\/uploads\/2022\/07\/peljeski-most-nocu3-1068x712-1.jpg","type":"image\/jpeg"}],"author":"Radio Ljubu\u0161ki","twitter_card":"summary_large_image","twitter_creator":"@radioljubuski","twitter_site":"@radioljubuski","twitter_misc":{"Napisao\/la":"Radio Ljubu\u0161ki","Procijenjeno vrijeme \u010ditanja":"2 minute"},"schema":{"@context":"https:\/\/schema.org","@graph":[{"@type":"Article","@id":"https:\/\/radioljubuski.ba\/index.php\/2022\/07\/27\/prvi-dan-peljeskim-mostom-preslo-vec-oko-1-500-vozila\/#article","isPartOf":{"@id":"https:\/\/radioljubuski.ba\/index.php\/2022\/07\/27\/prvi-dan-peljeskim-mostom-preslo-vec-oko-1-500-vozila\/"},"author":{"name":"Radio Ljubu\u0161ki","@id":"https:\/\/radioljubuski.ba\/#\/schema\/person\/19fc700381a780f69665d7956c469e3b"},"headline":"Prvi dan: Pelje\u0161kim mostom pre\u0161lo ve\u0107 oko 1.500 vozila","datePublished":"2022-07-27T10:44:52+00:00","dateModified":"2022-07-27T10:44:53+00:00","mainEntityOfPage":{"@id":"https:\/\/radioljubuski.ba\/index.php\/2022\/07\/27\/prvi-dan-peljeskim-mostom-preslo-vec-oko-1-500-vozila\/"},"wordCount":358,"publisher":{"@id":"https:\/\/radioljubuski.ba\/#organization"},"image":{"@id":"https:\/\/radioljubuski.ba\/index.php\/2022\/07\/27\/prvi-dan-peljeskim-mostom-preslo-vec-oko-1-500-vozila\/#primaryimage"},"thumbnailUrl":"https:\/\/radioljubuski.ba\/wp-content\/uploads\/2022\/07\/peljeski-most-nocu3-1068x712-1.jpg","articleSection":["BIH i regija"],"inLanguage":"hr"},{"@type":"WebPage","@id":"https:\/\/radioljubuski.ba\/index.php\/2022\/07\/27\/prvi-dan-peljeskim-mostom-preslo-vec-oko-1-500-vozila\/","url":"https:\/\/radioljubuski.ba\/index.php\/2022\/07\/27\/prvi-dan-peljeskim-mostom-preslo-vec-oko-1-500-vozila\/","name":"Prvi dan: Pelje\u0161kim mostom pre\u0161lo ve\u0107 oko 1.500 vozila - RADIO LJUBU\u0160KI","isPartOf":{"@id":"https:\/\/radioljubuski.ba\/#website"},"primaryImageOfPage":{"@id":"https:\/\/radioljubuski.ba\/index.php\/2022\/07\/27\/prvi-dan-peljeskim-mostom-preslo-vec-oko-1-500-vozila\/#primaryimage"},"image":{"@id":"https:\/\/radioljubuski.ba\/index.php\/2022\/07\/27\/prvi-dan-peljeskim-mostom-preslo-vec-oko-1-500-vozila\/#primaryimage"},"thumbnailUrl":"https:\/\/radioljubuski.ba\/wp-content\/uploads\/2022\/07\/peljeski-most-nocu3-1068x712-1.jpg","datePublished":"2022-07-27T10:44:52+00:00","dateModified":"2022-07-27T10:44:53+00:00","breadcrumb":{"@id":"https:\/\/radioljubuski.ba\/index.php\/2022\/07\/27\/prvi-dan-peljeskim-mostom-preslo-vec-oko-1-500-vozila\/#breadcrumb"},"inLanguage":"hr","potentialAction":[{"@type":"ReadAction","target":["https:\/\/radioljubuski.ba\/index.php\/2022\/07\/27\/prvi-dan-peljeskim-mostom-preslo-vec-oko-1-500-vozila\/"]}]},{"@type":"ImageObject","inLanguage":"hr","@id":"https:\/\/radioljubuski.ba\/index.php\/2022\/07\/27\/prvi-dan-peljeskim-mostom-preslo-vec-oko-1-500-vozila\/#primaryimage","url":"https:\/\/radioljubuski.ba\/wp-content\/uploads\/2022\/07\/peljeski-most-nocu3-1068x712-1.jpg","contentUrl":"https:\/\/radioljubuski.ba\/wp-content\/uploads\/2022\/07\/peljeski-most-nocu3-1068x712-1.jpg","width":1068,"height":712},{"@type":"BreadcrumbList","@id":"https:\/\/radioljubuski.ba\/index.php\/2022\/07\/27\/prvi-dan-peljeskim-mostom-preslo-vec-oko-1-500-vozila\/#breadcrumb","itemListElement":[{"@type":"ListItem","position":1,"name":"Po\u010detna stranica","item":"https:\/\/radioljubuski.ba\/"},{"@type":"ListItem","position":2,"name":"Prvi dan: Pelje\u0161kim mostom pre\u0161lo ve\u0107 oko 1.500 vozila"}]},{"@type":"WebSite","@id":"https:\/\/radioljubuski.ba\/#website","url":"https:\/\/radioljubuski.ba\/","name":"Radio Ljubu\u0161ki","description":"Sun\u010dana frekvencija Hercegovine","publisher":{"@id":"https:\/\/radioljubuski.ba\/#organization"},"potentialAction":[{"@type":"SearchAction","target":{"@type":"EntryPoint","urlTemplate":"https:\/\/radioljubuski.ba\/?s={search_term_string}"},"query-input":{"@type":"PropertyValueSpecification","valueRequired":true,"valueName":"search_term_string"}}],"inLanguage":"hr"},{"@type":"Organization","@id":"https:\/\/radioljubuski.ba\/#organization","name":"Radio Ljubu\u0161ki","url":"https:\/\/radioljubuski.ba\/","logo":{"@type":"ImageObject","inLanguage":"hr","@id":"https:\/\/radioljubuski.ba\/#\/schema\/logo\/image\/","url":"https:\/\/radioljubuski.ba\/wp-content\/uploads\/2021\/02\/cropped-Radio_Ljubuski_logo1.jpg","contentUrl":"https:\/\/radioljubuski.ba\/wp-content\/uploads\/2021\/02\/cropped-Radio_Ljubuski_logo1.jpg","width":512,"height":512,"caption":"Radio Ljubu\u0161ki"},"image":{"@id":"https:\/\/radioljubuski.ba\/#\/schema\/logo\/image\/"},"sameAs":["https:\/\/www.facebook.com\/Radiio-Ljubuski-1490835324566332","https:\/\/x.com\/radioljubuski","https:\/\/hr.linkedin.com\/company\/radio-ljubuski","https:\/\/www.youtube.com\/channel\/UCHYaeO_n0Db3tjNGudGpXyw"]},{"@type":"Person","@id":"https:\/\/radioljubuski.ba\/#\/schema\/person\/19fc700381a780f69665d7956c469e3b","name":"Radio Ljubu\u0161ki"}]}},"_links":{"self":[{"href":"https:\/\/radioljubuski.ba\/index.php\/wp-json\/wp\/v2\/posts\/164007","targetHints":{"allow":["GET"]}}],"collection":[{"href":"https:\/\/radioljubuski.ba\/index.php\/wp-json\/wp\/v2\/posts"}],"about":[{"href":"https:\/\/radioljubuski.ba\/index.php\/wp-json\/wp\/v2\/types\/post"}],"author":[{"embeddable":true,"href":"https:\/\/radioljubuski.ba\/index.php\/wp-json\/wp\/v2\/users\/2"}],"replies":[{"embeddable":true,"href":"https:\/\/radioljubuski.ba\/index.php\/wp-json\/wp\/v2\/comments?post=164007"}],"version-history":[{"count":1,"href":"https:\/\/radioljubuski.ba\/index.php\/wp-json\/wp\/v2\/posts\/164007\/revisions"}],"predecessor-version":[{"id":164008,"href":"https:\/\/radioljubuski.ba\/index.php\/wp-json\/wp\/v2\/posts\/164007\/revisions\/164008"}],"wp:featuredmedia":[{"embeddable":true,"href":"https:\/\/radioljubuski.ba\/index.php\/wp-json\/wp\/v2\/media\/163909"}],"wp:attachment":[{"href":"https:\/\/radioljubuski.ba\/index.php\/wp-json\/wp\/v2\/media?parent=164007"}],"wp:term":[{"taxonomy":"category","embeddable":true,"href":"https:\/\/radioljubuski.ba\/index.php\/wp-json\/wp\/v2\/categories?post=164007"},{"taxonomy":"post_tag","embeddable":true,"href":"https:\/\/radioljubuski.ba\/index.php\/wp-json\/wp\/v2\/tags?post=164007"}],"curies":[{"name":"wp","href":"https:\/\/api.w.org\/{rel}","templated":true}]}}