{"id":164040,"date":"2022-07-27T12:16:48","date_gmt":"2022-07-27T11:16:48","guid":{"rendered":"https:\/\/radioljubuski.ba\/?p=164040"},"modified":"2022-07-27T12:16:50","modified_gmt":"2022-07-27T11:16:50","slug":"27-srpnja-1941-srb-koje-bitne-cinjenice-o-suradnji-cetnika-komunista-partizana-i-talijana-u-ustanku-niste-znali","status":"publish","type":"post","link":"https:\/\/radioljubuski.ba\/index.php\/2022\/07\/27\/27-srpnja-1941-srb-koje-bitne-cinjenice-o-suradnji-cetnika-komunista-partizana-i-talijana-u-ustanku-niste-znali\/","title":{"rendered":"27. srpnja 1941. Srb \u2013 koje bitne \u010dinjenice o suradnji \u010detnika, komunista-partizana i Talijana u ustanku niste znali?"},"content":{"rendered":"\n<p><strong>Pokolji Hrvata trajali su danima od Srba i Drvara sve do Grahova i Bosanskog Petrovca. Razmjeri zlo\u010dina bili su takvi da je sve hrvatsko doslovno pobijeno i spaljeno u vrlo kratkom vremenu.<\/strong><\/p>\n\n\n\n<p><strong>Uni\u0161tene su teritorijalno vrlo velike \u017eupe Drvar, Bosansko Grahovo, Krnjeu\u0161a kod Bosanskog Petrovca i Bori\u0107evac u Lici. U navedenim \u017eupama okrutno su ubijena sva \u010detvorica \u017eupnika: vl\u010d. Waldemar Maximilian Nestor u Drvaru, vl\u010d. Juraj Gospodneti\u0107 u Bosanskom Grahovu i vl\u010d. Kre\u0161imir Bari\u0161i\u0107 u Krnjeu\u0161i. \u017dupnik iz Bori\u010devca Stupari\u0107 ubijen je kasnije u Sincu u Lici.<\/strong><\/p>\n\n\n\n<p>Sa \u017eupnikom Bari\u0161i\u0107em su u Krnjeu\u0161i ubijena su i tri mladi\u0107a pripravnika za sve\u0107enstvo.<\/p>\n\n\n\n<h3 class=\"wp-block-heading\"><strong>Mnogi i danas le\u017ee po jamama<\/strong><\/h3>\n\n\n\n<p>Broj ubijenih Hrvata u tim \u017eupama do danas nije utvr\u0111en. Mnogi i danas le\u017ee po jamama koje nisu prona\u0111ene ve\u0107 skoro 80 godina od ovih stra\u0161nih pokolja. Uni\u0161tenjem tih \u010detiriju \u017eupa i provedenim genocidom prakti\u010dki je nestao hrvatski narod na \u010ditavom podru\u010dju isto\u010dnog dijela Like i jugozapadnog dijela Bosne.<br>\u0160to se to slavilo od 1945. do 1990., kao Dan ustanka naroda Hrvatske i Dan ustanka<br>naroda BiH, a \u201eslavlje\u201d se obnavlja i posljednjih nekoliko godina uz pokroviteljstvo<br>i sudioni\u0161tvo osoba iz javnog i politi\u010dkog \u017eivota dana\u0161nje RH? \u0160to se zapravo tada<br>dogodilo na podru\u010dju Like i jugozapadne Bosne?<\/p>\n\n\n\n<h3 class=\"wp-block-heading\"><strong>Politi\u010dka amnezija u Hrvatskoj<\/strong><\/h3>\n\n\n\n<p>Ova tema kao i mnoge druge iz novije hrvatske povijesti imala je u biv\u0161oj dr\u017eavi svoje la\u017eno lice i nali\u010dje prekriveno tabuom; strogo zabranjenom temom i te\u0161ko ka\u017enjivim verbalnim deliktom. Za sve one koji bi poku\u0161ali dovesti u pitanje vjerodostojnosti<br>\u201eslu\u017ebene\u201d jugokomunisti\u010dke verzije tih zbivanja. Danas se ti doga\u0111aji u Republici<br>Hrvatskoj od pojedinih struktura \u017eele proglasiti \u010dinom antifa\u0161isti\u010dke borbe po uzoru na<br>Srbiju u kojoj su \u010detnici i Dra\u017ea Mihailovi\u0107 rehabilitirani, a njihova zlodjela stavljena pod pla\u0161t \u201eprvog antifa\u0161isti\u010dkog ustanka u okupiranoj Europi\u201d.<\/p>\n\n\n\n<p>Ako je politi\u010dka amnezija u Hrvatskoj danas do\u0161la u stanje u kojem se komunisti\u010dki<br>zlo\u010dini mogu proglasiti antifa\u0161isti\u010dkom borbom, a sada ve\u0107 i \u010detni\u010dki zlo\u010dini, iako<br>se izme\u0111u njih u mnogim slu\u010dajevima mo\u017ee povu\u0107i znak jednakosti, ipak su se u<br>komunisti\u010dkoj Jugoslaviji izme\u0111u komunisti\u010dke i \u010detni\u010dke borbe nastojale povu\u0107i (bar<br>u teoriji) stroge crte razdvajanja po ideolo\u0161koj platformi iako im je jugoslavenski okvir&nbsp;bio zajedni\u010dki. Kako bi u na\u0161e vrijeme \u201eregion zapadnog Balkana\u201d ili \u201cjugosfere\u201d trebao imati \u010dim vi\u0161e zajedni\u010dkog za sve njegove sastavne dijelove pa bi sukladno tome Hrvatska i BiH po uzoru na Srbiju trebale rehabilitirati Dra\u017eu i \u010detnike \u201ejer bi to uvelike pomoglo pobolj\u0161anju dobrosusjedskim odnosa\u201d za koje bi se svi u \u201eregionu\u201d trebali svesrdno zalagati.<\/p>\n\n\n\n<h5 class=\"wp-block-heading\"><em>Na samom po\u010detku korisno je navesti nekoliko bitnih \u010dinjenica o pobuni od 27. srpnja 1941. godine:<\/em><\/h5>\n\n\n\n<p>\u25cf Pobuna u Srbu, Donjem Lapcu, Drvaru i Bos. Grahovu od 27. srpnja 1941. bila<br>je organizirana prvenstveno od pripadnika velikosrpskih \u010detnika, uz pomo\u0107 i suradnju vode\u0107ih komunista s tog podru\u010dja. Dakle, u ustanku dominira \u010detni\u010dka struja, ali je prisutna i partizansko-komunisti\u010dka opcija. Sve to potvr\u0111uje dr. Zlatko Begonja u izvrsnom \u010dlanku pod nazivom:<\/p>\n\n\n\n<p>To je bilo u svrhu ostvarenja projekta \u201eHomogene Srbije\u201d \u010detni\u010dkog ideologa Stevana Moljevi\u0107a (odvjetnika iz Banja Luke) koji je obznanjem koji dan ranije od ustanka na ovom podru\u010dju, gdje pi\u0161e da je prva i osnovna du\u017enost svih Srba \u201eda stvore i organizuju homogenu Srbiju koja ima da obuhvati celo etni\u010dko podru\u010dje na kome Srbi \u017eive\u2026 sa slobodnim izlazima na more za sve Srpske oblasti koje su nadomak moru.\u201d To je trebalo izvr\u0161iti odmah vojnim uzimanjem planiranih podru\u010dja velike Srbije i njegovim \u010di\u0161\u0107enjem od Hrvata i Muslimana, od nesrpskog \u017eivlja \u201epre nego li se iko pribere\u201d i tako svr\u0161enim \u010dinom\u2026 rije\u0161iti zajedni\u010dku granicu izme\u0111u \u201eSrbije i Slovena\u010dke, \u010di\u0161\u0107enjem Sand\u017eaka od muslimanskog \u017eivlja, a Bosne i Hercegovine od muslimanskog i katoli\u010dkog \u017eivlja\u2026\u201d tzv. Srpske krajeve trebalo je u tu svrhu o\u010distiti od Hrvata.<\/p>\n\n\n\n<p>Osim toga, dr. Begonja izvrsno elaborira suradnju \u010detnika, partizana i Talijana u ustanku u \u010dlanku:<\/p>\n\n\n\n<p>U svojim sje\u0107anjima ugledni partizan i sudionik ustanka u Srbu Gojko Polivna priznaje i to kako ga je ozbiljno zabrinjavala \u010dinjenica o po\u010detku borbenih aktivnosti \u2018bez prethodnog odobrenja CK\u2019. U tom smislu naveo je i pristigli prigovor Oblasnog komiteta KPH za Dalmaciju, iz kojega je bilo vidljivo protivljenje takvu razvoju doga\u0111aja u Lici. Napominje kako je u dostavljenom prosvjedu Oblasnog komiteta navedeno da je Polovina \u2018<strong>zloupotrebio svoj polo\u017eaj i stavio se u ime Partije na \u010delo srpskih nacionalista, u stvari \u010detnika, u njihovom \u0161ovinisti\u010dkom obra\u010dunu sa usta\u0161ama, i to sve<\/strong>&nbsp;<strong>pod, izgovorom spa\u0161avanja srpskog naroda od usta\u0161kog pokolja\u2019<\/strong>.<\/p>\n\n\n\n<p>Sva zbivanja bila su optere\u0107ena i me\u0111usobnim verbalnim sukobljavanjima ve\u0107ine deklariranih \u010detnika i malobrojnih komunista, upravo zato \u0161to su jedni i drugi te\u017eili ostvarenju vojno-politi\u010dke dominacije nad pokrenutom oru\u017eanom pobunom.<\/p>\n\n\n\n<p>\u25cf Ovo nije bila prva pobuna protiv uspostave vlasti NDH na tada\u0161njem<br>njenom teritoriju i protjerivanje hrvatskog i drugog nesrpskog pu\u010danstva. Do pobuna&nbsp; je dolazilo i u Hercegovni, dijelovima sjeverne Bosne i drugdje. U ovome dijelu Hrvatske to se dogodilo u Gra\u010dacu 12. travnja 1941. od pripadnika biv\u0161e jugoslavenske \u017eandarmerijske postaje koji su ubili nekoliko Hrvata.<\/p>\n\n\n\n<h5 class=\"wp-block-heading\">Ali ovo je bila prva velika pobuna i ustanak na teritoriju dana\u0161nje Hrvatske koji je rezultirao masovnim ubijanjem i genocidom nad Hrvatima na ogromnom dijelu teritorija NDH.<\/h5>\n\n\n\n<p>\u25cf U&nbsp;pobuni nije sudjelovao nitko osim lokalnih Srba pod \u010detni\u010dkim vodstvom ili su djelovali kao naoru\u017eane bande hajdu\u010dkog tipa. Organiziranog komunisti\u010dkog vodstva nije bilo. Nije sudjelovao \u010dak nitko niti od hrvatskih anacionalnih jugokomunista. Kada je s pobunjenicima poku\u0161ao suradnju dobrovoljac iz \u0160panjolskog rata Hrvat, Marko Ore\u0161kovi\u0107 (tada politi\u010dki komesar \u0161taba NOP-a za Liku) ubijen je od \u010detnika 20. listopada 1941. kod sela O\u010dijevo u Lapa\u010dkom klancu.<\/p>\n\n\n\n<p>\u25cf Jugoslavenski komunisti su uzeli 27. srpnja 1941. kao dan ustanka naroda<br>Hrvatske i BiH iz razloga \u0161to je to bila jedna od prvih ve\u0107ih pobuna, koja se dogodila<br>poslije napada Hitlerove Njema\u010dke na Sovjetski Savez, od 22. lipnja 1941. i poslije poziva Kominterne komunisti\u010dkim partijama da pokrenu u svojim dr\u017eavama ustanak protiv okupatora.<\/p>\n\n\n\n<p>\u25cf Prvi sukob, zapravo \u010detni\u010dko \u010di\u0161\u0107enje vlastitih redova od komunista, dogodio<br>se u mjestu Po\u010ditelj kod Gospi\u0107a 18. i 19. studenog 1941., dakle gotovo 2 mjeseca poslije 27. srpnja 1941. godine.<\/p>\n\n\n\n<p>\u25cf Prvi oru\u017eani sukob ovda\u0161njih \u010detnika i partizana, od kojih su ve\u0107ina bili<br>Dalmatinci pod vodstvom Vicka Krstulovi\u0107a i Vice Buljana, dogodio se 1. travnja 1942. (na pravoslavni Veliki \u010detvrtak) u mjestu Marinkovci udaljenom 10 km od Bosanskog Grahova prema Livnu. Dakle, 8 mjeseci poslije dana koji se slavi Dan ustanka 27. srpnja 1941. godine.<\/p>\n\n\n\n<h5 class=\"wp-block-heading\">I \u010detnici i partizani imali su kao osnovno programsko gledi\u0161te obnovu Jugoslavije, samo je razlika bila u ure\u0111enju dr\u017eave: monarhisti\u010dka ili komunisti\u010dka. I jednima i drugima ideja hrvatske dr\u017eave je bila odiozna.<\/h5>\n\n\n\n<p>Osnovno programsko gledi\u0161te \u010detni\u010dkih udru\u017eenja bilo je zalaganje za ideju \u201cjugoslavenskog nacionalizma\u201d, tj. \u201cbeskompromisnog integralnog jugoslavenstva i unitarizma\u201d, za vladare iz dinastije Kara\u0111or\u0111evi\u0107a, stoje bilo slikovito izra\u017eeno u geslu \u201cza kralja i otad\u017ebinu\u201d. Me\u0111utim, od samog po\u010detka u ovom je pokretu bila primjetna i dominantna velikosrpska linija, poglavito me\u0111u ekstremnim srpskim nacionalistima.<\/p>\n\n\n\n<p>Sli\u010dno \u010detnicima, i partizani su htjeli obnovu Jugoslavije, ali komunisti\u010dkog tipa.<\/p>\n\n\n\n<p>I \u010detnici i partizani su smatrali svaku hrvatsku dr\u017eavu neprijateljskom, a za vrijeme rata u NDH i jedni i drugi su ubijali na etni\u010dkoj osnovi samo Hrvate. To se nastavilo i 1945. godine kada su se jugoslavenski partizani s velikom mr\u017enjom oborili na civile i zarobljene vojnike Hrvate, te po\u010dinili masovna ubojstva i genocid nad hrvatskim narodom.<\/p>\n\n\n\n<p>Tre\u0107i u takvu nizu, talijanski fa\u0161isti, posebice su nalazili zajedni\u010dkog interesa u suradnji s \u010detnicima i to u onom pogledu koji je podrazumijevao onemogu\u0107avanje svakog oblika stabilnog funkcioniranja NDH. Prema fa\u0161isti\u010dkom shva\u0107anju hrvatska dr\u017eava bila je klju\u010dna zaprjeka realizaciji \u0161irenja njihova imperijalnog utjecaja dublje u unutra\u0161njost teritorija na isto\u010dnojadranskoj obali, zbog \u010dega je onda zajedno sa svojim partnerima trebalo sustavno djelovati na njezinoj destabilizaciji.<\/p>\n\n\n\n<p><em>Ve\u0107i dijelovi teksta su iz Uvoda iz knjige (str. 3-5) :&nbsp;<\/em><strong><em>\u010cetni\u010dka pobuna i zlo\u010din u isto\u010dnoj Lici i jugozapadnoj Bosni 27. srpnja 1941. godine i hrvatske \u017ertve<\/em><\/strong><em>&nbsp;(povodom 69. godi\u0161njice zlo\u010dina ubojstva hodo\u010dasnika Sv. Ani na njihovu povratku ku\u0107ama iz Kosova kod Knina i O\u0161trelja kod Bosanskog Petrovca)&nbsp;<\/em><strong><em>Hrvatsko \u017ertvoslovno dru\u0161tvo<\/em><\/strong><em>&nbsp;srpanj, 2010.<\/em><\/p>\n\n\n\n<p><em>Izvor: narod.hr<\/em><\/p>\n","protected":false},"excerpt":{"rendered":"<p>Pokolji Hrvata trajali su danima od Srba i Drvara sve do Grahova i Bosanskog Petrovca. Razmjeri zlo\u010dina bili su takvi da je sve hrvatsko doslovno pobijeno i spaljeno u vrlo kratkom vremenu. Uni\u0161tene su teritorijalno vrlo velike \u017eupe Drvar, Bosansko Grahovo, Krnjeu\u0161a kod Bosanskog Petrovca i Bori\u0107evac u Lici. U navedenim \u017eupama okrutno su ubijena [&hellip;]<\/p>\n","protected":false},"author":2,"featured_media":164041,"comment_status":"closed","ping_status":"closed","sticky":false,"template":"","format":"standard","meta":{"h5ap_radio_sources":[],"footnotes":""},"categories":[1],"tags":[],"class_list":["post-164040","post","type-post","status-publish","format-standard","has-post-thumbnail","hentry","category-bihiregija"],"yoast_head":"<!-- This site is optimized with the Yoast SEO plugin v27.5 - https:\/\/yoast.com\/product\/yoast-seo-wordpress\/ -->\n<title>27. srpnja 1941. Srb \u2013 koje bitne \u010dinjenice o suradnji \u010detnika, komunista-partizana i Talijana u ustanku niste znali? - RADIO LJUBU\u0160KI<\/title>\n<meta name=\"robots\" content=\"index, follow, max-snippet:-1, max-image-preview:large, max-video-preview:-1\" \/>\n<link rel=\"canonical\" href=\"https:\/\/radioljubuski.ba\/index.php\/2022\/07\/27\/27-srpnja-1941-srb-koje-bitne-cinjenice-o-suradnji-cetnika-komunista-partizana-i-talijana-u-ustanku-niste-znali\/\" \/>\n<meta property=\"og:locale\" content=\"hr_HR\" \/>\n<meta property=\"og:type\" content=\"article\" \/>\n<meta property=\"og:title\" content=\"27. srpnja 1941. Srb \u2013 koje bitne \u010dinjenice o suradnji \u010detnika, komunista-partizana i Talijana u ustanku niste znali? - RADIO LJUBU\u0160KI\" \/>\n<meta property=\"og:description\" content=\"Pokolji Hrvata trajali su danima od Srba i Drvara sve do Grahova i Bosanskog Petrovca. Razmjeri zlo\u010dina bili su takvi da je sve hrvatsko doslovno pobijeno i spaljeno u vrlo kratkom vremenu. Uni\u0161tene su teritorijalno vrlo velike \u017eupe Drvar, Bosansko Grahovo, Krnjeu\u0161a kod Bosanskog Petrovca i Bori\u0107evac u Lici. U navedenim \u017eupama okrutno su ubijena [&hellip;]\" \/>\n<meta property=\"og:url\" content=\"https:\/\/radioljubuski.ba\/index.php\/2022\/07\/27\/27-srpnja-1941-srb-koje-bitne-cinjenice-o-suradnji-cetnika-komunista-partizana-i-talijana-u-ustanku-niste-znali\/\" \/>\n<meta property=\"og:site_name\" content=\"RADIO LJUBU\u0160KI\" \/>\n<meta property=\"article:publisher\" content=\"https:\/\/www.facebook.com\/Radiio-Ljubuski-1490835324566332\" \/>\n<meta property=\"article:published_time\" content=\"2022-07-27T11:16:48+00:00\" \/>\n<meta property=\"article:modified_time\" content=\"2022-07-27T11:16:50+00:00\" \/>\n<meta property=\"og:image\" content=\"https:\/\/radioljubuski.ba\/wp-content\/uploads\/2022\/07\/Italijanski_oficir_u_dru_tvu__etnika-696x506-1.jpg\" \/>\n\t<meta property=\"og:image:width\" content=\"696\" \/>\n\t<meta property=\"og:image:height\" content=\"506\" \/>\n\t<meta property=\"og:image:type\" content=\"image\/jpeg\" \/>\n<meta name=\"author\" content=\"Radio Ljubu\u0161ki\" \/>\n<meta name=\"twitter:card\" content=\"summary_large_image\" \/>\n<meta name=\"twitter:creator\" content=\"@radioljubuski\" \/>\n<meta name=\"twitter:site\" content=\"@radioljubuski\" \/>\n<meta name=\"twitter:label1\" content=\"Napisao\/la\" \/>\n\t<meta name=\"twitter:data1\" content=\"Radio Ljubu\u0161ki\" \/>\n\t<meta name=\"twitter:label2\" content=\"Procijenjeno vrijeme \u010ditanja\" \/>\n\t<meta name=\"twitter:data2\" content=\"6 minuta\" \/>\n<script type=\"application\/ld+json\" class=\"yoast-schema-graph\">{\"@context\":\"https:\\\/\\\/schema.org\",\"@graph\":[{\"@type\":\"Article\",\"@id\":\"https:\\\/\\\/radioljubuski.ba\\\/index.php\\\/2022\\\/07\\\/27\\\/27-srpnja-1941-srb-koje-bitne-cinjenice-o-suradnji-cetnika-komunista-partizana-i-talijana-u-ustanku-niste-znali\\\/#article\",\"isPartOf\":{\"@id\":\"https:\\\/\\\/radioljubuski.ba\\\/index.php\\\/2022\\\/07\\\/27\\\/27-srpnja-1941-srb-koje-bitne-cinjenice-o-suradnji-cetnika-komunista-partizana-i-talijana-u-ustanku-niste-znali\\\/\"},\"author\":{\"name\":\"Radio Ljubu\u0161ki\",\"@id\":\"https:\\\/\\\/radioljubuski.ba\\\/#\\\/schema\\\/person\\\/19fc700381a780f69665d7956c469e3b\"},\"headline\":\"27. srpnja 1941. Srb \u2013 koje bitne \u010dinjenice o suradnji \u010detnika, komunista-partizana i Talijana u ustanku niste znali?\",\"datePublished\":\"2022-07-27T11:16:48+00:00\",\"dateModified\":\"2022-07-27T11:16:50+00:00\",\"mainEntityOfPage\":{\"@id\":\"https:\\\/\\\/radioljubuski.ba\\\/index.php\\\/2022\\\/07\\\/27\\\/27-srpnja-1941-srb-koje-bitne-cinjenice-o-suradnji-cetnika-komunista-partizana-i-talijana-u-ustanku-niste-znali\\\/\"},\"wordCount\":1465,\"publisher\":{\"@id\":\"https:\\\/\\\/radioljubuski.ba\\\/#organization\"},\"image\":{\"@id\":\"https:\\\/\\\/radioljubuski.ba\\\/index.php\\\/2022\\\/07\\\/27\\\/27-srpnja-1941-srb-koje-bitne-cinjenice-o-suradnji-cetnika-komunista-partizana-i-talijana-u-ustanku-niste-znali\\\/#primaryimage\"},\"thumbnailUrl\":\"https:\\\/\\\/radioljubuski.ba\\\/wp-content\\\/uploads\\\/2022\\\/07\\\/Italijanski_oficir_u_dru_tvu__etnika-696x506-1.jpg\",\"articleSection\":[\"BIH i regija\"],\"inLanguage\":\"hr\"},{\"@type\":\"WebPage\",\"@id\":\"https:\\\/\\\/radioljubuski.ba\\\/index.php\\\/2022\\\/07\\\/27\\\/27-srpnja-1941-srb-koje-bitne-cinjenice-o-suradnji-cetnika-komunista-partizana-i-talijana-u-ustanku-niste-znali\\\/\",\"url\":\"https:\\\/\\\/radioljubuski.ba\\\/index.php\\\/2022\\\/07\\\/27\\\/27-srpnja-1941-srb-koje-bitne-cinjenice-o-suradnji-cetnika-komunista-partizana-i-talijana-u-ustanku-niste-znali\\\/\",\"name\":\"27. srpnja 1941. Srb \u2013 koje bitne \u010dinjenice o suradnji \u010detnika, komunista-partizana i Talijana u ustanku niste znali? - RADIO LJUBU\u0160KI\",\"isPartOf\":{\"@id\":\"https:\\\/\\\/radioljubuski.ba\\\/#website\"},\"primaryImageOfPage\":{\"@id\":\"https:\\\/\\\/radioljubuski.ba\\\/index.php\\\/2022\\\/07\\\/27\\\/27-srpnja-1941-srb-koje-bitne-cinjenice-o-suradnji-cetnika-komunista-partizana-i-talijana-u-ustanku-niste-znali\\\/#primaryimage\"},\"image\":{\"@id\":\"https:\\\/\\\/radioljubuski.ba\\\/index.php\\\/2022\\\/07\\\/27\\\/27-srpnja-1941-srb-koje-bitne-cinjenice-o-suradnji-cetnika-komunista-partizana-i-talijana-u-ustanku-niste-znali\\\/#primaryimage\"},\"thumbnailUrl\":\"https:\\\/\\\/radioljubuski.ba\\\/wp-content\\\/uploads\\\/2022\\\/07\\\/Italijanski_oficir_u_dru_tvu__etnika-696x506-1.jpg\",\"datePublished\":\"2022-07-27T11:16:48+00:00\",\"dateModified\":\"2022-07-27T11:16:50+00:00\",\"breadcrumb\":{\"@id\":\"https:\\\/\\\/radioljubuski.ba\\\/index.php\\\/2022\\\/07\\\/27\\\/27-srpnja-1941-srb-koje-bitne-cinjenice-o-suradnji-cetnika-komunista-partizana-i-talijana-u-ustanku-niste-znali\\\/#breadcrumb\"},\"inLanguage\":\"hr\",\"potentialAction\":[{\"@type\":\"ReadAction\",\"target\":[\"https:\\\/\\\/radioljubuski.ba\\\/index.php\\\/2022\\\/07\\\/27\\\/27-srpnja-1941-srb-koje-bitne-cinjenice-o-suradnji-cetnika-komunista-partizana-i-talijana-u-ustanku-niste-znali\\\/\"]}]},{\"@type\":\"ImageObject\",\"inLanguage\":\"hr\",\"@id\":\"https:\\\/\\\/radioljubuski.ba\\\/index.php\\\/2022\\\/07\\\/27\\\/27-srpnja-1941-srb-koje-bitne-cinjenice-o-suradnji-cetnika-komunista-partizana-i-talijana-u-ustanku-niste-znali\\\/#primaryimage\",\"url\":\"https:\\\/\\\/radioljubuski.ba\\\/wp-content\\\/uploads\\\/2022\\\/07\\\/Italijanski_oficir_u_dru_tvu__etnika-696x506-1.jpg\",\"contentUrl\":\"https:\\\/\\\/radioljubuski.ba\\\/wp-content\\\/uploads\\\/2022\\\/07\\\/Italijanski_oficir_u_dru_tvu__etnika-696x506-1.jpg\",\"width\":696,\"height\":506},{\"@type\":\"BreadcrumbList\",\"@id\":\"https:\\\/\\\/radioljubuski.ba\\\/index.php\\\/2022\\\/07\\\/27\\\/27-srpnja-1941-srb-koje-bitne-cinjenice-o-suradnji-cetnika-komunista-partizana-i-talijana-u-ustanku-niste-znali\\\/#breadcrumb\",\"itemListElement\":[{\"@type\":\"ListItem\",\"position\":1,\"name\":\"Po\u010detna stranica\",\"item\":\"https:\\\/\\\/radioljubuski.ba\\\/\"},{\"@type\":\"ListItem\",\"position\":2,\"name\":\"27. srpnja 1941. Srb \u2013 koje bitne \u010dinjenice o suradnji \u010detnika, komunista-partizana i Talijana u ustanku niste znali?\"}]},{\"@type\":\"WebSite\",\"@id\":\"https:\\\/\\\/radioljubuski.ba\\\/#website\",\"url\":\"https:\\\/\\\/radioljubuski.ba\\\/\",\"name\":\"Radio Ljubu\u0161ki\",\"description\":\"Sun\u010dana frekvencija Hercegovine\",\"publisher\":{\"@id\":\"https:\\\/\\\/radioljubuski.ba\\\/#organization\"},\"potentialAction\":[{\"@type\":\"SearchAction\",\"target\":{\"@type\":\"EntryPoint\",\"urlTemplate\":\"https:\\\/\\\/radioljubuski.ba\\\/?s={search_term_string}\"},\"query-input\":{\"@type\":\"PropertyValueSpecification\",\"valueRequired\":true,\"valueName\":\"search_term_string\"}}],\"inLanguage\":\"hr\"},{\"@type\":\"Organization\",\"@id\":\"https:\\\/\\\/radioljubuski.ba\\\/#organization\",\"name\":\"Radio Ljubu\u0161ki\",\"url\":\"https:\\\/\\\/radioljubuski.ba\\\/\",\"logo\":{\"@type\":\"ImageObject\",\"inLanguage\":\"hr\",\"@id\":\"https:\\\/\\\/radioljubuski.ba\\\/#\\\/schema\\\/logo\\\/image\\\/\",\"url\":\"https:\\\/\\\/radioljubuski.ba\\\/wp-content\\\/uploads\\\/2021\\\/02\\\/cropped-Radio_Ljubuski_logo1.jpg\",\"contentUrl\":\"https:\\\/\\\/radioljubuski.ba\\\/wp-content\\\/uploads\\\/2021\\\/02\\\/cropped-Radio_Ljubuski_logo1.jpg\",\"width\":512,\"height\":512,\"caption\":\"Radio Ljubu\u0161ki\"},\"image\":{\"@id\":\"https:\\\/\\\/radioljubuski.ba\\\/#\\\/schema\\\/logo\\\/image\\\/\"},\"sameAs\":[\"https:\\\/\\\/www.facebook.com\\\/Radiio-Ljubuski-1490835324566332\",\"https:\\\/\\\/x.com\\\/radioljubuski\",\"https:\\\/\\\/hr.linkedin.com\\\/company\\\/radio-ljubuski\",\"https:\\\/\\\/www.youtube.com\\\/channel\\\/UCHYaeO_n0Db3tjNGudGpXyw\"]},{\"@type\":\"Person\",\"@id\":\"https:\\\/\\\/radioljubuski.ba\\\/#\\\/schema\\\/person\\\/19fc700381a780f69665d7956c469e3b\",\"name\":\"Radio Ljubu\u0161ki\"}]}<\/script>\n<!-- \/ Yoast SEO plugin. -->","yoast_head_json":{"title":"27. srpnja 1941. Srb \u2013 koje bitne \u010dinjenice o suradnji \u010detnika, komunista-partizana i Talijana u ustanku niste znali? - RADIO LJUBU\u0160KI","robots":{"index":"index","follow":"follow","max-snippet":"max-snippet:-1","max-image-preview":"max-image-preview:large","max-video-preview":"max-video-preview:-1"},"canonical":"https:\/\/radioljubuski.ba\/index.php\/2022\/07\/27\/27-srpnja-1941-srb-koje-bitne-cinjenice-o-suradnji-cetnika-komunista-partizana-i-talijana-u-ustanku-niste-znali\/","og_locale":"hr_HR","og_type":"article","og_title":"27. srpnja 1941. Srb \u2013 koje bitne \u010dinjenice o suradnji \u010detnika, komunista-partizana i Talijana u ustanku niste znali? - RADIO LJUBU\u0160KI","og_description":"Pokolji Hrvata trajali su danima od Srba i Drvara sve do Grahova i Bosanskog Petrovca. Razmjeri zlo\u010dina bili su takvi da je sve hrvatsko doslovno pobijeno i spaljeno u vrlo kratkom vremenu. Uni\u0161tene su teritorijalno vrlo velike \u017eupe Drvar, Bosansko Grahovo, Krnjeu\u0161a kod Bosanskog Petrovca i Bori\u0107evac u Lici. U navedenim \u017eupama okrutno su ubijena [&hellip;]","og_url":"https:\/\/radioljubuski.ba\/index.php\/2022\/07\/27\/27-srpnja-1941-srb-koje-bitne-cinjenice-o-suradnji-cetnika-komunista-partizana-i-talijana-u-ustanku-niste-znali\/","og_site_name":"RADIO LJUBU\u0160KI","article_publisher":"https:\/\/www.facebook.com\/Radiio-Ljubuski-1490835324566332","article_published_time":"2022-07-27T11:16:48+00:00","article_modified_time":"2022-07-27T11:16:50+00:00","og_image":[{"width":696,"height":506,"url":"https:\/\/radioljubuski.ba\/wp-content\/uploads\/2022\/07\/Italijanski_oficir_u_dru_tvu__etnika-696x506-1.jpg","type":"image\/jpeg"}],"author":"Radio Ljubu\u0161ki","twitter_card":"summary_large_image","twitter_creator":"@radioljubuski","twitter_site":"@radioljubuski","twitter_misc":{"Napisao\/la":"Radio Ljubu\u0161ki","Procijenjeno vrijeme \u010ditanja":"6 minuta"},"schema":{"@context":"https:\/\/schema.org","@graph":[{"@type":"Article","@id":"https:\/\/radioljubuski.ba\/index.php\/2022\/07\/27\/27-srpnja-1941-srb-koje-bitne-cinjenice-o-suradnji-cetnika-komunista-partizana-i-talijana-u-ustanku-niste-znali\/#article","isPartOf":{"@id":"https:\/\/radioljubuski.ba\/index.php\/2022\/07\/27\/27-srpnja-1941-srb-koje-bitne-cinjenice-o-suradnji-cetnika-komunista-partizana-i-talijana-u-ustanku-niste-znali\/"},"author":{"name":"Radio Ljubu\u0161ki","@id":"https:\/\/radioljubuski.ba\/#\/schema\/person\/19fc700381a780f69665d7956c469e3b"},"headline":"27. srpnja 1941. Srb \u2013 koje bitne \u010dinjenice o suradnji \u010detnika, komunista-partizana i Talijana u ustanku niste znali?","datePublished":"2022-07-27T11:16:48+00:00","dateModified":"2022-07-27T11:16:50+00:00","mainEntityOfPage":{"@id":"https:\/\/radioljubuski.ba\/index.php\/2022\/07\/27\/27-srpnja-1941-srb-koje-bitne-cinjenice-o-suradnji-cetnika-komunista-partizana-i-talijana-u-ustanku-niste-znali\/"},"wordCount":1465,"publisher":{"@id":"https:\/\/radioljubuski.ba\/#organization"},"image":{"@id":"https:\/\/radioljubuski.ba\/index.php\/2022\/07\/27\/27-srpnja-1941-srb-koje-bitne-cinjenice-o-suradnji-cetnika-komunista-partizana-i-talijana-u-ustanku-niste-znali\/#primaryimage"},"thumbnailUrl":"https:\/\/radioljubuski.ba\/wp-content\/uploads\/2022\/07\/Italijanski_oficir_u_dru_tvu__etnika-696x506-1.jpg","articleSection":["BIH i regija"],"inLanguage":"hr"},{"@type":"WebPage","@id":"https:\/\/radioljubuski.ba\/index.php\/2022\/07\/27\/27-srpnja-1941-srb-koje-bitne-cinjenice-o-suradnji-cetnika-komunista-partizana-i-talijana-u-ustanku-niste-znali\/","url":"https:\/\/radioljubuski.ba\/index.php\/2022\/07\/27\/27-srpnja-1941-srb-koje-bitne-cinjenice-o-suradnji-cetnika-komunista-partizana-i-talijana-u-ustanku-niste-znali\/","name":"27. srpnja 1941. Srb \u2013 koje bitne \u010dinjenice o suradnji \u010detnika, komunista-partizana i Talijana u ustanku niste znali? - RADIO LJUBU\u0160KI","isPartOf":{"@id":"https:\/\/radioljubuski.ba\/#website"},"primaryImageOfPage":{"@id":"https:\/\/radioljubuski.ba\/index.php\/2022\/07\/27\/27-srpnja-1941-srb-koje-bitne-cinjenice-o-suradnji-cetnika-komunista-partizana-i-talijana-u-ustanku-niste-znali\/#primaryimage"},"image":{"@id":"https:\/\/radioljubuski.ba\/index.php\/2022\/07\/27\/27-srpnja-1941-srb-koje-bitne-cinjenice-o-suradnji-cetnika-komunista-partizana-i-talijana-u-ustanku-niste-znali\/#primaryimage"},"thumbnailUrl":"https:\/\/radioljubuski.ba\/wp-content\/uploads\/2022\/07\/Italijanski_oficir_u_dru_tvu__etnika-696x506-1.jpg","datePublished":"2022-07-27T11:16:48+00:00","dateModified":"2022-07-27T11:16:50+00:00","breadcrumb":{"@id":"https:\/\/radioljubuski.ba\/index.php\/2022\/07\/27\/27-srpnja-1941-srb-koje-bitne-cinjenice-o-suradnji-cetnika-komunista-partizana-i-talijana-u-ustanku-niste-znali\/#breadcrumb"},"inLanguage":"hr","potentialAction":[{"@type":"ReadAction","target":["https:\/\/radioljubuski.ba\/index.php\/2022\/07\/27\/27-srpnja-1941-srb-koje-bitne-cinjenice-o-suradnji-cetnika-komunista-partizana-i-talijana-u-ustanku-niste-znali\/"]}]},{"@type":"ImageObject","inLanguage":"hr","@id":"https:\/\/radioljubuski.ba\/index.php\/2022\/07\/27\/27-srpnja-1941-srb-koje-bitne-cinjenice-o-suradnji-cetnika-komunista-partizana-i-talijana-u-ustanku-niste-znali\/#primaryimage","url":"https:\/\/radioljubuski.ba\/wp-content\/uploads\/2022\/07\/Italijanski_oficir_u_dru_tvu__etnika-696x506-1.jpg","contentUrl":"https:\/\/radioljubuski.ba\/wp-content\/uploads\/2022\/07\/Italijanski_oficir_u_dru_tvu__etnika-696x506-1.jpg","width":696,"height":506},{"@type":"BreadcrumbList","@id":"https:\/\/radioljubuski.ba\/index.php\/2022\/07\/27\/27-srpnja-1941-srb-koje-bitne-cinjenice-o-suradnji-cetnika-komunista-partizana-i-talijana-u-ustanku-niste-znali\/#breadcrumb","itemListElement":[{"@type":"ListItem","position":1,"name":"Po\u010detna stranica","item":"https:\/\/radioljubuski.ba\/"},{"@type":"ListItem","position":2,"name":"27. srpnja 1941. Srb \u2013 koje bitne \u010dinjenice o suradnji \u010detnika, komunista-partizana i Talijana u ustanku niste znali?"}]},{"@type":"WebSite","@id":"https:\/\/radioljubuski.ba\/#website","url":"https:\/\/radioljubuski.ba\/","name":"Radio Ljubu\u0161ki","description":"Sun\u010dana frekvencija Hercegovine","publisher":{"@id":"https:\/\/radioljubuski.ba\/#organization"},"potentialAction":[{"@type":"SearchAction","target":{"@type":"EntryPoint","urlTemplate":"https:\/\/radioljubuski.ba\/?s={search_term_string}"},"query-input":{"@type":"PropertyValueSpecification","valueRequired":true,"valueName":"search_term_string"}}],"inLanguage":"hr"},{"@type":"Organization","@id":"https:\/\/radioljubuski.ba\/#organization","name":"Radio Ljubu\u0161ki","url":"https:\/\/radioljubuski.ba\/","logo":{"@type":"ImageObject","inLanguage":"hr","@id":"https:\/\/radioljubuski.ba\/#\/schema\/logo\/image\/","url":"https:\/\/radioljubuski.ba\/wp-content\/uploads\/2021\/02\/cropped-Radio_Ljubuski_logo1.jpg","contentUrl":"https:\/\/radioljubuski.ba\/wp-content\/uploads\/2021\/02\/cropped-Radio_Ljubuski_logo1.jpg","width":512,"height":512,"caption":"Radio Ljubu\u0161ki"},"image":{"@id":"https:\/\/radioljubuski.ba\/#\/schema\/logo\/image\/"},"sameAs":["https:\/\/www.facebook.com\/Radiio-Ljubuski-1490835324566332","https:\/\/x.com\/radioljubuski","https:\/\/hr.linkedin.com\/company\/radio-ljubuski","https:\/\/www.youtube.com\/channel\/UCHYaeO_n0Db3tjNGudGpXyw"]},{"@type":"Person","@id":"https:\/\/radioljubuski.ba\/#\/schema\/person\/19fc700381a780f69665d7956c469e3b","name":"Radio Ljubu\u0161ki"}]}},"_links":{"self":[{"href":"https:\/\/radioljubuski.ba\/index.php\/wp-json\/wp\/v2\/posts\/164040","targetHints":{"allow":["GET"]}}],"collection":[{"href":"https:\/\/radioljubuski.ba\/index.php\/wp-json\/wp\/v2\/posts"}],"about":[{"href":"https:\/\/radioljubuski.ba\/index.php\/wp-json\/wp\/v2\/types\/post"}],"author":[{"embeddable":true,"href":"https:\/\/radioljubuski.ba\/index.php\/wp-json\/wp\/v2\/users\/2"}],"replies":[{"embeddable":true,"href":"https:\/\/radioljubuski.ba\/index.php\/wp-json\/wp\/v2\/comments?post=164040"}],"version-history":[{"count":1,"href":"https:\/\/radioljubuski.ba\/index.php\/wp-json\/wp\/v2\/posts\/164040\/revisions"}],"predecessor-version":[{"id":164042,"href":"https:\/\/radioljubuski.ba\/index.php\/wp-json\/wp\/v2\/posts\/164040\/revisions\/164042"}],"wp:featuredmedia":[{"embeddable":true,"href":"https:\/\/radioljubuski.ba\/index.php\/wp-json\/wp\/v2\/media\/164041"}],"wp:attachment":[{"href":"https:\/\/radioljubuski.ba\/index.php\/wp-json\/wp\/v2\/media?parent=164040"}],"wp:term":[{"taxonomy":"category","embeddable":true,"href":"https:\/\/radioljubuski.ba\/index.php\/wp-json\/wp\/v2\/categories?post=164040"},{"taxonomy":"post_tag","embeddable":true,"href":"https:\/\/radioljubuski.ba\/index.php\/wp-json\/wp\/v2\/tags?post=164040"}],"curies":[{"name":"wp","href":"https:\/\/api.w.org\/{rel}","templated":true}]}}