{"id":164053,"date":"2022-07-27T12:26:15","date_gmt":"2022-07-27T11:26:15","guid":{"rendered":"https:\/\/radioljubuski.ba\/?p=164053"},"modified":"2022-07-27T12:26:16","modified_gmt":"2022-07-27T11:26:16","slug":"srpski-medij-srbima-koji-ljetuju-u-hrvatskoj-kupat-cete-se-na-grobovima-srpskih-mucenika","status":"publish","type":"post","link":"https:\/\/radioljubuski.ba\/index.php\/2022\/07\/27\/srpski-medij-srbima-koji-ljetuju-u-hrvatskoj-kupat-cete-se-na-grobovima-srpskih-mucenika\/","title":{"rendered":"Srpski medij Srbima koji ljetuju u Hrvatskoj: \u2018Kupat \u0107ete se na grobovima srpskih mu\u010denika\u2019"},"content":{"rendered":"\n<p>Srbijanski portal Alo.rs nedavno je Hrvatsku nazvao \u201cNDH broj 2\u201d. Ujedno poru\u010duje Srbima koji ljetuju u Hrvatskoj da \u0107e ih \u201ctamo prebiti\u201d te da \u0107e se \u201ckupati na grobovima srpskih mu\u010denika\u201d.<\/p>\n\n\n\n<p>\u010cinjenica da dr\u017eavu koja je prije samo 30 godina bila suo\u010dena s prijetnjom potpunog nestanka, sada iz dr\u017eave iz koje je ta prijetnja i ta agresija i do\u0161la optu\u017euju za mr\u017enju i nasilje prema njima je zaista nevjerojatno apsurdna.<\/p>\n\n\n\n<p>Podsjetimo, samo hrvatska obala u Domovinskom ratu od velikosrpskog agresora bila je \u017eestoko napadana s ciljem da ju se presje\u010de na vi\u0161e mjesta \u2013 slike ratnog Dubrovnika, \u0160ibenika i Zadra svima su dobro poznate. Napada\u010di, nisu prezali od ubijanja civila me\u0111u kojima je bilo i toliko djece, od napada na civilne objekte (bolnice, ljekarne\u2026), na kulturnu i sakralnu ba\u0161tinu\u2026<\/p>\n\n\n\n<p>Sve to nije sprije\u010dilo da navedeni portal objavi tekst \u010dije dijelove, bez potrebe da ga vi\u0161e komentiramo, donosimo u nastavku.<\/p>\n\n\n\n<h3 class=\"wp-block-heading\"><strong>Alo.rs: \u201cHrvatska je nastala na temeljima NDH\u201d<\/strong><\/h3>\n\n\n\n<p>Pod naslovom <a href=\"https:\/\/www.alo.rs\/vesti\/drustvo\/654769\/hrvatska-letovanje-genocid-ustase\/vest\">\u201cIDETE U HRVATSKU NA MORE I SKUPO PLA\u0106ATE DA VAS BIJU Postoji jo\u0161 mra\u010dnija tajna koju usta\u0161e poku\u0161avaju da sakriju od turista\u201d<\/a> Alo.rs, me\u0111u ostalim, pi\u0161e:<\/p>\n\n\n\n<p>\u201cHiljade Srba svake godine odlaze na Jadransko more u Hrvatsku i svake godine smo svedoci stotina naslova o raznim incidentima koji se de\u0161avaju srpskim turistima na toj destinaciji.\u201d<\/p>\n\n\n\n<p>\u201cDana\u0161nja Hrvatska dr\u017eava je nastala na temeljima NDH, po\u0161tuje iste vrednosti koje su po\u0161tovale usta\u0161e, ose\u0107a istu onu konvertitsku mr\u017enju prema Srbima koju su i oni ose\u0107ali i na svaki na\u010din poku\u0161ava da umanji, sakrije i uni\u0161ti dokaze o genocidu nad Srbima, Jevrejima i Romima koji se dogodio tokom Drugog svetskog rata.<\/p>\n\n\n\n<p>Dana\u0161nja Hrvatska je zapravo NDH drugi deo.\u201d<\/p>\n\n\n\n<h3 class=\"wp-block-heading\"><strong>Portal Alo.rs: \u201cHrvati bi klali Vu\u010di\u0107a\u201d<\/strong><\/h3>\n\n\n\n<p>Portal zatim hvali srbijanskog predsjednika Vu\u010di\u0107a, koji je nedavno opet napao Hrvatsku optu\u017euju\u0107i Plenkovi\u0107evu vladu da \u201cvodi kampanju mr\u017enje protiv njega\u201d.<\/p>\n\n\n\n<h5 class=\"wp-block-heading\"><a href=\"https:\/\/narod.hr\/svijet\/vucic-tvrdi-da-hrvatska-vlada-vodi-kampanju-mrznje-protiv-njega-govorio-o-tesli\"><strong>&gt; Vu\u010di\u0107 tvrdi da hrvatska vlada vodi \u2018kampanju mr\u017enje\u2019 protiv njega: Govorio o Tesli\u2026<\/strong><\/a><\/h5>\n\n\n\n<p>\u201cZato Hrvati javno pri\u010daju kako bi Vu\u010di\u0107a hapsili, a tajno misle kako bi ga i klali kao \u0161to su zaklali i njegovog dedu i mnoge ro\u0111ake.\u201d<\/p>\n\n\n\n<p>Govore\u0107i pak o hrvatskom nacionalnom identitetu, portal Alo optu\u017euje Hrvate za \u201ckra\u0111u jezika i kulture\u201d te mr\u017enju prema naciji \u201ckoja ima identitet koji stoji na \u010dvrstim temeljima i kulturu i jezik koji su neprekinuti niz od vremena prvih srpskih vladara pa do danas.\u201d Zatim zaklju\u010duje:<\/p>\n\n\n\n<p>\u201cSrbima nije nu\u017eno da mrze nekoga samo da bi se ose\u0107ali Srbima, dok sa Hrvatima to nije slu\u010daj.\u201d<\/p>\n\n\n\n<h3 class=\"wp-block-heading\"><strong>Alo.rs: \u201cSkoro da nema hrvatskog mjesta gdje nije izvr\u0161en neki zlo\u010din nad Srbima\u201d<\/strong><\/h3>\n\n\n\n<p>U idu\u0107em poglavlju, s podnaslovom <strong>\u201cU Hrvatskoj igrate i kupate se na krvi i grobovima srpskih mu\u010denika\u201d,&nbsp;<\/strong>portal pi\u0161e:<\/p>\n\n\n\n<p>\u201cOdlazak u Hrvatsku na letovanje je uvek ma\u010d sa dve o\u0161trice, ako vas ne prebiju ili vam uni\u0161te automobil, uvek postoji opasnost da dok negde u\u017eivate ili se kupate zapravo gazite po krvi i grobovima srpskih mu\u010denika.\u201d navode\u0107i da su na Pagu 1941. ubijani Srbi i \u017didovi.<\/p>\n\n\n\n<p>\u201cSli\u010dno je i u drugim mestima u Hrvatskoj jer skoro da nema jednog jedinog da u njemu nije izvr\u0161en neki zlo\u010din nad Srbima.\u201d<\/p>\n\n\n\n<p>\u201cHrvatska \u2013 tako blizu, tako skupa i tako genocidna.\u201d \u2013 zaklju\u010duje Alo.rs.<\/p>\n\n\n\n<p><em>Izvor: narod.hr<\/em><\/p>\n","protected":false},"excerpt":{"rendered":"<p>Srbijanski portal Alo.rs nedavno je Hrvatsku nazvao \u201cNDH broj 2\u201d. Ujedno poru\u010duje Srbima koji ljetuju u Hrvatskoj da \u0107e ih \u201ctamo prebiti\u201d te da \u0107e se \u201ckupati na grobovima srpskih mu\u010denika\u201d. \u010cinjenica da dr\u017eavu koja je prije samo 30 godina bila suo\u010dena s prijetnjom potpunog nestanka, sada iz dr\u017eave iz koje je ta prijetnja i [&hellip;]<\/p>\n","protected":false},"author":2,"featured_media":164054,"comment_status":"closed","ping_status":"closed","sticky":false,"template":"","format":"standard","meta":{"h5ap_radio_sources":[],"footnotes":""},"categories":[1],"tags":[],"class_list":["post-164053","post","type-post","status-publish","format-standard","has-post-thumbnail","hentry","category-bihiregija"],"yoast_head":"<!-- This site is optimized with the Yoast SEO plugin v27.5 - https:\/\/yoast.com\/product\/yoast-seo-wordpress\/ -->\n<title>Srpski medij Srbima koji ljetuju u Hrvatskoj: \u2018Kupat \u0107ete se na grobovima srpskih mu\u010denika\u2019 - RADIO LJUBU\u0160KI<\/title>\n<meta name=\"robots\" content=\"index, follow, max-snippet:-1, max-image-preview:large, max-video-preview:-1\" \/>\n<link rel=\"canonical\" href=\"https:\/\/radioljubuski.ba\/index.php\/2022\/07\/27\/srpski-medij-srbima-koji-ljetuju-u-hrvatskoj-kupat-cete-se-na-grobovima-srpskih-mucenika\/\" \/>\n<meta property=\"og:locale\" content=\"hr_HR\" \/>\n<meta property=\"og:type\" content=\"article\" \/>\n<meta property=\"og:title\" content=\"Srpski medij Srbima koji ljetuju u Hrvatskoj: \u2018Kupat \u0107ete se na grobovima srpskih mu\u010denika\u2019 - RADIO LJUBU\u0160KI\" \/>\n<meta property=\"og:description\" content=\"Srbijanski portal Alo.rs nedavno je Hrvatsku nazvao \u201cNDH broj 2\u201d. Ujedno poru\u010duje Srbima koji ljetuju u Hrvatskoj da \u0107e ih \u201ctamo prebiti\u201d te da \u0107e se \u201ckupati na grobovima srpskih mu\u010denika\u201d. \u010cinjenica da dr\u017eavu koja je prije samo 30 godina bila suo\u010dena s prijetnjom potpunog nestanka, sada iz dr\u017eave iz koje je ta prijetnja i [&hellip;]\" \/>\n<meta property=\"og:url\" content=\"https:\/\/radioljubuski.ba\/index.php\/2022\/07\/27\/srpski-medij-srbima-koji-ljetuju-u-hrvatskoj-kupat-cete-se-na-grobovima-srpskih-mucenika\/\" \/>\n<meta property=\"og:site_name\" content=\"RADIO LJUBU\u0160KI\" \/>\n<meta property=\"article:publisher\" content=\"https:\/\/www.facebook.com\/Radiio-Ljubuski-1490835324566332\" \/>\n<meta property=\"article:published_time\" content=\"2022-07-27T11:26:15+00:00\" \/>\n<meta property=\"article:modified_time\" content=\"2022-07-27T11:26:16+00:00\" \/>\n<meta property=\"og:image\" content=\"https:\/\/radioljubuski.ba\/wp-content\/uploads\/2022\/07\/Alo-rs-696x481-1.jpg\" \/>\n\t<meta property=\"og:image:width\" content=\"696\" \/>\n\t<meta property=\"og:image:height\" content=\"481\" \/>\n\t<meta property=\"og:image:type\" content=\"image\/jpeg\" \/>\n<meta name=\"author\" content=\"Radio Ljubu\u0161ki\" \/>\n<meta name=\"twitter:card\" content=\"summary_large_image\" \/>\n<meta name=\"twitter:creator\" content=\"@radioljubuski\" \/>\n<meta name=\"twitter:site\" content=\"@radioljubuski\" \/>\n<meta name=\"twitter:label1\" content=\"Napisao\/la\" \/>\n\t<meta name=\"twitter:data1\" content=\"Radio Ljubu\u0161ki\" \/>\n\t<meta name=\"twitter:label2\" content=\"Procijenjeno vrijeme \u010ditanja\" \/>\n\t<meta name=\"twitter:data2\" content=\"3 minute\" \/>\n<script type=\"application\/ld+json\" class=\"yoast-schema-graph\">{\"@context\":\"https:\\\/\\\/schema.org\",\"@graph\":[{\"@type\":\"Article\",\"@id\":\"https:\\\/\\\/radioljubuski.ba\\\/index.php\\\/2022\\\/07\\\/27\\\/srpski-medij-srbima-koji-ljetuju-u-hrvatskoj-kupat-cete-se-na-grobovima-srpskih-mucenika\\\/#article\",\"isPartOf\":{\"@id\":\"https:\\\/\\\/radioljubuski.ba\\\/index.php\\\/2022\\\/07\\\/27\\\/srpski-medij-srbima-koji-ljetuju-u-hrvatskoj-kupat-cete-se-na-grobovima-srpskih-mucenika\\\/\"},\"author\":{\"name\":\"Radio Ljubu\u0161ki\",\"@id\":\"https:\\\/\\\/radioljubuski.ba\\\/#\\\/schema\\\/person\\\/19fc700381a780f69665d7956c469e3b\"},\"headline\":\"Srpski medij Srbima koji ljetuju u Hrvatskoj: \u2018Kupat \u0107ete se na grobovima srpskih mu\u010denika\u2019\",\"datePublished\":\"2022-07-27T11:26:15+00:00\",\"dateModified\":\"2022-07-27T11:26:16+00:00\",\"mainEntityOfPage\":{\"@id\":\"https:\\\/\\\/radioljubuski.ba\\\/index.php\\\/2022\\\/07\\\/27\\\/srpski-medij-srbima-koji-ljetuju-u-hrvatskoj-kupat-cete-se-na-grobovima-srpskih-mucenika\\\/\"},\"wordCount\":604,\"publisher\":{\"@id\":\"https:\\\/\\\/radioljubuski.ba\\\/#organization\"},\"image\":{\"@id\":\"https:\\\/\\\/radioljubuski.ba\\\/index.php\\\/2022\\\/07\\\/27\\\/srpski-medij-srbima-koji-ljetuju-u-hrvatskoj-kupat-cete-se-na-grobovima-srpskih-mucenika\\\/#primaryimage\"},\"thumbnailUrl\":\"https:\\\/\\\/radioljubuski.ba\\\/wp-content\\\/uploads\\\/2022\\\/07\\\/Alo-rs-696x481-1.jpg\",\"articleSection\":[\"BIH i regija\"],\"inLanguage\":\"hr\"},{\"@type\":\"WebPage\",\"@id\":\"https:\\\/\\\/radioljubuski.ba\\\/index.php\\\/2022\\\/07\\\/27\\\/srpski-medij-srbima-koji-ljetuju-u-hrvatskoj-kupat-cete-se-na-grobovima-srpskih-mucenika\\\/\",\"url\":\"https:\\\/\\\/radioljubuski.ba\\\/index.php\\\/2022\\\/07\\\/27\\\/srpski-medij-srbima-koji-ljetuju-u-hrvatskoj-kupat-cete-se-na-grobovima-srpskih-mucenika\\\/\",\"name\":\"Srpski medij Srbima koji ljetuju u Hrvatskoj: \u2018Kupat \u0107ete se na grobovima srpskih mu\u010denika\u2019 - RADIO LJUBU\u0160KI\",\"isPartOf\":{\"@id\":\"https:\\\/\\\/radioljubuski.ba\\\/#website\"},\"primaryImageOfPage\":{\"@id\":\"https:\\\/\\\/radioljubuski.ba\\\/index.php\\\/2022\\\/07\\\/27\\\/srpski-medij-srbima-koji-ljetuju-u-hrvatskoj-kupat-cete-se-na-grobovima-srpskih-mucenika\\\/#primaryimage\"},\"image\":{\"@id\":\"https:\\\/\\\/radioljubuski.ba\\\/index.php\\\/2022\\\/07\\\/27\\\/srpski-medij-srbima-koji-ljetuju-u-hrvatskoj-kupat-cete-se-na-grobovima-srpskih-mucenika\\\/#primaryimage\"},\"thumbnailUrl\":\"https:\\\/\\\/radioljubuski.ba\\\/wp-content\\\/uploads\\\/2022\\\/07\\\/Alo-rs-696x481-1.jpg\",\"datePublished\":\"2022-07-27T11:26:15+00:00\",\"dateModified\":\"2022-07-27T11:26:16+00:00\",\"breadcrumb\":{\"@id\":\"https:\\\/\\\/radioljubuski.ba\\\/index.php\\\/2022\\\/07\\\/27\\\/srpski-medij-srbima-koji-ljetuju-u-hrvatskoj-kupat-cete-se-na-grobovima-srpskih-mucenika\\\/#breadcrumb\"},\"inLanguage\":\"hr\",\"potentialAction\":[{\"@type\":\"ReadAction\",\"target\":[\"https:\\\/\\\/radioljubuski.ba\\\/index.php\\\/2022\\\/07\\\/27\\\/srpski-medij-srbima-koji-ljetuju-u-hrvatskoj-kupat-cete-se-na-grobovima-srpskih-mucenika\\\/\"]}]},{\"@type\":\"ImageObject\",\"inLanguage\":\"hr\",\"@id\":\"https:\\\/\\\/radioljubuski.ba\\\/index.php\\\/2022\\\/07\\\/27\\\/srpski-medij-srbima-koji-ljetuju-u-hrvatskoj-kupat-cete-se-na-grobovima-srpskih-mucenika\\\/#primaryimage\",\"url\":\"https:\\\/\\\/radioljubuski.ba\\\/wp-content\\\/uploads\\\/2022\\\/07\\\/Alo-rs-696x481-1.jpg\",\"contentUrl\":\"https:\\\/\\\/radioljubuski.ba\\\/wp-content\\\/uploads\\\/2022\\\/07\\\/Alo-rs-696x481-1.jpg\",\"width\":696,\"height\":481},{\"@type\":\"BreadcrumbList\",\"@id\":\"https:\\\/\\\/radioljubuski.ba\\\/index.php\\\/2022\\\/07\\\/27\\\/srpski-medij-srbima-koji-ljetuju-u-hrvatskoj-kupat-cete-se-na-grobovima-srpskih-mucenika\\\/#breadcrumb\",\"itemListElement\":[{\"@type\":\"ListItem\",\"position\":1,\"name\":\"Po\u010detna stranica\",\"item\":\"https:\\\/\\\/radioljubuski.ba\\\/\"},{\"@type\":\"ListItem\",\"position\":2,\"name\":\"Srpski medij Srbima koji ljetuju u Hrvatskoj: \u2018Kupat \u0107ete se na grobovima srpskih mu\u010denika\u2019\"}]},{\"@type\":\"WebSite\",\"@id\":\"https:\\\/\\\/radioljubuski.ba\\\/#website\",\"url\":\"https:\\\/\\\/radioljubuski.ba\\\/\",\"name\":\"Radio Ljubu\u0161ki\",\"description\":\"Sun\u010dana frekvencija Hercegovine\",\"publisher\":{\"@id\":\"https:\\\/\\\/radioljubuski.ba\\\/#organization\"},\"potentialAction\":[{\"@type\":\"SearchAction\",\"target\":{\"@type\":\"EntryPoint\",\"urlTemplate\":\"https:\\\/\\\/radioljubuski.ba\\\/?s={search_term_string}\"},\"query-input\":{\"@type\":\"PropertyValueSpecification\",\"valueRequired\":true,\"valueName\":\"search_term_string\"}}],\"inLanguage\":\"hr\"},{\"@type\":\"Organization\",\"@id\":\"https:\\\/\\\/radioljubuski.ba\\\/#organization\",\"name\":\"Radio Ljubu\u0161ki\",\"url\":\"https:\\\/\\\/radioljubuski.ba\\\/\",\"logo\":{\"@type\":\"ImageObject\",\"inLanguage\":\"hr\",\"@id\":\"https:\\\/\\\/radioljubuski.ba\\\/#\\\/schema\\\/logo\\\/image\\\/\",\"url\":\"https:\\\/\\\/radioljubuski.ba\\\/wp-content\\\/uploads\\\/2021\\\/02\\\/cropped-Radio_Ljubuski_logo1.jpg\",\"contentUrl\":\"https:\\\/\\\/radioljubuski.ba\\\/wp-content\\\/uploads\\\/2021\\\/02\\\/cropped-Radio_Ljubuski_logo1.jpg\",\"width\":512,\"height\":512,\"caption\":\"Radio Ljubu\u0161ki\"},\"image\":{\"@id\":\"https:\\\/\\\/radioljubuski.ba\\\/#\\\/schema\\\/logo\\\/image\\\/\"},\"sameAs\":[\"https:\\\/\\\/www.facebook.com\\\/Radiio-Ljubuski-1490835324566332\",\"https:\\\/\\\/x.com\\\/radioljubuski\",\"https:\\\/\\\/hr.linkedin.com\\\/company\\\/radio-ljubuski\",\"https:\\\/\\\/www.youtube.com\\\/channel\\\/UCHYaeO_n0Db3tjNGudGpXyw\"]},{\"@type\":\"Person\",\"@id\":\"https:\\\/\\\/radioljubuski.ba\\\/#\\\/schema\\\/person\\\/19fc700381a780f69665d7956c469e3b\",\"name\":\"Radio Ljubu\u0161ki\"}]}<\/script>\n<!-- \/ Yoast SEO plugin. -->","yoast_head_json":{"title":"Srpski medij Srbima koji ljetuju u Hrvatskoj: \u2018Kupat \u0107ete se na grobovima srpskih mu\u010denika\u2019 - RADIO LJUBU\u0160KI","robots":{"index":"index","follow":"follow","max-snippet":"max-snippet:-1","max-image-preview":"max-image-preview:large","max-video-preview":"max-video-preview:-1"},"canonical":"https:\/\/radioljubuski.ba\/index.php\/2022\/07\/27\/srpski-medij-srbima-koji-ljetuju-u-hrvatskoj-kupat-cete-se-na-grobovima-srpskih-mucenika\/","og_locale":"hr_HR","og_type":"article","og_title":"Srpski medij Srbima koji ljetuju u Hrvatskoj: \u2018Kupat \u0107ete se na grobovima srpskih mu\u010denika\u2019 - RADIO LJUBU\u0160KI","og_description":"Srbijanski portal Alo.rs nedavno je Hrvatsku nazvao \u201cNDH broj 2\u201d. Ujedno poru\u010duje Srbima koji ljetuju u Hrvatskoj da \u0107e ih \u201ctamo prebiti\u201d te da \u0107e se \u201ckupati na grobovima srpskih mu\u010denika\u201d. \u010cinjenica da dr\u017eavu koja je prije samo 30 godina bila suo\u010dena s prijetnjom potpunog nestanka, sada iz dr\u017eave iz koje je ta prijetnja i [&hellip;]","og_url":"https:\/\/radioljubuski.ba\/index.php\/2022\/07\/27\/srpski-medij-srbima-koji-ljetuju-u-hrvatskoj-kupat-cete-se-na-grobovima-srpskih-mucenika\/","og_site_name":"RADIO LJUBU\u0160KI","article_publisher":"https:\/\/www.facebook.com\/Radiio-Ljubuski-1490835324566332","article_published_time":"2022-07-27T11:26:15+00:00","article_modified_time":"2022-07-27T11:26:16+00:00","og_image":[{"width":696,"height":481,"url":"https:\/\/radioljubuski.ba\/wp-content\/uploads\/2022\/07\/Alo-rs-696x481-1.jpg","type":"image\/jpeg"}],"author":"Radio Ljubu\u0161ki","twitter_card":"summary_large_image","twitter_creator":"@radioljubuski","twitter_site":"@radioljubuski","twitter_misc":{"Napisao\/la":"Radio Ljubu\u0161ki","Procijenjeno vrijeme \u010ditanja":"3 minute"},"schema":{"@context":"https:\/\/schema.org","@graph":[{"@type":"Article","@id":"https:\/\/radioljubuski.ba\/index.php\/2022\/07\/27\/srpski-medij-srbima-koji-ljetuju-u-hrvatskoj-kupat-cete-se-na-grobovima-srpskih-mucenika\/#article","isPartOf":{"@id":"https:\/\/radioljubuski.ba\/index.php\/2022\/07\/27\/srpski-medij-srbima-koji-ljetuju-u-hrvatskoj-kupat-cete-se-na-grobovima-srpskih-mucenika\/"},"author":{"name":"Radio Ljubu\u0161ki","@id":"https:\/\/radioljubuski.ba\/#\/schema\/person\/19fc700381a780f69665d7956c469e3b"},"headline":"Srpski medij Srbima koji ljetuju u Hrvatskoj: \u2018Kupat \u0107ete se na grobovima srpskih mu\u010denika\u2019","datePublished":"2022-07-27T11:26:15+00:00","dateModified":"2022-07-27T11:26:16+00:00","mainEntityOfPage":{"@id":"https:\/\/radioljubuski.ba\/index.php\/2022\/07\/27\/srpski-medij-srbima-koji-ljetuju-u-hrvatskoj-kupat-cete-se-na-grobovima-srpskih-mucenika\/"},"wordCount":604,"publisher":{"@id":"https:\/\/radioljubuski.ba\/#organization"},"image":{"@id":"https:\/\/radioljubuski.ba\/index.php\/2022\/07\/27\/srpski-medij-srbima-koji-ljetuju-u-hrvatskoj-kupat-cete-se-na-grobovima-srpskih-mucenika\/#primaryimage"},"thumbnailUrl":"https:\/\/radioljubuski.ba\/wp-content\/uploads\/2022\/07\/Alo-rs-696x481-1.jpg","articleSection":["BIH i regija"],"inLanguage":"hr"},{"@type":"WebPage","@id":"https:\/\/radioljubuski.ba\/index.php\/2022\/07\/27\/srpski-medij-srbima-koji-ljetuju-u-hrvatskoj-kupat-cete-se-na-grobovima-srpskih-mucenika\/","url":"https:\/\/radioljubuski.ba\/index.php\/2022\/07\/27\/srpski-medij-srbima-koji-ljetuju-u-hrvatskoj-kupat-cete-se-na-grobovima-srpskih-mucenika\/","name":"Srpski medij Srbima koji ljetuju u Hrvatskoj: \u2018Kupat \u0107ete se na grobovima srpskih mu\u010denika\u2019 - RADIO LJUBU\u0160KI","isPartOf":{"@id":"https:\/\/radioljubuski.ba\/#website"},"primaryImageOfPage":{"@id":"https:\/\/radioljubuski.ba\/index.php\/2022\/07\/27\/srpski-medij-srbima-koji-ljetuju-u-hrvatskoj-kupat-cete-se-na-grobovima-srpskih-mucenika\/#primaryimage"},"image":{"@id":"https:\/\/radioljubuski.ba\/index.php\/2022\/07\/27\/srpski-medij-srbima-koji-ljetuju-u-hrvatskoj-kupat-cete-se-na-grobovima-srpskih-mucenika\/#primaryimage"},"thumbnailUrl":"https:\/\/radioljubuski.ba\/wp-content\/uploads\/2022\/07\/Alo-rs-696x481-1.jpg","datePublished":"2022-07-27T11:26:15+00:00","dateModified":"2022-07-27T11:26:16+00:00","breadcrumb":{"@id":"https:\/\/radioljubuski.ba\/index.php\/2022\/07\/27\/srpski-medij-srbima-koji-ljetuju-u-hrvatskoj-kupat-cete-se-na-grobovima-srpskih-mucenika\/#breadcrumb"},"inLanguage":"hr","potentialAction":[{"@type":"ReadAction","target":["https:\/\/radioljubuski.ba\/index.php\/2022\/07\/27\/srpski-medij-srbima-koji-ljetuju-u-hrvatskoj-kupat-cete-se-na-grobovima-srpskih-mucenika\/"]}]},{"@type":"ImageObject","inLanguage":"hr","@id":"https:\/\/radioljubuski.ba\/index.php\/2022\/07\/27\/srpski-medij-srbima-koji-ljetuju-u-hrvatskoj-kupat-cete-se-na-grobovima-srpskih-mucenika\/#primaryimage","url":"https:\/\/radioljubuski.ba\/wp-content\/uploads\/2022\/07\/Alo-rs-696x481-1.jpg","contentUrl":"https:\/\/radioljubuski.ba\/wp-content\/uploads\/2022\/07\/Alo-rs-696x481-1.jpg","width":696,"height":481},{"@type":"BreadcrumbList","@id":"https:\/\/radioljubuski.ba\/index.php\/2022\/07\/27\/srpski-medij-srbima-koji-ljetuju-u-hrvatskoj-kupat-cete-se-na-grobovima-srpskih-mucenika\/#breadcrumb","itemListElement":[{"@type":"ListItem","position":1,"name":"Po\u010detna stranica","item":"https:\/\/radioljubuski.ba\/"},{"@type":"ListItem","position":2,"name":"Srpski medij Srbima koji ljetuju u Hrvatskoj: \u2018Kupat \u0107ete se na grobovima srpskih mu\u010denika\u2019"}]},{"@type":"WebSite","@id":"https:\/\/radioljubuski.ba\/#website","url":"https:\/\/radioljubuski.ba\/","name":"Radio Ljubu\u0161ki","description":"Sun\u010dana frekvencija Hercegovine","publisher":{"@id":"https:\/\/radioljubuski.ba\/#organization"},"potentialAction":[{"@type":"SearchAction","target":{"@type":"EntryPoint","urlTemplate":"https:\/\/radioljubuski.ba\/?s={search_term_string}"},"query-input":{"@type":"PropertyValueSpecification","valueRequired":true,"valueName":"search_term_string"}}],"inLanguage":"hr"},{"@type":"Organization","@id":"https:\/\/radioljubuski.ba\/#organization","name":"Radio Ljubu\u0161ki","url":"https:\/\/radioljubuski.ba\/","logo":{"@type":"ImageObject","inLanguage":"hr","@id":"https:\/\/radioljubuski.ba\/#\/schema\/logo\/image\/","url":"https:\/\/radioljubuski.ba\/wp-content\/uploads\/2021\/02\/cropped-Radio_Ljubuski_logo1.jpg","contentUrl":"https:\/\/radioljubuski.ba\/wp-content\/uploads\/2021\/02\/cropped-Radio_Ljubuski_logo1.jpg","width":512,"height":512,"caption":"Radio Ljubu\u0161ki"},"image":{"@id":"https:\/\/radioljubuski.ba\/#\/schema\/logo\/image\/"},"sameAs":["https:\/\/www.facebook.com\/Radiio-Ljubuski-1490835324566332","https:\/\/x.com\/radioljubuski","https:\/\/hr.linkedin.com\/company\/radio-ljubuski","https:\/\/www.youtube.com\/channel\/UCHYaeO_n0Db3tjNGudGpXyw"]},{"@type":"Person","@id":"https:\/\/radioljubuski.ba\/#\/schema\/person\/19fc700381a780f69665d7956c469e3b","name":"Radio Ljubu\u0161ki"}]}},"_links":{"self":[{"href":"https:\/\/radioljubuski.ba\/index.php\/wp-json\/wp\/v2\/posts\/164053","targetHints":{"allow":["GET"]}}],"collection":[{"href":"https:\/\/radioljubuski.ba\/index.php\/wp-json\/wp\/v2\/posts"}],"about":[{"href":"https:\/\/radioljubuski.ba\/index.php\/wp-json\/wp\/v2\/types\/post"}],"author":[{"embeddable":true,"href":"https:\/\/radioljubuski.ba\/index.php\/wp-json\/wp\/v2\/users\/2"}],"replies":[{"embeddable":true,"href":"https:\/\/radioljubuski.ba\/index.php\/wp-json\/wp\/v2\/comments?post=164053"}],"version-history":[{"count":1,"href":"https:\/\/radioljubuski.ba\/index.php\/wp-json\/wp\/v2\/posts\/164053\/revisions"}],"predecessor-version":[{"id":164055,"href":"https:\/\/radioljubuski.ba\/index.php\/wp-json\/wp\/v2\/posts\/164053\/revisions\/164055"}],"wp:featuredmedia":[{"embeddable":true,"href":"https:\/\/radioljubuski.ba\/index.php\/wp-json\/wp\/v2\/media\/164054"}],"wp:attachment":[{"href":"https:\/\/radioljubuski.ba\/index.php\/wp-json\/wp\/v2\/media?parent=164053"}],"wp:term":[{"taxonomy":"category","embeddable":true,"href":"https:\/\/radioljubuski.ba\/index.php\/wp-json\/wp\/v2\/categories?post=164053"},{"taxonomy":"post_tag","embeddable":true,"href":"https:\/\/radioljubuski.ba\/index.php\/wp-json\/wp\/v2\/tags?post=164053"}],"curies":[{"name":"wp","href":"https:\/\/api.w.org\/{rel}","templated":true}]}}