{"id":164056,"date":"2022-07-27T12:28:11","date_gmt":"2022-07-27T11:28:11","guid":{"rendered":"https:\/\/radioljubuski.ba\/?p=164056"},"modified":"2022-07-27T12:28:12","modified_gmt":"2022-07-27T11:28:12","slug":"guverner-floride-o-rodnoj-ideologiji-skrb-koja-afirmira-spol-je-eufemizam-za-kastraciju-i-sterilizaciju","status":"publish","type":"post","link":"https:\/\/radioljubuski.ba\/index.php\/2022\/07\/27\/guverner-floride-o-rodnoj-ideologiji-skrb-koja-afirmira-spol-je-eufemizam-za-kastraciju-i-sterilizaciju\/","title":{"rendered":"Guverner Floride o rodnoj ideologiji: \u2018Skrb koja afirmira spol\u2019 je eufemizam za kastraciju i sterilizaciju"},"content":{"rendered":"\n<p>Guverner Floride Ron DeSantis u intervjuu za FOX News koji prenosi <a href=\"https:\/\/www.realclearpolitics.com\/video\/2022\/07\/23\/desantis_gender_affirming_care_is_a_euphemism_for_castration_and_sterilization.html\">RealClear Politics<\/a> rekao je da nema dokaza da su kastracija i mastektomija u\u010dinkovita medicinska skrb.<\/p>\n\n\n\n<p>Na pitanje podr\u017eavaju li stanovnici Floride skrb za afirmaciju roda te smatraju li ju u\u010dinkovitom, odgovorio je:<\/p>\n\n\n\n<p>\u201cTo je eufemizam. Oni \u0107e zapravo uzeti mladog dje\u010daka i kastrirati ga. Uzet \u0107e mladu djevojku i napraviti joj mastektomiju ili \u0107e je sterilizirati zbog rodne disforije. Nema dokaza da je to ne\u0161to \u0161to bi bila u\u010dinkovita medicinska skrb.<\/p>\n\n\n\n<p>A znamo da ljudi to rade dok su djeca te imaju velike probleme. Stoga, vjerujemo da to nije prikladno u dr\u017eavi Floridi. Mislimo da lije\u010dnik ne bi trebao dobiti licencu, ako to radi.<\/p>\n\n\n\n<p>I smatram da bi te lije\u010dnike trebalo mo\u0107i tu\u017eiti kada se ljudima kasnije u \u017eivotu razviju problemi. To je pogre\u0161no. Maloljetnicima se ne bi smjele izvoditi ovakve stvari.\u201d<\/p>\n\n\n\n<p>Podsjetimo, transseksualac i pomo\u0107nil ministra zdravstva Rachel Levine napisao je \u010dlanak u Miami Heraldu: \u201cSkrb koja afirmira spol medicinski je neophodna, sigurna i u\u010dinkovita za transrodnu i nebinarnu djecu i adolescente. Ne bi trebalo biti te\u0161ko preto\u010diti to u znanje, suosje\u0107ajnije politike koje \u0161tite, a ne potkopavaju mentalno zdravlje mladih\u201d.<\/p>\n\n\n\n<p>Oglasila se tako\u0111er i na Twitteru.:<\/p>\n\n\n\n<p>\u201cAkreditirane skupine medicinskih stru\u010dnjaka sla\u017eu se da je skrb za afirmaciju roda medicinski neophodna, sigurna i u\u010dinkovita za transrodnu i nebinarnu djecu i adolescente. Kad su ljudi svjesni znanosti, vide koliko je va\u017eno imati racionalne politike. Nova studija pokazuje da 54% stanovnika Floride podr\u017eava pristup rodno afirmiranoj zdravstvenoj skrbi za maloljetnike kada to preporu\u010de njihovi lije\u010dnici ili uz podr\u0161ku roditelja\u201d, ustvrdila je.<\/p>\n\n\n\n<blockquote class=\"twitter-tweet\"><p lang=\"en\" dir=\"ltr\">Accredited medical professional groups agree that gender-affirming care is medically necessary, safe, and effective for transgender and non-binary children and adolescents.<\/p>&mdash; ADM Rachel Levine (@HHS_ASH) <a href=\"https:\/\/twitter.com\/HHS_ASH\/status\/1549505624727322628?ref_src=twsrc%5Etfw\">July 19, 2022<\/a><\/blockquote> <script async src=\"https:\/\/platform.twitter.com\/widgets.js\" charset=\"utf-8\"><\/script> \n\n\n\n<p><em>Izvor: narod.hr\/Fox News\/RealClear Politics<\/em><\/p>\n","protected":false},"excerpt":{"rendered":"<p>Guverner Floride Ron DeSantis u intervjuu za FOX News koji prenosi RealClear Politics rekao je da nema dokaza da su kastracija i mastektomija u\u010dinkovita medicinska skrb. Na pitanje podr\u017eavaju li stanovnici Floride skrb za afirmaciju roda te smatraju li ju u\u010dinkovitom, odgovorio je: \u201cTo je eufemizam. Oni \u0107e zapravo uzeti mladog dje\u010daka i kastrirati ga. [&hellip;]<\/p>\n","protected":false},"author":2,"featured_media":164057,"comment_status":"closed","ping_status":"closed","sticky":false,"template":"","format":"standard","meta":{"h5ap_radio_sources":[],"footnotes":""},"categories":[1],"tags":[],"class_list":["post-164056","post","type-post","status-publish","format-standard","has-post-thumbnail","hentry","category-bihiregija"],"yoast_head":"<!-- This site is optimized with the Yoast SEO plugin v27.5 - https:\/\/yoast.com\/product\/yoast-seo-wordpress\/ -->\n<title>Guverner Floride o rodnoj ideologiji: \u2018Skrb koja afirmira spol\u2019 je eufemizam za kastraciju i sterilizaciju - RADIO LJUBU\u0160KI<\/title>\n<meta name=\"robots\" content=\"index, follow, max-snippet:-1, max-image-preview:large, max-video-preview:-1\" \/>\n<link rel=\"canonical\" href=\"https:\/\/radioljubuski.ba\/index.php\/2022\/07\/27\/guverner-floride-o-rodnoj-ideologiji-skrb-koja-afirmira-spol-je-eufemizam-za-kastraciju-i-sterilizaciju\/\" \/>\n<meta property=\"og:locale\" content=\"hr_HR\" \/>\n<meta property=\"og:type\" content=\"article\" \/>\n<meta property=\"og:title\" content=\"Guverner Floride o rodnoj ideologiji: \u2018Skrb koja afirmira spol\u2019 je eufemizam za kastraciju i sterilizaciju - RADIO LJUBU\u0160KI\" \/>\n<meta property=\"og:description\" content=\"Guverner Floride Ron DeSantis u intervjuu za FOX News koji prenosi RealClear Politics rekao je da nema dokaza da su kastracija i mastektomija u\u010dinkovita medicinska skrb. Na pitanje podr\u017eavaju li stanovnici Floride skrb za afirmaciju roda te smatraju li ju u\u010dinkovitom, odgovorio je: \u201cTo je eufemizam. Oni \u0107e zapravo uzeti mladog dje\u010daka i kastrirati ga. [&hellip;]\" \/>\n<meta property=\"og:url\" content=\"https:\/\/radioljubuski.ba\/index.php\/2022\/07\/27\/guverner-floride-o-rodnoj-ideologiji-skrb-koja-afirmira-spol-je-eufemizam-za-kastraciju-i-sterilizaciju\/\" \/>\n<meta property=\"og:site_name\" content=\"RADIO LJUBU\u0160KI\" \/>\n<meta property=\"article:publisher\" content=\"https:\/\/www.facebook.com\/Radiio-Ljubuski-1490835324566332\" \/>\n<meta property=\"article:published_time\" content=\"2022-07-27T11:28:11+00:00\" \/>\n<meta property=\"article:modified_time\" content=\"2022-07-27T11:28:12+00:00\" \/>\n<meta property=\"og:image\" content=\"https:\/\/radioljubuski.ba\/wp-content\/uploads\/2022\/07\/06012e57-2aa2-4c42-9b37-69a4a4ce73eb-696x464-1.jpg\" \/>\n\t<meta property=\"og:image:width\" content=\"696\" \/>\n\t<meta property=\"og:image:height\" content=\"464\" \/>\n\t<meta property=\"og:image:type\" content=\"image\/jpeg\" \/>\n<meta name=\"author\" content=\"Radio Ljubu\u0161ki\" \/>\n<meta name=\"twitter:card\" content=\"summary_large_image\" \/>\n<meta name=\"twitter:creator\" content=\"@radioljubuski\" \/>\n<meta name=\"twitter:site\" content=\"@radioljubuski\" \/>\n<meta name=\"twitter:label1\" content=\"Napisao\/la\" \/>\n\t<meta name=\"twitter:data1\" content=\"Radio Ljubu\u0161ki\" \/>\n\t<meta name=\"twitter:label2\" content=\"Procijenjeno vrijeme \u010ditanja\" \/>\n\t<meta name=\"twitter:data2\" content=\"2 minute\" \/>\n<script type=\"application\/ld+json\" class=\"yoast-schema-graph\">{\"@context\":\"https:\\\/\\\/schema.org\",\"@graph\":[{\"@type\":\"Article\",\"@id\":\"https:\\\/\\\/radioljubuski.ba\\\/index.php\\\/2022\\\/07\\\/27\\\/guverner-floride-o-rodnoj-ideologiji-skrb-koja-afirmira-spol-je-eufemizam-za-kastraciju-i-sterilizaciju\\\/#article\",\"isPartOf\":{\"@id\":\"https:\\\/\\\/radioljubuski.ba\\\/index.php\\\/2022\\\/07\\\/27\\\/guverner-floride-o-rodnoj-ideologiji-skrb-koja-afirmira-spol-je-eufemizam-za-kastraciju-i-sterilizaciju\\\/\"},\"author\":{\"name\":\"Radio Ljubu\u0161ki\",\"@id\":\"https:\\\/\\\/radioljubuski.ba\\\/#\\\/schema\\\/person\\\/19fc700381a780f69665d7956c469e3b\"},\"headline\":\"Guverner Floride o rodnoj ideologiji: \u2018Skrb koja afirmira spol\u2019 je eufemizam za kastraciju i sterilizaciju\",\"datePublished\":\"2022-07-27T11:28:11+00:00\",\"dateModified\":\"2022-07-27T11:28:12+00:00\",\"mainEntityOfPage\":{\"@id\":\"https:\\\/\\\/radioljubuski.ba\\\/index.php\\\/2022\\\/07\\\/27\\\/guverner-floride-o-rodnoj-ideologiji-skrb-koja-afirmira-spol-je-eufemizam-za-kastraciju-i-sterilizaciju\\\/\"},\"wordCount\":336,\"publisher\":{\"@id\":\"https:\\\/\\\/radioljubuski.ba\\\/#organization\"},\"image\":{\"@id\":\"https:\\\/\\\/radioljubuski.ba\\\/index.php\\\/2022\\\/07\\\/27\\\/guverner-floride-o-rodnoj-ideologiji-skrb-koja-afirmira-spol-je-eufemizam-za-kastraciju-i-sterilizaciju\\\/#primaryimage\"},\"thumbnailUrl\":\"https:\\\/\\\/radioljubuski.ba\\\/wp-content\\\/uploads\\\/2022\\\/07\\\/06012e57-2aa2-4c42-9b37-69a4a4ce73eb-696x464-1.jpg\",\"articleSection\":[\"BIH i regija\"],\"inLanguage\":\"hr\"},{\"@type\":\"WebPage\",\"@id\":\"https:\\\/\\\/radioljubuski.ba\\\/index.php\\\/2022\\\/07\\\/27\\\/guverner-floride-o-rodnoj-ideologiji-skrb-koja-afirmira-spol-je-eufemizam-za-kastraciju-i-sterilizaciju\\\/\",\"url\":\"https:\\\/\\\/radioljubuski.ba\\\/index.php\\\/2022\\\/07\\\/27\\\/guverner-floride-o-rodnoj-ideologiji-skrb-koja-afirmira-spol-je-eufemizam-za-kastraciju-i-sterilizaciju\\\/\",\"name\":\"Guverner Floride o rodnoj ideologiji: \u2018Skrb koja afirmira spol\u2019 je eufemizam za kastraciju i sterilizaciju - RADIO LJUBU\u0160KI\",\"isPartOf\":{\"@id\":\"https:\\\/\\\/radioljubuski.ba\\\/#website\"},\"primaryImageOfPage\":{\"@id\":\"https:\\\/\\\/radioljubuski.ba\\\/index.php\\\/2022\\\/07\\\/27\\\/guverner-floride-o-rodnoj-ideologiji-skrb-koja-afirmira-spol-je-eufemizam-za-kastraciju-i-sterilizaciju\\\/#primaryimage\"},\"image\":{\"@id\":\"https:\\\/\\\/radioljubuski.ba\\\/index.php\\\/2022\\\/07\\\/27\\\/guverner-floride-o-rodnoj-ideologiji-skrb-koja-afirmira-spol-je-eufemizam-za-kastraciju-i-sterilizaciju\\\/#primaryimage\"},\"thumbnailUrl\":\"https:\\\/\\\/radioljubuski.ba\\\/wp-content\\\/uploads\\\/2022\\\/07\\\/06012e57-2aa2-4c42-9b37-69a4a4ce73eb-696x464-1.jpg\",\"datePublished\":\"2022-07-27T11:28:11+00:00\",\"dateModified\":\"2022-07-27T11:28:12+00:00\",\"breadcrumb\":{\"@id\":\"https:\\\/\\\/radioljubuski.ba\\\/index.php\\\/2022\\\/07\\\/27\\\/guverner-floride-o-rodnoj-ideologiji-skrb-koja-afirmira-spol-je-eufemizam-za-kastraciju-i-sterilizaciju\\\/#breadcrumb\"},\"inLanguage\":\"hr\",\"potentialAction\":[{\"@type\":\"ReadAction\",\"target\":[\"https:\\\/\\\/radioljubuski.ba\\\/index.php\\\/2022\\\/07\\\/27\\\/guverner-floride-o-rodnoj-ideologiji-skrb-koja-afirmira-spol-je-eufemizam-za-kastraciju-i-sterilizaciju\\\/\"]}]},{\"@type\":\"ImageObject\",\"inLanguage\":\"hr\",\"@id\":\"https:\\\/\\\/radioljubuski.ba\\\/index.php\\\/2022\\\/07\\\/27\\\/guverner-floride-o-rodnoj-ideologiji-skrb-koja-afirmira-spol-je-eufemizam-za-kastraciju-i-sterilizaciju\\\/#primaryimage\",\"url\":\"https:\\\/\\\/radioljubuski.ba\\\/wp-content\\\/uploads\\\/2022\\\/07\\\/06012e57-2aa2-4c42-9b37-69a4a4ce73eb-696x464-1.jpg\",\"contentUrl\":\"https:\\\/\\\/radioljubuski.ba\\\/wp-content\\\/uploads\\\/2022\\\/07\\\/06012e57-2aa2-4c42-9b37-69a4a4ce73eb-696x464-1.jpg\",\"width\":696,\"height\":464},{\"@type\":\"BreadcrumbList\",\"@id\":\"https:\\\/\\\/radioljubuski.ba\\\/index.php\\\/2022\\\/07\\\/27\\\/guverner-floride-o-rodnoj-ideologiji-skrb-koja-afirmira-spol-je-eufemizam-za-kastraciju-i-sterilizaciju\\\/#breadcrumb\",\"itemListElement\":[{\"@type\":\"ListItem\",\"position\":1,\"name\":\"Po\u010detna stranica\",\"item\":\"https:\\\/\\\/radioljubuski.ba\\\/\"},{\"@type\":\"ListItem\",\"position\":2,\"name\":\"Guverner Floride o rodnoj ideologiji: \u2018Skrb koja afirmira spol\u2019 je eufemizam za kastraciju i sterilizaciju\"}]},{\"@type\":\"WebSite\",\"@id\":\"https:\\\/\\\/radioljubuski.ba\\\/#website\",\"url\":\"https:\\\/\\\/radioljubuski.ba\\\/\",\"name\":\"Radio Ljubu\u0161ki\",\"description\":\"Sun\u010dana frekvencija Hercegovine\",\"publisher\":{\"@id\":\"https:\\\/\\\/radioljubuski.ba\\\/#organization\"},\"potentialAction\":[{\"@type\":\"SearchAction\",\"target\":{\"@type\":\"EntryPoint\",\"urlTemplate\":\"https:\\\/\\\/radioljubuski.ba\\\/?s={search_term_string}\"},\"query-input\":{\"@type\":\"PropertyValueSpecification\",\"valueRequired\":true,\"valueName\":\"search_term_string\"}}],\"inLanguage\":\"hr\"},{\"@type\":\"Organization\",\"@id\":\"https:\\\/\\\/radioljubuski.ba\\\/#organization\",\"name\":\"Radio Ljubu\u0161ki\",\"url\":\"https:\\\/\\\/radioljubuski.ba\\\/\",\"logo\":{\"@type\":\"ImageObject\",\"inLanguage\":\"hr\",\"@id\":\"https:\\\/\\\/radioljubuski.ba\\\/#\\\/schema\\\/logo\\\/image\\\/\",\"url\":\"https:\\\/\\\/radioljubuski.ba\\\/wp-content\\\/uploads\\\/2021\\\/02\\\/cropped-Radio_Ljubuski_logo1.jpg\",\"contentUrl\":\"https:\\\/\\\/radioljubuski.ba\\\/wp-content\\\/uploads\\\/2021\\\/02\\\/cropped-Radio_Ljubuski_logo1.jpg\",\"width\":512,\"height\":512,\"caption\":\"Radio Ljubu\u0161ki\"},\"image\":{\"@id\":\"https:\\\/\\\/radioljubuski.ba\\\/#\\\/schema\\\/logo\\\/image\\\/\"},\"sameAs\":[\"https:\\\/\\\/www.facebook.com\\\/Radiio-Ljubuski-1490835324566332\",\"https:\\\/\\\/x.com\\\/radioljubuski\",\"https:\\\/\\\/hr.linkedin.com\\\/company\\\/radio-ljubuski\",\"https:\\\/\\\/www.youtube.com\\\/channel\\\/UCHYaeO_n0Db3tjNGudGpXyw\"]},{\"@type\":\"Person\",\"@id\":\"https:\\\/\\\/radioljubuski.ba\\\/#\\\/schema\\\/person\\\/19fc700381a780f69665d7956c469e3b\",\"name\":\"Radio Ljubu\u0161ki\"}]}<\/script>\n<!-- \/ Yoast SEO plugin. -->","yoast_head_json":{"title":"Guverner Floride o rodnoj ideologiji: \u2018Skrb koja afirmira spol\u2019 je eufemizam za kastraciju i sterilizaciju - RADIO LJUBU\u0160KI","robots":{"index":"index","follow":"follow","max-snippet":"max-snippet:-1","max-image-preview":"max-image-preview:large","max-video-preview":"max-video-preview:-1"},"canonical":"https:\/\/radioljubuski.ba\/index.php\/2022\/07\/27\/guverner-floride-o-rodnoj-ideologiji-skrb-koja-afirmira-spol-je-eufemizam-za-kastraciju-i-sterilizaciju\/","og_locale":"hr_HR","og_type":"article","og_title":"Guverner Floride o rodnoj ideologiji: \u2018Skrb koja afirmira spol\u2019 je eufemizam za kastraciju i sterilizaciju - RADIO LJUBU\u0160KI","og_description":"Guverner Floride Ron DeSantis u intervjuu za FOX News koji prenosi RealClear Politics rekao je da nema dokaza da su kastracija i mastektomija u\u010dinkovita medicinska skrb. Na pitanje podr\u017eavaju li stanovnici Floride skrb za afirmaciju roda te smatraju li ju u\u010dinkovitom, odgovorio je: \u201cTo je eufemizam. Oni \u0107e zapravo uzeti mladog dje\u010daka i kastrirati ga. [&hellip;]","og_url":"https:\/\/radioljubuski.ba\/index.php\/2022\/07\/27\/guverner-floride-o-rodnoj-ideologiji-skrb-koja-afirmira-spol-je-eufemizam-za-kastraciju-i-sterilizaciju\/","og_site_name":"RADIO LJUBU\u0160KI","article_publisher":"https:\/\/www.facebook.com\/Radiio-Ljubuski-1490835324566332","article_published_time":"2022-07-27T11:28:11+00:00","article_modified_time":"2022-07-27T11:28:12+00:00","og_image":[{"width":696,"height":464,"url":"https:\/\/radioljubuski.ba\/wp-content\/uploads\/2022\/07\/06012e57-2aa2-4c42-9b37-69a4a4ce73eb-696x464-1.jpg","type":"image\/jpeg"}],"author":"Radio Ljubu\u0161ki","twitter_card":"summary_large_image","twitter_creator":"@radioljubuski","twitter_site":"@radioljubuski","twitter_misc":{"Napisao\/la":"Radio Ljubu\u0161ki","Procijenjeno vrijeme \u010ditanja":"2 minute"},"schema":{"@context":"https:\/\/schema.org","@graph":[{"@type":"Article","@id":"https:\/\/radioljubuski.ba\/index.php\/2022\/07\/27\/guverner-floride-o-rodnoj-ideologiji-skrb-koja-afirmira-spol-je-eufemizam-za-kastraciju-i-sterilizaciju\/#article","isPartOf":{"@id":"https:\/\/radioljubuski.ba\/index.php\/2022\/07\/27\/guverner-floride-o-rodnoj-ideologiji-skrb-koja-afirmira-spol-je-eufemizam-za-kastraciju-i-sterilizaciju\/"},"author":{"name":"Radio Ljubu\u0161ki","@id":"https:\/\/radioljubuski.ba\/#\/schema\/person\/19fc700381a780f69665d7956c469e3b"},"headline":"Guverner Floride o rodnoj ideologiji: \u2018Skrb koja afirmira spol\u2019 je eufemizam za kastraciju i sterilizaciju","datePublished":"2022-07-27T11:28:11+00:00","dateModified":"2022-07-27T11:28:12+00:00","mainEntityOfPage":{"@id":"https:\/\/radioljubuski.ba\/index.php\/2022\/07\/27\/guverner-floride-o-rodnoj-ideologiji-skrb-koja-afirmira-spol-je-eufemizam-za-kastraciju-i-sterilizaciju\/"},"wordCount":336,"publisher":{"@id":"https:\/\/radioljubuski.ba\/#organization"},"image":{"@id":"https:\/\/radioljubuski.ba\/index.php\/2022\/07\/27\/guverner-floride-o-rodnoj-ideologiji-skrb-koja-afirmira-spol-je-eufemizam-za-kastraciju-i-sterilizaciju\/#primaryimage"},"thumbnailUrl":"https:\/\/radioljubuski.ba\/wp-content\/uploads\/2022\/07\/06012e57-2aa2-4c42-9b37-69a4a4ce73eb-696x464-1.jpg","articleSection":["BIH i regija"],"inLanguage":"hr"},{"@type":"WebPage","@id":"https:\/\/radioljubuski.ba\/index.php\/2022\/07\/27\/guverner-floride-o-rodnoj-ideologiji-skrb-koja-afirmira-spol-je-eufemizam-za-kastraciju-i-sterilizaciju\/","url":"https:\/\/radioljubuski.ba\/index.php\/2022\/07\/27\/guverner-floride-o-rodnoj-ideologiji-skrb-koja-afirmira-spol-je-eufemizam-za-kastraciju-i-sterilizaciju\/","name":"Guverner Floride o rodnoj ideologiji: \u2018Skrb koja afirmira spol\u2019 je eufemizam za kastraciju i sterilizaciju - RADIO LJUBU\u0160KI","isPartOf":{"@id":"https:\/\/radioljubuski.ba\/#website"},"primaryImageOfPage":{"@id":"https:\/\/radioljubuski.ba\/index.php\/2022\/07\/27\/guverner-floride-o-rodnoj-ideologiji-skrb-koja-afirmira-spol-je-eufemizam-za-kastraciju-i-sterilizaciju\/#primaryimage"},"image":{"@id":"https:\/\/radioljubuski.ba\/index.php\/2022\/07\/27\/guverner-floride-o-rodnoj-ideologiji-skrb-koja-afirmira-spol-je-eufemizam-za-kastraciju-i-sterilizaciju\/#primaryimage"},"thumbnailUrl":"https:\/\/radioljubuski.ba\/wp-content\/uploads\/2022\/07\/06012e57-2aa2-4c42-9b37-69a4a4ce73eb-696x464-1.jpg","datePublished":"2022-07-27T11:28:11+00:00","dateModified":"2022-07-27T11:28:12+00:00","breadcrumb":{"@id":"https:\/\/radioljubuski.ba\/index.php\/2022\/07\/27\/guverner-floride-o-rodnoj-ideologiji-skrb-koja-afirmira-spol-je-eufemizam-za-kastraciju-i-sterilizaciju\/#breadcrumb"},"inLanguage":"hr","potentialAction":[{"@type":"ReadAction","target":["https:\/\/radioljubuski.ba\/index.php\/2022\/07\/27\/guverner-floride-o-rodnoj-ideologiji-skrb-koja-afirmira-spol-je-eufemizam-za-kastraciju-i-sterilizaciju\/"]}]},{"@type":"ImageObject","inLanguage":"hr","@id":"https:\/\/radioljubuski.ba\/index.php\/2022\/07\/27\/guverner-floride-o-rodnoj-ideologiji-skrb-koja-afirmira-spol-je-eufemizam-za-kastraciju-i-sterilizaciju\/#primaryimage","url":"https:\/\/radioljubuski.ba\/wp-content\/uploads\/2022\/07\/06012e57-2aa2-4c42-9b37-69a4a4ce73eb-696x464-1.jpg","contentUrl":"https:\/\/radioljubuski.ba\/wp-content\/uploads\/2022\/07\/06012e57-2aa2-4c42-9b37-69a4a4ce73eb-696x464-1.jpg","width":696,"height":464},{"@type":"BreadcrumbList","@id":"https:\/\/radioljubuski.ba\/index.php\/2022\/07\/27\/guverner-floride-o-rodnoj-ideologiji-skrb-koja-afirmira-spol-je-eufemizam-za-kastraciju-i-sterilizaciju\/#breadcrumb","itemListElement":[{"@type":"ListItem","position":1,"name":"Po\u010detna stranica","item":"https:\/\/radioljubuski.ba\/"},{"@type":"ListItem","position":2,"name":"Guverner Floride o rodnoj ideologiji: \u2018Skrb koja afirmira spol\u2019 je eufemizam za kastraciju i sterilizaciju"}]},{"@type":"WebSite","@id":"https:\/\/radioljubuski.ba\/#website","url":"https:\/\/radioljubuski.ba\/","name":"Radio Ljubu\u0161ki","description":"Sun\u010dana frekvencija Hercegovine","publisher":{"@id":"https:\/\/radioljubuski.ba\/#organization"},"potentialAction":[{"@type":"SearchAction","target":{"@type":"EntryPoint","urlTemplate":"https:\/\/radioljubuski.ba\/?s={search_term_string}"},"query-input":{"@type":"PropertyValueSpecification","valueRequired":true,"valueName":"search_term_string"}}],"inLanguage":"hr"},{"@type":"Organization","@id":"https:\/\/radioljubuski.ba\/#organization","name":"Radio Ljubu\u0161ki","url":"https:\/\/radioljubuski.ba\/","logo":{"@type":"ImageObject","inLanguage":"hr","@id":"https:\/\/radioljubuski.ba\/#\/schema\/logo\/image\/","url":"https:\/\/radioljubuski.ba\/wp-content\/uploads\/2021\/02\/cropped-Radio_Ljubuski_logo1.jpg","contentUrl":"https:\/\/radioljubuski.ba\/wp-content\/uploads\/2021\/02\/cropped-Radio_Ljubuski_logo1.jpg","width":512,"height":512,"caption":"Radio Ljubu\u0161ki"},"image":{"@id":"https:\/\/radioljubuski.ba\/#\/schema\/logo\/image\/"},"sameAs":["https:\/\/www.facebook.com\/Radiio-Ljubuski-1490835324566332","https:\/\/x.com\/radioljubuski","https:\/\/hr.linkedin.com\/company\/radio-ljubuski","https:\/\/www.youtube.com\/channel\/UCHYaeO_n0Db3tjNGudGpXyw"]},{"@type":"Person","@id":"https:\/\/radioljubuski.ba\/#\/schema\/person\/19fc700381a780f69665d7956c469e3b","name":"Radio Ljubu\u0161ki"}]}},"_links":{"self":[{"href":"https:\/\/radioljubuski.ba\/index.php\/wp-json\/wp\/v2\/posts\/164056","targetHints":{"allow":["GET"]}}],"collection":[{"href":"https:\/\/radioljubuski.ba\/index.php\/wp-json\/wp\/v2\/posts"}],"about":[{"href":"https:\/\/radioljubuski.ba\/index.php\/wp-json\/wp\/v2\/types\/post"}],"author":[{"embeddable":true,"href":"https:\/\/radioljubuski.ba\/index.php\/wp-json\/wp\/v2\/users\/2"}],"replies":[{"embeddable":true,"href":"https:\/\/radioljubuski.ba\/index.php\/wp-json\/wp\/v2\/comments?post=164056"}],"version-history":[{"count":1,"href":"https:\/\/radioljubuski.ba\/index.php\/wp-json\/wp\/v2\/posts\/164056\/revisions"}],"predecessor-version":[{"id":164058,"href":"https:\/\/radioljubuski.ba\/index.php\/wp-json\/wp\/v2\/posts\/164056\/revisions\/164058"}],"wp:featuredmedia":[{"embeddable":true,"href":"https:\/\/radioljubuski.ba\/index.php\/wp-json\/wp\/v2\/media\/164057"}],"wp:attachment":[{"href":"https:\/\/radioljubuski.ba\/index.php\/wp-json\/wp\/v2\/media?parent=164056"}],"wp:term":[{"taxonomy":"category","embeddable":true,"href":"https:\/\/radioljubuski.ba\/index.php\/wp-json\/wp\/v2\/categories?post=164056"},{"taxonomy":"post_tag","embeddable":true,"href":"https:\/\/radioljubuski.ba\/index.php\/wp-json\/wp\/v2\/tags?post=164056"}],"curies":[{"name":"wp","href":"https:\/\/api.w.org\/{rel}","templated":true}]}}