{"id":164076,"date":"2022-07-27T12:50:41","date_gmt":"2022-07-27T11:50:41","guid":{"rendered":"https:\/\/radioljubuski.ba\/?p=164076"},"modified":"2022-07-27T12:50:42","modified_gmt":"2022-07-27T11:50:42","slug":"raste-broj-zarazenih-koronom-u-bih-preminulo-sedam-osoba","status":"publish","type":"post","link":"https:\/\/radioljubuski.ba\/index.php\/2022\/07\/27\/raste-broj-zarazenih-koronom-u-bih-preminulo-sedam-osoba\/","title":{"rendered":"Raste broj zara\u017eenih koronom u BiH, preminulo sedam osoba"},"content":{"rendered":"\n<p>U Bosni i Hercegovini u protekla 24 sata registrirano je 568 osoba pozitivnih na koronavirus, od 1.376 obra\u0111enih testova. &nbsp;Prijavljeno je sedam smrtnih ishoda, \u010detiri u FBiH, tri u RS-u, priop\u0107eno je iz entitetskih ustanova za javno zdravstvo i Vlade Br\u010dko distrikta BiH. Do sada je u BiH ukupno preminula 15.851 osoba od posljedica zaraze Covid-19.<\/p>\n\n\n\n<p>U protekla 24 sata, Zavodu za javno zdravstvo Federacije BiH prijavljena su ukupno 884 uzorka, od kojih je 275 bilo pozitivno na SARS-CoV-2. Novi slu\u010dajevi registrirani su u svim \u017eupanijama u Federaciji BiH, osim u HB\u017d-u<\/p>\n\n\n\n<p>Do sada je u FBiH testirano ukupno 1.296.585 uzoraka, a SARS-CoV-2 je potvr\u0111en kod 254.912 osoba.<\/p>\n\n\n\n<p>U protekla 24 sata, u Federaciji BiH prijavljena su \u010detiri smrtna ishoda i to dva u Srednjobosanskoj i po jedan u Hercegova\u010dko-neretvanskoj i Zeni\u010dko-dobojskoj \u017eupaniji, dok su tri smrtna ishoda prijavljena retroaktivno. Ukupan broj smrtnih ishoda na podru\u010dju Federacije BiH &nbsp;do sada je 8.910.&nbsp;<\/p>\n\n\n\n<p>\u041ed p\u043eslj\u0435dnj\u0435g izv\u0458\u0435\u0161t\u0430\u0458\u0430 \u043e \u0435pid\u0435mi\u043el\u043e\u0161k\u043e\u0458 situ\u0430ci\u0458i, u Institutu z\u0430 \u0458\u0430vn\u043e zdr\u0430vstv\u043e R\u0435publik\u0435 Srpsk\u0435, Univ\u0435rzit\u0435tsk\u043em klini\u010dk\u043em c\u0435ntru R\u0435publik\u0435 Srpsk\u0435, Univ\u0435rzit\u0435tsk\u043e\u0458 b\u043elnici u F\u043e\u010di i u b\u043elnic\u0430m\u0430 Sv. Vr\u0430\u010d\u0435vi u Bi\u0458\u0435ljini i Sv. Luk\u0430 u D\u043eb\u043e\u0458u izvr\u0161\u0435n\u043e \u0458\u0435 t\u0435stir\u0430nj\u0435 423 l\u0430b\u043er\u0430t\u043eri\u0458sk\u0430 uz\u043erk\u0430, \u0430 n\u043evi virus k\u043er\u043en\u0430 (SARS-CoV-2) p\u043etvr\u0111\u0435n \u0458\u0435 k\u043ed 247 \u043es\u043eb\u0430. Pri\u0458\u0430vlj\u0435n\u0430 su tri smrtn\u0430 slu\u010d\u0430\u0458\u0430.&nbsp;<\/p>\n\n\n\n<p>D\u043e s\u0430d\u0430 \u0458\u0435 u RS-u p\u043etvr\u0111\u0435n\u043e 114.487 slu\u010da\u0458\u0435v\u0430 virus\u0430 k\u043er\u043en\u0430, \u0430 pr\u0435minul\u043e \u0458\u0435 ukupn\u043e 6.405 \u043es\u043eb\u0430 k\u043ed k\u043e\u0458ih \u0458\u0435 p\u043etvr\u0111\u0435n t\u0435st n\u0430 virus k\u043er\u043en\u0430. T\u0435stir\u0430n\u043e \u0458\u0435 ukupn\u043e 431.146 \u043es\u043eb\u0430. Ukup\u0430n br\u043e\u0458 h\u043espit\u0430liziranih &nbsp;\u0458\u0435 103, a na r\u0435spir\u0430t\u043eru \u0458\u0435 p\u0435t \u043es\u043eb\u0430.<\/p>\n\n\n\n<p>U Br\u010dko distriktu BiH je registrirano 46 novih slu\u010dajeva zaraze virusom korona, ura\u0111eno je 69 testova, a trenutno su aktivna 264 slu\u010daja. Od posljedica koronavirusa u &nbsp;Br\u010dko distriktu BiH do sada je preminulo ukupno 536 osoba.&nbsp;<\/p>\n\n\n\n<p>Izvor:pogled.ba<\/p>\n","protected":false},"excerpt":{"rendered":"<p>U Bosni i Hercegovini u protekla 24 sata registrirano je 568 osoba pozitivnih na koronavirus, od 1.376 obra\u0111enih testova. &nbsp;Prijavljeno je sedam smrtnih ishoda, \u010detiri u FBiH, tri u RS-u, priop\u0107eno je iz entitetskih ustanova za javno zdravstvo i Vlade Br\u010dko distrikta BiH. Do sada je u BiH ukupno preminula 15.851 osoba od posljedica zaraze [&hellip;]<\/p>\n","protected":false},"author":2,"featured_media":65821,"comment_status":"closed","ping_status":"closed","sticky":false,"template":"","format":"standard","meta":{"h5ap_radio_sources":[],"footnotes":""},"categories":[1],"tags":[],"class_list":["post-164076","post","type-post","status-publish","format-standard","has-post-thumbnail","hentry","category-bihiregija"],"yoast_head":"<!-- This site is optimized with the Yoast SEO plugin v27.5 - https:\/\/yoast.com\/product\/yoast-seo-wordpress\/ -->\n<title>Raste broj zara\u017eenih koronom u BiH, preminulo sedam osoba - RADIO LJUBU\u0160KI<\/title>\n<meta name=\"robots\" content=\"index, follow, max-snippet:-1, max-image-preview:large, max-video-preview:-1\" \/>\n<link rel=\"canonical\" href=\"https:\/\/radioljubuski.ba\/index.php\/2022\/07\/27\/raste-broj-zarazenih-koronom-u-bih-preminulo-sedam-osoba\/\" \/>\n<meta property=\"og:locale\" content=\"hr_HR\" \/>\n<meta property=\"og:type\" content=\"article\" \/>\n<meta property=\"og:title\" content=\"Raste broj zara\u017eenih koronom u BiH, preminulo sedam osoba - RADIO LJUBU\u0160KI\" \/>\n<meta property=\"og:description\" content=\"U Bosni i Hercegovini u protekla 24 sata registrirano je 568 osoba pozitivnih na koronavirus, od 1.376 obra\u0111enih testova. &nbsp;Prijavljeno je sedam smrtnih ishoda, \u010detiri u FBiH, tri u RS-u, priop\u0107eno je iz entitetskih ustanova za javno zdravstvo i Vlade Br\u010dko distrikta BiH. Do sada je u BiH ukupno preminula 15.851 osoba od posljedica zaraze [&hellip;]\" \/>\n<meta property=\"og:url\" content=\"https:\/\/radioljubuski.ba\/index.php\/2022\/07\/27\/raste-broj-zarazenih-koronom-u-bih-preminulo-sedam-osoba\/\" \/>\n<meta property=\"og:site_name\" content=\"RADIO LJUBU\u0160KI\" \/>\n<meta property=\"article:publisher\" content=\"https:\/\/www.facebook.com\/Radiio-Ljubuski-1490835324566332\" \/>\n<meta property=\"article:published_time\" content=\"2022-07-27T11:50:41+00:00\" \/>\n<meta property=\"article:modified_time\" content=\"2022-07-27T11:50:42+00:00\" \/>\n<meta property=\"og:image\" content=\"https:\/\/radioljubuski.ba\/wp-content\/uploads\/2021\/09\/8-2021-08-20-15-46-47-koronavirus-testiranje.jpg\" \/>\n\t<meta property=\"og:image:width\" content=\"1000\" \/>\n\t<meta property=\"og:image:height\" content=\"625\" \/>\n\t<meta property=\"og:image:type\" content=\"image\/jpeg\" \/>\n<meta name=\"author\" content=\"Radio Ljubu\u0161ki\" \/>\n<meta name=\"twitter:card\" content=\"summary_large_image\" \/>\n<meta name=\"twitter:creator\" content=\"@radioljubuski\" \/>\n<meta name=\"twitter:site\" content=\"@radioljubuski\" \/>\n<meta name=\"twitter:label1\" content=\"Napisao\/la\" \/>\n\t<meta name=\"twitter:data1\" content=\"Radio Ljubu\u0161ki\" \/>\n\t<meta name=\"twitter:label2\" content=\"Procijenjeno vrijeme \u010ditanja\" \/>\n\t<meta name=\"twitter:data2\" content=\"2 minute\" \/>\n<script type=\"application\/ld+json\" class=\"yoast-schema-graph\">{\"@context\":\"https:\\\/\\\/schema.org\",\"@graph\":[{\"@type\":\"Article\",\"@id\":\"https:\\\/\\\/radioljubuski.ba\\\/index.php\\\/2022\\\/07\\\/27\\\/raste-broj-zarazenih-koronom-u-bih-preminulo-sedam-osoba\\\/#article\",\"isPartOf\":{\"@id\":\"https:\\\/\\\/radioljubuski.ba\\\/index.php\\\/2022\\\/07\\\/27\\\/raste-broj-zarazenih-koronom-u-bih-preminulo-sedam-osoba\\\/\"},\"author\":{\"name\":\"Radio Ljubu\u0161ki\",\"@id\":\"https:\\\/\\\/radioljubuski.ba\\\/#\\\/schema\\\/person\\\/19fc700381a780f69665d7956c469e3b\"},\"headline\":\"Raste broj zara\u017eenih koronom u BiH, preminulo sedam osoba\",\"datePublished\":\"2022-07-27T11:50:41+00:00\",\"dateModified\":\"2022-07-27T11:50:42+00:00\",\"mainEntityOfPage\":{\"@id\":\"https:\\\/\\\/radioljubuski.ba\\\/index.php\\\/2022\\\/07\\\/27\\\/raste-broj-zarazenih-koronom-u-bih-preminulo-sedam-osoba\\\/\"},\"wordCount\":307,\"publisher\":{\"@id\":\"https:\\\/\\\/radioljubuski.ba\\\/#organization\"},\"image\":{\"@id\":\"https:\\\/\\\/radioljubuski.ba\\\/index.php\\\/2022\\\/07\\\/27\\\/raste-broj-zarazenih-koronom-u-bih-preminulo-sedam-osoba\\\/#primaryimage\"},\"thumbnailUrl\":\"https:\\\/\\\/radioljubuski.ba\\\/wp-content\\\/uploads\\\/2021\\\/09\\\/8-2021-08-20-15-46-47-koronavirus-testiranje.jpg\",\"articleSection\":[\"BIH i regija\"],\"inLanguage\":\"hr\"},{\"@type\":\"WebPage\",\"@id\":\"https:\\\/\\\/radioljubuski.ba\\\/index.php\\\/2022\\\/07\\\/27\\\/raste-broj-zarazenih-koronom-u-bih-preminulo-sedam-osoba\\\/\",\"url\":\"https:\\\/\\\/radioljubuski.ba\\\/index.php\\\/2022\\\/07\\\/27\\\/raste-broj-zarazenih-koronom-u-bih-preminulo-sedam-osoba\\\/\",\"name\":\"Raste broj zara\u017eenih koronom u BiH, preminulo sedam osoba - RADIO LJUBU\u0160KI\",\"isPartOf\":{\"@id\":\"https:\\\/\\\/radioljubuski.ba\\\/#website\"},\"primaryImageOfPage\":{\"@id\":\"https:\\\/\\\/radioljubuski.ba\\\/index.php\\\/2022\\\/07\\\/27\\\/raste-broj-zarazenih-koronom-u-bih-preminulo-sedam-osoba\\\/#primaryimage\"},\"image\":{\"@id\":\"https:\\\/\\\/radioljubuski.ba\\\/index.php\\\/2022\\\/07\\\/27\\\/raste-broj-zarazenih-koronom-u-bih-preminulo-sedam-osoba\\\/#primaryimage\"},\"thumbnailUrl\":\"https:\\\/\\\/radioljubuski.ba\\\/wp-content\\\/uploads\\\/2021\\\/09\\\/8-2021-08-20-15-46-47-koronavirus-testiranje.jpg\",\"datePublished\":\"2022-07-27T11:50:41+00:00\",\"dateModified\":\"2022-07-27T11:50:42+00:00\",\"breadcrumb\":{\"@id\":\"https:\\\/\\\/radioljubuski.ba\\\/index.php\\\/2022\\\/07\\\/27\\\/raste-broj-zarazenih-koronom-u-bih-preminulo-sedam-osoba\\\/#breadcrumb\"},\"inLanguage\":\"hr\",\"potentialAction\":[{\"@type\":\"ReadAction\",\"target\":[\"https:\\\/\\\/radioljubuski.ba\\\/index.php\\\/2022\\\/07\\\/27\\\/raste-broj-zarazenih-koronom-u-bih-preminulo-sedam-osoba\\\/\"]}]},{\"@type\":\"ImageObject\",\"inLanguage\":\"hr\",\"@id\":\"https:\\\/\\\/radioljubuski.ba\\\/index.php\\\/2022\\\/07\\\/27\\\/raste-broj-zarazenih-koronom-u-bih-preminulo-sedam-osoba\\\/#primaryimage\",\"url\":\"https:\\\/\\\/radioljubuski.ba\\\/wp-content\\\/uploads\\\/2021\\\/09\\\/8-2021-08-20-15-46-47-koronavirus-testiranje.jpg\",\"contentUrl\":\"https:\\\/\\\/radioljubuski.ba\\\/wp-content\\\/uploads\\\/2021\\\/09\\\/8-2021-08-20-15-46-47-koronavirus-testiranje.jpg\",\"width\":1000,\"height\":625},{\"@type\":\"BreadcrumbList\",\"@id\":\"https:\\\/\\\/radioljubuski.ba\\\/index.php\\\/2022\\\/07\\\/27\\\/raste-broj-zarazenih-koronom-u-bih-preminulo-sedam-osoba\\\/#breadcrumb\",\"itemListElement\":[{\"@type\":\"ListItem\",\"position\":1,\"name\":\"Po\u010detna stranica\",\"item\":\"https:\\\/\\\/radioljubuski.ba\\\/\"},{\"@type\":\"ListItem\",\"position\":2,\"name\":\"Raste broj zara\u017eenih koronom u BiH, preminulo sedam osoba\"}]},{\"@type\":\"WebSite\",\"@id\":\"https:\\\/\\\/radioljubuski.ba\\\/#website\",\"url\":\"https:\\\/\\\/radioljubuski.ba\\\/\",\"name\":\"Radio Ljubu\u0161ki\",\"description\":\"Sun\u010dana frekvencija Hercegovine\",\"publisher\":{\"@id\":\"https:\\\/\\\/radioljubuski.ba\\\/#organization\"},\"potentialAction\":[{\"@type\":\"SearchAction\",\"target\":{\"@type\":\"EntryPoint\",\"urlTemplate\":\"https:\\\/\\\/radioljubuski.ba\\\/?s={search_term_string}\"},\"query-input\":{\"@type\":\"PropertyValueSpecification\",\"valueRequired\":true,\"valueName\":\"search_term_string\"}}],\"inLanguage\":\"hr\"},{\"@type\":\"Organization\",\"@id\":\"https:\\\/\\\/radioljubuski.ba\\\/#organization\",\"name\":\"Radio Ljubu\u0161ki\",\"url\":\"https:\\\/\\\/radioljubuski.ba\\\/\",\"logo\":{\"@type\":\"ImageObject\",\"inLanguage\":\"hr\",\"@id\":\"https:\\\/\\\/radioljubuski.ba\\\/#\\\/schema\\\/logo\\\/image\\\/\",\"url\":\"https:\\\/\\\/radioljubuski.ba\\\/wp-content\\\/uploads\\\/2021\\\/02\\\/cropped-Radio_Ljubuski_logo1.jpg\",\"contentUrl\":\"https:\\\/\\\/radioljubuski.ba\\\/wp-content\\\/uploads\\\/2021\\\/02\\\/cropped-Radio_Ljubuski_logo1.jpg\",\"width\":512,\"height\":512,\"caption\":\"Radio Ljubu\u0161ki\"},\"image\":{\"@id\":\"https:\\\/\\\/radioljubuski.ba\\\/#\\\/schema\\\/logo\\\/image\\\/\"},\"sameAs\":[\"https:\\\/\\\/www.facebook.com\\\/Radiio-Ljubuski-1490835324566332\",\"https:\\\/\\\/x.com\\\/radioljubuski\",\"https:\\\/\\\/hr.linkedin.com\\\/company\\\/radio-ljubuski\",\"https:\\\/\\\/www.youtube.com\\\/channel\\\/UCHYaeO_n0Db3tjNGudGpXyw\"]},{\"@type\":\"Person\",\"@id\":\"https:\\\/\\\/radioljubuski.ba\\\/#\\\/schema\\\/person\\\/19fc700381a780f69665d7956c469e3b\",\"name\":\"Radio Ljubu\u0161ki\"}]}<\/script>\n<!-- \/ Yoast SEO plugin. -->","yoast_head_json":{"title":"Raste broj zara\u017eenih koronom u BiH, preminulo sedam osoba - RADIO LJUBU\u0160KI","robots":{"index":"index","follow":"follow","max-snippet":"max-snippet:-1","max-image-preview":"max-image-preview:large","max-video-preview":"max-video-preview:-1"},"canonical":"https:\/\/radioljubuski.ba\/index.php\/2022\/07\/27\/raste-broj-zarazenih-koronom-u-bih-preminulo-sedam-osoba\/","og_locale":"hr_HR","og_type":"article","og_title":"Raste broj zara\u017eenih koronom u BiH, preminulo sedam osoba - RADIO LJUBU\u0160KI","og_description":"U Bosni i Hercegovini u protekla 24 sata registrirano je 568 osoba pozitivnih na koronavirus, od 1.376 obra\u0111enih testova. &nbsp;Prijavljeno je sedam smrtnih ishoda, \u010detiri u FBiH, tri u RS-u, priop\u0107eno je iz entitetskih ustanova za javno zdravstvo i Vlade Br\u010dko distrikta BiH. Do sada je u BiH ukupno preminula 15.851 osoba od posljedica zaraze [&hellip;]","og_url":"https:\/\/radioljubuski.ba\/index.php\/2022\/07\/27\/raste-broj-zarazenih-koronom-u-bih-preminulo-sedam-osoba\/","og_site_name":"RADIO LJUBU\u0160KI","article_publisher":"https:\/\/www.facebook.com\/Radiio-Ljubuski-1490835324566332","article_published_time":"2022-07-27T11:50:41+00:00","article_modified_time":"2022-07-27T11:50:42+00:00","og_image":[{"width":1000,"height":625,"url":"https:\/\/radioljubuski.ba\/wp-content\/uploads\/2021\/09\/8-2021-08-20-15-46-47-koronavirus-testiranje.jpg","type":"image\/jpeg"}],"author":"Radio Ljubu\u0161ki","twitter_card":"summary_large_image","twitter_creator":"@radioljubuski","twitter_site":"@radioljubuski","twitter_misc":{"Napisao\/la":"Radio Ljubu\u0161ki","Procijenjeno vrijeme \u010ditanja":"2 minute"},"schema":{"@context":"https:\/\/schema.org","@graph":[{"@type":"Article","@id":"https:\/\/radioljubuski.ba\/index.php\/2022\/07\/27\/raste-broj-zarazenih-koronom-u-bih-preminulo-sedam-osoba\/#article","isPartOf":{"@id":"https:\/\/radioljubuski.ba\/index.php\/2022\/07\/27\/raste-broj-zarazenih-koronom-u-bih-preminulo-sedam-osoba\/"},"author":{"name":"Radio Ljubu\u0161ki","@id":"https:\/\/radioljubuski.ba\/#\/schema\/person\/19fc700381a780f69665d7956c469e3b"},"headline":"Raste broj zara\u017eenih koronom u BiH, preminulo sedam osoba","datePublished":"2022-07-27T11:50:41+00:00","dateModified":"2022-07-27T11:50:42+00:00","mainEntityOfPage":{"@id":"https:\/\/radioljubuski.ba\/index.php\/2022\/07\/27\/raste-broj-zarazenih-koronom-u-bih-preminulo-sedam-osoba\/"},"wordCount":307,"publisher":{"@id":"https:\/\/radioljubuski.ba\/#organization"},"image":{"@id":"https:\/\/radioljubuski.ba\/index.php\/2022\/07\/27\/raste-broj-zarazenih-koronom-u-bih-preminulo-sedam-osoba\/#primaryimage"},"thumbnailUrl":"https:\/\/radioljubuski.ba\/wp-content\/uploads\/2021\/09\/8-2021-08-20-15-46-47-koronavirus-testiranje.jpg","articleSection":["BIH i regija"],"inLanguage":"hr"},{"@type":"WebPage","@id":"https:\/\/radioljubuski.ba\/index.php\/2022\/07\/27\/raste-broj-zarazenih-koronom-u-bih-preminulo-sedam-osoba\/","url":"https:\/\/radioljubuski.ba\/index.php\/2022\/07\/27\/raste-broj-zarazenih-koronom-u-bih-preminulo-sedam-osoba\/","name":"Raste broj zara\u017eenih koronom u BiH, preminulo sedam osoba - RADIO LJUBU\u0160KI","isPartOf":{"@id":"https:\/\/radioljubuski.ba\/#website"},"primaryImageOfPage":{"@id":"https:\/\/radioljubuski.ba\/index.php\/2022\/07\/27\/raste-broj-zarazenih-koronom-u-bih-preminulo-sedam-osoba\/#primaryimage"},"image":{"@id":"https:\/\/radioljubuski.ba\/index.php\/2022\/07\/27\/raste-broj-zarazenih-koronom-u-bih-preminulo-sedam-osoba\/#primaryimage"},"thumbnailUrl":"https:\/\/radioljubuski.ba\/wp-content\/uploads\/2021\/09\/8-2021-08-20-15-46-47-koronavirus-testiranje.jpg","datePublished":"2022-07-27T11:50:41+00:00","dateModified":"2022-07-27T11:50:42+00:00","breadcrumb":{"@id":"https:\/\/radioljubuski.ba\/index.php\/2022\/07\/27\/raste-broj-zarazenih-koronom-u-bih-preminulo-sedam-osoba\/#breadcrumb"},"inLanguage":"hr","potentialAction":[{"@type":"ReadAction","target":["https:\/\/radioljubuski.ba\/index.php\/2022\/07\/27\/raste-broj-zarazenih-koronom-u-bih-preminulo-sedam-osoba\/"]}]},{"@type":"ImageObject","inLanguage":"hr","@id":"https:\/\/radioljubuski.ba\/index.php\/2022\/07\/27\/raste-broj-zarazenih-koronom-u-bih-preminulo-sedam-osoba\/#primaryimage","url":"https:\/\/radioljubuski.ba\/wp-content\/uploads\/2021\/09\/8-2021-08-20-15-46-47-koronavirus-testiranje.jpg","contentUrl":"https:\/\/radioljubuski.ba\/wp-content\/uploads\/2021\/09\/8-2021-08-20-15-46-47-koronavirus-testiranje.jpg","width":1000,"height":625},{"@type":"BreadcrumbList","@id":"https:\/\/radioljubuski.ba\/index.php\/2022\/07\/27\/raste-broj-zarazenih-koronom-u-bih-preminulo-sedam-osoba\/#breadcrumb","itemListElement":[{"@type":"ListItem","position":1,"name":"Po\u010detna stranica","item":"https:\/\/radioljubuski.ba\/"},{"@type":"ListItem","position":2,"name":"Raste broj zara\u017eenih koronom u BiH, preminulo sedam osoba"}]},{"@type":"WebSite","@id":"https:\/\/radioljubuski.ba\/#website","url":"https:\/\/radioljubuski.ba\/","name":"Radio Ljubu\u0161ki","description":"Sun\u010dana frekvencija Hercegovine","publisher":{"@id":"https:\/\/radioljubuski.ba\/#organization"},"potentialAction":[{"@type":"SearchAction","target":{"@type":"EntryPoint","urlTemplate":"https:\/\/radioljubuski.ba\/?s={search_term_string}"},"query-input":{"@type":"PropertyValueSpecification","valueRequired":true,"valueName":"search_term_string"}}],"inLanguage":"hr"},{"@type":"Organization","@id":"https:\/\/radioljubuski.ba\/#organization","name":"Radio Ljubu\u0161ki","url":"https:\/\/radioljubuski.ba\/","logo":{"@type":"ImageObject","inLanguage":"hr","@id":"https:\/\/radioljubuski.ba\/#\/schema\/logo\/image\/","url":"https:\/\/radioljubuski.ba\/wp-content\/uploads\/2021\/02\/cropped-Radio_Ljubuski_logo1.jpg","contentUrl":"https:\/\/radioljubuski.ba\/wp-content\/uploads\/2021\/02\/cropped-Radio_Ljubuski_logo1.jpg","width":512,"height":512,"caption":"Radio Ljubu\u0161ki"},"image":{"@id":"https:\/\/radioljubuski.ba\/#\/schema\/logo\/image\/"},"sameAs":["https:\/\/www.facebook.com\/Radiio-Ljubuski-1490835324566332","https:\/\/x.com\/radioljubuski","https:\/\/hr.linkedin.com\/company\/radio-ljubuski","https:\/\/www.youtube.com\/channel\/UCHYaeO_n0Db3tjNGudGpXyw"]},{"@type":"Person","@id":"https:\/\/radioljubuski.ba\/#\/schema\/person\/19fc700381a780f69665d7956c469e3b","name":"Radio Ljubu\u0161ki"}]}},"_links":{"self":[{"href":"https:\/\/radioljubuski.ba\/index.php\/wp-json\/wp\/v2\/posts\/164076","targetHints":{"allow":["GET"]}}],"collection":[{"href":"https:\/\/radioljubuski.ba\/index.php\/wp-json\/wp\/v2\/posts"}],"about":[{"href":"https:\/\/radioljubuski.ba\/index.php\/wp-json\/wp\/v2\/types\/post"}],"author":[{"embeddable":true,"href":"https:\/\/radioljubuski.ba\/index.php\/wp-json\/wp\/v2\/users\/2"}],"replies":[{"embeddable":true,"href":"https:\/\/radioljubuski.ba\/index.php\/wp-json\/wp\/v2\/comments?post=164076"}],"version-history":[{"count":1,"href":"https:\/\/radioljubuski.ba\/index.php\/wp-json\/wp\/v2\/posts\/164076\/revisions"}],"predecessor-version":[{"id":164077,"href":"https:\/\/radioljubuski.ba\/index.php\/wp-json\/wp\/v2\/posts\/164076\/revisions\/164077"}],"wp:featuredmedia":[{"embeddable":true,"href":"https:\/\/radioljubuski.ba\/index.php\/wp-json\/wp\/v2\/media\/65821"}],"wp:attachment":[{"href":"https:\/\/radioljubuski.ba\/index.php\/wp-json\/wp\/v2\/media?parent=164076"}],"wp:term":[{"taxonomy":"category","embeddable":true,"href":"https:\/\/radioljubuski.ba\/index.php\/wp-json\/wp\/v2\/categories?post=164076"},{"taxonomy":"post_tag","embeddable":true,"href":"https:\/\/radioljubuski.ba\/index.php\/wp-json\/wp\/v2\/tags?post=164076"}],"curies":[{"name":"wp","href":"https:\/\/api.w.org\/{rel}","templated":true}]}}