{"id":164088,"date":"2022-07-27T16:50:44","date_gmt":"2022-07-27T15:50:44","guid":{"rendered":"https:\/\/radioljubuski.ba\/?p=164088"},"modified":"2022-07-27T16:50:45","modified_gmt":"2022-07-27T15:50:45","slug":"milorad-spava-u-hrvatskoj-a-ovce-napasa-u-hercegovini","status":"publish","type":"post","link":"https:\/\/radioljubuski.ba\/index.php\/2022\/07\/27\/milorad-spava-u-hrvatskoj-a-ovce-napasa-u-hercegovini\/","title":{"rendered":"Milorad spava u Hrvatskoj, a ovce napasa u Hercegovini"},"content":{"rendered":"\n<p>Lijep je i prelijep krajnji jug \u010capljine koji se preko brda Brstinova jabuka spu\u0161ta sve do nadomak Bijelog Vira, odnosno delte Neretve. Krajnja to\u010dka je naselje Glu\u0161ci koje me\u0111a, udarena Po\u017eareva\u010dkim mirom potpisanim 21. srpnja 1718. godine, dijeli na hercegova\u010dki i dalmatinski dio.<\/p>\n\n\n\n<p>Po\u017eareva\u010dki mir<\/p>\n\n\n\n<p>Glu\u0161ci su poznati iz vremena Hercegova\u010dkog ustanka 1875. &#8211; 1878. godine kada su katoli\u010dki ustanici ba\u0161 u Glu\u0161cima do\u010dekali konzule velikih sila. Od primirja te 1875. godine nije bilo ni\u0161ta, a danas nad tim prostorom vlada savr\u0161eni mir. Remeti ga jedino zvono na nekom od ovnova iz stada Milorada Brstine koji pripovijeda: &#8211; Ovdje gore dosta je bolja pa\u0161a nego dolje u podno\u017eju gdje su ku\u0107e.<\/p>\n\n\n\n<p>Ovdje je malo uvi\u0161e, a ima i ravnice &#8211; prostranstvo. Dolazi malo stoke, ove moje ovce i jo\u0161 dvadesetak-trideset krava iz sela, to je sve \u0161to ima. Sada je zasu\u0161ilo, pa nije ba\u0161 najbolje. Imaju tu okolo iskopane tri-\u010detiri rupe, lokve za vodu. Snalazimo se, guramo dan za danom. Ovce su proljetos dosta dobro napredovale, sada je zasu\u0161ilo &#8211; govori nam Milorad koji od \u201csredstava\u201d za rad ima psa i radioprijamnik.<\/p>\n\n\n\n<p>&#8211; Pas je tu za svaki slu\u010daj da me upozori na vuka u blizini, a radio ponekad upalim da nisam sam, da ubijem dosadu i tako.<\/p>\n\n\n\n<p>Kao i preostali stanovnici Glu\u0161aca, Milorad je mirovinu zaradio rade\u0107i u Metkovi\u0107u. U rodnim Glu\u0161cima, hercegova\u010dkom dijelu toga naselja, nema stalnih stanovnika.<\/p>\n\n\n\n<p>&#8211; Ku\u0107e su u dobrom stanju, obnovljene, dvije kamene dobro sre\u0111ene, vode ima, svega ima, ali svaku ve\u010der putujemo u Metkovi\u0107 i ujutro se vra\u0107amo. Svega ima osim naroda, do\u0161lo takvo vrijeme. Ja sam tu ro\u0111en, ali takav je \u017eivot, svijet se razi\u0161ao. Mo\u017eda i ne bi da je bilo pravog puta. Ovdje jedino dolaze lovci. Ni ovi ste\u0107ci se ne\u0107e vidjeti kako je krenulo &#8211; veli Milorad pokazuju\u0107i goleme \u201ckamene spava\u010de\u201d nasred prostrane livade.<\/p>\n\n\n\n<p>Podsje\u0107amo ga da ste\u0107ci na Kljenku nigdje nisu registrirani u slu\u017ebenim dokumentima u BiH, a on dodaje: &#8211;<\/p>\n\n\n\n<p>Nisam znao da nisu, ali dva puta su neki dolazili i fotografirali te ste\u0107ke u groblju &#8211; i ovdje. \u010cak je i iz Metkovi\u0107a dolazio jedan i fotografirao, rekao je da \u0107e opet do\u0107i &#8211; govori Milorad, dodaju\u0107i kako vi\u0161e nisu dolazili.<\/p>\n\n\n\n<p>Zapu\u0161teni ste\u0107ci<\/p>\n\n\n\n<p>&#8211; Ne, niti me itko pitao za ste\u0107ke izuzev tih nekoliko puta. Nikoga ni\u0161ta nije zanimalo. Ja sam ro\u0111en ovdje i registriran u \u010capljini, ali sam sve papire prebacio u Metkovi\u0107. Tamo sam radio, sada do\u0111em ku\u0107i koja je u Hercegovini, a u \u010capljinu mogu samo preko&nbsp;Metkovi\u0107a.<\/p>\n\n\n\n<p>Izvor.pogled.ba<\/p>\n","protected":false},"excerpt":{"rendered":"<p>Lijep je i prelijep krajnji jug \u010capljine koji se preko brda Brstinova jabuka spu\u0161ta sve do nadomak Bijelog Vira, odnosno delte Neretve. Krajnja to\u010dka je naselje Glu\u0161ci koje me\u0111a, udarena Po\u017eareva\u010dkim mirom potpisanim 21. srpnja 1718. godine, dijeli na hercegova\u010dki i dalmatinski dio. Po\u017eareva\u010dki mir Glu\u0161ci su poznati iz vremena Hercegova\u010dkog ustanka 1875. &#8211; 1878. [&hellip;]<\/p>\n","protected":false},"author":2,"featured_media":164089,"comment_status":"closed","ping_status":"closed","sticky":false,"template":"","format":"standard","meta":{"h5ap_radio_sources":[],"footnotes":""},"categories":[1],"tags":[],"class_list":["post-164088","post","type-post","status-publish","format-standard","has-post-thumbnail","hentry","category-bihiregija"],"yoast_head":"<!-- This site is optimized with the Yoast SEO plugin v27.5 - https:\/\/yoast.com\/product\/yoast-seo-wordpress\/ -->\n<title>Milorad spava u Hrvatskoj, a ovce napasa u Hercegovini - RADIO LJUBU\u0160KI<\/title>\n<meta name=\"robots\" content=\"index, follow, max-snippet:-1, max-image-preview:large, max-video-preview:-1\" \/>\n<link rel=\"canonical\" href=\"https:\/\/radioljubuski.ba\/index.php\/2022\/07\/27\/milorad-spava-u-hrvatskoj-a-ovce-napasa-u-hercegovini\/\" \/>\n<meta property=\"og:locale\" content=\"hr_HR\" \/>\n<meta property=\"og:type\" content=\"article\" \/>\n<meta property=\"og:title\" content=\"Milorad spava u Hrvatskoj, a ovce napasa u Hercegovini - RADIO LJUBU\u0160KI\" \/>\n<meta property=\"og:description\" content=\"Lijep je i prelijep krajnji jug \u010capljine koji se preko brda Brstinova jabuka spu\u0161ta sve do nadomak Bijelog Vira, odnosno delte Neretve. Krajnja to\u010dka je naselje Glu\u0161ci koje me\u0111a, udarena Po\u017eareva\u010dkim mirom potpisanim 21. srpnja 1718. godine, dijeli na hercegova\u010dki i dalmatinski dio. Po\u017eareva\u010dki mir Glu\u0161ci su poznati iz vremena Hercegova\u010dkog ustanka 1875. &#8211; 1878. [&hellip;]\" \/>\n<meta property=\"og:url\" content=\"https:\/\/radioljubuski.ba\/index.php\/2022\/07\/27\/milorad-spava-u-hrvatskoj-a-ovce-napasa-u-hercegovini\/\" \/>\n<meta property=\"og:site_name\" content=\"RADIO LJUBU\u0160KI\" \/>\n<meta property=\"article:publisher\" content=\"https:\/\/www.facebook.com\/Radiio-Ljubuski-1490835324566332\" \/>\n<meta property=\"article:published_time\" content=\"2022-07-27T15:50:44+00:00\" \/>\n<meta property=\"article:modified_time\" content=\"2022-07-27T15:50:45+00:00\" \/>\n<meta property=\"og:image\" content=\"https:\/\/radioljubuski.ba\/wp-content\/uploads\/2022\/07\/10-2022-07-27-16-24-24-Snimka-zaslona-2022-07-27-162323.jpg\" \/>\n\t<meta property=\"og:image:width\" content=\"1000\" \/>\n\t<meta property=\"og:image:height\" content=\"625\" \/>\n\t<meta property=\"og:image:type\" content=\"image\/jpeg\" \/>\n<meta name=\"author\" content=\"Radio Ljubu\u0161ki\" \/>\n<meta name=\"twitter:card\" content=\"summary_large_image\" \/>\n<meta name=\"twitter:creator\" content=\"@radioljubuski\" \/>\n<meta name=\"twitter:site\" content=\"@radioljubuski\" \/>\n<meta name=\"twitter:label1\" content=\"Napisao\/la\" \/>\n\t<meta name=\"twitter:data1\" content=\"Radio Ljubu\u0161ki\" \/>\n\t<meta name=\"twitter:label2\" content=\"Procijenjeno vrijeme \u010ditanja\" \/>\n\t<meta name=\"twitter:data2\" content=\"2 minute\" \/>\n<script type=\"application\/ld+json\" class=\"yoast-schema-graph\">{\"@context\":\"https:\\\/\\\/schema.org\",\"@graph\":[{\"@type\":\"Article\",\"@id\":\"https:\\\/\\\/radioljubuski.ba\\\/index.php\\\/2022\\\/07\\\/27\\\/milorad-spava-u-hrvatskoj-a-ovce-napasa-u-hercegovini\\\/#article\",\"isPartOf\":{\"@id\":\"https:\\\/\\\/radioljubuski.ba\\\/index.php\\\/2022\\\/07\\\/27\\\/milorad-spava-u-hrvatskoj-a-ovce-napasa-u-hercegovini\\\/\"},\"author\":{\"name\":\"Radio Ljubu\u0161ki\",\"@id\":\"https:\\\/\\\/radioljubuski.ba\\\/#\\\/schema\\\/person\\\/19fc700381a780f69665d7956c469e3b\"},\"headline\":\"Milorad spava u Hrvatskoj, a ovce napasa u Hercegovini\",\"datePublished\":\"2022-07-27T15:50:44+00:00\",\"dateModified\":\"2022-07-27T15:50:45+00:00\",\"mainEntityOfPage\":{\"@id\":\"https:\\\/\\\/radioljubuski.ba\\\/index.php\\\/2022\\\/07\\\/27\\\/milorad-spava-u-hrvatskoj-a-ovce-napasa-u-hercegovini\\\/\"},\"wordCount\":480,\"publisher\":{\"@id\":\"https:\\\/\\\/radioljubuski.ba\\\/#organization\"},\"image\":{\"@id\":\"https:\\\/\\\/radioljubuski.ba\\\/index.php\\\/2022\\\/07\\\/27\\\/milorad-spava-u-hrvatskoj-a-ovce-napasa-u-hercegovini\\\/#primaryimage\"},\"thumbnailUrl\":\"https:\\\/\\\/radioljubuski.ba\\\/wp-content\\\/uploads\\\/2022\\\/07\\\/10-2022-07-27-16-24-24-Snimka-zaslona-2022-07-27-162323.jpg\",\"articleSection\":[\"BIH i regija\"],\"inLanguage\":\"hr\"},{\"@type\":\"WebPage\",\"@id\":\"https:\\\/\\\/radioljubuski.ba\\\/index.php\\\/2022\\\/07\\\/27\\\/milorad-spava-u-hrvatskoj-a-ovce-napasa-u-hercegovini\\\/\",\"url\":\"https:\\\/\\\/radioljubuski.ba\\\/index.php\\\/2022\\\/07\\\/27\\\/milorad-spava-u-hrvatskoj-a-ovce-napasa-u-hercegovini\\\/\",\"name\":\"Milorad spava u Hrvatskoj, a ovce napasa u Hercegovini - RADIO LJUBU\u0160KI\",\"isPartOf\":{\"@id\":\"https:\\\/\\\/radioljubuski.ba\\\/#website\"},\"primaryImageOfPage\":{\"@id\":\"https:\\\/\\\/radioljubuski.ba\\\/index.php\\\/2022\\\/07\\\/27\\\/milorad-spava-u-hrvatskoj-a-ovce-napasa-u-hercegovini\\\/#primaryimage\"},\"image\":{\"@id\":\"https:\\\/\\\/radioljubuski.ba\\\/index.php\\\/2022\\\/07\\\/27\\\/milorad-spava-u-hrvatskoj-a-ovce-napasa-u-hercegovini\\\/#primaryimage\"},\"thumbnailUrl\":\"https:\\\/\\\/radioljubuski.ba\\\/wp-content\\\/uploads\\\/2022\\\/07\\\/10-2022-07-27-16-24-24-Snimka-zaslona-2022-07-27-162323.jpg\",\"datePublished\":\"2022-07-27T15:50:44+00:00\",\"dateModified\":\"2022-07-27T15:50:45+00:00\",\"breadcrumb\":{\"@id\":\"https:\\\/\\\/radioljubuski.ba\\\/index.php\\\/2022\\\/07\\\/27\\\/milorad-spava-u-hrvatskoj-a-ovce-napasa-u-hercegovini\\\/#breadcrumb\"},\"inLanguage\":\"hr\",\"potentialAction\":[{\"@type\":\"ReadAction\",\"target\":[\"https:\\\/\\\/radioljubuski.ba\\\/index.php\\\/2022\\\/07\\\/27\\\/milorad-spava-u-hrvatskoj-a-ovce-napasa-u-hercegovini\\\/\"]}]},{\"@type\":\"ImageObject\",\"inLanguage\":\"hr\",\"@id\":\"https:\\\/\\\/radioljubuski.ba\\\/index.php\\\/2022\\\/07\\\/27\\\/milorad-spava-u-hrvatskoj-a-ovce-napasa-u-hercegovini\\\/#primaryimage\",\"url\":\"https:\\\/\\\/radioljubuski.ba\\\/wp-content\\\/uploads\\\/2022\\\/07\\\/10-2022-07-27-16-24-24-Snimka-zaslona-2022-07-27-162323.jpg\",\"contentUrl\":\"https:\\\/\\\/radioljubuski.ba\\\/wp-content\\\/uploads\\\/2022\\\/07\\\/10-2022-07-27-16-24-24-Snimka-zaslona-2022-07-27-162323.jpg\",\"width\":1000,\"height\":625},{\"@type\":\"BreadcrumbList\",\"@id\":\"https:\\\/\\\/radioljubuski.ba\\\/index.php\\\/2022\\\/07\\\/27\\\/milorad-spava-u-hrvatskoj-a-ovce-napasa-u-hercegovini\\\/#breadcrumb\",\"itemListElement\":[{\"@type\":\"ListItem\",\"position\":1,\"name\":\"Po\u010detna stranica\",\"item\":\"https:\\\/\\\/radioljubuski.ba\\\/\"},{\"@type\":\"ListItem\",\"position\":2,\"name\":\"Milorad spava u Hrvatskoj, a ovce napasa u Hercegovini\"}]},{\"@type\":\"WebSite\",\"@id\":\"https:\\\/\\\/radioljubuski.ba\\\/#website\",\"url\":\"https:\\\/\\\/radioljubuski.ba\\\/\",\"name\":\"Radio Ljubu\u0161ki\",\"description\":\"Sun\u010dana frekvencija Hercegovine\",\"publisher\":{\"@id\":\"https:\\\/\\\/radioljubuski.ba\\\/#organization\"},\"potentialAction\":[{\"@type\":\"SearchAction\",\"target\":{\"@type\":\"EntryPoint\",\"urlTemplate\":\"https:\\\/\\\/radioljubuski.ba\\\/?s={search_term_string}\"},\"query-input\":{\"@type\":\"PropertyValueSpecification\",\"valueRequired\":true,\"valueName\":\"search_term_string\"}}],\"inLanguage\":\"hr\"},{\"@type\":\"Organization\",\"@id\":\"https:\\\/\\\/radioljubuski.ba\\\/#organization\",\"name\":\"Radio Ljubu\u0161ki\",\"url\":\"https:\\\/\\\/radioljubuski.ba\\\/\",\"logo\":{\"@type\":\"ImageObject\",\"inLanguage\":\"hr\",\"@id\":\"https:\\\/\\\/radioljubuski.ba\\\/#\\\/schema\\\/logo\\\/image\\\/\",\"url\":\"https:\\\/\\\/radioljubuski.ba\\\/wp-content\\\/uploads\\\/2021\\\/02\\\/cropped-Radio_Ljubuski_logo1.jpg\",\"contentUrl\":\"https:\\\/\\\/radioljubuski.ba\\\/wp-content\\\/uploads\\\/2021\\\/02\\\/cropped-Radio_Ljubuski_logo1.jpg\",\"width\":512,\"height\":512,\"caption\":\"Radio Ljubu\u0161ki\"},\"image\":{\"@id\":\"https:\\\/\\\/radioljubuski.ba\\\/#\\\/schema\\\/logo\\\/image\\\/\"},\"sameAs\":[\"https:\\\/\\\/www.facebook.com\\\/Radiio-Ljubuski-1490835324566332\",\"https:\\\/\\\/x.com\\\/radioljubuski\",\"https:\\\/\\\/hr.linkedin.com\\\/company\\\/radio-ljubuski\",\"https:\\\/\\\/www.youtube.com\\\/channel\\\/UCHYaeO_n0Db3tjNGudGpXyw\"]},{\"@type\":\"Person\",\"@id\":\"https:\\\/\\\/radioljubuski.ba\\\/#\\\/schema\\\/person\\\/19fc700381a780f69665d7956c469e3b\",\"name\":\"Radio Ljubu\u0161ki\"}]}<\/script>\n<!-- \/ Yoast SEO plugin. -->","yoast_head_json":{"title":"Milorad spava u Hrvatskoj, a ovce napasa u Hercegovini - RADIO LJUBU\u0160KI","robots":{"index":"index","follow":"follow","max-snippet":"max-snippet:-1","max-image-preview":"max-image-preview:large","max-video-preview":"max-video-preview:-1"},"canonical":"https:\/\/radioljubuski.ba\/index.php\/2022\/07\/27\/milorad-spava-u-hrvatskoj-a-ovce-napasa-u-hercegovini\/","og_locale":"hr_HR","og_type":"article","og_title":"Milorad spava u Hrvatskoj, a ovce napasa u Hercegovini - RADIO LJUBU\u0160KI","og_description":"Lijep je i prelijep krajnji jug \u010capljine koji se preko brda Brstinova jabuka spu\u0161ta sve do nadomak Bijelog Vira, odnosno delte Neretve. Krajnja to\u010dka je naselje Glu\u0161ci koje me\u0111a, udarena Po\u017eareva\u010dkim mirom potpisanim 21. srpnja 1718. godine, dijeli na hercegova\u010dki i dalmatinski dio. Po\u017eareva\u010dki mir Glu\u0161ci su poznati iz vremena Hercegova\u010dkog ustanka 1875. &#8211; 1878. [&hellip;]","og_url":"https:\/\/radioljubuski.ba\/index.php\/2022\/07\/27\/milorad-spava-u-hrvatskoj-a-ovce-napasa-u-hercegovini\/","og_site_name":"RADIO LJUBU\u0160KI","article_publisher":"https:\/\/www.facebook.com\/Radiio-Ljubuski-1490835324566332","article_published_time":"2022-07-27T15:50:44+00:00","article_modified_time":"2022-07-27T15:50:45+00:00","og_image":[{"width":1000,"height":625,"url":"https:\/\/radioljubuski.ba\/wp-content\/uploads\/2022\/07\/10-2022-07-27-16-24-24-Snimka-zaslona-2022-07-27-162323.jpg","type":"image\/jpeg"}],"author":"Radio Ljubu\u0161ki","twitter_card":"summary_large_image","twitter_creator":"@radioljubuski","twitter_site":"@radioljubuski","twitter_misc":{"Napisao\/la":"Radio Ljubu\u0161ki","Procijenjeno vrijeme \u010ditanja":"2 minute"},"schema":{"@context":"https:\/\/schema.org","@graph":[{"@type":"Article","@id":"https:\/\/radioljubuski.ba\/index.php\/2022\/07\/27\/milorad-spava-u-hrvatskoj-a-ovce-napasa-u-hercegovini\/#article","isPartOf":{"@id":"https:\/\/radioljubuski.ba\/index.php\/2022\/07\/27\/milorad-spava-u-hrvatskoj-a-ovce-napasa-u-hercegovini\/"},"author":{"name":"Radio Ljubu\u0161ki","@id":"https:\/\/radioljubuski.ba\/#\/schema\/person\/19fc700381a780f69665d7956c469e3b"},"headline":"Milorad spava u Hrvatskoj, a ovce napasa u Hercegovini","datePublished":"2022-07-27T15:50:44+00:00","dateModified":"2022-07-27T15:50:45+00:00","mainEntityOfPage":{"@id":"https:\/\/radioljubuski.ba\/index.php\/2022\/07\/27\/milorad-spava-u-hrvatskoj-a-ovce-napasa-u-hercegovini\/"},"wordCount":480,"publisher":{"@id":"https:\/\/radioljubuski.ba\/#organization"},"image":{"@id":"https:\/\/radioljubuski.ba\/index.php\/2022\/07\/27\/milorad-spava-u-hrvatskoj-a-ovce-napasa-u-hercegovini\/#primaryimage"},"thumbnailUrl":"https:\/\/radioljubuski.ba\/wp-content\/uploads\/2022\/07\/10-2022-07-27-16-24-24-Snimka-zaslona-2022-07-27-162323.jpg","articleSection":["BIH i regija"],"inLanguage":"hr"},{"@type":"WebPage","@id":"https:\/\/radioljubuski.ba\/index.php\/2022\/07\/27\/milorad-spava-u-hrvatskoj-a-ovce-napasa-u-hercegovini\/","url":"https:\/\/radioljubuski.ba\/index.php\/2022\/07\/27\/milorad-spava-u-hrvatskoj-a-ovce-napasa-u-hercegovini\/","name":"Milorad spava u Hrvatskoj, a ovce napasa u Hercegovini - RADIO LJUBU\u0160KI","isPartOf":{"@id":"https:\/\/radioljubuski.ba\/#website"},"primaryImageOfPage":{"@id":"https:\/\/radioljubuski.ba\/index.php\/2022\/07\/27\/milorad-spava-u-hrvatskoj-a-ovce-napasa-u-hercegovini\/#primaryimage"},"image":{"@id":"https:\/\/radioljubuski.ba\/index.php\/2022\/07\/27\/milorad-spava-u-hrvatskoj-a-ovce-napasa-u-hercegovini\/#primaryimage"},"thumbnailUrl":"https:\/\/radioljubuski.ba\/wp-content\/uploads\/2022\/07\/10-2022-07-27-16-24-24-Snimka-zaslona-2022-07-27-162323.jpg","datePublished":"2022-07-27T15:50:44+00:00","dateModified":"2022-07-27T15:50:45+00:00","breadcrumb":{"@id":"https:\/\/radioljubuski.ba\/index.php\/2022\/07\/27\/milorad-spava-u-hrvatskoj-a-ovce-napasa-u-hercegovini\/#breadcrumb"},"inLanguage":"hr","potentialAction":[{"@type":"ReadAction","target":["https:\/\/radioljubuski.ba\/index.php\/2022\/07\/27\/milorad-spava-u-hrvatskoj-a-ovce-napasa-u-hercegovini\/"]}]},{"@type":"ImageObject","inLanguage":"hr","@id":"https:\/\/radioljubuski.ba\/index.php\/2022\/07\/27\/milorad-spava-u-hrvatskoj-a-ovce-napasa-u-hercegovini\/#primaryimage","url":"https:\/\/radioljubuski.ba\/wp-content\/uploads\/2022\/07\/10-2022-07-27-16-24-24-Snimka-zaslona-2022-07-27-162323.jpg","contentUrl":"https:\/\/radioljubuski.ba\/wp-content\/uploads\/2022\/07\/10-2022-07-27-16-24-24-Snimka-zaslona-2022-07-27-162323.jpg","width":1000,"height":625},{"@type":"BreadcrumbList","@id":"https:\/\/radioljubuski.ba\/index.php\/2022\/07\/27\/milorad-spava-u-hrvatskoj-a-ovce-napasa-u-hercegovini\/#breadcrumb","itemListElement":[{"@type":"ListItem","position":1,"name":"Po\u010detna stranica","item":"https:\/\/radioljubuski.ba\/"},{"@type":"ListItem","position":2,"name":"Milorad spava u Hrvatskoj, a ovce napasa u Hercegovini"}]},{"@type":"WebSite","@id":"https:\/\/radioljubuski.ba\/#website","url":"https:\/\/radioljubuski.ba\/","name":"Radio Ljubu\u0161ki","description":"Sun\u010dana frekvencija Hercegovine","publisher":{"@id":"https:\/\/radioljubuski.ba\/#organization"},"potentialAction":[{"@type":"SearchAction","target":{"@type":"EntryPoint","urlTemplate":"https:\/\/radioljubuski.ba\/?s={search_term_string}"},"query-input":{"@type":"PropertyValueSpecification","valueRequired":true,"valueName":"search_term_string"}}],"inLanguage":"hr"},{"@type":"Organization","@id":"https:\/\/radioljubuski.ba\/#organization","name":"Radio Ljubu\u0161ki","url":"https:\/\/radioljubuski.ba\/","logo":{"@type":"ImageObject","inLanguage":"hr","@id":"https:\/\/radioljubuski.ba\/#\/schema\/logo\/image\/","url":"https:\/\/radioljubuski.ba\/wp-content\/uploads\/2021\/02\/cropped-Radio_Ljubuski_logo1.jpg","contentUrl":"https:\/\/radioljubuski.ba\/wp-content\/uploads\/2021\/02\/cropped-Radio_Ljubuski_logo1.jpg","width":512,"height":512,"caption":"Radio Ljubu\u0161ki"},"image":{"@id":"https:\/\/radioljubuski.ba\/#\/schema\/logo\/image\/"},"sameAs":["https:\/\/www.facebook.com\/Radiio-Ljubuski-1490835324566332","https:\/\/x.com\/radioljubuski","https:\/\/hr.linkedin.com\/company\/radio-ljubuski","https:\/\/www.youtube.com\/channel\/UCHYaeO_n0Db3tjNGudGpXyw"]},{"@type":"Person","@id":"https:\/\/radioljubuski.ba\/#\/schema\/person\/19fc700381a780f69665d7956c469e3b","name":"Radio Ljubu\u0161ki"}]}},"_links":{"self":[{"href":"https:\/\/radioljubuski.ba\/index.php\/wp-json\/wp\/v2\/posts\/164088","targetHints":{"allow":["GET"]}}],"collection":[{"href":"https:\/\/radioljubuski.ba\/index.php\/wp-json\/wp\/v2\/posts"}],"about":[{"href":"https:\/\/radioljubuski.ba\/index.php\/wp-json\/wp\/v2\/types\/post"}],"author":[{"embeddable":true,"href":"https:\/\/radioljubuski.ba\/index.php\/wp-json\/wp\/v2\/users\/2"}],"replies":[{"embeddable":true,"href":"https:\/\/radioljubuski.ba\/index.php\/wp-json\/wp\/v2\/comments?post=164088"}],"version-history":[{"count":1,"href":"https:\/\/radioljubuski.ba\/index.php\/wp-json\/wp\/v2\/posts\/164088\/revisions"}],"predecessor-version":[{"id":164090,"href":"https:\/\/radioljubuski.ba\/index.php\/wp-json\/wp\/v2\/posts\/164088\/revisions\/164090"}],"wp:featuredmedia":[{"embeddable":true,"href":"https:\/\/radioljubuski.ba\/index.php\/wp-json\/wp\/v2\/media\/164089"}],"wp:attachment":[{"href":"https:\/\/radioljubuski.ba\/index.php\/wp-json\/wp\/v2\/media?parent=164088"}],"wp:term":[{"taxonomy":"category","embeddable":true,"href":"https:\/\/radioljubuski.ba\/index.php\/wp-json\/wp\/v2\/categories?post=164088"},{"taxonomy":"post_tag","embeddable":true,"href":"https:\/\/radioljubuski.ba\/index.php\/wp-json\/wp\/v2\/tags?post=164088"}],"curies":[{"name":"wp","href":"https:\/\/api.w.org\/{rel}","templated":true}]}}