{"id":164103,"date":"2022-07-27T16:56:33","date_gmt":"2022-07-27T15:56:33","guid":{"rendered":"https:\/\/radioljubuski.ba\/?p=164103"},"modified":"2022-07-27T16:56:34","modified_gmt":"2022-07-27T15:56:34","slug":"objavljen-popis-hrvatske-za-eurobasket-na-njemu-nekoliko-hercegovaca-i-amerikanac","status":"publish","type":"post","link":"https:\/\/radioljubuski.ba\/index.php\/2022\/07\/27\/objavljen-popis-hrvatske-za-eurobasket-na-njemu-nekoliko-hercegovaca-i-amerikanac\/","title":{"rendered":"Objavljen popis Hrvatske za Eurobasket: Na njemu nekoliko Hercegovaca i Amerikanac"},"content":{"rendered":"\n<p>Izbornik hrvatske ko\u0161arka\u0161ke reprezentacije Damir Mulaomerovi\u0107 objavio je \u0161iri popis kandidata za Europsko prvenstvo koje \u0107e se od 1. do 18. rujna odr\u017eati u \u010ce\u0161koj, Gruziji, Njema\u010dkoj i Italiji.<\/p>\n\n\n\n<p>Hrvatska \u0107e na Eurobasketu igrati u skupini C u Milanu s&nbsp;Italijom, Gr\u010dkom, Ukrajinom, Velikom Britanijom i Estonijom.<\/p>\n\n\n\n<p>U zavr\u0161nu fazu koja se igra u Berlinu napreduju&nbsp;\u010detiri najbolje&nbsp;reprezentacije iz svake skupine. U osmini finala Hrvatska \u0107e se kri\u017eati sa skupinom D u kojoj su&nbsp;Srbija, \u010ce\u0161ka, Izrael, Poljska, Nizozemska i Finska.<\/p>\n\n\n\n<p>Na popisu se nalazi 24 ko\u0161arka\u0161a, a&nbsp;pripreme kre\u0107u 3. kolovoza&nbsp;u Opatiji.<\/p>\n\n\n\n<p>Na popisu je i Amerikanac&nbsp;Jaleen Smith&nbsp;koji se nalazi u postupku stjecanja hrvatskog dr\u017eavljanstva.<\/p>\n\n\n\n<p>Prije Europskog prvenstva Hrvatska mora odigrati i&nbsp;dvije pretkvalifikacijske utakmice&nbsp;za sljede\u0107e Europsko prvenstvo koje \u0107e se 2025. igrati na Cipru, u Finskoj i Latviji.<\/p>\n\n\n\n<p>Hrvatska \u0107e u pretkvalifikacijama igrati u skupini s&nbsp;Poljskom, \u0160vicarskom i Austrijom, a u ovom ciklusu \u010dekaju ju utakmice protiv Poljske u gostima (25. kolovoza) i protiv \u0160vicarske (28. kolovoza) u Opatiji.<\/p>\n\n\n\n<p>Popis 24 reprezentativca Hrvatske:<\/p>\n\n\n\n<p>Roko Rogi\u0107<br>Goran Filipovi\u0107<br>Lovro Gnjidi\u0107<br>Jaleen Smith*<br>Dominik Mavra<br>Kre\u0161imir Radov\u010di\u0107<br>Bojan Bogdanovi\u0107<br>Mario Hezonja<br>Krunoslav Simon<br>Sven Smajlagi\u0107<br>Mateo Dre\u017enjak<br>Toni Perkovi\u0107<br>Pavle Mar\u010dinkovi\u0107<br>Dario \u0160ari\u0107<br>Ivan Ramljak<br>Roko Prka\u010din<br>Dario Dre\u017enjak<br>Toni Naki\u0107<br>\u017deljko \u0160aki\u0107<br>Matej Rudan<br>Dragan Bender<br>Ivica Zubac<br>Ante Toni \u017di\u017ei\u0107<br>Karlo Matkovi\u0107<\/p>\n\n\n\n<p>Izvor:pogled.ba<\/p>\n","protected":false},"excerpt":{"rendered":"<p>Izbornik hrvatske ko\u0161arka\u0161ke reprezentacije Damir Mulaomerovi\u0107 objavio je \u0161iri popis kandidata za Europsko prvenstvo koje \u0107e se od 1. do 18. rujna odr\u017eati u \u010ce\u0161koj, Gruziji, Njema\u010dkoj i Italiji. Hrvatska \u0107e na Eurobasketu igrati u skupini C u Milanu s&nbsp;Italijom, Gr\u010dkom, Ukrajinom, Velikom Britanijom i Estonijom. U zavr\u0161nu fazu koja se igra u Berlinu napreduju&nbsp;\u010detiri [&hellip;]<\/p>\n","protected":false},"author":2,"featured_media":34061,"comment_status":"closed","ping_status":"closed","sticky":false,"template":"","format":"standard","meta":{"h5ap_radio_sources":[],"footnotes":""},"categories":[7],"tags":[],"class_list":["post-164103","post","type-post","status-publish","format-standard","has-post-thumbnail","hentry","category-sport"],"yoast_head":"<!-- This site is optimized with the Yoast SEO plugin v27.5 - https:\/\/yoast.com\/product\/yoast-seo-wordpress\/ -->\n<title>Objavljen popis Hrvatske za Eurobasket: Na njemu nekoliko Hercegovaca i Amerikanac - RADIO LJUBU\u0160KI<\/title>\n<meta name=\"robots\" content=\"index, follow, max-snippet:-1, max-image-preview:large, max-video-preview:-1\" \/>\n<link rel=\"canonical\" href=\"https:\/\/radioljubuski.ba\/index.php\/2022\/07\/27\/objavljen-popis-hrvatske-za-eurobasket-na-njemu-nekoliko-hercegovaca-i-amerikanac\/\" \/>\n<meta property=\"og:locale\" content=\"hr_HR\" \/>\n<meta property=\"og:type\" content=\"article\" \/>\n<meta property=\"og:title\" content=\"Objavljen popis Hrvatske za Eurobasket: Na njemu nekoliko Hercegovaca i Amerikanac - RADIO LJUBU\u0160KI\" \/>\n<meta property=\"og:description\" content=\"Izbornik hrvatske ko\u0161arka\u0161ke reprezentacije Damir Mulaomerovi\u0107 objavio je \u0161iri popis kandidata za Europsko prvenstvo koje \u0107e se od 1. do 18. rujna odr\u017eati u \u010ce\u0161koj, Gruziji, Njema\u010dkoj i Italiji. Hrvatska \u0107e na Eurobasketu igrati u skupini C u Milanu s&nbsp;Italijom, Gr\u010dkom, Ukrajinom, Velikom Britanijom i Estonijom. U zavr\u0161nu fazu koja se igra u Berlinu napreduju&nbsp;\u010detiri [&hellip;]\" \/>\n<meta property=\"og:url\" content=\"https:\/\/radioljubuski.ba\/index.php\/2022\/07\/27\/objavljen-popis-hrvatske-za-eurobasket-na-njemu-nekoliko-hercegovaca-i-amerikanac\/\" \/>\n<meta property=\"og:site_name\" content=\"RADIO LJUBU\u0160KI\" \/>\n<meta property=\"article:publisher\" content=\"https:\/\/www.facebook.com\/Radiio-Ljubuski-1490835324566332\" \/>\n<meta property=\"article:published_time\" content=\"2022-07-27T15:56:33+00:00\" \/>\n<meta property=\"article:modified_time\" content=\"2022-07-27T15:56:34+00:00\" \/>\n<meta property=\"og:image\" content=\"https:\/\/radioljubuski.ba\/wp-content\/uploads\/2021\/06\/H20170901001276-696x470-1.jpg\" \/>\n\t<meta property=\"og:image:width\" content=\"696\" \/>\n\t<meta property=\"og:image:height\" content=\"470\" \/>\n\t<meta property=\"og:image:type\" content=\"image\/jpeg\" \/>\n<meta name=\"author\" content=\"Radio Ljubu\u0161ki\" \/>\n<meta name=\"twitter:card\" content=\"summary_large_image\" \/>\n<meta name=\"twitter:creator\" content=\"@radioljubuski\" \/>\n<meta name=\"twitter:site\" content=\"@radioljubuski\" \/>\n<meta name=\"twitter:label1\" content=\"Napisao\/la\" \/>\n\t<meta name=\"twitter:data1\" content=\"Radio Ljubu\u0161ki\" \/>\n\t<meta name=\"twitter:label2\" content=\"Procijenjeno vrijeme \u010ditanja\" \/>\n\t<meta name=\"twitter:data2\" content=\"1 minuta\" \/>\n<script type=\"application\/ld+json\" class=\"yoast-schema-graph\">{\"@context\":\"https:\\\/\\\/schema.org\",\"@graph\":[{\"@type\":\"Article\",\"@id\":\"https:\\\/\\\/radioljubuski.ba\\\/index.php\\\/2022\\\/07\\\/27\\\/objavljen-popis-hrvatske-za-eurobasket-na-njemu-nekoliko-hercegovaca-i-amerikanac\\\/#article\",\"isPartOf\":{\"@id\":\"https:\\\/\\\/radioljubuski.ba\\\/index.php\\\/2022\\\/07\\\/27\\\/objavljen-popis-hrvatske-za-eurobasket-na-njemu-nekoliko-hercegovaca-i-amerikanac\\\/\"},\"author\":{\"name\":\"Radio Ljubu\u0161ki\",\"@id\":\"https:\\\/\\\/radioljubuski.ba\\\/#\\\/schema\\\/person\\\/19fc700381a780f69665d7956c469e3b\"},\"headline\":\"Objavljen popis Hrvatske za Eurobasket: Na njemu nekoliko Hercegovaca i Amerikanac\",\"datePublished\":\"2022-07-27T15:56:33+00:00\",\"dateModified\":\"2022-07-27T15:56:34+00:00\",\"mainEntityOfPage\":{\"@id\":\"https:\\\/\\\/radioljubuski.ba\\\/index.php\\\/2022\\\/07\\\/27\\\/objavljen-popis-hrvatske-za-eurobasket-na-njemu-nekoliko-hercegovaca-i-amerikanac\\\/\"},\"wordCount\":248,\"publisher\":{\"@id\":\"https:\\\/\\\/radioljubuski.ba\\\/#organization\"},\"image\":{\"@id\":\"https:\\\/\\\/radioljubuski.ba\\\/index.php\\\/2022\\\/07\\\/27\\\/objavljen-popis-hrvatske-za-eurobasket-na-njemu-nekoliko-hercegovaca-i-amerikanac\\\/#primaryimage\"},\"thumbnailUrl\":\"https:\\\/\\\/radioljubuski.ba\\\/wp-content\\\/uploads\\\/2021\\\/06\\\/H20170901001276-696x470-1.jpg\",\"articleSection\":[\"\u0160port\"],\"inLanguage\":\"hr\"},{\"@type\":\"WebPage\",\"@id\":\"https:\\\/\\\/radioljubuski.ba\\\/index.php\\\/2022\\\/07\\\/27\\\/objavljen-popis-hrvatske-za-eurobasket-na-njemu-nekoliko-hercegovaca-i-amerikanac\\\/\",\"url\":\"https:\\\/\\\/radioljubuski.ba\\\/index.php\\\/2022\\\/07\\\/27\\\/objavljen-popis-hrvatske-za-eurobasket-na-njemu-nekoliko-hercegovaca-i-amerikanac\\\/\",\"name\":\"Objavljen popis Hrvatske za Eurobasket: Na njemu nekoliko Hercegovaca i Amerikanac - RADIO LJUBU\u0160KI\",\"isPartOf\":{\"@id\":\"https:\\\/\\\/radioljubuski.ba\\\/#website\"},\"primaryImageOfPage\":{\"@id\":\"https:\\\/\\\/radioljubuski.ba\\\/index.php\\\/2022\\\/07\\\/27\\\/objavljen-popis-hrvatske-za-eurobasket-na-njemu-nekoliko-hercegovaca-i-amerikanac\\\/#primaryimage\"},\"image\":{\"@id\":\"https:\\\/\\\/radioljubuski.ba\\\/index.php\\\/2022\\\/07\\\/27\\\/objavljen-popis-hrvatske-za-eurobasket-na-njemu-nekoliko-hercegovaca-i-amerikanac\\\/#primaryimage\"},\"thumbnailUrl\":\"https:\\\/\\\/radioljubuski.ba\\\/wp-content\\\/uploads\\\/2021\\\/06\\\/H20170901001276-696x470-1.jpg\",\"datePublished\":\"2022-07-27T15:56:33+00:00\",\"dateModified\":\"2022-07-27T15:56:34+00:00\",\"breadcrumb\":{\"@id\":\"https:\\\/\\\/radioljubuski.ba\\\/index.php\\\/2022\\\/07\\\/27\\\/objavljen-popis-hrvatske-za-eurobasket-na-njemu-nekoliko-hercegovaca-i-amerikanac\\\/#breadcrumb\"},\"inLanguage\":\"hr\",\"potentialAction\":[{\"@type\":\"ReadAction\",\"target\":[\"https:\\\/\\\/radioljubuski.ba\\\/index.php\\\/2022\\\/07\\\/27\\\/objavljen-popis-hrvatske-za-eurobasket-na-njemu-nekoliko-hercegovaca-i-amerikanac\\\/\"]}]},{\"@type\":\"ImageObject\",\"inLanguage\":\"hr\",\"@id\":\"https:\\\/\\\/radioljubuski.ba\\\/index.php\\\/2022\\\/07\\\/27\\\/objavljen-popis-hrvatske-za-eurobasket-na-njemu-nekoliko-hercegovaca-i-amerikanac\\\/#primaryimage\",\"url\":\"https:\\\/\\\/radioljubuski.ba\\\/wp-content\\\/uploads\\\/2021\\\/06\\\/H20170901001276-696x470-1.jpg\",\"contentUrl\":\"https:\\\/\\\/radioljubuski.ba\\\/wp-content\\\/uploads\\\/2021\\\/06\\\/H20170901001276-696x470-1.jpg\",\"width\":696,\"height\":470,\"caption\":\"epa06176942 Bojan Bogdanovic (C) of Croatia in action with Hungary's Andras Rujak (L) and Akos Keller (R) during the EuroBasket 2017 group C match between Hungary and Croatia, in Cluj Napoca, Romania, 01 September 2017. EPA\\\/ROBERT GHEMENT\"},{\"@type\":\"BreadcrumbList\",\"@id\":\"https:\\\/\\\/radioljubuski.ba\\\/index.php\\\/2022\\\/07\\\/27\\\/objavljen-popis-hrvatske-za-eurobasket-na-njemu-nekoliko-hercegovaca-i-amerikanac\\\/#breadcrumb\",\"itemListElement\":[{\"@type\":\"ListItem\",\"position\":1,\"name\":\"Po\u010detna stranica\",\"item\":\"https:\\\/\\\/radioljubuski.ba\\\/\"},{\"@type\":\"ListItem\",\"position\":2,\"name\":\"Objavljen popis Hrvatske za Eurobasket: Na njemu nekoliko Hercegovaca i Amerikanac\"}]},{\"@type\":\"WebSite\",\"@id\":\"https:\\\/\\\/radioljubuski.ba\\\/#website\",\"url\":\"https:\\\/\\\/radioljubuski.ba\\\/\",\"name\":\"Radio Ljubu\u0161ki\",\"description\":\"Sun\u010dana frekvencija Hercegovine\",\"publisher\":{\"@id\":\"https:\\\/\\\/radioljubuski.ba\\\/#organization\"},\"potentialAction\":[{\"@type\":\"SearchAction\",\"target\":{\"@type\":\"EntryPoint\",\"urlTemplate\":\"https:\\\/\\\/radioljubuski.ba\\\/?s={search_term_string}\"},\"query-input\":{\"@type\":\"PropertyValueSpecification\",\"valueRequired\":true,\"valueName\":\"search_term_string\"}}],\"inLanguage\":\"hr\"},{\"@type\":\"Organization\",\"@id\":\"https:\\\/\\\/radioljubuski.ba\\\/#organization\",\"name\":\"Radio Ljubu\u0161ki\",\"url\":\"https:\\\/\\\/radioljubuski.ba\\\/\",\"logo\":{\"@type\":\"ImageObject\",\"inLanguage\":\"hr\",\"@id\":\"https:\\\/\\\/radioljubuski.ba\\\/#\\\/schema\\\/logo\\\/image\\\/\",\"url\":\"https:\\\/\\\/radioljubuski.ba\\\/wp-content\\\/uploads\\\/2021\\\/02\\\/cropped-Radio_Ljubuski_logo1.jpg\",\"contentUrl\":\"https:\\\/\\\/radioljubuski.ba\\\/wp-content\\\/uploads\\\/2021\\\/02\\\/cropped-Radio_Ljubuski_logo1.jpg\",\"width\":512,\"height\":512,\"caption\":\"Radio Ljubu\u0161ki\"},\"image\":{\"@id\":\"https:\\\/\\\/radioljubuski.ba\\\/#\\\/schema\\\/logo\\\/image\\\/\"},\"sameAs\":[\"https:\\\/\\\/www.facebook.com\\\/Radiio-Ljubuski-1490835324566332\",\"https:\\\/\\\/x.com\\\/radioljubuski\",\"https:\\\/\\\/hr.linkedin.com\\\/company\\\/radio-ljubuski\",\"https:\\\/\\\/www.youtube.com\\\/channel\\\/UCHYaeO_n0Db3tjNGudGpXyw\"]},{\"@type\":\"Person\",\"@id\":\"https:\\\/\\\/radioljubuski.ba\\\/#\\\/schema\\\/person\\\/19fc700381a780f69665d7956c469e3b\",\"name\":\"Radio Ljubu\u0161ki\"}]}<\/script>\n<!-- \/ Yoast SEO plugin. -->","yoast_head_json":{"title":"Objavljen popis Hrvatske za Eurobasket: Na njemu nekoliko Hercegovaca i Amerikanac - RADIO LJUBU\u0160KI","robots":{"index":"index","follow":"follow","max-snippet":"max-snippet:-1","max-image-preview":"max-image-preview:large","max-video-preview":"max-video-preview:-1"},"canonical":"https:\/\/radioljubuski.ba\/index.php\/2022\/07\/27\/objavljen-popis-hrvatske-za-eurobasket-na-njemu-nekoliko-hercegovaca-i-amerikanac\/","og_locale":"hr_HR","og_type":"article","og_title":"Objavljen popis Hrvatske za Eurobasket: Na njemu nekoliko Hercegovaca i Amerikanac - RADIO LJUBU\u0160KI","og_description":"Izbornik hrvatske ko\u0161arka\u0161ke reprezentacije Damir Mulaomerovi\u0107 objavio je \u0161iri popis kandidata za Europsko prvenstvo koje \u0107e se od 1. do 18. rujna odr\u017eati u \u010ce\u0161koj, Gruziji, Njema\u010dkoj i Italiji. Hrvatska \u0107e na Eurobasketu igrati u skupini C u Milanu s&nbsp;Italijom, Gr\u010dkom, Ukrajinom, Velikom Britanijom i Estonijom. U zavr\u0161nu fazu koja se igra u Berlinu napreduju&nbsp;\u010detiri [&hellip;]","og_url":"https:\/\/radioljubuski.ba\/index.php\/2022\/07\/27\/objavljen-popis-hrvatske-za-eurobasket-na-njemu-nekoliko-hercegovaca-i-amerikanac\/","og_site_name":"RADIO LJUBU\u0160KI","article_publisher":"https:\/\/www.facebook.com\/Radiio-Ljubuski-1490835324566332","article_published_time":"2022-07-27T15:56:33+00:00","article_modified_time":"2022-07-27T15:56:34+00:00","og_image":[{"width":696,"height":470,"url":"https:\/\/radioljubuski.ba\/wp-content\/uploads\/2021\/06\/H20170901001276-696x470-1.jpg","type":"image\/jpeg"}],"author":"Radio Ljubu\u0161ki","twitter_card":"summary_large_image","twitter_creator":"@radioljubuski","twitter_site":"@radioljubuski","twitter_misc":{"Napisao\/la":"Radio Ljubu\u0161ki","Procijenjeno vrijeme \u010ditanja":"1 minuta"},"schema":{"@context":"https:\/\/schema.org","@graph":[{"@type":"Article","@id":"https:\/\/radioljubuski.ba\/index.php\/2022\/07\/27\/objavljen-popis-hrvatske-za-eurobasket-na-njemu-nekoliko-hercegovaca-i-amerikanac\/#article","isPartOf":{"@id":"https:\/\/radioljubuski.ba\/index.php\/2022\/07\/27\/objavljen-popis-hrvatske-za-eurobasket-na-njemu-nekoliko-hercegovaca-i-amerikanac\/"},"author":{"name":"Radio Ljubu\u0161ki","@id":"https:\/\/radioljubuski.ba\/#\/schema\/person\/19fc700381a780f69665d7956c469e3b"},"headline":"Objavljen popis Hrvatske za Eurobasket: Na njemu nekoliko Hercegovaca i Amerikanac","datePublished":"2022-07-27T15:56:33+00:00","dateModified":"2022-07-27T15:56:34+00:00","mainEntityOfPage":{"@id":"https:\/\/radioljubuski.ba\/index.php\/2022\/07\/27\/objavljen-popis-hrvatske-za-eurobasket-na-njemu-nekoliko-hercegovaca-i-amerikanac\/"},"wordCount":248,"publisher":{"@id":"https:\/\/radioljubuski.ba\/#organization"},"image":{"@id":"https:\/\/radioljubuski.ba\/index.php\/2022\/07\/27\/objavljen-popis-hrvatske-za-eurobasket-na-njemu-nekoliko-hercegovaca-i-amerikanac\/#primaryimage"},"thumbnailUrl":"https:\/\/radioljubuski.ba\/wp-content\/uploads\/2021\/06\/H20170901001276-696x470-1.jpg","articleSection":["\u0160port"],"inLanguage":"hr"},{"@type":"WebPage","@id":"https:\/\/radioljubuski.ba\/index.php\/2022\/07\/27\/objavljen-popis-hrvatske-za-eurobasket-na-njemu-nekoliko-hercegovaca-i-amerikanac\/","url":"https:\/\/radioljubuski.ba\/index.php\/2022\/07\/27\/objavljen-popis-hrvatske-za-eurobasket-na-njemu-nekoliko-hercegovaca-i-amerikanac\/","name":"Objavljen popis Hrvatske za Eurobasket: Na njemu nekoliko Hercegovaca i Amerikanac - RADIO LJUBU\u0160KI","isPartOf":{"@id":"https:\/\/radioljubuski.ba\/#website"},"primaryImageOfPage":{"@id":"https:\/\/radioljubuski.ba\/index.php\/2022\/07\/27\/objavljen-popis-hrvatske-za-eurobasket-na-njemu-nekoliko-hercegovaca-i-amerikanac\/#primaryimage"},"image":{"@id":"https:\/\/radioljubuski.ba\/index.php\/2022\/07\/27\/objavljen-popis-hrvatske-za-eurobasket-na-njemu-nekoliko-hercegovaca-i-amerikanac\/#primaryimage"},"thumbnailUrl":"https:\/\/radioljubuski.ba\/wp-content\/uploads\/2021\/06\/H20170901001276-696x470-1.jpg","datePublished":"2022-07-27T15:56:33+00:00","dateModified":"2022-07-27T15:56:34+00:00","breadcrumb":{"@id":"https:\/\/radioljubuski.ba\/index.php\/2022\/07\/27\/objavljen-popis-hrvatske-za-eurobasket-na-njemu-nekoliko-hercegovaca-i-amerikanac\/#breadcrumb"},"inLanguage":"hr","potentialAction":[{"@type":"ReadAction","target":["https:\/\/radioljubuski.ba\/index.php\/2022\/07\/27\/objavljen-popis-hrvatske-za-eurobasket-na-njemu-nekoliko-hercegovaca-i-amerikanac\/"]}]},{"@type":"ImageObject","inLanguage":"hr","@id":"https:\/\/radioljubuski.ba\/index.php\/2022\/07\/27\/objavljen-popis-hrvatske-za-eurobasket-na-njemu-nekoliko-hercegovaca-i-amerikanac\/#primaryimage","url":"https:\/\/radioljubuski.ba\/wp-content\/uploads\/2021\/06\/H20170901001276-696x470-1.jpg","contentUrl":"https:\/\/radioljubuski.ba\/wp-content\/uploads\/2021\/06\/H20170901001276-696x470-1.jpg","width":696,"height":470,"caption":"epa06176942 Bojan Bogdanovic (C) of Croatia in action with Hungary's Andras Rujak (L) and Akos Keller (R) during the EuroBasket 2017 group C match between Hungary and Croatia, in Cluj Napoca, Romania, 01 September 2017. EPA\/ROBERT GHEMENT"},{"@type":"BreadcrumbList","@id":"https:\/\/radioljubuski.ba\/index.php\/2022\/07\/27\/objavljen-popis-hrvatske-za-eurobasket-na-njemu-nekoliko-hercegovaca-i-amerikanac\/#breadcrumb","itemListElement":[{"@type":"ListItem","position":1,"name":"Po\u010detna stranica","item":"https:\/\/radioljubuski.ba\/"},{"@type":"ListItem","position":2,"name":"Objavljen popis Hrvatske za Eurobasket: Na njemu nekoliko Hercegovaca i Amerikanac"}]},{"@type":"WebSite","@id":"https:\/\/radioljubuski.ba\/#website","url":"https:\/\/radioljubuski.ba\/","name":"Radio Ljubu\u0161ki","description":"Sun\u010dana frekvencija Hercegovine","publisher":{"@id":"https:\/\/radioljubuski.ba\/#organization"},"potentialAction":[{"@type":"SearchAction","target":{"@type":"EntryPoint","urlTemplate":"https:\/\/radioljubuski.ba\/?s={search_term_string}"},"query-input":{"@type":"PropertyValueSpecification","valueRequired":true,"valueName":"search_term_string"}}],"inLanguage":"hr"},{"@type":"Organization","@id":"https:\/\/radioljubuski.ba\/#organization","name":"Radio Ljubu\u0161ki","url":"https:\/\/radioljubuski.ba\/","logo":{"@type":"ImageObject","inLanguage":"hr","@id":"https:\/\/radioljubuski.ba\/#\/schema\/logo\/image\/","url":"https:\/\/radioljubuski.ba\/wp-content\/uploads\/2021\/02\/cropped-Radio_Ljubuski_logo1.jpg","contentUrl":"https:\/\/radioljubuski.ba\/wp-content\/uploads\/2021\/02\/cropped-Radio_Ljubuski_logo1.jpg","width":512,"height":512,"caption":"Radio Ljubu\u0161ki"},"image":{"@id":"https:\/\/radioljubuski.ba\/#\/schema\/logo\/image\/"},"sameAs":["https:\/\/www.facebook.com\/Radiio-Ljubuski-1490835324566332","https:\/\/x.com\/radioljubuski","https:\/\/hr.linkedin.com\/company\/radio-ljubuski","https:\/\/www.youtube.com\/channel\/UCHYaeO_n0Db3tjNGudGpXyw"]},{"@type":"Person","@id":"https:\/\/radioljubuski.ba\/#\/schema\/person\/19fc700381a780f69665d7956c469e3b","name":"Radio Ljubu\u0161ki"}]}},"_links":{"self":[{"href":"https:\/\/radioljubuski.ba\/index.php\/wp-json\/wp\/v2\/posts\/164103","targetHints":{"allow":["GET"]}}],"collection":[{"href":"https:\/\/radioljubuski.ba\/index.php\/wp-json\/wp\/v2\/posts"}],"about":[{"href":"https:\/\/radioljubuski.ba\/index.php\/wp-json\/wp\/v2\/types\/post"}],"author":[{"embeddable":true,"href":"https:\/\/radioljubuski.ba\/index.php\/wp-json\/wp\/v2\/users\/2"}],"replies":[{"embeddable":true,"href":"https:\/\/radioljubuski.ba\/index.php\/wp-json\/wp\/v2\/comments?post=164103"}],"version-history":[{"count":1,"href":"https:\/\/radioljubuski.ba\/index.php\/wp-json\/wp\/v2\/posts\/164103\/revisions"}],"predecessor-version":[{"id":164104,"href":"https:\/\/radioljubuski.ba\/index.php\/wp-json\/wp\/v2\/posts\/164103\/revisions\/164104"}],"wp:featuredmedia":[{"embeddable":true,"href":"https:\/\/radioljubuski.ba\/index.php\/wp-json\/wp\/v2\/media\/34061"}],"wp:attachment":[{"href":"https:\/\/radioljubuski.ba\/index.php\/wp-json\/wp\/v2\/media?parent=164103"}],"wp:term":[{"taxonomy":"category","embeddable":true,"href":"https:\/\/radioljubuski.ba\/index.php\/wp-json\/wp\/v2\/categories?post=164103"},{"taxonomy":"post_tag","embeddable":true,"href":"https:\/\/radioljubuski.ba\/index.php\/wp-json\/wp\/v2\/tags?post=164103"}],"curies":[{"name":"wp","href":"https:\/\/api.w.org\/{rel}","templated":true}]}}