{"id":16412,"date":"2021-04-26T10:46:48","date_gmt":"2021-04-26T09:46:48","guid":{"rendered":"https:\/\/radioljubuski.ba\/?p=16412"},"modified":"2021-04-26T10:46:50","modified_gmt":"2021-04-26T09:46:50","slug":"veliki-skok-ane-konjuh","status":"publish","type":"post","link":"https:\/\/radioljubuski.ba\/index.php\/2021\/04\/26\/veliki-skok-ane-konjuh\/","title":{"rendered":"Veliki skok Ane Konjuh"},"content":{"rendered":"\n<p>Hrvatska tenisa\u010dica Ana Konjuh napredovala je za \u010dak 36 pozicija na najnovijoj WTA listi.<\/p>\n\n\n\n<p><strong>Ana Konjuh<\/strong>&nbsp;je dobrim nastupom na WTA turniru u Istanbulu do\u0161la na 205. poziciju s 345 bodova.<br><br>Dvije najbolje Hrvatice na listi su nazadovale po tri pozicije &#8211;&nbsp;<strong>Petra Marti\u0107&nbsp;<\/strong>je 24. s 2540 bodova, a&nbsp;<strong>Donna Veki\u0107<\/strong>&nbsp;je 34. s 1930 bodova.<br><br><strong>Jana Fett<\/strong>&nbsp;je ostala na 202. poziciji s 351 bodom.<br><br>Australka&nbsp;<strong>Ashleigh Barty<\/strong>, pobjednica Stuttgarta, prva je na ljestvici s 1.855 bodova vi\u0161e od Japanke&nbsp;<strong>Naomi Osake<\/strong>.<br><br>1. Ashleigh Barty (AUS) 9655<\/p>\n\n\n\n<p>2. Naomi Osaka (JPN) 7800<\/p>\n\n\n\n<p>3. Simona Halep (RUM) 7050<\/p>\n\n\n\n<p>4. Sofia Kenin (USA) 5915<\/p>\n\n\n\n<p>5. Elina Svitolina (UKR) 5835<\/p>\n\n\n\n<p>6. Bianca Andreescu (KAN) 5265<\/p>\n\n\n\n<p>7. Aryna Sabalenka (BLR) 5205<\/p>\n\n\n\n<p>8. Serena Williams (USA) 4850<\/p>\n\n\n\n<p>9. Karolina Pliskova (\u010cE\u0160) 4660<\/p>\n\n\n\n<p>10. Kiki Bertens (NIZ) 4405 (+1)<\/p>\n\n\n\n<p>&#8230;<\/p>\n\n\n\n<p>24. PETRA MARTI\u0106 2540<\/p>\n\n\n\n<p>34. DONNA VEKI\u0106 1830<\/p>\n\n\n\n<p>202. JANA FETT 351<\/p>\n\n\n\n<p>205. ANA KONJUH 345.<\/p>\n\n\n\n<p>Izvor:hrt.hr<\/p>\n","protected":false},"excerpt":{"rendered":"<p>Hrvatska tenisa\u010dica Ana Konjuh napredovala je za \u010dak 36 pozicija na najnovijoj WTA listi. Ana Konjuh&nbsp;je dobrim nastupom na WTA turniru u Istanbulu do\u0161la na 205. poziciju s 345 bodova. Dvije najbolje Hrvatice na listi su nazadovale po tri pozicije &#8211;&nbsp;Petra Marti\u0107&nbsp;je 24. s 2540 bodova, a&nbsp;Donna Veki\u0107&nbsp;je 34. s 1930 bodova. Jana Fett&nbsp;je ostala [&hellip;]<\/p>\n","protected":false},"author":2,"featured_media":16414,"comment_status":"closed","ping_status":"closed","sticky":false,"template":"","format":"standard","meta":{"h5ap_radio_sources":[],"footnotes":""},"categories":[1],"tags":[],"class_list":["post-16412","post","type-post","status-publish","format-standard","has-post-thumbnail","hentry","category-bihiregija"],"yoast_head":"<!-- This site is optimized with the Yoast SEO plugin v27.4 - https:\/\/yoast.com\/product\/yoast-seo-wordpress\/ -->\n<title>Veliki skok Ane Konjuh - RADIO LJUBU\u0160KI<\/title>\n<meta name=\"robots\" content=\"index, follow, max-snippet:-1, max-image-preview:large, max-video-preview:-1\" \/>\n<link rel=\"canonical\" href=\"https:\/\/radioljubuski.ba\/index.php\/2021\/04\/26\/veliki-skok-ane-konjuh\/\" \/>\n<meta property=\"og:locale\" content=\"hr_HR\" \/>\n<meta property=\"og:type\" content=\"article\" \/>\n<meta property=\"og:title\" content=\"Veliki skok Ane Konjuh - RADIO LJUBU\u0160KI\" \/>\n<meta property=\"og:description\" content=\"Hrvatska tenisa\u010dica Ana Konjuh napredovala je za \u010dak 36 pozicija na najnovijoj WTA listi. Ana Konjuh&nbsp;je dobrim nastupom na WTA turniru u Istanbulu do\u0161la na 205. poziciju s 345 bodova. Dvije najbolje Hrvatice na listi su nazadovale po tri pozicije &#8211;&nbsp;Petra Marti\u0107&nbsp;je 24. s 2540 bodova, a&nbsp;Donna Veki\u0107&nbsp;je 34. s 1930 bodova. Jana Fett&nbsp;je ostala [&hellip;]\" \/>\n<meta property=\"og:url\" content=\"https:\/\/radioljubuski.ba\/index.php\/2021\/04\/26\/veliki-skok-ane-konjuh\/\" \/>\n<meta property=\"og:site_name\" content=\"RADIO LJUBU\u0160KI\" \/>\n<meta property=\"article:publisher\" content=\"https:\/\/www.facebook.com\/Radiio-Ljubuski-1490835324566332\" \/>\n<meta property=\"article:published_time\" content=\"2021-04-26T09:46:48+00:00\" \/>\n<meta property=\"article:modified_time\" content=\"2021-04-26T09:46:50+00:00\" \/>\n<meta property=\"og:image\" content=\"https:\/\/radioljubuski.ba\/wp-content\/uploads\/2021\/04\/ana-konjuh.jpg\" \/>\n\t<meta property=\"og:image:width\" content=\"300\" \/>\n\t<meta property=\"og:image:height\" content=\"168\" \/>\n\t<meta property=\"og:image:type\" content=\"image\/jpeg\" \/>\n<meta name=\"author\" content=\"Radio Ljubu\u0161ki\" \/>\n<meta name=\"twitter:card\" content=\"summary_large_image\" \/>\n<meta name=\"twitter:creator\" content=\"@radioljubuski\" \/>\n<meta name=\"twitter:site\" content=\"@radioljubuski\" \/>\n<meta name=\"twitter:label1\" content=\"Napisao\/la\" \/>\n\t<meta name=\"twitter:data1\" content=\"Radio Ljubu\u0161ki\" \/>\n\t<meta name=\"twitter:label2\" content=\"Procijenjeno vrijeme \u010ditanja\" \/>\n\t<meta name=\"twitter:data2\" content=\"1 minuta\" \/>\n<script type=\"application\/ld+json\" class=\"yoast-schema-graph\">{\"@context\":\"https:\\\/\\\/schema.org\",\"@graph\":[{\"@type\":\"Article\",\"@id\":\"https:\\\/\\\/radioljubuski.ba\\\/index.php\\\/2021\\\/04\\\/26\\\/veliki-skok-ane-konjuh\\\/#article\",\"isPartOf\":{\"@id\":\"https:\\\/\\\/radioljubuski.ba\\\/index.php\\\/2021\\\/04\\\/26\\\/veliki-skok-ane-konjuh\\\/\"},\"author\":{\"name\":\"Radio Ljubu\u0161ki\",\"@id\":\"https:\\\/\\\/radioljubuski.ba\\\/#\\\/schema\\\/person\\\/19fc700381a780f69665d7956c469e3b\"},\"headline\":\"Veliki skok Ane Konjuh\",\"datePublished\":\"2021-04-26T09:46:48+00:00\",\"dateModified\":\"2021-04-26T09:46:50+00:00\",\"mainEntityOfPage\":{\"@id\":\"https:\\\/\\\/radioljubuski.ba\\\/index.php\\\/2021\\\/04\\\/26\\\/veliki-skok-ane-konjuh\\\/\"},\"wordCount\":130,\"publisher\":{\"@id\":\"https:\\\/\\\/radioljubuski.ba\\\/#organization\"},\"image\":{\"@id\":\"https:\\\/\\\/radioljubuski.ba\\\/index.php\\\/2021\\\/04\\\/26\\\/veliki-skok-ane-konjuh\\\/#primaryimage\"},\"thumbnailUrl\":\"https:\\\/\\\/radioljubuski.ba\\\/wp-content\\\/uploads\\\/2021\\\/04\\\/ana-konjuh.jpg\",\"articleSection\":[\"BIH i regija\"],\"inLanguage\":\"hr\"},{\"@type\":\"WebPage\",\"@id\":\"https:\\\/\\\/radioljubuski.ba\\\/index.php\\\/2021\\\/04\\\/26\\\/veliki-skok-ane-konjuh\\\/\",\"url\":\"https:\\\/\\\/radioljubuski.ba\\\/index.php\\\/2021\\\/04\\\/26\\\/veliki-skok-ane-konjuh\\\/\",\"name\":\"Veliki skok Ane Konjuh - RADIO LJUBU\u0160KI\",\"isPartOf\":{\"@id\":\"https:\\\/\\\/radioljubuski.ba\\\/#website\"},\"primaryImageOfPage\":{\"@id\":\"https:\\\/\\\/radioljubuski.ba\\\/index.php\\\/2021\\\/04\\\/26\\\/veliki-skok-ane-konjuh\\\/#primaryimage\"},\"image\":{\"@id\":\"https:\\\/\\\/radioljubuski.ba\\\/index.php\\\/2021\\\/04\\\/26\\\/veliki-skok-ane-konjuh\\\/#primaryimage\"},\"thumbnailUrl\":\"https:\\\/\\\/radioljubuski.ba\\\/wp-content\\\/uploads\\\/2021\\\/04\\\/ana-konjuh.jpg\",\"datePublished\":\"2021-04-26T09:46:48+00:00\",\"dateModified\":\"2021-04-26T09:46:50+00:00\",\"breadcrumb\":{\"@id\":\"https:\\\/\\\/radioljubuski.ba\\\/index.php\\\/2021\\\/04\\\/26\\\/veliki-skok-ane-konjuh\\\/#breadcrumb\"},\"inLanguage\":\"hr\",\"potentialAction\":[{\"@type\":\"ReadAction\",\"target\":[\"https:\\\/\\\/radioljubuski.ba\\\/index.php\\\/2021\\\/04\\\/26\\\/veliki-skok-ane-konjuh\\\/\"]}]},{\"@type\":\"ImageObject\",\"inLanguage\":\"hr\",\"@id\":\"https:\\\/\\\/radioljubuski.ba\\\/index.php\\\/2021\\\/04\\\/26\\\/veliki-skok-ane-konjuh\\\/#primaryimage\",\"url\":\"https:\\\/\\\/radioljubuski.ba\\\/wp-content\\\/uploads\\\/2021\\\/04\\\/ana-konjuh.jpg\",\"contentUrl\":\"https:\\\/\\\/radioljubuski.ba\\\/wp-content\\\/uploads\\\/2021\\\/04\\\/ana-konjuh.jpg\",\"width\":300,\"height\":168},{\"@type\":\"BreadcrumbList\",\"@id\":\"https:\\\/\\\/radioljubuski.ba\\\/index.php\\\/2021\\\/04\\\/26\\\/veliki-skok-ane-konjuh\\\/#breadcrumb\",\"itemListElement\":[{\"@type\":\"ListItem\",\"position\":1,\"name\":\"Po\u010detna stranica\",\"item\":\"https:\\\/\\\/radioljubuski.ba\\\/\"},{\"@type\":\"ListItem\",\"position\":2,\"name\":\"Veliki skok Ane Konjuh\"}]},{\"@type\":\"WebSite\",\"@id\":\"https:\\\/\\\/radioljubuski.ba\\\/#website\",\"url\":\"https:\\\/\\\/radioljubuski.ba\\\/\",\"name\":\"Radio Ljubu\u0161ki\",\"description\":\"Sun\u010dana frekvencija Hercegovine\",\"publisher\":{\"@id\":\"https:\\\/\\\/radioljubuski.ba\\\/#organization\"},\"potentialAction\":[{\"@type\":\"SearchAction\",\"target\":{\"@type\":\"EntryPoint\",\"urlTemplate\":\"https:\\\/\\\/radioljubuski.ba\\\/?s={search_term_string}\"},\"query-input\":{\"@type\":\"PropertyValueSpecification\",\"valueRequired\":true,\"valueName\":\"search_term_string\"}}],\"inLanguage\":\"hr\"},{\"@type\":\"Organization\",\"@id\":\"https:\\\/\\\/radioljubuski.ba\\\/#organization\",\"name\":\"Radio Ljubu\u0161ki\",\"url\":\"https:\\\/\\\/radioljubuski.ba\\\/\",\"logo\":{\"@type\":\"ImageObject\",\"inLanguage\":\"hr\",\"@id\":\"https:\\\/\\\/radioljubuski.ba\\\/#\\\/schema\\\/logo\\\/image\\\/\",\"url\":\"https:\\\/\\\/radioljubuski.ba\\\/wp-content\\\/uploads\\\/2021\\\/02\\\/cropped-Radio_Ljubuski_logo1.jpg\",\"contentUrl\":\"https:\\\/\\\/radioljubuski.ba\\\/wp-content\\\/uploads\\\/2021\\\/02\\\/cropped-Radio_Ljubuski_logo1.jpg\",\"width\":512,\"height\":512,\"caption\":\"Radio Ljubu\u0161ki\"},\"image\":{\"@id\":\"https:\\\/\\\/radioljubuski.ba\\\/#\\\/schema\\\/logo\\\/image\\\/\"},\"sameAs\":[\"https:\\\/\\\/www.facebook.com\\\/Radiio-Ljubuski-1490835324566332\",\"https:\\\/\\\/x.com\\\/radioljubuski\",\"https:\\\/\\\/hr.linkedin.com\\\/company\\\/radio-ljubuski\",\"https:\\\/\\\/www.youtube.com\\\/channel\\\/UCHYaeO_n0Db3tjNGudGpXyw\"]},{\"@type\":\"Person\",\"@id\":\"https:\\\/\\\/radioljubuski.ba\\\/#\\\/schema\\\/person\\\/19fc700381a780f69665d7956c469e3b\",\"name\":\"Radio Ljubu\u0161ki\"}]}<\/script>\n<!-- \/ Yoast SEO plugin. -->","yoast_head_json":{"title":"Veliki skok Ane Konjuh - RADIO LJUBU\u0160KI","robots":{"index":"index","follow":"follow","max-snippet":"max-snippet:-1","max-image-preview":"max-image-preview:large","max-video-preview":"max-video-preview:-1"},"canonical":"https:\/\/radioljubuski.ba\/index.php\/2021\/04\/26\/veliki-skok-ane-konjuh\/","og_locale":"hr_HR","og_type":"article","og_title":"Veliki skok Ane Konjuh - RADIO LJUBU\u0160KI","og_description":"Hrvatska tenisa\u010dica Ana Konjuh napredovala je za \u010dak 36 pozicija na najnovijoj WTA listi. Ana Konjuh&nbsp;je dobrim nastupom na WTA turniru u Istanbulu do\u0161la na 205. poziciju s 345 bodova. Dvije najbolje Hrvatice na listi su nazadovale po tri pozicije &#8211;&nbsp;Petra Marti\u0107&nbsp;je 24. s 2540 bodova, a&nbsp;Donna Veki\u0107&nbsp;je 34. s 1930 bodova. Jana Fett&nbsp;je ostala [&hellip;]","og_url":"https:\/\/radioljubuski.ba\/index.php\/2021\/04\/26\/veliki-skok-ane-konjuh\/","og_site_name":"RADIO LJUBU\u0160KI","article_publisher":"https:\/\/www.facebook.com\/Radiio-Ljubuski-1490835324566332","article_published_time":"2021-04-26T09:46:48+00:00","article_modified_time":"2021-04-26T09:46:50+00:00","og_image":[{"width":300,"height":168,"url":"https:\/\/radioljubuski.ba\/wp-content\/uploads\/2021\/04\/ana-konjuh.jpg","type":"image\/jpeg"}],"author":"Radio Ljubu\u0161ki","twitter_card":"summary_large_image","twitter_creator":"@radioljubuski","twitter_site":"@radioljubuski","twitter_misc":{"Napisao\/la":"Radio Ljubu\u0161ki","Procijenjeno vrijeme \u010ditanja":"1 minuta"},"schema":{"@context":"https:\/\/schema.org","@graph":[{"@type":"Article","@id":"https:\/\/radioljubuski.ba\/index.php\/2021\/04\/26\/veliki-skok-ane-konjuh\/#article","isPartOf":{"@id":"https:\/\/radioljubuski.ba\/index.php\/2021\/04\/26\/veliki-skok-ane-konjuh\/"},"author":{"name":"Radio Ljubu\u0161ki","@id":"https:\/\/radioljubuski.ba\/#\/schema\/person\/19fc700381a780f69665d7956c469e3b"},"headline":"Veliki skok Ane Konjuh","datePublished":"2021-04-26T09:46:48+00:00","dateModified":"2021-04-26T09:46:50+00:00","mainEntityOfPage":{"@id":"https:\/\/radioljubuski.ba\/index.php\/2021\/04\/26\/veliki-skok-ane-konjuh\/"},"wordCount":130,"publisher":{"@id":"https:\/\/radioljubuski.ba\/#organization"},"image":{"@id":"https:\/\/radioljubuski.ba\/index.php\/2021\/04\/26\/veliki-skok-ane-konjuh\/#primaryimage"},"thumbnailUrl":"https:\/\/radioljubuski.ba\/wp-content\/uploads\/2021\/04\/ana-konjuh.jpg","articleSection":["BIH i regija"],"inLanguage":"hr"},{"@type":"WebPage","@id":"https:\/\/radioljubuski.ba\/index.php\/2021\/04\/26\/veliki-skok-ane-konjuh\/","url":"https:\/\/radioljubuski.ba\/index.php\/2021\/04\/26\/veliki-skok-ane-konjuh\/","name":"Veliki skok Ane Konjuh - RADIO LJUBU\u0160KI","isPartOf":{"@id":"https:\/\/radioljubuski.ba\/#website"},"primaryImageOfPage":{"@id":"https:\/\/radioljubuski.ba\/index.php\/2021\/04\/26\/veliki-skok-ane-konjuh\/#primaryimage"},"image":{"@id":"https:\/\/radioljubuski.ba\/index.php\/2021\/04\/26\/veliki-skok-ane-konjuh\/#primaryimage"},"thumbnailUrl":"https:\/\/radioljubuski.ba\/wp-content\/uploads\/2021\/04\/ana-konjuh.jpg","datePublished":"2021-04-26T09:46:48+00:00","dateModified":"2021-04-26T09:46:50+00:00","breadcrumb":{"@id":"https:\/\/radioljubuski.ba\/index.php\/2021\/04\/26\/veliki-skok-ane-konjuh\/#breadcrumb"},"inLanguage":"hr","potentialAction":[{"@type":"ReadAction","target":["https:\/\/radioljubuski.ba\/index.php\/2021\/04\/26\/veliki-skok-ane-konjuh\/"]}]},{"@type":"ImageObject","inLanguage":"hr","@id":"https:\/\/radioljubuski.ba\/index.php\/2021\/04\/26\/veliki-skok-ane-konjuh\/#primaryimage","url":"https:\/\/radioljubuski.ba\/wp-content\/uploads\/2021\/04\/ana-konjuh.jpg","contentUrl":"https:\/\/radioljubuski.ba\/wp-content\/uploads\/2021\/04\/ana-konjuh.jpg","width":300,"height":168},{"@type":"BreadcrumbList","@id":"https:\/\/radioljubuski.ba\/index.php\/2021\/04\/26\/veliki-skok-ane-konjuh\/#breadcrumb","itemListElement":[{"@type":"ListItem","position":1,"name":"Po\u010detna stranica","item":"https:\/\/radioljubuski.ba\/"},{"@type":"ListItem","position":2,"name":"Veliki skok Ane Konjuh"}]},{"@type":"WebSite","@id":"https:\/\/radioljubuski.ba\/#website","url":"https:\/\/radioljubuski.ba\/","name":"Radio Ljubu\u0161ki","description":"Sun\u010dana frekvencija Hercegovine","publisher":{"@id":"https:\/\/radioljubuski.ba\/#organization"},"potentialAction":[{"@type":"SearchAction","target":{"@type":"EntryPoint","urlTemplate":"https:\/\/radioljubuski.ba\/?s={search_term_string}"},"query-input":{"@type":"PropertyValueSpecification","valueRequired":true,"valueName":"search_term_string"}}],"inLanguage":"hr"},{"@type":"Organization","@id":"https:\/\/radioljubuski.ba\/#organization","name":"Radio Ljubu\u0161ki","url":"https:\/\/radioljubuski.ba\/","logo":{"@type":"ImageObject","inLanguage":"hr","@id":"https:\/\/radioljubuski.ba\/#\/schema\/logo\/image\/","url":"https:\/\/radioljubuski.ba\/wp-content\/uploads\/2021\/02\/cropped-Radio_Ljubuski_logo1.jpg","contentUrl":"https:\/\/radioljubuski.ba\/wp-content\/uploads\/2021\/02\/cropped-Radio_Ljubuski_logo1.jpg","width":512,"height":512,"caption":"Radio Ljubu\u0161ki"},"image":{"@id":"https:\/\/radioljubuski.ba\/#\/schema\/logo\/image\/"},"sameAs":["https:\/\/www.facebook.com\/Radiio-Ljubuski-1490835324566332","https:\/\/x.com\/radioljubuski","https:\/\/hr.linkedin.com\/company\/radio-ljubuski","https:\/\/www.youtube.com\/channel\/UCHYaeO_n0Db3tjNGudGpXyw"]},{"@type":"Person","@id":"https:\/\/radioljubuski.ba\/#\/schema\/person\/19fc700381a780f69665d7956c469e3b","name":"Radio Ljubu\u0161ki"}]}},"_links":{"self":[{"href":"https:\/\/radioljubuski.ba\/index.php\/wp-json\/wp\/v2\/posts\/16412","targetHints":{"allow":["GET"]}}],"collection":[{"href":"https:\/\/radioljubuski.ba\/index.php\/wp-json\/wp\/v2\/posts"}],"about":[{"href":"https:\/\/radioljubuski.ba\/index.php\/wp-json\/wp\/v2\/types\/post"}],"author":[{"embeddable":true,"href":"https:\/\/radioljubuski.ba\/index.php\/wp-json\/wp\/v2\/users\/2"}],"replies":[{"embeddable":true,"href":"https:\/\/radioljubuski.ba\/index.php\/wp-json\/wp\/v2\/comments?post=16412"}],"version-history":[{"count":1,"href":"https:\/\/radioljubuski.ba\/index.php\/wp-json\/wp\/v2\/posts\/16412\/revisions"}],"predecessor-version":[{"id":16415,"href":"https:\/\/radioljubuski.ba\/index.php\/wp-json\/wp\/v2\/posts\/16412\/revisions\/16415"}],"wp:featuredmedia":[{"embeddable":true,"href":"https:\/\/radioljubuski.ba\/index.php\/wp-json\/wp\/v2\/media\/16414"}],"wp:attachment":[{"href":"https:\/\/radioljubuski.ba\/index.php\/wp-json\/wp\/v2\/media?parent=16412"}],"wp:term":[{"taxonomy":"category","embeddable":true,"href":"https:\/\/radioljubuski.ba\/index.php\/wp-json\/wp\/v2\/categories?post=16412"},{"taxonomy":"post_tag","embeddable":true,"href":"https:\/\/radioljubuski.ba\/index.php\/wp-json\/wp\/v2\/tags?post=16412"}],"curies":[{"name":"wp","href":"https:\/\/api.w.org\/{rel}","templated":true}]}}