{"id":164164,"date":"2022-07-27T22:13:05","date_gmt":"2022-07-27T21:13:05","guid":{"rendered":"https:\/\/radioljubuski.ba\/?p=164164"},"modified":"2022-08-01T09:28:37","modified_gmt":"2022-08-01T08:28:37","slug":"ministar-martic-u-radnoj-posjeti-opcini-ljubuski-za-projekte-u-zapadno-hercegovackoj-zupaniji-izdvojeno-preko-milijun-km","status":"publish","type":"post","link":"https:\/\/radioljubuski.ba\/index.php\/2022\/07\/27\/ministar-martic-u-radnoj-posjeti-opcini-ljubuski-za-projekte-u-zapadno-hercegovackoj-zupaniji-izdvojeno-preko-milijun-km\/","title":{"rendered":"Ministar Marti\u0107 u radnoj posjeti Op\u0107ini Ljubu\u0161ki: Za projekte u Zapadno-hercegova\u010dkoj \u017eupaniji izdvojeno preko milijun KM"},"content":{"rendered":"\n<p>Izaslanstvo Federalnog ministarstva prostornog ure\u0111enja na \u010delu sa ministrom Josipom Marti\u0107em boravi u radnoj posjeti Op\u0107ini Ljubu\u0161ki. U Gradskoj upravi Ljubu\u0161kog ugostio ih je gradona\u010delnik Vedran Markoti\u0107. Tim povodom uprili\u010deno je potpisivanje ugovora o sufinanciranju osam projekta iz Zapadno-hercegova\u010dke \u017eupanije koje je podr\u017ealo Federalno ministarstvo prostornog ure\u0111enja. Ukupna vrijednost svih projekata iznosi 1.269.100.61 KM.<\/p>\n\n\n\n<p>Ministar Marti\u0107 se zahvalio na srda\u010dnoj dobrodo\u0161lici i istaknuo kako su projekti iz Ljubu\u0161kog, Gruda, Posu\u0161ja i \u0160irokog Brijega imali pravovremene i kvalitetno popunjene aplikacije zahvaljuju\u0107i kojima su ispunili formalno pravne uvjete iz javnog poziva Ministarstva i omogu\u0107ili si financijsku podr\u0161ku od preko milijun KM.<\/p>\n\n\n\n<p>\u201eFederalnom ministarstvu prostornog ure\u0111enja odobrena su ve\u0107a financijska sredstva iz Prora\u010duna Federacije Bosne i Hercegovine za 2022. godinu, tako da smo bili u mogu\u0107nosti podr\u017eati va\u0161e projekte sa zna\u010dajno ve\u0107im iznosima nego \u0161to je to bio slu\u010daj prethodnih godina. Uvjereni smo da \u0107e ova podr\u0161ka, nakon realizacije projekata, biti od koristi svim \u017eiteljima Zapadno-hercegova\u010dke \u017eupanije\u201c, kazao je u svom obra\u0107anju ministar Marti\u0107.<\/p>\n\n\n\n<p>U ime doma\u0107ina okupljene je pozdravio gradona\u010delnik Grada Ljubu\u0161kog Vedran Markoti\u0107 koji se u ime svih prisutnih predstavnika op\u0107ina i gradova iz Zapadno-hercegova\u010dke \u017eupanije zahvalio ministru Marti\u0107u na dodijeljenim sredstvima za sufinanciranju projekata iz oblasti sanacije \u0161teta nastalih uslijed poplava i klizi\u0161ta, oblasti utopljavanja zgrada radi u\u0161tede energije i za\u0161tite nacionalnih spomenika.<\/p>\n\n\n\n<p>Sve\u010danosti potpisivanja ugovora nazo\u010dili su i ministar prostornog ure\u0111enja, graditeljstva i za\u0161tite okoli\u0161a ZH\u017d Miroslav Ramljak, na\u010delnik Op\u0107ine Grude Ljubo Grizelj, na\u010delnik Op\u0107ine Posu\u0161je Ante Begi\u0107, iz ureda gradona\u010delnika \u0160irokog Brijega ovla\u0161tenik Ivo Pavkovi\u0107, zastupnik u Zastupni\u010dkom domu Parlamenta FBiH Dario Knezovi\u0107, \u017eupnik \u017dupe sv. Mihovila Drinovci fra Josip Mio\u010d, a uz ministra Marti\u0107a bili su tajnik Federalnog ministarstva prostornog ure\u0111enja Josip Nikoli\u0107 i zamjenik ministra Zdravko Buljeta.<\/p>\n\n\n\n<p>Uz navedene potpisnike, u Ljubu\u0161kom su ugovore za projekte iz Hercegova\u010dko-neretvanske \u017eupanije popisali na\u010delnik Op\u0107ine \u010citluk Marin Radi\u0161i\u0107 za projekt \u201eUtopljavanje O\u0160 Bijakovi\u0107i\u201c, kao i Marija Proleta, ovla\u0161tena zastupnica Grada \u010capljine za projekte \u201eProvo\u0111enje mjere energetske efikasnosti u zgradi Gradske uprave \u010capljina\u201c i \u201cIzrada elaborata konstruktivne sanacije i saniranje krova kule Gavrankapetanovi\u0107a u Po\u010ditelju sa arhitektonskim osvjetljenjem\u201c.<\/p>\n\n\n\n<p>Izvor:pogled.ba<\/p>\n","protected":false},"excerpt":{"rendered":"<p>Izaslanstvo Federalnog ministarstva prostornog ure\u0111enja na \u010delu sa ministrom Josipom Marti\u0107em boravi u radnoj posjeti Op\u0107ini Ljubu\u0161ki. U Gradskoj upravi Ljubu\u0161kog ugostio ih je gradona\u010delnik Vedran Markoti\u0107. Tim povodom uprili\u010deno je potpisivanje ugovora o sufinanciranju osam projekta iz Zapadno-hercegova\u010dke \u017eupanije koje je podr\u017ealo Federalno ministarstvo prostornog ure\u0111enja. Ukupna vrijednost svih projekata iznosi 1.269.100.61 KM. Ministar [&hellip;]<\/p>\n","protected":false},"author":2,"featured_media":164165,"comment_status":"closed","ping_status":"closed","sticky":false,"template":"","format":"standard","meta":{"h5ap_radio_sources":[],"footnotes":""},"categories":[3],"tags":[],"class_list":["post-164164","post","type-post","status-publish","format-standard","has-post-thumbnail","hentry","category-ljubuski"],"yoast_head":"<!-- This site is optimized with the Yoast SEO plugin v27.5 - https:\/\/yoast.com\/product\/yoast-seo-wordpress\/ -->\n<title>Ministar Marti\u0107 u radnoj posjeti Op\u0107ini Ljubu\u0161ki: Za projekte u Zapadno-hercegova\u010dkoj \u017eupaniji izdvojeno preko milijun KM - RADIO LJUBU\u0160KI<\/title>\n<meta name=\"robots\" content=\"index, follow, max-snippet:-1, max-image-preview:large, max-video-preview:-1\" \/>\n<link rel=\"canonical\" href=\"https:\/\/radioljubuski.ba\/index.php\/2022\/07\/27\/ministar-martic-u-radnoj-posjeti-opcini-ljubuski-za-projekte-u-zapadno-hercegovackoj-zupaniji-izdvojeno-preko-milijun-km\/\" \/>\n<meta property=\"og:locale\" content=\"hr_HR\" \/>\n<meta property=\"og:type\" content=\"article\" \/>\n<meta property=\"og:title\" content=\"Ministar Marti\u0107 u radnoj posjeti Op\u0107ini Ljubu\u0161ki: Za projekte u Zapadno-hercegova\u010dkoj \u017eupaniji izdvojeno preko milijun KM - RADIO LJUBU\u0160KI\" \/>\n<meta property=\"og:description\" content=\"Izaslanstvo Federalnog ministarstva prostornog ure\u0111enja na \u010delu sa ministrom Josipom Marti\u0107em boravi u radnoj posjeti Op\u0107ini Ljubu\u0161ki. U Gradskoj upravi Ljubu\u0161kog ugostio ih je gradona\u010delnik Vedran Markoti\u0107. Tim povodom uprili\u010deno je potpisivanje ugovora o sufinanciranju osam projekta iz Zapadno-hercegova\u010dke \u017eupanije koje je podr\u017ealo Federalno ministarstvo prostornog ure\u0111enja. Ukupna vrijednost svih projekata iznosi 1.269.100.61 KM. Ministar [&hellip;]\" \/>\n<meta property=\"og:url\" content=\"https:\/\/radioljubuski.ba\/index.php\/2022\/07\/27\/ministar-martic-u-radnoj-posjeti-opcini-ljubuski-za-projekte-u-zapadno-hercegovackoj-zupaniji-izdvojeno-preko-milijun-km\/\" \/>\n<meta property=\"og:site_name\" content=\"RADIO LJUBU\u0160KI\" \/>\n<meta property=\"article:publisher\" content=\"https:\/\/www.facebook.com\/Radiio-Ljubuski-1490835324566332\" \/>\n<meta property=\"article:published_time\" content=\"2022-07-27T21:13:05+00:00\" \/>\n<meta property=\"article:modified_time\" content=\"2022-08-01T08:28:37+00:00\" \/>\n<meta property=\"og:image\" content=\"https:\/\/radioljubuski.ba\/wp-content\/uploads\/2022\/07\/10-2022-07-27-17-21-17-02_0.jpg\" \/>\n\t<meta property=\"og:image:width\" content=\"1000\" \/>\n\t<meta property=\"og:image:height\" content=\"625\" \/>\n\t<meta property=\"og:image:type\" content=\"image\/jpeg\" \/>\n<meta name=\"author\" content=\"Radio Ljubu\u0161ki\" \/>\n<meta name=\"twitter:card\" content=\"summary_large_image\" \/>\n<meta name=\"twitter:creator\" content=\"@radioljubuski\" \/>\n<meta name=\"twitter:site\" content=\"@radioljubuski\" \/>\n<meta name=\"twitter:label1\" content=\"Napisao\/la\" \/>\n\t<meta name=\"twitter:data1\" content=\"Radio Ljubu\u0161ki\" \/>\n\t<meta name=\"twitter:label2\" content=\"Procijenjeno vrijeme \u010ditanja\" \/>\n\t<meta name=\"twitter:data2\" content=\"2 minute\" \/>\n<script type=\"application\/ld+json\" class=\"yoast-schema-graph\">{\"@context\":\"https:\\\/\\\/schema.org\",\"@graph\":[{\"@type\":\"Article\",\"@id\":\"https:\\\/\\\/radioljubuski.ba\\\/index.php\\\/2022\\\/07\\\/27\\\/ministar-martic-u-radnoj-posjeti-opcini-ljubuski-za-projekte-u-zapadno-hercegovackoj-zupaniji-izdvojeno-preko-milijun-km\\\/#article\",\"isPartOf\":{\"@id\":\"https:\\\/\\\/radioljubuski.ba\\\/index.php\\\/2022\\\/07\\\/27\\\/ministar-martic-u-radnoj-posjeti-opcini-ljubuski-za-projekte-u-zapadno-hercegovackoj-zupaniji-izdvojeno-preko-milijun-km\\\/\"},\"author\":{\"name\":\"Radio Ljubu\u0161ki\",\"@id\":\"https:\\\/\\\/radioljubuski.ba\\\/#\\\/schema\\\/person\\\/19fc700381a780f69665d7956c469e3b\"},\"headline\":\"Ministar Marti\u0107 u radnoj posjeti Op\u0107ini Ljubu\u0161ki: Za projekte u Zapadno-hercegova\u010dkoj \u017eupaniji izdvojeno preko milijun KM\",\"datePublished\":\"2022-07-27T21:13:05+00:00\",\"dateModified\":\"2022-08-01T08:28:37+00:00\",\"mainEntityOfPage\":{\"@id\":\"https:\\\/\\\/radioljubuski.ba\\\/index.php\\\/2022\\\/07\\\/27\\\/ministar-martic-u-radnoj-posjeti-opcini-ljubuski-za-projekte-u-zapadno-hercegovackoj-zupaniji-izdvojeno-preko-milijun-km\\\/\"},\"wordCount\":421,\"publisher\":{\"@id\":\"https:\\\/\\\/radioljubuski.ba\\\/#organization\"},\"image\":{\"@id\":\"https:\\\/\\\/radioljubuski.ba\\\/index.php\\\/2022\\\/07\\\/27\\\/ministar-martic-u-radnoj-posjeti-opcini-ljubuski-za-projekte-u-zapadno-hercegovackoj-zupaniji-izdvojeno-preko-milijun-km\\\/#primaryimage\"},\"thumbnailUrl\":\"https:\\\/\\\/radioljubuski.ba\\\/wp-content\\\/uploads\\\/2022\\\/07\\\/10-2022-07-27-17-21-17-02_0.jpg\",\"articleSection\":[\"Ljubu\u0161ki\"],\"inLanguage\":\"hr\"},{\"@type\":\"WebPage\",\"@id\":\"https:\\\/\\\/radioljubuski.ba\\\/index.php\\\/2022\\\/07\\\/27\\\/ministar-martic-u-radnoj-posjeti-opcini-ljubuski-za-projekte-u-zapadno-hercegovackoj-zupaniji-izdvojeno-preko-milijun-km\\\/\",\"url\":\"https:\\\/\\\/radioljubuski.ba\\\/index.php\\\/2022\\\/07\\\/27\\\/ministar-martic-u-radnoj-posjeti-opcini-ljubuski-za-projekte-u-zapadno-hercegovackoj-zupaniji-izdvojeno-preko-milijun-km\\\/\",\"name\":\"Ministar Marti\u0107 u radnoj posjeti Op\u0107ini Ljubu\u0161ki: Za projekte u Zapadno-hercegova\u010dkoj \u017eupaniji izdvojeno preko milijun KM - RADIO LJUBU\u0160KI\",\"isPartOf\":{\"@id\":\"https:\\\/\\\/radioljubuski.ba\\\/#website\"},\"primaryImageOfPage\":{\"@id\":\"https:\\\/\\\/radioljubuski.ba\\\/index.php\\\/2022\\\/07\\\/27\\\/ministar-martic-u-radnoj-posjeti-opcini-ljubuski-za-projekte-u-zapadno-hercegovackoj-zupaniji-izdvojeno-preko-milijun-km\\\/#primaryimage\"},\"image\":{\"@id\":\"https:\\\/\\\/radioljubuski.ba\\\/index.php\\\/2022\\\/07\\\/27\\\/ministar-martic-u-radnoj-posjeti-opcini-ljubuski-za-projekte-u-zapadno-hercegovackoj-zupaniji-izdvojeno-preko-milijun-km\\\/#primaryimage\"},\"thumbnailUrl\":\"https:\\\/\\\/radioljubuski.ba\\\/wp-content\\\/uploads\\\/2022\\\/07\\\/10-2022-07-27-17-21-17-02_0.jpg\",\"datePublished\":\"2022-07-27T21:13:05+00:00\",\"dateModified\":\"2022-08-01T08:28:37+00:00\",\"breadcrumb\":{\"@id\":\"https:\\\/\\\/radioljubuski.ba\\\/index.php\\\/2022\\\/07\\\/27\\\/ministar-martic-u-radnoj-posjeti-opcini-ljubuski-za-projekte-u-zapadno-hercegovackoj-zupaniji-izdvojeno-preko-milijun-km\\\/#breadcrumb\"},\"inLanguage\":\"hr\",\"potentialAction\":[{\"@type\":\"ReadAction\",\"target\":[\"https:\\\/\\\/radioljubuski.ba\\\/index.php\\\/2022\\\/07\\\/27\\\/ministar-martic-u-radnoj-posjeti-opcini-ljubuski-za-projekte-u-zapadno-hercegovackoj-zupaniji-izdvojeno-preko-milijun-km\\\/\"]}]},{\"@type\":\"ImageObject\",\"inLanguage\":\"hr\",\"@id\":\"https:\\\/\\\/radioljubuski.ba\\\/index.php\\\/2022\\\/07\\\/27\\\/ministar-martic-u-radnoj-posjeti-opcini-ljubuski-za-projekte-u-zapadno-hercegovackoj-zupaniji-izdvojeno-preko-milijun-km\\\/#primaryimage\",\"url\":\"https:\\\/\\\/radioljubuski.ba\\\/wp-content\\\/uploads\\\/2022\\\/07\\\/10-2022-07-27-17-21-17-02_0.jpg\",\"contentUrl\":\"https:\\\/\\\/radioljubuski.ba\\\/wp-content\\\/uploads\\\/2022\\\/07\\\/10-2022-07-27-17-21-17-02_0.jpg\",\"width\":1000,\"height\":625},{\"@type\":\"BreadcrumbList\",\"@id\":\"https:\\\/\\\/radioljubuski.ba\\\/index.php\\\/2022\\\/07\\\/27\\\/ministar-martic-u-radnoj-posjeti-opcini-ljubuski-za-projekte-u-zapadno-hercegovackoj-zupaniji-izdvojeno-preko-milijun-km\\\/#breadcrumb\",\"itemListElement\":[{\"@type\":\"ListItem\",\"position\":1,\"name\":\"Po\u010detna stranica\",\"item\":\"https:\\\/\\\/radioljubuski.ba\\\/\"},{\"@type\":\"ListItem\",\"position\":2,\"name\":\"Ministar Marti\u0107 u radnoj posjeti Op\u0107ini Ljubu\u0161ki: Za projekte u Zapadno-hercegova\u010dkoj \u017eupaniji izdvojeno preko milijun KM\"}]},{\"@type\":\"WebSite\",\"@id\":\"https:\\\/\\\/radioljubuski.ba\\\/#website\",\"url\":\"https:\\\/\\\/radioljubuski.ba\\\/\",\"name\":\"Radio Ljubu\u0161ki\",\"description\":\"Sun\u010dana frekvencija Hercegovine\",\"publisher\":{\"@id\":\"https:\\\/\\\/radioljubuski.ba\\\/#organization\"},\"potentialAction\":[{\"@type\":\"SearchAction\",\"target\":{\"@type\":\"EntryPoint\",\"urlTemplate\":\"https:\\\/\\\/radioljubuski.ba\\\/?s={search_term_string}\"},\"query-input\":{\"@type\":\"PropertyValueSpecification\",\"valueRequired\":true,\"valueName\":\"search_term_string\"}}],\"inLanguage\":\"hr\"},{\"@type\":\"Organization\",\"@id\":\"https:\\\/\\\/radioljubuski.ba\\\/#organization\",\"name\":\"Radio Ljubu\u0161ki\",\"url\":\"https:\\\/\\\/radioljubuski.ba\\\/\",\"logo\":{\"@type\":\"ImageObject\",\"inLanguage\":\"hr\",\"@id\":\"https:\\\/\\\/radioljubuski.ba\\\/#\\\/schema\\\/logo\\\/image\\\/\",\"url\":\"https:\\\/\\\/radioljubuski.ba\\\/wp-content\\\/uploads\\\/2021\\\/02\\\/cropped-Radio_Ljubuski_logo1.jpg\",\"contentUrl\":\"https:\\\/\\\/radioljubuski.ba\\\/wp-content\\\/uploads\\\/2021\\\/02\\\/cropped-Radio_Ljubuski_logo1.jpg\",\"width\":512,\"height\":512,\"caption\":\"Radio Ljubu\u0161ki\"},\"image\":{\"@id\":\"https:\\\/\\\/radioljubuski.ba\\\/#\\\/schema\\\/logo\\\/image\\\/\"},\"sameAs\":[\"https:\\\/\\\/www.facebook.com\\\/Radiio-Ljubuski-1490835324566332\",\"https:\\\/\\\/x.com\\\/radioljubuski\",\"https:\\\/\\\/hr.linkedin.com\\\/company\\\/radio-ljubuski\",\"https:\\\/\\\/www.youtube.com\\\/channel\\\/UCHYaeO_n0Db3tjNGudGpXyw\"]},{\"@type\":\"Person\",\"@id\":\"https:\\\/\\\/radioljubuski.ba\\\/#\\\/schema\\\/person\\\/19fc700381a780f69665d7956c469e3b\",\"name\":\"Radio Ljubu\u0161ki\"}]}<\/script>\n<!-- \/ Yoast SEO plugin. -->","yoast_head_json":{"title":"Ministar Marti\u0107 u radnoj posjeti Op\u0107ini Ljubu\u0161ki: Za projekte u Zapadno-hercegova\u010dkoj \u017eupaniji izdvojeno preko milijun KM - RADIO LJUBU\u0160KI","robots":{"index":"index","follow":"follow","max-snippet":"max-snippet:-1","max-image-preview":"max-image-preview:large","max-video-preview":"max-video-preview:-1"},"canonical":"https:\/\/radioljubuski.ba\/index.php\/2022\/07\/27\/ministar-martic-u-radnoj-posjeti-opcini-ljubuski-za-projekte-u-zapadno-hercegovackoj-zupaniji-izdvojeno-preko-milijun-km\/","og_locale":"hr_HR","og_type":"article","og_title":"Ministar Marti\u0107 u radnoj posjeti Op\u0107ini Ljubu\u0161ki: Za projekte u Zapadno-hercegova\u010dkoj \u017eupaniji izdvojeno preko milijun KM - RADIO LJUBU\u0160KI","og_description":"Izaslanstvo Federalnog ministarstva prostornog ure\u0111enja na \u010delu sa ministrom Josipom Marti\u0107em boravi u radnoj posjeti Op\u0107ini Ljubu\u0161ki. U Gradskoj upravi Ljubu\u0161kog ugostio ih je gradona\u010delnik Vedran Markoti\u0107. Tim povodom uprili\u010deno je potpisivanje ugovora o sufinanciranju osam projekta iz Zapadno-hercegova\u010dke \u017eupanije koje je podr\u017ealo Federalno ministarstvo prostornog ure\u0111enja. Ukupna vrijednost svih projekata iznosi 1.269.100.61 KM. Ministar [&hellip;]","og_url":"https:\/\/radioljubuski.ba\/index.php\/2022\/07\/27\/ministar-martic-u-radnoj-posjeti-opcini-ljubuski-za-projekte-u-zapadno-hercegovackoj-zupaniji-izdvojeno-preko-milijun-km\/","og_site_name":"RADIO LJUBU\u0160KI","article_publisher":"https:\/\/www.facebook.com\/Radiio-Ljubuski-1490835324566332","article_published_time":"2022-07-27T21:13:05+00:00","article_modified_time":"2022-08-01T08:28:37+00:00","og_image":[{"width":1000,"height":625,"url":"https:\/\/radioljubuski.ba\/wp-content\/uploads\/2022\/07\/10-2022-07-27-17-21-17-02_0.jpg","type":"image\/jpeg"}],"author":"Radio Ljubu\u0161ki","twitter_card":"summary_large_image","twitter_creator":"@radioljubuski","twitter_site":"@radioljubuski","twitter_misc":{"Napisao\/la":"Radio Ljubu\u0161ki","Procijenjeno vrijeme \u010ditanja":"2 minute"},"schema":{"@context":"https:\/\/schema.org","@graph":[{"@type":"Article","@id":"https:\/\/radioljubuski.ba\/index.php\/2022\/07\/27\/ministar-martic-u-radnoj-posjeti-opcini-ljubuski-za-projekte-u-zapadno-hercegovackoj-zupaniji-izdvojeno-preko-milijun-km\/#article","isPartOf":{"@id":"https:\/\/radioljubuski.ba\/index.php\/2022\/07\/27\/ministar-martic-u-radnoj-posjeti-opcini-ljubuski-za-projekte-u-zapadno-hercegovackoj-zupaniji-izdvojeno-preko-milijun-km\/"},"author":{"name":"Radio Ljubu\u0161ki","@id":"https:\/\/radioljubuski.ba\/#\/schema\/person\/19fc700381a780f69665d7956c469e3b"},"headline":"Ministar Marti\u0107 u radnoj posjeti Op\u0107ini Ljubu\u0161ki: Za projekte u Zapadno-hercegova\u010dkoj \u017eupaniji izdvojeno preko milijun KM","datePublished":"2022-07-27T21:13:05+00:00","dateModified":"2022-08-01T08:28:37+00:00","mainEntityOfPage":{"@id":"https:\/\/radioljubuski.ba\/index.php\/2022\/07\/27\/ministar-martic-u-radnoj-posjeti-opcini-ljubuski-za-projekte-u-zapadno-hercegovackoj-zupaniji-izdvojeno-preko-milijun-km\/"},"wordCount":421,"publisher":{"@id":"https:\/\/radioljubuski.ba\/#organization"},"image":{"@id":"https:\/\/radioljubuski.ba\/index.php\/2022\/07\/27\/ministar-martic-u-radnoj-posjeti-opcini-ljubuski-za-projekte-u-zapadno-hercegovackoj-zupaniji-izdvojeno-preko-milijun-km\/#primaryimage"},"thumbnailUrl":"https:\/\/radioljubuski.ba\/wp-content\/uploads\/2022\/07\/10-2022-07-27-17-21-17-02_0.jpg","articleSection":["Ljubu\u0161ki"],"inLanguage":"hr"},{"@type":"WebPage","@id":"https:\/\/radioljubuski.ba\/index.php\/2022\/07\/27\/ministar-martic-u-radnoj-posjeti-opcini-ljubuski-za-projekte-u-zapadno-hercegovackoj-zupaniji-izdvojeno-preko-milijun-km\/","url":"https:\/\/radioljubuski.ba\/index.php\/2022\/07\/27\/ministar-martic-u-radnoj-posjeti-opcini-ljubuski-za-projekte-u-zapadno-hercegovackoj-zupaniji-izdvojeno-preko-milijun-km\/","name":"Ministar Marti\u0107 u radnoj posjeti Op\u0107ini Ljubu\u0161ki: Za projekte u Zapadno-hercegova\u010dkoj \u017eupaniji izdvojeno preko milijun KM - RADIO LJUBU\u0160KI","isPartOf":{"@id":"https:\/\/radioljubuski.ba\/#website"},"primaryImageOfPage":{"@id":"https:\/\/radioljubuski.ba\/index.php\/2022\/07\/27\/ministar-martic-u-radnoj-posjeti-opcini-ljubuski-za-projekte-u-zapadno-hercegovackoj-zupaniji-izdvojeno-preko-milijun-km\/#primaryimage"},"image":{"@id":"https:\/\/radioljubuski.ba\/index.php\/2022\/07\/27\/ministar-martic-u-radnoj-posjeti-opcini-ljubuski-za-projekte-u-zapadno-hercegovackoj-zupaniji-izdvojeno-preko-milijun-km\/#primaryimage"},"thumbnailUrl":"https:\/\/radioljubuski.ba\/wp-content\/uploads\/2022\/07\/10-2022-07-27-17-21-17-02_0.jpg","datePublished":"2022-07-27T21:13:05+00:00","dateModified":"2022-08-01T08:28:37+00:00","breadcrumb":{"@id":"https:\/\/radioljubuski.ba\/index.php\/2022\/07\/27\/ministar-martic-u-radnoj-posjeti-opcini-ljubuski-za-projekte-u-zapadno-hercegovackoj-zupaniji-izdvojeno-preko-milijun-km\/#breadcrumb"},"inLanguage":"hr","potentialAction":[{"@type":"ReadAction","target":["https:\/\/radioljubuski.ba\/index.php\/2022\/07\/27\/ministar-martic-u-radnoj-posjeti-opcini-ljubuski-za-projekte-u-zapadno-hercegovackoj-zupaniji-izdvojeno-preko-milijun-km\/"]}]},{"@type":"ImageObject","inLanguage":"hr","@id":"https:\/\/radioljubuski.ba\/index.php\/2022\/07\/27\/ministar-martic-u-radnoj-posjeti-opcini-ljubuski-za-projekte-u-zapadno-hercegovackoj-zupaniji-izdvojeno-preko-milijun-km\/#primaryimage","url":"https:\/\/radioljubuski.ba\/wp-content\/uploads\/2022\/07\/10-2022-07-27-17-21-17-02_0.jpg","contentUrl":"https:\/\/radioljubuski.ba\/wp-content\/uploads\/2022\/07\/10-2022-07-27-17-21-17-02_0.jpg","width":1000,"height":625},{"@type":"BreadcrumbList","@id":"https:\/\/radioljubuski.ba\/index.php\/2022\/07\/27\/ministar-martic-u-radnoj-posjeti-opcini-ljubuski-za-projekte-u-zapadno-hercegovackoj-zupaniji-izdvojeno-preko-milijun-km\/#breadcrumb","itemListElement":[{"@type":"ListItem","position":1,"name":"Po\u010detna stranica","item":"https:\/\/radioljubuski.ba\/"},{"@type":"ListItem","position":2,"name":"Ministar Marti\u0107 u radnoj posjeti Op\u0107ini Ljubu\u0161ki: Za projekte u Zapadno-hercegova\u010dkoj \u017eupaniji izdvojeno preko milijun KM"}]},{"@type":"WebSite","@id":"https:\/\/radioljubuski.ba\/#website","url":"https:\/\/radioljubuski.ba\/","name":"Radio Ljubu\u0161ki","description":"Sun\u010dana frekvencija Hercegovine","publisher":{"@id":"https:\/\/radioljubuski.ba\/#organization"},"potentialAction":[{"@type":"SearchAction","target":{"@type":"EntryPoint","urlTemplate":"https:\/\/radioljubuski.ba\/?s={search_term_string}"},"query-input":{"@type":"PropertyValueSpecification","valueRequired":true,"valueName":"search_term_string"}}],"inLanguage":"hr"},{"@type":"Organization","@id":"https:\/\/radioljubuski.ba\/#organization","name":"Radio Ljubu\u0161ki","url":"https:\/\/radioljubuski.ba\/","logo":{"@type":"ImageObject","inLanguage":"hr","@id":"https:\/\/radioljubuski.ba\/#\/schema\/logo\/image\/","url":"https:\/\/radioljubuski.ba\/wp-content\/uploads\/2021\/02\/cropped-Radio_Ljubuski_logo1.jpg","contentUrl":"https:\/\/radioljubuski.ba\/wp-content\/uploads\/2021\/02\/cropped-Radio_Ljubuski_logo1.jpg","width":512,"height":512,"caption":"Radio Ljubu\u0161ki"},"image":{"@id":"https:\/\/radioljubuski.ba\/#\/schema\/logo\/image\/"},"sameAs":["https:\/\/www.facebook.com\/Radiio-Ljubuski-1490835324566332","https:\/\/x.com\/radioljubuski","https:\/\/hr.linkedin.com\/company\/radio-ljubuski","https:\/\/www.youtube.com\/channel\/UCHYaeO_n0Db3tjNGudGpXyw"]},{"@type":"Person","@id":"https:\/\/radioljubuski.ba\/#\/schema\/person\/19fc700381a780f69665d7956c469e3b","name":"Radio Ljubu\u0161ki"}]}},"_links":{"self":[{"href":"https:\/\/radioljubuski.ba\/index.php\/wp-json\/wp\/v2\/posts\/164164","targetHints":{"allow":["GET"]}}],"collection":[{"href":"https:\/\/radioljubuski.ba\/index.php\/wp-json\/wp\/v2\/posts"}],"about":[{"href":"https:\/\/radioljubuski.ba\/index.php\/wp-json\/wp\/v2\/types\/post"}],"author":[{"embeddable":true,"href":"https:\/\/radioljubuski.ba\/index.php\/wp-json\/wp\/v2\/users\/2"}],"replies":[{"embeddable":true,"href":"https:\/\/radioljubuski.ba\/index.php\/wp-json\/wp\/v2\/comments?post=164164"}],"version-history":[{"count":1,"href":"https:\/\/radioljubuski.ba\/index.php\/wp-json\/wp\/v2\/posts\/164164\/revisions"}],"predecessor-version":[{"id":164166,"href":"https:\/\/radioljubuski.ba\/index.php\/wp-json\/wp\/v2\/posts\/164164\/revisions\/164166"}],"wp:featuredmedia":[{"embeddable":true,"href":"https:\/\/radioljubuski.ba\/index.php\/wp-json\/wp\/v2\/media\/164165"}],"wp:attachment":[{"href":"https:\/\/radioljubuski.ba\/index.php\/wp-json\/wp\/v2\/media?parent=164164"}],"wp:term":[{"taxonomy":"category","embeddable":true,"href":"https:\/\/radioljubuski.ba\/index.php\/wp-json\/wp\/v2\/categories?post=164164"},{"taxonomy":"post_tag","embeddable":true,"href":"https:\/\/radioljubuski.ba\/index.php\/wp-json\/wp\/v2\/tags?post=164164"}],"curies":[{"name":"wp","href":"https:\/\/api.w.org\/{rel}","templated":true}]}}