{"id":164312,"date":"2022-07-28T09:27:03","date_gmt":"2022-07-28T08:27:03","guid":{"rendered":"https:\/\/radioljubuski.ba\/?p=164312"},"modified":"2022-07-28T09:27:03","modified_gmt":"2022-07-28T08:27:03","slug":"pet-poginulih-i-130-ozlijedenih-u-potresu-na-filipinima","status":"publish","type":"post","link":"https:\/\/radioljubuski.ba\/index.php\/2022\/07\/28\/pet-poginulih-i-130-ozlijedenih-u-potresu-na-filipinima\/","title":{"rendered":"Pet poginulih i 130 ozlije\u0111enih u potresu na Filipinima"},"content":{"rendered":"\n<p>Filipinski predsjednik Ferdinand Marcos mla\u0111i pregledao je \u0161tetu prouzro\u010denu sna\u017enim potresom u sjevernim pokrajinama, u kojemu je smrtno stradalo najmanje petero ljudi, vi\u0161e od 130 ljudi je ozlije\u0111eno, a potres je izazvao i znatne materijalne \u0161tete.<\/p>\n\n\n\n<p>Potres magnitude 7 po Richteru pogodio je u srijedu planinsko podru\u010dje Cordillera te izazvao klizi\u0161ta i odrone kamenja. U potresu su o\u0161te\u0107ene stotine ku\u0107a i zgrada i prekinuti elektri\u010dni i komunikacijski vodovi.<\/p>\n\n\n\n<p>Marcos je oti\u0161ao u pokrajinu Abru, gdje je bio epicentar potresa, kako bi posjetio \u017ertve, od kojih su mnoge kampirale tijekom no\u0107i u strahu zbog stotina naknadnih podrhtavanja tla, rekao je ministar socijalne skrbi Erwin Tulfo.<\/p>\n\n\n\n<p>&#8211; Predsjednik tako\u0111er \u017eeli osobno svjedo\u010diti potrazi i spa\u0161avanju, kao i operacijama pomo\u0107i agencija za \u017ertve potresa, dodao je.<\/p>\n\n\n\n<p>Nacionalna agencija za katastrofe priop\u0107ila je da je pet osoba poginulo, ve\u0107inom nakon \u0161to su ih pogodili dijelovi sru\u0161enih ku\u0107a ili krhotine, a 131 osoba je ozlije\u0111ena u potresu koji se osjetio \u010dak i u podru\u010dju Manile.<\/p>\n\n\n\n<p>Blizu 13.000 ljudi pogo\u0111eno je potresom, koji je o\u0161tetio i desetke bolnica, \u0161kola, vladinih ureda, a ceste i mostovi su popucali.<\/p>\n\n\n\n<p>Filipini se nalaze na pacifi\u010dkome vatrenom prstenu, gdje se doga\u0111a oko 90 posto svjetskih potresa.<\/p>\n\n\n\n<p>Potres magnitude 7,1 u kojemu je poginulo vi\u0161e od 220 ljudi u sredi\u0161njim Filipinima u listopadu 2013. bio je zadnji veliki potres koji je pogodio zemlju.<\/p>\n\n\n\n<p>U srpnju 1990. vi\u0161e od 2.400 ljudi poginulo je na sjevernom otoku Luzonu u potresu magnitude 7,8, jednom od najja\u010dih koji je ikada pogodio Filipine.<\/p>\n\n\n\n<p>Izvor: <a href=\"https:\/\/pogled.ba\/svijet\/pet-poginulih-i-130-ozlijedenih-u-potresu-na-filipinima\/251768\">Pogled.ba<\/a><\/p>\n","protected":false},"excerpt":{"rendered":"<p>Filipinski predsjednik Ferdinand Marcos mla\u0111i pregledao je \u0161tetu prouzro\u010denu sna\u017enim potresom u sjevernim pokrajinama, u kojemu je smrtno stradalo najmanje petero ljudi, vi\u0161e od 130 ljudi je ozlije\u0111eno, a potres je izazvao i znatne materijalne \u0161tete. Potres magnitude 7 po Richteru pogodio je u srijedu planinsko podru\u010dje Cordillera te izazvao klizi\u0161ta i odrone kamenja. U [&hellip;]<\/p>\n","protected":false},"author":2,"featured_media":164313,"comment_status":"closed","ping_status":"closed","sticky":false,"template":"","format":"standard","meta":{"h5ap_radio_sources":[],"footnotes":""},"categories":[1],"tags":[],"class_list":["post-164312","post","type-post","status-publish","format-standard","has-post-thumbnail","hentry","category-bihiregija"],"yoast_head":"<!-- This site is optimized with the Yoast SEO plugin v27.5 - https:\/\/yoast.com\/product\/yoast-seo-wordpress\/ -->\n<title>Pet poginulih i 130 ozlije\u0111enih u potresu na Filipinima - RADIO LJUBU\u0160KI<\/title>\n<meta name=\"robots\" content=\"index, follow, max-snippet:-1, max-image-preview:large, max-video-preview:-1\" \/>\n<link rel=\"canonical\" href=\"https:\/\/radioljubuski.ba\/index.php\/2022\/07\/28\/pet-poginulih-i-130-ozlijedenih-u-potresu-na-filipinima\/\" \/>\n<meta property=\"og:locale\" content=\"hr_HR\" \/>\n<meta property=\"og:type\" content=\"article\" \/>\n<meta property=\"og:title\" content=\"Pet poginulih i 130 ozlije\u0111enih u potresu na Filipinima - RADIO LJUBU\u0160KI\" \/>\n<meta property=\"og:description\" content=\"Filipinski predsjednik Ferdinand Marcos mla\u0111i pregledao je \u0161tetu prouzro\u010denu sna\u017enim potresom u sjevernim pokrajinama, u kojemu je smrtno stradalo najmanje petero ljudi, vi\u0161e od 130 ljudi je ozlije\u0111eno, a potres je izazvao i znatne materijalne \u0161tete. Potres magnitude 7 po Richteru pogodio je u srijedu planinsko podru\u010dje Cordillera te izazvao klizi\u0161ta i odrone kamenja. U [&hellip;]\" \/>\n<meta property=\"og:url\" content=\"https:\/\/radioljubuski.ba\/index.php\/2022\/07\/28\/pet-poginulih-i-130-ozlijedenih-u-potresu-na-filipinima\/\" \/>\n<meta property=\"og:site_name\" content=\"RADIO LJUBU\u0160KI\" \/>\n<meta property=\"article:publisher\" content=\"https:\/\/www.facebook.com\/Radiio-Ljubuski-1490835324566332\" \/>\n<meta property=\"article:published_time\" content=\"2022-07-28T08:27:03+00:00\" \/>\n<meta property=\"og:image\" content=\"https:\/\/radioljubuski.ba\/wp-content\/uploads\/2022\/07\/2-2022-03-14-07-38-18-potres.jpg\" \/>\n\t<meta property=\"og:image:width\" content=\"1000\" \/>\n\t<meta property=\"og:image:height\" content=\"625\" \/>\n\t<meta property=\"og:image:type\" content=\"image\/jpeg\" \/>\n<meta name=\"author\" content=\"Radio Ljubu\u0161ki\" \/>\n<meta name=\"twitter:card\" content=\"summary_large_image\" \/>\n<meta name=\"twitter:creator\" content=\"@radioljubuski\" \/>\n<meta name=\"twitter:site\" content=\"@radioljubuski\" \/>\n<meta name=\"twitter:label1\" content=\"Napisao\/la\" \/>\n\t<meta name=\"twitter:data1\" content=\"Radio Ljubu\u0161ki\" \/>\n\t<meta name=\"twitter:label2\" content=\"Procijenjeno vrijeme \u010ditanja\" \/>\n\t<meta name=\"twitter:data2\" content=\"2 minute\" \/>\n<script type=\"application\/ld+json\" class=\"yoast-schema-graph\">{\"@context\":\"https:\\\/\\\/schema.org\",\"@graph\":[{\"@type\":\"Article\",\"@id\":\"https:\\\/\\\/radioljubuski.ba\\\/index.php\\\/2022\\\/07\\\/28\\\/pet-poginulih-i-130-ozlijedenih-u-potresu-na-filipinima\\\/#article\",\"isPartOf\":{\"@id\":\"https:\\\/\\\/radioljubuski.ba\\\/index.php\\\/2022\\\/07\\\/28\\\/pet-poginulih-i-130-ozlijedenih-u-potresu-na-filipinima\\\/\"},\"author\":{\"name\":\"Radio Ljubu\u0161ki\",\"@id\":\"https:\\\/\\\/radioljubuski.ba\\\/#\\\/schema\\\/person\\\/19fc700381a780f69665d7956c469e3b\"},\"headline\":\"Pet poginulih i 130 ozlije\u0111enih u potresu na Filipinima\",\"datePublished\":\"2022-07-28T08:27:03+00:00\",\"mainEntityOfPage\":{\"@id\":\"https:\\\/\\\/radioljubuski.ba\\\/index.php\\\/2022\\\/07\\\/28\\\/pet-poginulih-i-130-ozlijedenih-u-potresu-na-filipinima\\\/\"},\"wordCount\":279,\"publisher\":{\"@id\":\"https:\\\/\\\/radioljubuski.ba\\\/#organization\"},\"image\":{\"@id\":\"https:\\\/\\\/radioljubuski.ba\\\/index.php\\\/2022\\\/07\\\/28\\\/pet-poginulih-i-130-ozlijedenih-u-potresu-na-filipinima\\\/#primaryimage\"},\"thumbnailUrl\":\"https:\\\/\\\/radioljubuski.ba\\\/wp-content\\\/uploads\\\/2022\\\/07\\\/2-2022-03-14-07-38-18-potres.jpg\",\"articleSection\":[\"BIH i regija\"],\"inLanguage\":\"hr\"},{\"@type\":\"WebPage\",\"@id\":\"https:\\\/\\\/radioljubuski.ba\\\/index.php\\\/2022\\\/07\\\/28\\\/pet-poginulih-i-130-ozlijedenih-u-potresu-na-filipinima\\\/\",\"url\":\"https:\\\/\\\/radioljubuski.ba\\\/index.php\\\/2022\\\/07\\\/28\\\/pet-poginulih-i-130-ozlijedenih-u-potresu-na-filipinima\\\/\",\"name\":\"Pet poginulih i 130 ozlije\u0111enih u potresu na Filipinima - RADIO LJUBU\u0160KI\",\"isPartOf\":{\"@id\":\"https:\\\/\\\/radioljubuski.ba\\\/#website\"},\"primaryImageOfPage\":{\"@id\":\"https:\\\/\\\/radioljubuski.ba\\\/index.php\\\/2022\\\/07\\\/28\\\/pet-poginulih-i-130-ozlijedenih-u-potresu-na-filipinima\\\/#primaryimage\"},\"image\":{\"@id\":\"https:\\\/\\\/radioljubuski.ba\\\/index.php\\\/2022\\\/07\\\/28\\\/pet-poginulih-i-130-ozlijedenih-u-potresu-na-filipinima\\\/#primaryimage\"},\"thumbnailUrl\":\"https:\\\/\\\/radioljubuski.ba\\\/wp-content\\\/uploads\\\/2022\\\/07\\\/2-2022-03-14-07-38-18-potres.jpg\",\"datePublished\":\"2022-07-28T08:27:03+00:00\",\"breadcrumb\":{\"@id\":\"https:\\\/\\\/radioljubuski.ba\\\/index.php\\\/2022\\\/07\\\/28\\\/pet-poginulih-i-130-ozlijedenih-u-potresu-na-filipinima\\\/#breadcrumb\"},\"inLanguage\":\"hr\",\"potentialAction\":[{\"@type\":\"ReadAction\",\"target\":[\"https:\\\/\\\/radioljubuski.ba\\\/index.php\\\/2022\\\/07\\\/28\\\/pet-poginulih-i-130-ozlijedenih-u-potresu-na-filipinima\\\/\"]}]},{\"@type\":\"ImageObject\",\"inLanguage\":\"hr\",\"@id\":\"https:\\\/\\\/radioljubuski.ba\\\/index.php\\\/2022\\\/07\\\/28\\\/pet-poginulih-i-130-ozlijedenih-u-potresu-na-filipinima\\\/#primaryimage\",\"url\":\"https:\\\/\\\/radioljubuski.ba\\\/wp-content\\\/uploads\\\/2022\\\/07\\\/2-2022-03-14-07-38-18-potres.jpg\",\"contentUrl\":\"https:\\\/\\\/radioljubuski.ba\\\/wp-content\\\/uploads\\\/2022\\\/07\\\/2-2022-03-14-07-38-18-potres.jpg\",\"width\":1000,\"height\":625},{\"@type\":\"BreadcrumbList\",\"@id\":\"https:\\\/\\\/radioljubuski.ba\\\/index.php\\\/2022\\\/07\\\/28\\\/pet-poginulih-i-130-ozlijedenih-u-potresu-na-filipinima\\\/#breadcrumb\",\"itemListElement\":[{\"@type\":\"ListItem\",\"position\":1,\"name\":\"Po\u010detna stranica\",\"item\":\"https:\\\/\\\/radioljubuski.ba\\\/\"},{\"@type\":\"ListItem\",\"position\":2,\"name\":\"Pet poginulih i 130 ozlije\u0111enih u potresu na Filipinima\"}]},{\"@type\":\"WebSite\",\"@id\":\"https:\\\/\\\/radioljubuski.ba\\\/#website\",\"url\":\"https:\\\/\\\/radioljubuski.ba\\\/\",\"name\":\"Radio Ljubu\u0161ki\",\"description\":\"Sun\u010dana frekvencija Hercegovine\",\"publisher\":{\"@id\":\"https:\\\/\\\/radioljubuski.ba\\\/#organization\"},\"potentialAction\":[{\"@type\":\"SearchAction\",\"target\":{\"@type\":\"EntryPoint\",\"urlTemplate\":\"https:\\\/\\\/radioljubuski.ba\\\/?s={search_term_string}\"},\"query-input\":{\"@type\":\"PropertyValueSpecification\",\"valueRequired\":true,\"valueName\":\"search_term_string\"}}],\"inLanguage\":\"hr\"},{\"@type\":\"Organization\",\"@id\":\"https:\\\/\\\/radioljubuski.ba\\\/#organization\",\"name\":\"Radio Ljubu\u0161ki\",\"url\":\"https:\\\/\\\/radioljubuski.ba\\\/\",\"logo\":{\"@type\":\"ImageObject\",\"inLanguage\":\"hr\",\"@id\":\"https:\\\/\\\/radioljubuski.ba\\\/#\\\/schema\\\/logo\\\/image\\\/\",\"url\":\"https:\\\/\\\/radioljubuski.ba\\\/wp-content\\\/uploads\\\/2021\\\/02\\\/cropped-Radio_Ljubuski_logo1.jpg\",\"contentUrl\":\"https:\\\/\\\/radioljubuski.ba\\\/wp-content\\\/uploads\\\/2021\\\/02\\\/cropped-Radio_Ljubuski_logo1.jpg\",\"width\":512,\"height\":512,\"caption\":\"Radio Ljubu\u0161ki\"},\"image\":{\"@id\":\"https:\\\/\\\/radioljubuski.ba\\\/#\\\/schema\\\/logo\\\/image\\\/\"},\"sameAs\":[\"https:\\\/\\\/www.facebook.com\\\/Radiio-Ljubuski-1490835324566332\",\"https:\\\/\\\/x.com\\\/radioljubuski\",\"https:\\\/\\\/hr.linkedin.com\\\/company\\\/radio-ljubuski\",\"https:\\\/\\\/www.youtube.com\\\/channel\\\/UCHYaeO_n0Db3tjNGudGpXyw\"]},{\"@type\":\"Person\",\"@id\":\"https:\\\/\\\/radioljubuski.ba\\\/#\\\/schema\\\/person\\\/19fc700381a780f69665d7956c469e3b\",\"name\":\"Radio Ljubu\u0161ki\"}]}<\/script>\n<!-- \/ Yoast SEO plugin. -->","yoast_head_json":{"title":"Pet poginulih i 130 ozlije\u0111enih u potresu na Filipinima - RADIO LJUBU\u0160KI","robots":{"index":"index","follow":"follow","max-snippet":"max-snippet:-1","max-image-preview":"max-image-preview:large","max-video-preview":"max-video-preview:-1"},"canonical":"https:\/\/radioljubuski.ba\/index.php\/2022\/07\/28\/pet-poginulih-i-130-ozlijedenih-u-potresu-na-filipinima\/","og_locale":"hr_HR","og_type":"article","og_title":"Pet poginulih i 130 ozlije\u0111enih u potresu na Filipinima - RADIO LJUBU\u0160KI","og_description":"Filipinski predsjednik Ferdinand Marcos mla\u0111i pregledao je \u0161tetu prouzro\u010denu sna\u017enim potresom u sjevernim pokrajinama, u kojemu je smrtno stradalo najmanje petero ljudi, vi\u0161e od 130 ljudi je ozlije\u0111eno, a potres je izazvao i znatne materijalne \u0161tete. Potres magnitude 7 po Richteru pogodio je u srijedu planinsko podru\u010dje Cordillera te izazvao klizi\u0161ta i odrone kamenja. U [&hellip;]","og_url":"https:\/\/radioljubuski.ba\/index.php\/2022\/07\/28\/pet-poginulih-i-130-ozlijedenih-u-potresu-na-filipinima\/","og_site_name":"RADIO LJUBU\u0160KI","article_publisher":"https:\/\/www.facebook.com\/Radiio-Ljubuski-1490835324566332","article_published_time":"2022-07-28T08:27:03+00:00","og_image":[{"width":1000,"height":625,"url":"https:\/\/radioljubuski.ba\/wp-content\/uploads\/2022\/07\/2-2022-03-14-07-38-18-potres.jpg","type":"image\/jpeg"}],"author":"Radio Ljubu\u0161ki","twitter_card":"summary_large_image","twitter_creator":"@radioljubuski","twitter_site":"@radioljubuski","twitter_misc":{"Napisao\/la":"Radio Ljubu\u0161ki","Procijenjeno vrijeme \u010ditanja":"2 minute"},"schema":{"@context":"https:\/\/schema.org","@graph":[{"@type":"Article","@id":"https:\/\/radioljubuski.ba\/index.php\/2022\/07\/28\/pet-poginulih-i-130-ozlijedenih-u-potresu-na-filipinima\/#article","isPartOf":{"@id":"https:\/\/radioljubuski.ba\/index.php\/2022\/07\/28\/pet-poginulih-i-130-ozlijedenih-u-potresu-na-filipinima\/"},"author":{"name":"Radio Ljubu\u0161ki","@id":"https:\/\/radioljubuski.ba\/#\/schema\/person\/19fc700381a780f69665d7956c469e3b"},"headline":"Pet poginulih i 130 ozlije\u0111enih u potresu na Filipinima","datePublished":"2022-07-28T08:27:03+00:00","mainEntityOfPage":{"@id":"https:\/\/radioljubuski.ba\/index.php\/2022\/07\/28\/pet-poginulih-i-130-ozlijedenih-u-potresu-na-filipinima\/"},"wordCount":279,"publisher":{"@id":"https:\/\/radioljubuski.ba\/#organization"},"image":{"@id":"https:\/\/radioljubuski.ba\/index.php\/2022\/07\/28\/pet-poginulih-i-130-ozlijedenih-u-potresu-na-filipinima\/#primaryimage"},"thumbnailUrl":"https:\/\/radioljubuski.ba\/wp-content\/uploads\/2022\/07\/2-2022-03-14-07-38-18-potres.jpg","articleSection":["BIH i regija"],"inLanguage":"hr"},{"@type":"WebPage","@id":"https:\/\/radioljubuski.ba\/index.php\/2022\/07\/28\/pet-poginulih-i-130-ozlijedenih-u-potresu-na-filipinima\/","url":"https:\/\/radioljubuski.ba\/index.php\/2022\/07\/28\/pet-poginulih-i-130-ozlijedenih-u-potresu-na-filipinima\/","name":"Pet poginulih i 130 ozlije\u0111enih u potresu na Filipinima - RADIO LJUBU\u0160KI","isPartOf":{"@id":"https:\/\/radioljubuski.ba\/#website"},"primaryImageOfPage":{"@id":"https:\/\/radioljubuski.ba\/index.php\/2022\/07\/28\/pet-poginulih-i-130-ozlijedenih-u-potresu-na-filipinima\/#primaryimage"},"image":{"@id":"https:\/\/radioljubuski.ba\/index.php\/2022\/07\/28\/pet-poginulih-i-130-ozlijedenih-u-potresu-na-filipinima\/#primaryimage"},"thumbnailUrl":"https:\/\/radioljubuski.ba\/wp-content\/uploads\/2022\/07\/2-2022-03-14-07-38-18-potres.jpg","datePublished":"2022-07-28T08:27:03+00:00","breadcrumb":{"@id":"https:\/\/radioljubuski.ba\/index.php\/2022\/07\/28\/pet-poginulih-i-130-ozlijedenih-u-potresu-na-filipinima\/#breadcrumb"},"inLanguage":"hr","potentialAction":[{"@type":"ReadAction","target":["https:\/\/radioljubuski.ba\/index.php\/2022\/07\/28\/pet-poginulih-i-130-ozlijedenih-u-potresu-na-filipinima\/"]}]},{"@type":"ImageObject","inLanguage":"hr","@id":"https:\/\/radioljubuski.ba\/index.php\/2022\/07\/28\/pet-poginulih-i-130-ozlijedenih-u-potresu-na-filipinima\/#primaryimage","url":"https:\/\/radioljubuski.ba\/wp-content\/uploads\/2022\/07\/2-2022-03-14-07-38-18-potres.jpg","contentUrl":"https:\/\/radioljubuski.ba\/wp-content\/uploads\/2022\/07\/2-2022-03-14-07-38-18-potres.jpg","width":1000,"height":625},{"@type":"BreadcrumbList","@id":"https:\/\/radioljubuski.ba\/index.php\/2022\/07\/28\/pet-poginulih-i-130-ozlijedenih-u-potresu-na-filipinima\/#breadcrumb","itemListElement":[{"@type":"ListItem","position":1,"name":"Po\u010detna stranica","item":"https:\/\/radioljubuski.ba\/"},{"@type":"ListItem","position":2,"name":"Pet poginulih i 130 ozlije\u0111enih u potresu na Filipinima"}]},{"@type":"WebSite","@id":"https:\/\/radioljubuski.ba\/#website","url":"https:\/\/radioljubuski.ba\/","name":"Radio Ljubu\u0161ki","description":"Sun\u010dana frekvencija Hercegovine","publisher":{"@id":"https:\/\/radioljubuski.ba\/#organization"},"potentialAction":[{"@type":"SearchAction","target":{"@type":"EntryPoint","urlTemplate":"https:\/\/radioljubuski.ba\/?s={search_term_string}"},"query-input":{"@type":"PropertyValueSpecification","valueRequired":true,"valueName":"search_term_string"}}],"inLanguage":"hr"},{"@type":"Organization","@id":"https:\/\/radioljubuski.ba\/#organization","name":"Radio Ljubu\u0161ki","url":"https:\/\/radioljubuski.ba\/","logo":{"@type":"ImageObject","inLanguage":"hr","@id":"https:\/\/radioljubuski.ba\/#\/schema\/logo\/image\/","url":"https:\/\/radioljubuski.ba\/wp-content\/uploads\/2021\/02\/cropped-Radio_Ljubuski_logo1.jpg","contentUrl":"https:\/\/radioljubuski.ba\/wp-content\/uploads\/2021\/02\/cropped-Radio_Ljubuski_logo1.jpg","width":512,"height":512,"caption":"Radio Ljubu\u0161ki"},"image":{"@id":"https:\/\/radioljubuski.ba\/#\/schema\/logo\/image\/"},"sameAs":["https:\/\/www.facebook.com\/Radiio-Ljubuski-1490835324566332","https:\/\/x.com\/radioljubuski","https:\/\/hr.linkedin.com\/company\/radio-ljubuski","https:\/\/www.youtube.com\/channel\/UCHYaeO_n0Db3tjNGudGpXyw"]},{"@type":"Person","@id":"https:\/\/radioljubuski.ba\/#\/schema\/person\/19fc700381a780f69665d7956c469e3b","name":"Radio Ljubu\u0161ki"}]}},"_links":{"self":[{"href":"https:\/\/radioljubuski.ba\/index.php\/wp-json\/wp\/v2\/posts\/164312","targetHints":{"allow":["GET"]}}],"collection":[{"href":"https:\/\/radioljubuski.ba\/index.php\/wp-json\/wp\/v2\/posts"}],"about":[{"href":"https:\/\/radioljubuski.ba\/index.php\/wp-json\/wp\/v2\/types\/post"}],"author":[{"embeddable":true,"href":"https:\/\/radioljubuski.ba\/index.php\/wp-json\/wp\/v2\/users\/2"}],"replies":[{"embeddable":true,"href":"https:\/\/radioljubuski.ba\/index.php\/wp-json\/wp\/v2\/comments?post=164312"}],"version-history":[{"count":1,"href":"https:\/\/radioljubuski.ba\/index.php\/wp-json\/wp\/v2\/posts\/164312\/revisions"}],"predecessor-version":[{"id":164314,"href":"https:\/\/radioljubuski.ba\/index.php\/wp-json\/wp\/v2\/posts\/164312\/revisions\/164314"}],"wp:featuredmedia":[{"embeddable":true,"href":"https:\/\/radioljubuski.ba\/index.php\/wp-json\/wp\/v2\/media\/164313"}],"wp:attachment":[{"href":"https:\/\/radioljubuski.ba\/index.php\/wp-json\/wp\/v2\/media?parent=164312"}],"wp:term":[{"taxonomy":"category","embeddable":true,"href":"https:\/\/radioljubuski.ba\/index.php\/wp-json\/wp\/v2\/categories?post=164312"},{"taxonomy":"post_tag","embeddable":true,"href":"https:\/\/radioljubuski.ba\/index.php\/wp-json\/wp\/v2\/tags?post=164312"}],"curies":[{"name":"wp","href":"https:\/\/api.w.org\/{rel}","templated":true}]}}