{"id":164324,"date":"2022-07-28T10:26:09","date_gmt":"2022-07-28T09:26:09","guid":{"rendered":"https:\/\/radioljubuski.ba\/?p=164324"},"modified":"2022-07-28T10:26:10","modified_gmt":"2022-07-28T09:26:10","slug":"prosvjednici-u-iraku-su-se-probili-u-zgradu-parlamenta","status":"publish","type":"post","link":"https:\/\/radioljubuski.ba\/index.php\/2022\/07\/28\/prosvjednici-u-iraku-su-se-probili-u-zgradu-parlamenta\/","title":{"rendered":"Prosvjednici u Iraku su se probili u zgradu parlamenta"},"content":{"rendered":"\n<p>Sljedbenici utjecajnog ira\u010dkog klerika Moqtade al-Sadra provalili su ju\u010der u bagdadsku utvr\u0111enu Zelenu zonu i zgradu parlamenta tra\u017ee\u0107i politi\u010dke reforme zbog vi\u0161emjese\u010dne politi\u010dke blokade u zemlji, rekli su svjedoci. Za\u0161titari u Zelenoj zoni &#8211; u kojoj se nalaze parlament, vladine zgrade i strana veleposlanstva &#8211; ispalili su dimne bombe kako bi rastjerali prosvjednike, koji su ipak uspjeli iza\u0107i na njene ulice.<\/p>\n\n\n\n<p>Svjedoci su izvijestili o \u017ertvama me\u0111u prosvjednicima nakon \u0161to su nepoznate osobe zapucale unutar zone. Ira\u010dki portal Alsumari News prenio je navode izvore iz slu\u017ebi sigurnosti da su tri prosvjednika ozlije\u0111ena. Do nemira je do\u0161lo nakon \u0161to su se tisu\u0107e al-Sadrovih prista\u0161a okupile ispred Zelene zone odbijaju\u0107i nominaciju biv\u0161eg ministra vlade Mohameda Shia al-Sudanija od strane proiranskog politi\u010dkog saveza za mjesto premijera.<\/p>\n\n\n\n<p>Mnogi Ira\u010dani ne vjeruju politi\u010darima jer se naftom bogati Irak godinama bori s krizama<\/p>\n\n\n\n<p>Prosvjednici su podigli ira\u010dku zastavu i slike al-Sadra, \u010diji je blok osigurao 73 mjesta u parlamentu od 329 \u010dlanova na izborima odr\u017eanim u listopadu pro\u0161le godine. Neki prosvjednici obe\u0107ali su ostati u zoni dok se ne ispune njihovi zahtjevi.<\/p>\n\n\n\n<p>&#8220;Situacija bi se mogla razviti u slu\u010daju da na\u0161i zahtjevi ne budu ispunjeni&#8221;, rekao je jedan prosvjednik po imenu Abu Sejad telefonom za dpa. Premijer Mustafa al-Khadimi pozvao je prosvjednike da se povuku.<\/p>\n\n\n\n<p>Dok je blok al-Sadra pove\u0107ao broj mjesta na listopadskim izborima u usporedbi s prethodnim sazivom &nbsp;parlamenta, proiranske skupine pretrpjele su zna\u010dajne gubitke. No, pro\u0161log mjeseca je taj blok povukao svoje zastupnike zbog politi\u010dkog zastoja oko formiranja nove vlade u zemlji. Mnogi Ira\u010dani ne vjeruju politi\u010darima jer se naftom bogati Irak godinama bori s gospodarskom i politi\u010dkom krizom.<\/p>\n\n\n\n<p>Izvor:pogled.ba<\/p>\n","protected":false},"excerpt":{"rendered":"<p>Sljedbenici utjecajnog ira\u010dkog klerika Moqtade al-Sadra provalili su ju\u010der u bagdadsku utvr\u0111enu Zelenu zonu i zgradu parlamenta tra\u017ee\u0107i politi\u010dke reforme zbog vi\u0161emjese\u010dne politi\u010dke blokade u zemlji, rekli su svjedoci. Za\u0161titari u Zelenoj zoni &#8211; u kojoj se nalaze parlament, vladine zgrade i strana veleposlanstva &#8211; ispalili su dimne bombe kako bi rastjerali prosvjednike, koji su [&hellip;]<\/p>\n","protected":false},"author":2,"featured_media":164325,"comment_status":"closed","ping_status":"closed","sticky":false,"template":"","format":"standard","meta":{"h5ap_radio_sources":[],"footnotes":""},"categories":[1],"tags":[],"class_list":["post-164324","post","type-post","status-publish","format-standard","has-post-thumbnail","hentry","category-bihiregija"],"yoast_head":"<!-- This site is optimized with the Yoast SEO plugin v27.5 - https:\/\/yoast.com\/product\/yoast-seo-wordpress\/ -->\n<title>Prosvjednici u Iraku su se probili u zgradu parlamenta - RADIO LJUBU\u0160KI<\/title>\n<meta name=\"robots\" content=\"index, follow, max-snippet:-1, max-image-preview:large, max-video-preview:-1\" \/>\n<link rel=\"canonical\" href=\"https:\/\/radioljubuski.ba\/index.php\/2022\/07\/28\/prosvjednici-u-iraku-su-se-probili-u-zgradu-parlamenta\/\" \/>\n<meta property=\"og:locale\" content=\"hr_HR\" \/>\n<meta property=\"og:type\" content=\"article\" \/>\n<meta property=\"og:title\" content=\"Prosvjednici u Iraku su se probili u zgradu parlamenta - RADIO LJUBU\u0160KI\" \/>\n<meta property=\"og:description\" content=\"Sljedbenici utjecajnog ira\u010dkog klerika Moqtade al-Sadra provalili su ju\u010der u bagdadsku utvr\u0111enu Zelenu zonu i zgradu parlamenta tra\u017ee\u0107i politi\u010dke reforme zbog vi\u0161emjese\u010dne politi\u010dke blokade u zemlji, rekli su svjedoci. Za\u0161titari u Zelenoj zoni &#8211; u kojoj se nalaze parlament, vladine zgrade i strana veleposlanstva &#8211; ispalili su dimne bombe kako bi rastjerali prosvjednike, koji su [&hellip;]\" \/>\n<meta property=\"og:url\" content=\"https:\/\/radioljubuski.ba\/index.php\/2022\/07\/28\/prosvjednici-u-iraku-su-se-probili-u-zgradu-parlamenta\/\" \/>\n<meta property=\"og:site_name\" content=\"RADIO LJUBU\u0160KI\" \/>\n<meta property=\"article:publisher\" content=\"https:\/\/www.facebook.com\/Radiio-Ljubuski-1490835324566332\" \/>\n<meta property=\"article:published_time\" content=\"2022-07-28T09:26:09+00:00\" \/>\n<meta property=\"article:modified_time\" content=\"2022-07-28T09:26:10+00:00\" \/>\n<meta property=\"og:image\" content=\"https:\/\/radioljubuski.ba\/wp-content\/uploads\/2022\/07\/10-2022-07-27-20-45-09-Snimka-zaslona-2022-07-27-204500.jpg\" \/>\n\t<meta property=\"og:image:width\" content=\"1000\" \/>\n\t<meta property=\"og:image:height\" content=\"625\" \/>\n\t<meta property=\"og:image:type\" content=\"image\/jpeg\" \/>\n<meta name=\"author\" content=\"Radio Ljubu\u0161ki\" \/>\n<meta name=\"twitter:card\" content=\"summary_large_image\" \/>\n<meta name=\"twitter:creator\" content=\"@radioljubuski\" \/>\n<meta name=\"twitter:site\" content=\"@radioljubuski\" \/>\n<meta name=\"twitter:label1\" content=\"Napisao\/la\" \/>\n\t<meta name=\"twitter:data1\" content=\"Radio Ljubu\u0161ki\" \/>\n\t<meta name=\"twitter:label2\" content=\"Procijenjeno vrijeme \u010ditanja\" \/>\n\t<meta name=\"twitter:data2\" content=\"2 minute\" \/>\n<script type=\"application\/ld+json\" class=\"yoast-schema-graph\">{\"@context\":\"https:\\\/\\\/schema.org\",\"@graph\":[{\"@type\":\"Article\",\"@id\":\"https:\\\/\\\/radioljubuski.ba\\\/index.php\\\/2022\\\/07\\\/28\\\/prosvjednici-u-iraku-su-se-probili-u-zgradu-parlamenta\\\/#article\",\"isPartOf\":{\"@id\":\"https:\\\/\\\/radioljubuski.ba\\\/index.php\\\/2022\\\/07\\\/28\\\/prosvjednici-u-iraku-su-se-probili-u-zgradu-parlamenta\\\/\"},\"author\":{\"name\":\"Radio Ljubu\u0161ki\",\"@id\":\"https:\\\/\\\/radioljubuski.ba\\\/#\\\/schema\\\/person\\\/19fc700381a780f69665d7956c469e3b\"},\"headline\":\"Prosvjednici u Iraku su se probili u zgradu parlamenta\",\"datePublished\":\"2022-07-28T09:26:09+00:00\",\"dateModified\":\"2022-07-28T09:26:10+00:00\",\"mainEntityOfPage\":{\"@id\":\"https:\\\/\\\/radioljubuski.ba\\\/index.php\\\/2022\\\/07\\\/28\\\/prosvjednici-u-iraku-su-se-probili-u-zgradu-parlamenta\\\/\"},\"wordCount\":313,\"publisher\":{\"@id\":\"https:\\\/\\\/radioljubuski.ba\\\/#organization\"},\"image\":{\"@id\":\"https:\\\/\\\/radioljubuski.ba\\\/index.php\\\/2022\\\/07\\\/28\\\/prosvjednici-u-iraku-su-se-probili-u-zgradu-parlamenta\\\/#primaryimage\"},\"thumbnailUrl\":\"https:\\\/\\\/radioljubuski.ba\\\/wp-content\\\/uploads\\\/2022\\\/07\\\/10-2022-07-27-20-45-09-Snimka-zaslona-2022-07-27-204500.jpg\",\"articleSection\":[\"BIH i regija\"],\"inLanguage\":\"hr\"},{\"@type\":\"WebPage\",\"@id\":\"https:\\\/\\\/radioljubuski.ba\\\/index.php\\\/2022\\\/07\\\/28\\\/prosvjednici-u-iraku-su-se-probili-u-zgradu-parlamenta\\\/\",\"url\":\"https:\\\/\\\/radioljubuski.ba\\\/index.php\\\/2022\\\/07\\\/28\\\/prosvjednici-u-iraku-su-se-probili-u-zgradu-parlamenta\\\/\",\"name\":\"Prosvjednici u Iraku su se probili u zgradu parlamenta - RADIO LJUBU\u0160KI\",\"isPartOf\":{\"@id\":\"https:\\\/\\\/radioljubuski.ba\\\/#website\"},\"primaryImageOfPage\":{\"@id\":\"https:\\\/\\\/radioljubuski.ba\\\/index.php\\\/2022\\\/07\\\/28\\\/prosvjednici-u-iraku-su-se-probili-u-zgradu-parlamenta\\\/#primaryimage\"},\"image\":{\"@id\":\"https:\\\/\\\/radioljubuski.ba\\\/index.php\\\/2022\\\/07\\\/28\\\/prosvjednici-u-iraku-su-se-probili-u-zgradu-parlamenta\\\/#primaryimage\"},\"thumbnailUrl\":\"https:\\\/\\\/radioljubuski.ba\\\/wp-content\\\/uploads\\\/2022\\\/07\\\/10-2022-07-27-20-45-09-Snimka-zaslona-2022-07-27-204500.jpg\",\"datePublished\":\"2022-07-28T09:26:09+00:00\",\"dateModified\":\"2022-07-28T09:26:10+00:00\",\"breadcrumb\":{\"@id\":\"https:\\\/\\\/radioljubuski.ba\\\/index.php\\\/2022\\\/07\\\/28\\\/prosvjednici-u-iraku-su-se-probili-u-zgradu-parlamenta\\\/#breadcrumb\"},\"inLanguage\":\"hr\",\"potentialAction\":[{\"@type\":\"ReadAction\",\"target\":[\"https:\\\/\\\/radioljubuski.ba\\\/index.php\\\/2022\\\/07\\\/28\\\/prosvjednici-u-iraku-su-se-probili-u-zgradu-parlamenta\\\/\"]}]},{\"@type\":\"ImageObject\",\"inLanguage\":\"hr\",\"@id\":\"https:\\\/\\\/radioljubuski.ba\\\/index.php\\\/2022\\\/07\\\/28\\\/prosvjednici-u-iraku-su-se-probili-u-zgradu-parlamenta\\\/#primaryimage\",\"url\":\"https:\\\/\\\/radioljubuski.ba\\\/wp-content\\\/uploads\\\/2022\\\/07\\\/10-2022-07-27-20-45-09-Snimka-zaslona-2022-07-27-204500.jpg\",\"contentUrl\":\"https:\\\/\\\/radioljubuski.ba\\\/wp-content\\\/uploads\\\/2022\\\/07\\\/10-2022-07-27-20-45-09-Snimka-zaslona-2022-07-27-204500.jpg\",\"width\":1000,\"height\":625},{\"@type\":\"BreadcrumbList\",\"@id\":\"https:\\\/\\\/radioljubuski.ba\\\/index.php\\\/2022\\\/07\\\/28\\\/prosvjednici-u-iraku-su-se-probili-u-zgradu-parlamenta\\\/#breadcrumb\",\"itemListElement\":[{\"@type\":\"ListItem\",\"position\":1,\"name\":\"Po\u010detna stranica\",\"item\":\"https:\\\/\\\/radioljubuski.ba\\\/\"},{\"@type\":\"ListItem\",\"position\":2,\"name\":\"Prosvjednici u Iraku su se probili u zgradu parlamenta\"}]},{\"@type\":\"WebSite\",\"@id\":\"https:\\\/\\\/radioljubuski.ba\\\/#website\",\"url\":\"https:\\\/\\\/radioljubuski.ba\\\/\",\"name\":\"Radio Ljubu\u0161ki\",\"description\":\"Sun\u010dana frekvencija Hercegovine\",\"publisher\":{\"@id\":\"https:\\\/\\\/radioljubuski.ba\\\/#organization\"},\"potentialAction\":[{\"@type\":\"SearchAction\",\"target\":{\"@type\":\"EntryPoint\",\"urlTemplate\":\"https:\\\/\\\/radioljubuski.ba\\\/?s={search_term_string}\"},\"query-input\":{\"@type\":\"PropertyValueSpecification\",\"valueRequired\":true,\"valueName\":\"search_term_string\"}}],\"inLanguage\":\"hr\"},{\"@type\":\"Organization\",\"@id\":\"https:\\\/\\\/radioljubuski.ba\\\/#organization\",\"name\":\"Radio Ljubu\u0161ki\",\"url\":\"https:\\\/\\\/radioljubuski.ba\\\/\",\"logo\":{\"@type\":\"ImageObject\",\"inLanguage\":\"hr\",\"@id\":\"https:\\\/\\\/radioljubuski.ba\\\/#\\\/schema\\\/logo\\\/image\\\/\",\"url\":\"https:\\\/\\\/radioljubuski.ba\\\/wp-content\\\/uploads\\\/2021\\\/02\\\/cropped-Radio_Ljubuski_logo1.jpg\",\"contentUrl\":\"https:\\\/\\\/radioljubuski.ba\\\/wp-content\\\/uploads\\\/2021\\\/02\\\/cropped-Radio_Ljubuski_logo1.jpg\",\"width\":512,\"height\":512,\"caption\":\"Radio Ljubu\u0161ki\"},\"image\":{\"@id\":\"https:\\\/\\\/radioljubuski.ba\\\/#\\\/schema\\\/logo\\\/image\\\/\"},\"sameAs\":[\"https:\\\/\\\/www.facebook.com\\\/Radiio-Ljubuski-1490835324566332\",\"https:\\\/\\\/x.com\\\/radioljubuski\",\"https:\\\/\\\/hr.linkedin.com\\\/company\\\/radio-ljubuski\",\"https:\\\/\\\/www.youtube.com\\\/channel\\\/UCHYaeO_n0Db3tjNGudGpXyw\"]},{\"@type\":\"Person\",\"@id\":\"https:\\\/\\\/radioljubuski.ba\\\/#\\\/schema\\\/person\\\/19fc700381a780f69665d7956c469e3b\",\"name\":\"Radio Ljubu\u0161ki\"}]}<\/script>\n<!-- \/ Yoast SEO plugin. -->","yoast_head_json":{"title":"Prosvjednici u Iraku su se probili u zgradu parlamenta - RADIO LJUBU\u0160KI","robots":{"index":"index","follow":"follow","max-snippet":"max-snippet:-1","max-image-preview":"max-image-preview:large","max-video-preview":"max-video-preview:-1"},"canonical":"https:\/\/radioljubuski.ba\/index.php\/2022\/07\/28\/prosvjednici-u-iraku-su-se-probili-u-zgradu-parlamenta\/","og_locale":"hr_HR","og_type":"article","og_title":"Prosvjednici u Iraku su se probili u zgradu parlamenta - RADIO LJUBU\u0160KI","og_description":"Sljedbenici utjecajnog ira\u010dkog klerika Moqtade al-Sadra provalili su ju\u010der u bagdadsku utvr\u0111enu Zelenu zonu i zgradu parlamenta tra\u017ee\u0107i politi\u010dke reforme zbog vi\u0161emjese\u010dne politi\u010dke blokade u zemlji, rekli su svjedoci. Za\u0161titari u Zelenoj zoni &#8211; u kojoj se nalaze parlament, vladine zgrade i strana veleposlanstva &#8211; ispalili su dimne bombe kako bi rastjerali prosvjednike, koji su [&hellip;]","og_url":"https:\/\/radioljubuski.ba\/index.php\/2022\/07\/28\/prosvjednici-u-iraku-su-se-probili-u-zgradu-parlamenta\/","og_site_name":"RADIO LJUBU\u0160KI","article_publisher":"https:\/\/www.facebook.com\/Radiio-Ljubuski-1490835324566332","article_published_time":"2022-07-28T09:26:09+00:00","article_modified_time":"2022-07-28T09:26:10+00:00","og_image":[{"width":1000,"height":625,"url":"https:\/\/radioljubuski.ba\/wp-content\/uploads\/2022\/07\/10-2022-07-27-20-45-09-Snimka-zaslona-2022-07-27-204500.jpg","type":"image\/jpeg"}],"author":"Radio Ljubu\u0161ki","twitter_card":"summary_large_image","twitter_creator":"@radioljubuski","twitter_site":"@radioljubuski","twitter_misc":{"Napisao\/la":"Radio Ljubu\u0161ki","Procijenjeno vrijeme \u010ditanja":"2 minute"},"schema":{"@context":"https:\/\/schema.org","@graph":[{"@type":"Article","@id":"https:\/\/radioljubuski.ba\/index.php\/2022\/07\/28\/prosvjednici-u-iraku-su-se-probili-u-zgradu-parlamenta\/#article","isPartOf":{"@id":"https:\/\/radioljubuski.ba\/index.php\/2022\/07\/28\/prosvjednici-u-iraku-su-se-probili-u-zgradu-parlamenta\/"},"author":{"name":"Radio Ljubu\u0161ki","@id":"https:\/\/radioljubuski.ba\/#\/schema\/person\/19fc700381a780f69665d7956c469e3b"},"headline":"Prosvjednici u Iraku su se probili u zgradu parlamenta","datePublished":"2022-07-28T09:26:09+00:00","dateModified":"2022-07-28T09:26:10+00:00","mainEntityOfPage":{"@id":"https:\/\/radioljubuski.ba\/index.php\/2022\/07\/28\/prosvjednici-u-iraku-su-se-probili-u-zgradu-parlamenta\/"},"wordCount":313,"publisher":{"@id":"https:\/\/radioljubuski.ba\/#organization"},"image":{"@id":"https:\/\/radioljubuski.ba\/index.php\/2022\/07\/28\/prosvjednici-u-iraku-su-se-probili-u-zgradu-parlamenta\/#primaryimage"},"thumbnailUrl":"https:\/\/radioljubuski.ba\/wp-content\/uploads\/2022\/07\/10-2022-07-27-20-45-09-Snimka-zaslona-2022-07-27-204500.jpg","articleSection":["BIH i regija"],"inLanguage":"hr"},{"@type":"WebPage","@id":"https:\/\/radioljubuski.ba\/index.php\/2022\/07\/28\/prosvjednici-u-iraku-su-se-probili-u-zgradu-parlamenta\/","url":"https:\/\/radioljubuski.ba\/index.php\/2022\/07\/28\/prosvjednici-u-iraku-su-se-probili-u-zgradu-parlamenta\/","name":"Prosvjednici u Iraku su se probili u zgradu parlamenta - RADIO LJUBU\u0160KI","isPartOf":{"@id":"https:\/\/radioljubuski.ba\/#website"},"primaryImageOfPage":{"@id":"https:\/\/radioljubuski.ba\/index.php\/2022\/07\/28\/prosvjednici-u-iraku-su-se-probili-u-zgradu-parlamenta\/#primaryimage"},"image":{"@id":"https:\/\/radioljubuski.ba\/index.php\/2022\/07\/28\/prosvjednici-u-iraku-su-se-probili-u-zgradu-parlamenta\/#primaryimage"},"thumbnailUrl":"https:\/\/radioljubuski.ba\/wp-content\/uploads\/2022\/07\/10-2022-07-27-20-45-09-Snimka-zaslona-2022-07-27-204500.jpg","datePublished":"2022-07-28T09:26:09+00:00","dateModified":"2022-07-28T09:26:10+00:00","breadcrumb":{"@id":"https:\/\/radioljubuski.ba\/index.php\/2022\/07\/28\/prosvjednici-u-iraku-su-se-probili-u-zgradu-parlamenta\/#breadcrumb"},"inLanguage":"hr","potentialAction":[{"@type":"ReadAction","target":["https:\/\/radioljubuski.ba\/index.php\/2022\/07\/28\/prosvjednici-u-iraku-su-se-probili-u-zgradu-parlamenta\/"]}]},{"@type":"ImageObject","inLanguage":"hr","@id":"https:\/\/radioljubuski.ba\/index.php\/2022\/07\/28\/prosvjednici-u-iraku-su-se-probili-u-zgradu-parlamenta\/#primaryimage","url":"https:\/\/radioljubuski.ba\/wp-content\/uploads\/2022\/07\/10-2022-07-27-20-45-09-Snimka-zaslona-2022-07-27-204500.jpg","contentUrl":"https:\/\/radioljubuski.ba\/wp-content\/uploads\/2022\/07\/10-2022-07-27-20-45-09-Snimka-zaslona-2022-07-27-204500.jpg","width":1000,"height":625},{"@type":"BreadcrumbList","@id":"https:\/\/radioljubuski.ba\/index.php\/2022\/07\/28\/prosvjednici-u-iraku-su-se-probili-u-zgradu-parlamenta\/#breadcrumb","itemListElement":[{"@type":"ListItem","position":1,"name":"Po\u010detna stranica","item":"https:\/\/radioljubuski.ba\/"},{"@type":"ListItem","position":2,"name":"Prosvjednici u Iraku su se probili u zgradu parlamenta"}]},{"@type":"WebSite","@id":"https:\/\/radioljubuski.ba\/#website","url":"https:\/\/radioljubuski.ba\/","name":"Radio Ljubu\u0161ki","description":"Sun\u010dana frekvencija Hercegovine","publisher":{"@id":"https:\/\/radioljubuski.ba\/#organization"},"potentialAction":[{"@type":"SearchAction","target":{"@type":"EntryPoint","urlTemplate":"https:\/\/radioljubuski.ba\/?s={search_term_string}"},"query-input":{"@type":"PropertyValueSpecification","valueRequired":true,"valueName":"search_term_string"}}],"inLanguage":"hr"},{"@type":"Organization","@id":"https:\/\/radioljubuski.ba\/#organization","name":"Radio Ljubu\u0161ki","url":"https:\/\/radioljubuski.ba\/","logo":{"@type":"ImageObject","inLanguage":"hr","@id":"https:\/\/radioljubuski.ba\/#\/schema\/logo\/image\/","url":"https:\/\/radioljubuski.ba\/wp-content\/uploads\/2021\/02\/cropped-Radio_Ljubuski_logo1.jpg","contentUrl":"https:\/\/radioljubuski.ba\/wp-content\/uploads\/2021\/02\/cropped-Radio_Ljubuski_logo1.jpg","width":512,"height":512,"caption":"Radio Ljubu\u0161ki"},"image":{"@id":"https:\/\/radioljubuski.ba\/#\/schema\/logo\/image\/"},"sameAs":["https:\/\/www.facebook.com\/Radiio-Ljubuski-1490835324566332","https:\/\/x.com\/radioljubuski","https:\/\/hr.linkedin.com\/company\/radio-ljubuski","https:\/\/www.youtube.com\/channel\/UCHYaeO_n0Db3tjNGudGpXyw"]},{"@type":"Person","@id":"https:\/\/radioljubuski.ba\/#\/schema\/person\/19fc700381a780f69665d7956c469e3b","name":"Radio Ljubu\u0161ki"}]}},"_links":{"self":[{"href":"https:\/\/radioljubuski.ba\/index.php\/wp-json\/wp\/v2\/posts\/164324","targetHints":{"allow":["GET"]}}],"collection":[{"href":"https:\/\/radioljubuski.ba\/index.php\/wp-json\/wp\/v2\/posts"}],"about":[{"href":"https:\/\/radioljubuski.ba\/index.php\/wp-json\/wp\/v2\/types\/post"}],"author":[{"embeddable":true,"href":"https:\/\/radioljubuski.ba\/index.php\/wp-json\/wp\/v2\/users\/2"}],"replies":[{"embeddable":true,"href":"https:\/\/radioljubuski.ba\/index.php\/wp-json\/wp\/v2\/comments?post=164324"}],"version-history":[{"count":1,"href":"https:\/\/radioljubuski.ba\/index.php\/wp-json\/wp\/v2\/posts\/164324\/revisions"}],"predecessor-version":[{"id":164326,"href":"https:\/\/radioljubuski.ba\/index.php\/wp-json\/wp\/v2\/posts\/164324\/revisions\/164326"}],"wp:featuredmedia":[{"embeddable":true,"href":"https:\/\/radioljubuski.ba\/index.php\/wp-json\/wp\/v2\/media\/164325"}],"wp:attachment":[{"href":"https:\/\/radioljubuski.ba\/index.php\/wp-json\/wp\/v2\/media?parent=164324"}],"wp:term":[{"taxonomy":"category","embeddable":true,"href":"https:\/\/radioljubuski.ba\/index.php\/wp-json\/wp\/v2\/categories?post=164324"},{"taxonomy":"post_tag","embeddable":true,"href":"https:\/\/radioljubuski.ba\/index.php\/wp-json\/wp\/v2\/tags?post=164324"}],"curies":[{"name":"wp","href":"https:\/\/api.w.org\/{rel}","templated":true}]}}