{"id":164327,"date":"2022-07-28T10:27:09","date_gmt":"2022-07-28T09:27:09","guid":{"rendered":"https:\/\/radioljubuski.ba\/?p=164327"},"modified":"2022-07-28T10:27:10","modified_gmt":"2022-07-28T09:27:10","slug":"susa-poharala-sjever-hrvatske-poljoprivrednici-se-zale-na-unistene-usjeve","status":"publish","type":"post","link":"https:\/\/radioljubuski.ba\/index.php\/2022\/07\/28\/susa-poharala-sjever-hrvatske-poljoprivrednici-se-zale-na-unistene-usjeve\/","title":{"rendered":"Su\u0161a poharala sjever Hrvatske, poljoprivrednici se \u017eale na uni\u0161tene usjeve"},"content":{"rendered":"\n<p>Nakon \u0161to je potkraj svibnja nevrijeme pra\u0107eno tu\u010dom uzrokovalo veliku \u0161tetu na sjeveru Hrvatske, poljoprivrednici se suo\u010davaju s jo\u0161 jednom prirodnom nepogodom &#8211; su\u0161om. Obilnijih oborina nije bilo tri tjedna pa su se kukuruz, bundeva i soja po\u010deli su\u0161iti.<\/p>\n\n\n\n<p>Osu\u0161eni listovi kukuruza, gnjila bundeva, trula paprika &#8211; slike su s polja hrvatskog sjevera. Paklene vru\u0107ine i izostanak oborina uni\u0161tavaju poljoprivredu i smanjuju prinose.<\/p>\n\n\n\n<p>&#8220;Da nema navodnjavanja, \u0161teta bi bila 100 posto. Bundeva uni\u0161tena, kukuruz, zelje, paprika ima o\u017eegotina od sunca koje moramo baciti. Stalno smo zalijevali i nismo mogli spasiti&#8221;, ka\u017ee&nbsp;Mirjana Lazar iz Vratnog.<\/p>\n\n\n\n<p>&#8220;Navodnjavamo i sve, ali nema efekta&#8221;<\/p>\n\n\n\n<p>Koliko je zemlja suha i tvrda znaju ratari koji ovih dana poku\u0161avaju preorati njive na kojima je p\u0161enica po\u017enjevena. Gotovo je to nemogu\u0107 posao. &#8220;\u0160to se ti\u010de oranja, mislim da bude jako te\u0161ko, a \u0161to se ti\u010de prinosa i ovih abnormalnih vru\u0107ina, to ne pamtimo, navodnjava se i sve, ali nema efekta&#8221;, govori&nbsp;Davor Pahi\u0107 iz Vidovca za HRT.<\/p>\n\n\n\n<p>U vidove\u010dkom kraju obitelj Kola\u010dko kukuruz poku\u0161ava spasiti natapanjem. No sve je to, ka\u017eu, tek vatrogasna mjera. Ova ki\u0161ica ne poma\u017ee, a i voda je sve dublje. Ve\u0107 sada neki poljoprivrednici smatraju da \u0107e zbog su\u0161e prinosi biti i upola manji.<\/p>\n\n\n\n<p>&#8220;Ovdje najvi\u0161e prevladava aluvijalno i \u0161ljunkovito tlo, to je propusno tlo koje ne zadr\u017eava koli\u010dinu oborina i kad padnu ki\u0161e, to se brzo isu\u0161uje, povr\u0161inski je sloj suh i zato do\u0111e do \u0161teta&#8221;, rekla je&nbsp;Mara Bogovi\u0107, iz Stru\u010dne savjetodavne slu\u017ebe pri Ministarstvu poljoprivrede.<\/p>\n\n\n\n<p>Iako je toplinski val iza nas, obilnije oborine trenuta\u010dno nisu na vidiku pa ovi poljoprivrednici s razlogom strahuju za svoje jesenske prinose.<\/p>\n\n\n\n<p>Izvor:pogled.ba\/hrt.hr<\/p>\n","protected":false},"excerpt":{"rendered":"<p>Nakon \u0161to je potkraj svibnja nevrijeme pra\u0107eno tu\u010dom uzrokovalo veliku \u0161tetu na sjeveru Hrvatske, poljoprivrednici se suo\u010davaju s jo\u0161 jednom prirodnom nepogodom &#8211; su\u0161om. Obilnijih oborina nije bilo tri tjedna pa su se kukuruz, bundeva i soja po\u010deli su\u0161iti. Osu\u0161eni listovi kukuruza, gnjila bundeva, trula paprika &#8211; slike su s polja hrvatskog sjevera. Paklene vru\u0107ine [&hellip;]<\/p>\n","protected":false},"author":2,"featured_media":164328,"comment_status":"closed","ping_status":"closed","sticky":false,"template":"","format":"standard","meta":{"h5ap_radio_sources":[],"footnotes":""},"categories":[1],"tags":[],"class_list":["post-164327","post","type-post","status-publish","format-standard","has-post-thumbnail","hentry","category-bihiregija"],"yoast_head":"<!-- This site is optimized with the Yoast SEO plugin v27.5 - https:\/\/yoast.com\/product\/yoast-seo-wordpress\/ -->\n<title>Su\u0161a poharala sjever Hrvatske, poljoprivrednici se \u017eale na uni\u0161tene usjeve - RADIO LJUBU\u0160KI<\/title>\n<meta name=\"robots\" content=\"index, follow, max-snippet:-1, max-image-preview:large, max-video-preview:-1\" \/>\n<link rel=\"canonical\" href=\"https:\/\/radioljubuski.ba\/index.php\/2022\/07\/28\/susa-poharala-sjever-hrvatske-poljoprivrednici-se-zale-na-unistene-usjeve\/\" \/>\n<meta property=\"og:locale\" content=\"hr_HR\" \/>\n<meta property=\"og:type\" content=\"article\" \/>\n<meta property=\"og:title\" content=\"Su\u0161a poharala sjever Hrvatske, poljoprivrednici se \u017eale na uni\u0161tene usjeve - RADIO LJUBU\u0160KI\" \/>\n<meta property=\"og:description\" content=\"Nakon \u0161to je potkraj svibnja nevrijeme pra\u0107eno tu\u010dom uzrokovalo veliku \u0161tetu na sjeveru Hrvatske, poljoprivrednici se suo\u010davaju s jo\u0161 jednom prirodnom nepogodom &#8211; su\u0161om. Obilnijih oborina nije bilo tri tjedna pa su se kukuruz, bundeva i soja po\u010deli su\u0161iti. Osu\u0161eni listovi kukuruza, gnjila bundeva, trula paprika &#8211; slike su s polja hrvatskog sjevera. Paklene vru\u0107ine [&hellip;]\" \/>\n<meta property=\"og:url\" content=\"https:\/\/radioljubuski.ba\/index.php\/2022\/07\/28\/susa-poharala-sjever-hrvatske-poljoprivrednici-se-zale-na-unistene-usjeve\/\" \/>\n<meta property=\"og:site_name\" content=\"RADIO LJUBU\u0160KI\" \/>\n<meta property=\"article:publisher\" content=\"https:\/\/www.facebook.com\/Radiio-Ljubuski-1490835324566332\" \/>\n<meta property=\"article:published_time\" content=\"2022-07-28T09:27:09+00:00\" \/>\n<meta property=\"article:modified_time\" content=\"2022-07-28T09:27:10+00:00\" \/>\n<meta property=\"og:image\" content=\"https:\/\/radioljubuski.ba\/wp-content\/uploads\/2022\/07\/10-2022-07-27-20-46-47-Snimka-zaslona-2022-07-27-204640.jpg\" \/>\n\t<meta property=\"og:image:width\" content=\"1000\" \/>\n\t<meta property=\"og:image:height\" content=\"625\" \/>\n\t<meta property=\"og:image:type\" content=\"image\/jpeg\" \/>\n<meta name=\"author\" content=\"Radio Ljubu\u0161ki\" \/>\n<meta name=\"twitter:card\" content=\"summary_large_image\" \/>\n<meta name=\"twitter:creator\" content=\"@radioljubuski\" \/>\n<meta name=\"twitter:site\" content=\"@radioljubuski\" \/>\n<meta name=\"twitter:label1\" content=\"Napisao\/la\" \/>\n\t<meta name=\"twitter:data1\" content=\"Radio Ljubu\u0161ki\" \/>\n\t<meta name=\"twitter:label2\" content=\"Procijenjeno vrijeme \u010ditanja\" \/>\n\t<meta name=\"twitter:data2\" content=\"2 minute\" \/>\n<script type=\"application\/ld+json\" class=\"yoast-schema-graph\">{\"@context\":\"https:\\\/\\\/schema.org\",\"@graph\":[{\"@type\":\"Article\",\"@id\":\"https:\\\/\\\/radioljubuski.ba\\\/index.php\\\/2022\\\/07\\\/28\\\/susa-poharala-sjever-hrvatske-poljoprivrednici-se-zale-na-unistene-usjeve\\\/#article\",\"isPartOf\":{\"@id\":\"https:\\\/\\\/radioljubuski.ba\\\/index.php\\\/2022\\\/07\\\/28\\\/susa-poharala-sjever-hrvatske-poljoprivrednici-se-zale-na-unistene-usjeve\\\/\"},\"author\":{\"name\":\"Radio Ljubu\u0161ki\",\"@id\":\"https:\\\/\\\/radioljubuski.ba\\\/#\\\/schema\\\/person\\\/19fc700381a780f69665d7956c469e3b\"},\"headline\":\"Su\u0161a poharala sjever Hrvatske, poljoprivrednici se \u017eale na uni\u0161tene usjeve\",\"datePublished\":\"2022-07-28T09:27:09+00:00\",\"dateModified\":\"2022-07-28T09:27:10+00:00\",\"mainEntityOfPage\":{\"@id\":\"https:\\\/\\\/radioljubuski.ba\\\/index.php\\\/2022\\\/07\\\/28\\\/susa-poharala-sjever-hrvatske-poljoprivrednici-se-zale-na-unistene-usjeve\\\/\"},\"wordCount\":322,\"publisher\":{\"@id\":\"https:\\\/\\\/radioljubuski.ba\\\/#organization\"},\"image\":{\"@id\":\"https:\\\/\\\/radioljubuski.ba\\\/index.php\\\/2022\\\/07\\\/28\\\/susa-poharala-sjever-hrvatske-poljoprivrednici-se-zale-na-unistene-usjeve\\\/#primaryimage\"},\"thumbnailUrl\":\"https:\\\/\\\/radioljubuski.ba\\\/wp-content\\\/uploads\\\/2022\\\/07\\\/10-2022-07-27-20-46-47-Snimka-zaslona-2022-07-27-204640.jpg\",\"articleSection\":[\"BIH i regija\"],\"inLanguage\":\"hr\"},{\"@type\":\"WebPage\",\"@id\":\"https:\\\/\\\/radioljubuski.ba\\\/index.php\\\/2022\\\/07\\\/28\\\/susa-poharala-sjever-hrvatske-poljoprivrednici-se-zale-na-unistene-usjeve\\\/\",\"url\":\"https:\\\/\\\/radioljubuski.ba\\\/index.php\\\/2022\\\/07\\\/28\\\/susa-poharala-sjever-hrvatske-poljoprivrednici-se-zale-na-unistene-usjeve\\\/\",\"name\":\"Su\u0161a poharala sjever Hrvatske, poljoprivrednici se \u017eale na uni\u0161tene usjeve - RADIO LJUBU\u0160KI\",\"isPartOf\":{\"@id\":\"https:\\\/\\\/radioljubuski.ba\\\/#website\"},\"primaryImageOfPage\":{\"@id\":\"https:\\\/\\\/radioljubuski.ba\\\/index.php\\\/2022\\\/07\\\/28\\\/susa-poharala-sjever-hrvatske-poljoprivrednici-se-zale-na-unistene-usjeve\\\/#primaryimage\"},\"image\":{\"@id\":\"https:\\\/\\\/radioljubuski.ba\\\/index.php\\\/2022\\\/07\\\/28\\\/susa-poharala-sjever-hrvatske-poljoprivrednici-se-zale-na-unistene-usjeve\\\/#primaryimage\"},\"thumbnailUrl\":\"https:\\\/\\\/radioljubuski.ba\\\/wp-content\\\/uploads\\\/2022\\\/07\\\/10-2022-07-27-20-46-47-Snimka-zaslona-2022-07-27-204640.jpg\",\"datePublished\":\"2022-07-28T09:27:09+00:00\",\"dateModified\":\"2022-07-28T09:27:10+00:00\",\"breadcrumb\":{\"@id\":\"https:\\\/\\\/radioljubuski.ba\\\/index.php\\\/2022\\\/07\\\/28\\\/susa-poharala-sjever-hrvatske-poljoprivrednici-se-zale-na-unistene-usjeve\\\/#breadcrumb\"},\"inLanguage\":\"hr\",\"potentialAction\":[{\"@type\":\"ReadAction\",\"target\":[\"https:\\\/\\\/radioljubuski.ba\\\/index.php\\\/2022\\\/07\\\/28\\\/susa-poharala-sjever-hrvatske-poljoprivrednici-se-zale-na-unistene-usjeve\\\/\"]}]},{\"@type\":\"ImageObject\",\"inLanguage\":\"hr\",\"@id\":\"https:\\\/\\\/radioljubuski.ba\\\/index.php\\\/2022\\\/07\\\/28\\\/susa-poharala-sjever-hrvatske-poljoprivrednici-se-zale-na-unistene-usjeve\\\/#primaryimage\",\"url\":\"https:\\\/\\\/radioljubuski.ba\\\/wp-content\\\/uploads\\\/2022\\\/07\\\/10-2022-07-27-20-46-47-Snimka-zaslona-2022-07-27-204640.jpg\",\"contentUrl\":\"https:\\\/\\\/radioljubuski.ba\\\/wp-content\\\/uploads\\\/2022\\\/07\\\/10-2022-07-27-20-46-47-Snimka-zaslona-2022-07-27-204640.jpg\",\"width\":1000,\"height\":625},{\"@type\":\"BreadcrumbList\",\"@id\":\"https:\\\/\\\/radioljubuski.ba\\\/index.php\\\/2022\\\/07\\\/28\\\/susa-poharala-sjever-hrvatske-poljoprivrednici-se-zale-na-unistene-usjeve\\\/#breadcrumb\",\"itemListElement\":[{\"@type\":\"ListItem\",\"position\":1,\"name\":\"Po\u010detna stranica\",\"item\":\"https:\\\/\\\/radioljubuski.ba\\\/\"},{\"@type\":\"ListItem\",\"position\":2,\"name\":\"Su\u0161a poharala sjever Hrvatske, poljoprivrednici se \u017eale na uni\u0161tene usjeve\"}]},{\"@type\":\"WebSite\",\"@id\":\"https:\\\/\\\/radioljubuski.ba\\\/#website\",\"url\":\"https:\\\/\\\/radioljubuski.ba\\\/\",\"name\":\"Radio Ljubu\u0161ki\",\"description\":\"Sun\u010dana frekvencija Hercegovine\",\"publisher\":{\"@id\":\"https:\\\/\\\/radioljubuski.ba\\\/#organization\"},\"potentialAction\":[{\"@type\":\"SearchAction\",\"target\":{\"@type\":\"EntryPoint\",\"urlTemplate\":\"https:\\\/\\\/radioljubuski.ba\\\/?s={search_term_string}\"},\"query-input\":{\"@type\":\"PropertyValueSpecification\",\"valueRequired\":true,\"valueName\":\"search_term_string\"}}],\"inLanguage\":\"hr\"},{\"@type\":\"Organization\",\"@id\":\"https:\\\/\\\/radioljubuski.ba\\\/#organization\",\"name\":\"Radio Ljubu\u0161ki\",\"url\":\"https:\\\/\\\/radioljubuski.ba\\\/\",\"logo\":{\"@type\":\"ImageObject\",\"inLanguage\":\"hr\",\"@id\":\"https:\\\/\\\/radioljubuski.ba\\\/#\\\/schema\\\/logo\\\/image\\\/\",\"url\":\"https:\\\/\\\/radioljubuski.ba\\\/wp-content\\\/uploads\\\/2021\\\/02\\\/cropped-Radio_Ljubuski_logo1.jpg\",\"contentUrl\":\"https:\\\/\\\/radioljubuski.ba\\\/wp-content\\\/uploads\\\/2021\\\/02\\\/cropped-Radio_Ljubuski_logo1.jpg\",\"width\":512,\"height\":512,\"caption\":\"Radio Ljubu\u0161ki\"},\"image\":{\"@id\":\"https:\\\/\\\/radioljubuski.ba\\\/#\\\/schema\\\/logo\\\/image\\\/\"},\"sameAs\":[\"https:\\\/\\\/www.facebook.com\\\/Radiio-Ljubuski-1490835324566332\",\"https:\\\/\\\/x.com\\\/radioljubuski\",\"https:\\\/\\\/hr.linkedin.com\\\/company\\\/radio-ljubuski\",\"https:\\\/\\\/www.youtube.com\\\/channel\\\/UCHYaeO_n0Db3tjNGudGpXyw\"]},{\"@type\":\"Person\",\"@id\":\"https:\\\/\\\/radioljubuski.ba\\\/#\\\/schema\\\/person\\\/19fc700381a780f69665d7956c469e3b\",\"name\":\"Radio Ljubu\u0161ki\"}]}<\/script>\n<!-- \/ Yoast SEO plugin. -->","yoast_head_json":{"title":"Su\u0161a poharala sjever Hrvatske, poljoprivrednici se \u017eale na uni\u0161tene usjeve - RADIO LJUBU\u0160KI","robots":{"index":"index","follow":"follow","max-snippet":"max-snippet:-1","max-image-preview":"max-image-preview:large","max-video-preview":"max-video-preview:-1"},"canonical":"https:\/\/radioljubuski.ba\/index.php\/2022\/07\/28\/susa-poharala-sjever-hrvatske-poljoprivrednici-se-zale-na-unistene-usjeve\/","og_locale":"hr_HR","og_type":"article","og_title":"Su\u0161a poharala sjever Hrvatske, poljoprivrednici se \u017eale na uni\u0161tene usjeve - RADIO LJUBU\u0160KI","og_description":"Nakon \u0161to je potkraj svibnja nevrijeme pra\u0107eno tu\u010dom uzrokovalo veliku \u0161tetu na sjeveru Hrvatske, poljoprivrednici se suo\u010davaju s jo\u0161 jednom prirodnom nepogodom &#8211; su\u0161om. Obilnijih oborina nije bilo tri tjedna pa su se kukuruz, bundeva i soja po\u010deli su\u0161iti. Osu\u0161eni listovi kukuruza, gnjila bundeva, trula paprika &#8211; slike su s polja hrvatskog sjevera. Paklene vru\u0107ine [&hellip;]","og_url":"https:\/\/radioljubuski.ba\/index.php\/2022\/07\/28\/susa-poharala-sjever-hrvatske-poljoprivrednici-se-zale-na-unistene-usjeve\/","og_site_name":"RADIO LJUBU\u0160KI","article_publisher":"https:\/\/www.facebook.com\/Radiio-Ljubuski-1490835324566332","article_published_time":"2022-07-28T09:27:09+00:00","article_modified_time":"2022-07-28T09:27:10+00:00","og_image":[{"width":1000,"height":625,"url":"https:\/\/radioljubuski.ba\/wp-content\/uploads\/2022\/07\/10-2022-07-27-20-46-47-Snimka-zaslona-2022-07-27-204640.jpg","type":"image\/jpeg"}],"author":"Radio Ljubu\u0161ki","twitter_card":"summary_large_image","twitter_creator":"@radioljubuski","twitter_site":"@radioljubuski","twitter_misc":{"Napisao\/la":"Radio Ljubu\u0161ki","Procijenjeno vrijeme \u010ditanja":"2 minute"},"schema":{"@context":"https:\/\/schema.org","@graph":[{"@type":"Article","@id":"https:\/\/radioljubuski.ba\/index.php\/2022\/07\/28\/susa-poharala-sjever-hrvatske-poljoprivrednici-se-zale-na-unistene-usjeve\/#article","isPartOf":{"@id":"https:\/\/radioljubuski.ba\/index.php\/2022\/07\/28\/susa-poharala-sjever-hrvatske-poljoprivrednici-se-zale-na-unistene-usjeve\/"},"author":{"name":"Radio Ljubu\u0161ki","@id":"https:\/\/radioljubuski.ba\/#\/schema\/person\/19fc700381a780f69665d7956c469e3b"},"headline":"Su\u0161a poharala sjever Hrvatske, poljoprivrednici se \u017eale na uni\u0161tene usjeve","datePublished":"2022-07-28T09:27:09+00:00","dateModified":"2022-07-28T09:27:10+00:00","mainEntityOfPage":{"@id":"https:\/\/radioljubuski.ba\/index.php\/2022\/07\/28\/susa-poharala-sjever-hrvatske-poljoprivrednici-se-zale-na-unistene-usjeve\/"},"wordCount":322,"publisher":{"@id":"https:\/\/radioljubuski.ba\/#organization"},"image":{"@id":"https:\/\/radioljubuski.ba\/index.php\/2022\/07\/28\/susa-poharala-sjever-hrvatske-poljoprivrednici-se-zale-na-unistene-usjeve\/#primaryimage"},"thumbnailUrl":"https:\/\/radioljubuski.ba\/wp-content\/uploads\/2022\/07\/10-2022-07-27-20-46-47-Snimka-zaslona-2022-07-27-204640.jpg","articleSection":["BIH i regija"],"inLanguage":"hr"},{"@type":"WebPage","@id":"https:\/\/radioljubuski.ba\/index.php\/2022\/07\/28\/susa-poharala-sjever-hrvatske-poljoprivrednici-se-zale-na-unistene-usjeve\/","url":"https:\/\/radioljubuski.ba\/index.php\/2022\/07\/28\/susa-poharala-sjever-hrvatske-poljoprivrednici-se-zale-na-unistene-usjeve\/","name":"Su\u0161a poharala sjever Hrvatske, poljoprivrednici se \u017eale na uni\u0161tene usjeve - RADIO LJUBU\u0160KI","isPartOf":{"@id":"https:\/\/radioljubuski.ba\/#website"},"primaryImageOfPage":{"@id":"https:\/\/radioljubuski.ba\/index.php\/2022\/07\/28\/susa-poharala-sjever-hrvatske-poljoprivrednici-se-zale-na-unistene-usjeve\/#primaryimage"},"image":{"@id":"https:\/\/radioljubuski.ba\/index.php\/2022\/07\/28\/susa-poharala-sjever-hrvatske-poljoprivrednici-se-zale-na-unistene-usjeve\/#primaryimage"},"thumbnailUrl":"https:\/\/radioljubuski.ba\/wp-content\/uploads\/2022\/07\/10-2022-07-27-20-46-47-Snimka-zaslona-2022-07-27-204640.jpg","datePublished":"2022-07-28T09:27:09+00:00","dateModified":"2022-07-28T09:27:10+00:00","breadcrumb":{"@id":"https:\/\/radioljubuski.ba\/index.php\/2022\/07\/28\/susa-poharala-sjever-hrvatske-poljoprivrednici-se-zale-na-unistene-usjeve\/#breadcrumb"},"inLanguage":"hr","potentialAction":[{"@type":"ReadAction","target":["https:\/\/radioljubuski.ba\/index.php\/2022\/07\/28\/susa-poharala-sjever-hrvatske-poljoprivrednici-se-zale-na-unistene-usjeve\/"]}]},{"@type":"ImageObject","inLanguage":"hr","@id":"https:\/\/radioljubuski.ba\/index.php\/2022\/07\/28\/susa-poharala-sjever-hrvatske-poljoprivrednici-se-zale-na-unistene-usjeve\/#primaryimage","url":"https:\/\/radioljubuski.ba\/wp-content\/uploads\/2022\/07\/10-2022-07-27-20-46-47-Snimka-zaslona-2022-07-27-204640.jpg","contentUrl":"https:\/\/radioljubuski.ba\/wp-content\/uploads\/2022\/07\/10-2022-07-27-20-46-47-Snimka-zaslona-2022-07-27-204640.jpg","width":1000,"height":625},{"@type":"BreadcrumbList","@id":"https:\/\/radioljubuski.ba\/index.php\/2022\/07\/28\/susa-poharala-sjever-hrvatske-poljoprivrednici-se-zale-na-unistene-usjeve\/#breadcrumb","itemListElement":[{"@type":"ListItem","position":1,"name":"Po\u010detna stranica","item":"https:\/\/radioljubuski.ba\/"},{"@type":"ListItem","position":2,"name":"Su\u0161a poharala sjever Hrvatske, poljoprivrednici se \u017eale na uni\u0161tene usjeve"}]},{"@type":"WebSite","@id":"https:\/\/radioljubuski.ba\/#website","url":"https:\/\/radioljubuski.ba\/","name":"Radio Ljubu\u0161ki","description":"Sun\u010dana frekvencija Hercegovine","publisher":{"@id":"https:\/\/radioljubuski.ba\/#organization"},"potentialAction":[{"@type":"SearchAction","target":{"@type":"EntryPoint","urlTemplate":"https:\/\/radioljubuski.ba\/?s={search_term_string}"},"query-input":{"@type":"PropertyValueSpecification","valueRequired":true,"valueName":"search_term_string"}}],"inLanguage":"hr"},{"@type":"Organization","@id":"https:\/\/radioljubuski.ba\/#organization","name":"Radio Ljubu\u0161ki","url":"https:\/\/radioljubuski.ba\/","logo":{"@type":"ImageObject","inLanguage":"hr","@id":"https:\/\/radioljubuski.ba\/#\/schema\/logo\/image\/","url":"https:\/\/radioljubuski.ba\/wp-content\/uploads\/2021\/02\/cropped-Radio_Ljubuski_logo1.jpg","contentUrl":"https:\/\/radioljubuski.ba\/wp-content\/uploads\/2021\/02\/cropped-Radio_Ljubuski_logo1.jpg","width":512,"height":512,"caption":"Radio Ljubu\u0161ki"},"image":{"@id":"https:\/\/radioljubuski.ba\/#\/schema\/logo\/image\/"},"sameAs":["https:\/\/www.facebook.com\/Radiio-Ljubuski-1490835324566332","https:\/\/x.com\/radioljubuski","https:\/\/hr.linkedin.com\/company\/radio-ljubuski","https:\/\/www.youtube.com\/channel\/UCHYaeO_n0Db3tjNGudGpXyw"]},{"@type":"Person","@id":"https:\/\/radioljubuski.ba\/#\/schema\/person\/19fc700381a780f69665d7956c469e3b","name":"Radio Ljubu\u0161ki"}]}},"_links":{"self":[{"href":"https:\/\/radioljubuski.ba\/index.php\/wp-json\/wp\/v2\/posts\/164327","targetHints":{"allow":["GET"]}}],"collection":[{"href":"https:\/\/radioljubuski.ba\/index.php\/wp-json\/wp\/v2\/posts"}],"about":[{"href":"https:\/\/radioljubuski.ba\/index.php\/wp-json\/wp\/v2\/types\/post"}],"author":[{"embeddable":true,"href":"https:\/\/radioljubuski.ba\/index.php\/wp-json\/wp\/v2\/users\/2"}],"replies":[{"embeddable":true,"href":"https:\/\/radioljubuski.ba\/index.php\/wp-json\/wp\/v2\/comments?post=164327"}],"version-history":[{"count":1,"href":"https:\/\/radioljubuski.ba\/index.php\/wp-json\/wp\/v2\/posts\/164327\/revisions"}],"predecessor-version":[{"id":164329,"href":"https:\/\/radioljubuski.ba\/index.php\/wp-json\/wp\/v2\/posts\/164327\/revisions\/164329"}],"wp:featuredmedia":[{"embeddable":true,"href":"https:\/\/radioljubuski.ba\/index.php\/wp-json\/wp\/v2\/media\/164328"}],"wp:attachment":[{"href":"https:\/\/radioljubuski.ba\/index.php\/wp-json\/wp\/v2\/media?parent=164327"}],"wp:term":[{"taxonomy":"category","embeddable":true,"href":"https:\/\/radioljubuski.ba\/index.php\/wp-json\/wp\/v2\/categories?post=164327"},{"taxonomy":"post_tag","embeddable":true,"href":"https:\/\/radioljubuski.ba\/index.php\/wp-json\/wp\/v2\/tags?post=164327"}],"curies":[{"name":"wp","href":"https:\/\/api.w.org\/{rel}","templated":true}]}}