{"id":164366,"date":"2022-07-28T10:53:25","date_gmt":"2022-07-28T09:53:25","guid":{"rendered":"https:\/\/radioljubuski.ba\/?p=164366"},"modified":"2022-07-28T10:53:26","modified_gmt":"2022-07-28T09:53:26","slug":"bjelica-odbio-milijune-pjaca-ceka-dinamo","status":"publish","type":"post","link":"https:\/\/radioljubuski.ba\/index.php\/2022\/07\/28\/bjelica-odbio-milijune-pjaca-ceka-dinamo\/","title":{"rendered":"Bjelica odbio milijune, Pjaca \u010deka Dinamo"},"content":{"rendered":"\n<p>Talijanski i njema\u010dki mediji raspisali su se o hrvatskim prvoliga\u0161ima. Talijani optu\u017eili Marka Pjacu da &#8216;zavla\u010di&#8217; Sampdoriju, a njema\u010dki Sky Sports prenosi kako je Nenad Bjelica odbio vi\u0161emilijunsku ponudu za svog napada\u010da.&nbsp;<\/p>\n\n\n\n<p>Pjaca je jedna od \u010destih tema u talijanskim medijima ovog ljeta nakon \u0161to se vratio s posudbe iz Torina. Hrvatski krilni napada\u010d je uglavnom trenirao s U-23 mom\u010dadi Juventusa, a talijanski velikan mu \u010ditavo vrijeme poku\u0161ava prona\u0107i novi klub.&nbsp;<\/p>\n\n\n\n<p>Nekoliko ga se puta ve\u0107 povezivalo sa Sampdorijom, navodno su se ova dva talijanska kluba sve vrlo brzo dogovorili oko transfera. Juventus je navodno pristao na simboli\u010dku od\u0161tetu za igra\u010da kojeg su platili preko 20 milijuna eura zagreba\u010dkom Dinamu.&nbsp;<\/p>\n\n\n\n<p>Talijanski Calciomercato tvrdi kako najve\u0107e probleme u ovom transferu pravi sam Pjaca, navodno \u010deka ponudu Dinama. Iz Maksimira nema jo\u0161 nikakvih znakova da bi se njihov najskuplji igra\u010d u povijesti mogao vratiti me\u0111u Modre.&nbsp;<\/p>\n\n\n\n<p>Sampdorija je navodno Pjaci ponudila trogodi\u0161nji ugovor s milijun eura godi\u0161nje, a uprava je odredila i kako 27-godi\u0161nji Pjaca ima rok do nedjelje da odlu\u010di prihva\u0107a li ponudu ili ne.&nbsp;<\/p>\n\n\n\n<p>Jo\u0161 jedan na\u0161 prvoliga\u0161 je na meti stranih medija. Njema\u010dki Sky Sports javlja kako je Osijek odbio 3.5 milijuna eura te\u0161ku ponudu za svog napada\u010da. U pitanju je Dion Drena Beljo, mladi napada\u010d koji je sve odu\u0161evio svojim nastupima pro\u0161le sezone u dresu Istre, a u istom ritmu je nastavio i ove sezone, kada je u prvom kolu sru\u0161io Goricu.&nbsp;<\/p>\n\n\n\n<p>Bjelica navodno nije ni na trenutak pomislio da pusti mladog Belju, \u010dija se vrijednost procjenjuje na 4.5 milijuna eura.&nbsp;<\/p>\n\n\n\n<p>20-godi\u0161nji napada\u010d impresionirao je trenera Borussije M\u00f6nchengladbach, Daniela Farkea, koji ga \u017eeli dovesti, ali to bi mogao biti nemogu\u0107i posao s obzirom da Bijelo-plavi tra\u017ee najmanje 10 milijuna eura.&nbsp;<\/p>\n\n\n\n<p>Beljo je pro\u0161le sezone u 34 nastupa za Istru postigao impresivnih 15 golova, a podijelio je i 4 asistencije.<\/p>\n\n\n\n<p>Izvor.pogled.ba<\/p>\n","protected":false},"excerpt":{"rendered":"<p>Talijanski i njema\u010dki mediji raspisali su se o hrvatskim prvoliga\u0161ima. Talijani optu\u017eili Marka Pjacu da &#8216;zavla\u010di&#8217; Sampdoriju, a njema\u010dki Sky Sports prenosi kako je Nenad Bjelica odbio vi\u0161emilijunsku ponudu za svog napada\u010da.&nbsp; Pjaca je jedna od \u010destih tema u talijanskim medijima ovog ljeta nakon \u0161to se vratio s posudbe iz Torina. Hrvatski krilni napada\u010d je [&hellip;]<\/p>\n","protected":false},"author":2,"featured_media":164367,"comment_status":"closed","ping_status":"closed","sticky":false,"template":"","format":"standard","meta":{"h5ap_radio_sources":[],"footnotes":""},"categories":[7],"tags":[],"class_list":["post-164366","post","type-post","status-publish","format-standard","has-post-thumbnail","hentry","category-sport"],"yoast_head":"<!-- This site is optimized with the Yoast SEO plugin v27.5 - https:\/\/yoast.com\/product\/yoast-seo-wordpress\/ -->\n<title>Bjelica odbio milijune, Pjaca \u010deka Dinamo - RADIO LJUBU\u0160KI<\/title>\n<meta name=\"robots\" content=\"index, follow, max-snippet:-1, max-image-preview:large, max-video-preview:-1\" \/>\n<link rel=\"canonical\" href=\"https:\/\/radioljubuski.ba\/index.php\/2022\/07\/28\/bjelica-odbio-milijune-pjaca-ceka-dinamo\/\" \/>\n<meta property=\"og:locale\" content=\"hr_HR\" \/>\n<meta property=\"og:type\" content=\"article\" \/>\n<meta property=\"og:title\" content=\"Bjelica odbio milijune, Pjaca \u010deka Dinamo - RADIO LJUBU\u0160KI\" \/>\n<meta property=\"og:description\" content=\"Talijanski i njema\u010dki mediji raspisali su se o hrvatskim prvoliga\u0161ima. Talijani optu\u017eili Marka Pjacu da &#8216;zavla\u010di&#8217; Sampdoriju, a njema\u010dki Sky Sports prenosi kako je Nenad Bjelica odbio vi\u0161emilijunsku ponudu za svog napada\u010da.&nbsp; Pjaca je jedna od \u010destih tema u talijanskim medijima ovog ljeta nakon \u0161to se vratio s posudbe iz Torina. Hrvatski krilni napada\u010d je [&hellip;]\" \/>\n<meta property=\"og:url\" content=\"https:\/\/radioljubuski.ba\/index.php\/2022\/07\/28\/bjelica-odbio-milijune-pjaca-ceka-dinamo\/\" \/>\n<meta property=\"og:site_name\" content=\"RADIO LJUBU\u0160KI\" \/>\n<meta property=\"article:publisher\" content=\"https:\/\/www.facebook.com\/Radiio-Ljubuski-1490835324566332\" \/>\n<meta property=\"article:published_time\" content=\"2022-07-28T09:53:25+00:00\" \/>\n<meta property=\"article:modified_time\" content=\"2022-07-28T09:53:26+00:00\" \/>\n<meta property=\"og:image\" content=\"https:\/\/radioljubuski.ba\/wp-content\/uploads\/2022\/07\/uJWcOlfo_marko_pjaca_genoa.jpg\" \/>\n\t<meta property=\"og:image:width\" content=\"1000\" \/>\n\t<meta property=\"og:image:height\" content=\"625\" \/>\n\t<meta property=\"og:image:type\" content=\"image\/jpeg\" \/>\n<meta name=\"author\" content=\"Radio Ljubu\u0161ki\" \/>\n<meta name=\"twitter:card\" content=\"summary_large_image\" \/>\n<meta name=\"twitter:creator\" content=\"@radioljubuski\" \/>\n<meta name=\"twitter:site\" content=\"@radioljubuski\" \/>\n<meta name=\"twitter:label1\" content=\"Napisao\/la\" \/>\n\t<meta name=\"twitter:data1\" content=\"Radio Ljubu\u0161ki\" \/>\n\t<meta name=\"twitter:label2\" content=\"Procijenjeno vrijeme \u010ditanja\" \/>\n\t<meta name=\"twitter:data2\" content=\"2 minute\" \/>\n<script type=\"application\/ld+json\" class=\"yoast-schema-graph\">{\"@context\":\"https:\\\/\\\/schema.org\",\"@graph\":[{\"@type\":\"Article\",\"@id\":\"https:\\\/\\\/radioljubuski.ba\\\/index.php\\\/2022\\\/07\\\/28\\\/bjelica-odbio-milijune-pjaca-ceka-dinamo\\\/#article\",\"isPartOf\":{\"@id\":\"https:\\\/\\\/radioljubuski.ba\\\/index.php\\\/2022\\\/07\\\/28\\\/bjelica-odbio-milijune-pjaca-ceka-dinamo\\\/\"},\"author\":{\"name\":\"Radio Ljubu\u0161ki\",\"@id\":\"https:\\\/\\\/radioljubuski.ba\\\/#\\\/schema\\\/person\\\/19fc700381a780f69665d7956c469e3b\"},\"headline\":\"Bjelica odbio milijune, Pjaca \u010deka Dinamo\",\"datePublished\":\"2022-07-28T09:53:25+00:00\",\"dateModified\":\"2022-07-28T09:53:26+00:00\",\"mainEntityOfPage\":{\"@id\":\"https:\\\/\\\/radioljubuski.ba\\\/index.php\\\/2022\\\/07\\\/28\\\/bjelica-odbio-milijune-pjaca-ceka-dinamo\\\/\"},\"wordCount\":343,\"publisher\":{\"@id\":\"https:\\\/\\\/radioljubuski.ba\\\/#organization\"},\"image\":{\"@id\":\"https:\\\/\\\/radioljubuski.ba\\\/index.php\\\/2022\\\/07\\\/28\\\/bjelica-odbio-milijune-pjaca-ceka-dinamo\\\/#primaryimage\"},\"thumbnailUrl\":\"https:\\\/\\\/radioljubuski.ba\\\/wp-content\\\/uploads\\\/2022\\\/07\\\/uJWcOlfo_marko_pjaca_genoa.jpg\",\"articleSection\":[\"\u0160port\"],\"inLanguage\":\"hr\"},{\"@type\":\"WebPage\",\"@id\":\"https:\\\/\\\/radioljubuski.ba\\\/index.php\\\/2022\\\/07\\\/28\\\/bjelica-odbio-milijune-pjaca-ceka-dinamo\\\/\",\"url\":\"https:\\\/\\\/radioljubuski.ba\\\/index.php\\\/2022\\\/07\\\/28\\\/bjelica-odbio-milijune-pjaca-ceka-dinamo\\\/\",\"name\":\"Bjelica odbio milijune, Pjaca \u010deka Dinamo - RADIO LJUBU\u0160KI\",\"isPartOf\":{\"@id\":\"https:\\\/\\\/radioljubuski.ba\\\/#website\"},\"primaryImageOfPage\":{\"@id\":\"https:\\\/\\\/radioljubuski.ba\\\/index.php\\\/2022\\\/07\\\/28\\\/bjelica-odbio-milijune-pjaca-ceka-dinamo\\\/#primaryimage\"},\"image\":{\"@id\":\"https:\\\/\\\/radioljubuski.ba\\\/index.php\\\/2022\\\/07\\\/28\\\/bjelica-odbio-milijune-pjaca-ceka-dinamo\\\/#primaryimage\"},\"thumbnailUrl\":\"https:\\\/\\\/radioljubuski.ba\\\/wp-content\\\/uploads\\\/2022\\\/07\\\/uJWcOlfo_marko_pjaca_genoa.jpg\",\"datePublished\":\"2022-07-28T09:53:25+00:00\",\"dateModified\":\"2022-07-28T09:53:26+00:00\",\"breadcrumb\":{\"@id\":\"https:\\\/\\\/radioljubuski.ba\\\/index.php\\\/2022\\\/07\\\/28\\\/bjelica-odbio-milijune-pjaca-ceka-dinamo\\\/#breadcrumb\"},\"inLanguage\":\"hr\",\"potentialAction\":[{\"@type\":\"ReadAction\",\"target\":[\"https:\\\/\\\/radioljubuski.ba\\\/index.php\\\/2022\\\/07\\\/28\\\/bjelica-odbio-milijune-pjaca-ceka-dinamo\\\/\"]}]},{\"@type\":\"ImageObject\",\"inLanguage\":\"hr\",\"@id\":\"https:\\\/\\\/radioljubuski.ba\\\/index.php\\\/2022\\\/07\\\/28\\\/bjelica-odbio-milijune-pjaca-ceka-dinamo\\\/#primaryimage\",\"url\":\"https:\\\/\\\/radioljubuski.ba\\\/wp-content\\\/uploads\\\/2022\\\/07\\\/uJWcOlfo_marko_pjaca_genoa.jpg\",\"contentUrl\":\"https:\\\/\\\/radioljubuski.ba\\\/wp-content\\\/uploads\\\/2022\\\/07\\\/uJWcOlfo_marko_pjaca_genoa.jpg\",\"width\":1000,\"height\":625},{\"@type\":\"BreadcrumbList\",\"@id\":\"https:\\\/\\\/radioljubuski.ba\\\/index.php\\\/2022\\\/07\\\/28\\\/bjelica-odbio-milijune-pjaca-ceka-dinamo\\\/#breadcrumb\",\"itemListElement\":[{\"@type\":\"ListItem\",\"position\":1,\"name\":\"Po\u010detna stranica\",\"item\":\"https:\\\/\\\/radioljubuski.ba\\\/\"},{\"@type\":\"ListItem\",\"position\":2,\"name\":\"Bjelica odbio milijune, Pjaca \u010deka Dinamo\"}]},{\"@type\":\"WebSite\",\"@id\":\"https:\\\/\\\/radioljubuski.ba\\\/#website\",\"url\":\"https:\\\/\\\/radioljubuski.ba\\\/\",\"name\":\"Radio Ljubu\u0161ki\",\"description\":\"Sun\u010dana frekvencija Hercegovine\",\"publisher\":{\"@id\":\"https:\\\/\\\/radioljubuski.ba\\\/#organization\"},\"potentialAction\":[{\"@type\":\"SearchAction\",\"target\":{\"@type\":\"EntryPoint\",\"urlTemplate\":\"https:\\\/\\\/radioljubuski.ba\\\/?s={search_term_string}\"},\"query-input\":{\"@type\":\"PropertyValueSpecification\",\"valueRequired\":true,\"valueName\":\"search_term_string\"}}],\"inLanguage\":\"hr\"},{\"@type\":\"Organization\",\"@id\":\"https:\\\/\\\/radioljubuski.ba\\\/#organization\",\"name\":\"Radio Ljubu\u0161ki\",\"url\":\"https:\\\/\\\/radioljubuski.ba\\\/\",\"logo\":{\"@type\":\"ImageObject\",\"inLanguage\":\"hr\",\"@id\":\"https:\\\/\\\/radioljubuski.ba\\\/#\\\/schema\\\/logo\\\/image\\\/\",\"url\":\"https:\\\/\\\/radioljubuski.ba\\\/wp-content\\\/uploads\\\/2021\\\/02\\\/cropped-Radio_Ljubuski_logo1.jpg\",\"contentUrl\":\"https:\\\/\\\/radioljubuski.ba\\\/wp-content\\\/uploads\\\/2021\\\/02\\\/cropped-Radio_Ljubuski_logo1.jpg\",\"width\":512,\"height\":512,\"caption\":\"Radio Ljubu\u0161ki\"},\"image\":{\"@id\":\"https:\\\/\\\/radioljubuski.ba\\\/#\\\/schema\\\/logo\\\/image\\\/\"},\"sameAs\":[\"https:\\\/\\\/www.facebook.com\\\/Radiio-Ljubuski-1490835324566332\",\"https:\\\/\\\/x.com\\\/radioljubuski\",\"https:\\\/\\\/hr.linkedin.com\\\/company\\\/radio-ljubuski\",\"https:\\\/\\\/www.youtube.com\\\/channel\\\/UCHYaeO_n0Db3tjNGudGpXyw\"]},{\"@type\":\"Person\",\"@id\":\"https:\\\/\\\/radioljubuski.ba\\\/#\\\/schema\\\/person\\\/19fc700381a780f69665d7956c469e3b\",\"name\":\"Radio Ljubu\u0161ki\"}]}<\/script>\n<!-- \/ Yoast SEO plugin. -->","yoast_head_json":{"title":"Bjelica odbio milijune, Pjaca \u010deka Dinamo - RADIO LJUBU\u0160KI","robots":{"index":"index","follow":"follow","max-snippet":"max-snippet:-1","max-image-preview":"max-image-preview:large","max-video-preview":"max-video-preview:-1"},"canonical":"https:\/\/radioljubuski.ba\/index.php\/2022\/07\/28\/bjelica-odbio-milijune-pjaca-ceka-dinamo\/","og_locale":"hr_HR","og_type":"article","og_title":"Bjelica odbio milijune, Pjaca \u010deka Dinamo - RADIO LJUBU\u0160KI","og_description":"Talijanski i njema\u010dki mediji raspisali su se o hrvatskim prvoliga\u0161ima. Talijani optu\u017eili Marka Pjacu da &#8216;zavla\u010di&#8217; Sampdoriju, a njema\u010dki Sky Sports prenosi kako je Nenad Bjelica odbio vi\u0161emilijunsku ponudu za svog napada\u010da.&nbsp; Pjaca je jedna od \u010destih tema u talijanskim medijima ovog ljeta nakon \u0161to se vratio s posudbe iz Torina. Hrvatski krilni napada\u010d je [&hellip;]","og_url":"https:\/\/radioljubuski.ba\/index.php\/2022\/07\/28\/bjelica-odbio-milijune-pjaca-ceka-dinamo\/","og_site_name":"RADIO LJUBU\u0160KI","article_publisher":"https:\/\/www.facebook.com\/Radiio-Ljubuski-1490835324566332","article_published_time":"2022-07-28T09:53:25+00:00","article_modified_time":"2022-07-28T09:53:26+00:00","og_image":[{"width":1000,"height":625,"url":"https:\/\/radioljubuski.ba\/wp-content\/uploads\/2022\/07\/uJWcOlfo_marko_pjaca_genoa.jpg","type":"image\/jpeg"}],"author":"Radio Ljubu\u0161ki","twitter_card":"summary_large_image","twitter_creator":"@radioljubuski","twitter_site":"@radioljubuski","twitter_misc":{"Napisao\/la":"Radio Ljubu\u0161ki","Procijenjeno vrijeme \u010ditanja":"2 minute"},"schema":{"@context":"https:\/\/schema.org","@graph":[{"@type":"Article","@id":"https:\/\/radioljubuski.ba\/index.php\/2022\/07\/28\/bjelica-odbio-milijune-pjaca-ceka-dinamo\/#article","isPartOf":{"@id":"https:\/\/radioljubuski.ba\/index.php\/2022\/07\/28\/bjelica-odbio-milijune-pjaca-ceka-dinamo\/"},"author":{"name":"Radio Ljubu\u0161ki","@id":"https:\/\/radioljubuski.ba\/#\/schema\/person\/19fc700381a780f69665d7956c469e3b"},"headline":"Bjelica odbio milijune, Pjaca \u010deka Dinamo","datePublished":"2022-07-28T09:53:25+00:00","dateModified":"2022-07-28T09:53:26+00:00","mainEntityOfPage":{"@id":"https:\/\/radioljubuski.ba\/index.php\/2022\/07\/28\/bjelica-odbio-milijune-pjaca-ceka-dinamo\/"},"wordCount":343,"publisher":{"@id":"https:\/\/radioljubuski.ba\/#organization"},"image":{"@id":"https:\/\/radioljubuski.ba\/index.php\/2022\/07\/28\/bjelica-odbio-milijune-pjaca-ceka-dinamo\/#primaryimage"},"thumbnailUrl":"https:\/\/radioljubuski.ba\/wp-content\/uploads\/2022\/07\/uJWcOlfo_marko_pjaca_genoa.jpg","articleSection":["\u0160port"],"inLanguage":"hr"},{"@type":"WebPage","@id":"https:\/\/radioljubuski.ba\/index.php\/2022\/07\/28\/bjelica-odbio-milijune-pjaca-ceka-dinamo\/","url":"https:\/\/radioljubuski.ba\/index.php\/2022\/07\/28\/bjelica-odbio-milijune-pjaca-ceka-dinamo\/","name":"Bjelica odbio milijune, Pjaca \u010deka Dinamo - RADIO LJUBU\u0160KI","isPartOf":{"@id":"https:\/\/radioljubuski.ba\/#website"},"primaryImageOfPage":{"@id":"https:\/\/radioljubuski.ba\/index.php\/2022\/07\/28\/bjelica-odbio-milijune-pjaca-ceka-dinamo\/#primaryimage"},"image":{"@id":"https:\/\/radioljubuski.ba\/index.php\/2022\/07\/28\/bjelica-odbio-milijune-pjaca-ceka-dinamo\/#primaryimage"},"thumbnailUrl":"https:\/\/radioljubuski.ba\/wp-content\/uploads\/2022\/07\/uJWcOlfo_marko_pjaca_genoa.jpg","datePublished":"2022-07-28T09:53:25+00:00","dateModified":"2022-07-28T09:53:26+00:00","breadcrumb":{"@id":"https:\/\/radioljubuski.ba\/index.php\/2022\/07\/28\/bjelica-odbio-milijune-pjaca-ceka-dinamo\/#breadcrumb"},"inLanguage":"hr","potentialAction":[{"@type":"ReadAction","target":["https:\/\/radioljubuski.ba\/index.php\/2022\/07\/28\/bjelica-odbio-milijune-pjaca-ceka-dinamo\/"]}]},{"@type":"ImageObject","inLanguage":"hr","@id":"https:\/\/radioljubuski.ba\/index.php\/2022\/07\/28\/bjelica-odbio-milijune-pjaca-ceka-dinamo\/#primaryimage","url":"https:\/\/radioljubuski.ba\/wp-content\/uploads\/2022\/07\/uJWcOlfo_marko_pjaca_genoa.jpg","contentUrl":"https:\/\/radioljubuski.ba\/wp-content\/uploads\/2022\/07\/uJWcOlfo_marko_pjaca_genoa.jpg","width":1000,"height":625},{"@type":"BreadcrumbList","@id":"https:\/\/radioljubuski.ba\/index.php\/2022\/07\/28\/bjelica-odbio-milijune-pjaca-ceka-dinamo\/#breadcrumb","itemListElement":[{"@type":"ListItem","position":1,"name":"Po\u010detna stranica","item":"https:\/\/radioljubuski.ba\/"},{"@type":"ListItem","position":2,"name":"Bjelica odbio milijune, Pjaca \u010deka Dinamo"}]},{"@type":"WebSite","@id":"https:\/\/radioljubuski.ba\/#website","url":"https:\/\/radioljubuski.ba\/","name":"Radio Ljubu\u0161ki","description":"Sun\u010dana frekvencija Hercegovine","publisher":{"@id":"https:\/\/radioljubuski.ba\/#organization"},"potentialAction":[{"@type":"SearchAction","target":{"@type":"EntryPoint","urlTemplate":"https:\/\/radioljubuski.ba\/?s={search_term_string}"},"query-input":{"@type":"PropertyValueSpecification","valueRequired":true,"valueName":"search_term_string"}}],"inLanguage":"hr"},{"@type":"Organization","@id":"https:\/\/radioljubuski.ba\/#organization","name":"Radio Ljubu\u0161ki","url":"https:\/\/radioljubuski.ba\/","logo":{"@type":"ImageObject","inLanguage":"hr","@id":"https:\/\/radioljubuski.ba\/#\/schema\/logo\/image\/","url":"https:\/\/radioljubuski.ba\/wp-content\/uploads\/2021\/02\/cropped-Radio_Ljubuski_logo1.jpg","contentUrl":"https:\/\/radioljubuski.ba\/wp-content\/uploads\/2021\/02\/cropped-Radio_Ljubuski_logo1.jpg","width":512,"height":512,"caption":"Radio Ljubu\u0161ki"},"image":{"@id":"https:\/\/radioljubuski.ba\/#\/schema\/logo\/image\/"},"sameAs":["https:\/\/www.facebook.com\/Radiio-Ljubuski-1490835324566332","https:\/\/x.com\/radioljubuski","https:\/\/hr.linkedin.com\/company\/radio-ljubuski","https:\/\/www.youtube.com\/channel\/UCHYaeO_n0Db3tjNGudGpXyw"]},{"@type":"Person","@id":"https:\/\/radioljubuski.ba\/#\/schema\/person\/19fc700381a780f69665d7956c469e3b","name":"Radio Ljubu\u0161ki"}]}},"_links":{"self":[{"href":"https:\/\/radioljubuski.ba\/index.php\/wp-json\/wp\/v2\/posts\/164366","targetHints":{"allow":["GET"]}}],"collection":[{"href":"https:\/\/radioljubuski.ba\/index.php\/wp-json\/wp\/v2\/posts"}],"about":[{"href":"https:\/\/radioljubuski.ba\/index.php\/wp-json\/wp\/v2\/types\/post"}],"author":[{"embeddable":true,"href":"https:\/\/radioljubuski.ba\/index.php\/wp-json\/wp\/v2\/users\/2"}],"replies":[{"embeddable":true,"href":"https:\/\/radioljubuski.ba\/index.php\/wp-json\/wp\/v2\/comments?post=164366"}],"version-history":[{"count":1,"href":"https:\/\/radioljubuski.ba\/index.php\/wp-json\/wp\/v2\/posts\/164366\/revisions"}],"predecessor-version":[{"id":164368,"href":"https:\/\/radioljubuski.ba\/index.php\/wp-json\/wp\/v2\/posts\/164366\/revisions\/164368"}],"wp:featuredmedia":[{"embeddable":true,"href":"https:\/\/radioljubuski.ba\/index.php\/wp-json\/wp\/v2\/media\/164367"}],"wp:attachment":[{"href":"https:\/\/radioljubuski.ba\/index.php\/wp-json\/wp\/v2\/media?parent=164366"}],"wp:term":[{"taxonomy":"category","embeddable":true,"href":"https:\/\/radioljubuski.ba\/index.php\/wp-json\/wp\/v2\/categories?post=164366"},{"taxonomy":"post_tag","embeddable":true,"href":"https:\/\/radioljubuski.ba\/index.php\/wp-json\/wp\/v2\/tags?post=164366"}],"curies":[{"name":"wp","href":"https:\/\/api.w.org\/{rel}","templated":true}]}}