{"id":164406,"date":"2022-07-28T11:32:31","date_gmt":"2022-07-28T10:32:31","guid":{"rendered":"https:\/\/radioljubuski.ba\/?p=164406"},"modified":"2022-07-28T11:32:54","modified_gmt":"2022-07-28T10:32:54","slug":"i-ove-godine-bogat-program-proslave-sv-stjepana-na-hardomilju-steve-bubalo-dolazi-na-otvaranje-obnovljenoga-doma-predstava-na-uocnicu-i-susret-hardomiljcana-na-svetkovinu","status":"publish","type":"post","link":"https:\/\/radioljubuski.ba\/index.php\/2022\/07\/28\/i-ove-godine-bogat-program-proslave-sv-stjepana-na-hardomilju-steve-bubalo-dolazi-na-otvaranje-obnovljenoga-doma-predstava-na-uocnicu-i-susret-hardomiljcana-na-svetkovinu\/","title":{"rendered":"I ove godine bogat program proslave Sv. Stjepana na Hardomilju: Steve Bubalo dolazi na otvaranje obnovljenoga Doma, predstava na uo\u010dnicu i Susret Hardomilj\u010dana na svetkovinu"},"content":{"rendered":"\n<p>U srijedu, 3. kolovoza 2022. godine \u017eitelji sela Hardomilje proslaviti \u0107e svog nebeskog za\u0161itnika svetog Stjepana Prvomu\u010denika. Na taj dan ve\u0107 tradicionalno, uprili\u010diti \u0107e se Susret Haromilj\u010dana iz svih krajeva domovine i onih iseljenih diljem svijeta. <\/p>\n\n\n\n<p>Duhovna priprava za taj susret i sam blagdan po\u010dinje u nedjelju 31. srpnja svetom misom koju predvodi mladomisnik fra Franjo Marki\u0107. Program zapo\u010dinje krunicom i ispovijedi u 18:30, a misa je u 19 sati.<\/p>\n\n\n\n<p>U ponedjeljak misu predvodi fra Nikola Juri\u0161i\u0107, a poslije slijedi blagoslov Doma na Starom Hardomilju kojeg je obnovila obitelj Louise i Stipe Stevea Bubala. Rije\u010d je o biv\u0161oj zgradi podru\u010dne \u0161kole na Hardomilju, koja je, preseljenjem mje\u0161tana s Brda u podru\u010dje uz rijeku Trebi\u017eat, zatvorila svoja vrata, a krajem pro\u0161log stolje\u0107a pretvorena u Zavi\u010dajni dom, a zaslugom obitelji Bubalo ove godine u potpunosti obnovljena i privedena svrsi. <\/p>\n\n\n\n<p>Na blagoslov dolazi Stipe koji je ove godine napunio 90 godina te tim povodom i pred Domom biti \u0107e uprili\u010dena fe\u0161ta na koju su pozvani svi Hardomilj\u010dani i njihovi prijatelji.<\/p>\n\n\n\n<figure class=\"wp-block-image\"><img decoding=\"async\" src=\"https:\/\/www.ljportal.com\/wp-content\/uploads\/2022\/07\/dom.jpg\" alt=\"\"\/><\/figure>\n\n\n\n<p>U utorak &nbsp;na uo\u010dnicu propovjednik je don Branimir Bevanda iz Mostara, povjerenik za mlade hercegova\u010dkih biskupija. A nakon mise na na pozornici ispred crkve i groblja mladi iz pokreta MiViDiMo (mladi vjere, djela i molitve) izvesti \u0107e predstavu \u201cSvi me vole, samo tata ne\u201d.&nbsp; <\/p>\n\n\n\n<p>Predstava prati sudbinu dje\u010daka Ivana. Kada su mu bile samo dvije godine, njega i majku otac ostavlja i seli u drugi grad gdje gradi novi \u017eivot s novom obitelji. Sav teret \u017eivota past \u0107e na Ivanova le\u0111a kada mu se majka razboli. Uskoro seli u grad u kojem mu je tata, i tamo upoznaje svoju polusestru. Ho\u0107e li do\u0107i do susreta s ocem i kako \u0107e otac reagirati na zaboravljenog sina? Do\u0111ite na predstavu i provjerite! Ulaz je slobodan! Generalni pokrovitelj predstave je&nbsp;<strong>Hrvatska po\u0161ta d.o.o. Mostar<\/strong><\/p>\n\n\n\n<p>U srijedu, na sam blagdan Na\u0161a\u0161\u0107a tijela sv. Stjepana Prvomu\u010denika, misu u zajedni\u0161tvu s ostalim franjevcima \u017eupe Humac, slavi fra Ivan Landeka mla\u0111i, me\u0161tar novaka. Nakon mise je susret Hardomilj\u010dana i dru\u017eenje do kasno u no\u0107&nbsp;i zabavni program.<\/p>\n\n\n\n<p>Duhovna priprema u organizaciji franjeva\u010dkog samostana i \u017eupnog ureda Humac odvija se u hardomiljskoj podru\u010dnoj crkvi \u2013 kamenoj ljepotici, a za kulturno zabavni program na velikom platou pred grobljem i u Zavi\u010dajnom domu zaslu\u017eni su MZ Hardomilje i \u017dupa Humac, uz pokroviteljstvo Grada Ljubu\u0161kog i Ministarstva financija \u017dZH.<\/p>\n\n\n\n<p>Ina\u010de, sve se to doga\u0111a u starom dijelu sela \u2013 na brdu sa kojega su se zbog zaobila\u017eenja u elektrifikaciji koja se tada provodila, Hardomilj\u010dani spustili i napravili nove ku\u0107e u podno\u017eju brda uz plodno polje pokraj rijeke Trebi\u017eat.<\/p>\n\n\n\n<p>TRODNEVNICA<br><strong>Nedjelja, 31. srpnja 2022.<\/strong><\/p>\n\n\n\n<p>18:00 \u2013 sv. ispovijed 18:30 \u2013 sv. krunica 19:00 \u2013 pobo\u017enost i sv. misa<\/p>\n\n\n\n<p>predvoditelj: fra Franjo Marki\u0107, mladomisnik (sv. misa za Mandi\u0107e) 20:00 \u2013 Klanjanje Isusu u Presvetom oltarskom sakramentu<\/p>\n\n\n\n<p><strong>Ponedjeljak, 1. kolovoza 2022.<\/strong><\/p>\n\n\n\n<p>18:00 \u2013 sv. ispovijed 18:30 \u2013 sv. krunica 19:00 \u2013 pobo\u017enost i sv. misa<\/p>\n\n\n\n<p>predvoditelj: fra Nikola Juri\u0161i\u0107 (sv. misa za \u017dabar) 20:00 \u2013 Blagoslov Doma na Starom Hardomilju<\/p>\n\n\n\n<p><strong>Utorak, 2. kolovoza 2022.<\/strong><\/p>\n\n\n\n<p>18:00 \u2013 sv. ispovijed 18:30 \u2013 sv. krunica 19:00 \u2013 pobo\u017enost i sv. misa<\/p>\n\n\n\n<p>predvoditelj: don Branimir Bevanda, povjerenik za mlade \u2013 blagoslov djece, roditelja i mladih, (sv. misa za Pivnice)<br>20:00 \u2013 Izvedba predstava \u201cSvi me vole, samo tata ne\u201d pokret MiViDiMo<\/p>\n\n\n\n<p><strong>SVETKOVINA SV. STJEPANA PRVOMU\u010cENIKA Srijeda, 3. kolovoza 2022.<\/strong><\/p>\n\n\n\n<p>18:00 \u2013 sv. ispovijed<\/p>\n\n\n\n<p>18:30 \u2013 sv. krunica<\/p>\n\n\n\n<p>19:00 \u2013 pobo\u017enost i sv. misa<\/p>\n\n\n\n<p>predvoditelj: fra Ivan Landeka, me\u0161tar novaka<\/p>\n\n\n\n<p>Nakon mise uslijedit \u0107e pu\u010dko veselje.<\/p>\n\n\n\n<blockquote class=\"wp-block-quote is-layout-flow wp-block-quote-is-layout-flow\"><p>Draga bra\u0107i i sestre i \u017eupljani! Cijenjeni Hardomilj\u010dani! Po\u0161tovani \u0161tovatelji sv. Stjepana!<\/p><p>Kao i svake godine do sada, tako i ove, sv. Stjepan nas poziva da izi\u0111emo iz svoje svakodnevnice. Ba\u0161 kao \u0161to je Isus svoje u\u010denike odveo na brdo Tabor i pred njima se preobrazio i pokazao im svoju slavu, isto tako i nas poziva da Ga susretnemo na na\u0161em brdu.<\/p><p>Dana\u0161nji na\u010din \u017eivota nas optere\u0107uje i mnoge su se brige i nemiri zavukle u na\u0161e \u017eivote, oduzimaju nam mir i sabranost pred Bogom. Koliko god ljeto bilo vrijeme tjelesnog odmora to ne smijemo koristiti kao opravdanje da se udaljimo od Gospodina.<\/p><p>On je za nas uvijek tu. Pod svakom svetom Misom nas \u017eeli susresti na osoban na\u010din. Daruje nam se u svojo rije\u010di, u okupljenoj zajednici i pod prilikama kruha i vina. Neprocjenjivi je to dar kroz koji primamo snagu da odva\u017eno \u017eivimo svoju vjeru i budemo neustra\u0161ivi svjedoci, poput sv. Stjepana, na\u0161eg uzora i za\u0161titnika.<\/p><p>Svaku ve\u010der trodnevnice bit \u0107e i prigoda za svetu ispovijed. Poseban naglasak stavljamo na uo\u010dnicu, 2. kolovoza, dan Gospe od An\u0111ela kada se mo\u017ee zadobiti i potpuni oprost od grijeha i vremenitih kazni za grijehe. Tko se taj dan ispovijedi, pri\u010desti, pomoli se na papine nakane, prima porcijunkulski oprost.<\/p><p>Iskoristimo ovu priliku da se s obiteljima pribli\u017eimo Gospodinu. Tako \u0107emo posvetiti sebe, svoje obitelji i svijet.<\/p><p>Nek nas sve na tom putu prati zagovor na\u0161eg za\u0161titnika sv. Stjepana.<\/p><p>Humac, srpnja 2022.<br>VA\u0160I HUMA\u010cKI FRATRI<\/p><\/blockquote>\n","protected":false},"excerpt":{"rendered":"<p>U srijedu, 3. kolovoza 2022. godine \u017eitelji sela Hardomilje proslaviti \u0107e svog nebeskog za\u0161itnika svetog Stjepana Prvomu\u010denika. Na taj dan ve\u0107 tradicionalno, uprili\u010diti \u0107e se Susret Haromilj\u010dana iz svih krajeva domovine i onih iseljenih diljem svijeta. Duhovna priprava za taj susret i sam blagdan po\u010dinje u nedjelju 31. srpnja svetom misom koju predvodi mladomisnik fra [&hellip;]<\/p>\n","protected":false},"author":2,"featured_media":164408,"comment_status":"closed","ping_status":"closed","sticky":false,"template":"","format":"standard","meta":{"h5ap_radio_sources":[],"footnotes":""},"categories":[3],"tags":[],"class_list":["post-164406","post","type-post","status-publish","format-standard","has-post-thumbnail","hentry","category-ljubuski"],"yoast_head":"<!-- This site is optimized with the Yoast SEO plugin v27.5 - https:\/\/yoast.com\/product\/yoast-seo-wordpress\/ -->\n<title>I ove godine bogat program proslave Sv. Stjepana na Hardomilju: Steve Bubalo dolazi na otvaranje obnovljenoga Doma, predstava na uo\u010dnicu i Susret Hardomilj\u010dana na svetkovinu - RADIO LJUBU\u0160KI<\/title>\n<meta name=\"robots\" content=\"index, follow, max-snippet:-1, max-image-preview:large, max-video-preview:-1\" \/>\n<link rel=\"canonical\" href=\"https:\/\/radioljubuski.ba\/index.php\/2022\/07\/28\/i-ove-godine-bogat-program-proslave-sv-stjepana-na-hardomilju-steve-bubalo-dolazi-na-otvaranje-obnovljenoga-doma-predstava-na-uocnicu-i-susret-hardomiljcana-na-svetkovinu\/\" \/>\n<meta property=\"og:locale\" content=\"hr_HR\" \/>\n<meta property=\"og:type\" content=\"article\" \/>\n<meta property=\"og:title\" content=\"I ove godine bogat program proslave Sv. Stjepana na Hardomilju: Steve Bubalo dolazi na otvaranje obnovljenoga Doma, predstava na uo\u010dnicu i Susret Hardomilj\u010dana na svetkovinu - RADIO LJUBU\u0160KI\" \/>\n<meta property=\"og:description\" content=\"U srijedu, 3. kolovoza 2022. godine \u017eitelji sela Hardomilje proslaviti \u0107e svog nebeskog za\u0161itnika svetog Stjepana Prvomu\u010denika. Na taj dan ve\u0107 tradicionalno, uprili\u010diti \u0107e se Susret Haromilj\u010dana iz svih krajeva domovine i onih iseljenih diljem svijeta. Duhovna priprava za taj susret i sam blagdan po\u010dinje u nedjelju 31. srpnja svetom misom koju predvodi mladomisnik fra [&hellip;]\" \/>\n<meta property=\"og:url\" content=\"https:\/\/radioljubuski.ba\/index.php\/2022\/07\/28\/i-ove-godine-bogat-program-proslave-sv-stjepana-na-hardomilju-steve-bubalo-dolazi-na-otvaranje-obnovljenoga-doma-predstava-na-uocnicu-i-susret-hardomiljcana-na-svetkovinu\/\" \/>\n<meta property=\"og:site_name\" content=\"RADIO LJUBU\u0160KI\" \/>\n<meta property=\"article:publisher\" content=\"https:\/\/www.facebook.com\/Radiio-Ljubuski-1490835324566332\" \/>\n<meta property=\"article:published_time\" content=\"2022-07-28T10:32:31+00:00\" \/>\n<meta property=\"article:modified_time\" content=\"2022-07-28T10:32:54+00:00\" \/>\n<meta property=\"og:image\" content=\"https:\/\/radioljubuski.ba\/wp-content\/uploads\/2022\/07\/stipandan.jpg\" \/>\n\t<meta property=\"og:image:width\" content=\"600\" \/>\n\t<meta property=\"og:image:height\" content=\"400\" \/>\n\t<meta property=\"og:image:type\" content=\"image\/jpeg\" \/>\n<meta name=\"author\" content=\"Radio Ljubu\u0161ki\" \/>\n<meta name=\"twitter:card\" content=\"summary_large_image\" \/>\n<meta name=\"twitter:creator\" content=\"@radioljubuski\" \/>\n<meta name=\"twitter:site\" content=\"@radioljubuski\" \/>\n<meta name=\"twitter:label1\" content=\"Napisao\/la\" \/>\n\t<meta name=\"twitter:data1\" content=\"Radio Ljubu\u0161ki\" \/>\n\t<meta name=\"twitter:label2\" content=\"Procijenjeno vrijeme \u010ditanja\" \/>\n\t<meta name=\"twitter:data2\" content=\"4 minute\" \/>\n<script type=\"application\/ld+json\" class=\"yoast-schema-graph\">{\"@context\":\"https:\\\/\\\/schema.org\",\"@graph\":[{\"@type\":\"Article\",\"@id\":\"https:\\\/\\\/radioljubuski.ba\\\/index.php\\\/2022\\\/07\\\/28\\\/i-ove-godine-bogat-program-proslave-sv-stjepana-na-hardomilju-steve-bubalo-dolazi-na-otvaranje-obnovljenoga-doma-predstava-na-uocnicu-i-susret-hardomiljcana-na-svetkovinu\\\/#article\",\"isPartOf\":{\"@id\":\"https:\\\/\\\/radioljubuski.ba\\\/index.php\\\/2022\\\/07\\\/28\\\/i-ove-godine-bogat-program-proslave-sv-stjepana-na-hardomilju-steve-bubalo-dolazi-na-otvaranje-obnovljenoga-doma-predstava-na-uocnicu-i-susret-hardomiljcana-na-svetkovinu\\\/\"},\"author\":{\"name\":\"Radio Ljubu\u0161ki\",\"@id\":\"https:\\\/\\\/radioljubuski.ba\\\/#\\\/schema\\\/person\\\/19fc700381a780f69665d7956c469e3b\"},\"headline\":\"I ove godine bogat program proslave Sv. Stjepana na Hardomilju: Steve Bubalo dolazi na otvaranje obnovljenoga Doma, predstava na uo\u010dnicu i Susret Hardomilj\u010dana na svetkovinu\",\"datePublished\":\"2022-07-28T10:32:31+00:00\",\"dateModified\":\"2022-07-28T10:32:54+00:00\",\"mainEntityOfPage\":{\"@id\":\"https:\\\/\\\/radioljubuski.ba\\\/index.php\\\/2022\\\/07\\\/28\\\/i-ove-godine-bogat-program-proslave-sv-stjepana-na-hardomilju-steve-bubalo-dolazi-na-otvaranje-obnovljenoga-doma-predstava-na-uocnicu-i-susret-hardomiljcana-na-svetkovinu\\\/\"},\"wordCount\":881,\"publisher\":{\"@id\":\"https:\\\/\\\/radioljubuski.ba\\\/#organization\"},\"image\":{\"@id\":\"https:\\\/\\\/radioljubuski.ba\\\/index.php\\\/2022\\\/07\\\/28\\\/i-ove-godine-bogat-program-proslave-sv-stjepana-na-hardomilju-steve-bubalo-dolazi-na-otvaranje-obnovljenoga-doma-predstava-na-uocnicu-i-susret-hardomiljcana-na-svetkovinu\\\/#primaryimage\"},\"thumbnailUrl\":\"https:\\\/\\\/radioljubuski.ba\\\/wp-content\\\/uploads\\\/2022\\\/07\\\/stipandan.jpg\",\"articleSection\":[\"Ljubu\u0161ki\"],\"inLanguage\":\"hr\"},{\"@type\":\"WebPage\",\"@id\":\"https:\\\/\\\/radioljubuski.ba\\\/index.php\\\/2022\\\/07\\\/28\\\/i-ove-godine-bogat-program-proslave-sv-stjepana-na-hardomilju-steve-bubalo-dolazi-na-otvaranje-obnovljenoga-doma-predstava-na-uocnicu-i-susret-hardomiljcana-na-svetkovinu\\\/\",\"url\":\"https:\\\/\\\/radioljubuski.ba\\\/index.php\\\/2022\\\/07\\\/28\\\/i-ove-godine-bogat-program-proslave-sv-stjepana-na-hardomilju-steve-bubalo-dolazi-na-otvaranje-obnovljenoga-doma-predstava-na-uocnicu-i-susret-hardomiljcana-na-svetkovinu\\\/\",\"name\":\"I ove godine bogat program proslave Sv. Stjepana na Hardomilju: Steve Bubalo dolazi na otvaranje obnovljenoga Doma, predstava na uo\u010dnicu i Susret Hardomilj\u010dana na svetkovinu - RADIO LJUBU\u0160KI\",\"isPartOf\":{\"@id\":\"https:\\\/\\\/radioljubuski.ba\\\/#website\"},\"primaryImageOfPage\":{\"@id\":\"https:\\\/\\\/radioljubuski.ba\\\/index.php\\\/2022\\\/07\\\/28\\\/i-ove-godine-bogat-program-proslave-sv-stjepana-na-hardomilju-steve-bubalo-dolazi-na-otvaranje-obnovljenoga-doma-predstava-na-uocnicu-i-susret-hardomiljcana-na-svetkovinu\\\/#primaryimage\"},\"image\":{\"@id\":\"https:\\\/\\\/radioljubuski.ba\\\/index.php\\\/2022\\\/07\\\/28\\\/i-ove-godine-bogat-program-proslave-sv-stjepana-na-hardomilju-steve-bubalo-dolazi-na-otvaranje-obnovljenoga-doma-predstava-na-uocnicu-i-susret-hardomiljcana-na-svetkovinu\\\/#primaryimage\"},\"thumbnailUrl\":\"https:\\\/\\\/radioljubuski.ba\\\/wp-content\\\/uploads\\\/2022\\\/07\\\/stipandan.jpg\",\"datePublished\":\"2022-07-28T10:32:31+00:00\",\"dateModified\":\"2022-07-28T10:32:54+00:00\",\"breadcrumb\":{\"@id\":\"https:\\\/\\\/radioljubuski.ba\\\/index.php\\\/2022\\\/07\\\/28\\\/i-ove-godine-bogat-program-proslave-sv-stjepana-na-hardomilju-steve-bubalo-dolazi-na-otvaranje-obnovljenoga-doma-predstava-na-uocnicu-i-susret-hardomiljcana-na-svetkovinu\\\/#breadcrumb\"},\"inLanguage\":\"hr\",\"potentialAction\":[{\"@type\":\"ReadAction\",\"target\":[\"https:\\\/\\\/radioljubuski.ba\\\/index.php\\\/2022\\\/07\\\/28\\\/i-ove-godine-bogat-program-proslave-sv-stjepana-na-hardomilju-steve-bubalo-dolazi-na-otvaranje-obnovljenoga-doma-predstava-na-uocnicu-i-susret-hardomiljcana-na-svetkovinu\\\/\"]}]},{\"@type\":\"ImageObject\",\"inLanguage\":\"hr\",\"@id\":\"https:\\\/\\\/radioljubuski.ba\\\/index.php\\\/2022\\\/07\\\/28\\\/i-ove-godine-bogat-program-proslave-sv-stjepana-na-hardomilju-steve-bubalo-dolazi-na-otvaranje-obnovljenoga-doma-predstava-na-uocnicu-i-susret-hardomiljcana-na-svetkovinu\\\/#primaryimage\",\"url\":\"https:\\\/\\\/radioljubuski.ba\\\/wp-content\\\/uploads\\\/2022\\\/07\\\/stipandan.jpg\",\"contentUrl\":\"https:\\\/\\\/radioljubuski.ba\\\/wp-content\\\/uploads\\\/2022\\\/07\\\/stipandan.jpg\",\"width\":600,\"height\":400},{\"@type\":\"BreadcrumbList\",\"@id\":\"https:\\\/\\\/radioljubuski.ba\\\/index.php\\\/2022\\\/07\\\/28\\\/i-ove-godine-bogat-program-proslave-sv-stjepana-na-hardomilju-steve-bubalo-dolazi-na-otvaranje-obnovljenoga-doma-predstava-na-uocnicu-i-susret-hardomiljcana-na-svetkovinu\\\/#breadcrumb\",\"itemListElement\":[{\"@type\":\"ListItem\",\"position\":1,\"name\":\"Po\u010detna stranica\",\"item\":\"https:\\\/\\\/radioljubuski.ba\\\/\"},{\"@type\":\"ListItem\",\"position\":2,\"name\":\"I ove godine bogat program proslave Sv. Stjepana na Hardomilju: Steve Bubalo dolazi na otvaranje obnovljenoga Doma, predstava na uo\u010dnicu i Susret Hardomilj\u010dana na svetkovinu\"}]},{\"@type\":\"WebSite\",\"@id\":\"https:\\\/\\\/radioljubuski.ba\\\/#website\",\"url\":\"https:\\\/\\\/radioljubuski.ba\\\/\",\"name\":\"Radio Ljubu\u0161ki\",\"description\":\"Sun\u010dana frekvencija Hercegovine\",\"publisher\":{\"@id\":\"https:\\\/\\\/radioljubuski.ba\\\/#organization\"},\"potentialAction\":[{\"@type\":\"SearchAction\",\"target\":{\"@type\":\"EntryPoint\",\"urlTemplate\":\"https:\\\/\\\/radioljubuski.ba\\\/?s={search_term_string}\"},\"query-input\":{\"@type\":\"PropertyValueSpecification\",\"valueRequired\":true,\"valueName\":\"search_term_string\"}}],\"inLanguage\":\"hr\"},{\"@type\":\"Organization\",\"@id\":\"https:\\\/\\\/radioljubuski.ba\\\/#organization\",\"name\":\"Radio Ljubu\u0161ki\",\"url\":\"https:\\\/\\\/radioljubuski.ba\\\/\",\"logo\":{\"@type\":\"ImageObject\",\"inLanguage\":\"hr\",\"@id\":\"https:\\\/\\\/radioljubuski.ba\\\/#\\\/schema\\\/logo\\\/image\\\/\",\"url\":\"https:\\\/\\\/radioljubuski.ba\\\/wp-content\\\/uploads\\\/2021\\\/02\\\/cropped-Radio_Ljubuski_logo1.jpg\",\"contentUrl\":\"https:\\\/\\\/radioljubuski.ba\\\/wp-content\\\/uploads\\\/2021\\\/02\\\/cropped-Radio_Ljubuski_logo1.jpg\",\"width\":512,\"height\":512,\"caption\":\"Radio Ljubu\u0161ki\"},\"image\":{\"@id\":\"https:\\\/\\\/radioljubuski.ba\\\/#\\\/schema\\\/logo\\\/image\\\/\"},\"sameAs\":[\"https:\\\/\\\/www.facebook.com\\\/Radiio-Ljubuski-1490835324566332\",\"https:\\\/\\\/x.com\\\/radioljubuski\",\"https:\\\/\\\/hr.linkedin.com\\\/company\\\/radio-ljubuski\",\"https:\\\/\\\/www.youtube.com\\\/channel\\\/UCHYaeO_n0Db3tjNGudGpXyw\"]},{\"@type\":\"Person\",\"@id\":\"https:\\\/\\\/radioljubuski.ba\\\/#\\\/schema\\\/person\\\/19fc700381a780f69665d7956c469e3b\",\"name\":\"Radio Ljubu\u0161ki\"}]}<\/script>\n<!-- \/ Yoast SEO plugin. -->","yoast_head_json":{"title":"I ove godine bogat program proslave Sv. Stjepana na Hardomilju: Steve Bubalo dolazi na otvaranje obnovljenoga Doma, predstava na uo\u010dnicu i Susret Hardomilj\u010dana na svetkovinu - RADIO LJUBU\u0160KI","robots":{"index":"index","follow":"follow","max-snippet":"max-snippet:-1","max-image-preview":"max-image-preview:large","max-video-preview":"max-video-preview:-1"},"canonical":"https:\/\/radioljubuski.ba\/index.php\/2022\/07\/28\/i-ove-godine-bogat-program-proslave-sv-stjepana-na-hardomilju-steve-bubalo-dolazi-na-otvaranje-obnovljenoga-doma-predstava-na-uocnicu-i-susret-hardomiljcana-na-svetkovinu\/","og_locale":"hr_HR","og_type":"article","og_title":"I ove godine bogat program proslave Sv. Stjepana na Hardomilju: Steve Bubalo dolazi na otvaranje obnovljenoga Doma, predstava na uo\u010dnicu i Susret Hardomilj\u010dana na svetkovinu - RADIO LJUBU\u0160KI","og_description":"U srijedu, 3. kolovoza 2022. godine \u017eitelji sela Hardomilje proslaviti \u0107e svog nebeskog za\u0161itnika svetog Stjepana Prvomu\u010denika. Na taj dan ve\u0107 tradicionalno, uprili\u010diti \u0107e se Susret Haromilj\u010dana iz svih krajeva domovine i onih iseljenih diljem svijeta. Duhovna priprava za taj susret i sam blagdan po\u010dinje u nedjelju 31. srpnja svetom misom koju predvodi mladomisnik fra [&hellip;]","og_url":"https:\/\/radioljubuski.ba\/index.php\/2022\/07\/28\/i-ove-godine-bogat-program-proslave-sv-stjepana-na-hardomilju-steve-bubalo-dolazi-na-otvaranje-obnovljenoga-doma-predstava-na-uocnicu-i-susret-hardomiljcana-na-svetkovinu\/","og_site_name":"RADIO LJUBU\u0160KI","article_publisher":"https:\/\/www.facebook.com\/Radiio-Ljubuski-1490835324566332","article_published_time":"2022-07-28T10:32:31+00:00","article_modified_time":"2022-07-28T10:32:54+00:00","og_image":[{"width":600,"height":400,"url":"https:\/\/radioljubuski.ba\/wp-content\/uploads\/2022\/07\/stipandan.jpg","type":"image\/jpeg"}],"author":"Radio Ljubu\u0161ki","twitter_card":"summary_large_image","twitter_creator":"@radioljubuski","twitter_site":"@radioljubuski","twitter_misc":{"Napisao\/la":"Radio Ljubu\u0161ki","Procijenjeno vrijeme \u010ditanja":"4 minute"},"schema":{"@context":"https:\/\/schema.org","@graph":[{"@type":"Article","@id":"https:\/\/radioljubuski.ba\/index.php\/2022\/07\/28\/i-ove-godine-bogat-program-proslave-sv-stjepana-na-hardomilju-steve-bubalo-dolazi-na-otvaranje-obnovljenoga-doma-predstava-na-uocnicu-i-susret-hardomiljcana-na-svetkovinu\/#article","isPartOf":{"@id":"https:\/\/radioljubuski.ba\/index.php\/2022\/07\/28\/i-ove-godine-bogat-program-proslave-sv-stjepana-na-hardomilju-steve-bubalo-dolazi-na-otvaranje-obnovljenoga-doma-predstava-na-uocnicu-i-susret-hardomiljcana-na-svetkovinu\/"},"author":{"name":"Radio Ljubu\u0161ki","@id":"https:\/\/radioljubuski.ba\/#\/schema\/person\/19fc700381a780f69665d7956c469e3b"},"headline":"I ove godine bogat program proslave Sv. Stjepana na Hardomilju: Steve Bubalo dolazi na otvaranje obnovljenoga Doma, predstava na uo\u010dnicu i Susret Hardomilj\u010dana na svetkovinu","datePublished":"2022-07-28T10:32:31+00:00","dateModified":"2022-07-28T10:32:54+00:00","mainEntityOfPage":{"@id":"https:\/\/radioljubuski.ba\/index.php\/2022\/07\/28\/i-ove-godine-bogat-program-proslave-sv-stjepana-na-hardomilju-steve-bubalo-dolazi-na-otvaranje-obnovljenoga-doma-predstava-na-uocnicu-i-susret-hardomiljcana-na-svetkovinu\/"},"wordCount":881,"publisher":{"@id":"https:\/\/radioljubuski.ba\/#organization"},"image":{"@id":"https:\/\/radioljubuski.ba\/index.php\/2022\/07\/28\/i-ove-godine-bogat-program-proslave-sv-stjepana-na-hardomilju-steve-bubalo-dolazi-na-otvaranje-obnovljenoga-doma-predstava-na-uocnicu-i-susret-hardomiljcana-na-svetkovinu\/#primaryimage"},"thumbnailUrl":"https:\/\/radioljubuski.ba\/wp-content\/uploads\/2022\/07\/stipandan.jpg","articleSection":["Ljubu\u0161ki"],"inLanguage":"hr"},{"@type":"WebPage","@id":"https:\/\/radioljubuski.ba\/index.php\/2022\/07\/28\/i-ove-godine-bogat-program-proslave-sv-stjepana-na-hardomilju-steve-bubalo-dolazi-na-otvaranje-obnovljenoga-doma-predstava-na-uocnicu-i-susret-hardomiljcana-na-svetkovinu\/","url":"https:\/\/radioljubuski.ba\/index.php\/2022\/07\/28\/i-ove-godine-bogat-program-proslave-sv-stjepana-na-hardomilju-steve-bubalo-dolazi-na-otvaranje-obnovljenoga-doma-predstava-na-uocnicu-i-susret-hardomiljcana-na-svetkovinu\/","name":"I ove godine bogat program proslave Sv. Stjepana na Hardomilju: Steve Bubalo dolazi na otvaranje obnovljenoga Doma, predstava na uo\u010dnicu i Susret Hardomilj\u010dana na svetkovinu - RADIO LJUBU\u0160KI","isPartOf":{"@id":"https:\/\/radioljubuski.ba\/#website"},"primaryImageOfPage":{"@id":"https:\/\/radioljubuski.ba\/index.php\/2022\/07\/28\/i-ove-godine-bogat-program-proslave-sv-stjepana-na-hardomilju-steve-bubalo-dolazi-na-otvaranje-obnovljenoga-doma-predstava-na-uocnicu-i-susret-hardomiljcana-na-svetkovinu\/#primaryimage"},"image":{"@id":"https:\/\/radioljubuski.ba\/index.php\/2022\/07\/28\/i-ove-godine-bogat-program-proslave-sv-stjepana-na-hardomilju-steve-bubalo-dolazi-na-otvaranje-obnovljenoga-doma-predstava-na-uocnicu-i-susret-hardomiljcana-na-svetkovinu\/#primaryimage"},"thumbnailUrl":"https:\/\/radioljubuski.ba\/wp-content\/uploads\/2022\/07\/stipandan.jpg","datePublished":"2022-07-28T10:32:31+00:00","dateModified":"2022-07-28T10:32:54+00:00","breadcrumb":{"@id":"https:\/\/radioljubuski.ba\/index.php\/2022\/07\/28\/i-ove-godine-bogat-program-proslave-sv-stjepana-na-hardomilju-steve-bubalo-dolazi-na-otvaranje-obnovljenoga-doma-predstava-na-uocnicu-i-susret-hardomiljcana-na-svetkovinu\/#breadcrumb"},"inLanguage":"hr","potentialAction":[{"@type":"ReadAction","target":["https:\/\/radioljubuski.ba\/index.php\/2022\/07\/28\/i-ove-godine-bogat-program-proslave-sv-stjepana-na-hardomilju-steve-bubalo-dolazi-na-otvaranje-obnovljenoga-doma-predstava-na-uocnicu-i-susret-hardomiljcana-na-svetkovinu\/"]}]},{"@type":"ImageObject","inLanguage":"hr","@id":"https:\/\/radioljubuski.ba\/index.php\/2022\/07\/28\/i-ove-godine-bogat-program-proslave-sv-stjepana-na-hardomilju-steve-bubalo-dolazi-na-otvaranje-obnovljenoga-doma-predstava-na-uocnicu-i-susret-hardomiljcana-na-svetkovinu\/#primaryimage","url":"https:\/\/radioljubuski.ba\/wp-content\/uploads\/2022\/07\/stipandan.jpg","contentUrl":"https:\/\/radioljubuski.ba\/wp-content\/uploads\/2022\/07\/stipandan.jpg","width":600,"height":400},{"@type":"BreadcrumbList","@id":"https:\/\/radioljubuski.ba\/index.php\/2022\/07\/28\/i-ove-godine-bogat-program-proslave-sv-stjepana-na-hardomilju-steve-bubalo-dolazi-na-otvaranje-obnovljenoga-doma-predstava-na-uocnicu-i-susret-hardomiljcana-na-svetkovinu\/#breadcrumb","itemListElement":[{"@type":"ListItem","position":1,"name":"Po\u010detna stranica","item":"https:\/\/radioljubuski.ba\/"},{"@type":"ListItem","position":2,"name":"I ove godine bogat program proslave Sv. Stjepana na Hardomilju: Steve Bubalo dolazi na otvaranje obnovljenoga Doma, predstava na uo\u010dnicu i Susret Hardomilj\u010dana na svetkovinu"}]},{"@type":"WebSite","@id":"https:\/\/radioljubuski.ba\/#website","url":"https:\/\/radioljubuski.ba\/","name":"Radio Ljubu\u0161ki","description":"Sun\u010dana frekvencija Hercegovine","publisher":{"@id":"https:\/\/radioljubuski.ba\/#organization"},"potentialAction":[{"@type":"SearchAction","target":{"@type":"EntryPoint","urlTemplate":"https:\/\/radioljubuski.ba\/?s={search_term_string}"},"query-input":{"@type":"PropertyValueSpecification","valueRequired":true,"valueName":"search_term_string"}}],"inLanguage":"hr"},{"@type":"Organization","@id":"https:\/\/radioljubuski.ba\/#organization","name":"Radio Ljubu\u0161ki","url":"https:\/\/radioljubuski.ba\/","logo":{"@type":"ImageObject","inLanguage":"hr","@id":"https:\/\/radioljubuski.ba\/#\/schema\/logo\/image\/","url":"https:\/\/radioljubuski.ba\/wp-content\/uploads\/2021\/02\/cropped-Radio_Ljubuski_logo1.jpg","contentUrl":"https:\/\/radioljubuski.ba\/wp-content\/uploads\/2021\/02\/cropped-Radio_Ljubuski_logo1.jpg","width":512,"height":512,"caption":"Radio Ljubu\u0161ki"},"image":{"@id":"https:\/\/radioljubuski.ba\/#\/schema\/logo\/image\/"},"sameAs":["https:\/\/www.facebook.com\/Radiio-Ljubuski-1490835324566332","https:\/\/x.com\/radioljubuski","https:\/\/hr.linkedin.com\/company\/radio-ljubuski","https:\/\/www.youtube.com\/channel\/UCHYaeO_n0Db3tjNGudGpXyw"]},{"@type":"Person","@id":"https:\/\/radioljubuski.ba\/#\/schema\/person\/19fc700381a780f69665d7956c469e3b","name":"Radio Ljubu\u0161ki"}]}},"_links":{"self":[{"href":"https:\/\/radioljubuski.ba\/index.php\/wp-json\/wp\/v2\/posts\/164406","targetHints":{"allow":["GET"]}}],"collection":[{"href":"https:\/\/radioljubuski.ba\/index.php\/wp-json\/wp\/v2\/posts"}],"about":[{"href":"https:\/\/radioljubuski.ba\/index.php\/wp-json\/wp\/v2\/types\/post"}],"author":[{"embeddable":true,"href":"https:\/\/radioljubuski.ba\/index.php\/wp-json\/wp\/v2\/users\/2"}],"replies":[{"embeddable":true,"href":"https:\/\/radioljubuski.ba\/index.php\/wp-json\/wp\/v2\/comments?post=164406"}],"version-history":[{"count":2,"href":"https:\/\/radioljubuski.ba\/index.php\/wp-json\/wp\/v2\/posts\/164406\/revisions"}],"predecessor-version":[{"id":164409,"href":"https:\/\/radioljubuski.ba\/index.php\/wp-json\/wp\/v2\/posts\/164406\/revisions\/164409"}],"wp:featuredmedia":[{"embeddable":true,"href":"https:\/\/radioljubuski.ba\/index.php\/wp-json\/wp\/v2\/media\/164408"}],"wp:attachment":[{"href":"https:\/\/radioljubuski.ba\/index.php\/wp-json\/wp\/v2\/media?parent=164406"}],"wp:term":[{"taxonomy":"category","embeddable":true,"href":"https:\/\/radioljubuski.ba\/index.php\/wp-json\/wp\/v2\/categories?post=164406"},{"taxonomy":"post_tag","embeddable":true,"href":"https:\/\/radioljubuski.ba\/index.php\/wp-json\/wp\/v2\/tags?post=164406"}],"curies":[{"name":"wp","href":"https:\/\/api.w.org\/{rel}","templated":true}]}}