{"id":164415,"date":"2022-07-28T11:47:06","date_gmt":"2022-07-28T10:47:06","guid":{"rendered":"https:\/\/radioljubuski.ba\/?p=164415"},"modified":"2022-07-28T11:47:07","modified_gmt":"2022-07-28T10:47:07","slug":"sredisnje-izborno-povjerenstvo-zahvalilo-schmidtu-konzulitrao-se-s-nama","status":"publish","type":"post","link":"https:\/\/radioljubuski.ba\/index.php\/2022\/07\/28\/sredisnje-izborno-povjerenstvo-zahvalilo-schmidtu-konzulitrao-se-s-nama\/","title":{"rendered":"Sredi\u0161nje izborno povjerenstvo zahvalilo Schmidtu: Konzulitrao se s nama"},"content":{"rendered":"\n<p>Sredi\u0161nje izborno povjerenstvo je na dana\u0161njoj sjednici izrazilo zahvalnost visokom predstavniku Christianu Schmidtu na dono\u0161enju odluke o izmjenama i dopunama Izbornog zakona Bosne i Hercegovine.<\/p>\n\n\n\n<p>Usvojeni su zaklju\u010dci kojima se zadu\u017euju slu\u017ebe u Tajni\u0161tvu SIP-a BiH da provedu odre\u0111ene aktivnosti do stupanja na snagu Zakona o izmjenama i dopunama Izbornog zakona BiH.<\/p>\n\n\n\n<p>Predsjednik SIP-a Suad Arnautovi\u0107 rekao je da je visoki predstavnik Christian Schmidt obavio konzultacije sa Sredi\u0161njim izbornim povjerenstvo i da su rje\u0161enja itekako provediva i da SIP &nbsp;BiH ima kapacitete da ih provede.<\/p>\n\n\n\n<p>SIP BiH je imenovao direktora i zamjenike direktora Glavnog centra za brojanje za provedbu Op\u0107ih izbora. Za direktora je imenovan Goran Mi\u0161kovi\u0107, a zamjenici direktora su Ermin Kos, Adi Agi\u0107 i Bojan Simovi\u0107 .<\/p>\n\n\n\n<p>Prema informacija SIP-a. obrada prijava za glasanje iz inozemstva je pri kraju i do sada je uvjete ispunilo oko 68.000 bira\u010da.<\/p>\n\n\n\n<p>Izvor<a href=\"https:\/\/www.dnevnik.ba\/vijesti\/sredisnje-izborno-povjerenstvo-zahvalilo-schmidtu-konzulitrao-se-s-nama-2639064\">:Dnevnik.ba<\/a><\/p>\n","protected":false},"excerpt":{"rendered":"<p>Sredi\u0161nje izborno povjerenstvo je na dana\u0161njoj sjednici izrazilo zahvalnost visokom predstavniku Christianu Schmidtu na dono\u0161enju odluke o izmjenama i dopunama Izbornog zakona Bosne i Hercegovine. Usvojeni su zaklju\u010dci kojima se zadu\u017euju slu\u017ebe u Tajni\u0161tvu SIP-a BiH da provedu odre\u0111ene aktivnosti do stupanja na snagu Zakona o izmjenama i dopunama Izbornog zakona BiH. Predsjednik SIP-a Suad [&hellip;]<\/p>\n","protected":false},"author":2,"featured_media":164416,"comment_status":"closed","ping_status":"closed","sticky":false,"template":"","format":"standard","meta":{"h5ap_radio_sources":[],"footnotes":""},"categories":[1],"tags":[],"class_list":["post-164415","post","type-post","status-publish","format-standard","has-post-thumbnail","hentry","category-bihiregija"],"yoast_head":"<!-- This site is optimized with the Yoast SEO plugin v27.5 - https:\/\/yoast.com\/product\/yoast-seo-wordpress\/ -->\n<title>Sredi\u0161nje izborno povjerenstvo zahvalilo Schmidtu: Konzulitrao se s nama - RADIO LJUBU\u0160KI<\/title>\n<meta name=\"robots\" content=\"index, follow, max-snippet:-1, max-image-preview:large, max-video-preview:-1\" \/>\n<link rel=\"canonical\" href=\"https:\/\/radioljubuski.ba\/index.php\/2022\/07\/28\/sredisnje-izborno-povjerenstvo-zahvalilo-schmidtu-konzulitrao-se-s-nama\/\" \/>\n<meta property=\"og:locale\" content=\"hr_HR\" \/>\n<meta property=\"og:type\" content=\"article\" \/>\n<meta property=\"og:title\" content=\"Sredi\u0161nje izborno povjerenstvo zahvalilo Schmidtu: Konzulitrao se s nama - RADIO LJUBU\u0160KI\" \/>\n<meta property=\"og:description\" content=\"Sredi\u0161nje izborno povjerenstvo je na dana\u0161njoj sjednici izrazilo zahvalnost visokom predstavniku Christianu Schmidtu na dono\u0161enju odluke o izmjenama i dopunama Izbornog zakona Bosne i Hercegovine. Usvojeni su zaklju\u010dci kojima se zadu\u017euju slu\u017ebe u Tajni\u0161tvu SIP-a BiH da provedu odre\u0111ene aktivnosti do stupanja na snagu Zakona o izmjenama i dopunama Izbornog zakona BiH. Predsjednik SIP-a Suad [&hellip;]\" \/>\n<meta property=\"og:url\" content=\"https:\/\/radioljubuski.ba\/index.php\/2022\/07\/28\/sredisnje-izborno-povjerenstvo-zahvalilo-schmidtu-konzulitrao-se-s-nama\/\" \/>\n<meta property=\"og:site_name\" content=\"RADIO LJUBU\u0160KI\" \/>\n<meta property=\"article:publisher\" content=\"https:\/\/www.facebook.com\/Radiio-Ljubuski-1490835324566332\" \/>\n<meta property=\"article:published_time\" content=\"2022-07-28T10:47:06+00:00\" \/>\n<meta property=\"article:modified_time\" content=\"2022-07-28T10:47:07+00:00\" \/>\n<meta property=\"og:image\" content=\"https:\/\/radioljubuski.ba\/wp-content\/uploads\/2022\/07\/o_116181_1024.png\" \/>\n\t<meta property=\"og:image:width\" content=\"1024\" \/>\n\t<meta property=\"og:image:height\" content=\"681\" \/>\n\t<meta property=\"og:image:type\" content=\"image\/png\" \/>\n<meta name=\"author\" content=\"Radio Ljubu\u0161ki\" \/>\n<meta name=\"twitter:card\" content=\"summary_large_image\" \/>\n<meta name=\"twitter:creator\" content=\"@radioljubuski\" \/>\n<meta name=\"twitter:site\" content=\"@radioljubuski\" \/>\n<meta name=\"twitter:label1\" content=\"Napisao\/la\" \/>\n\t<meta name=\"twitter:data1\" content=\"Radio Ljubu\u0161ki\" \/>\n\t<meta name=\"twitter:label2\" content=\"Procijenjeno vrijeme \u010ditanja\" \/>\n\t<meta name=\"twitter:data2\" content=\"1 minuta\" \/>\n<script type=\"application\/ld+json\" class=\"yoast-schema-graph\">{\"@context\":\"https:\\\/\\\/schema.org\",\"@graph\":[{\"@type\":\"Article\",\"@id\":\"https:\\\/\\\/radioljubuski.ba\\\/index.php\\\/2022\\\/07\\\/28\\\/sredisnje-izborno-povjerenstvo-zahvalilo-schmidtu-konzulitrao-se-s-nama\\\/#article\",\"isPartOf\":{\"@id\":\"https:\\\/\\\/radioljubuski.ba\\\/index.php\\\/2022\\\/07\\\/28\\\/sredisnje-izborno-povjerenstvo-zahvalilo-schmidtu-konzulitrao-se-s-nama\\\/\"},\"author\":{\"name\":\"Radio Ljubu\u0161ki\",\"@id\":\"https:\\\/\\\/radioljubuski.ba\\\/#\\\/schema\\\/person\\\/19fc700381a780f69665d7956c469e3b\"},\"headline\":\"Sredi\u0161nje izborno povjerenstvo zahvalilo Schmidtu: Konzulitrao se s nama\",\"datePublished\":\"2022-07-28T10:47:06+00:00\",\"dateModified\":\"2022-07-28T10:47:07+00:00\",\"mainEntityOfPage\":{\"@id\":\"https:\\\/\\\/radioljubuski.ba\\\/index.php\\\/2022\\\/07\\\/28\\\/sredisnje-izborno-povjerenstvo-zahvalilo-schmidtu-konzulitrao-se-s-nama\\\/\"},\"wordCount\":165,\"publisher\":{\"@id\":\"https:\\\/\\\/radioljubuski.ba\\\/#organization\"},\"image\":{\"@id\":\"https:\\\/\\\/radioljubuski.ba\\\/index.php\\\/2022\\\/07\\\/28\\\/sredisnje-izborno-povjerenstvo-zahvalilo-schmidtu-konzulitrao-se-s-nama\\\/#primaryimage\"},\"thumbnailUrl\":\"https:\\\/\\\/radioljubuski.ba\\\/wp-content\\\/uploads\\\/2022\\\/07\\\/o_116181_1024.png\",\"articleSection\":[\"BIH i regija\"],\"inLanguage\":\"hr\"},{\"@type\":\"WebPage\",\"@id\":\"https:\\\/\\\/radioljubuski.ba\\\/index.php\\\/2022\\\/07\\\/28\\\/sredisnje-izborno-povjerenstvo-zahvalilo-schmidtu-konzulitrao-se-s-nama\\\/\",\"url\":\"https:\\\/\\\/radioljubuski.ba\\\/index.php\\\/2022\\\/07\\\/28\\\/sredisnje-izborno-povjerenstvo-zahvalilo-schmidtu-konzulitrao-se-s-nama\\\/\",\"name\":\"Sredi\u0161nje izborno povjerenstvo zahvalilo Schmidtu: Konzulitrao se s nama - RADIO LJUBU\u0160KI\",\"isPartOf\":{\"@id\":\"https:\\\/\\\/radioljubuski.ba\\\/#website\"},\"primaryImageOfPage\":{\"@id\":\"https:\\\/\\\/radioljubuski.ba\\\/index.php\\\/2022\\\/07\\\/28\\\/sredisnje-izborno-povjerenstvo-zahvalilo-schmidtu-konzulitrao-se-s-nama\\\/#primaryimage\"},\"image\":{\"@id\":\"https:\\\/\\\/radioljubuski.ba\\\/index.php\\\/2022\\\/07\\\/28\\\/sredisnje-izborno-povjerenstvo-zahvalilo-schmidtu-konzulitrao-se-s-nama\\\/#primaryimage\"},\"thumbnailUrl\":\"https:\\\/\\\/radioljubuski.ba\\\/wp-content\\\/uploads\\\/2022\\\/07\\\/o_116181_1024.png\",\"datePublished\":\"2022-07-28T10:47:06+00:00\",\"dateModified\":\"2022-07-28T10:47:07+00:00\",\"breadcrumb\":{\"@id\":\"https:\\\/\\\/radioljubuski.ba\\\/index.php\\\/2022\\\/07\\\/28\\\/sredisnje-izborno-povjerenstvo-zahvalilo-schmidtu-konzulitrao-se-s-nama\\\/#breadcrumb\"},\"inLanguage\":\"hr\",\"potentialAction\":[{\"@type\":\"ReadAction\",\"target\":[\"https:\\\/\\\/radioljubuski.ba\\\/index.php\\\/2022\\\/07\\\/28\\\/sredisnje-izborno-povjerenstvo-zahvalilo-schmidtu-konzulitrao-se-s-nama\\\/\"]}]},{\"@type\":\"ImageObject\",\"inLanguage\":\"hr\",\"@id\":\"https:\\\/\\\/radioljubuski.ba\\\/index.php\\\/2022\\\/07\\\/28\\\/sredisnje-izborno-povjerenstvo-zahvalilo-schmidtu-konzulitrao-se-s-nama\\\/#primaryimage\",\"url\":\"https:\\\/\\\/radioljubuski.ba\\\/wp-content\\\/uploads\\\/2022\\\/07\\\/o_116181_1024.png\",\"contentUrl\":\"https:\\\/\\\/radioljubuski.ba\\\/wp-content\\\/uploads\\\/2022\\\/07\\\/o_116181_1024.png\",\"width\":1024,\"height\":681},{\"@type\":\"BreadcrumbList\",\"@id\":\"https:\\\/\\\/radioljubuski.ba\\\/index.php\\\/2022\\\/07\\\/28\\\/sredisnje-izborno-povjerenstvo-zahvalilo-schmidtu-konzulitrao-se-s-nama\\\/#breadcrumb\",\"itemListElement\":[{\"@type\":\"ListItem\",\"position\":1,\"name\":\"Po\u010detna stranica\",\"item\":\"https:\\\/\\\/radioljubuski.ba\\\/\"},{\"@type\":\"ListItem\",\"position\":2,\"name\":\"Sredi\u0161nje izborno povjerenstvo zahvalilo Schmidtu: Konzulitrao se s nama\"}]},{\"@type\":\"WebSite\",\"@id\":\"https:\\\/\\\/radioljubuski.ba\\\/#website\",\"url\":\"https:\\\/\\\/radioljubuski.ba\\\/\",\"name\":\"Radio Ljubu\u0161ki\",\"description\":\"Sun\u010dana frekvencija Hercegovine\",\"publisher\":{\"@id\":\"https:\\\/\\\/radioljubuski.ba\\\/#organization\"},\"potentialAction\":[{\"@type\":\"SearchAction\",\"target\":{\"@type\":\"EntryPoint\",\"urlTemplate\":\"https:\\\/\\\/radioljubuski.ba\\\/?s={search_term_string}\"},\"query-input\":{\"@type\":\"PropertyValueSpecification\",\"valueRequired\":true,\"valueName\":\"search_term_string\"}}],\"inLanguage\":\"hr\"},{\"@type\":\"Organization\",\"@id\":\"https:\\\/\\\/radioljubuski.ba\\\/#organization\",\"name\":\"Radio Ljubu\u0161ki\",\"url\":\"https:\\\/\\\/radioljubuski.ba\\\/\",\"logo\":{\"@type\":\"ImageObject\",\"inLanguage\":\"hr\",\"@id\":\"https:\\\/\\\/radioljubuski.ba\\\/#\\\/schema\\\/logo\\\/image\\\/\",\"url\":\"https:\\\/\\\/radioljubuski.ba\\\/wp-content\\\/uploads\\\/2021\\\/02\\\/cropped-Radio_Ljubuski_logo1.jpg\",\"contentUrl\":\"https:\\\/\\\/radioljubuski.ba\\\/wp-content\\\/uploads\\\/2021\\\/02\\\/cropped-Radio_Ljubuski_logo1.jpg\",\"width\":512,\"height\":512,\"caption\":\"Radio Ljubu\u0161ki\"},\"image\":{\"@id\":\"https:\\\/\\\/radioljubuski.ba\\\/#\\\/schema\\\/logo\\\/image\\\/\"},\"sameAs\":[\"https:\\\/\\\/www.facebook.com\\\/Radiio-Ljubuski-1490835324566332\",\"https:\\\/\\\/x.com\\\/radioljubuski\",\"https:\\\/\\\/hr.linkedin.com\\\/company\\\/radio-ljubuski\",\"https:\\\/\\\/www.youtube.com\\\/channel\\\/UCHYaeO_n0Db3tjNGudGpXyw\"]},{\"@type\":\"Person\",\"@id\":\"https:\\\/\\\/radioljubuski.ba\\\/#\\\/schema\\\/person\\\/19fc700381a780f69665d7956c469e3b\",\"name\":\"Radio Ljubu\u0161ki\"}]}<\/script>\n<!-- \/ Yoast SEO plugin. -->","yoast_head_json":{"title":"Sredi\u0161nje izborno povjerenstvo zahvalilo Schmidtu: Konzulitrao se s nama - RADIO LJUBU\u0160KI","robots":{"index":"index","follow":"follow","max-snippet":"max-snippet:-1","max-image-preview":"max-image-preview:large","max-video-preview":"max-video-preview:-1"},"canonical":"https:\/\/radioljubuski.ba\/index.php\/2022\/07\/28\/sredisnje-izborno-povjerenstvo-zahvalilo-schmidtu-konzulitrao-se-s-nama\/","og_locale":"hr_HR","og_type":"article","og_title":"Sredi\u0161nje izborno povjerenstvo zahvalilo Schmidtu: Konzulitrao se s nama - RADIO LJUBU\u0160KI","og_description":"Sredi\u0161nje izborno povjerenstvo je na dana\u0161njoj sjednici izrazilo zahvalnost visokom predstavniku Christianu Schmidtu na dono\u0161enju odluke o izmjenama i dopunama Izbornog zakona Bosne i Hercegovine. Usvojeni su zaklju\u010dci kojima se zadu\u017euju slu\u017ebe u Tajni\u0161tvu SIP-a BiH da provedu odre\u0111ene aktivnosti do stupanja na snagu Zakona o izmjenama i dopunama Izbornog zakona BiH. Predsjednik SIP-a Suad [&hellip;]","og_url":"https:\/\/radioljubuski.ba\/index.php\/2022\/07\/28\/sredisnje-izborno-povjerenstvo-zahvalilo-schmidtu-konzulitrao-se-s-nama\/","og_site_name":"RADIO LJUBU\u0160KI","article_publisher":"https:\/\/www.facebook.com\/Radiio-Ljubuski-1490835324566332","article_published_time":"2022-07-28T10:47:06+00:00","article_modified_time":"2022-07-28T10:47:07+00:00","og_image":[{"width":1024,"height":681,"url":"https:\/\/radioljubuski.ba\/wp-content\/uploads\/2022\/07\/o_116181_1024.png","type":"image\/png"}],"author":"Radio Ljubu\u0161ki","twitter_card":"summary_large_image","twitter_creator":"@radioljubuski","twitter_site":"@radioljubuski","twitter_misc":{"Napisao\/la":"Radio Ljubu\u0161ki","Procijenjeno vrijeme \u010ditanja":"1 minuta"},"schema":{"@context":"https:\/\/schema.org","@graph":[{"@type":"Article","@id":"https:\/\/radioljubuski.ba\/index.php\/2022\/07\/28\/sredisnje-izborno-povjerenstvo-zahvalilo-schmidtu-konzulitrao-se-s-nama\/#article","isPartOf":{"@id":"https:\/\/radioljubuski.ba\/index.php\/2022\/07\/28\/sredisnje-izborno-povjerenstvo-zahvalilo-schmidtu-konzulitrao-se-s-nama\/"},"author":{"name":"Radio Ljubu\u0161ki","@id":"https:\/\/radioljubuski.ba\/#\/schema\/person\/19fc700381a780f69665d7956c469e3b"},"headline":"Sredi\u0161nje izborno povjerenstvo zahvalilo Schmidtu: Konzulitrao se s nama","datePublished":"2022-07-28T10:47:06+00:00","dateModified":"2022-07-28T10:47:07+00:00","mainEntityOfPage":{"@id":"https:\/\/radioljubuski.ba\/index.php\/2022\/07\/28\/sredisnje-izborno-povjerenstvo-zahvalilo-schmidtu-konzulitrao-se-s-nama\/"},"wordCount":165,"publisher":{"@id":"https:\/\/radioljubuski.ba\/#organization"},"image":{"@id":"https:\/\/radioljubuski.ba\/index.php\/2022\/07\/28\/sredisnje-izborno-povjerenstvo-zahvalilo-schmidtu-konzulitrao-se-s-nama\/#primaryimage"},"thumbnailUrl":"https:\/\/radioljubuski.ba\/wp-content\/uploads\/2022\/07\/o_116181_1024.png","articleSection":["BIH i regija"],"inLanguage":"hr"},{"@type":"WebPage","@id":"https:\/\/radioljubuski.ba\/index.php\/2022\/07\/28\/sredisnje-izborno-povjerenstvo-zahvalilo-schmidtu-konzulitrao-se-s-nama\/","url":"https:\/\/radioljubuski.ba\/index.php\/2022\/07\/28\/sredisnje-izborno-povjerenstvo-zahvalilo-schmidtu-konzulitrao-se-s-nama\/","name":"Sredi\u0161nje izborno povjerenstvo zahvalilo Schmidtu: Konzulitrao se s nama - RADIO LJUBU\u0160KI","isPartOf":{"@id":"https:\/\/radioljubuski.ba\/#website"},"primaryImageOfPage":{"@id":"https:\/\/radioljubuski.ba\/index.php\/2022\/07\/28\/sredisnje-izborno-povjerenstvo-zahvalilo-schmidtu-konzulitrao-se-s-nama\/#primaryimage"},"image":{"@id":"https:\/\/radioljubuski.ba\/index.php\/2022\/07\/28\/sredisnje-izborno-povjerenstvo-zahvalilo-schmidtu-konzulitrao-se-s-nama\/#primaryimage"},"thumbnailUrl":"https:\/\/radioljubuski.ba\/wp-content\/uploads\/2022\/07\/o_116181_1024.png","datePublished":"2022-07-28T10:47:06+00:00","dateModified":"2022-07-28T10:47:07+00:00","breadcrumb":{"@id":"https:\/\/radioljubuski.ba\/index.php\/2022\/07\/28\/sredisnje-izborno-povjerenstvo-zahvalilo-schmidtu-konzulitrao-se-s-nama\/#breadcrumb"},"inLanguage":"hr","potentialAction":[{"@type":"ReadAction","target":["https:\/\/radioljubuski.ba\/index.php\/2022\/07\/28\/sredisnje-izborno-povjerenstvo-zahvalilo-schmidtu-konzulitrao-se-s-nama\/"]}]},{"@type":"ImageObject","inLanguage":"hr","@id":"https:\/\/radioljubuski.ba\/index.php\/2022\/07\/28\/sredisnje-izborno-povjerenstvo-zahvalilo-schmidtu-konzulitrao-se-s-nama\/#primaryimage","url":"https:\/\/radioljubuski.ba\/wp-content\/uploads\/2022\/07\/o_116181_1024.png","contentUrl":"https:\/\/radioljubuski.ba\/wp-content\/uploads\/2022\/07\/o_116181_1024.png","width":1024,"height":681},{"@type":"BreadcrumbList","@id":"https:\/\/radioljubuski.ba\/index.php\/2022\/07\/28\/sredisnje-izborno-povjerenstvo-zahvalilo-schmidtu-konzulitrao-se-s-nama\/#breadcrumb","itemListElement":[{"@type":"ListItem","position":1,"name":"Po\u010detna stranica","item":"https:\/\/radioljubuski.ba\/"},{"@type":"ListItem","position":2,"name":"Sredi\u0161nje izborno povjerenstvo zahvalilo Schmidtu: Konzulitrao se s nama"}]},{"@type":"WebSite","@id":"https:\/\/radioljubuski.ba\/#website","url":"https:\/\/radioljubuski.ba\/","name":"Radio Ljubu\u0161ki","description":"Sun\u010dana frekvencija Hercegovine","publisher":{"@id":"https:\/\/radioljubuski.ba\/#organization"},"potentialAction":[{"@type":"SearchAction","target":{"@type":"EntryPoint","urlTemplate":"https:\/\/radioljubuski.ba\/?s={search_term_string}"},"query-input":{"@type":"PropertyValueSpecification","valueRequired":true,"valueName":"search_term_string"}}],"inLanguage":"hr"},{"@type":"Organization","@id":"https:\/\/radioljubuski.ba\/#organization","name":"Radio Ljubu\u0161ki","url":"https:\/\/radioljubuski.ba\/","logo":{"@type":"ImageObject","inLanguage":"hr","@id":"https:\/\/radioljubuski.ba\/#\/schema\/logo\/image\/","url":"https:\/\/radioljubuski.ba\/wp-content\/uploads\/2021\/02\/cropped-Radio_Ljubuski_logo1.jpg","contentUrl":"https:\/\/radioljubuski.ba\/wp-content\/uploads\/2021\/02\/cropped-Radio_Ljubuski_logo1.jpg","width":512,"height":512,"caption":"Radio Ljubu\u0161ki"},"image":{"@id":"https:\/\/radioljubuski.ba\/#\/schema\/logo\/image\/"},"sameAs":["https:\/\/www.facebook.com\/Radiio-Ljubuski-1490835324566332","https:\/\/x.com\/radioljubuski","https:\/\/hr.linkedin.com\/company\/radio-ljubuski","https:\/\/www.youtube.com\/channel\/UCHYaeO_n0Db3tjNGudGpXyw"]},{"@type":"Person","@id":"https:\/\/radioljubuski.ba\/#\/schema\/person\/19fc700381a780f69665d7956c469e3b","name":"Radio Ljubu\u0161ki"}]}},"_links":{"self":[{"href":"https:\/\/radioljubuski.ba\/index.php\/wp-json\/wp\/v2\/posts\/164415","targetHints":{"allow":["GET"]}}],"collection":[{"href":"https:\/\/radioljubuski.ba\/index.php\/wp-json\/wp\/v2\/posts"}],"about":[{"href":"https:\/\/radioljubuski.ba\/index.php\/wp-json\/wp\/v2\/types\/post"}],"author":[{"embeddable":true,"href":"https:\/\/radioljubuski.ba\/index.php\/wp-json\/wp\/v2\/users\/2"}],"replies":[{"embeddable":true,"href":"https:\/\/radioljubuski.ba\/index.php\/wp-json\/wp\/v2\/comments?post=164415"}],"version-history":[{"count":1,"href":"https:\/\/radioljubuski.ba\/index.php\/wp-json\/wp\/v2\/posts\/164415\/revisions"}],"predecessor-version":[{"id":164417,"href":"https:\/\/radioljubuski.ba\/index.php\/wp-json\/wp\/v2\/posts\/164415\/revisions\/164417"}],"wp:featuredmedia":[{"embeddable":true,"href":"https:\/\/radioljubuski.ba\/index.php\/wp-json\/wp\/v2\/media\/164416"}],"wp:attachment":[{"href":"https:\/\/radioljubuski.ba\/index.php\/wp-json\/wp\/v2\/media?parent=164415"}],"wp:term":[{"taxonomy":"category","embeddable":true,"href":"https:\/\/radioljubuski.ba\/index.php\/wp-json\/wp\/v2\/categories?post=164415"},{"taxonomy":"post_tag","embeddable":true,"href":"https:\/\/radioljubuski.ba\/index.php\/wp-json\/wp\/v2\/tags?post=164415"}],"curies":[{"name":"wp","href":"https:\/\/api.w.org\/{rel}","templated":true}]}}