{"id":164418,"date":"2022-07-28T11:56:37","date_gmt":"2022-07-28T10:56:37","guid":{"rendered":"https:\/\/radioljubuski.ba\/?p=164418"},"modified":"2022-07-28T11:56:38","modified_gmt":"2022-07-28T10:56:38","slug":"veceras-koncert-petra-grase","status":"publish","type":"post","link":"https:\/\/radioljubuski.ba\/index.php\/2022\/07\/28\/veceras-koncert-petra-grase\/","title":{"rendered":"Ve\u010deras koncert Petra Gra\u0161e"},"content":{"rendered":"\n<h5 class=\"wp-block-heading\">Petar Gra\u0161o \u0107e nakon odgode zbog ki\u0161e, odr\u017eati koncert u srijedu u amfiteatru Herceg Etno selu.<\/h5>\n\n\n\n<p>Koncer\u00a0po\u010dinje u 21 sat, a prema vremenskim prognozama \u2013 publiku o\u010dekuje ugodna ve\u010der\u00a0<strong>bez<\/strong> <strong>ki<\/strong>\u0161<strong>e<\/strong>.<\/p>\n\n\n\n<p>Gra\u0161o je na glazbenoj sceni ve\u0107 dugi niz godina i zasigurno pripada kategoriji top pjeva\u010da u Hrvatskoj \u0161to pokazuju brojne glazbene nagrade te\u00a0rasprodani koncerti\u00a0u svim gradovima Hrvatske, ali i u cijeloj regiji. Oni samo potvr\u0111uju status\u00a0najtra\u017eenijeg izvo\u0111a\u010da\u00a0koji dolazi na najljep\u0161u ljetnu pozornicu u Hercegovini, amfiteatar Herceg Etno sela.<\/p>\n\n\n\n<p>Zanimljivo je naglasit da su Petrovi koncerti ove godine vrlo tra\u017eeni i\u00a0nevi\u0111enom brzinom rasprodani. Tako je npr. nedavni koncert u \u0160ibeniku, na Tvr\u0111avi sv. Mihovil rasprodan za svega 45 minuta od trenutka po\u010detka prodaje ulaznica.<\/p>\n\n\n\n<p>Partneri koncerta su: Elektroprivreda HZHB, Lampica, D\u017eaji\u0107 commerce i voda Leda.<\/p>\n\n\n\n<p>Ne propustite\u00a0najbolju zabavu u Hercegovini, jer svi putevi ve\u010deras vode na koncert Petra Gra\u0161e u Herceg Etno selo.<\/p>\n\n\n\n<div class=\"wp-block-image\"><figure class=\"aligncenter\"><img decoding=\"async\" src=\"https:\/\/www.jabuka.tv\/wp-content\/uploads\/2022\/07\/plakatgraso.jpg\" alt=\"\" class=\"wp-image-560900\"\/><\/figure><\/div>\n\n\n\n<p>Izvor: <a href=\"https:\/\/www.jabuka.tv\/veceras-koncert-petra-grase\/\">Jabuka.tv<\/a><\/p>\n","protected":false},"excerpt":{"rendered":"<p>Petar Gra\u0161o \u0107e nakon odgode zbog ki\u0161e, odr\u017eati koncert u srijedu u amfiteatru Herceg Etno selu. Koncer\u00a0po\u010dinje u 21 sat, a prema vremenskim prognozama \u2013 publiku o\u010dekuje ugodna ve\u010der\u00a0bez ki\u0161e. Gra\u0161o je na glazbenoj sceni ve\u0107 dugi niz godina i zasigurno pripada kategoriji top pjeva\u010da u Hrvatskoj \u0161to pokazuju brojne glazbene nagrade te\u00a0rasprodani koncerti\u00a0u svim [&hellip;]<\/p>\n","protected":false},"author":2,"featured_media":164419,"comment_status":"closed","ping_status":"closed","sticky":false,"template":"","format":"standard","meta":{"h5ap_radio_sources":[],"footnotes":""},"categories":[1],"tags":[],"class_list":["post-164418","post","type-post","status-publish","format-standard","has-post-thumbnail","hentry","category-bihiregija"],"yoast_head":"<!-- This site is optimized with the Yoast SEO plugin v27.5 - https:\/\/yoast.com\/product\/yoast-seo-wordpress\/ -->\n<title>Ve\u010deras koncert Petra Gra\u0161e - RADIO LJUBU\u0160KI<\/title>\n<meta name=\"robots\" content=\"index, follow, max-snippet:-1, max-image-preview:large, max-video-preview:-1\" \/>\n<link rel=\"canonical\" href=\"https:\/\/radioljubuski.ba\/index.php\/2022\/07\/28\/veceras-koncert-petra-grase\/\" \/>\n<meta property=\"og:locale\" content=\"hr_HR\" \/>\n<meta property=\"og:type\" content=\"article\" \/>\n<meta property=\"og:title\" content=\"Ve\u010deras koncert Petra Gra\u0161e - RADIO LJUBU\u0160KI\" \/>\n<meta property=\"og:description\" content=\"Petar Gra\u0161o \u0107e nakon odgode zbog ki\u0161e, odr\u017eati koncert u srijedu u amfiteatru Herceg Etno selu. Koncer\u00a0po\u010dinje u 21 sat, a prema vremenskim prognozama \u2013 publiku o\u010dekuje ugodna ve\u010der\u00a0bez ki\u0161e. Gra\u0161o je na glazbenoj sceni ve\u0107 dugi niz godina i zasigurno pripada kategoriji top pjeva\u010da u Hrvatskoj \u0161to pokazuju brojne glazbene nagrade te\u00a0rasprodani koncerti\u00a0u svim [&hellip;]\" \/>\n<meta property=\"og:url\" content=\"https:\/\/radioljubuski.ba\/index.php\/2022\/07\/28\/veceras-koncert-petra-grase\/\" \/>\n<meta property=\"og:site_name\" content=\"RADIO LJUBU\u0160KI\" \/>\n<meta property=\"article:publisher\" content=\"https:\/\/www.facebook.com\/Radiio-Ljubuski-1490835324566332\" \/>\n<meta property=\"article:published_time\" content=\"2022-07-28T10:56:37+00:00\" \/>\n<meta property=\"article:modified_time\" content=\"2022-07-28T10:56:38+00:00\" \/>\n<meta property=\"og:image\" content=\"https:\/\/radioljubuski.ba\/wp-content\/uploads\/2022\/07\/petar-graso-koncert-sb-27-12-2019-44-810x541-1.jpg\" \/>\n\t<meta property=\"og:image:width\" content=\"810\" \/>\n\t<meta property=\"og:image:height\" content=\"541\" \/>\n\t<meta property=\"og:image:type\" content=\"image\/jpeg\" \/>\n<meta name=\"author\" content=\"Radio Ljubu\u0161ki\" \/>\n<meta name=\"twitter:card\" content=\"summary_large_image\" \/>\n<meta name=\"twitter:creator\" content=\"@radioljubuski\" \/>\n<meta name=\"twitter:site\" content=\"@radioljubuski\" \/>\n<meta name=\"twitter:label1\" content=\"Napisao\/la\" \/>\n\t<meta name=\"twitter:data1\" content=\"Radio Ljubu\u0161ki\" \/>\n\t<meta name=\"twitter:label2\" content=\"Procijenjeno vrijeme \u010ditanja\" \/>\n\t<meta name=\"twitter:data2\" content=\"1 minuta\" \/>\n<script type=\"application\/ld+json\" class=\"yoast-schema-graph\">{\"@context\":\"https:\\\/\\\/schema.org\",\"@graph\":[{\"@type\":\"Article\",\"@id\":\"https:\\\/\\\/radioljubuski.ba\\\/index.php\\\/2022\\\/07\\\/28\\\/veceras-koncert-petra-grase\\\/#article\",\"isPartOf\":{\"@id\":\"https:\\\/\\\/radioljubuski.ba\\\/index.php\\\/2022\\\/07\\\/28\\\/veceras-koncert-petra-grase\\\/\"},\"author\":{\"name\":\"Radio Ljubu\u0161ki\",\"@id\":\"https:\\\/\\\/radioljubuski.ba\\\/#\\\/schema\\\/person\\\/19fc700381a780f69665d7956c469e3b\"},\"headline\":\"Ve\u010deras koncert Petra Gra\u0161e\",\"datePublished\":\"2022-07-28T10:56:37+00:00\",\"dateModified\":\"2022-07-28T10:56:38+00:00\",\"mainEntityOfPage\":{\"@id\":\"https:\\\/\\\/radioljubuski.ba\\\/index.php\\\/2022\\\/07\\\/28\\\/veceras-koncert-petra-grase\\\/\"},\"wordCount\":177,\"publisher\":{\"@id\":\"https:\\\/\\\/radioljubuski.ba\\\/#organization\"},\"image\":{\"@id\":\"https:\\\/\\\/radioljubuski.ba\\\/index.php\\\/2022\\\/07\\\/28\\\/veceras-koncert-petra-grase\\\/#primaryimage\"},\"thumbnailUrl\":\"https:\\\/\\\/radioljubuski.ba\\\/wp-content\\\/uploads\\\/2022\\\/07\\\/petar-graso-koncert-sb-27-12-2019-44-810x541-1.jpg\",\"articleSection\":[\"BIH i regija\"],\"inLanguage\":\"hr\"},{\"@type\":\"WebPage\",\"@id\":\"https:\\\/\\\/radioljubuski.ba\\\/index.php\\\/2022\\\/07\\\/28\\\/veceras-koncert-petra-grase\\\/\",\"url\":\"https:\\\/\\\/radioljubuski.ba\\\/index.php\\\/2022\\\/07\\\/28\\\/veceras-koncert-petra-grase\\\/\",\"name\":\"Ve\u010deras koncert Petra Gra\u0161e - RADIO LJUBU\u0160KI\",\"isPartOf\":{\"@id\":\"https:\\\/\\\/radioljubuski.ba\\\/#website\"},\"primaryImageOfPage\":{\"@id\":\"https:\\\/\\\/radioljubuski.ba\\\/index.php\\\/2022\\\/07\\\/28\\\/veceras-koncert-petra-grase\\\/#primaryimage\"},\"image\":{\"@id\":\"https:\\\/\\\/radioljubuski.ba\\\/index.php\\\/2022\\\/07\\\/28\\\/veceras-koncert-petra-grase\\\/#primaryimage\"},\"thumbnailUrl\":\"https:\\\/\\\/radioljubuski.ba\\\/wp-content\\\/uploads\\\/2022\\\/07\\\/petar-graso-koncert-sb-27-12-2019-44-810x541-1.jpg\",\"datePublished\":\"2022-07-28T10:56:37+00:00\",\"dateModified\":\"2022-07-28T10:56:38+00:00\",\"breadcrumb\":{\"@id\":\"https:\\\/\\\/radioljubuski.ba\\\/index.php\\\/2022\\\/07\\\/28\\\/veceras-koncert-petra-grase\\\/#breadcrumb\"},\"inLanguage\":\"hr\",\"potentialAction\":[{\"@type\":\"ReadAction\",\"target\":[\"https:\\\/\\\/radioljubuski.ba\\\/index.php\\\/2022\\\/07\\\/28\\\/veceras-koncert-petra-grase\\\/\"]}]},{\"@type\":\"ImageObject\",\"inLanguage\":\"hr\",\"@id\":\"https:\\\/\\\/radioljubuski.ba\\\/index.php\\\/2022\\\/07\\\/28\\\/veceras-koncert-petra-grase\\\/#primaryimage\",\"url\":\"https:\\\/\\\/radioljubuski.ba\\\/wp-content\\\/uploads\\\/2022\\\/07\\\/petar-graso-koncert-sb-27-12-2019-44-810x541-1.jpg\",\"contentUrl\":\"https:\\\/\\\/radioljubuski.ba\\\/wp-content\\\/uploads\\\/2022\\\/07\\\/petar-graso-koncert-sb-27-12-2019-44-810x541-1.jpg\",\"width\":810,\"height\":541},{\"@type\":\"BreadcrumbList\",\"@id\":\"https:\\\/\\\/radioljubuski.ba\\\/index.php\\\/2022\\\/07\\\/28\\\/veceras-koncert-petra-grase\\\/#breadcrumb\",\"itemListElement\":[{\"@type\":\"ListItem\",\"position\":1,\"name\":\"Po\u010detna stranica\",\"item\":\"https:\\\/\\\/radioljubuski.ba\\\/\"},{\"@type\":\"ListItem\",\"position\":2,\"name\":\"Ve\u010deras koncert Petra Gra\u0161e\"}]},{\"@type\":\"WebSite\",\"@id\":\"https:\\\/\\\/radioljubuski.ba\\\/#website\",\"url\":\"https:\\\/\\\/radioljubuski.ba\\\/\",\"name\":\"Radio Ljubu\u0161ki\",\"description\":\"Sun\u010dana frekvencija Hercegovine\",\"publisher\":{\"@id\":\"https:\\\/\\\/radioljubuski.ba\\\/#organization\"},\"potentialAction\":[{\"@type\":\"SearchAction\",\"target\":{\"@type\":\"EntryPoint\",\"urlTemplate\":\"https:\\\/\\\/radioljubuski.ba\\\/?s={search_term_string}\"},\"query-input\":{\"@type\":\"PropertyValueSpecification\",\"valueRequired\":true,\"valueName\":\"search_term_string\"}}],\"inLanguage\":\"hr\"},{\"@type\":\"Organization\",\"@id\":\"https:\\\/\\\/radioljubuski.ba\\\/#organization\",\"name\":\"Radio Ljubu\u0161ki\",\"url\":\"https:\\\/\\\/radioljubuski.ba\\\/\",\"logo\":{\"@type\":\"ImageObject\",\"inLanguage\":\"hr\",\"@id\":\"https:\\\/\\\/radioljubuski.ba\\\/#\\\/schema\\\/logo\\\/image\\\/\",\"url\":\"https:\\\/\\\/radioljubuski.ba\\\/wp-content\\\/uploads\\\/2021\\\/02\\\/cropped-Radio_Ljubuski_logo1.jpg\",\"contentUrl\":\"https:\\\/\\\/radioljubuski.ba\\\/wp-content\\\/uploads\\\/2021\\\/02\\\/cropped-Radio_Ljubuski_logo1.jpg\",\"width\":512,\"height\":512,\"caption\":\"Radio Ljubu\u0161ki\"},\"image\":{\"@id\":\"https:\\\/\\\/radioljubuski.ba\\\/#\\\/schema\\\/logo\\\/image\\\/\"},\"sameAs\":[\"https:\\\/\\\/www.facebook.com\\\/Radiio-Ljubuski-1490835324566332\",\"https:\\\/\\\/x.com\\\/radioljubuski\",\"https:\\\/\\\/hr.linkedin.com\\\/company\\\/radio-ljubuski\",\"https:\\\/\\\/www.youtube.com\\\/channel\\\/UCHYaeO_n0Db3tjNGudGpXyw\"]},{\"@type\":\"Person\",\"@id\":\"https:\\\/\\\/radioljubuski.ba\\\/#\\\/schema\\\/person\\\/19fc700381a780f69665d7956c469e3b\",\"name\":\"Radio Ljubu\u0161ki\"}]}<\/script>\n<!-- \/ Yoast SEO plugin. -->","yoast_head_json":{"title":"Ve\u010deras koncert Petra Gra\u0161e - RADIO LJUBU\u0160KI","robots":{"index":"index","follow":"follow","max-snippet":"max-snippet:-1","max-image-preview":"max-image-preview:large","max-video-preview":"max-video-preview:-1"},"canonical":"https:\/\/radioljubuski.ba\/index.php\/2022\/07\/28\/veceras-koncert-petra-grase\/","og_locale":"hr_HR","og_type":"article","og_title":"Ve\u010deras koncert Petra Gra\u0161e - RADIO LJUBU\u0160KI","og_description":"Petar Gra\u0161o \u0107e nakon odgode zbog ki\u0161e, odr\u017eati koncert u srijedu u amfiteatru Herceg Etno selu. Koncer\u00a0po\u010dinje u 21 sat, a prema vremenskim prognozama \u2013 publiku o\u010dekuje ugodna ve\u010der\u00a0bez ki\u0161e. Gra\u0161o je na glazbenoj sceni ve\u0107 dugi niz godina i zasigurno pripada kategoriji top pjeva\u010da u Hrvatskoj \u0161to pokazuju brojne glazbene nagrade te\u00a0rasprodani koncerti\u00a0u svim [&hellip;]","og_url":"https:\/\/radioljubuski.ba\/index.php\/2022\/07\/28\/veceras-koncert-petra-grase\/","og_site_name":"RADIO LJUBU\u0160KI","article_publisher":"https:\/\/www.facebook.com\/Radiio-Ljubuski-1490835324566332","article_published_time":"2022-07-28T10:56:37+00:00","article_modified_time":"2022-07-28T10:56:38+00:00","og_image":[{"width":810,"height":541,"url":"https:\/\/radioljubuski.ba\/wp-content\/uploads\/2022\/07\/petar-graso-koncert-sb-27-12-2019-44-810x541-1.jpg","type":"image\/jpeg"}],"author":"Radio Ljubu\u0161ki","twitter_card":"summary_large_image","twitter_creator":"@radioljubuski","twitter_site":"@radioljubuski","twitter_misc":{"Napisao\/la":"Radio Ljubu\u0161ki","Procijenjeno vrijeme \u010ditanja":"1 minuta"},"schema":{"@context":"https:\/\/schema.org","@graph":[{"@type":"Article","@id":"https:\/\/radioljubuski.ba\/index.php\/2022\/07\/28\/veceras-koncert-petra-grase\/#article","isPartOf":{"@id":"https:\/\/radioljubuski.ba\/index.php\/2022\/07\/28\/veceras-koncert-petra-grase\/"},"author":{"name":"Radio Ljubu\u0161ki","@id":"https:\/\/radioljubuski.ba\/#\/schema\/person\/19fc700381a780f69665d7956c469e3b"},"headline":"Ve\u010deras koncert Petra Gra\u0161e","datePublished":"2022-07-28T10:56:37+00:00","dateModified":"2022-07-28T10:56:38+00:00","mainEntityOfPage":{"@id":"https:\/\/radioljubuski.ba\/index.php\/2022\/07\/28\/veceras-koncert-petra-grase\/"},"wordCount":177,"publisher":{"@id":"https:\/\/radioljubuski.ba\/#organization"},"image":{"@id":"https:\/\/radioljubuski.ba\/index.php\/2022\/07\/28\/veceras-koncert-petra-grase\/#primaryimage"},"thumbnailUrl":"https:\/\/radioljubuski.ba\/wp-content\/uploads\/2022\/07\/petar-graso-koncert-sb-27-12-2019-44-810x541-1.jpg","articleSection":["BIH i regija"],"inLanguage":"hr"},{"@type":"WebPage","@id":"https:\/\/radioljubuski.ba\/index.php\/2022\/07\/28\/veceras-koncert-petra-grase\/","url":"https:\/\/radioljubuski.ba\/index.php\/2022\/07\/28\/veceras-koncert-petra-grase\/","name":"Ve\u010deras koncert Petra Gra\u0161e - RADIO LJUBU\u0160KI","isPartOf":{"@id":"https:\/\/radioljubuski.ba\/#website"},"primaryImageOfPage":{"@id":"https:\/\/radioljubuski.ba\/index.php\/2022\/07\/28\/veceras-koncert-petra-grase\/#primaryimage"},"image":{"@id":"https:\/\/radioljubuski.ba\/index.php\/2022\/07\/28\/veceras-koncert-petra-grase\/#primaryimage"},"thumbnailUrl":"https:\/\/radioljubuski.ba\/wp-content\/uploads\/2022\/07\/petar-graso-koncert-sb-27-12-2019-44-810x541-1.jpg","datePublished":"2022-07-28T10:56:37+00:00","dateModified":"2022-07-28T10:56:38+00:00","breadcrumb":{"@id":"https:\/\/radioljubuski.ba\/index.php\/2022\/07\/28\/veceras-koncert-petra-grase\/#breadcrumb"},"inLanguage":"hr","potentialAction":[{"@type":"ReadAction","target":["https:\/\/radioljubuski.ba\/index.php\/2022\/07\/28\/veceras-koncert-petra-grase\/"]}]},{"@type":"ImageObject","inLanguage":"hr","@id":"https:\/\/radioljubuski.ba\/index.php\/2022\/07\/28\/veceras-koncert-petra-grase\/#primaryimage","url":"https:\/\/radioljubuski.ba\/wp-content\/uploads\/2022\/07\/petar-graso-koncert-sb-27-12-2019-44-810x541-1.jpg","contentUrl":"https:\/\/radioljubuski.ba\/wp-content\/uploads\/2022\/07\/petar-graso-koncert-sb-27-12-2019-44-810x541-1.jpg","width":810,"height":541},{"@type":"BreadcrumbList","@id":"https:\/\/radioljubuski.ba\/index.php\/2022\/07\/28\/veceras-koncert-petra-grase\/#breadcrumb","itemListElement":[{"@type":"ListItem","position":1,"name":"Po\u010detna stranica","item":"https:\/\/radioljubuski.ba\/"},{"@type":"ListItem","position":2,"name":"Ve\u010deras koncert Petra Gra\u0161e"}]},{"@type":"WebSite","@id":"https:\/\/radioljubuski.ba\/#website","url":"https:\/\/radioljubuski.ba\/","name":"Radio Ljubu\u0161ki","description":"Sun\u010dana frekvencija Hercegovine","publisher":{"@id":"https:\/\/radioljubuski.ba\/#organization"},"potentialAction":[{"@type":"SearchAction","target":{"@type":"EntryPoint","urlTemplate":"https:\/\/radioljubuski.ba\/?s={search_term_string}"},"query-input":{"@type":"PropertyValueSpecification","valueRequired":true,"valueName":"search_term_string"}}],"inLanguage":"hr"},{"@type":"Organization","@id":"https:\/\/radioljubuski.ba\/#organization","name":"Radio Ljubu\u0161ki","url":"https:\/\/radioljubuski.ba\/","logo":{"@type":"ImageObject","inLanguage":"hr","@id":"https:\/\/radioljubuski.ba\/#\/schema\/logo\/image\/","url":"https:\/\/radioljubuski.ba\/wp-content\/uploads\/2021\/02\/cropped-Radio_Ljubuski_logo1.jpg","contentUrl":"https:\/\/radioljubuski.ba\/wp-content\/uploads\/2021\/02\/cropped-Radio_Ljubuski_logo1.jpg","width":512,"height":512,"caption":"Radio Ljubu\u0161ki"},"image":{"@id":"https:\/\/radioljubuski.ba\/#\/schema\/logo\/image\/"},"sameAs":["https:\/\/www.facebook.com\/Radiio-Ljubuski-1490835324566332","https:\/\/x.com\/radioljubuski","https:\/\/hr.linkedin.com\/company\/radio-ljubuski","https:\/\/www.youtube.com\/channel\/UCHYaeO_n0Db3tjNGudGpXyw"]},{"@type":"Person","@id":"https:\/\/radioljubuski.ba\/#\/schema\/person\/19fc700381a780f69665d7956c469e3b","name":"Radio Ljubu\u0161ki"}]}},"_links":{"self":[{"href":"https:\/\/radioljubuski.ba\/index.php\/wp-json\/wp\/v2\/posts\/164418","targetHints":{"allow":["GET"]}}],"collection":[{"href":"https:\/\/radioljubuski.ba\/index.php\/wp-json\/wp\/v2\/posts"}],"about":[{"href":"https:\/\/radioljubuski.ba\/index.php\/wp-json\/wp\/v2\/types\/post"}],"author":[{"embeddable":true,"href":"https:\/\/radioljubuski.ba\/index.php\/wp-json\/wp\/v2\/users\/2"}],"replies":[{"embeddable":true,"href":"https:\/\/radioljubuski.ba\/index.php\/wp-json\/wp\/v2\/comments?post=164418"}],"version-history":[{"count":1,"href":"https:\/\/radioljubuski.ba\/index.php\/wp-json\/wp\/v2\/posts\/164418\/revisions"}],"predecessor-version":[{"id":164420,"href":"https:\/\/radioljubuski.ba\/index.php\/wp-json\/wp\/v2\/posts\/164418\/revisions\/164420"}],"wp:featuredmedia":[{"embeddable":true,"href":"https:\/\/radioljubuski.ba\/index.php\/wp-json\/wp\/v2\/media\/164419"}],"wp:attachment":[{"href":"https:\/\/radioljubuski.ba\/index.php\/wp-json\/wp\/v2\/media?parent=164418"}],"wp:term":[{"taxonomy":"category","embeddable":true,"href":"https:\/\/radioljubuski.ba\/index.php\/wp-json\/wp\/v2\/categories?post=164418"},{"taxonomy":"post_tag","embeddable":true,"href":"https:\/\/radioljubuski.ba\/index.php\/wp-json\/wp\/v2\/tags?post=164418"}],"curies":[{"name":"wp","href":"https:\/\/api.w.org\/{rel}","templated":true}]}}