{"id":164455,"date":"2022-07-28T13:59:12","date_gmt":"2022-07-28T12:59:12","guid":{"rendered":"https:\/\/radioljubuski.ba\/?p=164455"},"modified":"2022-07-28T13:59:13","modified_gmt":"2022-07-28T12:59:13","slug":"vettel-odlazi-objavljen-kraj-jedne-velike-karijere","status":"publish","type":"post","link":"https:\/\/radioljubuski.ba\/index.php\/2022\/07\/28\/vettel-odlazi-objavljen-kraj-jedne-velike-karijere\/","title":{"rendered":"Vettel odlazi: Objavljen kraj jedne velike karijere"},"content":{"rendered":"\n<p>Sebastian Vettel ne\u0107e vi\u0161e voziti u Formuli 1, objavljeno je u \u010detvrtak. \u010cetvorostruki prvak svijeta vozi jo\u0161 ovu sezonu za tim Aston Martin.<\/p>\n\n\n\n<p>\u010cetiri titule prvaka, 53 pobjede u trkama, 122 podijuma, jedna fenomenalna karijera. Na taj na\u010din Formula 1 je objavila da se legendarni Nijemac opra\u0161ta na kraju sezone.<\/p>\n\n\n\n<p>Aston Martin je na svom portalu napisao da se zavr\u0161ava jedna od najboljih karijera u povijesti sporta. I zaista jedina dva \u010dovjeka koja su \u010de\u0161\u0107e pobje\u0111ivala u trkama Formule 1 su Michael Schumacher i Lewis Hamilton koji imaju 91 odnosno 103 pobjede.<\/p>\n\n\n\n<p>\u201eIako na\u0161i rezultati nisu bili kakvima smo se nadali jasno mi je da je sve bilo sklopljeno \u0161to timu treba da se trka na najboljoj razini idu\u0107ih godina. Nadam se da \u0107u nastaviti sa istim radom ove godine i da \u0107u biti od pomo\u0107i u razvoju tima koji \u0107e pobje\u0111ivati u budu\u0107nosti\u201c, rekao je Sebastian Vettel.<\/p>\n\n\n\n<p>Izvor:pogled.ba<\/p>\n","protected":false},"excerpt":{"rendered":"<p>Sebastian Vettel ne\u0107e vi\u0161e voziti u Formuli 1, objavljeno je u \u010detvrtak. \u010cetvorostruki prvak svijeta vozi jo\u0161 ovu sezonu za tim Aston Martin. \u010cetiri titule prvaka, 53 pobjede u trkama, 122 podijuma, jedna fenomenalna karijera. Na taj na\u010din Formula 1 je objavila da se legendarni Nijemac opra\u0161ta na kraju sezone. Aston Martin je na svom [&hellip;]<\/p>\n","protected":false},"author":2,"featured_media":164456,"comment_status":"closed","ping_status":"closed","sticky":false,"template":"","format":"standard","meta":{"h5ap_radio_sources":[],"footnotes":""},"categories":[7],"tags":[],"class_list":["post-164455","post","type-post","status-publish","format-standard","has-post-thumbnail","hentry","category-sport"],"yoast_head":"<!-- This site is optimized with the Yoast SEO plugin v27.5 - https:\/\/yoast.com\/product\/yoast-seo-wordpress\/ -->\n<title>Vettel odlazi: Objavljen kraj jedne velike karijere - RADIO LJUBU\u0160KI<\/title>\n<meta name=\"robots\" content=\"index, follow, max-snippet:-1, max-image-preview:large, max-video-preview:-1\" \/>\n<link rel=\"canonical\" href=\"https:\/\/radioljubuski.ba\/index.php\/2022\/07\/28\/vettel-odlazi-objavljen-kraj-jedne-velike-karijere\/\" \/>\n<meta property=\"og:locale\" content=\"hr_HR\" \/>\n<meta property=\"og:type\" content=\"article\" \/>\n<meta property=\"og:title\" content=\"Vettel odlazi: Objavljen kraj jedne velike karijere - RADIO LJUBU\u0160KI\" \/>\n<meta property=\"og:description\" content=\"Sebastian Vettel ne\u0107e vi\u0161e voziti u Formuli 1, objavljeno je u \u010detvrtak. \u010cetvorostruki prvak svijeta vozi jo\u0161 ovu sezonu za tim Aston Martin. \u010cetiri titule prvaka, 53 pobjede u trkama, 122 podijuma, jedna fenomenalna karijera. Na taj na\u010din Formula 1 je objavila da se legendarni Nijemac opra\u0161ta na kraju sezone. Aston Martin je na svom [&hellip;]\" \/>\n<meta property=\"og:url\" content=\"https:\/\/radioljubuski.ba\/index.php\/2022\/07\/28\/vettel-odlazi-objavljen-kraj-jedne-velike-karijere\/\" \/>\n<meta property=\"og:site_name\" content=\"RADIO LJUBU\u0160KI\" \/>\n<meta property=\"article:publisher\" content=\"https:\/\/www.facebook.com\/Radiio-Ljubuski-1490835324566332\" \/>\n<meta property=\"article:published_time\" content=\"2022-07-28T12:59:12+00:00\" \/>\n<meta property=\"article:modified_time\" content=\"2022-07-28T12:59:13+00:00\" \/>\n<meta property=\"og:image\" content=\"https:\/\/radioljubuski.ba\/wp-content\/uploads\/2022\/07\/8-2022-05-23-19-22-49-VETTEL.jpg\" \/>\n\t<meta property=\"og:image:width\" content=\"1000\" \/>\n\t<meta property=\"og:image:height\" content=\"625\" \/>\n\t<meta property=\"og:image:type\" content=\"image\/jpeg\" \/>\n<meta name=\"author\" content=\"Radio Ljubu\u0161ki\" \/>\n<meta name=\"twitter:card\" content=\"summary_large_image\" \/>\n<meta name=\"twitter:creator\" content=\"@radioljubuski\" \/>\n<meta name=\"twitter:site\" content=\"@radioljubuski\" \/>\n<meta name=\"twitter:label1\" content=\"Napisao\/la\" \/>\n\t<meta name=\"twitter:data1\" content=\"Radio Ljubu\u0161ki\" \/>\n\t<meta name=\"twitter:label2\" content=\"Procijenjeno vrijeme \u010ditanja\" \/>\n\t<meta name=\"twitter:data2\" content=\"1 minuta\" \/>\n<script type=\"application\/ld+json\" class=\"yoast-schema-graph\">{\"@context\":\"https:\\\/\\\/schema.org\",\"@graph\":[{\"@type\":\"Article\",\"@id\":\"https:\\\/\\\/radioljubuski.ba\\\/index.php\\\/2022\\\/07\\\/28\\\/vettel-odlazi-objavljen-kraj-jedne-velike-karijere\\\/#article\",\"isPartOf\":{\"@id\":\"https:\\\/\\\/radioljubuski.ba\\\/index.php\\\/2022\\\/07\\\/28\\\/vettel-odlazi-objavljen-kraj-jedne-velike-karijere\\\/\"},\"author\":{\"name\":\"Radio Ljubu\u0161ki\",\"@id\":\"https:\\\/\\\/radioljubuski.ba\\\/#\\\/schema\\\/person\\\/19fc700381a780f69665d7956c469e3b\"},\"headline\":\"Vettel odlazi: Objavljen kraj jedne velike karijere\",\"datePublished\":\"2022-07-28T12:59:12+00:00\",\"dateModified\":\"2022-07-28T12:59:13+00:00\",\"mainEntityOfPage\":{\"@id\":\"https:\\\/\\\/radioljubuski.ba\\\/index.php\\\/2022\\\/07\\\/28\\\/vettel-odlazi-objavljen-kraj-jedne-velike-karijere\\\/\"},\"wordCount\":163,\"publisher\":{\"@id\":\"https:\\\/\\\/radioljubuski.ba\\\/#organization\"},\"image\":{\"@id\":\"https:\\\/\\\/radioljubuski.ba\\\/index.php\\\/2022\\\/07\\\/28\\\/vettel-odlazi-objavljen-kraj-jedne-velike-karijere\\\/#primaryimage\"},\"thumbnailUrl\":\"https:\\\/\\\/radioljubuski.ba\\\/wp-content\\\/uploads\\\/2022\\\/07\\\/8-2022-05-23-19-22-49-VETTEL.jpg\",\"articleSection\":[\"\u0160port\"],\"inLanguage\":\"hr\"},{\"@type\":\"WebPage\",\"@id\":\"https:\\\/\\\/radioljubuski.ba\\\/index.php\\\/2022\\\/07\\\/28\\\/vettel-odlazi-objavljen-kraj-jedne-velike-karijere\\\/\",\"url\":\"https:\\\/\\\/radioljubuski.ba\\\/index.php\\\/2022\\\/07\\\/28\\\/vettel-odlazi-objavljen-kraj-jedne-velike-karijere\\\/\",\"name\":\"Vettel odlazi: Objavljen kraj jedne velike karijere - RADIO LJUBU\u0160KI\",\"isPartOf\":{\"@id\":\"https:\\\/\\\/radioljubuski.ba\\\/#website\"},\"primaryImageOfPage\":{\"@id\":\"https:\\\/\\\/radioljubuski.ba\\\/index.php\\\/2022\\\/07\\\/28\\\/vettel-odlazi-objavljen-kraj-jedne-velike-karijere\\\/#primaryimage\"},\"image\":{\"@id\":\"https:\\\/\\\/radioljubuski.ba\\\/index.php\\\/2022\\\/07\\\/28\\\/vettel-odlazi-objavljen-kraj-jedne-velike-karijere\\\/#primaryimage\"},\"thumbnailUrl\":\"https:\\\/\\\/radioljubuski.ba\\\/wp-content\\\/uploads\\\/2022\\\/07\\\/8-2022-05-23-19-22-49-VETTEL.jpg\",\"datePublished\":\"2022-07-28T12:59:12+00:00\",\"dateModified\":\"2022-07-28T12:59:13+00:00\",\"breadcrumb\":{\"@id\":\"https:\\\/\\\/radioljubuski.ba\\\/index.php\\\/2022\\\/07\\\/28\\\/vettel-odlazi-objavljen-kraj-jedne-velike-karijere\\\/#breadcrumb\"},\"inLanguage\":\"hr\",\"potentialAction\":[{\"@type\":\"ReadAction\",\"target\":[\"https:\\\/\\\/radioljubuski.ba\\\/index.php\\\/2022\\\/07\\\/28\\\/vettel-odlazi-objavljen-kraj-jedne-velike-karijere\\\/\"]}]},{\"@type\":\"ImageObject\",\"inLanguage\":\"hr\",\"@id\":\"https:\\\/\\\/radioljubuski.ba\\\/index.php\\\/2022\\\/07\\\/28\\\/vettel-odlazi-objavljen-kraj-jedne-velike-karijere\\\/#primaryimage\",\"url\":\"https:\\\/\\\/radioljubuski.ba\\\/wp-content\\\/uploads\\\/2022\\\/07\\\/8-2022-05-23-19-22-49-VETTEL.jpg\",\"contentUrl\":\"https:\\\/\\\/radioljubuski.ba\\\/wp-content\\\/uploads\\\/2022\\\/07\\\/8-2022-05-23-19-22-49-VETTEL.jpg\",\"width\":1000,\"height\":625},{\"@type\":\"BreadcrumbList\",\"@id\":\"https:\\\/\\\/radioljubuski.ba\\\/index.php\\\/2022\\\/07\\\/28\\\/vettel-odlazi-objavljen-kraj-jedne-velike-karijere\\\/#breadcrumb\",\"itemListElement\":[{\"@type\":\"ListItem\",\"position\":1,\"name\":\"Po\u010detna stranica\",\"item\":\"https:\\\/\\\/radioljubuski.ba\\\/\"},{\"@type\":\"ListItem\",\"position\":2,\"name\":\"Vettel odlazi: Objavljen kraj jedne velike karijere\"}]},{\"@type\":\"WebSite\",\"@id\":\"https:\\\/\\\/radioljubuski.ba\\\/#website\",\"url\":\"https:\\\/\\\/radioljubuski.ba\\\/\",\"name\":\"Radio Ljubu\u0161ki\",\"description\":\"Sun\u010dana frekvencija Hercegovine\",\"publisher\":{\"@id\":\"https:\\\/\\\/radioljubuski.ba\\\/#organization\"},\"potentialAction\":[{\"@type\":\"SearchAction\",\"target\":{\"@type\":\"EntryPoint\",\"urlTemplate\":\"https:\\\/\\\/radioljubuski.ba\\\/?s={search_term_string}\"},\"query-input\":{\"@type\":\"PropertyValueSpecification\",\"valueRequired\":true,\"valueName\":\"search_term_string\"}}],\"inLanguage\":\"hr\"},{\"@type\":\"Organization\",\"@id\":\"https:\\\/\\\/radioljubuski.ba\\\/#organization\",\"name\":\"Radio Ljubu\u0161ki\",\"url\":\"https:\\\/\\\/radioljubuski.ba\\\/\",\"logo\":{\"@type\":\"ImageObject\",\"inLanguage\":\"hr\",\"@id\":\"https:\\\/\\\/radioljubuski.ba\\\/#\\\/schema\\\/logo\\\/image\\\/\",\"url\":\"https:\\\/\\\/radioljubuski.ba\\\/wp-content\\\/uploads\\\/2021\\\/02\\\/cropped-Radio_Ljubuski_logo1.jpg\",\"contentUrl\":\"https:\\\/\\\/radioljubuski.ba\\\/wp-content\\\/uploads\\\/2021\\\/02\\\/cropped-Radio_Ljubuski_logo1.jpg\",\"width\":512,\"height\":512,\"caption\":\"Radio Ljubu\u0161ki\"},\"image\":{\"@id\":\"https:\\\/\\\/radioljubuski.ba\\\/#\\\/schema\\\/logo\\\/image\\\/\"},\"sameAs\":[\"https:\\\/\\\/www.facebook.com\\\/Radiio-Ljubuski-1490835324566332\",\"https:\\\/\\\/x.com\\\/radioljubuski\",\"https:\\\/\\\/hr.linkedin.com\\\/company\\\/radio-ljubuski\",\"https:\\\/\\\/www.youtube.com\\\/channel\\\/UCHYaeO_n0Db3tjNGudGpXyw\"]},{\"@type\":\"Person\",\"@id\":\"https:\\\/\\\/radioljubuski.ba\\\/#\\\/schema\\\/person\\\/19fc700381a780f69665d7956c469e3b\",\"name\":\"Radio Ljubu\u0161ki\"}]}<\/script>\n<!-- \/ Yoast SEO plugin. -->","yoast_head_json":{"title":"Vettel odlazi: Objavljen kraj jedne velike karijere - RADIO LJUBU\u0160KI","robots":{"index":"index","follow":"follow","max-snippet":"max-snippet:-1","max-image-preview":"max-image-preview:large","max-video-preview":"max-video-preview:-1"},"canonical":"https:\/\/radioljubuski.ba\/index.php\/2022\/07\/28\/vettel-odlazi-objavljen-kraj-jedne-velike-karijere\/","og_locale":"hr_HR","og_type":"article","og_title":"Vettel odlazi: Objavljen kraj jedne velike karijere - RADIO LJUBU\u0160KI","og_description":"Sebastian Vettel ne\u0107e vi\u0161e voziti u Formuli 1, objavljeno je u \u010detvrtak. \u010cetvorostruki prvak svijeta vozi jo\u0161 ovu sezonu za tim Aston Martin. \u010cetiri titule prvaka, 53 pobjede u trkama, 122 podijuma, jedna fenomenalna karijera. Na taj na\u010din Formula 1 je objavila da se legendarni Nijemac opra\u0161ta na kraju sezone. Aston Martin je na svom [&hellip;]","og_url":"https:\/\/radioljubuski.ba\/index.php\/2022\/07\/28\/vettel-odlazi-objavljen-kraj-jedne-velike-karijere\/","og_site_name":"RADIO LJUBU\u0160KI","article_publisher":"https:\/\/www.facebook.com\/Radiio-Ljubuski-1490835324566332","article_published_time":"2022-07-28T12:59:12+00:00","article_modified_time":"2022-07-28T12:59:13+00:00","og_image":[{"width":1000,"height":625,"url":"https:\/\/radioljubuski.ba\/wp-content\/uploads\/2022\/07\/8-2022-05-23-19-22-49-VETTEL.jpg","type":"image\/jpeg"}],"author":"Radio Ljubu\u0161ki","twitter_card":"summary_large_image","twitter_creator":"@radioljubuski","twitter_site":"@radioljubuski","twitter_misc":{"Napisao\/la":"Radio Ljubu\u0161ki","Procijenjeno vrijeme \u010ditanja":"1 minuta"},"schema":{"@context":"https:\/\/schema.org","@graph":[{"@type":"Article","@id":"https:\/\/radioljubuski.ba\/index.php\/2022\/07\/28\/vettel-odlazi-objavljen-kraj-jedne-velike-karijere\/#article","isPartOf":{"@id":"https:\/\/radioljubuski.ba\/index.php\/2022\/07\/28\/vettel-odlazi-objavljen-kraj-jedne-velike-karijere\/"},"author":{"name":"Radio Ljubu\u0161ki","@id":"https:\/\/radioljubuski.ba\/#\/schema\/person\/19fc700381a780f69665d7956c469e3b"},"headline":"Vettel odlazi: Objavljen kraj jedne velike karijere","datePublished":"2022-07-28T12:59:12+00:00","dateModified":"2022-07-28T12:59:13+00:00","mainEntityOfPage":{"@id":"https:\/\/radioljubuski.ba\/index.php\/2022\/07\/28\/vettel-odlazi-objavljen-kraj-jedne-velike-karijere\/"},"wordCount":163,"publisher":{"@id":"https:\/\/radioljubuski.ba\/#organization"},"image":{"@id":"https:\/\/radioljubuski.ba\/index.php\/2022\/07\/28\/vettel-odlazi-objavljen-kraj-jedne-velike-karijere\/#primaryimage"},"thumbnailUrl":"https:\/\/radioljubuski.ba\/wp-content\/uploads\/2022\/07\/8-2022-05-23-19-22-49-VETTEL.jpg","articleSection":["\u0160port"],"inLanguage":"hr"},{"@type":"WebPage","@id":"https:\/\/radioljubuski.ba\/index.php\/2022\/07\/28\/vettel-odlazi-objavljen-kraj-jedne-velike-karijere\/","url":"https:\/\/radioljubuski.ba\/index.php\/2022\/07\/28\/vettel-odlazi-objavljen-kraj-jedne-velike-karijere\/","name":"Vettel odlazi: Objavljen kraj jedne velike karijere - RADIO LJUBU\u0160KI","isPartOf":{"@id":"https:\/\/radioljubuski.ba\/#website"},"primaryImageOfPage":{"@id":"https:\/\/radioljubuski.ba\/index.php\/2022\/07\/28\/vettel-odlazi-objavljen-kraj-jedne-velike-karijere\/#primaryimage"},"image":{"@id":"https:\/\/radioljubuski.ba\/index.php\/2022\/07\/28\/vettel-odlazi-objavljen-kraj-jedne-velike-karijere\/#primaryimage"},"thumbnailUrl":"https:\/\/radioljubuski.ba\/wp-content\/uploads\/2022\/07\/8-2022-05-23-19-22-49-VETTEL.jpg","datePublished":"2022-07-28T12:59:12+00:00","dateModified":"2022-07-28T12:59:13+00:00","breadcrumb":{"@id":"https:\/\/radioljubuski.ba\/index.php\/2022\/07\/28\/vettel-odlazi-objavljen-kraj-jedne-velike-karijere\/#breadcrumb"},"inLanguage":"hr","potentialAction":[{"@type":"ReadAction","target":["https:\/\/radioljubuski.ba\/index.php\/2022\/07\/28\/vettel-odlazi-objavljen-kraj-jedne-velike-karijere\/"]}]},{"@type":"ImageObject","inLanguage":"hr","@id":"https:\/\/radioljubuski.ba\/index.php\/2022\/07\/28\/vettel-odlazi-objavljen-kraj-jedne-velike-karijere\/#primaryimage","url":"https:\/\/radioljubuski.ba\/wp-content\/uploads\/2022\/07\/8-2022-05-23-19-22-49-VETTEL.jpg","contentUrl":"https:\/\/radioljubuski.ba\/wp-content\/uploads\/2022\/07\/8-2022-05-23-19-22-49-VETTEL.jpg","width":1000,"height":625},{"@type":"BreadcrumbList","@id":"https:\/\/radioljubuski.ba\/index.php\/2022\/07\/28\/vettel-odlazi-objavljen-kraj-jedne-velike-karijere\/#breadcrumb","itemListElement":[{"@type":"ListItem","position":1,"name":"Po\u010detna stranica","item":"https:\/\/radioljubuski.ba\/"},{"@type":"ListItem","position":2,"name":"Vettel odlazi: Objavljen kraj jedne velike karijere"}]},{"@type":"WebSite","@id":"https:\/\/radioljubuski.ba\/#website","url":"https:\/\/radioljubuski.ba\/","name":"Radio Ljubu\u0161ki","description":"Sun\u010dana frekvencija Hercegovine","publisher":{"@id":"https:\/\/radioljubuski.ba\/#organization"},"potentialAction":[{"@type":"SearchAction","target":{"@type":"EntryPoint","urlTemplate":"https:\/\/radioljubuski.ba\/?s={search_term_string}"},"query-input":{"@type":"PropertyValueSpecification","valueRequired":true,"valueName":"search_term_string"}}],"inLanguage":"hr"},{"@type":"Organization","@id":"https:\/\/radioljubuski.ba\/#organization","name":"Radio Ljubu\u0161ki","url":"https:\/\/radioljubuski.ba\/","logo":{"@type":"ImageObject","inLanguage":"hr","@id":"https:\/\/radioljubuski.ba\/#\/schema\/logo\/image\/","url":"https:\/\/radioljubuski.ba\/wp-content\/uploads\/2021\/02\/cropped-Radio_Ljubuski_logo1.jpg","contentUrl":"https:\/\/radioljubuski.ba\/wp-content\/uploads\/2021\/02\/cropped-Radio_Ljubuski_logo1.jpg","width":512,"height":512,"caption":"Radio Ljubu\u0161ki"},"image":{"@id":"https:\/\/radioljubuski.ba\/#\/schema\/logo\/image\/"},"sameAs":["https:\/\/www.facebook.com\/Radiio-Ljubuski-1490835324566332","https:\/\/x.com\/radioljubuski","https:\/\/hr.linkedin.com\/company\/radio-ljubuski","https:\/\/www.youtube.com\/channel\/UCHYaeO_n0Db3tjNGudGpXyw"]},{"@type":"Person","@id":"https:\/\/radioljubuski.ba\/#\/schema\/person\/19fc700381a780f69665d7956c469e3b","name":"Radio Ljubu\u0161ki"}]}},"_links":{"self":[{"href":"https:\/\/radioljubuski.ba\/index.php\/wp-json\/wp\/v2\/posts\/164455","targetHints":{"allow":["GET"]}}],"collection":[{"href":"https:\/\/radioljubuski.ba\/index.php\/wp-json\/wp\/v2\/posts"}],"about":[{"href":"https:\/\/radioljubuski.ba\/index.php\/wp-json\/wp\/v2\/types\/post"}],"author":[{"embeddable":true,"href":"https:\/\/radioljubuski.ba\/index.php\/wp-json\/wp\/v2\/users\/2"}],"replies":[{"embeddable":true,"href":"https:\/\/radioljubuski.ba\/index.php\/wp-json\/wp\/v2\/comments?post=164455"}],"version-history":[{"count":1,"href":"https:\/\/radioljubuski.ba\/index.php\/wp-json\/wp\/v2\/posts\/164455\/revisions"}],"predecessor-version":[{"id":164457,"href":"https:\/\/radioljubuski.ba\/index.php\/wp-json\/wp\/v2\/posts\/164455\/revisions\/164457"}],"wp:featuredmedia":[{"embeddable":true,"href":"https:\/\/radioljubuski.ba\/index.php\/wp-json\/wp\/v2\/media\/164456"}],"wp:attachment":[{"href":"https:\/\/radioljubuski.ba\/index.php\/wp-json\/wp\/v2\/media?parent=164455"}],"wp:term":[{"taxonomy":"category","embeddable":true,"href":"https:\/\/radioljubuski.ba\/index.php\/wp-json\/wp\/v2\/categories?post=164455"},{"taxonomy":"post_tag","embeddable":true,"href":"https:\/\/radioljubuski.ba\/index.php\/wp-json\/wp\/v2\/tags?post=164455"}],"curies":[{"name":"wp","href":"https:\/\/api.w.org\/{rel}","templated":true}]}}