{"id":164507,"date":"2022-07-29T08:04:25","date_gmt":"2022-07-29T07:04:25","guid":{"rendered":"https:\/\/radioljubuski.ba\/?p=164507"},"modified":"2022-07-29T08:04:26","modified_gmt":"2022-07-29T07:04:26","slug":"debakl-na-gradskom-vrtu-kizilzar-izbacio-osijek","status":"publish","type":"post","link":"https:\/\/radioljubuski.ba\/index.php\/2022\/07\/29\/debakl-na-gradskom-vrtu-kizilzar-izbacio-osijek\/","title":{"rendered":"Debakl na Gradskom vrtu: Kizil\u017ear izbacio Osijek!"},"content":{"rendered":"\n<p>Nogometa\u0161i Osijeka nisu se uspjeli plasirati u 3. pretkolo Konferencijske lige nakon \u0161to su u uzvratnom susretu 2. pretkola izgubili na svom terenu od kazahstanskog Kizil\u017eara sa 0-2 (0-0) te tako ispustio prednost od 2-1 koju je stvorio u prvoj utakmici.<\/p>\n\n\n\n<p>Golove za goste postigli su&nbsp;<strong>Giorgi Ivaniadze&nbsp;<\/strong>u 61. i&nbsp;<strong>Moussa Kone&nbsp;<\/strong>u 71. minuti.<\/p>\n\n\n\n<p>Osje\u010dani su u prvom poluvremenu bili mnogobolji suparnik, u vi\u0161e navrata prijetili su gostuju\u0107em vrataru Lobancevu, najkonkretniji su bili&nbsp;<strong>Brlek&nbsp;<\/strong>u 12. i&nbsp;<strong>Lovri\u0107&nbsp;<\/strong>u 18. minuti. Vrlo je aktivan bio&nbsp;<strong>Mierez&nbsp;<\/strong>koji je kao najistureniji napada\u010d konstantno &#8220;maltertirao&#8221; obrambene igra\u010de Kizil\u017eara.<\/p>\n\n\n\n<p>Jedinu izglednu priliku u prvom dijelu gosti su imali u 10. minuti kada je&nbsp;<strong>Lob\u017eanidze&nbsp;<\/strong>bio neprecizan iz izgledne situacije.<\/p>\n\n\n\n<p>Sve se promijenilo u 61. minuti kada je Kizil\u017ear neo\u010dekivano poveo. Tapalov je ubacio s desnog krila, njegov centar\u0161ut nije dobro o\u010di\u0161\u0107en te je lopta pala na nogu Ivaniadzeu koji je sa 15 metara preciznim udarcem svladao&nbsp;<strong>Ivu\u0161i\u0107a<\/strong>. Gruzijski se igra\u010d u strijelce upisao samo minutu nakon ulaska u igru.<\/p>\n\n\n\n<p>Primljeni pogodak nije &#8220;probudio&#8221; doma\u0107e, \u0161tovi\u0161e 10 minuta kasnije Kizil\u017ear je stigao i do drugog gola i rezultata koji ga je vodio u sljede\u0107i krug natjecanja. Ovoga puta lopta je stigla na lijevi bok do Bu\u0161mana koji je preciznim uba\u010dajem prona\u0161ao ne\u010duvanog Konea, a ovaj je glavom u padu sa 10-ak metara jo\u0161 jednom zatresao mre\u017eu.<\/p>\n\n\n\n<p>Nakon drugog primljenog gola trener Osijeka<strong>&nbsp;Nenad Bjelica&nbsp;<\/strong>bacio je sve karte na napad, uveo je&nbsp;<strong>Belju&nbsp;<\/strong>i&nbsp;<strong>Mancea&nbsp;<\/strong>te s tri napada\u010da poku\u0161ao do\u0107i do gola koji bi odveo dvoboj u produ\u017eetak. No, iako je na raspolaganju imao vi\u0161e od 20 minuta, doma\u0107i sastav nije stvorio niti jednu izglednu priliku za pogodak te se zaslu\u017eeno vrlo rano oprostio od igranja u Europi.<\/p>\n\n\n\n<p>Klju\u010dnim se tako pokazao neshvatljivi autogol&nbsp;<strong>Neja\u0161mi\u0107a&nbsp;<\/strong>u zavr\u0161nici prve utakmice prije tjedan dana u Nur-Sultanu u trenucima kada je Osijek vodio sa 2-0 i imao igra\u010da vi\u0161e.<\/p>\n\n\n\n<p>Ranije u \u010detvrtak iz Konferencijske lige ispala je i Rijeka koja je u dvije utakmice izgubila od \u0161vedskog Djurgardena, pa je jedini hrvatski predstavnik u ovom natjecanju ostao Hajduk.<\/p>\n\n\n\n<p>izvor: hrt.hr<\/p>\n","protected":false},"excerpt":{"rendered":"<p>Nogometa\u0161i Osijeka nisu se uspjeli plasirati u 3. pretkolo Konferencijske lige nakon \u0161to su u uzvratnom susretu 2. pretkola izgubili na svom terenu od kazahstanskog Kizil\u017eara sa 0-2 (0-0) te tako ispustio prednost od 2-1 koju je stvorio u prvoj utakmici. Golove za goste postigli su&nbsp;Giorgi Ivaniadze&nbsp;u 61. i&nbsp;Moussa Kone&nbsp;u 71. minuti. Osje\u010dani su u [&hellip;]<\/p>\n","protected":false},"author":2,"featured_media":164508,"comment_status":"closed","ping_status":"closed","sticky":false,"template":"","format":"standard","meta":{"h5ap_radio_sources":[],"footnotes":""},"categories":[7],"tags":[],"class_list":["post-164507","post","type-post","status-publish","format-standard","has-post-thumbnail","hentry","category-sport"],"yoast_head":"<!-- This site is optimized with the Yoast SEO plugin v27.5 - https:\/\/yoast.com\/product\/yoast-seo-wordpress\/ -->\n<title>Debakl na Gradskom vrtu: Kizil\u017ear izbacio Osijek! - RADIO LJUBU\u0160KI<\/title>\n<meta name=\"robots\" content=\"index, follow, max-snippet:-1, max-image-preview:large, max-video-preview:-1\" \/>\n<link rel=\"canonical\" href=\"https:\/\/radioljubuski.ba\/index.php\/2022\/07\/29\/debakl-na-gradskom-vrtu-kizilzar-izbacio-osijek\/\" \/>\n<meta property=\"og:locale\" content=\"hr_HR\" \/>\n<meta property=\"og:type\" content=\"article\" \/>\n<meta property=\"og:title\" content=\"Debakl na Gradskom vrtu: Kizil\u017ear izbacio Osijek! - RADIO LJUBU\u0160KI\" \/>\n<meta property=\"og:description\" content=\"Nogometa\u0161i Osijeka nisu se uspjeli plasirati u 3. pretkolo Konferencijske lige nakon \u0161to su u uzvratnom susretu 2. pretkola izgubili na svom terenu od kazahstanskog Kizil\u017eara sa 0-2 (0-0) te tako ispustio prednost od 2-1 koju je stvorio u prvoj utakmici. Golove za goste postigli su&nbsp;Giorgi Ivaniadze&nbsp;u 61. i&nbsp;Moussa Kone&nbsp;u 71. minuti. Osje\u010dani su u [&hellip;]\" \/>\n<meta property=\"og:url\" content=\"https:\/\/radioljubuski.ba\/index.php\/2022\/07\/29\/debakl-na-gradskom-vrtu-kizilzar-izbacio-osijek\/\" \/>\n<meta property=\"og:site_name\" content=\"RADIO LJUBU\u0160KI\" \/>\n<meta property=\"article:publisher\" content=\"https:\/\/www.facebook.com\/Radiio-Ljubuski-1490835324566332\" \/>\n<meta property=\"article:published_time\" content=\"2022-07-29T07:04:25+00:00\" \/>\n<meta property=\"article:modified_time\" content=\"2022-07-29T07:04:26+00:00\" \/>\n<meta property=\"og:image\" content=\"https:\/\/radioljubuski.ba\/wp-content\/uploads\/2022\/07\/osijek-1.jpg\" \/>\n\t<meta property=\"og:image:width\" content=\"300\" \/>\n\t<meta property=\"og:image:height\" content=\"168\" \/>\n\t<meta property=\"og:image:type\" content=\"image\/jpeg\" \/>\n<meta name=\"author\" content=\"Radio Ljubu\u0161ki\" \/>\n<meta name=\"twitter:card\" content=\"summary_large_image\" \/>\n<meta name=\"twitter:creator\" content=\"@radioljubuski\" \/>\n<meta name=\"twitter:site\" content=\"@radioljubuski\" \/>\n<meta name=\"twitter:label1\" content=\"Napisao\/la\" \/>\n\t<meta name=\"twitter:data1\" content=\"Radio Ljubu\u0161ki\" \/>\n\t<meta name=\"twitter:label2\" content=\"Procijenjeno vrijeme \u010ditanja\" \/>\n\t<meta name=\"twitter:data2\" content=\"2 minute\" \/>\n<script type=\"application\/ld+json\" class=\"yoast-schema-graph\">{\"@context\":\"https:\\\/\\\/schema.org\",\"@graph\":[{\"@type\":\"Article\",\"@id\":\"https:\\\/\\\/radioljubuski.ba\\\/index.php\\\/2022\\\/07\\\/29\\\/debakl-na-gradskom-vrtu-kizilzar-izbacio-osijek\\\/#article\",\"isPartOf\":{\"@id\":\"https:\\\/\\\/radioljubuski.ba\\\/index.php\\\/2022\\\/07\\\/29\\\/debakl-na-gradskom-vrtu-kizilzar-izbacio-osijek\\\/\"},\"author\":{\"name\":\"Radio Ljubu\u0161ki\",\"@id\":\"https:\\\/\\\/radioljubuski.ba\\\/#\\\/schema\\\/person\\\/19fc700381a780f69665d7956c469e3b\"},\"headline\":\"Debakl na Gradskom vrtu: Kizil\u017ear izbacio Osijek!\",\"datePublished\":\"2022-07-29T07:04:25+00:00\",\"dateModified\":\"2022-07-29T07:04:26+00:00\",\"mainEntityOfPage\":{\"@id\":\"https:\\\/\\\/radioljubuski.ba\\\/index.php\\\/2022\\\/07\\\/29\\\/debakl-na-gradskom-vrtu-kizilzar-izbacio-osijek\\\/\"},\"wordCount\":402,\"publisher\":{\"@id\":\"https:\\\/\\\/radioljubuski.ba\\\/#organization\"},\"image\":{\"@id\":\"https:\\\/\\\/radioljubuski.ba\\\/index.php\\\/2022\\\/07\\\/29\\\/debakl-na-gradskom-vrtu-kizilzar-izbacio-osijek\\\/#primaryimage\"},\"thumbnailUrl\":\"https:\\\/\\\/radioljubuski.ba\\\/wp-content\\\/uploads\\\/2022\\\/07\\\/osijek-1.jpg\",\"articleSection\":[\"\u0160port\"],\"inLanguage\":\"hr\"},{\"@type\":\"WebPage\",\"@id\":\"https:\\\/\\\/radioljubuski.ba\\\/index.php\\\/2022\\\/07\\\/29\\\/debakl-na-gradskom-vrtu-kizilzar-izbacio-osijek\\\/\",\"url\":\"https:\\\/\\\/radioljubuski.ba\\\/index.php\\\/2022\\\/07\\\/29\\\/debakl-na-gradskom-vrtu-kizilzar-izbacio-osijek\\\/\",\"name\":\"Debakl na Gradskom vrtu: Kizil\u017ear izbacio Osijek! - RADIO LJUBU\u0160KI\",\"isPartOf\":{\"@id\":\"https:\\\/\\\/radioljubuski.ba\\\/#website\"},\"primaryImageOfPage\":{\"@id\":\"https:\\\/\\\/radioljubuski.ba\\\/index.php\\\/2022\\\/07\\\/29\\\/debakl-na-gradskom-vrtu-kizilzar-izbacio-osijek\\\/#primaryimage\"},\"image\":{\"@id\":\"https:\\\/\\\/radioljubuski.ba\\\/index.php\\\/2022\\\/07\\\/29\\\/debakl-na-gradskom-vrtu-kizilzar-izbacio-osijek\\\/#primaryimage\"},\"thumbnailUrl\":\"https:\\\/\\\/radioljubuski.ba\\\/wp-content\\\/uploads\\\/2022\\\/07\\\/osijek-1.jpg\",\"datePublished\":\"2022-07-29T07:04:25+00:00\",\"dateModified\":\"2022-07-29T07:04:26+00:00\",\"breadcrumb\":{\"@id\":\"https:\\\/\\\/radioljubuski.ba\\\/index.php\\\/2022\\\/07\\\/29\\\/debakl-na-gradskom-vrtu-kizilzar-izbacio-osijek\\\/#breadcrumb\"},\"inLanguage\":\"hr\",\"potentialAction\":[{\"@type\":\"ReadAction\",\"target\":[\"https:\\\/\\\/radioljubuski.ba\\\/index.php\\\/2022\\\/07\\\/29\\\/debakl-na-gradskom-vrtu-kizilzar-izbacio-osijek\\\/\"]}]},{\"@type\":\"ImageObject\",\"inLanguage\":\"hr\",\"@id\":\"https:\\\/\\\/radioljubuski.ba\\\/index.php\\\/2022\\\/07\\\/29\\\/debakl-na-gradskom-vrtu-kizilzar-izbacio-osijek\\\/#primaryimage\",\"url\":\"https:\\\/\\\/radioljubuski.ba\\\/wp-content\\\/uploads\\\/2022\\\/07\\\/osijek-1.jpg\",\"contentUrl\":\"https:\\\/\\\/radioljubuski.ba\\\/wp-content\\\/uploads\\\/2022\\\/07\\\/osijek-1.jpg\",\"width\":300,\"height\":168},{\"@type\":\"BreadcrumbList\",\"@id\":\"https:\\\/\\\/radioljubuski.ba\\\/index.php\\\/2022\\\/07\\\/29\\\/debakl-na-gradskom-vrtu-kizilzar-izbacio-osijek\\\/#breadcrumb\",\"itemListElement\":[{\"@type\":\"ListItem\",\"position\":1,\"name\":\"Po\u010detna stranica\",\"item\":\"https:\\\/\\\/radioljubuski.ba\\\/\"},{\"@type\":\"ListItem\",\"position\":2,\"name\":\"Debakl na Gradskom vrtu: Kizil\u017ear izbacio Osijek!\"}]},{\"@type\":\"WebSite\",\"@id\":\"https:\\\/\\\/radioljubuski.ba\\\/#website\",\"url\":\"https:\\\/\\\/radioljubuski.ba\\\/\",\"name\":\"Radio Ljubu\u0161ki\",\"description\":\"Sun\u010dana frekvencija Hercegovine\",\"publisher\":{\"@id\":\"https:\\\/\\\/radioljubuski.ba\\\/#organization\"},\"potentialAction\":[{\"@type\":\"SearchAction\",\"target\":{\"@type\":\"EntryPoint\",\"urlTemplate\":\"https:\\\/\\\/radioljubuski.ba\\\/?s={search_term_string}\"},\"query-input\":{\"@type\":\"PropertyValueSpecification\",\"valueRequired\":true,\"valueName\":\"search_term_string\"}}],\"inLanguage\":\"hr\"},{\"@type\":\"Organization\",\"@id\":\"https:\\\/\\\/radioljubuski.ba\\\/#organization\",\"name\":\"Radio Ljubu\u0161ki\",\"url\":\"https:\\\/\\\/radioljubuski.ba\\\/\",\"logo\":{\"@type\":\"ImageObject\",\"inLanguage\":\"hr\",\"@id\":\"https:\\\/\\\/radioljubuski.ba\\\/#\\\/schema\\\/logo\\\/image\\\/\",\"url\":\"https:\\\/\\\/radioljubuski.ba\\\/wp-content\\\/uploads\\\/2021\\\/02\\\/cropped-Radio_Ljubuski_logo1.jpg\",\"contentUrl\":\"https:\\\/\\\/radioljubuski.ba\\\/wp-content\\\/uploads\\\/2021\\\/02\\\/cropped-Radio_Ljubuski_logo1.jpg\",\"width\":512,\"height\":512,\"caption\":\"Radio Ljubu\u0161ki\"},\"image\":{\"@id\":\"https:\\\/\\\/radioljubuski.ba\\\/#\\\/schema\\\/logo\\\/image\\\/\"},\"sameAs\":[\"https:\\\/\\\/www.facebook.com\\\/Radiio-Ljubuski-1490835324566332\",\"https:\\\/\\\/x.com\\\/radioljubuski\",\"https:\\\/\\\/hr.linkedin.com\\\/company\\\/radio-ljubuski\",\"https:\\\/\\\/www.youtube.com\\\/channel\\\/UCHYaeO_n0Db3tjNGudGpXyw\"]},{\"@type\":\"Person\",\"@id\":\"https:\\\/\\\/radioljubuski.ba\\\/#\\\/schema\\\/person\\\/19fc700381a780f69665d7956c469e3b\",\"name\":\"Radio Ljubu\u0161ki\"}]}<\/script>\n<!-- \/ Yoast SEO plugin. -->","yoast_head_json":{"title":"Debakl na Gradskom vrtu: Kizil\u017ear izbacio Osijek! - RADIO LJUBU\u0160KI","robots":{"index":"index","follow":"follow","max-snippet":"max-snippet:-1","max-image-preview":"max-image-preview:large","max-video-preview":"max-video-preview:-1"},"canonical":"https:\/\/radioljubuski.ba\/index.php\/2022\/07\/29\/debakl-na-gradskom-vrtu-kizilzar-izbacio-osijek\/","og_locale":"hr_HR","og_type":"article","og_title":"Debakl na Gradskom vrtu: Kizil\u017ear izbacio Osijek! - RADIO LJUBU\u0160KI","og_description":"Nogometa\u0161i Osijeka nisu se uspjeli plasirati u 3. pretkolo Konferencijske lige nakon \u0161to su u uzvratnom susretu 2. pretkola izgubili na svom terenu od kazahstanskog Kizil\u017eara sa 0-2 (0-0) te tako ispustio prednost od 2-1 koju je stvorio u prvoj utakmici. Golove za goste postigli su&nbsp;Giorgi Ivaniadze&nbsp;u 61. i&nbsp;Moussa Kone&nbsp;u 71. minuti. Osje\u010dani su u [&hellip;]","og_url":"https:\/\/radioljubuski.ba\/index.php\/2022\/07\/29\/debakl-na-gradskom-vrtu-kizilzar-izbacio-osijek\/","og_site_name":"RADIO LJUBU\u0160KI","article_publisher":"https:\/\/www.facebook.com\/Radiio-Ljubuski-1490835324566332","article_published_time":"2022-07-29T07:04:25+00:00","article_modified_time":"2022-07-29T07:04:26+00:00","og_image":[{"width":300,"height":168,"url":"https:\/\/radioljubuski.ba\/wp-content\/uploads\/2022\/07\/osijek-1.jpg","type":"image\/jpeg"}],"author":"Radio Ljubu\u0161ki","twitter_card":"summary_large_image","twitter_creator":"@radioljubuski","twitter_site":"@radioljubuski","twitter_misc":{"Napisao\/la":"Radio Ljubu\u0161ki","Procijenjeno vrijeme \u010ditanja":"2 minute"},"schema":{"@context":"https:\/\/schema.org","@graph":[{"@type":"Article","@id":"https:\/\/radioljubuski.ba\/index.php\/2022\/07\/29\/debakl-na-gradskom-vrtu-kizilzar-izbacio-osijek\/#article","isPartOf":{"@id":"https:\/\/radioljubuski.ba\/index.php\/2022\/07\/29\/debakl-na-gradskom-vrtu-kizilzar-izbacio-osijek\/"},"author":{"name":"Radio Ljubu\u0161ki","@id":"https:\/\/radioljubuski.ba\/#\/schema\/person\/19fc700381a780f69665d7956c469e3b"},"headline":"Debakl na Gradskom vrtu: Kizil\u017ear izbacio Osijek!","datePublished":"2022-07-29T07:04:25+00:00","dateModified":"2022-07-29T07:04:26+00:00","mainEntityOfPage":{"@id":"https:\/\/radioljubuski.ba\/index.php\/2022\/07\/29\/debakl-na-gradskom-vrtu-kizilzar-izbacio-osijek\/"},"wordCount":402,"publisher":{"@id":"https:\/\/radioljubuski.ba\/#organization"},"image":{"@id":"https:\/\/radioljubuski.ba\/index.php\/2022\/07\/29\/debakl-na-gradskom-vrtu-kizilzar-izbacio-osijek\/#primaryimage"},"thumbnailUrl":"https:\/\/radioljubuski.ba\/wp-content\/uploads\/2022\/07\/osijek-1.jpg","articleSection":["\u0160port"],"inLanguage":"hr"},{"@type":"WebPage","@id":"https:\/\/radioljubuski.ba\/index.php\/2022\/07\/29\/debakl-na-gradskom-vrtu-kizilzar-izbacio-osijek\/","url":"https:\/\/radioljubuski.ba\/index.php\/2022\/07\/29\/debakl-na-gradskom-vrtu-kizilzar-izbacio-osijek\/","name":"Debakl na Gradskom vrtu: Kizil\u017ear izbacio Osijek! - RADIO LJUBU\u0160KI","isPartOf":{"@id":"https:\/\/radioljubuski.ba\/#website"},"primaryImageOfPage":{"@id":"https:\/\/radioljubuski.ba\/index.php\/2022\/07\/29\/debakl-na-gradskom-vrtu-kizilzar-izbacio-osijek\/#primaryimage"},"image":{"@id":"https:\/\/radioljubuski.ba\/index.php\/2022\/07\/29\/debakl-na-gradskom-vrtu-kizilzar-izbacio-osijek\/#primaryimage"},"thumbnailUrl":"https:\/\/radioljubuski.ba\/wp-content\/uploads\/2022\/07\/osijek-1.jpg","datePublished":"2022-07-29T07:04:25+00:00","dateModified":"2022-07-29T07:04:26+00:00","breadcrumb":{"@id":"https:\/\/radioljubuski.ba\/index.php\/2022\/07\/29\/debakl-na-gradskom-vrtu-kizilzar-izbacio-osijek\/#breadcrumb"},"inLanguage":"hr","potentialAction":[{"@type":"ReadAction","target":["https:\/\/radioljubuski.ba\/index.php\/2022\/07\/29\/debakl-na-gradskom-vrtu-kizilzar-izbacio-osijek\/"]}]},{"@type":"ImageObject","inLanguage":"hr","@id":"https:\/\/radioljubuski.ba\/index.php\/2022\/07\/29\/debakl-na-gradskom-vrtu-kizilzar-izbacio-osijek\/#primaryimage","url":"https:\/\/radioljubuski.ba\/wp-content\/uploads\/2022\/07\/osijek-1.jpg","contentUrl":"https:\/\/radioljubuski.ba\/wp-content\/uploads\/2022\/07\/osijek-1.jpg","width":300,"height":168},{"@type":"BreadcrumbList","@id":"https:\/\/radioljubuski.ba\/index.php\/2022\/07\/29\/debakl-na-gradskom-vrtu-kizilzar-izbacio-osijek\/#breadcrumb","itemListElement":[{"@type":"ListItem","position":1,"name":"Po\u010detna stranica","item":"https:\/\/radioljubuski.ba\/"},{"@type":"ListItem","position":2,"name":"Debakl na Gradskom vrtu: Kizil\u017ear izbacio Osijek!"}]},{"@type":"WebSite","@id":"https:\/\/radioljubuski.ba\/#website","url":"https:\/\/radioljubuski.ba\/","name":"Radio Ljubu\u0161ki","description":"Sun\u010dana frekvencija Hercegovine","publisher":{"@id":"https:\/\/radioljubuski.ba\/#organization"},"potentialAction":[{"@type":"SearchAction","target":{"@type":"EntryPoint","urlTemplate":"https:\/\/radioljubuski.ba\/?s={search_term_string}"},"query-input":{"@type":"PropertyValueSpecification","valueRequired":true,"valueName":"search_term_string"}}],"inLanguage":"hr"},{"@type":"Organization","@id":"https:\/\/radioljubuski.ba\/#organization","name":"Radio Ljubu\u0161ki","url":"https:\/\/radioljubuski.ba\/","logo":{"@type":"ImageObject","inLanguage":"hr","@id":"https:\/\/radioljubuski.ba\/#\/schema\/logo\/image\/","url":"https:\/\/radioljubuski.ba\/wp-content\/uploads\/2021\/02\/cropped-Radio_Ljubuski_logo1.jpg","contentUrl":"https:\/\/radioljubuski.ba\/wp-content\/uploads\/2021\/02\/cropped-Radio_Ljubuski_logo1.jpg","width":512,"height":512,"caption":"Radio Ljubu\u0161ki"},"image":{"@id":"https:\/\/radioljubuski.ba\/#\/schema\/logo\/image\/"},"sameAs":["https:\/\/www.facebook.com\/Radiio-Ljubuski-1490835324566332","https:\/\/x.com\/radioljubuski","https:\/\/hr.linkedin.com\/company\/radio-ljubuski","https:\/\/www.youtube.com\/channel\/UCHYaeO_n0Db3tjNGudGpXyw"]},{"@type":"Person","@id":"https:\/\/radioljubuski.ba\/#\/schema\/person\/19fc700381a780f69665d7956c469e3b","name":"Radio Ljubu\u0161ki"}]}},"_links":{"self":[{"href":"https:\/\/radioljubuski.ba\/index.php\/wp-json\/wp\/v2\/posts\/164507","targetHints":{"allow":["GET"]}}],"collection":[{"href":"https:\/\/radioljubuski.ba\/index.php\/wp-json\/wp\/v2\/posts"}],"about":[{"href":"https:\/\/radioljubuski.ba\/index.php\/wp-json\/wp\/v2\/types\/post"}],"author":[{"embeddable":true,"href":"https:\/\/radioljubuski.ba\/index.php\/wp-json\/wp\/v2\/users\/2"}],"replies":[{"embeddable":true,"href":"https:\/\/radioljubuski.ba\/index.php\/wp-json\/wp\/v2\/comments?post=164507"}],"version-history":[{"count":1,"href":"https:\/\/radioljubuski.ba\/index.php\/wp-json\/wp\/v2\/posts\/164507\/revisions"}],"predecessor-version":[{"id":164509,"href":"https:\/\/radioljubuski.ba\/index.php\/wp-json\/wp\/v2\/posts\/164507\/revisions\/164509"}],"wp:featuredmedia":[{"embeddable":true,"href":"https:\/\/radioljubuski.ba\/index.php\/wp-json\/wp\/v2\/media\/164508"}],"wp:attachment":[{"href":"https:\/\/radioljubuski.ba\/index.php\/wp-json\/wp\/v2\/media?parent=164507"}],"wp:term":[{"taxonomy":"category","embeddable":true,"href":"https:\/\/radioljubuski.ba\/index.php\/wp-json\/wp\/v2\/categories?post=164507"},{"taxonomy":"post_tag","embeddable":true,"href":"https:\/\/radioljubuski.ba\/index.php\/wp-json\/wp\/v2\/tags?post=164507"}],"curies":[{"name":"wp","href":"https:\/\/api.w.org\/{rel}","templated":true}]}}