{"id":164513,"date":"2022-07-29T08:14:29","date_gmt":"2022-07-29T07:14:29","guid":{"rendered":"https:\/\/radioljubuski.ba\/?p=164513"},"modified":"2022-07-29T08:14:30","modified_gmt":"2022-07-29T07:14:30","slug":"maltezani-presudili-mostarskom-velezu","status":"publish","type":"post","link":"https:\/\/radioljubuski.ba\/index.php\/2022\/07\/29\/maltezani-presudili-mostarskom-velezu\/","title":{"rendered":"Malte\u017eani presudili mostarskom Vele\u017eu"},"content":{"rendered":"\n<p>Vele\u017e se oprostio od Europe ove sezone, a mostarski klub je i u uzvratu pora\u017een od Hamrun Spartansa s Malte s 1:0 i s ukupnih 2:0 prolaze u narednu fazu natjecanja , gdje ih \u010deka\u00a0dvoboj s Levskim iz Sofije. <\/p>\n\n\n\n<p>Vele\u017e agresivno ulazi u me\u010d, ali Ro\u0111eni o\u010digledno je imaju ogroman problem u napadu i te\u0161ko kreiraju \u0161anse usprkos dobroj izgradnji napada. Doma\u0107i potom preuzimaju igru na svoju stranu. Napali su i u 15. minuti do\u0161li do prednosti. Meshike je izbacio Jonnyja koji poga\u0111a za 1:0. Ro\u0111eni \u010detiri minute kasnije propu\u0161taju veliku priliku da se vrate u me\u010d. Panteli\u0107 je bio u prodoru, ali je s nekoliko metara zakucao loptu u pre\u010dku. Zatim su udarce isprobali Radovac i Halilovi\u0107, nisu bili precizni, a Hamrun je prijetio preko Bjeli\u010di\u0107a iz slobodnog udarca, no Bogdanovi\u0107 brani. Doma\u0107i sastav u 34. minuti proma\u0161uje veliku \u0161ansu. Jonny je s dva-tri metra uspio proma\u0161iti kompletan gol i ostalo je 1:0. Hamrun je odli\u010dnom \u0161ansom zavr\u0161io prvo poluvrijeme. U nadoknadi je stativa spasila Ro\u0111ene. Hamrun odli\u010dnom \u0161ansom Mashikea otvara i drugo poluvrijeme, ali sre\u0107om ne zabijaju. Potom Ro\u0111eni preuzimaju kontrolu nad utakmicom i krenuli su na sve ili ni\u0161ta. U 64. minuti Ro\u0111eni propu\u0161taju novu veliku \u0161ansu. Haski\u0107 je usamljen na pet-\u0161est metara, ali ne poga\u0111a glavom. Poku\u0161ao je Amar Osim napraviti ne\u0161to s izmjenama. Me\u0111utim, pravih rje\u0161enja nije bilo, Hamrun je zavr\u0161io posao u ovom me\u010du i pro\u0161ao je u narednu fazu natjecanja, dok se Vele\u017e opra\u0161ta od Europe.<\/p>\n\n\n\n<p>izvor: bljesak.info<\/p>\n","protected":false},"excerpt":{"rendered":"<p>Vele\u017e se oprostio od Europe ove sezone, a mostarski klub je i u uzvratu pora\u017een od Hamrun Spartansa s Malte s 1:0 i s ukupnih 2:0 prolaze u narednu fazu natjecanja , gdje ih \u010deka\u00a0dvoboj s Levskim iz Sofije. Vele\u017e agresivno ulazi u me\u010d, ali Ro\u0111eni o\u010digledno je imaju ogroman problem u napadu i te\u0161ko [&hellip;]<\/p>\n","protected":false},"author":2,"featured_media":164514,"comment_status":"closed","ping_status":"closed","sticky":false,"template":"","format":"standard","meta":{"h5ap_radio_sources":[],"footnotes":""},"categories":[7],"tags":[],"class_list":["post-164513","post","type-post","status-publish","format-standard","has-post-thumbnail","hentry","category-sport"],"yoast_head":"<!-- This site is optimized with the Yoast SEO plugin v27.5 - https:\/\/yoast.com\/product\/yoast-seo-wordpress\/ -->\n<title>Malte\u017eani presudili mostarskom Vele\u017eu - RADIO LJUBU\u0160KI<\/title>\n<meta name=\"robots\" content=\"index, follow, max-snippet:-1, max-image-preview:large, max-video-preview:-1\" \/>\n<link rel=\"canonical\" href=\"https:\/\/radioljubuski.ba\/index.php\/2022\/07\/29\/maltezani-presudili-mostarskom-velezu\/\" \/>\n<meta property=\"og:locale\" content=\"hr_HR\" \/>\n<meta property=\"og:type\" content=\"article\" \/>\n<meta property=\"og:title\" content=\"Malte\u017eani presudili mostarskom Vele\u017eu - RADIO LJUBU\u0160KI\" \/>\n<meta property=\"og:description\" content=\"Vele\u017e se oprostio od Europe ove sezone, a mostarski klub je i u uzvratu pora\u017een od Hamrun Spartansa s Malte s 1:0 i s ukupnih 2:0 prolaze u narednu fazu natjecanja , gdje ih \u010deka\u00a0dvoboj s Levskim iz Sofije. Vele\u017e agresivno ulazi u me\u010d, ali Ro\u0111eni o\u010digledno je imaju ogroman problem u napadu i te\u0161ko [&hellip;]\" \/>\n<meta property=\"og:url\" content=\"https:\/\/radioljubuski.ba\/index.php\/2022\/07\/29\/maltezani-presudili-mostarskom-velezu\/\" \/>\n<meta property=\"og:site_name\" content=\"RADIO LJUBU\u0160KI\" \/>\n<meta property=\"article:publisher\" content=\"https:\/\/www.facebook.com\/Radiio-Ljubuski-1490835324566332\" \/>\n<meta property=\"article:published_time\" content=\"2022-07-29T07:14:29+00:00\" \/>\n<meta property=\"article:modified_time\" content=\"2022-07-29T07:14:30+00:00\" \/>\n<meta property=\"og:image\" content=\"https:\/\/radioljubuski.ba\/wp-content\/uploads\/2022\/07\/velez-2.jpg\" \/>\n\t<meta property=\"og:image:width\" content=\"285\" \/>\n\t<meta property=\"og:image:height\" content=\"177\" \/>\n\t<meta property=\"og:image:type\" content=\"image\/jpeg\" \/>\n<meta name=\"author\" content=\"Radio Ljubu\u0161ki\" \/>\n<meta name=\"twitter:card\" content=\"summary_large_image\" \/>\n<meta name=\"twitter:creator\" content=\"@radioljubuski\" \/>\n<meta name=\"twitter:site\" content=\"@radioljubuski\" \/>\n<meta name=\"twitter:label1\" content=\"Napisao\/la\" \/>\n\t<meta name=\"twitter:data1\" content=\"Radio Ljubu\u0161ki\" \/>\n\t<meta name=\"twitter:label2\" content=\"Procijenjeno vrijeme \u010ditanja\" \/>\n\t<meta name=\"twitter:data2\" content=\"2 minute\" \/>\n<script type=\"application\/ld+json\" class=\"yoast-schema-graph\">{\"@context\":\"https:\\\/\\\/schema.org\",\"@graph\":[{\"@type\":\"Article\",\"@id\":\"https:\\\/\\\/radioljubuski.ba\\\/index.php\\\/2022\\\/07\\\/29\\\/maltezani-presudili-mostarskom-velezu\\\/#article\",\"isPartOf\":{\"@id\":\"https:\\\/\\\/radioljubuski.ba\\\/index.php\\\/2022\\\/07\\\/29\\\/maltezani-presudili-mostarskom-velezu\\\/\"},\"author\":{\"name\":\"Radio Ljubu\u0161ki\",\"@id\":\"https:\\\/\\\/radioljubuski.ba\\\/#\\\/schema\\\/person\\\/19fc700381a780f69665d7956c469e3b\"},\"headline\":\"Malte\u017eani presudili mostarskom Vele\u017eu\",\"datePublished\":\"2022-07-29T07:14:29+00:00\",\"dateModified\":\"2022-07-29T07:14:30+00:00\",\"mainEntityOfPage\":{\"@id\":\"https:\\\/\\\/radioljubuski.ba\\\/index.php\\\/2022\\\/07\\\/29\\\/maltezani-presudili-mostarskom-velezu\\\/\"},\"wordCount\":279,\"publisher\":{\"@id\":\"https:\\\/\\\/radioljubuski.ba\\\/#organization\"},\"image\":{\"@id\":\"https:\\\/\\\/radioljubuski.ba\\\/index.php\\\/2022\\\/07\\\/29\\\/maltezani-presudili-mostarskom-velezu\\\/#primaryimage\"},\"thumbnailUrl\":\"https:\\\/\\\/radioljubuski.ba\\\/wp-content\\\/uploads\\\/2022\\\/07\\\/velez-2.jpg\",\"articleSection\":[\"\u0160port\"],\"inLanguage\":\"hr\"},{\"@type\":\"WebPage\",\"@id\":\"https:\\\/\\\/radioljubuski.ba\\\/index.php\\\/2022\\\/07\\\/29\\\/maltezani-presudili-mostarskom-velezu\\\/\",\"url\":\"https:\\\/\\\/radioljubuski.ba\\\/index.php\\\/2022\\\/07\\\/29\\\/maltezani-presudili-mostarskom-velezu\\\/\",\"name\":\"Malte\u017eani presudili mostarskom Vele\u017eu - RADIO LJUBU\u0160KI\",\"isPartOf\":{\"@id\":\"https:\\\/\\\/radioljubuski.ba\\\/#website\"},\"primaryImageOfPage\":{\"@id\":\"https:\\\/\\\/radioljubuski.ba\\\/index.php\\\/2022\\\/07\\\/29\\\/maltezani-presudili-mostarskom-velezu\\\/#primaryimage\"},\"image\":{\"@id\":\"https:\\\/\\\/radioljubuski.ba\\\/index.php\\\/2022\\\/07\\\/29\\\/maltezani-presudili-mostarskom-velezu\\\/#primaryimage\"},\"thumbnailUrl\":\"https:\\\/\\\/radioljubuski.ba\\\/wp-content\\\/uploads\\\/2022\\\/07\\\/velez-2.jpg\",\"datePublished\":\"2022-07-29T07:14:29+00:00\",\"dateModified\":\"2022-07-29T07:14:30+00:00\",\"breadcrumb\":{\"@id\":\"https:\\\/\\\/radioljubuski.ba\\\/index.php\\\/2022\\\/07\\\/29\\\/maltezani-presudili-mostarskom-velezu\\\/#breadcrumb\"},\"inLanguage\":\"hr\",\"potentialAction\":[{\"@type\":\"ReadAction\",\"target\":[\"https:\\\/\\\/radioljubuski.ba\\\/index.php\\\/2022\\\/07\\\/29\\\/maltezani-presudili-mostarskom-velezu\\\/\"]}]},{\"@type\":\"ImageObject\",\"inLanguage\":\"hr\",\"@id\":\"https:\\\/\\\/radioljubuski.ba\\\/index.php\\\/2022\\\/07\\\/29\\\/maltezani-presudili-mostarskom-velezu\\\/#primaryimage\",\"url\":\"https:\\\/\\\/radioljubuski.ba\\\/wp-content\\\/uploads\\\/2022\\\/07\\\/velez-2.jpg\",\"contentUrl\":\"https:\\\/\\\/radioljubuski.ba\\\/wp-content\\\/uploads\\\/2022\\\/07\\\/velez-2.jpg\",\"width\":285,\"height\":177},{\"@type\":\"BreadcrumbList\",\"@id\":\"https:\\\/\\\/radioljubuski.ba\\\/index.php\\\/2022\\\/07\\\/29\\\/maltezani-presudili-mostarskom-velezu\\\/#breadcrumb\",\"itemListElement\":[{\"@type\":\"ListItem\",\"position\":1,\"name\":\"Po\u010detna stranica\",\"item\":\"https:\\\/\\\/radioljubuski.ba\\\/\"},{\"@type\":\"ListItem\",\"position\":2,\"name\":\"Malte\u017eani presudili mostarskom Vele\u017eu\"}]},{\"@type\":\"WebSite\",\"@id\":\"https:\\\/\\\/radioljubuski.ba\\\/#website\",\"url\":\"https:\\\/\\\/radioljubuski.ba\\\/\",\"name\":\"Radio Ljubu\u0161ki\",\"description\":\"Sun\u010dana frekvencija Hercegovine\",\"publisher\":{\"@id\":\"https:\\\/\\\/radioljubuski.ba\\\/#organization\"},\"potentialAction\":[{\"@type\":\"SearchAction\",\"target\":{\"@type\":\"EntryPoint\",\"urlTemplate\":\"https:\\\/\\\/radioljubuski.ba\\\/?s={search_term_string}\"},\"query-input\":{\"@type\":\"PropertyValueSpecification\",\"valueRequired\":true,\"valueName\":\"search_term_string\"}}],\"inLanguage\":\"hr\"},{\"@type\":\"Organization\",\"@id\":\"https:\\\/\\\/radioljubuski.ba\\\/#organization\",\"name\":\"Radio Ljubu\u0161ki\",\"url\":\"https:\\\/\\\/radioljubuski.ba\\\/\",\"logo\":{\"@type\":\"ImageObject\",\"inLanguage\":\"hr\",\"@id\":\"https:\\\/\\\/radioljubuski.ba\\\/#\\\/schema\\\/logo\\\/image\\\/\",\"url\":\"https:\\\/\\\/radioljubuski.ba\\\/wp-content\\\/uploads\\\/2021\\\/02\\\/cropped-Radio_Ljubuski_logo1.jpg\",\"contentUrl\":\"https:\\\/\\\/radioljubuski.ba\\\/wp-content\\\/uploads\\\/2021\\\/02\\\/cropped-Radio_Ljubuski_logo1.jpg\",\"width\":512,\"height\":512,\"caption\":\"Radio Ljubu\u0161ki\"},\"image\":{\"@id\":\"https:\\\/\\\/radioljubuski.ba\\\/#\\\/schema\\\/logo\\\/image\\\/\"},\"sameAs\":[\"https:\\\/\\\/www.facebook.com\\\/Radiio-Ljubuski-1490835324566332\",\"https:\\\/\\\/x.com\\\/radioljubuski\",\"https:\\\/\\\/hr.linkedin.com\\\/company\\\/radio-ljubuski\",\"https:\\\/\\\/www.youtube.com\\\/channel\\\/UCHYaeO_n0Db3tjNGudGpXyw\"]},{\"@type\":\"Person\",\"@id\":\"https:\\\/\\\/radioljubuski.ba\\\/#\\\/schema\\\/person\\\/19fc700381a780f69665d7956c469e3b\",\"name\":\"Radio Ljubu\u0161ki\"}]}<\/script>\n<!-- \/ Yoast SEO plugin. -->","yoast_head_json":{"title":"Malte\u017eani presudili mostarskom Vele\u017eu - RADIO LJUBU\u0160KI","robots":{"index":"index","follow":"follow","max-snippet":"max-snippet:-1","max-image-preview":"max-image-preview:large","max-video-preview":"max-video-preview:-1"},"canonical":"https:\/\/radioljubuski.ba\/index.php\/2022\/07\/29\/maltezani-presudili-mostarskom-velezu\/","og_locale":"hr_HR","og_type":"article","og_title":"Malte\u017eani presudili mostarskom Vele\u017eu - RADIO LJUBU\u0160KI","og_description":"Vele\u017e se oprostio od Europe ove sezone, a mostarski klub je i u uzvratu pora\u017een od Hamrun Spartansa s Malte s 1:0 i s ukupnih 2:0 prolaze u narednu fazu natjecanja , gdje ih \u010deka\u00a0dvoboj s Levskim iz Sofije. Vele\u017e agresivno ulazi u me\u010d, ali Ro\u0111eni o\u010digledno je imaju ogroman problem u napadu i te\u0161ko [&hellip;]","og_url":"https:\/\/radioljubuski.ba\/index.php\/2022\/07\/29\/maltezani-presudili-mostarskom-velezu\/","og_site_name":"RADIO LJUBU\u0160KI","article_publisher":"https:\/\/www.facebook.com\/Radiio-Ljubuski-1490835324566332","article_published_time":"2022-07-29T07:14:29+00:00","article_modified_time":"2022-07-29T07:14:30+00:00","og_image":[{"width":285,"height":177,"url":"https:\/\/radioljubuski.ba\/wp-content\/uploads\/2022\/07\/velez-2.jpg","type":"image\/jpeg"}],"author":"Radio Ljubu\u0161ki","twitter_card":"summary_large_image","twitter_creator":"@radioljubuski","twitter_site":"@radioljubuski","twitter_misc":{"Napisao\/la":"Radio Ljubu\u0161ki","Procijenjeno vrijeme \u010ditanja":"2 minute"},"schema":{"@context":"https:\/\/schema.org","@graph":[{"@type":"Article","@id":"https:\/\/radioljubuski.ba\/index.php\/2022\/07\/29\/maltezani-presudili-mostarskom-velezu\/#article","isPartOf":{"@id":"https:\/\/radioljubuski.ba\/index.php\/2022\/07\/29\/maltezani-presudili-mostarskom-velezu\/"},"author":{"name":"Radio Ljubu\u0161ki","@id":"https:\/\/radioljubuski.ba\/#\/schema\/person\/19fc700381a780f69665d7956c469e3b"},"headline":"Malte\u017eani presudili mostarskom Vele\u017eu","datePublished":"2022-07-29T07:14:29+00:00","dateModified":"2022-07-29T07:14:30+00:00","mainEntityOfPage":{"@id":"https:\/\/radioljubuski.ba\/index.php\/2022\/07\/29\/maltezani-presudili-mostarskom-velezu\/"},"wordCount":279,"publisher":{"@id":"https:\/\/radioljubuski.ba\/#organization"},"image":{"@id":"https:\/\/radioljubuski.ba\/index.php\/2022\/07\/29\/maltezani-presudili-mostarskom-velezu\/#primaryimage"},"thumbnailUrl":"https:\/\/radioljubuski.ba\/wp-content\/uploads\/2022\/07\/velez-2.jpg","articleSection":["\u0160port"],"inLanguage":"hr"},{"@type":"WebPage","@id":"https:\/\/radioljubuski.ba\/index.php\/2022\/07\/29\/maltezani-presudili-mostarskom-velezu\/","url":"https:\/\/radioljubuski.ba\/index.php\/2022\/07\/29\/maltezani-presudili-mostarskom-velezu\/","name":"Malte\u017eani presudili mostarskom Vele\u017eu - RADIO LJUBU\u0160KI","isPartOf":{"@id":"https:\/\/radioljubuski.ba\/#website"},"primaryImageOfPage":{"@id":"https:\/\/radioljubuski.ba\/index.php\/2022\/07\/29\/maltezani-presudili-mostarskom-velezu\/#primaryimage"},"image":{"@id":"https:\/\/radioljubuski.ba\/index.php\/2022\/07\/29\/maltezani-presudili-mostarskom-velezu\/#primaryimage"},"thumbnailUrl":"https:\/\/radioljubuski.ba\/wp-content\/uploads\/2022\/07\/velez-2.jpg","datePublished":"2022-07-29T07:14:29+00:00","dateModified":"2022-07-29T07:14:30+00:00","breadcrumb":{"@id":"https:\/\/radioljubuski.ba\/index.php\/2022\/07\/29\/maltezani-presudili-mostarskom-velezu\/#breadcrumb"},"inLanguage":"hr","potentialAction":[{"@type":"ReadAction","target":["https:\/\/radioljubuski.ba\/index.php\/2022\/07\/29\/maltezani-presudili-mostarskom-velezu\/"]}]},{"@type":"ImageObject","inLanguage":"hr","@id":"https:\/\/radioljubuski.ba\/index.php\/2022\/07\/29\/maltezani-presudili-mostarskom-velezu\/#primaryimage","url":"https:\/\/radioljubuski.ba\/wp-content\/uploads\/2022\/07\/velez-2.jpg","contentUrl":"https:\/\/radioljubuski.ba\/wp-content\/uploads\/2022\/07\/velez-2.jpg","width":285,"height":177},{"@type":"BreadcrumbList","@id":"https:\/\/radioljubuski.ba\/index.php\/2022\/07\/29\/maltezani-presudili-mostarskom-velezu\/#breadcrumb","itemListElement":[{"@type":"ListItem","position":1,"name":"Po\u010detna stranica","item":"https:\/\/radioljubuski.ba\/"},{"@type":"ListItem","position":2,"name":"Malte\u017eani presudili mostarskom Vele\u017eu"}]},{"@type":"WebSite","@id":"https:\/\/radioljubuski.ba\/#website","url":"https:\/\/radioljubuski.ba\/","name":"Radio Ljubu\u0161ki","description":"Sun\u010dana frekvencija Hercegovine","publisher":{"@id":"https:\/\/radioljubuski.ba\/#organization"},"potentialAction":[{"@type":"SearchAction","target":{"@type":"EntryPoint","urlTemplate":"https:\/\/radioljubuski.ba\/?s={search_term_string}"},"query-input":{"@type":"PropertyValueSpecification","valueRequired":true,"valueName":"search_term_string"}}],"inLanguage":"hr"},{"@type":"Organization","@id":"https:\/\/radioljubuski.ba\/#organization","name":"Radio Ljubu\u0161ki","url":"https:\/\/radioljubuski.ba\/","logo":{"@type":"ImageObject","inLanguage":"hr","@id":"https:\/\/radioljubuski.ba\/#\/schema\/logo\/image\/","url":"https:\/\/radioljubuski.ba\/wp-content\/uploads\/2021\/02\/cropped-Radio_Ljubuski_logo1.jpg","contentUrl":"https:\/\/radioljubuski.ba\/wp-content\/uploads\/2021\/02\/cropped-Radio_Ljubuski_logo1.jpg","width":512,"height":512,"caption":"Radio Ljubu\u0161ki"},"image":{"@id":"https:\/\/radioljubuski.ba\/#\/schema\/logo\/image\/"},"sameAs":["https:\/\/www.facebook.com\/Radiio-Ljubuski-1490835324566332","https:\/\/x.com\/radioljubuski","https:\/\/hr.linkedin.com\/company\/radio-ljubuski","https:\/\/www.youtube.com\/channel\/UCHYaeO_n0Db3tjNGudGpXyw"]},{"@type":"Person","@id":"https:\/\/radioljubuski.ba\/#\/schema\/person\/19fc700381a780f69665d7956c469e3b","name":"Radio Ljubu\u0161ki"}]}},"_links":{"self":[{"href":"https:\/\/radioljubuski.ba\/index.php\/wp-json\/wp\/v2\/posts\/164513","targetHints":{"allow":["GET"]}}],"collection":[{"href":"https:\/\/radioljubuski.ba\/index.php\/wp-json\/wp\/v2\/posts"}],"about":[{"href":"https:\/\/radioljubuski.ba\/index.php\/wp-json\/wp\/v2\/types\/post"}],"author":[{"embeddable":true,"href":"https:\/\/radioljubuski.ba\/index.php\/wp-json\/wp\/v2\/users\/2"}],"replies":[{"embeddable":true,"href":"https:\/\/radioljubuski.ba\/index.php\/wp-json\/wp\/v2\/comments?post=164513"}],"version-history":[{"count":1,"href":"https:\/\/radioljubuski.ba\/index.php\/wp-json\/wp\/v2\/posts\/164513\/revisions"}],"predecessor-version":[{"id":164515,"href":"https:\/\/radioljubuski.ba\/index.php\/wp-json\/wp\/v2\/posts\/164513\/revisions\/164515"}],"wp:featuredmedia":[{"embeddable":true,"href":"https:\/\/radioljubuski.ba\/index.php\/wp-json\/wp\/v2\/media\/164514"}],"wp:attachment":[{"href":"https:\/\/radioljubuski.ba\/index.php\/wp-json\/wp\/v2\/media?parent=164513"}],"wp:term":[{"taxonomy":"category","embeddable":true,"href":"https:\/\/radioljubuski.ba\/index.php\/wp-json\/wp\/v2\/categories?post=164513"},{"taxonomy":"post_tag","embeddable":true,"href":"https:\/\/radioljubuski.ba\/index.php\/wp-json\/wp\/v2\/tags?post=164513"}],"curies":[{"name":"wp","href":"https:\/\/api.w.org\/{rel}","templated":true}]}}