{"id":164516,"date":"2022-07-29T08:17:47","date_gmt":"2022-07-29T07:17:47","guid":{"rendered":"https:\/\/radioljubuski.ba\/?p=164516"},"modified":"2022-07-29T08:17:48","modified_gmt":"2022-07-29T07:17:48","slug":"jakirovic-jako-je-tesko-mi-smo-na-stazi-prvaka","status":"publish","type":"post","link":"https:\/\/radioljubuski.ba\/index.php\/2022\/07\/29\/jakirovic-jako-je-tesko-mi-smo-na-stazi-prvaka\/","title":{"rendered":"Jakirovi\u0107: Jako je te\u0161ko, mi smo na stazi prvaka"},"content":{"rendered":"\n<p>Iako je imao Zrinjski prednost iz prve utakmice, Sergej Jakirovi\u0107 je tra\u017eio maksimalan oprez. I bio je u pravu. Jer bez obzira na \u010dinjenicu da je Zrinjski vodio 2:0, rekli bi smo imao utakmicu na tanjuru, jedan gol gol gostiju iz Tirane je malo uznemirio more na kojem plovio do tada vrlo sigurno prvak BiH. Imali su gosti i prilike kod 2:1, ali se Zrinjski izvukao, golom u pravom trenutku. &#8220;Jako te\u0161ka i zahtjevna utakmica. Mi smo izbacili jednu jako dobru mom\u010dad, a to smo znali u analizi ove utakmice. Mo\u017eda nismo navikli igrati na rezultat, \u0161to se ti\u010de prve utakmice, 1:0. Nismo htjeli to braniti, nego \u0161to prije zabiti jedan gol. Fantasti\u010dno smo odigrali prvo poluvrijeme. Mo\u017ee to biti jo\u0161 bolje, ali vjerovatno sputa nas pritisak, nervoza. Rekli smo u svla\u010dionici nema povla\u010denja na 2:0, idemo po tre\u0107i gol. Na startu drugog dijela smo primili gol, malo su nas resetovali. Dogodi se, mo\u017eda i dobro za nas, da smo ga primili \u0161to prije, da se resetujemo, poslije 3:1&#8230; Ne treba nam taj nijedan gol, ovo je Europa, mo\u017eda u ligi ne\u0107e\u0161 biti ka\u017enjen, ali u Europi se svaka sitnica ka\u017enjava. Slijedi utakmica protiv Leotara, va\u017ena prvenstvena, ali onda Tobol i prva utakmica tre\u0107eg pretkola. &#8220;Ja sam ve\u0107 rekao da mi nemamo \u0161ta izgubiti u Europi pa se sad svi \u010dudom \u010dude. Ka\u017eem, jako je te\u0161ko, ali mi smo na stazi prvaka. Zna\u010di, mi ne igramo s \u010detvrtim iz Ma\u0111arske, Turske, Slova\u010dke, nego s prvacima, a to su ekipe koje su ostvarili 70% pobjeda u prvenstvu. Ti ljudi, igra\u010di, su navikli da pobje\u0111uju. Ja se ne sla\u017eem da je to lagano, ne\u0107emo mi Tobol potcijeniti, vidim da se ve\u0107 za play off zna ko je pro\u0161ao, pa se Ludogorets tresao u Shamrocku. Ali dobro, to je na\u0161a regija, na\u0161 mentalitet. Mi smo najja\u010di po pri\u010di, a svi ostali ula\u017eu oko nas. Mi \u0107emo se dobro pripremiti kao i za ove prethodne utakmice&#8221; naglasio je Jakirovi\u0107. <\/p>\n\n\n\n<p>izvor: bljesak.info<\/p>\n","protected":false},"excerpt":{"rendered":"<p>Iako je imao Zrinjski prednost iz prve utakmice, Sergej Jakirovi\u0107 je tra\u017eio maksimalan oprez. I bio je u pravu. Jer bez obzira na \u010dinjenicu da je Zrinjski vodio 2:0, rekli bi smo imao utakmicu na tanjuru, jedan gol gol gostiju iz Tirane je malo uznemirio more na kojem plovio do tada vrlo sigurno prvak BiH. [&hellip;]<\/p>\n","protected":false},"author":2,"featured_media":164517,"comment_status":"closed","ping_status":"closed","sticky":false,"template":"","format":"standard","meta":{"h5ap_radio_sources":[],"footnotes":""},"categories":[7],"tags":[],"class_list":["post-164516","post","type-post","status-publish","format-standard","has-post-thumbnail","hentry","category-sport"],"yoast_head":"<!-- This site is optimized with the Yoast SEO plugin v27.5 - https:\/\/yoast.com\/product\/yoast-seo-wordpress\/ -->\n<title>Jakirovi\u0107: Jako je te\u0161ko, mi smo na stazi prvaka - RADIO LJUBU\u0160KI<\/title>\n<meta name=\"robots\" content=\"index, follow, max-snippet:-1, max-image-preview:large, max-video-preview:-1\" \/>\n<link rel=\"canonical\" href=\"https:\/\/radioljubuski.ba\/index.php\/2022\/07\/29\/jakirovic-jako-je-tesko-mi-smo-na-stazi-prvaka\/\" \/>\n<meta property=\"og:locale\" content=\"hr_HR\" \/>\n<meta property=\"og:type\" content=\"article\" \/>\n<meta property=\"og:title\" content=\"Jakirovi\u0107: Jako je te\u0161ko, mi smo na stazi prvaka - RADIO LJUBU\u0160KI\" \/>\n<meta property=\"og:description\" content=\"Iako je imao Zrinjski prednost iz prve utakmice, Sergej Jakirovi\u0107 je tra\u017eio maksimalan oprez. I bio je u pravu. Jer bez obzira na \u010dinjenicu da je Zrinjski vodio 2:0, rekli bi smo imao utakmicu na tanjuru, jedan gol gol gostiju iz Tirane je malo uznemirio more na kojem plovio do tada vrlo sigurno prvak BiH. [&hellip;]\" \/>\n<meta property=\"og:url\" content=\"https:\/\/radioljubuski.ba\/index.php\/2022\/07\/29\/jakirovic-jako-je-tesko-mi-smo-na-stazi-prvaka\/\" \/>\n<meta property=\"og:site_name\" content=\"RADIO LJUBU\u0160KI\" \/>\n<meta property=\"article:publisher\" content=\"https:\/\/www.facebook.com\/Radiio-Ljubuski-1490835324566332\" \/>\n<meta property=\"article:published_time\" content=\"2022-07-29T07:17:47+00:00\" \/>\n<meta property=\"article:modified_time\" content=\"2022-07-29T07:17:48+00:00\" \/>\n<meta property=\"og:image\" content=\"https:\/\/radioljubuski.ba\/wp-content\/uploads\/2022\/07\/jakir.jpg\" \/>\n\t<meta property=\"og:image:width\" content=\"275\" \/>\n\t<meta property=\"og:image:height\" content=\"183\" \/>\n\t<meta property=\"og:image:type\" content=\"image\/jpeg\" \/>\n<meta name=\"author\" content=\"Radio Ljubu\u0161ki\" \/>\n<meta name=\"twitter:card\" content=\"summary_large_image\" \/>\n<meta name=\"twitter:creator\" content=\"@radioljubuski\" \/>\n<meta name=\"twitter:site\" content=\"@radioljubuski\" \/>\n<meta name=\"twitter:label1\" content=\"Napisao\/la\" \/>\n\t<meta name=\"twitter:data1\" content=\"Radio Ljubu\u0161ki\" \/>\n\t<meta name=\"twitter:label2\" content=\"Procijenjeno vrijeme \u010ditanja\" \/>\n\t<meta name=\"twitter:data2\" content=\"2 minute\" \/>\n<script type=\"application\/ld+json\" class=\"yoast-schema-graph\">{\"@context\":\"https:\\\/\\\/schema.org\",\"@graph\":[{\"@type\":\"Article\",\"@id\":\"https:\\\/\\\/radioljubuski.ba\\\/index.php\\\/2022\\\/07\\\/29\\\/jakirovic-jako-je-tesko-mi-smo-na-stazi-prvaka\\\/#article\",\"isPartOf\":{\"@id\":\"https:\\\/\\\/radioljubuski.ba\\\/index.php\\\/2022\\\/07\\\/29\\\/jakirovic-jako-je-tesko-mi-smo-na-stazi-prvaka\\\/\"},\"author\":{\"name\":\"Radio Ljubu\u0161ki\",\"@id\":\"https:\\\/\\\/radioljubuski.ba\\\/#\\\/schema\\\/person\\\/19fc700381a780f69665d7956c469e3b\"},\"headline\":\"Jakirovi\u0107: Jako je te\u0161ko, mi smo na stazi prvaka\",\"datePublished\":\"2022-07-29T07:17:47+00:00\",\"dateModified\":\"2022-07-29T07:17:48+00:00\",\"mainEntityOfPage\":{\"@id\":\"https:\\\/\\\/radioljubuski.ba\\\/index.php\\\/2022\\\/07\\\/29\\\/jakirovic-jako-je-tesko-mi-smo-na-stazi-prvaka\\\/\"},\"wordCount\":363,\"publisher\":{\"@id\":\"https:\\\/\\\/radioljubuski.ba\\\/#organization\"},\"image\":{\"@id\":\"https:\\\/\\\/radioljubuski.ba\\\/index.php\\\/2022\\\/07\\\/29\\\/jakirovic-jako-je-tesko-mi-smo-na-stazi-prvaka\\\/#primaryimage\"},\"thumbnailUrl\":\"https:\\\/\\\/radioljubuski.ba\\\/wp-content\\\/uploads\\\/2022\\\/07\\\/jakir.jpg\",\"articleSection\":[\"\u0160port\"],\"inLanguage\":\"hr\"},{\"@type\":\"WebPage\",\"@id\":\"https:\\\/\\\/radioljubuski.ba\\\/index.php\\\/2022\\\/07\\\/29\\\/jakirovic-jako-je-tesko-mi-smo-na-stazi-prvaka\\\/\",\"url\":\"https:\\\/\\\/radioljubuski.ba\\\/index.php\\\/2022\\\/07\\\/29\\\/jakirovic-jako-je-tesko-mi-smo-na-stazi-prvaka\\\/\",\"name\":\"Jakirovi\u0107: Jako je te\u0161ko, mi smo na stazi prvaka - RADIO LJUBU\u0160KI\",\"isPartOf\":{\"@id\":\"https:\\\/\\\/radioljubuski.ba\\\/#website\"},\"primaryImageOfPage\":{\"@id\":\"https:\\\/\\\/radioljubuski.ba\\\/index.php\\\/2022\\\/07\\\/29\\\/jakirovic-jako-je-tesko-mi-smo-na-stazi-prvaka\\\/#primaryimage\"},\"image\":{\"@id\":\"https:\\\/\\\/radioljubuski.ba\\\/index.php\\\/2022\\\/07\\\/29\\\/jakirovic-jako-je-tesko-mi-smo-na-stazi-prvaka\\\/#primaryimage\"},\"thumbnailUrl\":\"https:\\\/\\\/radioljubuski.ba\\\/wp-content\\\/uploads\\\/2022\\\/07\\\/jakir.jpg\",\"datePublished\":\"2022-07-29T07:17:47+00:00\",\"dateModified\":\"2022-07-29T07:17:48+00:00\",\"breadcrumb\":{\"@id\":\"https:\\\/\\\/radioljubuski.ba\\\/index.php\\\/2022\\\/07\\\/29\\\/jakirovic-jako-je-tesko-mi-smo-na-stazi-prvaka\\\/#breadcrumb\"},\"inLanguage\":\"hr\",\"potentialAction\":[{\"@type\":\"ReadAction\",\"target\":[\"https:\\\/\\\/radioljubuski.ba\\\/index.php\\\/2022\\\/07\\\/29\\\/jakirovic-jako-je-tesko-mi-smo-na-stazi-prvaka\\\/\"]}]},{\"@type\":\"ImageObject\",\"inLanguage\":\"hr\",\"@id\":\"https:\\\/\\\/radioljubuski.ba\\\/index.php\\\/2022\\\/07\\\/29\\\/jakirovic-jako-je-tesko-mi-smo-na-stazi-prvaka\\\/#primaryimage\",\"url\":\"https:\\\/\\\/radioljubuski.ba\\\/wp-content\\\/uploads\\\/2022\\\/07\\\/jakir.jpg\",\"contentUrl\":\"https:\\\/\\\/radioljubuski.ba\\\/wp-content\\\/uploads\\\/2022\\\/07\\\/jakir.jpg\",\"width\":275,\"height\":183},{\"@type\":\"BreadcrumbList\",\"@id\":\"https:\\\/\\\/radioljubuski.ba\\\/index.php\\\/2022\\\/07\\\/29\\\/jakirovic-jako-je-tesko-mi-smo-na-stazi-prvaka\\\/#breadcrumb\",\"itemListElement\":[{\"@type\":\"ListItem\",\"position\":1,\"name\":\"Po\u010detna stranica\",\"item\":\"https:\\\/\\\/radioljubuski.ba\\\/\"},{\"@type\":\"ListItem\",\"position\":2,\"name\":\"Jakirovi\u0107: Jako je te\u0161ko, mi smo na stazi prvaka\"}]},{\"@type\":\"WebSite\",\"@id\":\"https:\\\/\\\/radioljubuski.ba\\\/#website\",\"url\":\"https:\\\/\\\/radioljubuski.ba\\\/\",\"name\":\"Radio Ljubu\u0161ki\",\"description\":\"Sun\u010dana frekvencija Hercegovine\",\"publisher\":{\"@id\":\"https:\\\/\\\/radioljubuski.ba\\\/#organization\"},\"potentialAction\":[{\"@type\":\"SearchAction\",\"target\":{\"@type\":\"EntryPoint\",\"urlTemplate\":\"https:\\\/\\\/radioljubuski.ba\\\/?s={search_term_string}\"},\"query-input\":{\"@type\":\"PropertyValueSpecification\",\"valueRequired\":true,\"valueName\":\"search_term_string\"}}],\"inLanguage\":\"hr\"},{\"@type\":\"Organization\",\"@id\":\"https:\\\/\\\/radioljubuski.ba\\\/#organization\",\"name\":\"Radio Ljubu\u0161ki\",\"url\":\"https:\\\/\\\/radioljubuski.ba\\\/\",\"logo\":{\"@type\":\"ImageObject\",\"inLanguage\":\"hr\",\"@id\":\"https:\\\/\\\/radioljubuski.ba\\\/#\\\/schema\\\/logo\\\/image\\\/\",\"url\":\"https:\\\/\\\/radioljubuski.ba\\\/wp-content\\\/uploads\\\/2021\\\/02\\\/cropped-Radio_Ljubuski_logo1.jpg\",\"contentUrl\":\"https:\\\/\\\/radioljubuski.ba\\\/wp-content\\\/uploads\\\/2021\\\/02\\\/cropped-Radio_Ljubuski_logo1.jpg\",\"width\":512,\"height\":512,\"caption\":\"Radio Ljubu\u0161ki\"},\"image\":{\"@id\":\"https:\\\/\\\/radioljubuski.ba\\\/#\\\/schema\\\/logo\\\/image\\\/\"},\"sameAs\":[\"https:\\\/\\\/www.facebook.com\\\/Radiio-Ljubuski-1490835324566332\",\"https:\\\/\\\/x.com\\\/radioljubuski\",\"https:\\\/\\\/hr.linkedin.com\\\/company\\\/radio-ljubuski\",\"https:\\\/\\\/www.youtube.com\\\/channel\\\/UCHYaeO_n0Db3tjNGudGpXyw\"]},{\"@type\":\"Person\",\"@id\":\"https:\\\/\\\/radioljubuski.ba\\\/#\\\/schema\\\/person\\\/19fc700381a780f69665d7956c469e3b\",\"name\":\"Radio Ljubu\u0161ki\"}]}<\/script>\n<!-- \/ Yoast SEO plugin. -->","yoast_head_json":{"title":"Jakirovi\u0107: Jako je te\u0161ko, mi smo na stazi prvaka - RADIO LJUBU\u0160KI","robots":{"index":"index","follow":"follow","max-snippet":"max-snippet:-1","max-image-preview":"max-image-preview:large","max-video-preview":"max-video-preview:-1"},"canonical":"https:\/\/radioljubuski.ba\/index.php\/2022\/07\/29\/jakirovic-jako-je-tesko-mi-smo-na-stazi-prvaka\/","og_locale":"hr_HR","og_type":"article","og_title":"Jakirovi\u0107: Jako je te\u0161ko, mi smo na stazi prvaka - RADIO LJUBU\u0160KI","og_description":"Iako je imao Zrinjski prednost iz prve utakmice, Sergej Jakirovi\u0107 je tra\u017eio maksimalan oprez. I bio je u pravu. Jer bez obzira na \u010dinjenicu da je Zrinjski vodio 2:0, rekli bi smo imao utakmicu na tanjuru, jedan gol gol gostiju iz Tirane je malo uznemirio more na kojem plovio do tada vrlo sigurno prvak BiH. [&hellip;]","og_url":"https:\/\/radioljubuski.ba\/index.php\/2022\/07\/29\/jakirovic-jako-je-tesko-mi-smo-na-stazi-prvaka\/","og_site_name":"RADIO LJUBU\u0160KI","article_publisher":"https:\/\/www.facebook.com\/Radiio-Ljubuski-1490835324566332","article_published_time":"2022-07-29T07:17:47+00:00","article_modified_time":"2022-07-29T07:17:48+00:00","og_image":[{"width":275,"height":183,"url":"https:\/\/radioljubuski.ba\/wp-content\/uploads\/2022\/07\/jakir.jpg","type":"image\/jpeg"}],"author":"Radio Ljubu\u0161ki","twitter_card":"summary_large_image","twitter_creator":"@radioljubuski","twitter_site":"@radioljubuski","twitter_misc":{"Napisao\/la":"Radio Ljubu\u0161ki","Procijenjeno vrijeme \u010ditanja":"2 minute"},"schema":{"@context":"https:\/\/schema.org","@graph":[{"@type":"Article","@id":"https:\/\/radioljubuski.ba\/index.php\/2022\/07\/29\/jakirovic-jako-je-tesko-mi-smo-na-stazi-prvaka\/#article","isPartOf":{"@id":"https:\/\/radioljubuski.ba\/index.php\/2022\/07\/29\/jakirovic-jako-je-tesko-mi-smo-na-stazi-prvaka\/"},"author":{"name":"Radio Ljubu\u0161ki","@id":"https:\/\/radioljubuski.ba\/#\/schema\/person\/19fc700381a780f69665d7956c469e3b"},"headline":"Jakirovi\u0107: Jako je te\u0161ko, mi smo na stazi prvaka","datePublished":"2022-07-29T07:17:47+00:00","dateModified":"2022-07-29T07:17:48+00:00","mainEntityOfPage":{"@id":"https:\/\/radioljubuski.ba\/index.php\/2022\/07\/29\/jakirovic-jako-je-tesko-mi-smo-na-stazi-prvaka\/"},"wordCount":363,"publisher":{"@id":"https:\/\/radioljubuski.ba\/#organization"},"image":{"@id":"https:\/\/radioljubuski.ba\/index.php\/2022\/07\/29\/jakirovic-jako-je-tesko-mi-smo-na-stazi-prvaka\/#primaryimage"},"thumbnailUrl":"https:\/\/radioljubuski.ba\/wp-content\/uploads\/2022\/07\/jakir.jpg","articleSection":["\u0160port"],"inLanguage":"hr"},{"@type":"WebPage","@id":"https:\/\/radioljubuski.ba\/index.php\/2022\/07\/29\/jakirovic-jako-je-tesko-mi-smo-na-stazi-prvaka\/","url":"https:\/\/radioljubuski.ba\/index.php\/2022\/07\/29\/jakirovic-jako-je-tesko-mi-smo-na-stazi-prvaka\/","name":"Jakirovi\u0107: Jako je te\u0161ko, mi smo na stazi prvaka - RADIO LJUBU\u0160KI","isPartOf":{"@id":"https:\/\/radioljubuski.ba\/#website"},"primaryImageOfPage":{"@id":"https:\/\/radioljubuski.ba\/index.php\/2022\/07\/29\/jakirovic-jako-je-tesko-mi-smo-na-stazi-prvaka\/#primaryimage"},"image":{"@id":"https:\/\/radioljubuski.ba\/index.php\/2022\/07\/29\/jakirovic-jako-je-tesko-mi-smo-na-stazi-prvaka\/#primaryimage"},"thumbnailUrl":"https:\/\/radioljubuski.ba\/wp-content\/uploads\/2022\/07\/jakir.jpg","datePublished":"2022-07-29T07:17:47+00:00","dateModified":"2022-07-29T07:17:48+00:00","breadcrumb":{"@id":"https:\/\/radioljubuski.ba\/index.php\/2022\/07\/29\/jakirovic-jako-je-tesko-mi-smo-na-stazi-prvaka\/#breadcrumb"},"inLanguage":"hr","potentialAction":[{"@type":"ReadAction","target":["https:\/\/radioljubuski.ba\/index.php\/2022\/07\/29\/jakirovic-jako-je-tesko-mi-smo-na-stazi-prvaka\/"]}]},{"@type":"ImageObject","inLanguage":"hr","@id":"https:\/\/radioljubuski.ba\/index.php\/2022\/07\/29\/jakirovic-jako-je-tesko-mi-smo-na-stazi-prvaka\/#primaryimage","url":"https:\/\/radioljubuski.ba\/wp-content\/uploads\/2022\/07\/jakir.jpg","contentUrl":"https:\/\/radioljubuski.ba\/wp-content\/uploads\/2022\/07\/jakir.jpg","width":275,"height":183},{"@type":"BreadcrumbList","@id":"https:\/\/radioljubuski.ba\/index.php\/2022\/07\/29\/jakirovic-jako-je-tesko-mi-smo-na-stazi-prvaka\/#breadcrumb","itemListElement":[{"@type":"ListItem","position":1,"name":"Po\u010detna stranica","item":"https:\/\/radioljubuski.ba\/"},{"@type":"ListItem","position":2,"name":"Jakirovi\u0107: Jako je te\u0161ko, mi smo na stazi prvaka"}]},{"@type":"WebSite","@id":"https:\/\/radioljubuski.ba\/#website","url":"https:\/\/radioljubuski.ba\/","name":"Radio Ljubu\u0161ki","description":"Sun\u010dana frekvencija Hercegovine","publisher":{"@id":"https:\/\/radioljubuski.ba\/#organization"},"potentialAction":[{"@type":"SearchAction","target":{"@type":"EntryPoint","urlTemplate":"https:\/\/radioljubuski.ba\/?s={search_term_string}"},"query-input":{"@type":"PropertyValueSpecification","valueRequired":true,"valueName":"search_term_string"}}],"inLanguage":"hr"},{"@type":"Organization","@id":"https:\/\/radioljubuski.ba\/#organization","name":"Radio Ljubu\u0161ki","url":"https:\/\/radioljubuski.ba\/","logo":{"@type":"ImageObject","inLanguage":"hr","@id":"https:\/\/radioljubuski.ba\/#\/schema\/logo\/image\/","url":"https:\/\/radioljubuski.ba\/wp-content\/uploads\/2021\/02\/cropped-Radio_Ljubuski_logo1.jpg","contentUrl":"https:\/\/radioljubuski.ba\/wp-content\/uploads\/2021\/02\/cropped-Radio_Ljubuski_logo1.jpg","width":512,"height":512,"caption":"Radio Ljubu\u0161ki"},"image":{"@id":"https:\/\/radioljubuski.ba\/#\/schema\/logo\/image\/"},"sameAs":["https:\/\/www.facebook.com\/Radiio-Ljubuski-1490835324566332","https:\/\/x.com\/radioljubuski","https:\/\/hr.linkedin.com\/company\/radio-ljubuski","https:\/\/www.youtube.com\/channel\/UCHYaeO_n0Db3tjNGudGpXyw"]},{"@type":"Person","@id":"https:\/\/radioljubuski.ba\/#\/schema\/person\/19fc700381a780f69665d7956c469e3b","name":"Radio Ljubu\u0161ki"}]}},"_links":{"self":[{"href":"https:\/\/radioljubuski.ba\/index.php\/wp-json\/wp\/v2\/posts\/164516","targetHints":{"allow":["GET"]}}],"collection":[{"href":"https:\/\/radioljubuski.ba\/index.php\/wp-json\/wp\/v2\/posts"}],"about":[{"href":"https:\/\/radioljubuski.ba\/index.php\/wp-json\/wp\/v2\/types\/post"}],"author":[{"embeddable":true,"href":"https:\/\/radioljubuski.ba\/index.php\/wp-json\/wp\/v2\/users\/2"}],"replies":[{"embeddable":true,"href":"https:\/\/radioljubuski.ba\/index.php\/wp-json\/wp\/v2\/comments?post=164516"}],"version-history":[{"count":1,"href":"https:\/\/radioljubuski.ba\/index.php\/wp-json\/wp\/v2\/posts\/164516\/revisions"}],"predecessor-version":[{"id":164518,"href":"https:\/\/radioljubuski.ba\/index.php\/wp-json\/wp\/v2\/posts\/164516\/revisions\/164518"}],"wp:featuredmedia":[{"embeddable":true,"href":"https:\/\/radioljubuski.ba\/index.php\/wp-json\/wp\/v2\/media\/164517"}],"wp:attachment":[{"href":"https:\/\/radioljubuski.ba\/index.php\/wp-json\/wp\/v2\/media?parent=164516"}],"wp:term":[{"taxonomy":"category","embeddable":true,"href":"https:\/\/radioljubuski.ba\/index.php\/wp-json\/wp\/v2\/categories?post=164516"},{"taxonomy":"post_tag","embeddable":true,"href":"https:\/\/radioljubuski.ba\/index.php\/wp-json\/wp\/v2\/tags?post=164516"}],"curies":[{"name":"wp","href":"https:\/\/api.w.org\/{rel}","templated":true}]}}