{"id":164662,"date":"2022-07-29T14:16:35","date_gmt":"2022-07-29T13:16:35","guid":{"rendered":"https:\/\/radioljubuski.ba\/?p=164662"},"modified":"2022-07-29T14:16:36","modified_gmt":"2022-07-29T13:16:36","slug":"milin-protiv-borca-ocekujemo-tesku-utakmicu-necemo-ih-podcijeniti-zbog-posljednjih-rezultata","status":"publish","type":"post","link":"https:\/\/radioljubuski.ba\/index.php\/2022\/07\/29\/milin-protiv-borca-ocekujemo-tesku-utakmicu-necemo-ih-podcijeniti-zbog-posljednjih-rezultata\/","title":{"rendered":"Milin: Protiv Borca o\u010dekujemo te\u0161ku utakmicu; ne\u0107emo ih podcijeniti zbog posljednjih rezultata"},"content":{"rendered":"\n<p>U 3. kolu m:tel Premijer lige BiH na stadionu Mokri Dolac sastaju se H\u0160K Posu\u0161je i FK Borac Banja Luka. Posu\u0161je je do sada igralo samo jednu utakmicu u prvom kolu protiv Vele\u017ea i rezultat je bio 1:1, dok je Borac odigrao dva uvodna kola protiv Sloge i Sarajeva gdje je uspio osvojiti samo jedan bod.<\/p>\n\n\n\n<p>Trener doma\u0107ih Ferdo Milin izrazio je zadovoljstvo atmosferom u svojoj mom\u010dadi, kazav\u0161i kako se marljivo radilo za ovu utakmicu te da na po\u010detku sezone vlada optimizam u Posu\u0161ju.<\/p>\n\n\n\n<p>&#8211; O\u010dekujemo te\u0161ku i zahtjevnu utakmicu, jer je Borac jako dobra mom\u010dad i zbog termina utakmice od 17 sati kada su temperature iznimno visoke, \u0161to dosta ote\u017eava igru \u2013 rekao je Milin.<\/p>\n\n\n\n<p>Dodao je kako bi mu bilo drago da su igrali utakmicu protiv Tuzla Citya zbog natjecateljskog naboja.<\/p>\n\n\n\n<p>&#8211; Prijateljske i natjecateljske utakmice nisu iste i nije isti osje\u0107aj kad se igra. Voljeli bismo da smo odigrali utakmicu protiv Tuzla Citya i da nije bilo odgode. Me\u0111utim, mi smo ovo razdoblje iskoristili na najbolji mogu\u0107i na\u010din i dosta radili, a pobjeda protiv Hajduka je donijela vjeru u mom\u010dadi da se mo\u017ee igrati protiv jakih protivnika i da se mogu ispuniti svi zahtjevi koje stavljam pred igra\u010de \u2013 naglasio je trener Posu\u0161ja.<\/p>\n\n\n\n<p>Osvrnuo se na niz lo\u0161ih rezultata s kojima je Borac u\u0161ao u sezonu, ocijeniv\u0161i da unato\u010d trenutnoj situaciji njihov protivnik zaslu\u017euje po\u0161tovanje.<\/p>\n\n\n\n<p>&#8211; Tradicija koju Borac ima se ne smije zanemariti i to je klub koji ima svoje ime i prezime. Mi ne\u0107emo podcijeniti Borac na osnovu ovih prethodnih rezultata, niti \u0107emo skinuti ga\u0107e. U\u0107i \u0107emo \u010dvrsto i tra\u017eiti pobjedu kao i na svakoj utakmici \u2013 rekao je Milin i dodao da je napada\u010d Gabrijel Boban na raspolaganju za ovaj susret.<\/p>\n\n\n\n<p>Toni Jovi\u0107 je u svom derbiju za Posu\u0161je na Mokrom Docu bio strijelac protiv Vele\u017ea, a sad \u0107e igrati protiv svog biv\u0161eg kluba Borca.<\/p>\n\n\n\n<p>&#8211; O\u010dekivanja su da se napravi \u0161to bolji rezultat. Mogu obe\u0107ati da \u0107emo dati sve od sebe za pobjedu u ovoj utakmici protiv Borca. Vlada jedna obiteljska atmosfera, svi di\u0161emo kao jedan i to nam daje snagu za nove izazove \u2013 rekao je Jovi\u0107.<\/p>\n\n\n\n<p>Utakmica Posu\u0161ja i Borca se igra u subotu od 17 sati na stadionu Mokri Dolac. Glavni sudac ove utakmice bit \u0107e Admir Musi\u0107 iz Sarajeva.<\/p>\n\n\n\n<p>Izvor:pogled.ba<\/p>\n","protected":false},"excerpt":{"rendered":"<p>U 3. kolu m:tel Premijer lige BiH na stadionu Mokri Dolac sastaju se H\u0160K Posu\u0161je i FK Borac Banja Luka. Posu\u0161je je do sada igralo samo jednu utakmicu u prvom kolu protiv Vele\u017ea i rezultat je bio 1:1, dok je Borac odigrao dva uvodna kola protiv Sloge i Sarajeva gdje je uspio osvojiti samo jedan [&hellip;]<\/p>\n","protected":false},"author":2,"featured_media":164663,"comment_status":"closed","ping_status":"closed","sticky":false,"template":"","format":"standard","meta":{"h5ap_radio_sources":[],"footnotes":""},"categories":[7],"tags":[],"class_list":["post-164662","post","type-post","status-publish","format-standard","has-post-thumbnail","hentry","category-sport"],"yoast_head":"<!-- This site is optimized with the Yoast SEO plugin v27.4 - https:\/\/yoast.com\/product\/yoast-seo-wordpress\/ -->\n<title>Milin: Protiv Borca o\u010dekujemo te\u0161ku utakmicu; ne\u0107emo ih podcijeniti zbog posljednjih rezultata - RADIO LJUBU\u0160KI<\/title>\n<meta name=\"robots\" content=\"index, follow, max-snippet:-1, max-image-preview:large, max-video-preview:-1\" \/>\n<link rel=\"canonical\" href=\"https:\/\/radioljubuski.ba\/index.php\/2022\/07\/29\/milin-protiv-borca-ocekujemo-tesku-utakmicu-necemo-ih-podcijeniti-zbog-posljednjih-rezultata\/\" \/>\n<meta property=\"og:locale\" content=\"hr_HR\" \/>\n<meta property=\"og:type\" content=\"article\" \/>\n<meta property=\"og:title\" content=\"Milin: Protiv Borca o\u010dekujemo te\u0161ku utakmicu; ne\u0107emo ih podcijeniti zbog posljednjih rezultata - RADIO LJUBU\u0160KI\" \/>\n<meta property=\"og:description\" content=\"U 3. kolu m:tel Premijer lige BiH na stadionu Mokri Dolac sastaju se H\u0160K Posu\u0161je i FK Borac Banja Luka. Posu\u0161je je do sada igralo samo jednu utakmicu u prvom kolu protiv Vele\u017ea i rezultat je bio 1:1, dok je Borac odigrao dva uvodna kola protiv Sloge i Sarajeva gdje je uspio osvojiti samo jedan [&hellip;]\" \/>\n<meta property=\"og:url\" content=\"https:\/\/radioljubuski.ba\/index.php\/2022\/07\/29\/milin-protiv-borca-ocekujemo-tesku-utakmicu-necemo-ih-podcijeniti-zbog-posljednjih-rezultata\/\" \/>\n<meta property=\"og:site_name\" content=\"RADIO LJUBU\u0160KI\" \/>\n<meta property=\"article:publisher\" content=\"https:\/\/www.facebook.com\/Radiio-Ljubuski-1490835324566332\" \/>\n<meta property=\"article:published_time\" content=\"2022-07-29T13:16:35+00:00\" \/>\n<meta property=\"article:modified_time\" content=\"2022-07-29T13:16:36+00:00\" \/>\n<meta property=\"og:image\" content=\"https:\/\/radioljubuski.ba\/wp-content\/uploads\/2022\/07\/10-2022-07-29-14-09-59-Snimka-zaslona-2022-07-29-140901.jpg\" \/>\n\t<meta property=\"og:image:width\" content=\"1000\" \/>\n\t<meta property=\"og:image:height\" content=\"625\" \/>\n\t<meta property=\"og:image:type\" content=\"image\/jpeg\" \/>\n<meta name=\"author\" content=\"Radio Ljubu\u0161ki\" \/>\n<meta name=\"twitter:card\" content=\"summary_large_image\" \/>\n<meta name=\"twitter:creator\" content=\"@radioljubuski\" \/>\n<meta name=\"twitter:site\" content=\"@radioljubuski\" \/>\n<meta name=\"twitter:label1\" content=\"Napisao\/la\" \/>\n\t<meta name=\"twitter:data1\" content=\"Radio Ljubu\u0161ki\" \/>\n\t<meta name=\"twitter:label2\" content=\"Procijenjeno vrijeme \u010ditanja\" \/>\n\t<meta name=\"twitter:data2\" content=\"2 minute\" \/>\n<script type=\"application\/ld+json\" class=\"yoast-schema-graph\">{\"@context\":\"https:\\\/\\\/schema.org\",\"@graph\":[{\"@type\":\"Article\",\"@id\":\"https:\\\/\\\/radioljubuski.ba\\\/index.php\\\/2022\\\/07\\\/29\\\/milin-protiv-borca-ocekujemo-tesku-utakmicu-necemo-ih-podcijeniti-zbog-posljednjih-rezultata\\\/#article\",\"isPartOf\":{\"@id\":\"https:\\\/\\\/radioljubuski.ba\\\/index.php\\\/2022\\\/07\\\/29\\\/milin-protiv-borca-ocekujemo-tesku-utakmicu-necemo-ih-podcijeniti-zbog-posljednjih-rezultata\\\/\"},\"author\":{\"name\":\"Radio Ljubu\u0161ki\",\"@id\":\"https:\\\/\\\/radioljubuski.ba\\\/#\\\/schema\\\/person\\\/19fc700381a780f69665d7956c469e3b\"},\"headline\":\"Milin: Protiv Borca o\u010dekujemo te\u0161ku utakmicu; ne\u0107emo ih podcijeniti zbog posljednjih rezultata\",\"datePublished\":\"2022-07-29T13:16:35+00:00\",\"dateModified\":\"2022-07-29T13:16:36+00:00\",\"mainEntityOfPage\":{\"@id\":\"https:\\\/\\\/radioljubuski.ba\\\/index.php\\\/2022\\\/07\\\/29\\\/milin-protiv-borca-ocekujemo-tesku-utakmicu-necemo-ih-podcijeniti-zbog-posljednjih-rezultata\\\/\"},\"wordCount\":428,\"publisher\":{\"@id\":\"https:\\\/\\\/radioljubuski.ba\\\/#organization\"},\"image\":{\"@id\":\"https:\\\/\\\/radioljubuski.ba\\\/index.php\\\/2022\\\/07\\\/29\\\/milin-protiv-borca-ocekujemo-tesku-utakmicu-necemo-ih-podcijeniti-zbog-posljednjih-rezultata\\\/#primaryimage\"},\"thumbnailUrl\":\"https:\\\/\\\/radioljubuski.ba\\\/wp-content\\\/uploads\\\/2022\\\/07\\\/10-2022-07-29-14-09-59-Snimka-zaslona-2022-07-29-140901.jpg\",\"articleSection\":[\"\u0160port\"],\"inLanguage\":\"hr\"},{\"@type\":\"WebPage\",\"@id\":\"https:\\\/\\\/radioljubuski.ba\\\/index.php\\\/2022\\\/07\\\/29\\\/milin-protiv-borca-ocekujemo-tesku-utakmicu-necemo-ih-podcijeniti-zbog-posljednjih-rezultata\\\/\",\"url\":\"https:\\\/\\\/radioljubuski.ba\\\/index.php\\\/2022\\\/07\\\/29\\\/milin-protiv-borca-ocekujemo-tesku-utakmicu-necemo-ih-podcijeniti-zbog-posljednjih-rezultata\\\/\",\"name\":\"Milin: Protiv Borca o\u010dekujemo te\u0161ku utakmicu; ne\u0107emo ih podcijeniti zbog posljednjih rezultata - RADIO LJUBU\u0160KI\",\"isPartOf\":{\"@id\":\"https:\\\/\\\/radioljubuski.ba\\\/#website\"},\"primaryImageOfPage\":{\"@id\":\"https:\\\/\\\/radioljubuski.ba\\\/index.php\\\/2022\\\/07\\\/29\\\/milin-protiv-borca-ocekujemo-tesku-utakmicu-necemo-ih-podcijeniti-zbog-posljednjih-rezultata\\\/#primaryimage\"},\"image\":{\"@id\":\"https:\\\/\\\/radioljubuski.ba\\\/index.php\\\/2022\\\/07\\\/29\\\/milin-protiv-borca-ocekujemo-tesku-utakmicu-necemo-ih-podcijeniti-zbog-posljednjih-rezultata\\\/#primaryimage\"},\"thumbnailUrl\":\"https:\\\/\\\/radioljubuski.ba\\\/wp-content\\\/uploads\\\/2022\\\/07\\\/10-2022-07-29-14-09-59-Snimka-zaslona-2022-07-29-140901.jpg\",\"datePublished\":\"2022-07-29T13:16:35+00:00\",\"dateModified\":\"2022-07-29T13:16:36+00:00\",\"breadcrumb\":{\"@id\":\"https:\\\/\\\/radioljubuski.ba\\\/index.php\\\/2022\\\/07\\\/29\\\/milin-protiv-borca-ocekujemo-tesku-utakmicu-necemo-ih-podcijeniti-zbog-posljednjih-rezultata\\\/#breadcrumb\"},\"inLanguage\":\"hr\",\"potentialAction\":[{\"@type\":\"ReadAction\",\"target\":[\"https:\\\/\\\/radioljubuski.ba\\\/index.php\\\/2022\\\/07\\\/29\\\/milin-protiv-borca-ocekujemo-tesku-utakmicu-necemo-ih-podcijeniti-zbog-posljednjih-rezultata\\\/\"]}]},{\"@type\":\"ImageObject\",\"inLanguage\":\"hr\",\"@id\":\"https:\\\/\\\/radioljubuski.ba\\\/index.php\\\/2022\\\/07\\\/29\\\/milin-protiv-borca-ocekujemo-tesku-utakmicu-necemo-ih-podcijeniti-zbog-posljednjih-rezultata\\\/#primaryimage\",\"url\":\"https:\\\/\\\/radioljubuski.ba\\\/wp-content\\\/uploads\\\/2022\\\/07\\\/10-2022-07-29-14-09-59-Snimka-zaslona-2022-07-29-140901.jpg\",\"contentUrl\":\"https:\\\/\\\/radioljubuski.ba\\\/wp-content\\\/uploads\\\/2022\\\/07\\\/10-2022-07-29-14-09-59-Snimka-zaslona-2022-07-29-140901.jpg\",\"width\":1000,\"height\":625},{\"@type\":\"BreadcrumbList\",\"@id\":\"https:\\\/\\\/radioljubuski.ba\\\/index.php\\\/2022\\\/07\\\/29\\\/milin-protiv-borca-ocekujemo-tesku-utakmicu-necemo-ih-podcijeniti-zbog-posljednjih-rezultata\\\/#breadcrumb\",\"itemListElement\":[{\"@type\":\"ListItem\",\"position\":1,\"name\":\"Po\u010detna stranica\",\"item\":\"https:\\\/\\\/radioljubuski.ba\\\/\"},{\"@type\":\"ListItem\",\"position\":2,\"name\":\"Milin: Protiv Borca o\u010dekujemo te\u0161ku utakmicu; ne\u0107emo ih podcijeniti zbog posljednjih rezultata\"}]},{\"@type\":\"WebSite\",\"@id\":\"https:\\\/\\\/radioljubuski.ba\\\/#website\",\"url\":\"https:\\\/\\\/radioljubuski.ba\\\/\",\"name\":\"Radio Ljubu\u0161ki\",\"description\":\"Sun\u010dana frekvencija Hercegovine\",\"publisher\":{\"@id\":\"https:\\\/\\\/radioljubuski.ba\\\/#organization\"},\"potentialAction\":[{\"@type\":\"SearchAction\",\"target\":{\"@type\":\"EntryPoint\",\"urlTemplate\":\"https:\\\/\\\/radioljubuski.ba\\\/?s={search_term_string}\"},\"query-input\":{\"@type\":\"PropertyValueSpecification\",\"valueRequired\":true,\"valueName\":\"search_term_string\"}}],\"inLanguage\":\"hr\"},{\"@type\":\"Organization\",\"@id\":\"https:\\\/\\\/radioljubuski.ba\\\/#organization\",\"name\":\"Radio Ljubu\u0161ki\",\"url\":\"https:\\\/\\\/radioljubuski.ba\\\/\",\"logo\":{\"@type\":\"ImageObject\",\"inLanguage\":\"hr\",\"@id\":\"https:\\\/\\\/radioljubuski.ba\\\/#\\\/schema\\\/logo\\\/image\\\/\",\"url\":\"https:\\\/\\\/radioljubuski.ba\\\/wp-content\\\/uploads\\\/2021\\\/02\\\/cropped-Radio_Ljubuski_logo1.jpg\",\"contentUrl\":\"https:\\\/\\\/radioljubuski.ba\\\/wp-content\\\/uploads\\\/2021\\\/02\\\/cropped-Radio_Ljubuski_logo1.jpg\",\"width\":512,\"height\":512,\"caption\":\"Radio Ljubu\u0161ki\"},\"image\":{\"@id\":\"https:\\\/\\\/radioljubuski.ba\\\/#\\\/schema\\\/logo\\\/image\\\/\"},\"sameAs\":[\"https:\\\/\\\/www.facebook.com\\\/Radiio-Ljubuski-1490835324566332\",\"https:\\\/\\\/x.com\\\/radioljubuski\",\"https:\\\/\\\/hr.linkedin.com\\\/company\\\/radio-ljubuski\",\"https:\\\/\\\/www.youtube.com\\\/channel\\\/UCHYaeO_n0Db3tjNGudGpXyw\"]},{\"@type\":\"Person\",\"@id\":\"https:\\\/\\\/radioljubuski.ba\\\/#\\\/schema\\\/person\\\/19fc700381a780f69665d7956c469e3b\",\"name\":\"Radio Ljubu\u0161ki\"}]}<\/script>\n<!-- \/ Yoast SEO plugin. -->","yoast_head_json":{"title":"Milin: Protiv Borca o\u010dekujemo te\u0161ku utakmicu; ne\u0107emo ih podcijeniti zbog posljednjih rezultata - RADIO LJUBU\u0160KI","robots":{"index":"index","follow":"follow","max-snippet":"max-snippet:-1","max-image-preview":"max-image-preview:large","max-video-preview":"max-video-preview:-1"},"canonical":"https:\/\/radioljubuski.ba\/index.php\/2022\/07\/29\/milin-protiv-borca-ocekujemo-tesku-utakmicu-necemo-ih-podcijeniti-zbog-posljednjih-rezultata\/","og_locale":"hr_HR","og_type":"article","og_title":"Milin: Protiv Borca o\u010dekujemo te\u0161ku utakmicu; ne\u0107emo ih podcijeniti zbog posljednjih rezultata - RADIO LJUBU\u0160KI","og_description":"U 3. kolu m:tel Premijer lige BiH na stadionu Mokri Dolac sastaju se H\u0160K Posu\u0161je i FK Borac Banja Luka. Posu\u0161je je do sada igralo samo jednu utakmicu u prvom kolu protiv Vele\u017ea i rezultat je bio 1:1, dok je Borac odigrao dva uvodna kola protiv Sloge i Sarajeva gdje je uspio osvojiti samo jedan [&hellip;]","og_url":"https:\/\/radioljubuski.ba\/index.php\/2022\/07\/29\/milin-protiv-borca-ocekujemo-tesku-utakmicu-necemo-ih-podcijeniti-zbog-posljednjih-rezultata\/","og_site_name":"RADIO LJUBU\u0160KI","article_publisher":"https:\/\/www.facebook.com\/Radiio-Ljubuski-1490835324566332","article_published_time":"2022-07-29T13:16:35+00:00","article_modified_time":"2022-07-29T13:16:36+00:00","og_image":[{"width":1000,"height":625,"url":"https:\/\/radioljubuski.ba\/wp-content\/uploads\/2022\/07\/10-2022-07-29-14-09-59-Snimka-zaslona-2022-07-29-140901.jpg","type":"image\/jpeg"}],"author":"Radio Ljubu\u0161ki","twitter_card":"summary_large_image","twitter_creator":"@radioljubuski","twitter_site":"@radioljubuski","twitter_misc":{"Napisao\/la":"Radio Ljubu\u0161ki","Procijenjeno vrijeme \u010ditanja":"2 minute"},"schema":{"@context":"https:\/\/schema.org","@graph":[{"@type":"Article","@id":"https:\/\/radioljubuski.ba\/index.php\/2022\/07\/29\/milin-protiv-borca-ocekujemo-tesku-utakmicu-necemo-ih-podcijeniti-zbog-posljednjih-rezultata\/#article","isPartOf":{"@id":"https:\/\/radioljubuski.ba\/index.php\/2022\/07\/29\/milin-protiv-borca-ocekujemo-tesku-utakmicu-necemo-ih-podcijeniti-zbog-posljednjih-rezultata\/"},"author":{"name":"Radio Ljubu\u0161ki","@id":"https:\/\/radioljubuski.ba\/#\/schema\/person\/19fc700381a780f69665d7956c469e3b"},"headline":"Milin: Protiv Borca o\u010dekujemo te\u0161ku utakmicu; ne\u0107emo ih podcijeniti zbog posljednjih rezultata","datePublished":"2022-07-29T13:16:35+00:00","dateModified":"2022-07-29T13:16:36+00:00","mainEntityOfPage":{"@id":"https:\/\/radioljubuski.ba\/index.php\/2022\/07\/29\/milin-protiv-borca-ocekujemo-tesku-utakmicu-necemo-ih-podcijeniti-zbog-posljednjih-rezultata\/"},"wordCount":428,"publisher":{"@id":"https:\/\/radioljubuski.ba\/#organization"},"image":{"@id":"https:\/\/radioljubuski.ba\/index.php\/2022\/07\/29\/milin-protiv-borca-ocekujemo-tesku-utakmicu-necemo-ih-podcijeniti-zbog-posljednjih-rezultata\/#primaryimage"},"thumbnailUrl":"https:\/\/radioljubuski.ba\/wp-content\/uploads\/2022\/07\/10-2022-07-29-14-09-59-Snimka-zaslona-2022-07-29-140901.jpg","articleSection":["\u0160port"],"inLanguage":"hr"},{"@type":"WebPage","@id":"https:\/\/radioljubuski.ba\/index.php\/2022\/07\/29\/milin-protiv-borca-ocekujemo-tesku-utakmicu-necemo-ih-podcijeniti-zbog-posljednjih-rezultata\/","url":"https:\/\/radioljubuski.ba\/index.php\/2022\/07\/29\/milin-protiv-borca-ocekujemo-tesku-utakmicu-necemo-ih-podcijeniti-zbog-posljednjih-rezultata\/","name":"Milin: Protiv Borca o\u010dekujemo te\u0161ku utakmicu; ne\u0107emo ih podcijeniti zbog posljednjih rezultata - RADIO LJUBU\u0160KI","isPartOf":{"@id":"https:\/\/radioljubuski.ba\/#website"},"primaryImageOfPage":{"@id":"https:\/\/radioljubuski.ba\/index.php\/2022\/07\/29\/milin-protiv-borca-ocekujemo-tesku-utakmicu-necemo-ih-podcijeniti-zbog-posljednjih-rezultata\/#primaryimage"},"image":{"@id":"https:\/\/radioljubuski.ba\/index.php\/2022\/07\/29\/milin-protiv-borca-ocekujemo-tesku-utakmicu-necemo-ih-podcijeniti-zbog-posljednjih-rezultata\/#primaryimage"},"thumbnailUrl":"https:\/\/radioljubuski.ba\/wp-content\/uploads\/2022\/07\/10-2022-07-29-14-09-59-Snimka-zaslona-2022-07-29-140901.jpg","datePublished":"2022-07-29T13:16:35+00:00","dateModified":"2022-07-29T13:16:36+00:00","breadcrumb":{"@id":"https:\/\/radioljubuski.ba\/index.php\/2022\/07\/29\/milin-protiv-borca-ocekujemo-tesku-utakmicu-necemo-ih-podcijeniti-zbog-posljednjih-rezultata\/#breadcrumb"},"inLanguage":"hr","potentialAction":[{"@type":"ReadAction","target":["https:\/\/radioljubuski.ba\/index.php\/2022\/07\/29\/milin-protiv-borca-ocekujemo-tesku-utakmicu-necemo-ih-podcijeniti-zbog-posljednjih-rezultata\/"]}]},{"@type":"ImageObject","inLanguage":"hr","@id":"https:\/\/radioljubuski.ba\/index.php\/2022\/07\/29\/milin-protiv-borca-ocekujemo-tesku-utakmicu-necemo-ih-podcijeniti-zbog-posljednjih-rezultata\/#primaryimage","url":"https:\/\/radioljubuski.ba\/wp-content\/uploads\/2022\/07\/10-2022-07-29-14-09-59-Snimka-zaslona-2022-07-29-140901.jpg","contentUrl":"https:\/\/radioljubuski.ba\/wp-content\/uploads\/2022\/07\/10-2022-07-29-14-09-59-Snimka-zaslona-2022-07-29-140901.jpg","width":1000,"height":625},{"@type":"BreadcrumbList","@id":"https:\/\/radioljubuski.ba\/index.php\/2022\/07\/29\/milin-protiv-borca-ocekujemo-tesku-utakmicu-necemo-ih-podcijeniti-zbog-posljednjih-rezultata\/#breadcrumb","itemListElement":[{"@type":"ListItem","position":1,"name":"Po\u010detna stranica","item":"https:\/\/radioljubuski.ba\/"},{"@type":"ListItem","position":2,"name":"Milin: Protiv Borca o\u010dekujemo te\u0161ku utakmicu; ne\u0107emo ih podcijeniti zbog posljednjih rezultata"}]},{"@type":"WebSite","@id":"https:\/\/radioljubuski.ba\/#website","url":"https:\/\/radioljubuski.ba\/","name":"Radio Ljubu\u0161ki","description":"Sun\u010dana frekvencija Hercegovine","publisher":{"@id":"https:\/\/radioljubuski.ba\/#organization"},"potentialAction":[{"@type":"SearchAction","target":{"@type":"EntryPoint","urlTemplate":"https:\/\/radioljubuski.ba\/?s={search_term_string}"},"query-input":{"@type":"PropertyValueSpecification","valueRequired":true,"valueName":"search_term_string"}}],"inLanguage":"hr"},{"@type":"Organization","@id":"https:\/\/radioljubuski.ba\/#organization","name":"Radio Ljubu\u0161ki","url":"https:\/\/radioljubuski.ba\/","logo":{"@type":"ImageObject","inLanguage":"hr","@id":"https:\/\/radioljubuski.ba\/#\/schema\/logo\/image\/","url":"https:\/\/radioljubuski.ba\/wp-content\/uploads\/2021\/02\/cropped-Radio_Ljubuski_logo1.jpg","contentUrl":"https:\/\/radioljubuski.ba\/wp-content\/uploads\/2021\/02\/cropped-Radio_Ljubuski_logo1.jpg","width":512,"height":512,"caption":"Radio Ljubu\u0161ki"},"image":{"@id":"https:\/\/radioljubuski.ba\/#\/schema\/logo\/image\/"},"sameAs":["https:\/\/www.facebook.com\/Radiio-Ljubuski-1490835324566332","https:\/\/x.com\/radioljubuski","https:\/\/hr.linkedin.com\/company\/radio-ljubuski","https:\/\/www.youtube.com\/channel\/UCHYaeO_n0Db3tjNGudGpXyw"]},{"@type":"Person","@id":"https:\/\/radioljubuski.ba\/#\/schema\/person\/19fc700381a780f69665d7956c469e3b","name":"Radio Ljubu\u0161ki"}]}},"_links":{"self":[{"href":"https:\/\/radioljubuski.ba\/index.php\/wp-json\/wp\/v2\/posts\/164662","targetHints":{"allow":["GET"]}}],"collection":[{"href":"https:\/\/radioljubuski.ba\/index.php\/wp-json\/wp\/v2\/posts"}],"about":[{"href":"https:\/\/radioljubuski.ba\/index.php\/wp-json\/wp\/v2\/types\/post"}],"author":[{"embeddable":true,"href":"https:\/\/radioljubuski.ba\/index.php\/wp-json\/wp\/v2\/users\/2"}],"replies":[{"embeddable":true,"href":"https:\/\/radioljubuski.ba\/index.php\/wp-json\/wp\/v2\/comments?post=164662"}],"version-history":[{"count":1,"href":"https:\/\/radioljubuski.ba\/index.php\/wp-json\/wp\/v2\/posts\/164662\/revisions"}],"predecessor-version":[{"id":164664,"href":"https:\/\/radioljubuski.ba\/index.php\/wp-json\/wp\/v2\/posts\/164662\/revisions\/164664"}],"wp:featuredmedia":[{"embeddable":true,"href":"https:\/\/radioljubuski.ba\/index.php\/wp-json\/wp\/v2\/media\/164663"}],"wp:attachment":[{"href":"https:\/\/radioljubuski.ba\/index.php\/wp-json\/wp\/v2\/media?parent=164662"}],"wp:term":[{"taxonomy":"category","embeddable":true,"href":"https:\/\/radioljubuski.ba\/index.php\/wp-json\/wp\/v2\/categories?post=164662"},{"taxonomy":"post_tag","embeddable":true,"href":"https:\/\/radioljubuski.ba\/index.php\/wp-json\/wp\/v2\/tags?post=164662"}],"curies":[{"name":"wp","href":"https:\/\/api.w.org\/{rel}","templated":true}]}}