{"id":164665,"date":"2022-07-29T14:17:46","date_gmt":"2022-07-29T13:17:46","guid":{"rendered":"https:\/\/radioljubuski.ba\/?p=164665"},"modified":"2022-07-29T14:17:47","modified_gmt":"2022-07-29T13:17:47","slug":"dijaspora-iz-sad-a-prikuplja-novac-za-pomoc-kosarkaskim-reprezentacijama-bosne-i-hercegovine","status":"publish","type":"post","link":"https:\/\/radioljubuski.ba\/index.php\/2022\/07\/29\/dijaspora-iz-sad-a-prikuplja-novac-za-pomoc-kosarkaskim-reprezentacijama-bosne-i-hercegovine\/","title":{"rendered":"Dijaspora iz SAD-a prikuplja novac za pomo\u0107 ko\u0161arka\u0161kim reprezentacijama Bosne i Hercegovine"},"content":{"rendered":"\n<p>S obzirom na veliki broj poziva prema bh. dr\u017eavljana koji \u017eive u Sjedinjenim Ameri\u010dkim Dr\u017eavama, a \u017eele pomo\u0107i u finansiranju ko\u0161arka\u0161kih reprezentacija na\u0161e zemlje, Ko\u0161arka\u0161ki savez Bosne i Hercegovine pokrenuo je akciju prikupljanja sredstava putem GoFundMe platforme iu SAD-u.<\/p>\n\n\n\n<p>Kako isti\u010de generalni sekretar KSBiH Amer \u010colan, pomo\u0107 dijaspore mo\u017ee biti presudna u poku\u0161aju zatvaranja financijske konstrukcije za pripreme reprezentacije i nastup na velikim natjecanjima.<\/p>\n\n\n\n<p>&#8220;Rije\u010d je o akciji sli\u010dnoj onoj u Australiji, koju je tako\u0111er pokrenula na\u0161a dijaspora. Odlu\u010dili smo je pokrenuti nakon poziva gra\u0111ana BiH koji \u017eive u SAD-u, a koji zaista \u017eele pomo\u0107i. Tada smo kontaktirali Ismira Mirvi\u0107a, predsjednika FK Sarajevo, koji se tako\u0111er uklju\u010dio u ovu pri\u010du, te se nadamo da \u0107e njegov primjer slijediti jo\u0161 ljudi dobre volje\u201d, ka\u017ee \u010colan.<\/p>\n\n\n\n<p>Mirvi\u0107 je upravo otvorio ra\u010dun za donacije, a svi zainteresirani novac mogu uplatiti na GoFundMe stranici.<\/p>\n\n\n\n<p>Podsjetimo, ranije su Ko\u0161arka\u0161ki savez Bosne i Hercegovine i po\u010dasni konzul na\u0161e zemlje u Australiji Amir \u0160ahinovi\u0107 pokrenuli akciju prikupljanja novca za nastup na\u0161ih ko\u0161arka\u0161a na Svjetskom prvenstvu.<\/p>\n\n\n\n<p>Do sada je na stranici GoFundMe za ove namjene prikupljeno 27.000 od potrebnih 45.700 australskih dolara.<\/p>\n\n\n\n<p>Izvor:pogled.ba<\/p>\n","protected":false},"excerpt":{"rendered":"<p>S obzirom na veliki broj poziva prema bh. dr\u017eavljana koji \u017eive u Sjedinjenim Ameri\u010dkim Dr\u017eavama, a \u017eele pomo\u0107i u finansiranju ko\u0161arka\u0161kih reprezentacija na\u0161e zemlje, Ko\u0161arka\u0161ki savez Bosne i Hercegovine pokrenuo je akciju prikupljanja sredstava putem GoFundMe platforme iu SAD-u. Kako isti\u010de generalni sekretar KSBiH Amer \u010colan, pomo\u0107 dijaspore mo\u017ee biti presudna u poku\u0161aju zatvaranja financijske [&hellip;]<\/p>\n","protected":false},"author":2,"featured_media":164666,"comment_status":"closed","ping_status":"closed","sticky":false,"template":"","format":"standard","meta":{"h5ap_radio_sources":[],"footnotes":""},"categories":[7],"tags":[],"class_list":["post-164665","post","type-post","status-publish","format-standard","has-post-thumbnail","hentry","category-sport"],"yoast_head":"<!-- This site is optimized with the Yoast SEO plugin v27.5 - https:\/\/yoast.com\/product\/yoast-seo-wordpress\/ -->\n<title>Dijaspora iz SAD-a prikuplja novac za pomo\u0107 ko\u0161arka\u0161kim reprezentacijama Bosne i Hercegovine - RADIO LJUBU\u0160KI<\/title>\n<meta name=\"robots\" content=\"index, follow, max-snippet:-1, max-image-preview:large, max-video-preview:-1\" \/>\n<link rel=\"canonical\" href=\"https:\/\/radioljubuski.ba\/index.php\/2022\/07\/29\/dijaspora-iz-sad-a-prikuplja-novac-za-pomoc-kosarkaskim-reprezentacijama-bosne-i-hercegovine\/\" \/>\n<meta property=\"og:locale\" content=\"hr_HR\" \/>\n<meta property=\"og:type\" content=\"article\" \/>\n<meta property=\"og:title\" content=\"Dijaspora iz SAD-a prikuplja novac za pomo\u0107 ko\u0161arka\u0161kim reprezentacijama Bosne i Hercegovine - RADIO LJUBU\u0160KI\" \/>\n<meta property=\"og:description\" content=\"S obzirom na veliki broj poziva prema bh. dr\u017eavljana koji \u017eive u Sjedinjenim Ameri\u010dkim Dr\u017eavama, a \u017eele pomo\u0107i u finansiranju ko\u0161arka\u0161kih reprezentacija na\u0161e zemlje, Ko\u0161arka\u0161ki savez Bosne i Hercegovine pokrenuo je akciju prikupljanja sredstava putem GoFundMe platforme iu SAD-u. Kako isti\u010de generalni sekretar KSBiH Amer \u010colan, pomo\u0107 dijaspore mo\u017ee biti presudna u poku\u0161aju zatvaranja financijske [&hellip;]\" \/>\n<meta property=\"og:url\" content=\"https:\/\/radioljubuski.ba\/index.php\/2022\/07\/29\/dijaspora-iz-sad-a-prikuplja-novac-za-pomoc-kosarkaskim-reprezentacijama-bosne-i-hercegovine\/\" \/>\n<meta property=\"og:site_name\" content=\"RADIO LJUBU\u0160KI\" \/>\n<meta property=\"article:publisher\" content=\"https:\/\/www.facebook.com\/Radiio-Ljubuski-1490835324566332\" \/>\n<meta property=\"article:published_time\" content=\"2022-07-29T13:17:46+00:00\" \/>\n<meta property=\"article:modified_time\" content=\"2022-07-29T13:17:47+00:00\" \/>\n<meta property=\"og:image\" content=\"https:\/\/radioljubuski.ba\/wp-content\/uploads\/2022\/07\/10-2022-07-29-12-49-12-Snimka-zaslona-2022-07-29-124753.jpg\" \/>\n\t<meta property=\"og:image:width\" content=\"1000\" \/>\n\t<meta property=\"og:image:height\" content=\"625\" \/>\n\t<meta property=\"og:image:type\" content=\"image\/jpeg\" \/>\n<meta name=\"author\" content=\"Radio Ljubu\u0161ki\" \/>\n<meta name=\"twitter:card\" content=\"summary_large_image\" \/>\n<meta name=\"twitter:creator\" content=\"@radioljubuski\" \/>\n<meta name=\"twitter:site\" content=\"@radioljubuski\" \/>\n<meta name=\"twitter:label1\" content=\"Napisao\/la\" \/>\n\t<meta name=\"twitter:data1\" content=\"Radio Ljubu\u0161ki\" \/>\n\t<meta name=\"twitter:label2\" content=\"Procijenjeno vrijeme \u010ditanja\" \/>\n\t<meta name=\"twitter:data2\" content=\"1 minuta\" \/>\n<script type=\"application\/ld+json\" class=\"yoast-schema-graph\">{\"@context\":\"https:\\\/\\\/schema.org\",\"@graph\":[{\"@type\":\"Article\",\"@id\":\"https:\\\/\\\/radioljubuski.ba\\\/index.php\\\/2022\\\/07\\\/29\\\/dijaspora-iz-sad-a-prikuplja-novac-za-pomoc-kosarkaskim-reprezentacijama-bosne-i-hercegovine\\\/#article\",\"isPartOf\":{\"@id\":\"https:\\\/\\\/radioljubuski.ba\\\/index.php\\\/2022\\\/07\\\/29\\\/dijaspora-iz-sad-a-prikuplja-novac-za-pomoc-kosarkaskim-reprezentacijama-bosne-i-hercegovine\\\/\"},\"author\":{\"name\":\"Radio Ljubu\u0161ki\",\"@id\":\"https:\\\/\\\/radioljubuski.ba\\\/#\\\/schema\\\/person\\\/19fc700381a780f69665d7956c469e3b\"},\"headline\":\"Dijaspora iz SAD-a prikuplja novac za pomo\u0107 ko\u0161arka\u0161kim reprezentacijama Bosne i Hercegovine\",\"datePublished\":\"2022-07-29T13:17:46+00:00\",\"dateModified\":\"2022-07-29T13:17:47+00:00\",\"mainEntityOfPage\":{\"@id\":\"https:\\\/\\\/radioljubuski.ba\\\/index.php\\\/2022\\\/07\\\/29\\\/dijaspora-iz-sad-a-prikuplja-novac-za-pomoc-kosarkaskim-reprezentacijama-bosne-i-hercegovine\\\/\"},\"wordCount\":230,\"publisher\":{\"@id\":\"https:\\\/\\\/radioljubuski.ba\\\/#organization\"},\"image\":{\"@id\":\"https:\\\/\\\/radioljubuski.ba\\\/index.php\\\/2022\\\/07\\\/29\\\/dijaspora-iz-sad-a-prikuplja-novac-za-pomoc-kosarkaskim-reprezentacijama-bosne-i-hercegovine\\\/#primaryimage\"},\"thumbnailUrl\":\"https:\\\/\\\/radioljubuski.ba\\\/wp-content\\\/uploads\\\/2022\\\/07\\\/10-2022-07-29-12-49-12-Snimka-zaslona-2022-07-29-124753.jpg\",\"articleSection\":[\"\u0160port\"],\"inLanguage\":\"hr\"},{\"@type\":\"WebPage\",\"@id\":\"https:\\\/\\\/radioljubuski.ba\\\/index.php\\\/2022\\\/07\\\/29\\\/dijaspora-iz-sad-a-prikuplja-novac-za-pomoc-kosarkaskim-reprezentacijama-bosne-i-hercegovine\\\/\",\"url\":\"https:\\\/\\\/radioljubuski.ba\\\/index.php\\\/2022\\\/07\\\/29\\\/dijaspora-iz-sad-a-prikuplja-novac-za-pomoc-kosarkaskim-reprezentacijama-bosne-i-hercegovine\\\/\",\"name\":\"Dijaspora iz SAD-a prikuplja novac za pomo\u0107 ko\u0161arka\u0161kim reprezentacijama Bosne i Hercegovine - RADIO LJUBU\u0160KI\",\"isPartOf\":{\"@id\":\"https:\\\/\\\/radioljubuski.ba\\\/#website\"},\"primaryImageOfPage\":{\"@id\":\"https:\\\/\\\/radioljubuski.ba\\\/index.php\\\/2022\\\/07\\\/29\\\/dijaspora-iz-sad-a-prikuplja-novac-za-pomoc-kosarkaskim-reprezentacijama-bosne-i-hercegovine\\\/#primaryimage\"},\"image\":{\"@id\":\"https:\\\/\\\/radioljubuski.ba\\\/index.php\\\/2022\\\/07\\\/29\\\/dijaspora-iz-sad-a-prikuplja-novac-za-pomoc-kosarkaskim-reprezentacijama-bosne-i-hercegovine\\\/#primaryimage\"},\"thumbnailUrl\":\"https:\\\/\\\/radioljubuski.ba\\\/wp-content\\\/uploads\\\/2022\\\/07\\\/10-2022-07-29-12-49-12-Snimka-zaslona-2022-07-29-124753.jpg\",\"datePublished\":\"2022-07-29T13:17:46+00:00\",\"dateModified\":\"2022-07-29T13:17:47+00:00\",\"breadcrumb\":{\"@id\":\"https:\\\/\\\/radioljubuski.ba\\\/index.php\\\/2022\\\/07\\\/29\\\/dijaspora-iz-sad-a-prikuplja-novac-za-pomoc-kosarkaskim-reprezentacijama-bosne-i-hercegovine\\\/#breadcrumb\"},\"inLanguage\":\"hr\",\"potentialAction\":[{\"@type\":\"ReadAction\",\"target\":[\"https:\\\/\\\/radioljubuski.ba\\\/index.php\\\/2022\\\/07\\\/29\\\/dijaspora-iz-sad-a-prikuplja-novac-za-pomoc-kosarkaskim-reprezentacijama-bosne-i-hercegovine\\\/\"]}]},{\"@type\":\"ImageObject\",\"inLanguage\":\"hr\",\"@id\":\"https:\\\/\\\/radioljubuski.ba\\\/index.php\\\/2022\\\/07\\\/29\\\/dijaspora-iz-sad-a-prikuplja-novac-za-pomoc-kosarkaskim-reprezentacijama-bosne-i-hercegovine\\\/#primaryimage\",\"url\":\"https:\\\/\\\/radioljubuski.ba\\\/wp-content\\\/uploads\\\/2022\\\/07\\\/10-2022-07-29-12-49-12-Snimka-zaslona-2022-07-29-124753.jpg\",\"contentUrl\":\"https:\\\/\\\/radioljubuski.ba\\\/wp-content\\\/uploads\\\/2022\\\/07\\\/10-2022-07-29-12-49-12-Snimka-zaslona-2022-07-29-124753.jpg\",\"width\":1000,\"height\":625},{\"@type\":\"BreadcrumbList\",\"@id\":\"https:\\\/\\\/radioljubuski.ba\\\/index.php\\\/2022\\\/07\\\/29\\\/dijaspora-iz-sad-a-prikuplja-novac-za-pomoc-kosarkaskim-reprezentacijama-bosne-i-hercegovine\\\/#breadcrumb\",\"itemListElement\":[{\"@type\":\"ListItem\",\"position\":1,\"name\":\"Po\u010detna stranica\",\"item\":\"https:\\\/\\\/radioljubuski.ba\\\/\"},{\"@type\":\"ListItem\",\"position\":2,\"name\":\"Dijaspora iz SAD-a prikuplja novac za pomo\u0107 ko\u0161arka\u0161kim reprezentacijama Bosne i Hercegovine\"}]},{\"@type\":\"WebSite\",\"@id\":\"https:\\\/\\\/radioljubuski.ba\\\/#website\",\"url\":\"https:\\\/\\\/radioljubuski.ba\\\/\",\"name\":\"Radio Ljubu\u0161ki\",\"description\":\"Sun\u010dana frekvencija Hercegovine\",\"publisher\":{\"@id\":\"https:\\\/\\\/radioljubuski.ba\\\/#organization\"},\"potentialAction\":[{\"@type\":\"SearchAction\",\"target\":{\"@type\":\"EntryPoint\",\"urlTemplate\":\"https:\\\/\\\/radioljubuski.ba\\\/?s={search_term_string}\"},\"query-input\":{\"@type\":\"PropertyValueSpecification\",\"valueRequired\":true,\"valueName\":\"search_term_string\"}}],\"inLanguage\":\"hr\"},{\"@type\":\"Organization\",\"@id\":\"https:\\\/\\\/radioljubuski.ba\\\/#organization\",\"name\":\"Radio Ljubu\u0161ki\",\"url\":\"https:\\\/\\\/radioljubuski.ba\\\/\",\"logo\":{\"@type\":\"ImageObject\",\"inLanguage\":\"hr\",\"@id\":\"https:\\\/\\\/radioljubuski.ba\\\/#\\\/schema\\\/logo\\\/image\\\/\",\"url\":\"https:\\\/\\\/radioljubuski.ba\\\/wp-content\\\/uploads\\\/2021\\\/02\\\/cropped-Radio_Ljubuski_logo1.jpg\",\"contentUrl\":\"https:\\\/\\\/radioljubuski.ba\\\/wp-content\\\/uploads\\\/2021\\\/02\\\/cropped-Radio_Ljubuski_logo1.jpg\",\"width\":512,\"height\":512,\"caption\":\"Radio Ljubu\u0161ki\"},\"image\":{\"@id\":\"https:\\\/\\\/radioljubuski.ba\\\/#\\\/schema\\\/logo\\\/image\\\/\"},\"sameAs\":[\"https:\\\/\\\/www.facebook.com\\\/Radiio-Ljubuski-1490835324566332\",\"https:\\\/\\\/x.com\\\/radioljubuski\",\"https:\\\/\\\/hr.linkedin.com\\\/company\\\/radio-ljubuski\",\"https:\\\/\\\/www.youtube.com\\\/channel\\\/UCHYaeO_n0Db3tjNGudGpXyw\"]},{\"@type\":\"Person\",\"@id\":\"https:\\\/\\\/radioljubuski.ba\\\/#\\\/schema\\\/person\\\/19fc700381a780f69665d7956c469e3b\",\"name\":\"Radio Ljubu\u0161ki\"}]}<\/script>\n<!-- \/ Yoast SEO plugin. -->","yoast_head_json":{"title":"Dijaspora iz SAD-a prikuplja novac za pomo\u0107 ko\u0161arka\u0161kim reprezentacijama Bosne i Hercegovine - RADIO LJUBU\u0160KI","robots":{"index":"index","follow":"follow","max-snippet":"max-snippet:-1","max-image-preview":"max-image-preview:large","max-video-preview":"max-video-preview:-1"},"canonical":"https:\/\/radioljubuski.ba\/index.php\/2022\/07\/29\/dijaspora-iz-sad-a-prikuplja-novac-za-pomoc-kosarkaskim-reprezentacijama-bosne-i-hercegovine\/","og_locale":"hr_HR","og_type":"article","og_title":"Dijaspora iz SAD-a prikuplja novac za pomo\u0107 ko\u0161arka\u0161kim reprezentacijama Bosne i Hercegovine - RADIO LJUBU\u0160KI","og_description":"S obzirom na veliki broj poziva prema bh. dr\u017eavljana koji \u017eive u Sjedinjenim Ameri\u010dkim Dr\u017eavama, a \u017eele pomo\u0107i u finansiranju ko\u0161arka\u0161kih reprezentacija na\u0161e zemlje, Ko\u0161arka\u0161ki savez Bosne i Hercegovine pokrenuo je akciju prikupljanja sredstava putem GoFundMe platforme iu SAD-u. Kako isti\u010de generalni sekretar KSBiH Amer \u010colan, pomo\u0107 dijaspore mo\u017ee biti presudna u poku\u0161aju zatvaranja financijske [&hellip;]","og_url":"https:\/\/radioljubuski.ba\/index.php\/2022\/07\/29\/dijaspora-iz-sad-a-prikuplja-novac-za-pomoc-kosarkaskim-reprezentacijama-bosne-i-hercegovine\/","og_site_name":"RADIO LJUBU\u0160KI","article_publisher":"https:\/\/www.facebook.com\/Radiio-Ljubuski-1490835324566332","article_published_time":"2022-07-29T13:17:46+00:00","article_modified_time":"2022-07-29T13:17:47+00:00","og_image":[{"width":1000,"height":625,"url":"https:\/\/radioljubuski.ba\/wp-content\/uploads\/2022\/07\/10-2022-07-29-12-49-12-Snimka-zaslona-2022-07-29-124753.jpg","type":"image\/jpeg"}],"author":"Radio Ljubu\u0161ki","twitter_card":"summary_large_image","twitter_creator":"@radioljubuski","twitter_site":"@radioljubuski","twitter_misc":{"Napisao\/la":"Radio Ljubu\u0161ki","Procijenjeno vrijeme \u010ditanja":"1 minuta"},"schema":{"@context":"https:\/\/schema.org","@graph":[{"@type":"Article","@id":"https:\/\/radioljubuski.ba\/index.php\/2022\/07\/29\/dijaspora-iz-sad-a-prikuplja-novac-za-pomoc-kosarkaskim-reprezentacijama-bosne-i-hercegovine\/#article","isPartOf":{"@id":"https:\/\/radioljubuski.ba\/index.php\/2022\/07\/29\/dijaspora-iz-sad-a-prikuplja-novac-za-pomoc-kosarkaskim-reprezentacijama-bosne-i-hercegovine\/"},"author":{"name":"Radio Ljubu\u0161ki","@id":"https:\/\/radioljubuski.ba\/#\/schema\/person\/19fc700381a780f69665d7956c469e3b"},"headline":"Dijaspora iz SAD-a prikuplja novac za pomo\u0107 ko\u0161arka\u0161kim reprezentacijama Bosne i Hercegovine","datePublished":"2022-07-29T13:17:46+00:00","dateModified":"2022-07-29T13:17:47+00:00","mainEntityOfPage":{"@id":"https:\/\/radioljubuski.ba\/index.php\/2022\/07\/29\/dijaspora-iz-sad-a-prikuplja-novac-za-pomoc-kosarkaskim-reprezentacijama-bosne-i-hercegovine\/"},"wordCount":230,"publisher":{"@id":"https:\/\/radioljubuski.ba\/#organization"},"image":{"@id":"https:\/\/radioljubuski.ba\/index.php\/2022\/07\/29\/dijaspora-iz-sad-a-prikuplja-novac-za-pomoc-kosarkaskim-reprezentacijama-bosne-i-hercegovine\/#primaryimage"},"thumbnailUrl":"https:\/\/radioljubuski.ba\/wp-content\/uploads\/2022\/07\/10-2022-07-29-12-49-12-Snimka-zaslona-2022-07-29-124753.jpg","articleSection":["\u0160port"],"inLanguage":"hr"},{"@type":"WebPage","@id":"https:\/\/radioljubuski.ba\/index.php\/2022\/07\/29\/dijaspora-iz-sad-a-prikuplja-novac-za-pomoc-kosarkaskim-reprezentacijama-bosne-i-hercegovine\/","url":"https:\/\/radioljubuski.ba\/index.php\/2022\/07\/29\/dijaspora-iz-sad-a-prikuplja-novac-za-pomoc-kosarkaskim-reprezentacijama-bosne-i-hercegovine\/","name":"Dijaspora iz SAD-a prikuplja novac za pomo\u0107 ko\u0161arka\u0161kim reprezentacijama Bosne i Hercegovine - RADIO LJUBU\u0160KI","isPartOf":{"@id":"https:\/\/radioljubuski.ba\/#website"},"primaryImageOfPage":{"@id":"https:\/\/radioljubuski.ba\/index.php\/2022\/07\/29\/dijaspora-iz-sad-a-prikuplja-novac-za-pomoc-kosarkaskim-reprezentacijama-bosne-i-hercegovine\/#primaryimage"},"image":{"@id":"https:\/\/radioljubuski.ba\/index.php\/2022\/07\/29\/dijaspora-iz-sad-a-prikuplja-novac-za-pomoc-kosarkaskim-reprezentacijama-bosne-i-hercegovine\/#primaryimage"},"thumbnailUrl":"https:\/\/radioljubuski.ba\/wp-content\/uploads\/2022\/07\/10-2022-07-29-12-49-12-Snimka-zaslona-2022-07-29-124753.jpg","datePublished":"2022-07-29T13:17:46+00:00","dateModified":"2022-07-29T13:17:47+00:00","breadcrumb":{"@id":"https:\/\/radioljubuski.ba\/index.php\/2022\/07\/29\/dijaspora-iz-sad-a-prikuplja-novac-za-pomoc-kosarkaskim-reprezentacijama-bosne-i-hercegovine\/#breadcrumb"},"inLanguage":"hr","potentialAction":[{"@type":"ReadAction","target":["https:\/\/radioljubuski.ba\/index.php\/2022\/07\/29\/dijaspora-iz-sad-a-prikuplja-novac-za-pomoc-kosarkaskim-reprezentacijama-bosne-i-hercegovine\/"]}]},{"@type":"ImageObject","inLanguage":"hr","@id":"https:\/\/radioljubuski.ba\/index.php\/2022\/07\/29\/dijaspora-iz-sad-a-prikuplja-novac-za-pomoc-kosarkaskim-reprezentacijama-bosne-i-hercegovine\/#primaryimage","url":"https:\/\/radioljubuski.ba\/wp-content\/uploads\/2022\/07\/10-2022-07-29-12-49-12-Snimka-zaslona-2022-07-29-124753.jpg","contentUrl":"https:\/\/radioljubuski.ba\/wp-content\/uploads\/2022\/07\/10-2022-07-29-12-49-12-Snimka-zaslona-2022-07-29-124753.jpg","width":1000,"height":625},{"@type":"BreadcrumbList","@id":"https:\/\/radioljubuski.ba\/index.php\/2022\/07\/29\/dijaspora-iz-sad-a-prikuplja-novac-za-pomoc-kosarkaskim-reprezentacijama-bosne-i-hercegovine\/#breadcrumb","itemListElement":[{"@type":"ListItem","position":1,"name":"Po\u010detna stranica","item":"https:\/\/radioljubuski.ba\/"},{"@type":"ListItem","position":2,"name":"Dijaspora iz SAD-a prikuplja novac za pomo\u0107 ko\u0161arka\u0161kim reprezentacijama Bosne i Hercegovine"}]},{"@type":"WebSite","@id":"https:\/\/radioljubuski.ba\/#website","url":"https:\/\/radioljubuski.ba\/","name":"Radio Ljubu\u0161ki","description":"Sun\u010dana frekvencija Hercegovine","publisher":{"@id":"https:\/\/radioljubuski.ba\/#organization"},"potentialAction":[{"@type":"SearchAction","target":{"@type":"EntryPoint","urlTemplate":"https:\/\/radioljubuski.ba\/?s={search_term_string}"},"query-input":{"@type":"PropertyValueSpecification","valueRequired":true,"valueName":"search_term_string"}}],"inLanguage":"hr"},{"@type":"Organization","@id":"https:\/\/radioljubuski.ba\/#organization","name":"Radio Ljubu\u0161ki","url":"https:\/\/radioljubuski.ba\/","logo":{"@type":"ImageObject","inLanguage":"hr","@id":"https:\/\/radioljubuski.ba\/#\/schema\/logo\/image\/","url":"https:\/\/radioljubuski.ba\/wp-content\/uploads\/2021\/02\/cropped-Radio_Ljubuski_logo1.jpg","contentUrl":"https:\/\/radioljubuski.ba\/wp-content\/uploads\/2021\/02\/cropped-Radio_Ljubuski_logo1.jpg","width":512,"height":512,"caption":"Radio Ljubu\u0161ki"},"image":{"@id":"https:\/\/radioljubuski.ba\/#\/schema\/logo\/image\/"},"sameAs":["https:\/\/www.facebook.com\/Radiio-Ljubuski-1490835324566332","https:\/\/x.com\/radioljubuski","https:\/\/hr.linkedin.com\/company\/radio-ljubuski","https:\/\/www.youtube.com\/channel\/UCHYaeO_n0Db3tjNGudGpXyw"]},{"@type":"Person","@id":"https:\/\/radioljubuski.ba\/#\/schema\/person\/19fc700381a780f69665d7956c469e3b","name":"Radio Ljubu\u0161ki"}]}},"_links":{"self":[{"href":"https:\/\/radioljubuski.ba\/index.php\/wp-json\/wp\/v2\/posts\/164665","targetHints":{"allow":["GET"]}}],"collection":[{"href":"https:\/\/radioljubuski.ba\/index.php\/wp-json\/wp\/v2\/posts"}],"about":[{"href":"https:\/\/radioljubuski.ba\/index.php\/wp-json\/wp\/v2\/types\/post"}],"author":[{"embeddable":true,"href":"https:\/\/radioljubuski.ba\/index.php\/wp-json\/wp\/v2\/users\/2"}],"replies":[{"embeddable":true,"href":"https:\/\/radioljubuski.ba\/index.php\/wp-json\/wp\/v2\/comments?post=164665"}],"version-history":[{"count":1,"href":"https:\/\/radioljubuski.ba\/index.php\/wp-json\/wp\/v2\/posts\/164665\/revisions"}],"predecessor-version":[{"id":164667,"href":"https:\/\/radioljubuski.ba\/index.php\/wp-json\/wp\/v2\/posts\/164665\/revisions\/164667"}],"wp:featuredmedia":[{"embeddable":true,"href":"https:\/\/radioljubuski.ba\/index.php\/wp-json\/wp\/v2\/media\/164666"}],"wp:attachment":[{"href":"https:\/\/radioljubuski.ba\/index.php\/wp-json\/wp\/v2\/media?parent=164665"}],"wp:term":[{"taxonomy":"category","embeddable":true,"href":"https:\/\/radioljubuski.ba\/index.php\/wp-json\/wp\/v2\/categories?post=164665"},{"taxonomy":"post_tag","embeddable":true,"href":"https:\/\/radioljubuski.ba\/index.php\/wp-json\/wp\/v2\/tags?post=164665"}],"curies":[{"name":"wp","href":"https:\/\/api.w.org\/{rel}","templated":true}]}}