{"id":164685,"date":"2022-07-29T14:29:49","date_gmt":"2022-07-29T13:29:49","guid":{"rendered":"https:\/\/radioljubuski.ba\/?p=164685"},"modified":"2022-07-29T14:29:50","modified_gmt":"2022-07-29T13:29:50","slug":"everton-doveo-krilnog-igraca-iz-burnleya","status":"publish","type":"post","link":"https:\/\/radioljubuski.ba\/index.php\/2022\/07\/29\/everton-doveo-krilnog-igraca-iz-burnleya\/","title":{"rendered":"Everton doveo krilnog igra\u010da iz Burnleya"},"content":{"rendered":"\n<p>Novi nogometa\u0161 Evertona je 22-godi\u0161nji Dwight McNeil, dosada\u0161nji \u010dlan Burnleya, koji je s klubom iz Liverpoola potpisao petogodi\u0161nji ugovor.<\/p>\n\n\n\n<p>Ovom krilnom nogometa\u0161u Everton \u0107e biti drugi klub u karijeri, a dres Burnleyja je nosio od 2018. godine. Od kraja 2018. do ovog odlaska u Everton McNeil je za svoj dosada\u0161nji klub propustio samo dvije utakmice.<br><br>&#8211; Nevjerojatan je osje\u0107aj potpisati ugovor s Evertonom. Kada sam \u010duo za njihov interes samo sam se nadao da \u0107e se sve \u0161to prije realizirati. Jedva \u010dekam po\u010deti raditi kod svog novog trenera Franka Lamparda, rekao je igra\u010d koji je bio standardni \u010dlan engleske reprezentacije do 21 godine.<br><br>Engleski mediji navode da je ovaj transfer vrijedan oko 20 milijuna funti, a McNeil je tre\u0107e ovoljetno poja\u010danje Evertona nakon&nbsp;Jamesa Tarkowskog&nbsp;i&nbsp;Rubena Vinagre. Pro\u0161la sezona je bila lo\u0161a za liverpulski klub koji se dugo vremena borio kako bi izbjegao ispadanje u Championship.<\/p>\n\n\n\n<p>Izvor:pogled.ba<\/p>\n","protected":false},"excerpt":{"rendered":"<p>Novi nogometa\u0161 Evertona je 22-godi\u0161nji Dwight McNeil, dosada\u0161nji \u010dlan Burnleya, koji je s klubom iz Liverpoola potpisao petogodi\u0161nji ugovor. Ovom krilnom nogometa\u0161u Everton \u0107e biti drugi klub u karijeri, a dres Burnleyja je nosio od 2018. godine. Od kraja 2018. do ovog odlaska u Everton McNeil je za svoj dosada\u0161nji klub propustio samo dvije utakmice. [&hellip;]<\/p>\n","protected":false},"author":2,"featured_media":164686,"comment_status":"closed","ping_status":"closed","sticky":false,"template":"","format":"standard","meta":{"h5ap_radio_sources":[],"footnotes":""},"categories":[7],"tags":[],"class_list":["post-164685","post","type-post","status-publish","format-standard","has-post-thumbnail","hentry","category-sport"],"yoast_head":"<!-- This site is optimized with the Yoast SEO plugin v27.4 - https:\/\/yoast.com\/product\/yoast-seo-wordpress\/ -->\n<title>Everton doveo krilnog igra\u010da iz Burnleya - RADIO LJUBU\u0160KI<\/title>\n<meta name=\"robots\" content=\"index, follow, max-snippet:-1, max-image-preview:large, max-video-preview:-1\" \/>\n<link rel=\"canonical\" href=\"https:\/\/radioljubuski.ba\/index.php\/2022\/07\/29\/everton-doveo-krilnog-igraca-iz-burnleya\/\" \/>\n<meta property=\"og:locale\" content=\"hr_HR\" \/>\n<meta property=\"og:type\" content=\"article\" \/>\n<meta property=\"og:title\" content=\"Everton doveo krilnog igra\u010da iz Burnleya - RADIO LJUBU\u0160KI\" \/>\n<meta property=\"og:description\" content=\"Novi nogometa\u0161 Evertona je 22-godi\u0161nji Dwight McNeil, dosada\u0161nji \u010dlan Burnleya, koji je s klubom iz Liverpoola potpisao petogodi\u0161nji ugovor. Ovom krilnom nogometa\u0161u Everton \u0107e biti drugi klub u karijeri, a dres Burnleyja je nosio od 2018. godine. Od kraja 2018. do ovog odlaska u Everton McNeil je za svoj dosada\u0161nji klub propustio samo dvije utakmice. [&hellip;]\" \/>\n<meta property=\"og:url\" content=\"https:\/\/radioljubuski.ba\/index.php\/2022\/07\/29\/everton-doveo-krilnog-igraca-iz-burnleya\/\" \/>\n<meta property=\"og:site_name\" content=\"RADIO LJUBU\u0160KI\" \/>\n<meta property=\"article:publisher\" content=\"https:\/\/www.facebook.com\/Radiio-Ljubuski-1490835324566332\" \/>\n<meta property=\"article:published_time\" content=\"2022-07-29T13:29:49+00:00\" \/>\n<meta property=\"article:modified_time\" content=\"2022-07-29T13:29:50+00:00\" \/>\n<meta property=\"og:image\" content=\"https:\/\/radioljubuski.ba\/wp-content\/uploads\/2022\/07\/10-2022-07-28-18-46-44-Snimka-zaslona-2022-07-28-184524.jpg\" \/>\n\t<meta property=\"og:image:width\" content=\"1000\" \/>\n\t<meta property=\"og:image:height\" content=\"625\" \/>\n\t<meta property=\"og:image:type\" content=\"image\/jpeg\" \/>\n<meta name=\"author\" content=\"Radio Ljubu\u0161ki\" \/>\n<meta name=\"twitter:card\" content=\"summary_large_image\" \/>\n<meta name=\"twitter:creator\" content=\"@radioljubuski\" \/>\n<meta name=\"twitter:site\" content=\"@radioljubuski\" \/>\n<meta name=\"twitter:label1\" content=\"Napisao\/la\" \/>\n\t<meta name=\"twitter:data1\" content=\"Radio Ljubu\u0161ki\" \/>\n\t<meta name=\"twitter:label2\" content=\"Procijenjeno vrijeme \u010ditanja\" \/>\n\t<meta name=\"twitter:data2\" content=\"1 minuta\" \/>\n<script type=\"application\/ld+json\" class=\"yoast-schema-graph\">{\"@context\":\"https:\\\/\\\/schema.org\",\"@graph\":[{\"@type\":\"Article\",\"@id\":\"https:\\\/\\\/radioljubuski.ba\\\/index.php\\\/2022\\\/07\\\/29\\\/everton-doveo-krilnog-igraca-iz-burnleya\\\/#article\",\"isPartOf\":{\"@id\":\"https:\\\/\\\/radioljubuski.ba\\\/index.php\\\/2022\\\/07\\\/29\\\/everton-doveo-krilnog-igraca-iz-burnleya\\\/\"},\"author\":{\"name\":\"Radio Ljubu\u0161ki\",\"@id\":\"https:\\\/\\\/radioljubuski.ba\\\/#\\\/schema\\\/person\\\/19fc700381a780f69665d7956c469e3b\"},\"headline\":\"Everton doveo krilnog igra\u010da iz Burnleya\",\"datePublished\":\"2022-07-29T13:29:49+00:00\",\"dateModified\":\"2022-07-29T13:29:50+00:00\",\"mainEntityOfPage\":{\"@id\":\"https:\\\/\\\/radioljubuski.ba\\\/index.php\\\/2022\\\/07\\\/29\\\/everton-doveo-krilnog-igraca-iz-burnleya\\\/\"},\"wordCount\":167,\"publisher\":{\"@id\":\"https:\\\/\\\/radioljubuski.ba\\\/#organization\"},\"image\":{\"@id\":\"https:\\\/\\\/radioljubuski.ba\\\/index.php\\\/2022\\\/07\\\/29\\\/everton-doveo-krilnog-igraca-iz-burnleya\\\/#primaryimage\"},\"thumbnailUrl\":\"https:\\\/\\\/radioljubuski.ba\\\/wp-content\\\/uploads\\\/2022\\\/07\\\/10-2022-07-28-18-46-44-Snimka-zaslona-2022-07-28-184524.jpg\",\"articleSection\":[\"\u0160port\"],\"inLanguage\":\"hr\"},{\"@type\":\"WebPage\",\"@id\":\"https:\\\/\\\/radioljubuski.ba\\\/index.php\\\/2022\\\/07\\\/29\\\/everton-doveo-krilnog-igraca-iz-burnleya\\\/\",\"url\":\"https:\\\/\\\/radioljubuski.ba\\\/index.php\\\/2022\\\/07\\\/29\\\/everton-doveo-krilnog-igraca-iz-burnleya\\\/\",\"name\":\"Everton doveo krilnog igra\u010da iz Burnleya - RADIO LJUBU\u0160KI\",\"isPartOf\":{\"@id\":\"https:\\\/\\\/radioljubuski.ba\\\/#website\"},\"primaryImageOfPage\":{\"@id\":\"https:\\\/\\\/radioljubuski.ba\\\/index.php\\\/2022\\\/07\\\/29\\\/everton-doveo-krilnog-igraca-iz-burnleya\\\/#primaryimage\"},\"image\":{\"@id\":\"https:\\\/\\\/radioljubuski.ba\\\/index.php\\\/2022\\\/07\\\/29\\\/everton-doveo-krilnog-igraca-iz-burnleya\\\/#primaryimage\"},\"thumbnailUrl\":\"https:\\\/\\\/radioljubuski.ba\\\/wp-content\\\/uploads\\\/2022\\\/07\\\/10-2022-07-28-18-46-44-Snimka-zaslona-2022-07-28-184524.jpg\",\"datePublished\":\"2022-07-29T13:29:49+00:00\",\"dateModified\":\"2022-07-29T13:29:50+00:00\",\"breadcrumb\":{\"@id\":\"https:\\\/\\\/radioljubuski.ba\\\/index.php\\\/2022\\\/07\\\/29\\\/everton-doveo-krilnog-igraca-iz-burnleya\\\/#breadcrumb\"},\"inLanguage\":\"hr\",\"potentialAction\":[{\"@type\":\"ReadAction\",\"target\":[\"https:\\\/\\\/radioljubuski.ba\\\/index.php\\\/2022\\\/07\\\/29\\\/everton-doveo-krilnog-igraca-iz-burnleya\\\/\"]}]},{\"@type\":\"ImageObject\",\"inLanguage\":\"hr\",\"@id\":\"https:\\\/\\\/radioljubuski.ba\\\/index.php\\\/2022\\\/07\\\/29\\\/everton-doveo-krilnog-igraca-iz-burnleya\\\/#primaryimage\",\"url\":\"https:\\\/\\\/radioljubuski.ba\\\/wp-content\\\/uploads\\\/2022\\\/07\\\/10-2022-07-28-18-46-44-Snimka-zaslona-2022-07-28-184524.jpg\",\"contentUrl\":\"https:\\\/\\\/radioljubuski.ba\\\/wp-content\\\/uploads\\\/2022\\\/07\\\/10-2022-07-28-18-46-44-Snimka-zaslona-2022-07-28-184524.jpg\",\"width\":1000,\"height\":625},{\"@type\":\"BreadcrumbList\",\"@id\":\"https:\\\/\\\/radioljubuski.ba\\\/index.php\\\/2022\\\/07\\\/29\\\/everton-doveo-krilnog-igraca-iz-burnleya\\\/#breadcrumb\",\"itemListElement\":[{\"@type\":\"ListItem\",\"position\":1,\"name\":\"Po\u010detna stranica\",\"item\":\"https:\\\/\\\/radioljubuski.ba\\\/\"},{\"@type\":\"ListItem\",\"position\":2,\"name\":\"Everton doveo krilnog igra\u010da iz Burnleya\"}]},{\"@type\":\"WebSite\",\"@id\":\"https:\\\/\\\/radioljubuski.ba\\\/#website\",\"url\":\"https:\\\/\\\/radioljubuski.ba\\\/\",\"name\":\"Radio Ljubu\u0161ki\",\"description\":\"Sun\u010dana frekvencija Hercegovine\",\"publisher\":{\"@id\":\"https:\\\/\\\/radioljubuski.ba\\\/#organization\"},\"potentialAction\":[{\"@type\":\"SearchAction\",\"target\":{\"@type\":\"EntryPoint\",\"urlTemplate\":\"https:\\\/\\\/radioljubuski.ba\\\/?s={search_term_string}\"},\"query-input\":{\"@type\":\"PropertyValueSpecification\",\"valueRequired\":true,\"valueName\":\"search_term_string\"}}],\"inLanguage\":\"hr\"},{\"@type\":\"Organization\",\"@id\":\"https:\\\/\\\/radioljubuski.ba\\\/#organization\",\"name\":\"Radio Ljubu\u0161ki\",\"url\":\"https:\\\/\\\/radioljubuski.ba\\\/\",\"logo\":{\"@type\":\"ImageObject\",\"inLanguage\":\"hr\",\"@id\":\"https:\\\/\\\/radioljubuski.ba\\\/#\\\/schema\\\/logo\\\/image\\\/\",\"url\":\"https:\\\/\\\/radioljubuski.ba\\\/wp-content\\\/uploads\\\/2021\\\/02\\\/cropped-Radio_Ljubuski_logo1.jpg\",\"contentUrl\":\"https:\\\/\\\/radioljubuski.ba\\\/wp-content\\\/uploads\\\/2021\\\/02\\\/cropped-Radio_Ljubuski_logo1.jpg\",\"width\":512,\"height\":512,\"caption\":\"Radio Ljubu\u0161ki\"},\"image\":{\"@id\":\"https:\\\/\\\/radioljubuski.ba\\\/#\\\/schema\\\/logo\\\/image\\\/\"},\"sameAs\":[\"https:\\\/\\\/www.facebook.com\\\/Radiio-Ljubuski-1490835324566332\",\"https:\\\/\\\/x.com\\\/radioljubuski\",\"https:\\\/\\\/hr.linkedin.com\\\/company\\\/radio-ljubuski\",\"https:\\\/\\\/www.youtube.com\\\/channel\\\/UCHYaeO_n0Db3tjNGudGpXyw\"]},{\"@type\":\"Person\",\"@id\":\"https:\\\/\\\/radioljubuski.ba\\\/#\\\/schema\\\/person\\\/19fc700381a780f69665d7956c469e3b\",\"name\":\"Radio Ljubu\u0161ki\"}]}<\/script>\n<!-- \/ Yoast SEO plugin. -->","yoast_head_json":{"title":"Everton doveo krilnog igra\u010da iz Burnleya - RADIO LJUBU\u0160KI","robots":{"index":"index","follow":"follow","max-snippet":"max-snippet:-1","max-image-preview":"max-image-preview:large","max-video-preview":"max-video-preview:-1"},"canonical":"https:\/\/radioljubuski.ba\/index.php\/2022\/07\/29\/everton-doveo-krilnog-igraca-iz-burnleya\/","og_locale":"hr_HR","og_type":"article","og_title":"Everton doveo krilnog igra\u010da iz Burnleya - RADIO LJUBU\u0160KI","og_description":"Novi nogometa\u0161 Evertona je 22-godi\u0161nji Dwight McNeil, dosada\u0161nji \u010dlan Burnleya, koji je s klubom iz Liverpoola potpisao petogodi\u0161nji ugovor. Ovom krilnom nogometa\u0161u Everton \u0107e biti drugi klub u karijeri, a dres Burnleyja je nosio od 2018. godine. Od kraja 2018. do ovog odlaska u Everton McNeil je za svoj dosada\u0161nji klub propustio samo dvije utakmice. [&hellip;]","og_url":"https:\/\/radioljubuski.ba\/index.php\/2022\/07\/29\/everton-doveo-krilnog-igraca-iz-burnleya\/","og_site_name":"RADIO LJUBU\u0160KI","article_publisher":"https:\/\/www.facebook.com\/Radiio-Ljubuski-1490835324566332","article_published_time":"2022-07-29T13:29:49+00:00","article_modified_time":"2022-07-29T13:29:50+00:00","og_image":[{"width":1000,"height":625,"url":"https:\/\/radioljubuski.ba\/wp-content\/uploads\/2022\/07\/10-2022-07-28-18-46-44-Snimka-zaslona-2022-07-28-184524.jpg","type":"image\/jpeg"}],"author":"Radio Ljubu\u0161ki","twitter_card":"summary_large_image","twitter_creator":"@radioljubuski","twitter_site":"@radioljubuski","twitter_misc":{"Napisao\/la":"Radio Ljubu\u0161ki","Procijenjeno vrijeme \u010ditanja":"1 minuta"},"schema":{"@context":"https:\/\/schema.org","@graph":[{"@type":"Article","@id":"https:\/\/radioljubuski.ba\/index.php\/2022\/07\/29\/everton-doveo-krilnog-igraca-iz-burnleya\/#article","isPartOf":{"@id":"https:\/\/radioljubuski.ba\/index.php\/2022\/07\/29\/everton-doveo-krilnog-igraca-iz-burnleya\/"},"author":{"name":"Radio Ljubu\u0161ki","@id":"https:\/\/radioljubuski.ba\/#\/schema\/person\/19fc700381a780f69665d7956c469e3b"},"headline":"Everton doveo krilnog igra\u010da iz Burnleya","datePublished":"2022-07-29T13:29:49+00:00","dateModified":"2022-07-29T13:29:50+00:00","mainEntityOfPage":{"@id":"https:\/\/radioljubuski.ba\/index.php\/2022\/07\/29\/everton-doveo-krilnog-igraca-iz-burnleya\/"},"wordCount":167,"publisher":{"@id":"https:\/\/radioljubuski.ba\/#organization"},"image":{"@id":"https:\/\/radioljubuski.ba\/index.php\/2022\/07\/29\/everton-doveo-krilnog-igraca-iz-burnleya\/#primaryimage"},"thumbnailUrl":"https:\/\/radioljubuski.ba\/wp-content\/uploads\/2022\/07\/10-2022-07-28-18-46-44-Snimka-zaslona-2022-07-28-184524.jpg","articleSection":["\u0160port"],"inLanguage":"hr"},{"@type":"WebPage","@id":"https:\/\/radioljubuski.ba\/index.php\/2022\/07\/29\/everton-doveo-krilnog-igraca-iz-burnleya\/","url":"https:\/\/radioljubuski.ba\/index.php\/2022\/07\/29\/everton-doveo-krilnog-igraca-iz-burnleya\/","name":"Everton doveo krilnog igra\u010da iz Burnleya - RADIO LJUBU\u0160KI","isPartOf":{"@id":"https:\/\/radioljubuski.ba\/#website"},"primaryImageOfPage":{"@id":"https:\/\/radioljubuski.ba\/index.php\/2022\/07\/29\/everton-doveo-krilnog-igraca-iz-burnleya\/#primaryimage"},"image":{"@id":"https:\/\/radioljubuski.ba\/index.php\/2022\/07\/29\/everton-doveo-krilnog-igraca-iz-burnleya\/#primaryimage"},"thumbnailUrl":"https:\/\/radioljubuski.ba\/wp-content\/uploads\/2022\/07\/10-2022-07-28-18-46-44-Snimka-zaslona-2022-07-28-184524.jpg","datePublished":"2022-07-29T13:29:49+00:00","dateModified":"2022-07-29T13:29:50+00:00","breadcrumb":{"@id":"https:\/\/radioljubuski.ba\/index.php\/2022\/07\/29\/everton-doveo-krilnog-igraca-iz-burnleya\/#breadcrumb"},"inLanguage":"hr","potentialAction":[{"@type":"ReadAction","target":["https:\/\/radioljubuski.ba\/index.php\/2022\/07\/29\/everton-doveo-krilnog-igraca-iz-burnleya\/"]}]},{"@type":"ImageObject","inLanguage":"hr","@id":"https:\/\/radioljubuski.ba\/index.php\/2022\/07\/29\/everton-doveo-krilnog-igraca-iz-burnleya\/#primaryimage","url":"https:\/\/radioljubuski.ba\/wp-content\/uploads\/2022\/07\/10-2022-07-28-18-46-44-Snimka-zaslona-2022-07-28-184524.jpg","contentUrl":"https:\/\/radioljubuski.ba\/wp-content\/uploads\/2022\/07\/10-2022-07-28-18-46-44-Snimka-zaslona-2022-07-28-184524.jpg","width":1000,"height":625},{"@type":"BreadcrumbList","@id":"https:\/\/radioljubuski.ba\/index.php\/2022\/07\/29\/everton-doveo-krilnog-igraca-iz-burnleya\/#breadcrumb","itemListElement":[{"@type":"ListItem","position":1,"name":"Po\u010detna stranica","item":"https:\/\/radioljubuski.ba\/"},{"@type":"ListItem","position":2,"name":"Everton doveo krilnog igra\u010da iz Burnleya"}]},{"@type":"WebSite","@id":"https:\/\/radioljubuski.ba\/#website","url":"https:\/\/radioljubuski.ba\/","name":"Radio Ljubu\u0161ki","description":"Sun\u010dana frekvencija Hercegovine","publisher":{"@id":"https:\/\/radioljubuski.ba\/#organization"},"potentialAction":[{"@type":"SearchAction","target":{"@type":"EntryPoint","urlTemplate":"https:\/\/radioljubuski.ba\/?s={search_term_string}"},"query-input":{"@type":"PropertyValueSpecification","valueRequired":true,"valueName":"search_term_string"}}],"inLanguage":"hr"},{"@type":"Organization","@id":"https:\/\/radioljubuski.ba\/#organization","name":"Radio Ljubu\u0161ki","url":"https:\/\/radioljubuski.ba\/","logo":{"@type":"ImageObject","inLanguage":"hr","@id":"https:\/\/radioljubuski.ba\/#\/schema\/logo\/image\/","url":"https:\/\/radioljubuski.ba\/wp-content\/uploads\/2021\/02\/cropped-Radio_Ljubuski_logo1.jpg","contentUrl":"https:\/\/radioljubuski.ba\/wp-content\/uploads\/2021\/02\/cropped-Radio_Ljubuski_logo1.jpg","width":512,"height":512,"caption":"Radio Ljubu\u0161ki"},"image":{"@id":"https:\/\/radioljubuski.ba\/#\/schema\/logo\/image\/"},"sameAs":["https:\/\/www.facebook.com\/Radiio-Ljubuski-1490835324566332","https:\/\/x.com\/radioljubuski","https:\/\/hr.linkedin.com\/company\/radio-ljubuski","https:\/\/www.youtube.com\/channel\/UCHYaeO_n0Db3tjNGudGpXyw"]},{"@type":"Person","@id":"https:\/\/radioljubuski.ba\/#\/schema\/person\/19fc700381a780f69665d7956c469e3b","name":"Radio Ljubu\u0161ki"}]}},"_links":{"self":[{"href":"https:\/\/radioljubuski.ba\/index.php\/wp-json\/wp\/v2\/posts\/164685","targetHints":{"allow":["GET"]}}],"collection":[{"href":"https:\/\/radioljubuski.ba\/index.php\/wp-json\/wp\/v2\/posts"}],"about":[{"href":"https:\/\/radioljubuski.ba\/index.php\/wp-json\/wp\/v2\/types\/post"}],"author":[{"embeddable":true,"href":"https:\/\/radioljubuski.ba\/index.php\/wp-json\/wp\/v2\/users\/2"}],"replies":[{"embeddable":true,"href":"https:\/\/radioljubuski.ba\/index.php\/wp-json\/wp\/v2\/comments?post=164685"}],"version-history":[{"count":1,"href":"https:\/\/radioljubuski.ba\/index.php\/wp-json\/wp\/v2\/posts\/164685\/revisions"}],"predecessor-version":[{"id":164687,"href":"https:\/\/radioljubuski.ba\/index.php\/wp-json\/wp\/v2\/posts\/164685\/revisions\/164687"}],"wp:featuredmedia":[{"embeddable":true,"href":"https:\/\/radioljubuski.ba\/index.php\/wp-json\/wp\/v2\/media\/164686"}],"wp:attachment":[{"href":"https:\/\/radioljubuski.ba\/index.php\/wp-json\/wp\/v2\/media?parent=164685"}],"wp:term":[{"taxonomy":"category","embeddable":true,"href":"https:\/\/radioljubuski.ba\/index.php\/wp-json\/wp\/v2\/categories?post=164685"},{"taxonomy":"post_tag","embeddable":true,"href":"https:\/\/radioljubuski.ba\/index.php\/wp-json\/wp\/v2\/tags?post=164685"}],"curies":[{"name":"wp","href":"https:\/\/api.w.org\/{rel}","templated":true}]}}