{"id":164860,"date":"2022-07-30T22:13:24","date_gmt":"2022-07-30T21:13:24","guid":{"rendered":"https:\/\/radioljubuski.ba\/?p=164860"},"modified":"2022-07-30T22:13:25","modified_gmt":"2022-07-30T21:13:25","slug":"cacic-zadovoljan-sam-a-za-hajduk-navijam-da-prode-dalje","status":"publish","type":"post","link":"https:\/\/radioljubuski.ba\/index.php\/2022\/07\/30\/cacic-zadovoljan-sam-a-za-hajduk-navijam-da-prode-dalje\/","title":{"rendered":"\u010ca\u010di\u0107: Zadovoljan sam, a za Hajduk navijam da pro\u0111e dalje"},"content":{"rendered":"\n<p>Nogometa\u0161i Dinama sino\u0107 su ostvarili uvjerljivu 4:1 pobjedu protiv Istre, a nastupom svojih igra\u010da posebno je zadovoljan trener Ante \u010ca\u010di\u0107.<\/p>\n\n\n\n<p>\u2013 Osim \u0161to smo osvojili va\u017ena tri boda, ovaj su put zaigrali i neki igra\u010di koje dosad nismo vidjeli. Dali smo im prostora za igru, a usput smo neke odmorili tako da zaista moramo biti zadovoljni. Imamo stopostotan u\u010dinak u prvenstvu, ovakva pobjeda i razigranost poticajni su za stvaranje dobre atmosfere za sljede\u0107u utakmicu u utorak u gostima u Bugarskoj protiv Ludogoretsa u prvoj utakmici 3. pretkola Lige prvaka, isti\u010de \u010ca\u010di\u0107.<\/p>\n\n\n\n<p>Pogodak debitanta Bo\u0161ka \u0160utala, dobri nastupi Bo\u010dkaja i Or\u0161i\u0107a, te pogodak Emrelija pokazali su da Dinamo ima \u0161irinu, a to je jako va\u017eno uo\u010di ogleda sa Ludogorecom:<\/p>\n\n\n\n<p>\u2013 Poznajem Ludogorets jo\u0161 od prije 10 godina, kad su nam bili \u201enagazna mina\u201c, ali smo ih pro\u0161li. U me\u0111uvremenu rastu, imaju kontinuitet osvajanja naslova prvaka, prisutni su u skupinama europskih natjecanja, radi se o vrlo kvalitetnoj mom\u010dadi. Me\u0111utim, imaju mali peh \u0161to su nai\u0161li na Dinamo, mislim da \u0107emo gledati sraz dviju zaista vrlo dobrih mom\u010dadi i nadam se da \u0107emo mi i\u0107i dalje.<\/p>\n\n\n\n<h3 class=\"wp-block-heading\"><strong>O hrvatskim klubovima<\/strong><\/h3>\n\n\n\n<p>Osvrnuo se \u010ca\u010di\u0107 i na lo\u0161e predstave ostalih na\u0161ih klubova u Europi:<\/p>\n\n\n\n<p>\u2013 Kad sam do\u0161ao u svla\u010dionicu i postao trener Dinama rekao sam igra\u010dima da na\u0161a liga nije toliko jaka, da smo se mi pribli\u017eili drugima, a ne da su se oni dignuli prema nama. Posljedica je bila neizvjesnost u natjecanju. Imali smo i pehova, bila je kratka pauza, krenuli smo u prvenstvo s kiksom protiv Slavena Belupa, imali smo malo prostora za rotacije, u tim smo malim mikrociklusima ispustili neke bodove. \u017dao mi je zbog takvih rezultata na\u0161ih klubova u pretkolu Konferencijske lige, i za Dinamo bi bilo dobro da podi\u017eu koeficijent, da smo bli\u017ei ulasku u skupine europskih natjecanja. Ali, kako je, tako je, nadam se da su i Osijek i Rijeka izvukli pouke. Vjerujem i navijam da Hajduk pro\u0111e, to bi bilo sjajno za hrvatski nogomet, a i nama \u0107e biti lak\u0161e ako neki klub bude igrao u ritmu srijeda-nedjelja.<\/p>\n\n\n\n<p>Za kraj je uvijek suzdr\u017eani \u010ca\u010di\u0107 nahvalio novu desetku Dinama, mladog Baturinu:<\/p>\n\n\n\n<p>\u2013 I on je posljedica moje rotacije, ali i ne samo on. Ma, suvi\u0161no je govoriti o njemu, dao sam mu broj 10 na le\u0111a i onda znate \u0161to mislim. U redu, ne bih ga dizao u nebesa, radi se o iznimno talentiranom igra\u010du, puno radi, skroman je, igra u obje faze, po\u017ertvovan je, nije sebi\u010dan, ima nagla\u0161eni talent, pi\u0161e&nbsp;<a href=\"https:\/\/sport.hrt.hr\/hrvatski-nogomet\/cacic-zadovoljan-sam-a-za-hajduk-navijam-da-prode-dalje-8779975\">HRT.<\/a><\/p>\n\n\n\n<p>Izvor:narod.hr<\/p>\n","protected":false},"excerpt":{"rendered":"<p>Nogometa\u0161i Dinama sino\u0107 su ostvarili uvjerljivu 4:1 pobjedu protiv Istre, a nastupom svojih igra\u010da posebno je zadovoljan trener Ante \u010ca\u010di\u0107. \u2013 Osim \u0161to smo osvojili va\u017ena tri boda, ovaj su put zaigrali i neki igra\u010di koje dosad nismo vidjeli. Dali smo im prostora za igru, a usput smo neke odmorili tako da zaista moramo biti [&hellip;]<\/p>\n","protected":false},"author":2,"featured_media":0,"comment_status":"closed","ping_status":"closed","sticky":false,"template":"","format":"standard","meta":{"h5ap_radio_sources":[],"footnotes":""},"categories":[7],"tags":[],"class_list":["post-164860","post","type-post","status-publish","format-standard","hentry","category-sport"],"yoast_head":"<!-- This site is optimized with the Yoast SEO plugin v27.4 - https:\/\/yoast.com\/product\/yoast-seo-wordpress\/ -->\n<title>\u010ca\u010di\u0107: Zadovoljan sam, a za Hajduk navijam da pro\u0111e dalje - RADIO LJUBU\u0160KI<\/title>\n<meta name=\"robots\" content=\"index, follow, max-snippet:-1, max-image-preview:large, max-video-preview:-1\" \/>\n<link rel=\"canonical\" href=\"https:\/\/radioljubuski.ba\/index.php\/2022\/07\/30\/cacic-zadovoljan-sam-a-za-hajduk-navijam-da-prode-dalje\/\" \/>\n<meta property=\"og:locale\" content=\"hr_HR\" \/>\n<meta property=\"og:type\" content=\"article\" \/>\n<meta property=\"og:title\" content=\"\u010ca\u010di\u0107: Zadovoljan sam, a za Hajduk navijam da pro\u0111e dalje - RADIO LJUBU\u0160KI\" \/>\n<meta property=\"og:description\" content=\"Nogometa\u0161i Dinama sino\u0107 su ostvarili uvjerljivu 4:1 pobjedu protiv Istre, a nastupom svojih igra\u010da posebno je zadovoljan trener Ante \u010ca\u010di\u0107. \u2013 Osim \u0161to smo osvojili va\u017ena tri boda, ovaj su put zaigrali i neki igra\u010di koje dosad nismo vidjeli. Dali smo im prostora za igru, a usput smo neke odmorili tako da zaista moramo biti [&hellip;]\" \/>\n<meta property=\"og:url\" content=\"https:\/\/radioljubuski.ba\/index.php\/2022\/07\/30\/cacic-zadovoljan-sam-a-za-hajduk-navijam-da-prode-dalje\/\" \/>\n<meta property=\"og:site_name\" content=\"RADIO LJUBU\u0160KI\" \/>\n<meta property=\"article:publisher\" content=\"https:\/\/www.facebook.com\/Radiio-Ljubuski-1490835324566332\" \/>\n<meta property=\"article:published_time\" content=\"2022-07-30T21:13:24+00:00\" \/>\n<meta property=\"article:modified_time\" content=\"2022-07-30T21:13:25+00:00\" \/>\n<meta property=\"og:image\" content=\"https:\/\/radioljubuski.ba\/wp-content\/uploads\/2022\/05\/cacic.jpg\" \/>\n\t<meta property=\"og:image:width\" content=\"1024\" \/>\n\t<meta property=\"og:image:height\" content=\"683\" \/>\n\t<meta property=\"og:image:type\" content=\"image\/jpeg\" \/>\n<meta name=\"author\" content=\"Radio Ljubu\u0161ki\" \/>\n<meta name=\"twitter:card\" content=\"summary_large_image\" \/>\n<meta name=\"twitter:creator\" content=\"@radioljubuski\" \/>\n<meta name=\"twitter:site\" content=\"@radioljubuski\" \/>\n<meta name=\"twitter:label1\" content=\"Napisao\/la\" \/>\n\t<meta name=\"twitter:data1\" content=\"Radio Ljubu\u0161ki\" \/>\n\t<meta name=\"twitter:label2\" content=\"Procijenjeno vrijeme \u010ditanja\" \/>\n\t<meta name=\"twitter:data2\" content=\"2 minute\" \/>\n<script type=\"application\/ld+json\" class=\"yoast-schema-graph\">{\"@context\":\"https:\\\/\\\/schema.org\",\"@graph\":[{\"@type\":\"Article\",\"@id\":\"https:\\\/\\\/radioljubuski.ba\\\/index.php\\\/2022\\\/07\\\/30\\\/cacic-zadovoljan-sam-a-za-hajduk-navijam-da-prode-dalje\\\/#article\",\"isPartOf\":{\"@id\":\"https:\\\/\\\/radioljubuski.ba\\\/index.php\\\/2022\\\/07\\\/30\\\/cacic-zadovoljan-sam-a-za-hajduk-navijam-da-prode-dalje\\\/\"},\"author\":{\"name\":\"Radio Ljubu\u0161ki\",\"@id\":\"https:\\\/\\\/radioljubuski.ba\\\/#\\\/schema\\\/person\\\/19fc700381a780f69665d7956c469e3b\"},\"headline\":\"\u010ca\u010di\u0107: Zadovoljan sam, a za Hajduk navijam da pro\u0111e dalje\",\"datePublished\":\"2022-07-30T21:13:24+00:00\",\"dateModified\":\"2022-07-30T21:13:25+00:00\",\"mainEntityOfPage\":{\"@id\":\"https:\\\/\\\/radioljubuski.ba\\\/index.php\\\/2022\\\/07\\\/30\\\/cacic-zadovoljan-sam-a-za-hajduk-navijam-da-prode-dalje\\\/\"},\"wordCount\":465,\"publisher\":{\"@id\":\"https:\\\/\\\/radioljubuski.ba\\\/#organization\"},\"articleSection\":[\"\u0160port\"],\"inLanguage\":\"hr\"},{\"@type\":\"WebPage\",\"@id\":\"https:\\\/\\\/radioljubuski.ba\\\/index.php\\\/2022\\\/07\\\/30\\\/cacic-zadovoljan-sam-a-za-hajduk-navijam-da-prode-dalje\\\/\",\"url\":\"https:\\\/\\\/radioljubuski.ba\\\/index.php\\\/2022\\\/07\\\/30\\\/cacic-zadovoljan-sam-a-za-hajduk-navijam-da-prode-dalje\\\/\",\"name\":\"\u010ca\u010di\u0107: Zadovoljan sam, a za Hajduk navijam da pro\u0111e dalje - RADIO LJUBU\u0160KI\",\"isPartOf\":{\"@id\":\"https:\\\/\\\/radioljubuski.ba\\\/#website\"},\"datePublished\":\"2022-07-30T21:13:24+00:00\",\"dateModified\":\"2022-07-30T21:13:25+00:00\",\"breadcrumb\":{\"@id\":\"https:\\\/\\\/radioljubuski.ba\\\/index.php\\\/2022\\\/07\\\/30\\\/cacic-zadovoljan-sam-a-za-hajduk-navijam-da-prode-dalje\\\/#breadcrumb\"},\"inLanguage\":\"hr\",\"potentialAction\":[{\"@type\":\"ReadAction\",\"target\":[\"https:\\\/\\\/radioljubuski.ba\\\/index.php\\\/2022\\\/07\\\/30\\\/cacic-zadovoljan-sam-a-za-hajduk-navijam-da-prode-dalje\\\/\"]}]},{\"@type\":\"BreadcrumbList\",\"@id\":\"https:\\\/\\\/radioljubuski.ba\\\/index.php\\\/2022\\\/07\\\/30\\\/cacic-zadovoljan-sam-a-za-hajduk-navijam-da-prode-dalje\\\/#breadcrumb\",\"itemListElement\":[{\"@type\":\"ListItem\",\"position\":1,\"name\":\"Po\u010detna stranica\",\"item\":\"https:\\\/\\\/radioljubuski.ba\\\/\"},{\"@type\":\"ListItem\",\"position\":2,\"name\":\"\u010ca\u010di\u0107: Zadovoljan sam, a za Hajduk navijam da pro\u0111e dalje\"}]},{\"@type\":\"WebSite\",\"@id\":\"https:\\\/\\\/radioljubuski.ba\\\/#website\",\"url\":\"https:\\\/\\\/radioljubuski.ba\\\/\",\"name\":\"Radio Ljubu\u0161ki\",\"description\":\"Sun\u010dana frekvencija Hercegovine\",\"publisher\":{\"@id\":\"https:\\\/\\\/radioljubuski.ba\\\/#organization\"},\"potentialAction\":[{\"@type\":\"SearchAction\",\"target\":{\"@type\":\"EntryPoint\",\"urlTemplate\":\"https:\\\/\\\/radioljubuski.ba\\\/?s={search_term_string}\"},\"query-input\":{\"@type\":\"PropertyValueSpecification\",\"valueRequired\":true,\"valueName\":\"search_term_string\"}}],\"inLanguage\":\"hr\"},{\"@type\":\"Organization\",\"@id\":\"https:\\\/\\\/radioljubuski.ba\\\/#organization\",\"name\":\"Radio Ljubu\u0161ki\",\"url\":\"https:\\\/\\\/radioljubuski.ba\\\/\",\"logo\":{\"@type\":\"ImageObject\",\"inLanguage\":\"hr\",\"@id\":\"https:\\\/\\\/radioljubuski.ba\\\/#\\\/schema\\\/logo\\\/image\\\/\",\"url\":\"https:\\\/\\\/radioljubuski.ba\\\/wp-content\\\/uploads\\\/2021\\\/02\\\/cropped-Radio_Ljubuski_logo1.jpg\",\"contentUrl\":\"https:\\\/\\\/radioljubuski.ba\\\/wp-content\\\/uploads\\\/2021\\\/02\\\/cropped-Radio_Ljubuski_logo1.jpg\",\"width\":512,\"height\":512,\"caption\":\"Radio Ljubu\u0161ki\"},\"image\":{\"@id\":\"https:\\\/\\\/radioljubuski.ba\\\/#\\\/schema\\\/logo\\\/image\\\/\"},\"sameAs\":[\"https:\\\/\\\/www.facebook.com\\\/Radiio-Ljubuski-1490835324566332\",\"https:\\\/\\\/x.com\\\/radioljubuski\",\"https:\\\/\\\/hr.linkedin.com\\\/company\\\/radio-ljubuski\",\"https:\\\/\\\/www.youtube.com\\\/channel\\\/UCHYaeO_n0Db3tjNGudGpXyw\"]},{\"@type\":\"Person\",\"@id\":\"https:\\\/\\\/radioljubuski.ba\\\/#\\\/schema\\\/person\\\/19fc700381a780f69665d7956c469e3b\",\"name\":\"Radio Ljubu\u0161ki\"}]}<\/script>\n<!-- \/ Yoast SEO plugin. -->","yoast_head_json":{"title":"\u010ca\u010di\u0107: Zadovoljan sam, a za Hajduk navijam da pro\u0111e dalje - RADIO LJUBU\u0160KI","robots":{"index":"index","follow":"follow","max-snippet":"max-snippet:-1","max-image-preview":"max-image-preview:large","max-video-preview":"max-video-preview:-1"},"canonical":"https:\/\/radioljubuski.ba\/index.php\/2022\/07\/30\/cacic-zadovoljan-sam-a-za-hajduk-navijam-da-prode-dalje\/","og_locale":"hr_HR","og_type":"article","og_title":"\u010ca\u010di\u0107: Zadovoljan sam, a za Hajduk navijam da pro\u0111e dalje - RADIO LJUBU\u0160KI","og_description":"Nogometa\u0161i Dinama sino\u0107 su ostvarili uvjerljivu 4:1 pobjedu protiv Istre, a nastupom svojih igra\u010da posebno je zadovoljan trener Ante \u010ca\u010di\u0107. \u2013 Osim \u0161to smo osvojili va\u017ena tri boda, ovaj su put zaigrali i neki igra\u010di koje dosad nismo vidjeli. Dali smo im prostora za igru, a usput smo neke odmorili tako da zaista moramo biti [&hellip;]","og_url":"https:\/\/radioljubuski.ba\/index.php\/2022\/07\/30\/cacic-zadovoljan-sam-a-za-hajduk-navijam-da-prode-dalje\/","og_site_name":"RADIO LJUBU\u0160KI","article_publisher":"https:\/\/www.facebook.com\/Radiio-Ljubuski-1490835324566332","article_published_time":"2022-07-30T21:13:24+00:00","article_modified_time":"2022-07-30T21:13:25+00:00","og_image":[{"width":1024,"height":683,"url":"https:\/\/radioljubuski.ba\/wp-content\/uploads\/2022\/05\/cacic.jpg","type":"image\/jpeg"}],"author":"Radio Ljubu\u0161ki","twitter_card":"summary_large_image","twitter_creator":"@radioljubuski","twitter_site":"@radioljubuski","twitter_misc":{"Napisao\/la":"Radio Ljubu\u0161ki","Procijenjeno vrijeme \u010ditanja":"2 minute"},"schema":{"@context":"https:\/\/schema.org","@graph":[{"@type":"Article","@id":"https:\/\/radioljubuski.ba\/index.php\/2022\/07\/30\/cacic-zadovoljan-sam-a-za-hajduk-navijam-da-prode-dalje\/#article","isPartOf":{"@id":"https:\/\/radioljubuski.ba\/index.php\/2022\/07\/30\/cacic-zadovoljan-sam-a-za-hajduk-navijam-da-prode-dalje\/"},"author":{"name":"Radio Ljubu\u0161ki","@id":"https:\/\/radioljubuski.ba\/#\/schema\/person\/19fc700381a780f69665d7956c469e3b"},"headline":"\u010ca\u010di\u0107: Zadovoljan sam, a za Hajduk navijam da pro\u0111e dalje","datePublished":"2022-07-30T21:13:24+00:00","dateModified":"2022-07-30T21:13:25+00:00","mainEntityOfPage":{"@id":"https:\/\/radioljubuski.ba\/index.php\/2022\/07\/30\/cacic-zadovoljan-sam-a-za-hajduk-navijam-da-prode-dalje\/"},"wordCount":465,"publisher":{"@id":"https:\/\/radioljubuski.ba\/#organization"},"articleSection":["\u0160port"],"inLanguage":"hr"},{"@type":"WebPage","@id":"https:\/\/radioljubuski.ba\/index.php\/2022\/07\/30\/cacic-zadovoljan-sam-a-za-hajduk-navijam-da-prode-dalje\/","url":"https:\/\/radioljubuski.ba\/index.php\/2022\/07\/30\/cacic-zadovoljan-sam-a-za-hajduk-navijam-da-prode-dalje\/","name":"\u010ca\u010di\u0107: Zadovoljan sam, a za Hajduk navijam da pro\u0111e dalje - RADIO LJUBU\u0160KI","isPartOf":{"@id":"https:\/\/radioljubuski.ba\/#website"},"datePublished":"2022-07-30T21:13:24+00:00","dateModified":"2022-07-30T21:13:25+00:00","breadcrumb":{"@id":"https:\/\/radioljubuski.ba\/index.php\/2022\/07\/30\/cacic-zadovoljan-sam-a-za-hajduk-navijam-da-prode-dalje\/#breadcrumb"},"inLanguage":"hr","potentialAction":[{"@type":"ReadAction","target":["https:\/\/radioljubuski.ba\/index.php\/2022\/07\/30\/cacic-zadovoljan-sam-a-za-hajduk-navijam-da-prode-dalje\/"]}]},{"@type":"BreadcrumbList","@id":"https:\/\/radioljubuski.ba\/index.php\/2022\/07\/30\/cacic-zadovoljan-sam-a-za-hajduk-navijam-da-prode-dalje\/#breadcrumb","itemListElement":[{"@type":"ListItem","position":1,"name":"Po\u010detna stranica","item":"https:\/\/radioljubuski.ba\/"},{"@type":"ListItem","position":2,"name":"\u010ca\u010di\u0107: Zadovoljan sam, a za Hajduk navijam da pro\u0111e dalje"}]},{"@type":"WebSite","@id":"https:\/\/radioljubuski.ba\/#website","url":"https:\/\/radioljubuski.ba\/","name":"Radio Ljubu\u0161ki","description":"Sun\u010dana frekvencija Hercegovine","publisher":{"@id":"https:\/\/radioljubuski.ba\/#organization"},"potentialAction":[{"@type":"SearchAction","target":{"@type":"EntryPoint","urlTemplate":"https:\/\/radioljubuski.ba\/?s={search_term_string}"},"query-input":{"@type":"PropertyValueSpecification","valueRequired":true,"valueName":"search_term_string"}}],"inLanguage":"hr"},{"@type":"Organization","@id":"https:\/\/radioljubuski.ba\/#organization","name":"Radio Ljubu\u0161ki","url":"https:\/\/radioljubuski.ba\/","logo":{"@type":"ImageObject","inLanguage":"hr","@id":"https:\/\/radioljubuski.ba\/#\/schema\/logo\/image\/","url":"https:\/\/radioljubuski.ba\/wp-content\/uploads\/2021\/02\/cropped-Radio_Ljubuski_logo1.jpg","contentUrl":"https:\/\/radioljubuski.ba\/wp-content\/uploads\/2021\/02\/cropped-Radio_Ljubuski_logo1.jpg","width":512,"height":512,"caption":"Radio Ljubu\u0161ki"},"image":{"@id":"https:\/\/radioljubuski.ba\/#\/schema\/logo\/image\/"},"sameAs":["https:\/\/www.facebook.com\/Radiio-Ljubuski-1490835324566332","https:\/\/x.com\/radioljubuski","https:\/\/hr.linkedin.com\/company\/radio-ljubuski","https:\/\/www.youtube.com\/channel\/UCHYaeO_n0Db3tjNGudGpXyw"]},{"@type":"Person","@id":"https:\/\/radioljubuski.ba\/#\/schema\/person\/19fc700381a780f69665d7956c469e3b","name":"Radio Ljubu\u0161ki"}]}},"_links":{"self":[{"href":"https:\/\/radioljubuski.ba\/index.php\/wp-json\/wp\/v2\/posts\/164860","targetHints":{"allow":["GET"]}}],"collection":[{"href":"https:\/\/radioljubuski.ba\/index.php\/wp-json\/wp\/v2\/posts"}],"about":[{"href":"https:\/\/radioljubuski.ba\/index.php\/wp-json\/wp\/v2\/types\/post"}],"author":[{"embeddable":true,"href":"https:\/\/radioljubuski.ba\/index.php\/wp-json\/wp\/v2\/users\/2"}],"replies":[{"embeddable":true,"href":"https:\/\/radioljubuski.ba\/index.php\/wp-json\/wp\/v2\/comments?post=164860"}],"version-history":[{"count":1,"href":"https:\/\/radioljubuski.ba\/index.php\/wp-json\/wp\/v2\/posts\/164860\/revisions"}],"predecessor-version":[{"id":164861,"href":"https:\/\/radioljubuski.ba\/index.php\/wp-json\/wp\/v2\/posts\/164860\/revisions\/164861"}],"wp:attachment":[{"href":"https:\/\/radioljubuski.ba\/index.php\/wp-json\/wp\/v2\/media?parent=164860"}],"wp:term":[{"taxonomy":"category","embeddable":true,"href":"https:\/\/radioljubuski.ba\/index.php\/wp-json\/wp\/v2\/categories?post=164860"},{"taxonomy":"post_tag","embeddable":true,"href":"https:\/\/radioljubuski.ba\/index.php\/wp-json\/wp\/v2\/tags?post=164860"}],"curies":[{"name":"wp","href":"https:\/\/api.w.org\/{rel}","templated":true}]}}