{"id":164867,"date":"2022-07-30T22:16:17","date_gmt":"2022-07-30T21:16:17","guid":{"rendered":"https:\/\/radioljubuski.ba\/?p=164867"},"modified":"2022-07-30T22:16:18","modified_gmt":"2022-07-30T21:16:18","slug":"lewandowski-objasnio-zasto-se-razisao-s-bayernom","status":"publish","type":"post","link":"https:\/\/radioljubuski.ba\/index.php\/2022\/07\/30\/lewandowski-objasnio-zasto-se-razisao-s-bayernom\/","title":{"rendered":"Lewandowski objasnio za\u0161to se razi\u0161ao s Bayernom"},"content":{"rendered":"\n<p>Robert Lewandowski je nakon osam godina napustio Bayern i oti\u0161ao u Barcelonu, a sad je progovorio o razlozima.<\/p>\n\n\n\n<p>\u201cJa sam \u010dovjek kojem je istina najva\u017enija, pa i kad je lo\u0161a po mene. Ne \u017eelim vam otkriti \u0161to se to\u010dno doga\u0111alo, ali nije to zbog njega. Ne vidim za\u0161to bi bio problem da je do\u0161ao tu\u201d, rekao je Lewa za ESPN pa dodao:<\/p>\n\n\n\n<p>\u201cOdre\u0111eni ljudi su mi lagali. Jedno su pri\u010dali, a drugo radili. Ja sam htio da sve bude \u010disto i nekima je to bio problem. Osjetio sam to i znao sam da je pravi trenutak da odem iz kluba. Osje\u0107am da sam sada na pravom mjestu. Bilo je vrijeme za novo poglavlje u \u017eivotu i karijeri. Dosta je politike bilo u posljednjih nekoliko tjedana kada sam poku\u0161avao oti\u0107i. Klub je poku\u0161avao prona\u0107i razlog zbog kojeg me prodaje jer je te\u0161ko objasniti sve navija\u010dima.\u201d<\/p>\n\n\n\n<p>\u201cMorao sam prihvatiti takav odnos iako se o meni govorilo dosta gluposti i s*anja. To nisu bile istine, ali znam da su i danas navija\u010di na mojoj strani\u201d, zaklju\u010dio je.<\/p>\n\n\n\n<p><em>Izvor: narod.hr<\/em><\/p>\n","protected":false},"excerpt":{"rendered":"<p>Robert Lewandowski je nakon osam godina napustio Bayern i oti\u0161ao u Barcelonu, a sad je progovorio o razlozima. \u201cJa sam \u010dovjek kojem je istina najva\u017enija, pa i kad je lo\u0161a po mene. Ne \u017eelim vam otkriti \u0161to se to\u010dno doga\u0111alo, ali nije to zbog njega. Ne vidim za\u0161to bi bio problem da je do\u0161ao tu\u201d, [&hellip;]<\/p>\n","protected":false},"author":2,"featured_media":164868,"comment_status":"closed","ping_status":"closed","sticky":false,"template":"","format":"standard","meta":{"h5ap_radio_sources":[],"footnotes":""},"categories":[7],"tags":[],"class_list":["post-164867","post","type-post","status-publish","format-standard","has-post-thumbnail","hentry","category-sport"],"yoast_head":"<!-- This site is optimized with the Yoast SEO plugin v27.4 - https:\/\/yoast.com\/product\/yoast-seo-wordpress\/ -->\n<title>Lewandowski objasnio za\u0161to se razi\u0161ao s Bayernom - RADIO LJUBU\u0160KI<\/title>\n<meta name=\"robots\" content=\"index, follow, max-snippet:-1, max-image-preview:large, max-video-preview:-1\" \/>\n<link rel=\"canonical\" href=\"https:\/\/radioljubuski.ba\/index.php\/2022\/07\/30\/lewandowski-objasnio-zasto-se-razisao-s-bayernom\/\" \/>\n<meta property=\"og:locale\" content=\"hr_HR\" \/>\n<meta property=\"og:type\" content=\"article\" \/>\n<meta property=\"og:title\" content=\"Lewandowski objasnio za\u0161to se razi\u0161ao s Bayernom - RADIO LJUBU\u0160KI\" \/>\n<meta property=\"og:description\" content=\"Robert Lewandowski je nakon osam godina napustio Bayern i oti\u0161ao u Barcelonu, a sad je progovorio o razlozima. \u201cJa sam \u010dovjek kojem je istina najva\u017enija, pa i kad je lo\u0161a po mene. Ne \u017eelim vam otkriti \u0161to se to\u010dno doga\u0111alo, ali nije to zbog njega. Ne vidim za\u0161to bi bio problem da je do\u0161ao tu\u201d, [&hellip;]\" \/>\n<meta property=\"og:url\" content=\"https:\/\/radioljubuski.ba\/index.php\/2022\/07\/30\/lewandowski-objasnio-zasto-se-razisao-s-bayernom\/\" \/>\n<meta property=\"og:site_name\" content=\"RADIO LJUBU\u0160KI\" \/>\n<meta property=\"article:publisher\" content=\"https:\/\/www.facebook.com\/Radiio-Ljubuski-1490835324566332\" \/>\n<meta property=\"article:published_time\" content=\"2022-07-30T21:16:17+00:00\" \/>\n<meta property=\"article:modified_time\" content=\"2022-07-30T21:16:18+00:00\" \/>\n<meta property=\"og:image\" content=\"https:\/\/radioljubuski.ba\/wp-content\/uploads\/2022\/07\/HN20220412484530-696x464-1.jpg\" \/>\n\t<meta property=\"og:image:width\" content=\"696\" \/>\n\t<meta property=\"og:image:height\" content=\"464\" \/>\n\t<meta property=\"og:image:type\" content=\"image\/jpeg\" \/>\n<meta name=\"author\" content=\"Radio Ljubu\u0161ki\" \/>\n<meta name=\"twitter:card\" content=\"summary_large_image\" \/>\n<meta name=\"twitter:creator\" content=\"@radioljubuski\" \/>\n<meta name=\"twitter:site\" content=\"@radioljubuski\" \/>\n<meta name=\"twitter:label1\" content=\"Napisao\/la\" \/>\n\t<meta name=\"twitter:data1\" content=\"Radio Ljubu\u0161ki\" \/>\n\t<meta name=\"twitter:label2\" content=\"Procijenjeno vrijeme \u010ditanja\" \/>\n\t<meta name=\"twitter:data2\" content=\"1 minuta\" \/>\n<script type=\"application\/ld+json\" class=\"yoast-schema-graph\">{\"@context\":\"https:\\\/\\\/schema.org\",\"@graph\":[{\"@type\":\"Article\",\"@id\":\"https:\\\/\\\/radioljubuski.ba\\\/index.php\\\/2022\\\/07\\\/30\\\/lewandowski-objasnio-zasto-se-razisao-s-bayernom\\\/#article\",\"isPartOf\":{\"@id\":\"https:\\\/\\\/radioljubuski.ba\\\/index.php\\\/2022\\\/07\\\/30\\\/lewandowski-objasnio-zasto-se-razisao-s-bayernom\\\/\"},\"author\":{\"name\":\"Radio Ljubu\u0161ki\",\"@id\":\"https:\\\/\\\/radioljubuski.ba\\\/#\\\/schema\\\/person\\\/19fc700381a780f69665d7956c469e3b\"},\"headline\":\"Lewandowski objasnio za\u0161to se razi\u0161ao s Bayernom\",\"datePublished\":\"2022-07-30T21:16:17+00:00\",\"dateModified\":\"2022-07-30T21:16:18+00:00\",\"mainEntityOfPage\":{\"@id\":\"https:\\\/\\\/radioljubuski.ba\\\/index.php\\\/2022\\\/07\\\/30\\\/lewandowski-objasnio-zasto-se-razisao-s-bayernom\\\/\"},\"wordCount\":205,\"publisher\":{\"@id\":\"https:\\\/\\\/radioljubuski.ba\\\/#organization\"},\"image\":{\"@id\":\"https:\\\/\\\/radioljubuski.ba\\\/index.php\\\/2022\\\/07\\\/30\\\/lewandowski-objasnio-zasto-se-razisao-s-bayernom\\\/#primaryimage\"},\"thumbnailUrl\":\"https:\\\/\\\/radioljubuski.ba\\\/wp-content\\\/uploads\\\/2022\\\/07\\\/HN20220412484530-696x464-1.jpg\",\"articleSection\":[\"\u0160port\"],\"inLanguage\":\"hr\"},{\"@type\":\"WebPage\",\"@id\":\"https:\\\/\\\/radioljubuski.ba\\\/index.php\\\/2022\\\/07\\\/30\\\/lewandowski-objasnio-zasto-se-razisao-s-bayernom\\\/\",\"url\":\"https:\\\/\\\/radioljubuski.ba\\\/index.php\\\/2022\\\/07\\\/30\\\/lewandowski-objasnio-zasto-se-razisao-s-bayernom\\\/\",\"name\":\"Lewandowski objasnio za\u0161to se razi\u0161ao s Bayernom - RADIO LJUBU\u0160KI\",\"isPartOf\":{\"@id\":\"https:\\\/\\\/radioljubuski.ba\\\/#website\"},\"primaryImageOfPage\":{\"@id\":\"https:\\\/\\\/radioljubuski.ba\\\/index.php\\\/2022\\\/07\\\/30\\\/lewandowski-objasnio-zasto-se-razisao-s-bayernom\\\/#primaryimage\"},\"image\":{\"@id\":\"https:\\\/\\\/radioljubuski.ba\\\/index.php\\\/2022\\\/07\\\/30\\\/lewandowski-objasnio-zasto-se-razisao-s-bayernom\\\/#primaryimage\"},\"thumbnailUrl\":\"https:\\\/\\\/radioljubuski.ba\\\/wp-content\\\/uploads\\\/2022\\\/07\\\/HN20220412484530-696x464-1.jpg\",\"datePublished\":\"2022-07-30T21:16:17+00:00\",\"dateModified\":\"2022-07-30T21:16:18+00:00\",\"breadcrumb\":{\"@id\":\"https:\\\/\\\/radioljubuski.ba\\\/index.php\\\/2022\\\/07\\\/30\\\/lewandowski-objasnio-zasto-se-razisao-s-bayernom\\\/#breadcrumb\"},\"inLanguage\":\"hr\",\"potentialAction\":[{\"@type\":\"ReadAction\",\"target\":[\"https:\\\/\\\/radioljubuski.ba\\\/index.php\\\/2022\\\/07\\\/30\\\/lewandowski-objasnio-zasto-se-razisao-s-bayernom\\\/\"]}]},{\"@type\":\"ImageObject\",\"inLanguage\":\"hr\",\"@id\":\"https:\\\/\\\/radioljubuski.ba\\\/index.php\\\/2022\\\/07\\\/30\\\/lewandowski-objasnio-zasto-se-razisao-s-bayernom\\\/#primaryimage\",\"url\":\"https:\\\/\\\/radioljubuski.ba\\\/wp-content\\\/uploads\\\/2022\\\/07\\\/HN20220412484530-696x464-1.jpg\",\"contentUrl\":\"https:\\\/\\\/radioljubuski.ba\\\/wp-content\\\/uploads\\\/2022\\\/07\\\/HN20220412484530-696x464-1.jpg\",\"width\":696,\"height\":464},{\"@type\":\"BreadcrumbList\",\"@id\":\"https:\\\/\\\/radioljubuski.ba\\\/index.php\\\/2022\\\/07\\\/30\\\/lewandowski-objasnio-zasto-se-razisao-s-bayernom\\\/#breadcrumb\",\"itemListElement\":[{\"@type\":\"ListItem\",\"position\":1,\"name\":\"Po\u010detna stranica\",\"item\":\"https:\\\/\\\/radioljubuski.ba\\\/\"},{\"@type\":\"ListItem\",\"position\":2,\"name\":\"Lewandowski objasnio za\u0161to se razi\u0161ao s Bayernom\"}]},{\"@type\":\"WebSite\",\"@id\":\"https:\\\/\\\/radioljubuski.ba\\\/#website\",\"url\":\"https:\\\/\\\/radioljubuski.ba\\\/\",\"name\":\"Radio Ljubu\u0161ki\",\"description\":\"Sun\u010dana frekvencija Hercegovine\",\"publisher\":{\"@id\":\"https:\\\/\\\/radioljubuski.ba\\\/#organization\"},\"potentialAction\":[{\"@type\":\"SearchAction\",\"target\":{\"@type\":\"EntryPoint\",\"urlTemplate\":\"https:\\\/\\\/radioljubuski.ba\\\/?s={search_term_string}\"},\"query-input\":{\"@type\":\"PropertyValueSpecification\",\"valueRequired\":true,\"valueName\":\"search_term_string\"}}],\"inLanguage\":\"hr\"},{\"@type\":\"Organization\",\"@id\":\"https:\\\/\\\/radioljubuski.ba\\\/#organization\",\"name\":\"Radio Ljubu\u0161ki\",\"url\":\"https:\\\/\\\/radioljubuski.ba\\\/\",\"logo\":{\"@type\":\"ImageObject\",\"inLanguage\":\"hr\",\"@id\":\"https:\\\/\\\/radioljubuski.ba\\\/#\\\/schema\\\/logo\\\/image\\\/\",\"url\":\"https:\\\/\\\/radioljubuski.ba\\\/wp-content\\\/uploads\\\/2021\\\/02\\\/cropped-Radio_Ljubuski_logo1.jpg\",\"contentUrl\":\"https:\\\/\\\/radioljubuski.ba\\\/wp-content\\\/uploads\\\/2021\\\/02\\\/cropped-Radio_Ljubuski_logo1.jpg\",\"width\":512,\"height\":512,\"caption\":\"Radio Ljubu\u0161ki\"},\"image\":{\"@id\":\"https:\\\/\\\/radioljubuski.ba\\\/#\\\/schema\\\/logo\\\/image\\\/\"},\"sameAs\":[\"https:\\\/\\\/www.facebook.com\\\/Radiio-Ljubuski-1490835324566332\",\"https:\\\/\\\/x.com\\\/radioljubuski\",\"https:\\\/\\\/hr.linkedin.com\\\/company\\\/radio-ljubuski\",\"https:\\\/\\\/www.youtube.com\\\/channel\\\/UCHYaeO_n0Db3tjNGudGpXyw\"]},{\"@type\":\"Person\",\"@id\":\"https:\\\/\\\/radioljubuski.ba\\\/#\\\/schema\\\/person\\\/19fc700381a780f69665d7956c469e3b\",\"name\":\"Radio Ljubu\u0161ki\"}]}<\/script>\n<!-- \/ Yoast SEO plugin. -->","yoast_head_json":{"title":"Lewandowski objasnio za\u0161to se razi\u0161ao s Bayernom - RADIO LJUBU\u0160KI","robots":{"index":"index","follow":"follow","max-snippet":"max-snippet:-1","max-image-preview":"max-image-preview:large","max-video-preview":"max-video-preview:-1"},"canonical":"https:\/\/radioljubuski.ba\/index.php\/2022\/07\/30\/lewandowski-objasnio-zasto-se-razisao-s-bayernom\/","og_locale":"hr_HR","og_type":"article","og_title":"Lewandowski objasnio za\u0161to se razi\u0161ao s Bayernom - RADIO LJUBU\u0160KI","og_description":"Robert Lewandowski je nakon osam godina napustio Bayern i oti\u0161ao u Barcelonu, a sad je progovorio o razlozima. \u201cJa sam \u010dovjek kojem je istina najva\u017enija, pa i kad je lo\u0161a po mene. Ne \u017eelim vam otkriti \u0161to se to\u010dno doga\u0111alo, ali nije to zbog njega. Ne vidim za\u0161to bi bio problem da je do\u0161ao tu\u201d, [&hellip;]","og_url":"https:\/\/radioljubuski.ba\/index.php\/2022\/07\/30\/lewandowski-objasnio-zasto-se-razisao-s-bayernom\/","og_site_name":"RADIO LJUBU\u0160KI","article_publisher":"https:\/\/www.facebook.com\/Radiio-Ljubuski-1490835324566332","article_published_time":"2022-07-30T21:16:17+00:00","article_modified_time":"2022-07-30T21:16:18+00:00","og_image":[{"width":696,"height":464,"url":"https:\/\/radioljubuski.ba\/wp-content\/uploads\/2022\/07\/HN20220412484530-696x464-1.jpg","type":"image\/jpeg"}],"author":"Radio Ljubu\u0161ki","twitter_card":"summary_large_image","twitter_creator":"@radioljubuski","twitter_site":"@radioljubuski","twitter_misc":{"Napisao\/la":"Radio Ljubu\u0161ki","Procijenjeno vrijeme \u010ditanja":"1 minuta"},"schema":{"@context":"https:\/\/schema.org","@graph":[{"@type":"Article","@id":"https:\/\/radioljubuski.ba\/index.php\/2022\/07\/30\/lewandowski-objasnio-zasto-se-razisao-s-bayernom\/#article","isPartOf":{"@id":"https:\/\/radioljubuski.ba\/index.php\/2022\/07\/30\/lewandowski-objasnio-zasto-se-razisao-s-bayernom\/"},"author":{"name":"Radio Ljubu\u0161ki","@id":"https:\/\/radioljubuski.ba\/#\/schema\/person\/19fc700381a780f69665d7956c469e3b"},"headline":"Lewandowski objasnio za\u0161to se razi\u0161ao s Bayernom","datePublished":"2022-07-30T21:16:17+00:00","dateModified":"2022-07-30T21:16:18+00:00","mainEntityOfPage":{"@id":"https:\/\/radioljubuski.ba\/index.php\/2022\/07\/30\/lewandowski-objasnio-zasto-se-razisao-s-bayernom\/"},"wordCount":205,"publisher":{"@id":"https:\/\/radioljubuski.ba\/#organization"},"image":{"@id":"https:\/\/radioljubuski.ba\/index.php\/2022\/07\/30\/lewandowski-objasnio-zasto-se-razisao-s-bayernom\/#primaryimage"},"thumbnailUrl":"https:\/\/radioljubuski.ba\/wp-content\/uploads\/2022\/07\/HN20220412484530-696x464-1.jpg","articleSection":["\u0160port"],"inLanguage":"hr"},{"@type":"WebPage","@id":"https:\/\/radioljubuski.ba\/index.php\/2022\/07\/30\/lewandowski-objasnio-zasto-se-razisao-s-bayernom\/","url":"https:\/\/radioljubuski.ba\/index.php\/2022\/07\/30\/lewandowski-objasnio-zasto-se-razisao-s-bayernom\/","name":"Lewandowski objasnio za\u0161to se razi\u0161ao s Bayernom - RADIO LJUBU\u0160KI","isPartOf":{"@id":"https:\/\/radioljubuski.ba\/#website"},"primaryImageOfPage":{"@id":"https:\/\/radioljubuski.ba\/index.php\/2022\/07\/30\/lewandowski-objasnio-zasto-se-razisao-s-bayernom\/#primaryimage"},"image":{"@id":"https:\/\/radioljubuski.ba\/index.php\/2022\/07\/30\/lewandowski-objasnio-zasto-se-razisao-s-bayernom\/#primaryimage"},"thumbnailUrl":"https:\/\/radioljubuski.ba\/wp-content\/uploads\/2022\/07\/HN20220412484530-696x464-1.jpg","datePublished":"2022-07-30T21:16:17+00:00","dateModified":"2022-07-30T21:16:18+00:00","breadcrumb":{"@id":"https:\/\/radioljubuski.ba\/index.php\/2022\/07\/30\/lewandowski-objasnio-zasto-se-razisao-s-bayernom\/#breadcrumb"},"inLanguage":"hr","potentialAction":[{"@type":"ReadAction","target":["https:\/\/radioljubuski.ba\/index.php\/2022\/07\/30\/lewandowski-objasnio-zasto-se-razisao-s-bayernom\/"]}]},{"@type":"ImageObject","inLanguage":"hr","@id":"https:\/\/radioljubuski.ba\/index.php\/2022\/07\/30\/lewandowski-objasnio-zasto-se-razisao-s-bayernom\/#primaryimage","url":"https:\/\/radioljubuski.ba\/wp-content\/uploads\/2022\/07\/HN20220412484530-696x464-1.jpg","contentUrl":"https:\/\/radioljubuski.ba\/wp-content\/uploads\/2022\/07\/HN20220412484530-696x464-1.jpg","width":696,"height":464},{"@type":"BreadcrumbList","@id":"https:\/\/radioljubuski.ba\/index.php\/2022\/07\/30\/lewandowski-objasnio-zasto-se-razisao-s-bayernom\/#breadcrumb","itemListElement":[{"@type":"ListItem","position":1,"name":"Po\u010detna stranica","item":"https:\/\/radioljubuski.ba\/"},{"@type":"ListItem","position":2,"name":"Lewandowski objasnio za\u0161to se razi\u0161ao s Bayernom"}]},{"@type":"WebSite","@id":"https:\/\/radioljubuski.ba\/#website","url":"https:\/\/radioljubuski.ba\/","name":"Radio Ljubu\u0161ki","description":"Sun\u010dana frekvencija Hercegovine","publisher":{"@id":"https:\/\/radioljubuski.ba\/#organization"},"potentialAction":[{"@type":"SearchAction","target":{"@type":"EntryPoint","urlTemplate":"https:\/\/radioljubuski.ba\/?s={search_term_string}"},"query-input":{"@type":"PropertyValueSpecification","valueRequired":true,"valueName":"search_term_string"}}],"inLanguage":"hr"},{"@type":"Organization","@id":"https:\/\/radioljubuski.ba\/#organization","name":"Radio Ljubu\u0161ki","url":"https:\/\/radioljubuski.ba\/","logo":{"@type":"ImageObject","inLanguage":"hr","@id":"https:\/\/radioljubuski.ba\/#\/schema\/logo\/image\/","url":"https:\/\/radioljubuski.ba\/wp-content\/uploads\/2021\/02\/cropped-Radio_Ljubuski_logo1.jpg","contentUrl":"https:\/\/radioljubuski.ba\/wp-content\/uploads\/2021\/02\/cropped-Radio_Ljubuski_logo1.jpg","width":512,"height":512,"caption":"Radio Ljubu\u0161ki"},"image":{"@id":"https:\/\/radioljubuski.ba\/#\/schema\/logo\/image\/"},"sameAs":["https:\/\/www.facebook.com\/Radiio-Ljubuski-1490835324566332","https:\/\/x.com\/radioljubuski","https:\/\/hr.linkedin.com\/company\/radio-ljubuski","https:\/\/www.youtube.com\/channel\/UCHYaeO_n0Db3tjNGudGpXyw"]},{"@type":"Person","@id":"https:\/\/radioljubuski.ba\/#\/schema\/person\/19fc700381a780f69665d7956c469e3b","name":"Radio Ljubu\u0161ki"}]}},"_links":{"self":[{"href":"https:\/\/radioljubuski.ba\/index.php\/wp-json\/wp\/v2\/posts\/164867","targetHints":{"allow":["GET"]}}],"collection":[{"href":"https:\/\/radioljubuski.ba\/index.php\/wp-json\/wp\/v2\/posts"}],"about":[{"href":"https:\/\/radioljubuski.ba\/index.php\/wp-json\/wp\/v2\/types\/post"}],"author":[{"embeddable":true,"href":"https:\/\/radioljubuski.ba\/index.php\/wp-json\/wp\/v2\/users\/2"}],"replies":[{"embeddable":true,"href":"https:\/\/radioljubuski.ba\/index.php\/wp-json\/wp\/v2\/comments?post=164867"}],"version-history":[{"count":1,"href":"https:\/\/radioljubuski.ba\/index.php\/wp-json\/wp\/v2\/posts\/164867\/revisions"}],"predecessor-version":[{"id":164869,"href":"https:\/\/radioljubuski.ba\/index.php\/wp-json\/wp\/v2\/posts\/164867\/revisions\/164869"}],"wp:featuredmedia":[{"embeddable":true,"href":"https:\/\/radioljubuski.ba\/index.php\/wp-json\/wp\/v2\/media\/164868"}],"wp:attachment":[{"href":"https:\/\/radioljubuski.ba\/index.php\/wp-json\/wp\/v2\/media?parent=164867"}],"wp:term":[{"taxonomy":"category","embeddable":true,"href":"https:\/\/radioljubuski.ba\/index.php\/wp-json\/wp\/v2\/categories?post=164867"},{"taxonomy":"post_tag","embeddable":true,"href":"https:\/\/radioljubuski.ba\/index.php\/wp-json\/wp\/v2\/tags?post=164867"}],"curies":[{"name":"wp","href":"https:\/\/api.w.org\/{rel}","templated":true}]}}