{"id":164873,"date":"2022-07-30T22:18:28","date_gmt":"2022-07-30T21:18:28","guid":{"rendered":"https:\/\/radioljubuski.ba\/?p=164873"},"modified":"2022-07-30T22:18:29","modified_gmt":"2022-07-30T21:18:29","slug":"bjelica-moramo-biti-zajedno-vise-nego-ikad","status":"publish","type":"post","link":"https:\/\/radioljubuski.ba\/index.php\/2022\/07\/30\/bjelica-moramo-biti-zajedno-vise-nego-ikad\/","title":{"rendered":"Bjelica: Moramo biti zajedno vi\u0161e nego ikad"},"content":{"rendered":"\n<p>Nogometa\u0161i Osijeka u nedjelju od 18.55 sati na stadionu Gradski vrt igraju utakmicu 3. kola SuperSport Hrvatske nogometne lige protiv Slaven Belupa.<\/p>\n\n\n\n<p>Osje\u010danima ogled protiv \u2018Farmaceuta\u2019 dolazi nakon najve\u0107eg debakla u europskim natjecanjima i ispadanja od kazahstanskog Kizil\u017eara:<\/p>\n\n\n\n<p>\u2013 Nije se ni\u0161ta promijenilo u mom razmi\u0161ljanju, te\u0161ko je analizirati pro\u0161lu utakmicu. Mislim da smo u prvom poluvremenu imali sve pod kontrolom, nedostajalo nam je mo\u017eda malo vi\u0161e prilika za pogodak, ali suparnika koji se nisko branio s 11 igra\u010da bilo je te\u0161ko probiti, ka\u017ee Nenad Bjelica.<\/p>\n\n\n\n<p>Ponovio je jo\u0161 jednom trener Osje\u010dana da ih je sve \u0161okirao prvi gol, poslije toga nije bilo igre u redovima Bijelo-plavih:<\/p>\n\n\n\n<p>Opet smo do\u0161li do nekih udaraca i opasnih situacija, u obrani bili neprikosnoveni, a onda se nakon tog pogotka u nas uvukao neki strah, nervoza \u0161to je dovelo do drugog gola. Dogodila se totalna blokada, te\u0161ko je to objasniti, ali dogodilo se i nadam se da se vi\u0161e ne\u0107e ponavljati.<\/p>\n\n\n\n<p>Te\u017eak je ovo udarac za Osijek, odmah na po\u010detku nove sezone navija\u010di su tra\u017eili smjenu trenera, ali Bjelica ne odustaje i poziva sve na zajedni\u0161tvo:<\/p>\n\n\n\n<p>\u2013 Imali smo veliku podr\u0161ku navija\u010da, hvala im na tome. Sinergija je u ove dvije doma\u0107e utakmice bila vrhunska, na \u017ealost razo\u010darali smo ih na\u0161om igrom i rezultatom. Nemamo \u0161to drugo nego okrenuti se idu\u0107oj utakmici a to je Slaven Belupo u nedjelju, skupiti se izme\u0111u sebe, biti zajedno vi\u0161e nego ikad i poku\u0161ati dobiti utakmicu.<\/p>\n\n\n\n<p>U ogled protiv Slaven Belupa Bjelica ulazi bez Marina Leovca, ali se nakon suspenzije vra\u0107a Kristijan Lovri\u0107.<\/p>\n\n\n\n<p><em>Izvor: narod.hr\/nk osijek<\/em><\/p>\n","protected":false},"excerpt":{"rendered":"<p>Nogometa\u0161i Osijeka u nedjelju od 18.55 sati na stadionu Gradski vrt igraju utakmicu 3. kola SuperSport Hrvatske nogometne lige protiv Slaven Belupa. Osje\u010danima ogled protiv \u2018Farmaceuta\u2019 dolazi nakon najve\u0107eg debakla u europskim natjecanjima i ispadanja od kazahstanskog Kizil\u017eara: \u2013 Nije se ni\u0161ta promijenilo u mom razmi\u0161ljanju, te\u0161ko je analizirati pro\u0161lu utakmicu. Mislim da smo u [&hellip;]<\/p>\n","protected":false},"author":2,"featured_media":43175,"comment_status":"closed","ping_status":"closed","sticky":false,"template":"","format":"standard","meta":{"h5ap_radio_sources":[],"footnotes":""},"categories":[7],"tags":[],"class_list":["post-164873","post","type-post","status-publish","format-standard","has-post-thumbnail","hentry","category-sport"],"yoast_head":"<!-- This site is optimized with the Yoast SEO plugin v27.4 - https:\/\/yoast.com\/product\/yoast-seo-wordpress\/ -->\n<title>Bjelica: Moramo biti zajedno vi\u0161e nego ikad - RADIO LJUBU\u0160KI<\/title>\n<meta name=\"robots\" content=\"index, follow, max-snippet:-1, max-image-preview:large, max-video-preview:-1\" \/>\n<link rel=\"canonical\" href=\"https:\/\/radioljubuski.ba\/index.php\/2022\/07\/30\/bjelica-moramo-biti-zajedno-vise-nego-ikad\/\" \/>\n<meta property=\"og:locale\" content=\"hr_HR\" \/>\n<meta property=\"og:type\" content=\"article\" \/>\n<meta property=\"og:title\" content=\"Bjelica: Moramo biti zajedno vi\u0161e nego ikad - RADIO LJUBU\u0160KI\" \/>\n<meta property=\"og:description\" content=\"Nogometa\u0161i Osijeka u nedjelju od 18.55 sati na stadionu Gradski vrt igraju utakmicu 3. kola SuperSport Hrvatske nogometne lige protiv Slaven Belupa. Osje\u010danima ogled protiv \u2018Farmaceuta\u2019 dolazi nakon najve\u0107eg debakla u europskim natjecanjima i ispadanja od kazahstanskog Kizil\u017eara: \u2013 Nije se ni\u0161ta promijenilo u mom razmi\u0161ljanju, te\u0161ko je analizirati pro\u0161lu utakmicu. Mislim da smo u [&hellip;]\" \/>\n<meta property=\"og:url\" content=\"https:\/\/radioljubuski.ba\/index.php\/2022\/07\/30\/bjelica-moramo-biti-zajedno-vise-nego-ikad\/\" \/>\n<meta property=\"og:site_name\" content=\"RADIO LJUBU\u0160KI\" \/>\n<meta property=\"article:publisher\" content=\"https:\/\/www.facebook.com\/Radiio-Ljubuski-1490835324566332\" \/>\n<meta property=\"article:published_time\" content=\"2022-07-30T21:18:28+00:00\" \/>\n<meta property=\"article:modified_time\" content=\"2022-07-30T21:18:29+00:00\" \/>\n<meta property=\"og:image\" content=\"https:\/\/radioljubuski.ba\/wp-content\/uploads\/2021\/07\/bjelica-ne-pxl-190621-33314348-20210715153010.jpg\" \/>\n\t<meta property=\"og:image:width\" content=\"1000\" \/>\n\t<meta property=\"og:image:height\" content=\"587\" \/>\n\t<meta property=\"og:image:type\" content=\"image\/jpeg\" \/>\n<meta name=\"author\" content=\"Radio Ljubu\u0161ki\" \/>\n<meta name=\"twitter:card\" content=\"summary_large_image\" \/>\n<meta name=\"twitter:creator\" content=\"@radioljubuski\" \/>\n<meta name=\"twitter:site\" content=\"@radioljubuski\" \/>\n<meta name=\"twitter:label1\" content=\"Napisao\/la\" \/>\n\t<meta name=\"twitter:data1\" content=\"Radio Ljubu\u0161ki\" \/>\n\t<meta name=\"twitter:label2\" content=\"Procijenjeno vrijeme \u010ditanja\" \/>\n\t<meta name=\"twitter:data2\" content=\"2 minute\" \/>\n<script type=\"application\/ld+json\" class=\"yoast-schema-graph\">{\"@context\":\"https:\\\/\\\/schema.org\",\"@graph\":[{\"@type\":\"Article\",\"@id\":\"https:\\\/\\\/radioljubuski.ba\\\/index.php\\\/2022\\\/07\\\/30\\\/bjelica-moramo-biti-zajedno-vise-nego-ikad\\\/#article\",\"isPartOf\":{\"@id\":\"https:\\\/\\\/radioljubuski.ba\\\/index.php\\\/2022\\\/07\\\/30\\\/bjelica-moramo-biti-zajedno-vise-nego-ikad\\\/\"},\"author\":{\"name\":\"Radio Ljubu\u0161ki\",\"@id\":\"https:\\\/\\\/radioljubuski.ba\\\/#\\\/schema\\\/person\\\/19fc700381a780f69665d7956c469e3b\"},\"headline\":\"Bjelica: Moramo biti zajedno vi\u0161e nego ikad\",\"datePublished\":\"2022-07-30T21:18:28+00:00\",\"dateModified\":\"2022-07-30T21:18:29+00:00\",\"mainEntityOfPage\":{\"@id\":\"https:\\\/\\\/radioljubuski.ba\\\/index.php\\\/2022\\\/07\\\/30\\\/bjelica-moramo-biti-zajedno-vise-nego-ikad\\\/\"},\"wordCount\":296,\"publisher\":{\"@id\":\"https:\\\/\\\/radioljubuski.ba\\\/#organization\"},\"image\":{\"@id\":\"https:\\\/\\\/radioljubuski.ba\\\/index.php\\\/2022\\\/07\\\/30\\\/bjelica-moramo-biti-zajedno-vise-nego-ikad\\\/#primaryimage\"},\"thumbnailUrl\":\"https:\\\/\\\/radioljubuski.ba\\\/wp-content\\\/uploads\\\/2021\\\/07\\\/bjelica-ne-pxl-190621-33314348-20210715153010.jpg\",\"articleSection\":[\"\u0160port\"],\"inLanguage\":\"hr\"},{\"@type\":\"WebPage\",\"@id\":\"https:\\\/\\\/radioljubuski.ba\\\/index.php\\\/2022\\\/07\\\/30\\\/bjelica-moramo-biti-zajedno-vise-nego-ikad\\\/\",\"url\":\"https:\\\/\\\/radioljubuski.ba\\\/index.php\\\/2022\\\/07\\\/30\\\/bjelica-moramo-biti-zajedno-vise-nego-ikad\\\/\",\"name\":\"Bjelica: Moramo biti zajedno vi\u0161e nego ikad - RADIO LJUBU\u0160KI\",\"isPartOf\":{\"@id\":\"https:\\\/\\\/radioljubuski.ba\\\/#website\"},\"primaryImageOfPage\":{\"@id\":\"https:\\\/\\\/radioljubuski.ba\\\/index.php\\\/2022\\\/07\\\/30\\\/bjelica-moramo-biti-zajedno-vise-nego-ikad\\\/#primaryimage\"},\"image\":{\"@id\":\"https:\\\/\\\/radioljubuski.ba\\\/index.php\\\/2022\\\/07\\\/30\\\/bjelica-moramo-biti-zajedno-vise-nego-ikad\\\/#primaryimage\"},\"thumbnailUrl\":\"https:\\\/\\\/radioljubuski.ba\\\/wp-content\\\/uploads\\\/2021\\\/07\\\/bjelica-ne-pxl-190621-33314348-20210715153010.jpg\",\"datePublished\":\"2022-07-30T21:18:28+00:00\",\"dateModified\":\"2022-07-30T21:18:29+00:00\",\"breadcrumb\":{\"@id\":\"https:\\\/\\\/radioljubuski.ba\\\/index.php\\\/2022\\\/07\\\/30\\\/bjelica-moramo-biti-zajedno-vise-nego-ikad\\\/#breadcrumb\"},\"inLanguage\":\"hr\",\"potentialAction\":[{\"@type\":\"ReadAction\",\"target\":[\"https:\\\/\\\/radioljubuski.ba\\\/index.php\\\/2022\\\/07\\\/30\\\/bjelica-moramo-biti-zajedno-vise-nego-ikad\\\/\"]}]},{\"@type\":\"ImageObject\",\"inLanguage\":\"hr\",\"@id\":\"https:\\\/\\\/radioljubuski.ba\\\/index.php\\\/2022\\\/07\\\/30\\\/bjelica-moramo-biti-zajedno-vise-nego-ikad\\\/#primaryimage\",\"url\":\"https:\\\/\\\/radioljubuski.ba\\\/wp-content\\\/uploads\\\/2021\\\/07\\\/bjelica-ne-pxl-190621-33314348-20210715153010.jpg\",\"contentUrl\":\"https:\\\/\\\/radioljubuski.ba\\\/wp-content\\\/uploads\\\/2021\\\/07\\\/bjelica-ne-pxl-190621-33314348-20210715153010.jpg\",\"width\":1000,\"height\":587},{\"@type\":\"BreadcrumbList\",\"@id\":\"https:\\\/\\\/radioljubuski.ba\\\/index.php\\\/2022\\\/07\\\/30\\\/bjelica-moramo-biti-zajedno-vise-nego-ikad\\\/#breadcrumb\",\"itemListElement\":[{\"@type\":\"ListItem\",\"position\":1,\"name\":\"Po\u010detna stranica\",\"item\":\"https:\\\/\\\/radioljubuski.ba\\\/\"},{\"@type\":\"ListItem\",\"position\":2,\"name\":\"Bjelica: Moramo biti zajedno vi\u0161e nego ikad\"}]},{\"@type\":\"WebSite\",\"@id\":\"https:\\\/\\\/radioljubuski.ba\\\/#website\",\"url\":\"https:\\\/\\\/radioljubuski.ba\\\/\",\"name\":\"Radio Ljubu\u0161ki\",\"description\":\"Sun\u010dana frekvencija Hercegovine\",\"publisher\":{\"@id\":\"https:\\\/\\\/radioljubuski.ba\\\/#organization\"},\"potentialAction\":[{\"@type\":\"SearchAction\",\"target\":{\"@type\":\"EntryPoint\",\"urlTemplate\":\"https:\\\/\\\/radioljubuski.ba\\\/?s={search_term_string}\"},\"query-input\":{\"@type\":\"PropertyValueSpecification\",\"valueRequired\":true,\"valueName\":\"search_term_string\"}}],\"inLanguage\":\"hr\"},{\"@type\":\"Organization\",\"@id\":\"https:\\\/\\\/radioljubuski.ba\\\/#organization\",\"name\":\"Radio Ljubu\u0161ki\",\"url\":\"https:\\\/\\\/radioljubuski.ba\\\/\",\"logo\":{\"@type\":\"ImageObject\",\"inLanguage\":\"hr\",\"@id\":\"https:\\\/\\\/radioljubuski.ba\\\/#\\\/schema\\\/logo\\\/image\\\/\",\"url\":\"https:\\\/\\\/radioljubuski.ba\\\/wp-content\\\/uploads\\\/2021\\\/02\\\/cropped-Radio_Ljubuski_logo1.jpg\",\"contentUrl\":\"https:\\\/\\\/radioljubuski.ba\\\/wp-content\\\/uploads\\\/2021\\\/02\\\/cropped-Radio_Ljubuski_logo1.jpg\",\"width\":512,\"height\":512,\"caption\":\"Radio Ljubu\u0161ki\"},\"image\":{\"@id\":\"https:\\\/\\\/radioljubuski.ba\\\/#\\\/schema\\\/logo\\\/image\\\/\"},\"sameAs\":[\"https:\\\/\\\/www.facebook.com\\\/Radiio-Ljubuski-1490835324566332\",\"https:\\\/\\\/x.com\\\/radioljubuski\",\"https:\\\/\\\/hr.linkedin.com\\\/company\\\/radio-ljubuski\",\"https:\\\/\\\/www.youtube.com\\\/channel\\\/UCHYaeO_n0Db3tjNGudGpXyw\"]},{\"@type\":\"Person\",\"@id\":\"https:\\\/\\\/radioljubuski.ba\\\/#\\\/schema\\\/person\\\/19fc700381a780f69665d7956c469e3b\",\"name\":\"Radio Ljubu\u0161ki\"}]}<\/script>\n<!-- \/ Yoast SEO plugin. -->","yoast_head_json":{"title":"Bjelica: Moramo biti zajedno vi\u0161e nego ikad - RADIO LJUBU\u0160KI","robots":{"index":"index","follow":"follow","max-snippet":"max-snippet:-1","max-image-preview":"max-image-preview:large","max-video-preview":"max-video-preview:-1"},"canonical":"https:\/\/radioljubuski.ba\/index.php\/2022\/07\/30\/bjelica-moramo-biti-zajedno-vise-nego-ikad\/","og_locale":"hr_HR","og_type":"article","og_title":"Bjelica: Moramo biti zajedno vi\u0161e nego ikad - RADIO LJUBU\u0160KI","og_description":"Nogometa\u0161i Osijeka u nedjelju od 18.55 sati na stadionu Gradski vrt igraju utakmicu 3. kola SuperSport Hrvatske nogometne lige protiv Slaven Belupa. Osje\u010danima ogled protiv \u2018Farmaceuta\u2019 dolazi nakon najve\u0107eg debakla u europskim natjecanjima i ispadanja od kazahstanskog Kizil\u017eara: \u2013 Nije se ni\u0161ta promijenilo u mom razmi\u0161ljanju, te\u0161ko je analizirati pro\u0161lu utakmicu. Mislim da smo u [&hellip;]","og_url":"https:\/\/radioljubuski.ba\/index.php\/2022\/07\/30\/bjelica-moramo-biti-zajedno-vise-nego-ikad\/","og_site_name":"RADIO LJUBU\u0160KI","article_publisher":"https:\/\/www.facebook.com\/Radiio-Ljubuski-1490835324566332","article_published_time":"2022-07-30T21:18:28+00:00","article_modified_time":"2022-07-30T21:18:29+00:00","og_image":[{"width":1000,"height":587,"url":"https:\/\/radioljubuski.ba\/wp-content\/uploads\/2021\/07\/bjelica-ne-pxl-190621-33314348-20210715153010.jpg","type":"image\/jpeg"}],"author":"Radio Ljubu\u0161ki","twitter_card":"summary_large_image","twitter_creator":"@radioljubuski","twitter_site":"@radioljubuski","twitter_misc":{"Napisao\/la":"Radio Ljubu\u0161ki","Procijenjeno vrijeme \u010ditanja":"2 minute"},"schema":{"@context":"https:\/\/schema.org","@graph":[{"@type":"Article","@id":"https:\/\/radioljubuski.ba\/index.php\/2022\/07\/30\/bjelica-moramo-biti-zajedno-vise-nego-ikad\/#article","isPartOf":{"@id":"https:\/\/radioljubuski.ba\/index.php\/2022\/07\/30\/bjelica-moramo-biti-zajedno-vise-nego-ikad\/"},"author":{"name":"Radio Ljubu\u0161ki","@id":"https:\/\/radioljubuski.ba\/#\/schema\/person\/19fc700381a780f69665d7956c469e3b"},"headline":"Bjelica: Moramo biti zajedno vi\u0161e nego ikad","datePublished":"2022-07-30T21:18:28+00:00","dateModified":"2022-07-30T21:18:29+00:00","mainEntityOfPage":{"@id":"https:\/\/radioljubuski.ba\/index.php\/2022\/07\/30\/bjelica-moramo-biti-zajedno-vise-nego-ikad\/"},"wordCount":296,"publisher":{"@id":"https:\/\/radioljubuski.ba\/#organization"},"image":{"@id":"https:\/\/radioljubuski.ba\/index.php\/2022\/07\/30\/bjelica-moramo-biti-zajedno-vise-nego-ikad\/#primaryimage"},"thumbnailUrl":"https:\/\/radioljubuski.ba\/wp-content\/uploads\/2021\/07\/bjelica-ne-pxl-190621-33314348-20210715153010.jpg","articleSection":["\u0160port"],"inLanguage":"hr"},{"@type":"WebPage","@id":"https:\/\/radioljubuski.ba\/index.php\/2022\/07\/30\/bjelica-moramo-biti-zajedno-vise-nego-ikad\/","url":"https:\/\/radioljubuski.ba\/index.php\/2022\/07\/30\/bjelica-moramo-biti-zajedno-vise-nego-ikad\/","name":"Bjelica: Moramo biti zajedno vi\u0161e nego ikad - RADIO LJUBU\u0160KI","isPartOf":{"@id":"https:\/\/radioljubuski.ba\/#website"},"primaryImageOfPage":{"@id":"https:\/\/radioljubuski.ba\/index.php\/2022\/07\/30\/bjelica-moramo-biti-zajedno-vise-nego-ikad\/#primaryimage"},"image":{"@id":"https:\/\/radioljubuski.ba\/index.php\/2022\/07\/30\/bjelica-moramo-biti-zajedno-vise-nego-ikad\/#primaryimage"},"thumbnailUrl":"https:\/\/radioljubuski.ba\/wp-content\/uploads\/2021\/07\/bjelica-ne-pxl-190621-33314348-20210715153010.jpg","datePublished":"2022-07-30T21:18:28+00:00","dateModified":"2022-07-30T21:18:29+00:00","breadcrumb":{"@id":"https:\/\/radioljubuski.ba\/index.php\/2022\/07\/30\/bjelica-moramo-biti-zajedno-vise-nego-ikad\/#breadcrumb"},"inLanguage":"hr","potentialAction":[{"@type":"ReadAction","target":["https:\/\/radioljubuski.ba\/index.php\/2022\/07\/30\/bjelica-moramo-biti-zajedno-vise-nego-ikad\/"]}]},{"@type":"ImageObject","inLanguage":"hr","@id":"https:\/\/radioljubuski.ba\/index.php\/2022\/07\/30\/bjelica-moramo-biti-zajedno-vise-nego-ikad\/#primaryimage","url":"https:\/\/radioljubuski.ba\/wp-content\/uploads\/2021\/07\/bjelica-ne-pxl-190621-33314348-20210715153010.jpg","contentUrl":"https:\/\/radioljubuski.ba\/wp-content\/uploads\/2021\/07\/bjelica-ne-pxl-190621-33314348-20210715153010.jpg","width":1000,"height":587},{"@type":"BreadcrumbList","@id":"https:\/\/radioljubuski.ba\/index.php\/2022\/07\/30\/bjelica-moramo-biti-zajedno-vise-nego-ikad\/#breadcrumb","itemListElement":[{"@type":"ListItem","position":1,"name":"Po\u010detna stranica","item":"https:\/\/radioljubuski.ba\/"},{"@type":"ListItem","position":2,"name":"Bjelica: Moramo biti zajedno vi\u0161e nego ikad"}]},{"@type":"WebSite","@id":"https:\/\/radioljubuski.ba\/#website","url":"https:\/\/radioljubuski.ba\/","name":"Radio Ljubu\u0161ki","description":"Sun\u010dana frekvencija Hercegovine","publisher":{"@id":"https:\/\/radioljubuski.ba\/#organization"},"potentialAction":[{"@type":"SearchAction","target":{"@type":"EntryPoint","urlTemplate":"https:\/\/radioljubuski.ba\/?s={search_term_string}"},"query-input":{"@type":"PropertyValueSpecification","valueRequired":true,"valueName":"search_term_string"}}],"inLanguage":"hr"},{"@type":"Organization","@id":"https:\/\/radioljubuski.ba\/#organization","name":"Radio Ljubu\u0161ki","url":"https:\/\/radioljubuski.ba\/","logo":{"@type":"ImageObject","inLanguage":"hr","@id":"https:\/\/radioljubuski.ba\/#\/schema\/logo\/image\/","url":"https:\/\/radioljubuski.ba\/wp-content\/uploads\/2021\/02\/cropped-Radio_Ljubuski_logo1.jpg","contentUrl":"https:\/\/radioljubuski.ba\/wp-content\/uploads\/2021\/02\/cropped-Radio_Ljubuski_logo1.jpg","width":512,"height":512,"caption":"Radio Ljubu\u0161ki"},"image":{"@id":"https:\/\/radioljubuski.ba\/#\/schema\/logo\/image\/"},"sameAs":["https:\/\/www.facebook.com\/Radiio-Ljubuski-1490835324566332","https:\/\/x.com\/radioljubuski","https:\/\/hr.linkedin.com\/company\/radio-ljubuski","https:\/\/www.youtube.com\/channel\/UCHYaeO_n0Db3tjNGudGpXyw"]},{"@type":"Person","@id":"https:\/\/radioljubuski.ba\/#\/schema\/person\/19fc700381a780f69665d7956c469e3b","name":"Radio Ljubu\u0161ki"}]}},"_links":{"self":[{"href":"https:\/\/radioljubuski.ba\/index.php\/wp-json\/wp\/v2\/posts\/164873","targetHints":{"allow":["GET"]}}],"collection":[{"href":"https:\/\/radioljubuski.ba\/index.php\/wp-json\/wp\/v2\/posts"}],"about":[{"href":"https:\/\/radioljubuski.ba\/index.php\/wp-json\/wp\/v2\/types\/post"}],"author":[{"embeddable":true,"href":"https:\/\/radioljubuski.ba\/index.php\/wp-json\/wp\/v2\/users\/2"}],"replies":[{"embeddable":true,"href":"https:\/\/radioljubuski.ba\/index.php\/wp-json\/wp\/v2\/comments?post=164873"}],"version-history":[{"count":1,"href":"https:\/\/radioljubuski.ba\/index.php\/wp-json\/wp\/v2\/posts\/164873\/revisions"}],"predecessor-version":[{"id":164874,"href":"https:\/\/radioljubuski.ba\/index.php\/wp-json\/wp\/v2\/posts\/164873\/revisions\/164874"}],"wp:featuredmedia":[{"embeddable":true,"href":"https:\/\/radioljubuski.ba\/index.php\/wp-json\/wp\/v2\/media\/43175"}],"wp:attachment":[{"href":"https:\/\/radioljubuski.ba\/index.php\/wp-json\/wp\/v2\/media?parent=164873"}],"wp:term":[{"taxonomy":"category","embeddable":true,"href":"https:\/\/radioljubuski.ba\/index.php\/wp-json\/wp\/v2\/categories?post=164873"},{"taxonomy":"post_tag","embeddable":true,"href":"https:\/\/radioljubuski.ba\/index.php\/wp-json\/wp\/v2\/tags?post=164873"}],"curies":[{"name":"wp","href":"https:\/\/api.w.org\/{rel}","templated":true}]}}