{"id":164994,"date":"2022-07-31T13:28:00","date_gmt":"2022-07-31T12:28:00","guid":{"rendered":"https:\/\/radioljubuski.ba\/?p=164994"},"modified":"2022-07-31T13:28:01","modified_gmt":"2022-07-31T12:28:01","slug":"ancelotti-najavio-modrica-u-udarnoj-postavi-na-startu-sezone","status":"publish","type":"post","link":"https:\/\/radioljubuski.ba\/index.php\/2022\/07\/31\/ancelotti-najavio-modrica-u-udarnoj-postavi-na-startu-sezone\/","title":{"rendered":"Ancelotti najavio Modri\u0107a u udarnoj postavi na startu sezone"},"content":{"rendered":"\n<p>Europski nogometni prvak Real Madrid pobijedio je sa 2-0 Juventusa u posljednoj pripremnoj utakmici odigranoj u SAD nakon \u010dega je trener Carlo Ancelotti potvrdio kako&nbsp;\u0107e kapetan hrvatske&nbsp;reprezetacije&nbsp;Luka Modri\u0107 biti u po\u010detnoj postavi u nadolaze\u0107im slu\u017ebenim utakmicama.<\/p>\n\n\n\n<p>\u201cJa Casemira, Kroosa i Modri\u0107a zovem &#8216;Bermudski trokut&#8217; jer ondje nestaje lopta\u201d, izjavio je Ancelotti nakon susreta odigranog u Los Angelesu.<\/p>\n\n\n\n<p>Bermudski trokut je geografski prostor u Atlantskom oceanu izme\u0111u Bermuda, Miamija i Portorika gdje su kroz povijesti zabilje\u017eeni nestanci brodova i zrakoplova.<\/p>\n\n\n\n<p>Ancelottiju je utakmica s Juventusom, lani \u010detvrtoplasiranom mom\u010dadi talijanskog prvenstva, poslu\u017eila kao generalna proba uo\u010di europskog Superkupa koji \u0107e Real Madrid odigrati 10. kolovoza protiv njema\u010dkog Eintrachta u Helsinkiju.<\/p>\n\n\n\n<p>Napada\u010d Karim Benzema zabio je za 1-0 u 19. minuti iz jedanaesterca dok je na kona\u010dnih 2-0 povisio ofenzivni Marco Asensio u 69. minuti.<\/p>\n\n\n\n<p>Za \u201cKraljevski klub\u201d su na sredini terena startali Modri\u0107, Casemiro i Toni Kroos koji od 2015. godine igraju zajedno. Njima je bio priklju\u010den i veznjak Federico Valverde. Sva \u010detvorica su travnjak napustila u 64. minuti.<\/p>\n\n\n\n<p>Ancelotti je pro\u0161li tjedan izjavio da \u0107e novu sezonu otvoriti oni koji su ju i zavr\u0161ili jer je europski Superkup nastavak pro\u0161le sezone. Lani su osvojili Ligu prvaka, \u0161panjolsko prvenstvo i \u0161panjolski Superkup.<\/p>\n\n\n\n<p>\u201cOvoj mom\u010dadi nije te\u0161ko odr\u017eati glas za pobjedama. Ne\u0107e im splasnuti \u017eelja, to je nemogu\u0107e s igra\u010dima poput Casemira, Kroosa, Benzeme ili Modri\u0107a\u201d, napomenuo je Ancelotti.<\/p>\n\n\n\n<p>\u201cMom\u010dad je navikla igrati s onima koji su igrali lani, no svi su dobili minute. Dobro smo zavr\u0161ili ovaj prvi dio priprema i stekli samopouzdanje za osvajanje europskog Supoerkupa\u201d, zaklju\u010dio je Ancelotti.<\/p>\n\n\n\n<p>Real Madrid je prethodno na ameri\u010dkoj turneji izgubio 0-1 od Barcelone i remizirao 2-2 s meksi\u010dkom Americom.<\/p>\n\n\n\n<p>Modri\u0107, koji \u0107e za mjesec dana napuniti 37 godina, u lipnju je produ\u017eio ugovor do 30. lipnja 2023. godine. U Realovom bijelom dresu osvojio je 20 trofeja.<\/p>\n\n\n\n<p>Klub je ljetos doveo dva nova igra\u010da. Stigli su njema\u010dki stoper Antonio Rudiger (29) iz Chelseaja te francuski veznjak Aurelien Tchouameni (22) iz Monaca.<\/p>\n\n\n\n<p>Izvor:pogled.ba<\/p>\n","protected":false},"excerpt":{"rendered":"<p>Europski nogometni prvak Real Madrid pobijedio je sa 2-0 Juventusa u posljednoj pripremnoj utakmici odigranoj u SAD nakon \u010dega je trener Carlo Ancelotti potvrdio kako&nbsp;\u0107e kapetan hrvatske&nbsp;reprezetacije&nbsp;Luka Modri\u0107 biti u po\u010detnoj postavi u nadolaze\u0107im slu\u017ebenim utakmicama. \u201cJa Casemira, Kroosa i Modri\u0107a zovem &#8216;Bermudski trokut&#8217; jer ondje nestaje lopta\u201d, izjavio je Ancelotti nakon susreta odigranog u [&hellip;]<\/p>\n","protected":false},"author":2,"featured_media":81845,"comment_status":"closed","ping_status":"closed","sticky":false,"template":"","format":"standard","meta":{"h5ap_radio_sources":[],"footnotes":""},"categories":[7],"tags":[],"class_list":["post-164994","post","type-post","status-publish","format-standard","has-post-thumbnail","hentry","category-sport"],"yoast_head":"<!-- This site is optimized with the Yoast SEO plugin v27.4 - https:\/\/yoast.com\/product\/yoast-seo-wordpress\/ -->\n<title>Ancelotti najavio Modri\u0107a u udarnoj postavi na startu sezone - RADIO LJUBU\u0160KI<\/title>\n<meta name=\"robots\" content=\"index, follow, max-snippet:-1, max-image-preview:large, max-video-preview:-1\" \/>\n<link rel=\"canonical\" href=\"https:\/\/radioljubuski.ba\/index.php\/2022\/07\/31\/ancelotti-najavio-modrica-u-udarnoj-postavi-na-startu-sezone\/\" \/>\n<meta property=\"og:locale\" content=\"hr_HR\" \/>\n<meta property=\"og:type\" content=\"article\" \/>\n<meta property=\"og:title\" content=\"Ancelotti najavio Modri\u0107a u udarnoj postavi na startu sezone - RADIO LJUBU\u0160KI\" \/>\n<meta property=\"og:description\" content=\"Europski nogometni prvak Real Madrid pobijedio je sa 2-0 Juventusa u posljednoj pripremnoj utakmici odigranoj u SAD nakon \u010dega je trener Carlo Ancelotti potvrdio kako&nbsp;\u0107e kapetan hrvatske&nbsp;reprezetacije&nbsp;Luka Modri\u0107 biti u po\u010detnoj postavi u nadolaze\u0107im slu\u017ebenim utakmicama. \u201cJa Casemira, Kroosa i Modri\u0107a zovem &#8216;Bermudski trokut&#8217; jer ondje nestaje lopta\u201d, izjavio je Ancelotti nakon susreta odigranog u [&hellip;]\" \/>\n<meta property=\"og:url\" content=\"https:\/\/radioljubuski.ba\/index.php\/2022\/07\/31\/ancelotti-najavio-modrica-u-udarnoj-postavi-na-startu-sezone\/\" \/>\n<meta property=\"og:site_name\" content=\"RADIO LJUBU\u0160KI\" \/>\n<meta property=\"article:publisher\" content=\"https:\/\/www.facebook.com\/Radiio-Ljubuski-1490835324566332\" \/>\n<meta property=\"article:published_time\" content=\"2022-07-31T12:28:00+00:00\" \/>\n<meta property=\"article:modified_time\" content=\"2022-07-31T12:28:01+00:00\" \/>\n<meta property=\"og:image\" content=\"https:\/\/radioljubuski.ba\/wp-content\/uploads\/2021\/10\/Nova-era-Bayerna-Ancelotti-mijenja-nacin-igre-i-zato-dovodi-Modrica.jpg\" \/>\n\t<meta property=\"og:image:width\" content=\"506\" \/>\n\t<meta property=\"og:image:height\" content=\"339\" \/>\n\t<meta property=\"og:image:type\" content=\"image\/jpeg\" \/>\n<meta name=\"author\" content=\"Radio Ljubu\u0161ki\" \/>\n<meta name=\"twitter:card\" content=\"summary_large_image\" \/>\n<meta name=\"twitter:creator\" content=\"@radioljubuski\" \/>\n<meta name=\"twitter:site\" content=\"@radioljubuski\" \/>\n<meta name=\"twitter:label1\" content=\"Napisao\/la\" \/>\n\t<meta name=\"twitter:data1\" content=\"Radio Ljubu\u0161ki\" \/>\n\t<meta name=\"twitter:label2\" content=\"Procijenjeno vrijeme \u010ditanja\" \/>\n\t<meta name=\"twitter:data2\" content=\"2 minute\" \/>\n<script type=\"application\/ld+json\" class=\"yoast-schema-graph\">{\"@context\":\"https:\\\/\\\/schema.org\",\"@graph\":[{\"@type\":\"Article\",\"@id\":\"https:\\\/\\\/radioljubuski.ba\\\/index.php\\\/2022\\\/07\\\/31\\\/ancelotti-najavio-modrica-u-udarnoj-postavi-na-startu-sezone\\\/#article\",\"isPartOf\":{\"@id\":\"https:\\\/\\\/radioljubuski.ba\\\/index.php\\\/2022\\\/07\\\/31\\\/ancelotti-najavio-modrica-u-udarnoj-postavi-na-startu-sezone\\\/\"},\"author\":{\"name\":\"Radio Ljubu\u0161ki\",\"@id\":\"https:\\\/\\\/radioljubuski.ba\\\/#\\\/schema\\\/person\\\/19fc700381a780f69665d7956c469e3b\"},\"headline\":\"Ancelotti najavio Modri\u0107a u udarnoj postavi na startu sezone\",\"datePublished\":\"2022-07-31T12:28:00+00:00\",\"dateModified\":\"2022-07-31T12:28:01+00:00\",\"mainEntityOfPage\":{\"@id\":\"https:\\\/\\\/radioljubuski.ba\\\/index.php\\\/2022\\\/07\\\/31\\\/ancelotti-najavio-modrica-u-udarnoj-postavi-na-startu-sezone\\\/\"},\"wordCount\":364,\"publisher\":{\"@id\":\"https:\\\/\\\/radioljubuski.ba\\\/#organization\"},\"image\":{\"@id\":\"https:\\\/\\\/radioljubuski.ba\\\/index.php\\\/2022\\\/07\\\/31\\\/ancelotti-najavio-modrica-u-udarnoj-postavi-na-startu-sezone\\\/#primaryimage\"},\"thumbnailUrl\":\"https:\\\/\\\/radioljubuski.ba\\\/wp-content\\\/uploads\\\/2021\\\/10\\\/Nova-era-Bayerna-Ancelotti-mijenja-nacin-igre-i-zato-dovodi-Modrica.jpg\",\"articleSection\":[\"\u0160port\"],\"inLanguage\":\"hr\"},{\"@type\":\"WebPage\",\"@id\":\"https:\\\/\\\/radioljubuski.ba\\\/index.php\\\/2022\\\/07\\\/31\\\/ancelotti-najavio-modrica-u-udarnoj-postavi-na-startu-sezone\\\/\",\"url\":\"https:\\\/\\\/radioljubuski.ba\\\/index.php\\\/2022\\\/07\\\/31\\\/ancelotti-najavio-modrica-u-udarnoj-postavi-na-startu-sezone\\\/\",\"name\":\"Ancelotti najavio Modri\u0107a u udarnoj postavi na startu sezone - RADIO LJUBU\u0160KI\",\"isPartOf\":{\"@id\":\"https:\\\/\\\/radioljubuski.ba\\\/#website\"},\"primaryImageOfPage\":{\"@id\":\"https:\\\/\\\/radioljubuski.ba\\\/index.php\\\/2022\\\/07\\\/31\\\/ancelotti-najavio-modrica-u-udarnoj-postavi-na-startu-sezone\\\/#primaryimage\"},\"image\":{\"@id\":\"https:\\\/\\\/radioljubuski.ba\\\/index.php\\\/2022\\\/07\\\/31\\\/ancelotti-najavio-modrica-u-udarnoj-postavi-na-startu-sezone\\\/#primaryimage\"},\"thumbnailUrl\":\"https:\\\/\\\/radioljubuski.ba\\\/wp-content\\\/uploads\\\/2021\\\/10\\\/Nova-era-Bayerna-Ancelotti-mijenja-nacin-igre-i-zato-dovodi-Modrica.jpg\",\"datePublished\":\"2022-07-31T12:28:00+00:00\",\"dateModified\":\"2022-07-31T12:28:01+00:00\",\"breadcrumb\":{\"@id\":\"https:\\\/\\\/radioljubuski.ba\\\/index.php\\\/2022\\\/07\\\/31\\\/ancelotti-najavio-modrica-u-udarnoj-postavi-na-startu-sezone\\\/#breadcrumb\"},\"inLanguage\":\"hr\",\"potentialAction\":[{\"@type\":\"ReadAction\",\"target\":[\"https:\\\/\\\/radioljubuski.ba\\\/index.php\\\/2022\\\/07\\\/31\\\/ancelotti-najavio-modrica-u-udarnoj-postavi-na-startu-sezone\\\/\"]}]},{\"@type\":\"ImageObject\",\"inLanguage\":\"hr\",\"@id\":\"https:\\\/\\\/radioljubuski.ba\\\/index.php\\\/2022\\\/07\\\/31\\\/ancelotti-najavio-modrica-u-udarnoj-postavi-na-startu-sezone\\\/#primaryimage\",\"url\":\"https:\\\/\\\/radioljubuski.ba\\\/wp-content\\\/uploads\\\/2021\\\/10\\\/Nova-era-Bayerna-Ancelotti-mijenja-nacin-igre-i-zato-dovodi-Modrica.jpg\",\"contentUrl\":\"https:\\\/\\\/radioljubuski.ba\\\/wp-content\\\/uploads\\\/2021\\\/10\\\/Nova-era-Bayerna-Ancelotti-mijenja-nacin-igre-i-zato-dovodi-Modrica.jpg\",\"width\":506,\"height\":339},{\"@type\":\"BreadcrumbList\",\"@id\":\"https:\\\/\\\/radioljubuski.ba\\\/index.php\\\/2022\\\/07\\\/31\\\/ancelotti-najavio-modrica-u-udarnoj-postavi-na-startu-sezone\\\/#breadcrumb\",\"itemListElement\":[{\"@type\":\"ListItem\",\"position\":1,\"name\":\"Po\u010detna stranica\",\"item\":\"https:\\\/\\\/radioljubuski.ba\\\/\"},{\"@type\":\"ListItem\",\"position\":2,\"name\":\"Ancelotti najavio Modri\u0107a u udarnoj postavi na startu sezone\"}]},{\"@type\":\"WebSite\",\"@id\":\"https:\\\/\\\/radioljubuski.ba\\\/#website\",\"url\":\"https:\\\/\\\/radioljubuski.ba\\\/\",\"name\":\"Radio Ljubu\u0161ki\",\"description\":\"Sun\u010dana frekvencija Hercegovine\",\"publisher\":{\"@id\":\"https:\\\/\\\/radioljubuski.ba\\\/#organization\"},\"potentialAction\":[{\"@type\":\"SearchAction\",\"target\":{\"@type\":\"EntryPoint\",\"urlTemplate\":\"https:\\\/\\\/radioljubuski.ba\\\/?s={search_term_string}\"},\"query-input\":{\"@type\":\"PropertyValueSpecification\",\"valueRequired\":true,\"valueName\":\"search_term_string\"}}],\"inLanguage\":\"hr\"},{\"@type\":\"Organization\",\"@id\":\"https:\\\/\\\/radioljubuski.ba\\\/#organization\",\"name\":\"Radio Ljubu\u0161ki\",\"url\":\"https:\\\/\\\/radioljubuski.ba\\\/\",\"logo\":{\"@type\":\"ImageObject\",\"inLanguage\":\"hr\",\"@id\":\"https:\\\/\\\/radioljubuski.ba\\\/#\\\/schema\\\/logo\\\/image\\\/\",\"url\":\"https:\\\/\\\/radioljubuski.ba\\\/wp-content\\\/uploads\\\/2021\\\/02\\\/cropped-Radio_Ljubuski_logo1.jpg\",\"contentUrl\":\"https:\\\/\\\/radioljubuski.ba\\\/wp-content\\\/uploads\\\/2021\\\/02\\\/cropped-Radio_Ljubuski_logo1.jpg\",\"width\":512,\"height\":512,\"caption\":\"Radio Ljubu\u0161ki\"},\"image\":{\"@id\":\"https:\\\/\\\/radioljubuski.ba\\\/#\\\/schema\\\/logo\\\/image\\\/\"},\"sameAs\":[\"https:\\\/\\\/www.facebook.com\\\/Radiio-Ljubuski-1490835324566332\",\"https:\\\/\\\/x.com\\\/radioljubuski\",\"https:\\\/\\\/hr.linkedin.com\\\/company\\\/radio-ljubuski\",\"https:\\\/\\\/www.youtube.com\\\/channel\\\/UCHYaeO_n0Db3tjNGudGpXyw\"]},{\"@type\":\"Person\",\"@id\":\"https:\\\/\\\/radioljubuski.ba\\\/#\\\/schema\\\/person\\\/19fc700381a780f69665d7956c469e3b\",\"name\":\"Radio Ljubu\u0161ki\"}]}<\/script>\n<!-- \/ Yoast SEO plugin. -->","yoast_head_json":{"title":"Ancelotti najavio Modri\u0107a u udarnoj postavi na startu sezone - RADIO LJUBU\u0160KI","robots":{"index":"index","follow":"follow","max-snippet":"max-snippet:-1","max-image-preview":"max-image-preview:large","max-video-preview":"max-video-preview:-1"},"canonical":"https:\/\/radioljubuski.ba\/index.php\/2022\/07\/31\/ancelotti-najavio-modrica-u-udarnoj-postavi-na-startu-sezone\/","og_locale":"hr_HR","og_type":"article","og_title":"Ancelotti najavio Modri\u0107a u udarnoj postavi na startu sezone - RADIO LJUBU\u0160KI","og_description":"Europski nogometni prvak Real Madrid pobijedio je sa 2-0 Juventusa u posljednoj pripremnoj utakmici odigranoj u SAD nakon \u010dega je trener Carlo Ancelotti potvrdio kako&nbsp;\u0107e kapetan hrvatske&nbsp;reprezetacije&nbsp;Luka Modri\u0107 biti u po\u010detnoj postavi u nadolaze\u0107im slu\u017ebenim utakmicama. \u201cJa Casemira, Kroosa i Modri\u0107a zovem &#8216;Bermudski trokut&#8217; jer ondje nestaje lopta\u201d, izjavio je Ancelotti nakon susreta odigranog u [&hellip;]","og_url":"https:\/\/radioljubuski.ba\/index.php\/2022\/07\/31\/ancelotti-najavio-modrica-u-udarnoj-postavi-na-startu-sezone\/","og_site_name":"RADIO LJUBU\u0160KI","article_publisher":"https:\/\/www.facebook.com\/Radiio-Ljubuski-1490835324566332","article_published_time":"2022-07-31T12:28:00+00:00","article_modified_time":"2022-07-31T12:28:01+00:00","og_image":[{"width":506,"height":339,"url":"https:\/\/radioljubuski.ba\/wp-content\/uploads\/2021\/10\/Nova-era-Bayerna-Ancelotti-mijenja-nacin-igre-i-zato-dovodi-Modrica.jpg","type":"image\/jpeg"}],"author":"Radio Ljubu\u0161ki","twitter_card":"summary_large_image","twitter_creator":"@radioljubuski","twitter_site":"@radioljubuski","twitter_misc":{"Napisao\/la":"Radio Ljubu\u0161ki","Procijenjeno vrijeme \u010ditanja":"2 minute"},"schema":{"@context":"https:\/\/schema.org","@graph":[{"@type":"Article","@id":"https:\/\/radioljubuski.ba\/index.php\/2022\/07\/31\/ancelotti-najavio-modrica-u-udarnoj-postavi-na-startu-sezone\/#article","isPartOf":{"@id":"https:\/\/radioljubuski.ba\/index.php\/2022\/07\/31\/ancelotti-najavio-modrica-u-udarnoj-postavi-na-startu-sezone\/"},"author":{"name":"Radio Ljubu\u0161ki","@id":"https:\/\/radioljubuski.ba\/#\/schema\/person\/19fc700381a780f69665d7956c469e3b"},"headline":"Ancelotti najavio Modri\u0107a u udarnoj postavi na startu sezone","datePublished":"2022-07-31T12:28:00+00:00","dateModified":"2022-07-31T12:28:01+00:00","mainEntityOfPage":{"@id":"https:\/\/radioljubuski.ba\/index.php\/2022\/07\/31\/ancelotti-najavio-modrica-u-udarnoj-postavi-na-startu-sezone\/"},"wordCount":364,"publisher":{"@id":"https:\/\/radioljubuski.ba\/#organization"},"image":{"@id":"https:\/\/radioljubuski.ba\/index.php\/2022\/07\/31\/ancelotti-najavio-modrica-u-udarnoj-postavi-na-startu-sezone\/#primaryimage"},"thumbnailUrl":"https:\/\/radioljubuski.ba\/wp-content\/uploads\/2021\/10\/Nova-era-Bayerna-Ancelotti-mijenja-nacin-igre-i-zato-dovodi-Modrica.jpg","articleSection":["\u0160port"],"inLanguage":"hr"},{"@type":"WebPage","@id":"https:\/\/radioljubuski.ba\/index.php\/2022\/07\/31\/ancelotti-najavio-modrica-u-udarnoj-postavi-na-startu-sezone\/","url":"https:\/\/radioljubuski.ba\/index.php\/2022\/07\/31\/ancelotti-najavio-modrica-u-udarnoj-postavi-na-startu-sezone\/","name":"Ancelotti najavio Modri\u0107a u udarnoj postavi na startu sezone - RADIO LJUBU\u0160KI","isPartOf":{"@id":"https:\/\/radioljubuski.ba\/#website"},"primaryImageOfPage":{"@id":"https:\/\/radioljubuski.ba\/index.php\/2022\/07\/31\/ancelotti-najavio-modrica-u-udarnoj-postavi-na-startu-sezone\/#primaryimage"},"image":{"@id":"https:\/\/radioljubuski.ba\/index.php\/2022\/07\/31\/ancelotti-najavio-modrica-u-udarnoj-postavi-na-startu-sezone\/#primaryimage"},"thumbnailUrl":"https:\/\/radioljubuski.ba\/wp-content\/uploads\/2021\/10\/Nova-era-Bayerna-Ancelotti-mijenja-nacin-igre-i-zato-dovodi-Modrica.jpg","datePublished":"2022-07-31T12:28:00+00:00","dateModified":"2022-07-31T12:28:01+00:00","breadcrumb":{"@id":"https:\/\/radioljubuski.ba\/index.php\/2022\/07\/31\/ancelotti-najavio-modrica-u-udarnoj-postavi-na-startu-sezone\/#breadcrumb"},"inLanguage":"hr","potentialAction":[{"@type":"ReadAction","target":["https:\/\/radioljubuski.ba\/index.php\/2022\/07\/31\/ancelotti-najavio-modrica-u-udarnoj-postavi-na-startu-sezone\/"]}]},{"@type":"ImageObject","inLanguage":"hr","@id":"https:\/\/radioljubuski.ba\/index.php\/2022\/07\/31\/ancelotti-najavio-modrica-u-udarnoj-postavi-na-startu-sezone\/#primaryimage","url":"https:\/\/radioljubuski.ba\/wp-content\/uploads\/2021\/10\/Nova-era-Bayerna-Ancelotti-mijenja-nacin-igre-i-zato-dovodi-Modrica.jpg","contentUrl":"https:\/\/radioljubuski.ba\/wp-content\/uploads\/2021\/10\/Nova-era-Bayerna-Ancelotti-mijenja-nacin-igre-i-zato-dovodi-Modrica.jpg","width":506,"height":339},{"@type":"BreadcrumbList","@id":"https:\/\/radioljubuski.ba\/index.php\/2022\/07\/31\/ancelotti-najavio-modrica-u-udarnoj-postavi-na-startu-sezone\/#breadcrumb","itemListElement":[{"@type":"ListItem","position":1,"name":"Po\u010detna stranica","item":"https:\/\/radioljubuski.ba\/"},{"@type":"ListItem","position":2,"name":"Ancelotti najavio Modri\u0107a u udarnoj postavi na startu sezone"}]},{"@type":"WebSite","@id":"https:\/\/radioljubuski.ba\/#website","url":"https:\/\/radioljubuski.ba\/","name":"Radio Ljubu\u0161ki","description":"Sun\u010dana frekvencija Hercegovine","publisher":{"@id":"https:\/\/radioljubuski.ba\/#organization"},"potentialAction":[{"@type":"SearchAction","target":{"@type":"EntryPoint","urlTemplate":"https:\/\/radioljubuski.ba\/?s={search_term_string}"},"query-input":{"@type":"PropertyValueSpecification","valueRequired":true,"valueName":"search_term_string"}}],"inLanguage":"hr"},{"@type":"Organization","@id":"https:\/\/radioljubuski.ba\/#organization","name":"Radio Ljubu\u0161ki","url":"https:\/\/radioljubuski.ba\/","logo":{"@type":"ImageObject","inLanguage":"hr","@id":"https:\/\/radioljubuski.ba\/#\/schema\/logo\/image\/","url":"https:\/\/radioljubuski.ba\/wp-content\/uploads\/2021\/02\/cropped-Radio_Ljubuski_logo1.jpg","contentUrl":"https:\/\/radioljubuski.ba\/wp-content\/uploads\/2021\/02\/cropped-Radio_Ljubuski_logo1.jpg","width":512,"height":512,"caption":"Radio Ljubu\u0161ki"},"image":{"@id":"https:\/\/radioljubuski.ba\/#\/schema\/logo\/image\/"},"sameAs":["https:\/\/www.facebook.com\/Radiio-Ljubuski-1490835324566332","https:\/\/x.com\/radioljubuski","https:\/\/hr.linkedin.com\/company\/radio-ljubuski","https:\/\/www.youtube.com\/channel\/UCHYaeO_n0Db3tjNGudGpXyw"]},{"@type":"Person","@id":"https:\/\/radioljubuski.ba\/#\/schema\/person\/19fc700381a780f69665d7956c469e3b","name":"Radio Ljubu\u0161ki"}]}},"_links":{"self":[{"href":"https:\/\/radioljubuski.ba\/index.php\/wp-json\/wp\/v2\/posts\/164994","targetHints":{"allow":["GET"]}}],"collection":[{"href":"https:\/\/radioljubuski.ba\/index.php\/wp-json\/wp\/v2\/posts"}],"about":[{"href":"https:\/\/radioljubuski.ba\/index.php\/wp-json\/wp\/v2\/types\/post"}],"author":[{"embeddable":true,"href":"https:\/\/radioljubuski.ba\/index.php\/wp-json\/wp\/v2\/users\/2"}],"replies":[{"embeddable":true,"href":"https:\/\/radioljubuski.ba\/index.php\/wp-json\/wp\/v2\/comments?post=164994"}],"version-history":[{"count":1,"href":"https:\/\/radioljubuski.ba\/index.php\/wp-json\/wp\/v2\/posts\/164994\/revisions"}],"predecessor-version":[{"id":164995,"href":"https:\/\/radioljubuski.ba\/index.php\/wp-json\/wp\/v2\/posts\/164994\/revisions\/164995"}],"wp:featuredmedia":[{"embeddable":true,"href":"https:\/\/radioljubuski.ba\/index.php\/wp-json\/wp\/v2\/media\/81845"}],"wp:attachment":[{"href":"https:\/\/radioljubuski.ba\/index.php\/wp-json\/wp\/v2\/media?parent=164994"}],"wp:term":[{"taxonomy":"category","embeddable":true,"href":"https:\/\/radioljubuski.ba\/index.php\/wp-json\/wp\/v2\/categories?post=164994"},{"taxonomy":"post_tag","embeddable":true,"href":"https:\/\/radioljubuski.ba\/index.php\/wp-json\/wp\/v2\/tags?post=164994"}],"curies":[{"name":"wp","href":"https:\/\/api.w.org\/{rel}","templated":true}]}}