{"id":165032,"date":"2022-07-31T18:24:59","date_gmt":"2022-07-31T17:24:59","guid":{"rendered":"https:\/\/radioljubuski.ba\/?p=165032"},"modified":"2022-07-31T18:25:01","modified_gmt":"2022-07-31T17:25:01","slug":"evo-za-koliko-ce-biti-veca-rata-kredita-od-100-000-km","status":"publish","type":"post","link":"https:\/\/radioljubuski.ba\/index.php\/2022\/07\/31\/evo-za-koliko-ce-biti-veca-rata-kredita-od-100-000-km\/","title":{"rendered":"Evo za koliko \u0107e biti ve\u0107a rata kredita od 100.000 KM"},"content":{"rendered":"\n<p>Euribor je do nedavno bio negativan, dok je 28. srpnja ove godine njegova vrijednost iznosila 0,66 posto i ima tendenciju daljeg rasta zbog \u010dega \u0107e mnogi gra\u0111ani Republike Srpske pla\u0107ati ve\u0107e rate kredita.<\/p>\n\n\n\n<p>Euribor je engleska skra\u0107enica od Euro Interbank Offered Rate. Ova skra\u0107enica predstavlja prosje\u010dnu kamatnu stopu po kojoj grupa europskih banaka pozajmljuju novac jedna drugoj, pi\u0161e&nbsp;<a href=\"https:\/\/srpskainfo.com\/posljedice-rasta-euribora-evo-za-koliko-ce-biti-veca-rata-kredita-od-100-000-km-foto\/?fbclid=IwAR2jBOHm6C5lMNWUW-mOocYYjza3j5znfgtB7sUAa8YeFUdZ5zHM0G8Jd-c\" target=\"_blank\" rel=\"noreferrer noopener\">Srpskainfo.<\/a><\/p>\n\n\n\n<p>Euribor se smatra najva\u017enijom referentnom stopom na europskom tr\u017ei\u0161tu novca, jer se na osnovu njega formiraju kamatne stope za sve financijske proizvode. &nbsp;Postoji 5 razli\u010ditih euribor stopa od kojih su najva\u017enije \u0161estomjese\u010dna i tromjese\u010dna.<\/p>\n\n\n\n<p>Promjena euribora najvi\u0161e je zabrinula du\u017enike koji imaju kredite sa varijabilnim kamatnim stopama, a ve\u0107ina tih kredita u Republici Srpskoj je vezana za \u0161estomjese\u010dni euribor, \u0161to zna\u010di da banke vr\u0161e uskla\u0111ivanje kamatnih stopa sa euriborom dva puta godi\u0161nje, 30. lipnja i 31. prosinca.<\/p>\n\n\n\n<p>Metrics, agencija za konsalting iz Banja Luke, analizirala je uticaj promjene euribora.<\/p>\n\n\n\n<p>\u2013 Nije mogu\u0107e dati jedan i univerzalan odgovor na pitanje u kojoj mjeri \u0107e rast euribora pogoditi du\u017enike. Svaki kredit je pri\u010da za sebe, oni se razlikuju po iznosu, kamatnoj stopi po kojoj se du\u017enik zadu\u017eio, vremenskom periodu trajanja otplate, kao i po vremenu po\u010detka otplate, a svi ovi faktori ima utjecaj na visinu rate kredita. Najvi\u0161e \u0107e biti pogo\u0111eni du\u017enici koji su tek po\u010deli otpla\u0107ivati svoj kredit, jer je kod njih u\u010de\u0161\u0107e kamate u mjese\u010dnoj rati ve\u0107e nego \u0161to je kod du\u017enika koji ve\u0107 godinama otpla\u0107uju svoj kredit \u2013 navodi se u analizi.<\/p>\n\n\n\n<p>Oni su prikazali utjecaj promjene euribora na primjeru kredita od 100.000 KM.<\/p>\n\n\n\n<figure class=\"wp-block-image\"><img decoding=\"async\" src=\"https:\/\/storage.pogled.ba\/images\/6a9d\/4c9b\/232103\/original\/8-2022-07-31-18-14-25-New-Project-1-e1659191017149.jpg\" alt=\"8-2022-07-31-18-14-25-New-Project-1-e1659191017149.jpg\"\/><\/figure>\n\n\n\n<p>\u2013 Za analizu smo uzeli kredit od 100.000 KM sa rokom otplate od 20 godina i promjenljivom kamatnom stopom od 3,92%. U prilo\u017eenoj tabeli se mo\u017ee vidjeti kako bi se kretale rate spomenutog kredita uz svaku od \u010detiri razli\u010dite vrijednosti euribora.<\/p>\n\n\n\n<p>Oni podsje\u0107aju da su banke po zakonu du\u017ene da obavijeste svoje klijente da li je i za koji iznos promijenjena mjese\u010dna rata njihovog kredita.<\/p>\n\n\n\n<p>Izvor:srpska info<\/p>\n","protected":false},"excerpt":{"rendered":"<p>Euribor je do nedavno bio negativan, dok je 28. srpnja ove godine njegova vrijednost iznosila 0,66 posto i ima tendenciju daljeg rasta zbog \u010dega \u0107e mnogi gra\u0111ani Republike Srpske pla\u0107ati ve\u0107e rate kredita. Euribor je engleska skra\u0107enica od Euro Interbank Offered Rate. Ova skra\u0107enica predstavlja prosje\u010dnu kamatnu stopu po kojoj grupa europskih banaka pozajmljuju novac [&hellip;]<\/p>\n","protected":false},"author":2,"featured_media":15391,"comment_status":"closed","ping_status":"closed","sticky":false,"template":"","format":"standard","meta":{"h5ap_radio_sources":[],"footnotes":""},"categories":[1],"tags":[],"class_list":["post-165032","post","type-post","status-publish","format-standard","has-post-thumbnail","hentry","category-bihiregija"],"yoast_head":"<!-- This site is optimized with the Yoast SEO plugin v27.4 - https:\/\/yoast.com\/product\/yoast-seo-wordpress\/ -->\n<title>Evo za koliko \u0107e biti ve\u0107a rata kredita od 100.000 KM - RADIO LJUBU\u0160KI<\/title>\n<meta name=\"robots\" content=\"index, follow, max-snippet:-1, max-image-preview:large, max-video-preview:-1\" \/>\n<link rel=\"canonical\" href=\"https:\/\/radioljubuski.ba\/index.php\/2022\/07\/31\/evo-za-koliko-ce-biti-veca-rata-kredita-od-100-000-km\/\" \/>\n<meta property=\"og:locale\" content=\"hr_HR\" \/>\n<meta property=\"og:type\" content=\"article\" \/>\n<meta property=\"og:title\" content=\"Evo za koliko \u0107e biti ve\u0107a rata kredita od 100.000 KM - RADIO LJUBU\u0160KI\" \/>\n<meta property=\"og:description\" content=\"Euribor je do nedavno bio negativan, dok je 28. srpnja ove godine njegova vrijednost iznosila 0,66 posto i ima tendenciju daljeg rasta zbog \u010dega \u0107e mnogi gra\u0111ani Republike Srpske pla\u0107ati ve\u0107e rate kredita. Euribor je engleska skra\u0107enica od Euro Interbank Offered Rate. Ova skra\u0107enica predstavlja prosje\u010dnu kamatnu stopu po kojoj grupa europskih banaka pozajmljuju novac [&hellip;]\" \/>\n<meta property=\"og:url\" content=\"https:\/\/radioljubuski.ba\/index.php\/2022\/07\/31\/evo-za-koliko-ce-biti-veca-rata-kredita-od-100-000-km\/\" \/>\n<meta property=\"og:site_name\" content=\"RADIO LJUBU\u0160KI\" \/>\n<meta property=\"article:publisher\" content=\"https:\/\/www.facebook.com\/Radiio-Ljubuski-1490835324566332\" \/>\n<meta property=\"article:published_time\" content=\"2022-07-31T17:24:59+00:00\" \/>\n<meta property=\"article:modified_time\" content=\"2022-07-31T17:25:01+00:00\" \/>\n<meta property=\"og:image\" content=\"https:\/\/radioljubuski.ba\/wp-content\/uploads\/2021\/04\/novac-marke.jpg\" \/>\n\t<meta property=\"og:image:width\" content=\"810\" \/>\n\t<meta property=\"og:image:height\" content=\"500\" \/>\n\t<meta property=\"og:image:type\" content=\"image\/jpeg\" \/>\n<meta name=\"author\" content=\"Radio Ljubu\u0161ki\" \/>\n<meta name=\"twitter:card\" content=\"summary_large_image\" \/>\n<meta name=\"twitter:creator\" content=\"@radioljubuski\" \/>\n<meta name=\"twitter:site\" content=\"@radioljubuski\" \/>\n<meta name=\"twitter:label1\" content=\"Napisao\/la\" \/>\n\t<meta name=\"twitter:data1\" content=\"Radio Ljubu\u0161ki\" \/>\n\t<meta name=\"twitter:label2\" content=\"Procijenjeno vrijeme \u010ditanja\" \/>\n\t<meta name=\"twitter:data2\" content=\"2 minute\" \/>\n<script type=\"application\/ld+json\" class=\"yoast-schema-graph\">{\"@context\":\"https:\\\/\\\/schema.org\",\"@graph\":[{\"@type\":\"Article\",\"@id\":\"https:\\\/\\\/radioljubuski.ba\\\/index.php\\\/2022\\\/07\\\/31\\\/evo-za-koliko-ce-biti-veca-rata-kredita-od-100-000-km\\\/#article\",\"isPartOf\":{\"@id\":\"https:\\\/\\\/radioljubuski.ba\\\/index.php\\\/2022\\\/07\\\/31\\\/evo-za-koliko-ce-biti-veca-rata-kredita-od-100-000-km\\\/\"},\"author\":{\"name\":\"Radio Ljubu\u0161ki\",\"@id\":\"https:\\\/\\\/radioljubuski.ba\\\/#\\\/schema\\\/person\\\/19fc700381a780f69665d7956c469e3b\"},\"headline\":\"Evo za koliko \u0107e biti ve\u0107a rata kredita od 100.000 KM\",\"datePublished\":\"2022-07-31T17:24:59+00:00\",\"dateModified\":\"2022-07-31T17:25:01+00:00\",\"mainEntityOfPage\":{\"@id\":\"https:\\\/\\\/radioljubuski.ba\\\/index.php\\\/2022\\\/07\\\/31\\\/evo-za-koliko-ce-biti-veca-rata-kredita-od-100-000-km\\\/\"},\"wordCount\":368,\"publisher\":{\"@id\":\"https:\\\/\\\/radioljubuski.ba\\\/#organization\"},\"image\":{\"@id\":\"https:\\\/\\\/radioljubuski.ba\\\/index.php\\\/2022\\\/07\\\/31\\\/evo-za-koliko-ce-biti-veca-rata-kredita-od-100-000-km\\\/#primaryimage\"},\"thumbnailUrl\":\"https:\\\/\\\/radioljubuski.ba\\\/wp-content\\\/uploads\\\/2021\\\/04\\\/novac-marke.jpg\",\"articleSection\":[\"BIH i regija\"],\"inLanguage\":\"hr\"},{\"@type\":\"WebPage\",\"@id\":\"https:\\\/\\\/radioljubuski.ba\\\/index.php\\\/2022\\\/07\\\/31\\\/evo-za-koliko-ce-biti-veca-rata-kredita-od-100-000-km\\\/\",\"url\":\"https:\\\/\\\/radioljubuski.ba\\\/index.php\\\/2022\\\/07\\\/31\\\/evo-za-koliko-ce-biti-veca-rata-kredita-od-100-000-km\\\/\",\"name\":\"Evo za koliko \u0107e biti ve\u0107a rata kredita od 100.000 KM - RADIO LJUBU\u0160KI\",\"isPartOf\":{\"@id\":\"https:\\\/\\\/radioljubuski.ba\\\/#website\"},\"primaryImageOfPage\":{\"@id\":\"https:\\\/\\\/radioljubuski.ba\\\/index.php\\\/2022\\\/07\\\/31\\\/evo-za-koliko-ce-biti-veca-rata-kredita-od-100-000-km\\\/#primaryimage\"},\"image\":{\"@id\":\"https:\\\/\\\/radioljubuski.ba\\\/index.php\\\/2022\\\/07\\\/31\\\/evo-za-koliko-ce-biti-veca-rata-kredita-od-100-000-km\\\/#primaryimage\"},\"thumbnailUrl\":\"https:\\\/\\\/radioljubuski.ba\\\/wp-content\\\/uploads\\\/2021\\\/04\\\/novac-marke.jpg\",\"datePublished\":\"2022-07-31T17:24:59+00:00\",\"dateModified\":\"2022-07-31T17:25:01+00:00\",\"breadcrumb\":{\"@id\":\"https:\\\/\\\/radioljubuski.ba\\\/index.php\\\/2022\\\/07\\\/31\\\/evo-za-koliko-ce-biti-veca-rata-kredita-od-100-000-km\\\/#breadcrumb\"},\"inLanguage\":\"hr\",\"potentialAction\":[{\"@type\":\"ReadAction\",\"target\":[\"https:\\\/\\\/radioljubuski.ba\\\/index.php\\\/2022\\\/07\\\/31\\\/evo-za-koliko-ce-biti-veca-rata-kredita-od-100-000-km\\\/\"]}]},{\"@type\":\"ImageObject\",\"inLanguage\":\"hr\",\"@id\":\"https:\\\/\\\/radioljubuski.ba\\\/index.php\\\/2022\\\/07\\\/31\\\/evo-za-koliko-ce-biti-veca-rata-kredita-od-100-000-km\\\/#primaryimage\",\"url\":\"https:\\\/\\\/radioljubuski.ba\\\/wp-content\\\/uploads\\\/2021\\\/04\\\/novac-marke.jpg\",\"contentUrl\":\"https:\\\/\\\/radioljubuski.ba\\\/wp-content\\\/uploads\\\/2021\\\/04\\\/novac-marke.jpg\",\"width\":810,\"height\":500},{\"@type\":\"BreadcrumbList\",\"@id\":\"https:\\\/\\\/radioljubuski.ba\\\/index.php\\\/2022\\\/07\\\/31\\\/evo-za-koliko-ce-biti-veca-rata-kredita-od-100-000-km\\\/#breadcrumb\",\"itemListElement\":[{\"@type\":\"ListItem\",\"position\":1,\"name\":\"Po\u010detna stranica\",\"item\":\"https:\\\/\\\/radioljubuski.ba\\\/\"},{\"@type\":\"ListItem\",\"position\":2,\"name\":\"Evo za koliko \u0107e biti ve\u0107a rata kredita od 100.000 KM\"}]},{\"@type\":\"WebSite\",\"@id\":\"https:\\\/\\\/radioljubuski.ba\\\/#website\",\"url\":\"https:\\\/\\\/radioljubuski.ba\\\/\",\"name\":\"Radio Ljubu\u0161ki\",\"description\":\"Sun\u010dana frekvencija Hercegovine\",\"publisher\":{\"@id\":\"https:\\\/\\\/radioljubuski.ba\\\/#organization\"},\"potentialAction\":[{\"@type\":\"SearchAction\",\"target\":{\"@type\":\"EntryPoint\",\"urlTemplate\":\"https:\\\/\\\/radioljubuski.ba\\\/?s={search_term_string}\"},\"query-input\":{\"@type\":\"PropertyValueSpecification\",\"valueRequired\":true,\"valueName\":\"search_term_string\"}}],\"inLanguage\":\"hr\"},{\"@type\":\"Organization\",\"@id\":\"https:\\\/\\\/radioljubuski.ba\\\/#organization\",\"name\":\"Radio Ljubu\u0161ki\",\"url\":\"https:\\\/\\\/radioljubuski.ba\\\/\",\"logo\":{\"@type\":\"ImageObject\",\"inLanguage\":\"hr\",\"@id\":\"https:\\\/\\\/radioljubuski.ba\\\/#\\\/schema\\\/logo\\\/image\\\/\",\"url\":\"https:\\\/\\\/radioljubuski.ba\\\/wp-content\\\/uploads\\\/2021\\\/02\\\/cropped-Radio_Ljubuski_logo1.jpg\",\"contentUrl\":\"https:\\\/\\\/radioljubuski.ba\\\/wp-content\\\/uploads\\\/2021\\\/02\\\/cropped-Radio_Ljubuski_logo1.jpg\",\"width\":512,\"height\":512,\"caption\":\"Radio Ljubu\u0161ki\"},\"image\":{\"@id\":\"https:\\\/\\\/radioljubuski.ba\\\/#\\\/schema\\\/logo\\\/image\\\/\"},\"sameAs\":[\"https:\\\/\\\/www.facebook.com\\\/Radiio-Ljubuski-1490835324566332\",\"https:\\\/\\\/x.com\\\/radioljubuski\",\"https:\\\/\\\/hr.linkedin.com\\\/company\\\/radio-ljubuski\",\"https:\\\/\\\/www.youtube.com\\\/channel\\\/UCHYaeO_n0Db3tjNGudGpXyw\"]},{\"@type\":\"Person\",\"@id\":\"https:\\\/\\\/radioljubuski.ba\\\/#\\\/schema\\\/person\\\/19fc700381a780f69665d7956c469e3b\",\"name\":\"Radio Ljubu\u0161ki\"}]}<\/script>\n<!-- \/ Yoast SEO plugin. -->","yoast_head_json":{"title":"Evo za koliko \u0107e biti ve\u0107a rata kredita od 100.000 KM - RADIO LJUBU\u0160KI","robots":{"index":"index","follow":"follow","max-snippet":"max-snippet:-1","max-image-preview":"max-image-preview:large","max-video-preview":"max-video-preview:-1"},"canonical":"https:\/\/radioljubuski.ba\/index.php\/2022\/07\/31\/evo-za-koliko-ce-biti-veca-rata-kredita-od-100-000-km\/","og_locale":"hr_HR","og_type":"article","og_title":"Evo za koliko \u0107e biti ve\u0107a rata kredita od 100.000 KM - RADIO LJUBU\u0160KI","og_description":"Euribor je do nedavno bio negativan, dok je 28. srpnja ove godine njegova vrijednost iznosila 0,66 posto i ima tendenciju daljeg rasta zbog \u010dega \u0107e mnogi gra\u0111ani Republike Srpske pla\u0107ati ve\u0107e rate kredita. Euribor je engleska skra\u0107enica od Euro Interbank Offered Rate. Ova skra\u0107enica predstavlja prosje\u010dnu kamatnu stopu po kojoj grupa europskih banaka pozajmljuju novac [&hellip;]","og_url":"https:\/\/radioljubuski.ba\/index.php\/2022\/07\/31\/evo-za-koliko-ce-biti-veca-rata-kredita-od-100-000-km\/","og_site_name":"RADIO LJUBU\u0160KI","article_publisher":"https:\/\/www.facebook.com\/Radiio-Ljubuski-1490835324566332","article_published_time":"2022-07-31T17:24:59+00:00","article_modified_time":"2022-07-31T17:25:01+00:00","og_image":[{"width":810,"height":500,"url":"https:\/\/radioljubuski.ba\/wp-content\/uploads\/2021\/04\/novac-marke.jpg","type":"image\/jpeg"}],"author":"Radio Ljubu\u0161ki","twitter_card":"summary_large_image","twitter_creator":"@radioljubuski","twitter_site":"@radioljubuski","twitter_misc":{"Napisao\/la":"Radio Ljubu\u0161ki","Procijenjeno vrijeme \u010ditanja":"2 minute"},"schema":{"@context":"https:\/\/schema.org","@graph":[{"@type":"Article","@id":"https:\/\/radioljubuski.ba\/index.php\/2022\/07\/31\/evo-za-koliko-ce-biti-veca-rata-kredita-od-100-000-km\/#article","isPartOf":{"@id":"https:\/\/radioljubuski.ba\/index.php\/2022\/07\/31\/evo-za-koliko-ce-biti-veca-rata-kredita-od-100-000-km\/"},"author":{"name":"Radio Ljubu\u0161ki","@id":"https:\/\/radioljubuski.ba\/#\/schema\/person\/19fc700381a780f69665d7956c469e3b"},"headline":"Evo za koliko \u0107e biti ve\u0107a rata kredita od 100.000 KM","datePublished":"2022-07-31T17:24:59+00:00","dateModified":"2022-07-31T17:25:01+00:00","mainEntityOfPage":{"@id":"https:\/\/radioljubuski.ba\/index.php\/2022\/07\/31\/evo-za-koliko-ce-biti-veca-rata-kredita-od-100-000-km\/"},"wordCount":368,"publisher":{"@id":"https:\/\/radioljubuski.ba\/#organization"},"image":{"@id":"https:\/\/radioljubuski.ba\/index.php\/2022\/07\/31\/evo-za-koliko-ce-biti-veca-rata-kredita-od-100-000-km\/#primaryimage"},"thumbnailUrl":"https:\/\/radioljubuski.ba\/wp-content\/uploads\/2021\/04\/novac-marke.jpg","articleSection":["BIH i regija"],"inLanguage":"hr"},{"@type":"WebPage","@id":"https:\/\/radioljubuski.ba\/index.php\/2022\/07\/31\/evo-za-koliko-ce-biti-veca-rata-kredita-od-100-000-km\/","url":"https:\/\/radioljubuski.ba\/index.php\/2022\/07\/31\/evo-za-koliko-ce-biti-veca-rata-kredita-od-100-000-km\/","name":"Evo za koliko \u0107e biti ve\u0107a rata kredita od 100.000 KM - RADIO LJUBU\u0160KI","isPartOf":{"@id":"https:\/\/radioljubuski.ba\/#website"},"primaryImageOfPage":{"@id":"https:\/\/radioljubuski.ba\/index.php\/2022\/07\/31\/evo-za-koliko-ce-biti-veca-rata-kredita-od-100-000-km\/#primaryimage"},"image":{"@id":"https:\/\/radioljubuski.ba\/index.php\/2022\/07\/31\/evo-za-koliko-ce-biti-veca-rata-kredita-od-100-000-km\/#primaryimage"},"thumbnailUrl":"https:\/\/radioljubuski.ba\/wp-content\/uploads\/2021\/04\/novac-marke.jpg","datePublished":"2022-07-31T17:24:59+00:00","dateModified":"2022-07-31T17:25:01+00:00","breadcrumb":{"@id":"https:\/\/radioljubuski.ba\/index.php\/2022\/07\/31\/evo-za-koliko-ce-biti-veca-rata-kredita-od-100-000-km\/#breadcrumb"},"inLanguage":"hr","potentialAction":[{"@type":"ReadAction","target":["https:\/\/radioljubuski.ba\/index.php\/2022\/07\/31\/evo-za-koliko-ce-biti-veca-rata-kredita-od-100-000-km\/"]}]},{"@type":"ImageObject","inLanguage":"hr","@id":"https:\/\/radioljubuski.ba\/index.php\/2022\/07\/31\/evo-za-koliko-ce-biti-veca-rata-kredita-od-100-000-km\/#primaryimage","url":"https:\/\/radioljubuski.ba\/wp-content\/uploads\/2021\/04\/novac-marke.jpg","contentUrl":"https:\/\/radioljubuski.ba\/wp-content\/uploads\/2021\/04\/novac-marke.jpg","width":810,"height":500},{"@type":"BreadcrumbList","@id":"https:\/\/radioljubuski.ba\/index.php\/2022\/07\/31\/evo-za-koliko-ce-biti-veca-rata-kredita-od-100-000-km\/#breadcrumb","itemListElement":[{"@type":"ListItem","position":1,"name":"Po\u010detna stranica","item":"https:\/\/radioljubuski.ba\/"},{"@type":"ListItem","position":2,"name":"Evo za koliko \u0107e biti ve\u0107a rata kredita od 100.000 KM"}]},{"@type":"WebSite","@id":"https:\/\/radioljubuski.ba\/#website","url":"https:\/\/radioljubuski.ba\/","name":"Radio Ljubu\u0161ki","description":"Sun\u010dana frekvencija Hercegovine","publisher":{"@id":"https:\/\/radioljubuski.ba\/#organization"},"potentialAction":[{"@type":"SearchAction","target":{"@type":"EntryPoint","urlTemplate":"https:\/\/radioljubuski.ba\/?s={search_term_string}"},"query-input":{"@type":"PropertyValueSpecification","valueRequired":true,"valueName":"search_term_string"}}],"inLanguage":"hr"},{"@type":"Organization","@id":"https:\/\/radioljubuski.ba\/#organization","name":"Radio Ljubu\u0161ki","url":"https:\/\/radioljubuski.ba\/","logo":{"@type":"ImageObject","inLanguage":"hr","@id":"https:\/\/radioljubuski.ba\/#\/schema\/logo\/image\/","url":"https:\/\/radioljubuski.ba\/wp-content\/uploads\/2021\/02\/cropped-Radio_Ljubuski_logo1.jpg","contentUrl":"https:\/\/radioljubuski.ba\/wp-content\/uploads\/2021\/02\/cropped-Radio_Ljubuski_logo1.jpg","width":512,"height":512,"caption":"Radio Ljubu\u0161ki"},"image":{"@id":"https:\/\/radioljubuski.ba\/#\/schema\/logo\/image\/"},"sameAs":["https:\/\/www.facebook.com\/Radiio-Ljubuski-1490835324566332","https:\/\/x.com\/radioljubuski","https:\/\/hr.linkedin.com\/company\/radio-ljubuski","https:\/\/www.youtube.com\/channel\/UCHYaeO_n0Db3tjNGudGpXyw"]},{"@type":"Person","@id":"https:\/\/radioljubuski.ba\/#\/schema\/person\/19fc700381a780f69665d7956c469e3b","name":"Radio Ljubu\u0161ki"}]}},"_links":{"self":[{"href":"https:\/\/radioljubuski.ba\/index.php\/wp-json\/wp\/v2\/posts\/165032","targetHints":{"allow":["GET"]}}],"collection":[{"href":"https:\/\/radioljubuski.ba\/index.php\/wp-json\/wp\/v2\/posts"}],"about":[{"href":"https:\/\/radioljubuski.ba\/index.php\/wp-json\/wp\/v2\/types\/post"}],"author":[{"embeddable":true,"href":"https:\/\/radioljubuski.ba\/index.php\/wp-json\/wp\/v2\/users\/2"}],"replies":[{"embeddable":true,"href":"https:\/\/radioljubuski.ba\/index.php\/wp-json\/wp\/v2\/comments?post=165032"}],"version-history":[{"count":1,"href":"https:\/\/radioljubuski.ba\/index.php\/wp-json\/wp\/v2\/posts\/165032\/revisions"}],"predecessor-version":[{"id":165033,"href":"https:\/\/radioljubuski.ba\/index.php\/wp-json\/wp\/v2\/posts\/165032\/revisions\/165033"}],"wp:featuredmedia":[{"embeddable":true,"href":"https:\/\/radioljubuski.ba\/index.php\/wp-json\/wp\/v2\/media\/15391"}],"wp:attachment":[{"href":"https:\/\/radioljubuski.ba\/index.php\/wp-json\/wp\/v2\/media?parent=165032"}],"wp:term":[{"taxonomy":"category","embeddable":true,"href":"https:\/\/radioljubuski.ba\/index.php\/wp-json\/wp\/v2\/categories?post=165032"},{"taxonomy":"post_tag","embeddable":true,"href":"https:\/\/radioljubuski.ba\/index.php\/wp-json\/wp\/v2\/tags?post=165032"}],"curies":[{"name":"wp","href":"https:\/\/api.w.org\/{rel}","templated":true}]}}