{"id":165034,"date":"2022-07-31T18:25:51","date_gmt":"2022-07-31T17:25:51","guid":{"rendered":"https:\/\/radioljubuski.ba\/?p=165034"},"modified":"2022-07-31T18:25:52","modified_gmt":"2022-07-31T17:25:52","slug":"evald-krnic-i-igor-kazic-pobjednici-456-skokova-sa-starog-mosta","status":"publish","type":"post","link":"https:\/\/radioljubuski.ba\/index.php\/2022\/07\/31\/evald-krnic-i-igor-kazic-pobjednici-456-skokova-sa-starog-mosta\/","title":{"rendered":"Evald Krni\u0107 i Igor Kazi\u0107 pobjednici 456. skokova sa Starog mosta"},"content":{"rendered":"\n<p>Pobjednici tradicionalnih 456. visinskih skokova sa Starog mosta u Mostaru ove godine su Igor Kazi\u0107 iz Mostara i Evald Krni\u0107 iz Crne gore. &nbsp;<\/p>\n\n\n\n<p>Kazi\u0107 je osvojio maksimalne bodove u disciplini skokova na noge, a Krni\u0107 u skokovima na glavu popularne mostarske laste.<\/p>\n\n\n\n<p>U skokovima na glavu drugo mjesto je osvojio Sarajlija Dino Bajri\u0107, a tre\u0107e Dragan Milnovi\u0107 koji je branio pro\u0161logodi\u0161nju titulu \u0161ampiona. U kategoriji skokova na noge drugo mjesto je izborio Adis Halilovi\u0107 a tre\u0107e Emel Tiro koji branio titulu \u0161ampiona.<\/p>\n\n\n\n<p>Na ovogodi\u0161njim skokovima je sudjelovao 31 natjecatelj.<\/p>\n\n\n\n<p>U skokovima na noge borilo se 14 skaka\u010da, a u skokovima na glavu borilo se 18 natjecatelja za titulu najbolje laste. Svaki skok pod budnim okom je pratio stru\u010dni \u017eiri koji \u010dine veterani mostarskih skokova Branko Bogi\u0107evi\u0107, Haris \u0160i\u0161irak, Haris \u0160koro, Samir Zukanovi\u0107- Lilo i Alica Jakirovi\u0107 koji predsjeda \u017eirijem, a uz njih je sve vrijeme bio i delegat Igor Remeti\u0107.<\/p>\n\n\n\n<p>Prilikom ocjenjivanja se pratio prilaz skakaonici, let, upadanje na noge i kao i na glavu.<\/p>\n\n\n\n<p>Kod skoka na noge treba biti \u0161to manje \u0161trap, a kod skoka na glavu \u0161to vi\u0161e i na osnovu toga su dobili ocjene. U revijalnom djelu su nastupili veterani mostarskih skokova koji \u0107e nakon dodjele nagrada najboljima u 22 satima zatvoriti manifestaciju spektakularnim skokovima sa bakljama.<\/p>\n\n\n\n<p>Izvor:pogled.ba<\/p>\n","protected":false},"excerpt":{"rendered":"<p>Pobjednici tradicionalnih 456. visinskih skokova sa Starog mosta u Mostaru ove godine su Igor Kazi\u0107 iz Mostara i Evald Krni\u0107 iz Crne gore. &nbsp; Kazi\u0107 je osvojio maksimalne bodove u disciplini skokova na noge, a Krni\u0107 u skokovima na glavu popularne mostarske laste. U skokovima na glavu drugo mjesto je osvojio Sarajlija Dino Bajri\u0107, a [&hellip;]<\/p>\n","protected":false},"author":2,"featured_media":165035,"comment_status":"closed","ping_status":"closed","sticky":false,"template":"","format":"standard","meta":{"h5ap_radio_sources":[],"footnotes":""},"categories":[1],"tags":[],"class_list":["post-165034","post","type-post","status-publish","format-standard","has-post-thumbnail","hentry","category-bihiregija"],"yoast_head":"<!-- This site is optimized with the Yoast SEO plugin v27.4 - https:\/\/yoast.com\/product\/yoast-seo-wordpress\/ -->\n<title>Evald Krni\u0107 i Igor Kazi\u0107 pobjednici 456. skokova sa Starog mosta - RADIO LJUBU\u0160KI<\/title>\n<meta name=\"robots\" content=\"index, follow, max-snippet:-1, max-image-preview:large, max-video-preview:-1\" \/>\n<link rel=\"canonical\" href=\"https:\/\/radioljubuski.ba\/index.php\/2022\/07\/31\/evald-krnic-i-igor-kazic-pobjednici-456-skokova-sa-starog-mosta\/\" \/>\n<meta property=\"og:locale\" content=\"hr_HR\" \/>\n<meta property=\"og:type\" content=\"article\" \/>\n<meta property=\"og:title\" content=\"Evald Krni\u0107 i Igor Kazi\u0107 pobjednici 456. skokova sa Starog mosta - RADIO LJUBU\u0160KI\" \/>\n<meta property=\"og:description\" content=\"Pobjednici tradicionalnih 456. visinskih skokova sa Starog mosta u Mostaru ove godine su Igor Kazi\u0107 iz Mostara i Evald Krni\u0107 iz Crne gore. &nbsp; Kazi\u0107 je osvojio maksimalne bodove u disciplini skokova na noge, a Krni\u0107 u skokovima na glavu popularne mostarske laste. U skokovima na glavu drugo mjesto je osvojio Sarajlija Dino Bajri\u0107, a [&hellip;]\" \/>\n<meta property=\"og:url\" content=\"https:\/\/radioljubuski.ba\/index.php\/2022\/07\/31\/evald-krnic-i-igor-kazic-pobjednici-456-skokova-sa-starog-mosta\/\" \/>\n<meta property=\"og:site_name\" content=\"RADIO LJUBU\u0160KI\" \/>\n<meta property=\"article:publisher\" content=\"https:\/\/www.facebook.com\/Radiio-Ljubuski-1490835324566332\" \/>\n<meta property=\"article:published_time\" content=\"2022-07-31T17:25:51+00:00\" \/>\n<meta property=\"article:modified_time\" content=\"2022-07-31T17:25:52+00:00\" \/>\n<meta property=\"og:image\" content=\"https:\/\/radioljubuski.ba\/wp-content\/uploads\/2022\/07\/8-2022-07-31-18-01-15-220731_skokovi_sa_starog_55121.jpg\" \/>\n\t<meta property=\"og:image:width\" content=\"1000\" \/>\n\t<meta property=\"og:image:height\" content=\"625\" \/>\n\t<meta property=\"og:image:type\" content=\"image\/jpeg\" \/>\n<meta name=\"author\" content=\"Radio Ljubu\u0161ki\" \/>\n<meta name=\"twitter:card\" content=\"summary_large_image\" \/>\n<meta name=\"twitter:creator\" content=\"@radioljubuski\" \/>\n<meta name=\"twitter:site\" content=\"@radioljubuski\" \/>\n<meta name=\"twitter:label1\" content=\"Napisao\/la\" \/>\n\t<meta name=\"twitter:data1\" content=\"Radio Ljubu\u0161ki\" \/>\n\t<meta name=\"twitter:label2\" content=\"Procijenjeno vrijeme \u010ditanja\" \/>\n\t<meta name=\"twitter:data2\" content=\"1 minuta\" \/>\n<script type=\"application\/ld+json\" class=\"yoast-schema-graph\">{\"@context\":\"https:\\\/\\\/schema.org\",\"@graph\":[{\"@type\":\"Article\",\"@id\":\"https:\\\/\\\/radioljubuski.ba\\\/index.php\\\/2022\\\/07\\\/31\\\/evald-krnic-i-igor-kazic-pobjednici-456-skokova-sa-starog-mosta\\\/#article\",\"isPartOf\":{\"@id\":\"https:\\\/\\\/radioljubuski.ba\\\/index.php\\\/2022\\\/07\\\/31\\\/evald-krnic-i-igor-kazic-pobjednici-456-skokova-sa-starog-mosta\\\/\"},\"author\":{\"name\":\"Radio Ljubu\u0161ki\",\"@id\":\"https:\\\/\\\/radioljubuski.ba\\\/#\\\/schema\\\/person\\\/19fc700381a780f69665d7956c469e3b\"},\"headline\":\"Evald Krni\u0107 i Igor Kazi\u0107 pobjednici 456. skokova sa Starog mosta\",\"datePublished\":\"2022-07-31T17:25:51+00:00\",\"dateModified\":\"2022-07-31T17:25:52+00:00\",\"mainEntityOfPage\":{\"@id\":\"https:\\\/\\\/radioljubuski.ba\\\/index.php\\\/2022\\\/07\\\/31\\\/evald-krnic-i-igor-kazic-pobjednici-456-skokova-sa-starog-mosta\\\/\"},\"wordCount\":231,\"publisher\":{\"@id\":\"https:\\\/\\\/radioljubuski.ba\\\/#organization\"},\"image\":{\"@id\":\"https:\\\/\\\/radioljubuski.ba\\\/index.php\\\/2022\\\/07\\\/31\\\/evald-krnic-i-igor-kazic-pobjednici-456-skokova-sa-starog-mosta\\\/#primaryimage\"},\"thumbnailUrl\":\"https:\\\/\\\/radioljubuski.ba\\\/wp-content\\\/uploads\\\/2022\\\/07\\\/8-2022-07-31-18-01-15-220731_skokovi_sa_starog_55121.jpg\",\"articleSection\":[\"BIH i regija\"],\"inLanguage\":\"hr\"},{\"@type\":\"WebPage\",\"@id\":\"https:\\\/\\\/radioljubuski.ba\\\/index.php\\\/2022\\\/07\\\/31\\\/evald-krnic-i-igor-kazic-pobjednici-456-skokova-sa-starog-mosta\\\/\",\"url\":\"https:\\\/\\\/radioljubuski.ba\\\/index.php\\\/2022\\\/07\\\/31\\\/evald-krnic-i-igor-kazic-pobjednici-456-skokova-sa-starog-mosta\\\/\",\"name\":\"Evald Krni\u0107 i Igor Kazi\u0107 pobjednici 456. skokova sa Starog mosta - RADIO LJUBU\u0160KI\",\"isPartOf\":{\"@id\":\"https:\\\/\\\/radioljubuski.ba\\\/#website\"},\"primaryImageOfPage\":{\"@id\":\"https:\\\/\\\/radioljubuski.ba\\\/index.php\\\/2022\\\/07\\\/31\\\/evald-krnic-i-igor-kazic-pobjednici-456-skokova-sa-starog-mosta\\\/#primaryimage\"},\"image\":{\"@id\":\"https:\\\/\\\/radioljubuski.ba\\\/index.php\\\/2022\\\/07\\\/31\\\/evald-krnic-i-igor-kazic-pobjednici-456-skokova-sa-starog-mosta\\\/#primaryimage\"},\"thumbnailUrl\":\"https:\\\/\\\/radioljubuski.ba\\\/wp-content\\\/uploads\\\/2022\\\/07\\\/8-2022-07-31-18-01-15-220731_skokovi_sa_starog_55121.jpg\",\"datePublished\":\"2022-07-31T17:25:51+00:00\",\"dateModified\":\"2022-07-31T17:25:52+00:00\",\"breadcrumb\":{\"@id\":\"https:\\\/\\\/radioljubuski.ba\\\/index.php\\\/2022\\\/07\\\/31\\\/evald-krnic-i-igor-kazic-pobjednici-456-skokova-sa-starog-mosta\\\/#breadcrumb\"},\"inLanguage\":\"hr\",\"potentialAction\":[{\"@type\":\"ReadAction\",\"target\":[\"https:\\\/\\\/radioljubuski.ba\\\/index.php\\\/2022\\\/07\\\/31\\\/evald-krnic-i-igor-kazic-pobjednici-456-skokova-sa-starog-mosta\\\/\"]}]},{\"@type\":\"ImageObject\",\"inLanguage\":\"hr\",\"@id\":\"https:\\\/\\\/radioljubuski.ba\\\/index.php\\\/2022\\\/07\\\/31\\\/evald-krnic-i-igor-kazic-pobjednici-456-skokova-sa-starog-mosta\\\/#primaryimage\",\"url\":\"https:\\\/\\\/radioljubuski.ba\\\/wp-content\\\/uploads\\\/2022\\\/07\\\/8-2022-07-31-18-01-15-220731_skokovi_sa_starog_55121.jpg\",\"contentUrl\":\"https:\\\/\\\/radioljubuski.ba\\\/wp-content\\\/uploads\\\/2022\\\/07\\\/8-2022-07-31-18-01-15-220731_skokovi_sa_starog_55121.jpg\",\"width\":1000,\"height\":625},{\"@type\":\"BreadcrumbList\",\"@id\":\"https:\\\/\\\/radioljubuski.ba\\\/index.php\\\/2022\\\/07\\\/31\\\/evald-krnic-i-igor-kazic-pobjednici-456-skokova-sa-starog-mosta\\\/#breadcrumb\",\"itemListElement\":[{\"@type\":\"ListItem\",\"position\":1,\"name\":\"Po\u010detna stranica\",\"item\":\"https:\\\/\\\/radioljubuski.ba\\\/\"},{\"@type\":\"ListItem\",\"position\":2,\"name\":\"Evald Krni\u0107 i Igor Kazi\u0107 pobjednici 456. skokova sa Starog mosta\"}]},{\"@type\":\"WebSite\",\"@id\":\"https:\\\/\\\/radioljubuski.ba\\\/#website\",\"url\":\"https:\\\/\\\/radioljubuski.ba\\\/\",\"name\":\"Radio Ljubu\u0161ki\",\"description\":\"Sun\u010dana frekvencija Hercegovine\",\"publisher\":{\"@id\":\"https:\\\/\\\/radioljubuski.ba\\\/#organization\"},\"potentialAction\":[{\"@type\":\"SearchAction\",\"target\":{\"@type\":\"EntryPoint\",\"urlTemplate\":\"https:\\\/\\\/radioljubuski.ba\\\/?s={search_term_string}\"},\"query-input\":{\"@type\":\"PropertyValueSpecification\",\"valueRequired\":true,\"valueName\":\"search_term_string\"}}],\"inLanguage\":\"hr\"},{\"@type\":\"Organization\",\"@id\":\"https:\\\/\\\/radioljubuski.ba\\\/#organization\",\"name\":\"Radio Ljubu\u0161ki\",\"url\":\"https:\\\/\\\/radioljubuski.ba\\\/\",\"logo\":{\"@type\":\"ImageObject\",\"inLanguage\":\"hr\",\"@id\":\"https:\\\/\\\/radioljubuski.ba\\\/#\\\/schema\\\/logo\\\/image\\\/\",\"url\":\"https:\\\/\\\/radioljubuski.ba\\\/wp-content\\\/uploads\\\/2021\\\/02\\\/cropped-Radio_Ljubuski_logo1.jpg\",\"contentUrl\":\"https:\\\/\\\/radioljubuski.ba\\\/wp-content\\\/uploads\\\/2021\\\/02\\\/cropped-Radio_Ljubuski_logo1.jpg\",\"width\":512,\"height\":512,\"caption\":\"Radio Ljubu\u0161ki\"},\"image\":{\"@id\":\"https:\\\/\\\/radioljubuski.ba\\\/#\\\/schema\\\/logo\\\/image\\\/\"},\"sameAs\":[\"https:\\\/\\\/www.facebook.com\\\/Radiio-Ljubuski-1490835324566332\",\"https:\\\/\\\/x.com\\\/radioljubuski\",\"https:\\\/\\\/hr.linkedin.com\\\/company\\\/radio-ljubuski\",\"https:\\\/\\\/www.youtube.com\\\/channel\\\/UCHYaeO_n0Db3tjNGudGpXyw\"]},{\"@type\":\"Person\",\"@id\":\"https:\\\/\\\/radioljubuski.ba\\\/#\\\/schema\\\/person\\\/19fc700381a780f69665d7956c469e3b\",\"name\":\"Radio Ljubu\u0161ki\"}]}<\/script>\n<!-- \/ Yoast SEO plugin. -->","yoast_head_json":{"title":"Evald Krni\u0107 i Igor Kazi\u0107 pobjednici 456. skokova sa Starog mosta - RADIO LJUBU\u0160KI","robots":{"index":"index","follow":"follow","max-snippet":"max-snippet:-1","max-image-preview":"max-image-preview:large","max-video-preview":"max-video-preview:-1"},"canonical":"https:\/\/radioljubuski.ba\/index.php\/2022\/07\/31\/evald-krnic-i-igor-kazic-pobjednici-456-skokova-sa-starog-mosta\/","og_locale":"hr_HR","og_type":"article","og_title":"Evald Krni\u0107 i Igor Kazi\u0107 pobjednici 456. skokova sa Starog mosta - RADIO LJUBU\u0160KI","og_description":"Pobjednici tradicionalnih 456. visinskih skokova sa Starog mosta u Mostaru ove godine su Igor Kazi\u0107 iz Mostara i Evald Krni\u0107 iz Crne gore. &nbsp; Kazi\u0107 je osvojio maksimalne bodove u disciplini skokova na noge, a Krni\u0107 u skokovima na glavu popularne mostarske laste. U skokovima na glavu drugo mjesto je osvojio Sarajlija Dino Bajri\u0107, a [&hellip;]","og_url":"https:\/\/radioljubuski.ba\/index.php\/2022\/07\/31\/evald-krnic-i-igor-kazic-pobjednici-456-skokova-sa-starog-mosta\/","og_site_name":"RADIO LJUBU\u0160KI","article_publisher":"https:\/\/www.facebook.com\/Radiio-Ljubuski-1490835324566332","article_published_time":"2022-07-31T17:25:51+00:00","article_modified_time":"2022-07-31T17:25:52+00:00","og_image":[{"width":1000,"height":625,"url":"https:\/\/radioljubuski.ba\/wp-content\/uploads\/2022\/07\/8-2022-07-31-18-01-15-220731_skokovi_sa_starog_55121.jpg","type":"image\/jpeg"}],"author":"Radio Ljubu\u0161ki","twitter_card":"summary_large_image","twitter_creator":"@radioljubuski","twitter_site":"@radioljubuski","twitter_misc":{"Napisao\/la":"Radio Ljubu\u0161ki","Procijenjeno vrijeme \u010ditanja":"1 minuta"},"schema":{"@context":"https:\/\/schema.org","@graph":[{"@type":"Article","@id":"https:\/\/radioljubuski.ba\/index.php\/2022\/07\/31\/evald-krnic-i-igor-kazic-pobjednici-456-skokova-sa-starog-mosta\/#article","isPartOf":{"@id":"https:\/\/radioljubuski.ba\/index.php\/2022\/07\/31\/evald-krnic-i-igor-kazic-pobjednici-456-skokova-sa-starog-mosta\/"},"author":{"name":"Radio Ljubu\u0161ki","@id":"https:\/\/radioljubuski.ba\/#\/schema\/person\/19fc700381a780f69665d7956c469e3b"},"headline":"Evald Krni\u0107 i Igor Kazi\u0107 pobjednici 456. skokova sa Starog mosta","datePublished":"2022-07-31T17:25:51+00:00","dateModified":"2022-07-31T17:25:52+00:00","mainEntityOfPage":{"@id":"https:\/\/radioljubuski.ba\/index.php\/2022\/07\/31\/evald-krnic-i-igor-kazic-pobjednici-456-skokova-sa-starog-mosta\/"},"wordCount":231,"publisher":{"@id":"https:\/\/radioljubuski.ba\/#organization"},"image":{"@id":"https:\/\/radioljubuski.ba\/index.php\/2022\/07\/31\/evald-krnic-i-igor-kazic-pobjednici-456-skokova-sa-starog-mosta\/#primaryimage"},"thumbnailUrl":"https:\/\/radioljubuski.ba\/wp-content\/uploads\/2022\/07\/8-2022-07-31-18-01-15-220731_skokovi_sa_starog_55121.jpg","articleSection":["BIH i regija"],"inLanguage":"hr"},{"@type":"WebPage","@id":"https:\/\/radioljubuski.ba\/index.php\/2022\/07\/31\/evald-krnic-i-igor-kazic-pobjednici-456-skokova-sa-starog-mosta\/","url":"https:\/\/radioljubuski.ba\/index.php\/2022\/07\/31\/evald-krnic-i-igor-kazic-pobjednici-456-skokova-sa-starog-mosta\/","name":"Evald Krni\u0107 i Igor Kazi\u0107 pobjednici 456. skokova sa Starog mosta - RADIO LJUBU\u0160KI","isPartOf":{"@id":"https:\/\/radioljubuski.ba\/#website"},"primaryImageOfPage":{"@id":"https:\/\/radioljubuski.ba\/index.php\/2022\/07\/31\/evald-krnic-i-igor-kazic-pobjednici-456-skokova-sa-starog-mosta\/#primaryimage"},"image":{"@id":"https:\/\/radioljubuski.ba\/index.php\/2022\/07\/31\/evald-krnic-i-igor-kazic-pobjednici-456-skokova-sa-starog-mosta\/#primaryimage"},"thumbnailUrl":"https:\/\/radioljubuski.ba\/wp-content\/uploads\/2022\/07\/8-2022-07-31-18-01-15-220731_skokovi_sa_starog_55121.jpg","datePublished":"2022-07-31T17:25:51+00:00","dateModified":"2022-07-31T17:25:52+00:00","breadcrumb":{"@id":"https:\/\/radioljubuski.ba\/index.php\/2022\/07\/31\/evald-krnic-i-igor-kazic-pobjednici-456-skokova-sa-starog-mosta\/#breadcrumb"},"inLanguage":"hr","potentialAction":[{"@type":"ReadAction","target":["https:\/\/radioljubuski.ba\/index.php\/2022\/07\/31\/evald-krnic-i-igor-kazic-pobjednici-456-skokova-sa-starog-mosta\/"]}]},{"@type":"ImageObject","inLanguage":"hr","@id":"https:\/\/radioljubuski.ba\/index.php\/2022\/07\/31\/evald-krnic-i-igor-kazic-pobjednici-456-skokova-sa-starog-mosta\/#primaryimage","url":"https:\/\/radioljubuski.ba\/wp-content\/uploads\/2022\/07\/8-2022-07-31-18-01-15-220731_skokovi_sa_starog_55121.jpg","contentUrl":"https:\/\/radioljubuski.ba\/wp-content\/uploads\/2022\/07\/8-2022-07-31-18-01-15-220731_skokovi_sa_starog_55121.jpg","width":1000,"height":625},{"@type":"BreadcrumbList","@id":"https:\/\/radioljubuski.ba\/index.php\/2022\/07\/31\/evald-krnic-i-igor-kazic-pobjednici-456-skokova-sa-starog-mosta\/#breadcrumb","itemListElement":[{"@type":"ListItem","position":1,"name":"Po\u010detna stranica","item":"https:\/\/radioljubuski.ba\/"},{"@type":"ListItem","position":2,"name":"Evald Krni\u0107 i Igor Kazi\u0107 pobjednici 456. skokova sa Starog mosta"}]},{"@type":"WebSite","@id":"https:\/\/radioljubuski.ba\/#website","url":"https:\/\/radioljubuski.ba\/","name":"Radio Ljubu\u0161ki","description":"Sun\u010dana frekvencija Hercegovine","publisher":{"@id":"https:\/\/radioljubuski.ba\/#organization"},"potentialAction":[{"@type":"SearchAction","target":{"@type":"EntryPoint","urlTemplate":"https:\/\/radioljubuski.ba\/?s={search_term_string}"},"query-input":{"@type":"PropertyValueSpecification","valueRequired":true,"valueName":"search_term_string"}}],"inLanguage":"hr"},{"@type":"Organization","@id":"https:\/\/radioljubuski.ba\/#organization","name":"Radio Ljubu\u0161ki","url":"https:\/\/radioljubuski.ba\/","logo":{"@type":"ImageObject","inLanguage":"hr","@id":"https:\/\/radioljubuski.ba\/#\/schema\/logo\/image\/","url":"https:\/\/radioljubuski.ba\/wp-content\/uploads\/2021\/02\/cropped-Radio_Ljubuski_logo1.jpg","contentUrl":"https:\/\/radioljubuski.ba\/wp-content\/uploads\/2021\/02\/cropped-Radio_Ljubuski_logo1.jpg","width":512,"height":512,"caption":"Radio Ljubu\u0161ki"},"image":{"@id":"https:\/\/radioljubuski.ba\/#\/schema\/logo\/image\/"},"sameAs":["https:\/\/www.facebook.com\/Radiio-Ljubuski-1490835324566332","https:\/\/x.com\/radioljubuski","https:\/\/hr.linkedin.com\/company\/radio-ljubuski","https:\/\/www.youtube.com\/channel\/UCHYaeO_n0Db3tjNGudGpXyw"]},{"@type":"Person","@id":"https:\/\/radioljubuski.ba\/#\/schema\/person\/19fc700381a780f69665d7956c469e3b","name":"Radio Ljubu\u0161ki"}]}},"_links":{"self":[{"href":"https:\/\/radioljubuski.ba\/index.php\/wp-json\/wp\/v2\/posts\/165034","targetHints":{"allow":["GET"]}}],"collection":[{"href":"https:\/\/radioljubuski.ba\/index.php\/wp-json\/wp\/v2\/posts"}],"about":[{"href":"https:\/\/radioljubuski.ba\/index.php\/wp-json\/wp\/v2\/types\/post"}],"author":[{"embeddable":true,"href":"https:\/\/radioljubuski.ba\/index.php\/wp-json\/wp\/v2\/users\/2"}],"replies":[{"embeddable":true,"href":"https:\/\/radioljubuski.ba\/index.php\/wp-json\/wp\/v2\/comments?post=165034"}],"version-history":[{"count":1,"href":"https:\/\/radioljubuski.ba\/index.php\/wp-json\/wp\/v2\/posts\/165034\/revisions"}],"predecessor-version":[{"id":165036,"href":"https:\/\/radioljubuski.ba\/index.php\/wp-json\/wp\/v2\/posts\/165034\/revisions\/165036"}],"wp:featuredmedia":[{"embeddable":true,"href":"https:\/\/radioljubuski.ba\/index.php\/wp-json\/wp\/v2\/media\/165035"}],"wp:attachment":[{"href":"https:\/\/radioljubuski.ba\/index.php\/wp-json\/wp\/v2\/media?parent=165034"}],"wp:term":[{"taxonomy":"category","embeddable":true,"href":"https:\/\/radioljubuski.ba\/index.php\/wp-json\/wp\/v2\/categories?post=165034"},{"taxonomy":"post_tag","embeddable":true,"href":"https:\/\/radioljubuski.ba\/index.php\/wp-json\/wp\/v2\/tags?post=165034"}],"curies":[{"name":"wp","href":"https:\/\/api.w.org\/{rel}","templated":true}]}}