{"id":165037,"date":"2022-07-31T18:27:29","date_gmt":"2022-07-31T17:27:29","guid":{"rendered":"https:\/\/radioljubuski.ba\/?p=165037"},"modified":"2022-07-31T18:27:30","modified_gmt":"2022-07-31T17:27:30","slug":"jasna-trazi-biljanu-zena-u-potrazi-za-skolskom-prijateljicom-iz-mostara","status":"publish","type":"post","link":"https:\/\/radioljubuski.ba\/index.php\/2022\/07\/31\/jasna-trazi-biljanu-zena-u-potrazi-za-skolskom-prijateljicom-iz-mostara\/","title":{"rendered":"Jasna tra\u017ei Biljanu: \u017dena u potrazi za \u0161kolskom prijateljicom iz Mostara"},"content":{"rendered":"\n<p>Na Facebooku se posljednjih dana \u0161iri objava u kojoj jedna osoba moli gra\u0111ane Mostara, kao i Mostarce u dijaspori da pomognu u potrazi za jednom osobom, pi\u0161e&nbsp;<a href=\"https:\/\/www.vecernji.ba\/vijesti\/trazi-se-pomoc-mostaraca-zena-u-potrazi-za-skolskom-prijateljicom-iz-mostara-1606149?fbclid=IwAR3fkULcXIF-ktv66MCojUXrwVmp2VbRZjpcEJQYqsQ5jtbUdltGLKKaf8Q\" target=\"_blank\" rel=\"noreferrer noopener\">Ve\u010dernji list. &nbsp;<\/a><\/p>\n\n\n\n<p>Naime, Jasna \u0110elilovi\u0107 tra\u017ei svoju dugogodi\u0161nju \u0161kolsku prijateljicu po imenu Biljana, \u010dije je djevoja\u010dko prezime bilo Todorovi\u0107, a sada\u0161nje udano joj nije poznato. Trebala bi imati oko 70-71 godinu. Skupa su i\u0161le u osnovnu \u0161kolu &#8211; &nbsp;\u0160anti\u0107evu (VI osnovnu \u0161kolu).<\/p>\n\n\n\n<p>&#8220;Poznato je da Biljana koja je iz Mostara, sada \u017eivi u Berlinu u Njema\u010dkoj. U Mostaru je \u017eivjela kod Partizanskog groblja, otac joj se zvao Milorad iz Nevesinja, a majka je iz Makedonije. Imala je dva brata, Vicko i Joca i \u017eive u Beogradu. Gospo\u0111a koja je tra\u017ei se zove Jasna \u0110elilovi\u0107, i ako znate i mo\u017eete pomo\u0107i na bilo koji na\u010din, kontaktirajte na ovaj broj telefona 063\/473-413&#8221;, stoji u objavi. \u00a0Objavljene su i fotografije iz \u0161kolskih dana:<\/p>\n\n\n\n<figure class=\"wp-block-image\"><img decoding=\"async\" src=\"https:\/\/storage.pogled.ba\/images\/bdcc\/53db\/232100\/original\/8-2022-07-31-17-29-48-3cb3ce491d1e9cd09c55.jpeg\" alt=\"8-2022-07-31-17-29-48-3cb3ce491d1e9cd09c55.jpeg\"\/><\/figure>\n\n\n\n<figure class=\"wp-block-image\"><img decoding=\"async\" src=\"https:\/\/storage.pogled.ba\/images\/44c1\/1eea\/232101\/original\/8-2022-07-31-17-29-51-e7dc0a1c340b833d3037.jpeg\" alt=\"8-2022-07-31-17-29-51-e7dc0a1c340b833d3037.jpeg\"\/><\/figure>\n\n\n\n<p>Izvor:vecernji.ba.ba<\/p>\n","protected":false},"excerpt":{"rendered":"<p>Na Facebooku se posljednjih dana \u0161iri objava u kojoj jedna osoba moli gra\u0111ane Mostara, kao i Mostarce u dijaspori da pomognu u potrazi za jednom osobom, pi\u0161e&nbsp;Ve\u010dernji list. &nbsp; Naime, Jasna \u0110elilovi\u0107 tra\u017ei svoju dugogodi\u0161nju \u0161kolsku prijateljicu po imenu Biljana, \u010dije je djevoja\u010dko prezime bilo Todorovi\u0107, a sada\u0161nje udano joj nije poznato. Trebala bi imati [&hellip;]<\/p>\n","protected":false},"author":2,"featured_media":165038,"comment_status":"closed","ping_status":"closed","sticky":false,"template":"","format":"standard","meta":{"h5ap_radio_sources":[],"footnotes":""},"categories":[1],"tags":[],"class_list":["post-165037","post","type-post","status-publish","format-standard","has-post-thumbnail","hentry","category-bihiregija"],"yoast_head":"<!-- This site is optimized with the Yoast SEO plugin v27.4 - https:\/\/yoast.com\/product\/yoast-seo-wordpress\/ -->\n<title>Jasna tra\u017ei Biljanu: \u017dena u potrazi za \u0161kolskom prijateljicom iz Mostara - RADIO LJUBU\u0160KI<\/title>\n<meta name=\"robots\" content=\"index, follow, max-snippet:-1, max-image-preview:large, max-video-preview:-1\" \/>\n<link rel=\"canonical\" href=\"https:\/\/radioljubuski.ba\/index.php\/2022\/07\/31\/jasna-trazi-biljanu-zena-u-potrazi-za-skolskom-prijateljicom-iz-mostara\/\" \/>\n<meta property=\"og:locale\" content=\"hr_HR\" \/>\n<meta property=\"og:type\" content=\"article\" \/>\n<meta property=\"og:title\" content=\"Jasna tra\u017ei Biljanu: \u017dena u potrazi za \u0161kolskom prijateljicom iz Mostara - RADIO LJUBU\u0160KI\" \/>\n<meta property=\"og:description\" content=\"Na Facebooku se posljednjih dana \u0161iri objava u kojoj jedna osoba moli gra\u0111ane Mostara, kao i Mostarce u dijaspori da pomognu u potrazi za jednom osobom, pi\u0161e&nbsp;Ve\u010dernji list. &nbsp; Naime, Jasna \u0110elilovi\u0107 tra\u017ei svoju dugogodi\u0161nju \u0161kolsku prijateljicu po imenu Biljana, \u010dije je djevoja\u010dko prezime bilo Todorovi\u0107, a sada\u0161nje udano joj nije poznato. Trebala bi imati [&hellip;]\" \/>\n<meta property=\"og:url\" content=\"https:\/\/radioljubuski.ba\/index.php\/2022\/07\/31\/jasna-trazi-biljanu-zena-u-potrazi-za-skolskom-prijateljicom-iz-mostara\/\" \/>\n<meta property=\"og:site_name\" content=\"RADIO LJUBU\u0160KI\" \/>\n<meta property=\"article:publisher\" content=\"https:\/\/www.facebook.com\/Radiio-Ljubuski-1490835324566332\" \/>\n<meta property=\"article:published_time\" content=\"2022-07-31T17:27:29+00:00\" \/>\n<meta property=\"article:modified_time\" content=\"2022-07-31T17:27:30+00:00\" \/>\n<meta property=\"og:image\" content=\"https:\/\/radioljubuski.ba\/wp-content\/uploads\/2022\/07\/8-2022-07-31-17-29-43-POTRAGA.jpeg\" \/>\n\t<meta property=\"og:image:width\" content=\"1000\" \/>\n\t<meta property=\"og:image:height\" content=\"625\" \/>\n\t<meta property=\"og:image:type\" content=\"image\/jpeg\" \/>\n<meta name=\"author\" content=\"Radio Ljubu\u0161ki\" \/>\n<meta name=\"twitter:card\" content=\"summary_large_image\" \/>\n<meta name=\"twitter:creator\" content=\"@radioljubuski\" \/>\n<meta name=\"twitter:site\" content=\"@radioljubuski\" \/>\n<meta name=\"twitter:label1\" content=\"Napisao\/la\" \/>\n\t<meta name=\"twitter:data1\" content=\"Radio Ljubu\u0161ki\" \/>\n\t<meta name=\"twitter:label2\" content=\"Procijenjeno vrijeme \u010ditanja\" \/>\n\t<meta name=\"twitter:data2\" content=\"2 minute\" \/>\n<script type=\"application\/ld+json\" class=\"yoast-schema-graph\">{\"@context\":\"https:\\\/\\\/schema.org\",\"@graph\":[{\"@type\":\"Article\",\"@id\":\"https:\\\/\\\/radioljubuski.ba\\\/index.php\\\/2022\\\/07\\\/31\\\/jasna-trazi-biljanu-zena-u-potrazi-za-skolskom-prijateljicom-iz-mostara\\\/#article\",\"isPartOf\":{\"@id\":\"https:\\\/\\\/radioljubuski.ba\\\/index.php\\\/2022\\\/07\\\/31\\\/jasna-trazi-biljanu-zena-u-potrazi-za-skolskom-prijateljicom-iz-mostara\\\/\"},\"author\":{\"name\":\"Radio Ljubu\u0161ki\",\"@id\":\"https:\\\/\\\/radioljubuski.ba\\\/#\\\/schema\\\/person\\\/19fc700381a780f69665d7956c469e3b\"},\"headline\":\"Jasna tra\u017ei Biljanu: \u017dena u potrazi za \u0161kolskom prijateljicom iz Mostara\",\"datePublished\":\"2022-07-31T17:27:29+00:00\",\"dateModified\":\"2022-07-31T17:27:30+00:00\",\"mainEntityOfPage\":{\"@id\":\"https:\\\/\\\/radioljubuski.ba\\\/index.php\\\/2022\\\/07\\\/31\\\/jasna-trazi-biljanu-zena-u-potrazi-za-skolskom-prijateljicom-iz-mostara\\\/\"},\"wordCount\":181,\"publisher\":{\"@id\":\"https:\\\/\\\/radioljubuski.ba\\\/#organization\"},\"image\":{\"@id\":\"https:\\\/\\\/radioljubuski.ba\\\/index.php\\\/2022\\\/07\\\/31\\\/jasna-trazi-biljanu-zena-u-potrazi-za-skolskom-prijateljicom-iz-mostara\\\/#primaryimage\"},\"thumbnailUrl\":\"https:\\\/\\\/radioljubuski.ba\\\/wp-content\\\/uploads\\\/2022\\\/07\\\/8-2022-07-31-17-29-43-POTRAGA.jpeg\",\"articleSection\":[\"BIH i regija\"],\"inLanguage\":\"hr\"},{\"@type\":\"WebPage\",\"@id\":\"https:\\\/\\\/radioljubuski.ba\\\/index.php\\\/2022\\\/07\\\/31\\\/jasna-trazi-biljanu-zena-u-potrazi-za-skolskom-prijateljicom-iz-mostara\\\/\",\"url\":\"https:\\\/\\\/radioljubuski.ba\\\/index.php\\\/2022\\\/07\\\/31\\\/jasna-trazi-biljanu-zena-u-potrazi-za-skolskom-prijateljicom-iz-mostara\\\/\",\"name\":\"Jasna tra\u017ei Biljanu: \u017dena u potrazi za \u0161kolskom prijateljicom iz Mostara - RADIO LJUBU\u0160KI\",\"isPartOf\":{\"@id\":\"https:\\\/\\\/radioljubuski.ba\\\/#website\"},\"primaryImageOfPage\":{\"@id\":\"https:\\\/\\\/radioljubuski.ba\\\/index.php\\\/2022\\\/07\\\/31\\\/jasna-trazi-biljanu-zena-u-potrazi-za-skolskom-prijateljicom-iz-mostara\\\/#primaryimage\"},\"image\":{\"@id\":\"https:\\\/\\\/radioljubuski.ba\\\/index.php\\\/2022\\\/07\\\/31\\\/jasna-trazi-biljanu-zena-u-potrazi-za-skolskom-prijateljicom-iz-mostara\\\/#primaryimage\"},\"thumbnailUrl\":\"https:\\\/\\\/radioljubuski.ba\\\/wp-content\\\/uploads\\\/2022\\\/07\\\/8-2022-07-31-17-29-43-POTRAGA.jpeg\",\"datePublished\":\"2022-07-31T17:27:29+00:00\",\"dateModified\":\"2022-07-31T17:27:30+00:00\",\"breadcrumb\":{\"@id\":\"https:\\\/\\\/radioljubuski.ba\\\/index.php\\\/2022\\\/07\\\/31\\\/jasna-trazi-biljanu-zena-u-potrazi-za-skolskom-prijateljicom-iz-mostara\\\/#breadcrumb\"},\"inLanguage\":\"hr\",\"potentialAction\":[{\"@type\":\"ReadAction\",\"target\":[\"https:\\\/\\\/radioljubuski.ba\\\/index.php\\\/2022\\\/07\\\/31\\\/jasna-trazi-biljanu-zena-u-potrazi-za-skolskom-prijateljicom-iz-mostara\\\/\"]}]},{\"@type\":\"ImageObject\",\"inLanguage\":\"hr\",\"@id\":\"https:\\\/\\\/radioljubuski.ba\\\/index.php\\\/2022\\\/07\\\/31\\\/jasna-trazi-biljanu-zena-u-potrazi-za-skolskom-prijateljicom-iz-mostara\\\/#primaryimage\",\"url\":\"https:\\\/\\\/radioljubuski.ba\\\/wp-content\\\/uploads\\\/2022\\\/07\\\/8-2022-07-31-17-29-43-POTRAGA.jpeg\",\"contentUrl\":\"https:\\\/\\\/radioljubuski.ba\\\/wp-content\\\/uploads\\\/2022\\\/07\\\/8-2022-07-31-17-29-43-POTRAGA.jpeg\",\"width\":1000,\"height\":625},{\"@type\":\"BreadcrumbList\",\"@id\":\"https:\\\/\\\/radioljubuski.ba\\\/index.php\\\/2022\\\/07\\\/31\\\/jasna-trazi-biljanu-zena-u-potrazi-za-skolskom-prijateljicom-iz-mostara\\\/#breadcrumb\",\"itemListElement\":[{\"@type\":\"ListItem\",\"position\":1,\"name\":\"Po\u010detna stranica\",\"item\":\"https:\\\/\\\/radioljubuski.ba\\\/\"},{\"@type\":\"ListItem\",\"position\":2,\"name\":\"Jasna tra\u017ei Biljanu: \u017dena u potrazi za \u0161kolskom prijateljicom iz Mostara\"}]},{\"@type\":\"WebSite\",\"@id\":\"https:\\\/\\\/radioljubuski.ba\\\/#website\",\"url\":\"https:\\\/\\\/radioljubuski.ba\\\/\",\"name\":\"Radio Ljubu\u0161ki\",\"description\":\"Sun\u010dana frekvencija Hercegovine\",\"publisher\":{\"@id\":\"https:\\\/\\\/radioljubuski.ba\\\/#organization\"},\"potentialAction\":[{\"@type\":\"SearchAction\",\"target\":{\"@type\":\"EntryPoint\",\"urlTemplate\":\"https:\\\/\\\/radioljubuski.ba\\\/?s={search_term_string}\"},\"query-input\":{\"@type\":\"PropertyValueSpecification\",\"valueRequired\":true,\"valueName\":\"search_term_string\"}}],\"inLanguage\":\"hr\"},{\"@type\":\"Organization\",\"@id\":\"https:\\\/\\\/radioljubuski.ba\\\/#organization\",\"name\":\"Radio Ljubu\u0161ki\",\"url\":\"https:\\\/\\\/radioljubuski.ba\\\/\",\"logo\":{\"@type\":\"ImageObject\",\"inLanguage\":\"hr\",\"@id\":\"https:\\\/\\\/radioljubuski.ba\\\/#\\\/schema\\\/logo\\\/image\\\/\",\"url\":\"https:\\\/\\\/radioljubuski.ba\\\/wp-content\\\/uploads\\\/2021\\\/02\\\/cropped-Radio_Ljubuski_logo1.jpg\",\"contentUrl\":\"https:\\\/\\\/radioljubuski.ba\\\/wp-content\\\/uploads\\\/2021\\\/02\\\/cropped-Radio_Ljubuski_logo1.jpg\",\"width\":512,\"height\":512,\"caption\":\"Radio Ljubu\u0161ki\"},\"image\":{\"@id\":\"https:\\\/\\\/radioljubuski.ba\\\/#\\\/schema\\\/logo\\\/image\\\/\"},\"sameAs\":[\"https:\\\/\\\/www.facebook.com\\\/Radiio-Ljubuski-1490835324566332\",\"https:\\\/\\\/x.com\\\/radioljubuski\",\"https:\\\/\\\/hr.linkedin.com\\\/company\\\/radio-ljubuski\",\"https:\\\/\\\/www.youtube.com\\\/channel\\\/UCHYaeO_n0Db3tjNGudGpXyw\"]},{\"@type\":\"Person\",\"@id\":\"https:\\\/\\\/radioljubuski.ba\\\/#\\\/schema\\\/person\\\/19fc700381a780f69665d7956c469e3b\",\"name\":\"Radio Ljubu\u0161ki\"}]}<\/script>\n<!-- \/ Yoast SEO plugin. -->","yoast_head_json":{"title":"Jasna tra\u017ei Biljanu: \u017dena u potrazi za \u0161kolskom prijateljicom iz Mostara - RADIO LJUBU\u0160KI","robots":{"index":"index","follow":"follow","max-snippet":"max-snippet:-1","max-image-preview":"max-image-preview:large","max-video-preview":"max-video-preview:-1"},"canonical":"https:\/\/radioljubuski.ba\/index.php\/2022\/07\/31\/jasna-trazi-biljanu-zena-u-potrazi-za-skolskom-prijateljicom-iz-mostara\/","og_locale":"hr_HR","og_type":"article","og_title":"Jasna tra\u017ei Biljanu: \u017dena u potrazi za \u0161kolskom prijateljicom iz Mostara - RADIO LJUBU\u0160KI","og_description":"Na Facebooku se posljednjih dana \u0161iri objava u kojoj jedna osoba moli gra\u0111ane Mostara, kao i Mostarce u dijaspori da pomognu u potrazi za jednom osobom, pi\u0161e&nbsp;Ve\u010dernji list. &nbsp; Naime, Jasna \u0110elilovi\u0107 tra\u017ei svoju dugogodi\u0161nju \u0161kolsku prijateljicu po imenu Biljana, \u010dije je djevoja\u010dko prezime bilo Todorovi\u0107, a sada\u0161nje udano joj nije poznato. Trebala bi imati [&hellip;]","og_url":"https:\/\/radioljubuski.ba\/index.php\/2022\/07\/31\/jasna-trazi-biljanu-zena-u-potrazi-za-skolskom-prijateljicom-iz-mostara\/","og_site_name":"RADIO LJUBU\u0160KI","article_publisher":"https:\/\/www.facebook.com\/Radiio-Ljubuski-1490835324566332","article_published_time":"2022-07-31T17:27:29+00:00","article_modified_time":"2022-07-31T17:27:30+00:00","og_image":[{"width":1000,"height":625,"url":"https:\/\/radioljubuski.ba\/wp-content\/uploads\/2022\/07\/8-2022-07-31-17-29-43-POTRAGA.jpeg","type":"image\/jpeg"}],"author":"Radio Ljubu\u0161ki","twitter_card":"summary_large_image","twitter_creator":"@radioljubuski","twitter_site":"@radioljubuski","twitter_misc":{"Napisao\/la":"Radio Ljubu\u0161ki","Procijenjeno vrijeme \u010ditanja":"2 minute"},"schema":{"@context":"https:\/\/schema.org","@graph":[{"@type":"Article","@id":"https:\/\/radioljubuski.ba\/index.php\/2022\/07\/31\/jasna-trazi-biljanu-zena-u-potrazi-za-skolskom-prijateljicom-iz-mostara\/#article","isPartOf":{"@id":"https:\/\/radioljubuski.ba\/index.php\/2022\/07\/31\/jasna-trazi-biljanu-zena-u-potrazi-za-skolskom-prijateljicom-iz-mostara\/"},"author":{"name":"Radio Ljubu\u0161ki","@id":"https:\/\/radioljubuski.ba\/#\/schema\/person\/19fc700381a780f69665d7956c469e3b"},"headline":"Jasna tra\u017ei Biljanu: \u017dena u potrazi za \u0161kolskom prijateljicom iz Mostara","datePublished":"2022-07-31T17:27:29+00:00","dateModified":"2022-07-31T17:27:30+00:00","mainEntityOfPage":{"@id":"https:\/\/radioljubuski.ba\/index.php\/2022\/07\/31\/jasna-trazi-biljanu-zena-u-potrazi-za-skolskom-prijateljicom-iz-mostara\/"},"wordCount":181,"publisher":{"@id":"https:\/\/radioljubuski.ba\/#organization"},"image":{"@id":"https:\/\/radioljubuski.ba\/index.php\/2022\/07\/31\/jasna-trazi-biljanu-zena-u-potrazi-za-skolskom-prijateljicom-iz-mostara\/#primaryimage"},"thumbnailUrl":"https:\/\/radioljubuski.ba\/wp-content\/uploads\/2022\/07\/8-2022-07-31-17-29-43-POTRAGA.jpeg","articleSection":["BIH i regija"],"inLanguage":"hr"},{"@type":"WebPage","@id":"https:\/\/radioljubuski.ba\/index.php\/2022\/07\/31\/jasna-trazi-biljanu-zena-u-potrazi-za-skolskom-prijateljicom-iz-mostara\/","url":"https:\/\/radioljubuski.ba\/index.php\/2022\/07\/31\/jasna-trazi-biljanu-zena-u-potrazi-za-skolskom-prijateljicom-iz-mostara\/","name":"Jasna tra\u017ei Biljanu: \u017dena u potrazi za \u0161kolskom prijateljicom iz Mostara - RADIO LJUBU\u0160KI","isPartOf":{"@id":"https:\/\/radioljubuski.ba\/#website"},"primaryImageOfPage":{"@id":"https:\/\/radioljubuski.ba\/index.php\/2022\/07\/31\/jasna-trazi-biljanu-zena-u-potrazi-za-skolskom-prijateljicom-iz-mostara\/#primaryimage"},"image":{"@id":"https:\/\/radioljubuski.ba\/index.php\/2022\/07\/31\/jasna-trazi-biljanu-zena-u-potrazi-za-skolskom-prijateljicom-iz-mostara\/#primaryimage"},"thumbnailUrl":"https:\/\/radioljubuski.ba\/wp-content\/uploads\/2022\/07\/8-2022-07-31-17-29-43-POTRAGA.jpeg","datePublished":"2022-07-31T17:27:29+00:00","dateModified":"2022-07-31T17:27:30+00:00","breadcrumb":{"@id":"https:\/\/radioljubuski.ba\/index.php\/2022\/07\/31\/jasna-trazi-biljanu-zena-u-potrazi-za-skolskom-prijateljicom-iz-mostara\/#breadcrumb"},"inLanguage":"hr","potentialAction":[{"@type":"ReadAction","target":["https:\/\/radioljubuski.ba\/index.php\/2022\/07\/31\/jasna-trazi-biljanu-zena-u-potrazi-za-skolskom-prijateljicom-iz-mostara\/"]}]},{"@type":"ImageObject","inLanguage":"hr","@id":"https:\/\/radioljubuski.ba\/index.php\/2022\/07\/31\/jasna-trazi-biljanu-zena-u-potrazi-za-skolskom-prijateljicom-iz-mostara\/#primaryimage","url":"https:\/\/radioljubuski.ba\/wp-content\/uploads\/2022\/07\/8-2022-07-31-17-29-43-POTRAGA.jpeg","contentUrl":"https:\/\/radioljubuski.ba\/wp-content\/uploads\/2022\/07\/8-2022-07-31-17-29-43-POTRAGA.jpeg","width":1000,"height":625},{"@type":"BreadcrumbList","@id":"https:\/\/radioljubuski.ba\/index.php\/2022\/07\/31\/jasna-trazi-biljanu-zena-u-potrazi-za-skolskom-prijateljicom-iz-mostara\/#breadcrumb","itemListElement":[{"@type":"ListItem","position":1,"name":"Po\u010detna stranica","item":"https:\/\/radioljubuski.ba\/"},{"@type":"ListItem","position":2,"name":"Jasna tra\u017ei Biljanu: \u017dena u potrazi za \u0161kolskom prijateljicom iz Mostara"}]},{"@type":"WebSite","@id":"https:\/\/radioljubuski.ba\/#website","url":"https:\/\/radioljubuski.ba\/","name":"Radio Ljubu\u0161ki","description":"Sun\u010dana frekvencija Hercegovine","publisher":{"@id":"https:\/\/radioljubuski.ba\/#organization"},"potentialAction":[{"@type":"SearchAction","target":{"@type":"EntryPoint","urlTemplate":"https:\/\/radioljubuski.ba\/?s={search_term_string}"},"query-input":{"@type":"PropertyValueSpecification","valueRequired":true,"valueName":"search_term_string"}}],"inLanguage":"hr"},{"@type":"Organization","@id":"https:\/\/radioljubuski.ba\/#organization","name":"Radio Ljubu\u0161ki","url":"https:\/\/radioljubuski.ba\/","logo":{"@type":"ImageObject","inLanguage":"hr","@id":"https:\/\/radioljubuski.ba\/#\/schema\/logo\/image\/","url":"https:\/\/radioljubuski.ba\/wp-content\/uploads\/2021\/02\/cropped-Radio_Ljubuski_logo1.jpg","contentUrl":"https:\/\/radioljubuski.ba\/wp-content\/uploads\/2021\/02\/cropped-Radio_Ljubuski_logo1.jpg","width":512,"height":512,"caption":"Radio Ljubu\u0161ki"},"image":{"@id":"https:\/\/radioljubuski.ba\/#\/schema\/logo\/image\/"},"sameAs":["https:\/\/www.facebook.com\/Radiio-Ljubuski-1490835324566332","https:\/\/x.com\/radioljubuski","https:\/\/hr.linkedin.com\/company\/radio-ljubuski","https:\/\/www.youtube.com\/channel\/UCHYaeO_n0Db3tjNGudGpXyw"]},{"@type":"Person","@id":"https:\/\/radioljubuski.ba\/#\/schema\/person\/19fc700381a780f69665d7956c469e3b","name":"Radio Ljubu\u0161ki"}]}},"_links":{"self":[{"href":"https:\/\/radioljubuski.ba\/index.php\/wp-json\/wp\/v2\/posts\/165037","targetHints":{"allow":["GET"]}}],"collection":[{"href":"https:\/\/radioljubuski.ba\/index.php\/wp-json\/wp\/v2\/posts"}],"about":[{"href":"https:\/\/radioljubuski.ba\/index.php\/wp-json\/wp\/v2\/types\/post"}],"author":[{"embeddable":true,"href":"https:\/\/radioljubuski.ba\/index.php\/wp-json\/wp\/v2\/users\/2"}],"replies":[{"embeddable":true,"href":"https:\/\/radioljubuski.ba\/index.php\/wp-json\/wp\/v2\/comments?post=165037"}],"version-history":[{"count":1,"href":"https:\/\/radioljubuski.ba\/index.php\/wp-json\/wp\/v2\/posts\/165037\/revisions"}],"predecessor-version":[{"id":165039,"href":"https:\/\/radioljubuski.ba\/index.php\/wp-json\/wp\/v2\/posts\/165037\/revisions\/165039"}],"wp:featuredmedia":[{"embeddable":true,"href":"https:\/\/radioljubuski.ba\/index.php\/wp-json\/wp\/v2\/media\/165038"}],"wp:attachment":[{"href":"https:\/\/radioljubuski.ba\/index.php\/wp-json\/wp\/v2\/media?parent=165037"}],"wp:term":[{"taxonomy":"category","embeddable":true,"href":"https:\/\/radioljubuski.ba\/index.php\/wp-json\/wp\/v2\/categories?post=165037"},{"taxonomy":"post_tag","embeddable":true,"href":"https:\/\/radioljubuski.ba\/index.php\/wp-json\/wp\/v2\/tags?post=165037"}],"curies":[{"name":"wp","href":"https:\/\/api.w.org\/{rel}","templated":true}]}}