{"id":165142,"date":"2022-08-01T08:21:15","date_gmt":"2022-08-01T07:21:15","guid":{"rendered":"https:\/\/radioljubuski.ba\/?p=165142"},"modified":"2022-08-01T08:21:17","modified_gmt":"2022-08-01T07:21:17","slug":"omiljena-destinacija-bh-gradana-u-makarskoj-unatoc-poskupljenjima-odlicna-sezona","status":"publish","type":"post","link":"https:\/\/radioljubuski.ba\/index.php\/2022\/08\/01\/omiljena-destinacija-bh-gradana-u-makarskoj-unatoc-poskupljenjima-odlicna-sezona\/","title":{"rendered":"Omiljena destinacija bh. gra\u0111ana: U Makarskoj unato\u010d poskupljenjima odli\u010dna sezona"},"content":{"rendered":"\n<p>Broj gostiju ve\u0107i je u odnosu na pro\u0161lu godinu, a bilje\u017ei se i ve\u0107i broj dr\u017eavljana iz Bosne i Hercegovine.<\/p>\n\n\n\n<p>&#8221;Ove godine imamo odli\u010dnu turisti\u010dku sezonu koja \u0107e vjerojatno biti na razini rekordne sezone iz 2019. godine, a vrlo vjerojatno i ne\u0161to bolja. Bilje\u017ei se odli\u010dna popunjenost privatnog smje\u0161taja kao i svih hotelskih kapaciteta&#8221;, potvrdio je za Bljesak.info direktor Turisti\u010dke zajednice (TZ) Makarske Vedran Valid\u017ei\u0107. Broj gostiju ve\u0107i je u odnosu na pro\u0161lu godinu, a bilje\u017ei se i ve\u0107i broj dr\u017eavljana iz Bosne i Hercegovine.<\/p>\n\n\n\n<p> Rast broj bh. gostiju, cijene raste<\/p>\n\n\n\n<p> &#8221;Trenutno u Makarskoj boravi 15.687 gostiju \u0161to je za 7% vi\u0161e na isti dan u odnosu na prethodnu 2021. godinu. Najbrojniji su gosti iz Poljske (-13 %), BiH (+8 %), Njema\u010dke (+15%), Hrvatske (-10%), \u010ce\u0161ke (+21 %), Slova\u010dke (+50%) \u0160vedske (+14%), itd. Danas je (op.a., petak) prijavljeno 1.598 dr\u017eavljana BiH u sustav e-Visitor \u0161to je u odnosu na ukupan broj 10% od svih prijavljenih gostiju&#8221;, ka\u017ee nam direktor Vilad\u017ei\u0107. <\/p>\n\n\n\n<p>Val poskupljenja nije zaobi\u0161ao ni ovu, bh. gra\u0111anima, omiljenu destinaciju. Promjena cijena, ka\u017eu nam iz TZ Makarska, ovisi o kategorizaciji i vrsti smje\u0161taja. &#8221;Kao i u svim zemljama Europe pa i \u0161ire, cijene su se ove godine pove\u0107ale u trgovinama, benzinskim pumpama, ugostiteljskim objektima i sli\u010dno. Cijene u privatnom smje\u0161taju uglavnom nisu rasle, a sve zavisi naravno i o kategoriji samog objekta.<\/p>\n\n\n\n<p>U novim hotelima sa 5* ili sli\u010dno cijene su naravno ve\u0107e \u0161to je i posljedica kvalitete same ponude. Rat u Ukrajini je tako\u0111er utjecao na poskupljenje goriva, \u0161to je uzrokovalo poskupljenje svih drugih proizvoda na tr\u017ei\u0161tu. Inflacija je i kod nas uzela maha, pa je i to izazvalo odre\u0111ene negativne posljedice na cijelu ekonomiju&#8221;, rekao je za Bljesak.info Vilad\u017ei\u0107. <\/p>\n\n\n\n<p>Gosti iz BiH &#8216;dragi i rado vi\u0111eni&#8217; Od novog sadr\u017eaja u Makarskoj ukazuje nam na pobolj\u0161anje hotelske ponude koja je po cijenama postala paprenija. &#8221;U Makarskoj su ove godine renovirani neki hoteli kao &#8216;Dalmacija (Places) by Valamar&#8217;, a otvoren je i novi hotel sa 5 zvjezdica &#8216;Aminess Khalani Beach Hotel&#8217; koji je bez obzira na visoke cijene odli\u010dno popunjen. To je nova ponuda visoko kvalitetnog smje\u0161taja koja donosi i neke nove mogu\u0107nosti, pa \u0107e se od sada u Makarskoj mo\u0107i organizirati i veliki kongresi. U Makarskoj gosti mogu na\u0107i i raznovrsnu svakodnevnu\u00a0 ponudu glazbenih koncerata, predstava i brojnih drugih kulturno-zabavnih doga\u0111anja&#8221;, istaknuo je. <\/p>\n\n\n\n<p>&#8221;Gosti iz susjedne BiH su oduvijek bili na\u0161i dragi i rado prihva\u0107eni gosti, ne samo u Makarskoj, nego i na podru\u010dju cijele rivijere. Posljednjih godina su uvijek u ukupnom zbroju no\u0107enja i dolazaka tre\u0107i ili \u010dak drugi (ovisno od dobu godine)&#8221;, dodao je Vilad\u017ei\u0107. Komentiraju\u0107i nedavnu tvrdnju gradona\u010delnika Zorana Paunovi\u0107a koji je, prema pisanju Slobodne Dalmacije, kazao kako bh. turisti ostavljaju sme\u0107e, a koje je sam Paunovi\u0107 naknadno demantirao, direktor TZ-a podsje\u0107a kako je gradona\u010delnik krivo intepretiran. <\/p>\n\n\n\n<p>&#8221;Mislimo da se na\u0161i gosti iz BiH ovdje osje\u0107aju dobrodo\u0161lo i da im je mnogima Makarska kao drugi dom i mi bismo voljeli da to tako i ostane. U Makarskoj su svi gosti, a posebno gosti iz BiH, rado vi\u0111eni te se tradicionalno vra\u0107aju na na\u0161e podru\u010dje, a veliki broj njih tu posjeduje i vlastite stanove i ku\u0107e za odmor&#8221;, ka\u017ee nam Vilad\u017ei\u0107. Direktor Turisti\u010dke zajednice dodao je kako pozva bh. gra\u0111ane &#8221;na odmor u Makarsku i cijelu rivijeru gdje \u0107e zasigurno biti zadovoljni prijemom i smje\u0161tajem kao i ljubazno\u0161\u0107u doma\u0107ina&#8221;. <\/p>\n\n\n\n<p>Izvor:<a href=\"https:\/\/bljesak.info\/gospodarstvo\/turizam\/omiljena-destinacija-bh-gradana-u-makarskoj-unatoc-poskupljenjima-odlicna-sezona\/389852\"> Bljesak.info<\/a><\/p>\n","protected":false},"excerpt":{"rendered":"<p>Broj gostiju ve\u0107i je u odnosu na pro\u0161lu godinu, a bilje\u017ei se i ve\u0107i broj dr\u017eavljana iz Bosne i Hercegovine. &#8221;Ove godine imamo odli\u010dnu turisti\u010dku sezonu koja \u0107e vjerojatno biti na razini rekordne sezone iz 2019. godine, a vrlo vjerojatno i ne\u0161to bolja. Bilje\u017ei se odli\u010dna popunjenost privatnog smje\u0161taja kao i svih hotelskih kapaciteta&#8221;, potvrdio [&hellip;]<\/p>\n","protected":false},"author":2,"featured_media":165143,"comment_status":"closed","ping_status":"closed","sticky":false,"template":"","format":"standard","meta":{"h5ap_radio_sources":[],"footnotes":""},"categories":[1],"tags":[],"class_list":["post-165142","post","type-post","status-publish","format-standard","has-post-thumbnail","hentry","category-bihiregija"],"yoast_head":"<!-- This site is optimized with the Yoast SEO plugin v27.4 - https:\/\/yoast.com\/product\/yoast-seo-wordpress\/ -->\n<title>Omiljena destinacija bh. gra\u0111ana: U Makarskoj unato\u010d poskupljenjima odli\u010dna sezona - RADIO LJUBU\u0160KI<\/title>\n<meta name=\"robots\" content=\"index, follow, max-snippet:-1, max-image-preview:large, max-video-preview:-1\" \/>\n<link rel=\"canonical\" href=\"https:\/\/radioljubuski.ba\/index.php\/2022\/08\/01\/omiljena-destinacija-bh-gradana-u-makarskoj-unatoc-poskupljenjima-odlicna-sezona\/\" \/>\n<meta property=\"og:locale\" content=\"hr_HR\" \/>\n<meta property=\"og:type\" content=\"article\" \/>\n<meta property=\"og:title\" content=\"Omiljena destinacija bh. gra\u0111ana: U Makarskoj unato\u010d poskupljenjima odli\u010dna sezona - RADIO LJUBU\u0160KI\" \/>\n<meta property=\"og:description\" content=\"Broj gostiju ve\u0107i je u odnosu na pro\u0161lu godinu, a bilje\u017ei se i ve\u0107i broj dr\u017eavljana iz Bosne i Hercegovine. &#8221;Ove godine imamo odli\u010dnu turisti\u010dku sezonu koja \u0107e vjerojatno biti na razini rekordne sezone iz 2019. godine, a vrlo vjerojatno i ne\u0161to bolja. Bilje\u017ei se odli\u010dna popunjenost privatnog smje\u0161taja kao i svih hotelskih kapaciteta&#8221;, potvrdio [&hellip;]\" \/>\n<meta property=\"og:url\" content=\"https:\/\/radioljubuski.ba\/index.php\/2022\/08\/01\/omiljena-destinacija-bh-gradana-u-makarskoj-unatoc-poskupljenjima-odlicna-sezona\/\" \/>\n<meta property=\"og:site_name\" content=\"RADIO LJUBU\u0160KI\" \/>\n<meta property=\"article:publisher\" content=\"https:\/\/www.facebook.com\/Radiio-Ljubuski-1490835324566332\" \/>\n<meta property=\"article:published_time\" content=\"2022-08-01T07:21:15+00:00\" \/>\n<meta property=\"article:modified_time\" content=\"2022-08-01T07:21:17+00:00\" \/>\n<meta property=\"og:image\" content=\"https:\/\/radioljubuski.ba\/wp-content\/uploads\/2022\/08\/Makarska-plaza-ljeto-1-1024x704.png\" \/>\n\t<meta property=\"og:image:width\" content=\"1024\" \/>\n\t<meta property=\"og:image:height\" content=\"704\" \/>\n\t<meta property=\"og:image:type\" content=\"image\/png\" \/>\n<meta name=\"author\" content=\"Radio Ljubu\u0161ki\" \/>\n<meta name=\"twitter:card\" content=\"summary_large_image\" \/>\n<meta name=\"twitter:creator\" content=\"@radioljubuski\" \/>\n<meta name=\"twitter:site\" content=\"@radioljubuski\" \/>\n<meta name=\"twitter:label1\" content=\"Napisao\/la\" \/>\n\t<meta name=\"twitter:data1\" content=\"Radio Ljubu\u0161ki\" \/>\n\t<meta name=\"twitter:label2\" content=\"Procijenjeno vrijeme \u010ditanja\" \/>\n\t<meta name=\"twitter:data2\" content=\"3 minute\" \/>\n<script type=\"application\/ld+json\" class=\"yoast-schema-graph\">{\"@context\":\"https:\\\/\\\/schema.org\",\"@graph\":[{\"@type\":\"Article\",\"@id\":\"https:\\\/\\\/radioljubuski.ba\\\/index.php\\\/2022\\\/08\\\/01\\\/omiljena-destinacija-bh-gradana-u-makarskoj-unatoc-poskupljenjima-odlicna-sezona\\\/#article\",\"isPartOf\":{\"@id\":\"https:\\\/\\\/radioljubuski.ba\\\/index.php\\\/2022\\\/08\\\/01\\\/omiljena-destinacija-bh-gradana-u-makarskoj-unatoc-poskupljenjima-odlicna-sezona\\\/\"},\"author\":{\"name\":\"Radio Ljubu\u0161ki\",\"@id\":\"https:\\\/\\\/radioljubuski.ba\\\/#\\\/schema\\\/person\\\/19fc700381a780f69665d7956c469e3b\"},\"headline\":\"Omiljena destinacija bh. gra\u0111ana: U Makarskoj unato\u010d poskupljenjima odli\u010dna sezona\",\"datePublished\":\"2022-08-01T07:21:15+00:00\",\"dateModified\":\"2022-08-01T07:21:17+00:00\",\"mainEntityOfPage\":{\"@id\":\"https:\\\/\\\/radioljubuski.ba\\\/index.php\\\/2022\\\/08\\\/01\\\/omiljena-destinacija-bh-gradana-u-makarskoj-unatoc-poskupljenjima-odlicna-sezona\\\/\"},\"wordCount\":629,\"publisher\":{\"@id\":\"https:\\\/\\\/radioljubuski.ba\\\/#organization\"},\"image\":{\"@id\":\"https:\\\/\\\/radioljubuski.ba\\\/index.php\\\/2022\\\/08\\\/01\\\/omiljena-destinacija-bh-gradana-u-makarskoj-unatoc-poskupljenjima-odlicna-sezona\\\/#primaryimage\"},\"thumbnailUrl\":\"https:\\\/\\\/radioljubuski.ba\\\/wp-content\\\/uploads\\\/2022\\\/08\\\/Makarska-plaza-ljeto-1.png\",\"articleSection\":[\"BIH i regija\"],\"inLanguage\":\"hr\"},{\"@type\":\"WebPage\",\"@id\":\"https:\\\/\\\/radioljubuski.ba\\\/index.php\\\/2022\\\/08\\\/01\\\/omiljena-destinacija-bh-gradana-u-makarskoj-unatoc-poskupljenjima-odlicna-sezona\\\/\",\"url\":\"https:\\\/\\\/radioljubuski.ba\\\/index.php\\\/2022\\\/08\\\/01\\\/omiljena-destinacija-bh-gradana-u-makarskoj-unatoc-poskupljenjima-odlicna-sezona\\\/\",\"name\":\"Omiljena destinacija bh. gra\u0111ana: U Makarskoj unato\u010d poskupljenjima odli\u010dna sezona - RADIO LJUBU\u0160KI\",\"isPartOf\":{\"@id\":\"https:\\\/\\\/radioljubuski.ba\\\/#website\"},\"primaryImageOfPage\":{\"@id\":\"https:\\\/\\\/radioljubuski.ba\\\/index.php\\\/2022\\\/08\\\/01\\\/omiljena-destinacija-bh-gradana-u-makarskoj-unatoc-poskupljenjima-odlicna-sezona\\\/#primaryimage\"},\"image\":{\"@id\":\"https:\\\/\\\/radioljubuski.ba\\\/index.php\\\/2022\\\/08\\\/01\\\/omiljena-destinacija-bh-gradana-u-makarskoj-unatoc-poskupljenjima-odlicna-sezona\\\/#primaryimage\"},\"thumbnailUrl\":\"https:\\\/\\\/radioljubuski.ba\\\/wp-content\\\/uploads\\\/2022\\\/08\\\/Makarska-plaza-ljeto-1.png\",\"datePublished\":\"2022-08-01T07:21:15+00:00\",\"dateModified\":\"2022-08-01T07:21:17+00:00\",\"breadcrumb\":{\"@id\":\"https:\\\/\\\/radioljubuski.ba\\\/index.php\\\/2022\\\/08\\\/01\\\/omiljena-destinacija-bh-gradana-u-makarskoj-unatoc-poskupljenjima-odlicna-sezona\\\/#breadcrumb\"},\"inLanguage\":\"hr\",\"potentialAction\":[{\"@type\":\"ReadAction\",\"target\":[\"https:\\\/\\\/radioljubuski.ba\\\/index.php\\\/2022\\\/08\\\/01\\\/omiljena-destinacija-bh-gradana-u-makarskoj-unatoc-poskupljenjima-odlicna-sezona\\\/\"]}]},{\"@type\":\"ImageObject\",\"inLanguage\":\"hr\",\"@id\":\"https:\\\/\\\/radioljubuski.ba\\\/index.php\\\/2022\\\/08\\\/01\\\/omiljena-destinacija-bh-gradana-u-makarskoj-unatoc-poskupljenjima-odlicna-sezona\\\/#primaryimage\",\"url\":\"https:\\\/\\\/radioljubuski.ba\\\/wp-content\\\/uploads\\\/2022\\\/08\\\/Makarska-plaza-ljeto-1.png\",\"contentUrl\":\"https:\\\/\\\/radioljubuski.ba\\\/wp-content\\\/uploads\\\/2022\\\/08\\\/Makarska-plaza-ljeto-1.png\",\"width\":1280,\"height\":880},{\"@type\":\"BreadcrumbList\",\"@id\":\"https:\\\/\\\/radioljubuski.ba\\\/index.php\\\/2022\\\/08\\\/01\\\/omiljena-destinacija-bh-gradana-u-makarskoj-unatoc-poskupljenjima-odlicna-sezona\\\/#breadcrumb\",\"itemListElement\":[{\"@type\":\"ListItem\",\"position\":1,\"name\":\"Po\u010detna stranica\",\"item\":\"https:\\\/\\\/radioljubuski.ba\\\/\"},{\"@type\":\"ListItem\",\"position\":2,\"name\":\"Omiljena destinacija bh. gra\u0111ana: U Makarskoj unato\u010d poskupljenjima odli\u010dna sezona\"}]},{\"@type\":\"WebSite\",\"@id\":\"https:\\\/\\\/radioljubuski.ba\\\/#website\",\"url\":\"https:\\\/\\\/radioljubuski.ba\\\/\",\"name\":\"Radio Ljubu\u0161ki\",\"description\":\"Sun\u010dana frekvencija Hercegovine\",\"publisher\":{\"@id\":\"https:\\\/\\\/radioljubuski.ba\\\/#organization\"},\"potentialAction\":[{\"@type\":\"SearchAction\",\"target\":{\"@type\":\"EntryPoint\",\"urlTemplate\":\"https:\\\/\\\/radioljubuski.ba\\\/?s={search_term_string}\"},\"query-input\":{\"@type\":\"PropertyValueSpecification\",\"valueRequired\":true,\"valueName\":\"search_term_string\"}}],\"inLanguage\":\"hr\"},{\"@type\":\"Organization\",\"@id\":\"https:\\\/\\\/radioljubuski.ba\\\/#organization\",\"name\":\"Radio Ljubu\u0161ki\",\"url\":\"https:\\\/\\\/radioljubuski.ba\\\/\",\"logo\":{\"@type\":\"ImageObject\",\"inLanguage\":\"hr\",\"@id\":\"https:\\\/\\\/radioljubuski.ba\\\/#\\\/schema\\\/logo\\\/image\\\/\",\"url\":\"https:\\\/\\\/radioljubuski.ba\\\/wp-content\\\/uploads\\\/2021\\\/02\\\/cropped-Radio_Ljubuski_logo1.jpg\",\"contentUrl\":\"https:\\\/\\\/radioljubuski.ba\\\/wp-content\\\/uploads\\\/2021\\\/02\\\/cropped-Radio_Ljubuski_logo1.jpg\",\"width\":512,\"height\":512,\"caption\":\"Radio Ljubu\u0161ki\"},\"image\":{\"@id\":\"https:\\\/\\\/radioljubuski.ba\\\/#\\\/schema\\\/logo\\\/image\\\/\"},\"sameAs\":[\"https:\\\/\\\/www.facebook.com\\\/Radiio-Ljubuski-1490835324566332\",\"https:\\\/\\\/x.com\\\/radioljubuski\",\"https:\\\/\\\/hr.linkedin.com\\\/company\\\/radio-ljubuski\",\"https:\\\/\\\/www.youtube.com\\\/channel\\\/UCHYaeO_n0Db3tjNGudGpXyw\"]},{\"@type\":\"Person\",\"@id\":\"https:\\\/\\\/radioljubuski.ba\\\/#\\\/schema\\\/person\\\/19fc700381a780f69665d7956c469e3b\",\"name\":\"Radio Ljubu\u0161ki\"}]}<\/script>\n<!-- \/ Yoast SEO plugin. -->","yoast_head_json":{"title":"Omiljena destinacija bh. gra\u0111ana: U Makarskoj unato\u010d poskupljenjima odli\u010dna sezona - RADIO LJUBU\u0160KI","robots":{"index":"index","follow":"follow","max-snippet":"max-snippet:-1","max-image-preview":"max-image-preview:large","max-video-preview":"max-video-preview:-1"},"canonical":"https:\/\/radioljubuski.ba\/index.php\/2022\/08\/01\/omiljena-destinacija-bh-gradana-u-makarskoj-unatoc-poskupljenjima-odlicna-sezona\/","og_locale":"hr_HR","og_type":"article","og_title":"Omiljena destinacija bh. gra\u0111ana: U Makarskoj unato\u010d poskupljenjima odli\u010dna sezona - RADIO LJUBU\u0160KI","og_description":"Broj gostiju ve\u0107i je u odnosu na pro\u0161lu godinu, a bilje\u017ei se i ve\u0107i broj dr\u017eavljana iz Bosne i Hercegovine. &#8221;Ove godine imamo odli\u010dnu turisti\u010dku sezonu koja \u0107e vjerojatno biti na razini rekordne sezone iz 2019. godine, a vrlo vjerojatno i ne\u0161to bolja. Bilje\u017ei se odli\u010dna popunjenost privatnog smje\u0161taja kao i svih hotelskih kapaciteta&#8221;, potvrdio [&hellip;]","og_url":"https:\/\/radioljubuski.ba\/index.php\/2022\/08\/01\/omiljena-destinacija-bh-gradana-u-makarskoj-unatoc-poskupljenjima-odlicna-sezona\/","og_site_name":"RADIO LJUBU\u0160KI","article_publisher":"https:\/\/www.facebook.com\/Radiio-Ljubuski-1490835324566332","article_published_time":"2022-08-01T07:21:15+00:00","article_modified_time":"2022-08-01T07:21:17+00:00","og_image":[{"width":1024,"height":704,"url":"https:\/\/radioljubuski.ba\/wp-content\/uploads\/2022\/08\/Makarska-plaza-ljeto-1-1024x704.png","type":"image\/png"}],"author":"Radio Ljubu\u0161ki","twitter_card":"summary_large_image","twitter_creator":"@radioljubuski","twitter_site":"@radioljubuski","twitter_misc":{"Napisao\/la":"Radio Ljubu\u0161ki","Procijenjeno vrijeme \u010ditanja":"3 minute"},"schema":{"@context":"https:\/\/schema.org","@graph":[{"@type":"Article","@id":"https:\/\/radioljubuski.ba\/index.php\/2022\/08\/01\/omiljena-destinacija-bh-gradana-u-makarskoj-unatoc-poskupljenjima-odlicna-sezona\/#article","isPartOf":{"@id":"https:\/\/radioljubuski.ba\/index.php\/2022\/08\/01\/omiljena-destinacija-bh-gradana-u-makarskoj-unatoc-poskupljenjima-odlicna-sezona\/"},"author":{"name":"Radio Ljubu\u0161ki","@id":"https:\/\/radioljubuski.ba\/#\/schema\/person\/19fc700381a780f69665d7956c469e3b"},"headline":"Omiljena destinacija bh. gra\u0111ana: U Makarskoj unato\u010d poskupljenjima odli\u010dna sezona","datePublished":"2022-08-01T07:21:15+00:00","dateModified":"2022-08-01T07:21:17+00:00","mainEntityOfPage":{"@id":"https:\/\/radioljubuski.ba\/index.php\/2022\/08\/01\/omiljena-destinacija-bh-gradana-u-makarskoj-unatoc-poskupljenjima-odlicna-sezona\/"},"wordCount":629,"publisher":{"@id":"https:\/\/radioljubuski.ba\/#organization"},"image":{"@id":"https:\/\/radioljubuski.ba\/index.php\/2022\/08\/01\/omiljena-destinacija-bh-gradana-u-makarskoj-unatoc-poskupljenjima-odlicna-sezona\/#primaryimage"},"thumbnailUrl":"https:\/\/radioljubuski.ba\/wp-content\/uploads\/2022\/08\/Makarska-plaza-ljeto-1.png","articleSection":["BIH i regija"],"inLanguage":"hr"},{"@type":"WebPage","@id":"https:\/\/radioljubuski.ba\/index.php\/2022\/08\/01\/omiljena-destinacija-bh-gradana-u-makarskoj-unatoc-poskupljenjima-odlicna-sezona\/","url":"https:\/\/radioljubuski.ba\/index.php\/2022\/08\/01\/omiljena-destinacija-bh-gradana-u-makarskoj-unatoc-poskupljenjima-odlicna-sezona\/","name":"Omiljena destinacija bh. gra\u0111ana: U Makarskoj unato\u010d poskupljenjima odli\u010dna sezona - RADIO LJUBU\u0160KI","isPartOf":{"@id":"https:\/\/radioljubuski.ba\/#website"},"primaryImageOfPage":{"@id":"https:\/\/radioljubuski.ba\/index.php\/2022\/08\/01\/omiljena-destinacija-bh-gradana-u-makarskoj-unatoc-poskupljenjima-odlicna-sezona\/#primaryimage"},"image":{"@id":"https:\/\/radioljubuski.ba\/index.php\/2022\/08\/01\/omiljena-destinacija-bh-gradana-u-makarskoj-unatoc-poskupljenjima-odlicna-sezona\/#primaryimage"},"thumbnailUrl":"https:\/\/radioljubuski.ba\/wp-content\/uploads\/2022\/08\/Makarska-plaza-ljeto-1.png","datePublished":"2022-08-01T07:21:15+00:00","dateModified":"2022-08-01T07:21:17+00:00","breadcrumb":{"@id":"https:\/\/radioljubuski.ba\/index.php\/2022\/08\/01\/omiljena-destinacija-bh-gradana-u-makarskoj-unatoc-poskupljenjima-odlicna-sezona\/#breadcrumb"},"inLanguage":"hr","potentialAction":[{"@type":"ReadAction","target":["https:\/\/radioljubuski.ba\/index.php\/2022\/08\/01\/omiljena-destinacija-bh-gradana-u-makarskoj-unatoc-poskupljenjima-odlicna-sezona\/"]}]},{"@type":"ImageObject","inLanguage":"hr","@id":"https:\/\/radioljubuski.ba\/index.php\/2022\/08\/01\/omiljena-destinacija-bh-gradana-u-makarskoj-unatoc-poskupljenjima-odlicna-sezona\/#primaryimage","url":"https:\/\/radioljubuski.ba\/wp-content\/uploads\/2022\/08\/Makarska-plaza-ljeto-1.png","contentUrl":"https:\/\/radioljubuski.ba\/wp-content\/uploads\/2022\/08\/Makarska-plaza-ljeto-1.png","width":1280,"height":880},{"@type":"BreadcrumbList","@id":"https:\/\/radioljubuski.ba\/index.php\/2022\/08\/01\/omiljena-destinacija-bh-gradana-u-makarskoj-unatoc-poskupljenjima-odlicna-sezona\/#breadcrumb","itemListElement":[{"@type":"ListItem","position":1,"name":"Po\u010detna stranica","item":"https:\/\/radioljubuski.ba\/"},{"@type":"ListItem","position":2,"name":"Omiljena destinacija bh. gra\u0111ana: U Makarskoj unato\u010d poskupljenjima odli\u010dna sezona"}]},{"@type":"WebSite","@id":"https:\/\/radioljubuski.ba\/#website","url":"https:\/\/radioljubuski.ba\/","name":"Radio Ljubu\u0161ki","description":"Sun\u010dana frekvencija Hercegovine","publisher":{"@id":"https:\/\/radioljubuski.ba\/#organization"},"potentialAction":[{"@type":"SearchAction","target":{"@type":"EntryPoint","urlTemplate":"https:\/\/radioljubuski.ba\/?s={search_term_string}"},"query-input":{"@type":"PropertyValueSpecification","valueRequired":true,"valueName":"search_term_string"}}],"inLanguage":"hr"},{"@type":"Organization","@id":"https:\/\/radioljubuski.ba\/#organization","name":"Radio Ljubu\u0161ki","url":"https:\/\/radioljubuski.ba\/","logo":{"@type":"ImageObject","inLanguage":"hr","@id":"https:\/\/radioljubuski.ba\/#\/schema\/logo\/image\/","url":"https:\/\/radioljubuski.ba\/wp-content\/uploads\/2021\/02\/cropped-Radio_Ljubuski_logo1.jpg","contentUrl":"https:\/\/radioljubuski.ba\/wp-content\/uploads\/2021\/02\/cropped-Radio_Ljubuski_logo1.jpg","width":512,"height":512,"caption":"Radio Ljubu\u0161ki"},"image":{"@id":"https:\/\/radioljubuski.ba\/#\/schema\/logo\/image\/"},"sameAs":["https:\/\/www.facebook.com\/Radiio-Ljubuski-1490835324566332","https:\/\/x.com\/radioljubuski","https:\/\/hr.linkedin.com\/company\/radio-ljubuski","https:\/\/www.youtube.com\/channel\/UCHYaeO_n0Db3tjNGudGpXyw"]},{"@type":"Person","@id":"https:\/\/radioljubuski.ba\/#\/schema\/person\/19fc700381a780f69665d7956c469e3b","name":"Radio Ljubu\u0161ki"}]}},"_links":{"self":[{"href":"https:\/\/radioljubuski.ba\/index.php\/wp-json\/wp\/v2\/posts\/165142","targetHints":{"allow":["GET"]}}],"collection":[{"href":"https:\/\/radioljubuski.ba\/index.php\/wp-json\/wp\/v2\/posts"}],"about":[{"href":"https:\/\/radioljubuski.ba\/index.php\/wp-json\/wp\/v2\/types\/post"}],"author":[{"embeddable":true,"href":"https:\/\/radioljubuski.ba\/index.php\/wp-json\/wp\/v2\/users\/2"}],"replies":[{"embeddable":true,"href":"https:\/\/radioljubuski.ba\/index.php\/wp-json\/wp\/v2\/comments?post=165142"}],"version-history":[{"count":1,"href":"https:\/\/radioljubuski.ba\/index.php\/wp-json\/wp\/v2\/posts\/165142\/revisions"}],"predecessor-version":[{"id":165145,"href":"https:\/\/radioljubuski.ba\/index.php\/wp-json\/wp\/v2\/posts\/165142\/revisions\/165145"}],"wp:featuredmedia":[{"embeddable":true,"href":"https:\/\/radioljubuski.ba\/index.php\/wp-json\/wp\/v2\/media\/165143"}],"wp:attachment":[{"href":"https:\/\/radioljubuski.ba\/index.php\/wp-json\/wp\/v2\/media?parent=165142"}],"wp:term":[{"taxonomy":"category","embeddable":true,"href":"https:\/\/radioljubuski.ba\/index.php\/wp-json\/wp\/v2\/categories?post=165142"},{"taxonomy":"post_tag","embeddable":true,"href":"https:\/\/radioljubuski.ba\/index.php\/wp-json\/wp\/v2\/tags?post=165142"}],"curies":[{"name":"wp","href":"https:\/\/api.w.org\/{rel}","templated":true}]}}