{"id":165149,"date":"2022-08-01T08:29:26","date_gmt":"2022-08-01T07:29:26","guid":{"rendered":"https:\/\/radioljubuski.ba\/?p=165149"},"modified":"2022-08-01T08:29:27","modified_gmt":"2022-08-01T07:29:27","slug":"ljubusaku-marinku-luburicu-svecano-urucen-crni-pojas-9-ti-dan-na-svecanosti-u-chicagu","status":"publish","type":"post","link":"https:\/\/radioljubuski.ba\/index.php\/2022\/08\/01\/ljubusaku-marinku-luburicu-svecano-urucen-crni-pojas-9-ti-dan-na-svecanosti-u-chicagu\/","title":{"rendered":"Ljubu\u0161aku Marinku Luburi\u0107u sve\u010dano uru\u010den crni pojas 9-ti dan na sve\u010danosti u Chicagu"},"content":{"rendered":"\n<p>Ovog vikenda, to\u010dnije u nedjelju 31.srpnja u ameri\u010dkoj saveznoj dr\u017eavi Illinois odr\u017eana je sve\u010danost pod nazivom \u201eDan Thaekwondoa\u201c. Tom je prigodom Marinko Luburi\u0107, Ljubu\u0161ak ro\u0111en na Vitaljini dobio veliko priznanje za svoj dugogodi\u0161nji rad. Predsjednik USNTF uru\u010dio mu je crni pojas 9-dan.<\/p>\n\n\n\n<p><br>\u201eEvo da ti javim da sam ve\u010deras dobio diplomu United States American Federation 9-ti dan crni pojas. Mogu sa ponosom reci da sam prvi Hrvat u USA sa 9-tim danom. Bilo je sve\u010dano. Prisustvovali su i na\u0161i Franjevci &#8211; fratri, sto je posebno uveli\u010dalo ovaj moj dan. Hvala Bogu sto mi je pomogao da do\u0111em do moga cilja\u201c, rekao je Marinko nakon \u0161to mu je uru\u010deno priznanje za sportska dostignu\u0107a.<\/p>\n\n\n\n<p>Ina\u010de, Marinko je s treninzima zapo\u010deo jo\u0161 davnih sedamdesetih godina pro\u0161log stolje\u0107a u Ljubu\u0161kom, a svoj rad je intenzivirao odlaskom u SAD-e gdje i danas \u017eivi. Za svoj rad u sportu dobio je mnoga priznanja, a jo\u0161 2013.godine dobio je najve\u0107e priznanje u sportu kojim se bavi. Naime, u Las Vegasu, u ameri\u010dkoj saveznoj dr\u017eavi Nevadi u petak, 18.listopada 2013.godine odr\u017eana je ceremonija primanja u Taekwondo ku\u0107u slavnih boraca \u2013 velemajstora (Taekwondo Hall of Fame). Me\u0111u izabranima je bio i Ljubu\u0161ak Marinko Luburi\u0107, velemajstor Taekwondoa 7 dan, ina\u010de za\u010detnik Taekwondoa na ovim\u00a0 prostorima.<\/p>\n\n\n\n<figure class=\"wp-block-gallery columns-3 is-cropped wp-block-gallery-1 is-layout-flex wp-block-gallery-is-layout-flex\"><ul class=\"blocks-gallery-grid\"><li class=\"blocks-gallery-item\"><figure><img loading=\"lazy\" decoding=\"async\" width=\"1024\" height=\"768\" src=\"https:\/\/radioljubuski.ba\/wp-content\/uploads\/2022\/08\/1-1024x768.jpg\" alt=\"\" data-id=\"165151\" data-full-url=\"https:\/\/radioljubuski.ba\/wp-content\/uploads\/2022\/08\/1.jpg\" data-link=\"https:\/\/radioljubuski.ba\/?attachment_id=165151\" class=\"wp-image-165151\" srcset=\"https:\/\/radioljubuski.ba\/wp-content\/uploads\/2022\/08\/1-1024x768.jpg 1024w, https:\/\/radioljubuski.ba\/wp-content\/uploads\/2022\/08\/1-300x225.jpg 300w, https:\/\/radioljubuski.ba\/wp-content\/uploads\/2022\/08\/1-768x576.jpg 768w, https:\/\/radioljubuski.ba\/wp-content\/uploads\/2022\/08\/1-1536x1152.jpg 1536w, https:\/\/radioljubuski.ba\/wp-content\/uploads\/2022\/08\/1-16x12.jpg 16w, https:\/\/radioljubuski.ba\/wp-content\/uploads\/2022\/08\/1.jpg 1560w\" sizes=\"auto, (max-width: 1024px) 100vw, 1024px\" \/><\/figure><\/li><li class=\"blocks-gallery-item\"><figure><img loading=\"lazy\" decoding=\"async\" width=\"1024\" height=\"767\" src=\"https:\/\/radioljubuski.ba\/wp-content\/uploads\/2022\/08\/2-1024x767.jpg\" alt=\"\" data-id=\"165152\" data-full-url=\"https:\/\/radioljubuski.ba\/wp-content\/uploads\/2022\/08\/2.jpg\" data-link=\"https:\/\/radioljubuski.ba\/?attachment_id=165152\" class=\"wp-image-165152\" srcset=\"https:\/\/radioljubuski.ba\/wp-content\/uploads\/2022\/08\/2-1024x767.jpg 1024w, https:\/\/radioljubuski.ba\/wp-content\/uploads\/2022\/08\/2-300x225.jpg 300w, https:\/\/radioljubuski.ba\/wp-content\/uploads\/2022\/08\/2-768x575.jpg 768w, https:\/\/radioljubuski.ba\/wp-content\/uploads\/2022\/08\/2-16x12.jpg 16w, https:\/\/radioljubuski.ba\/wp-content\/uploads\/2022\/08\/2.jpg 1170w\" sizes=\"auto, (max-width: 1024px) 100vw, 1024px\" \/><\/figure><\/li><li class=\"blocks-gallery-item\"><figure><img loading=\"lazy\" decoding=\"async\" width=\"983\" height=\"1024\" src=\"https:\/\/radioljubuski.ba\/wp-content\/uploads\/2022\/08\/3-983x1024.jpg\" alt=\"\" data-id=\"165153\" data-full-url=\"https:\/\/radioljubuski.ba\/wp-content\/uploads\/2022\/08\/3.jpg\" data-link=\"https:\/\/radioljubuski.ba\/?attachment_id=165153\" class=\"wp-image-165153\" srcset=\"https:\/\/radioljubuski.ba\/wp-content\/uploads\/2022\/08\/3-983x1024.jpg 983w, https:\/\/radioljubuski.ba\/wp-content\/uploads\/2022\/08\/3-288x300.jpg 288w, https:\/\/radioljubuski.ba\/wp-content\/uploads\/2022\/08\/3-768x800.jpg 768w, https:\/\/radioljubuski.ba\/wp-content\/uploads\/2022\/08\/3-12x12.jpg 12w, https:\/\/radioljubuski.ba\/wp-content\/uploads\/2022\/08\/3.jpg 1169w\" sizes=\"auto, (max-width: 983px) 100vw, 983px\" \/><\/figure><\/li><li class=\"blocks-gallery-item\"><figure><img loading=\"lazy\" decoding=\"async\" width=\"1170\" height=\"1560\" src=\"https:\/\/radioljubuski.ba\/wp-content\/uploads\/2022\/08\/4-768x1024.jpg\" alt=\"\" data-id=\"165154\" data-full-url=\"https:\/\/radioljubuski.ba\/wp-content\/uploads\/2022\/08\/4.jpg\" data-link=\"https:\/\/radioljubuski.ba\/?attachment_id=165154\" class=\"wp-image-165154\" srcset=\"https:\/\/radioljubuski.ba\/wp-content\/uploads\/2022\/08\/4-768x1024.jpg 768w, https:\/\/radioljubuski.ba\/wp-content\/uploads\/2022\/08\/4-225x300.jpg 225w, https:\/\/radioljubuski.ba\/wp-content\/uploads\/2022\/08\/4-1152x1536.jpg 1152w, https:\/\/radioljubuski.ba\/wp-content\/uploads\/2022\/08\/4-9x12.jpg 9w, https:\/\/radioljubuski.ba\/wp-content\/uploads\/2022\/08\/4.jpg 1170w\" sizes=\"auto, (max-width: 1170px) 100vw, 1170px\" \/><\/figure><\/li><\/ul><\/figure>\n\n\n\n<p>mile kraljevi\u0107\/radio ljubu\u0161ki<\/p>\n","protected":false},"excerpt":{"rendered":"<p>Ovog vikenda, to\u010dnije u nedjelju 31.srpnja u ameri\u010dkoj saveznoj dr\u017eavi Illinois odr\u017eana je sve\u010danost pod nazivom \u201eDan Thaekwondoa\u201c. Tom je prigodom Marinko Luburi\u0107, Ljubu\u0161ak ro\u0111en na Vitaljini dobio veliko priznanje za svoj dugogodi\u0161nji rad. Predsjednik USNTF uru\u010dio mu je crni pojas 9-dan. \u201eEvo da ti javim da sam ve\u010deras dobio diplomu United States American Federation [&hellip;]<\/p>\n","protected":false},"author":2,"featured_media":165154,"comment_status":"closed","ping_status":"closed","sticky":false,"template":"","format":"standard","meta":{"h5ap_radio_sources":[],"footnotes":""},"categories":[3],"tags":[],"class_list":["post-165149","post","type-post","status-publish","format-standard","has-post-thumbnail","hentry","category-ljubuski"],"yoast_head":"<!-- This site is optimized with the Yoast SEO plugin v27.4 - https:\/\/yoast.com\/product\/yoast-seo-wordpress\/ -->\n<title>Ljubu\u0161aku Marinku Luburi\u0107u sve\u010dano uru\u010den crni pojas 9-ti dan na sve\u010danosti u Chicagu - RADIO LJUBU\u0160KI<\/title>\n<meta name=\"robots\" content=\"index, follow, max-snippet:-1, max-image-preview:large, max-video-preview:-1\" \/>\n<link rel=\"canonical\" href=\"https:\/\/radioljubuski.ba\/index.php\/2022\/08\/01\/ljubusaku-marinku-luburicu-svecano-urucen-crni-pojas-9-ti-dan-na-svecanosti-u-chicagu\/\" \/>\n<meta property=\"og:locale\" content=\"hr_HR\" \/>\n<meta property=\"og:type\" content=\"article\" \/>\n<meta property=\"og:title\" content=\"Ljubu\u0161aku Marinku Luburi\u0107u sve\u010dano uru\u010den crni pojas 9-ti dan na sve\u010danosti u Chicagu - RADIO LJUBU\u0160KI\" \/>\n<meta property=\"og:description\" content=\"Ovog vikenda, to\u010dnije u nedjelju 31.srpnja u ameri\u010dkoj saveznoj dr\u017eavi Illinois odr\u017eana je sve\u010danost pod nazivom \u201eDan Thaekwondoa\u201c. Tom je prigodom Marinko Luburi\u0107, Ljubu\u0161ak ro\u0111en na Vitaljini dobio veliko priznanje za svoj dugogodi\u0161nji rad. Predsjednik USNTF uru\u010dio mu je crni pojas 9-dan. \u201eEvo da ti javim da sam ve\u010deras dobio diplomu United States American Federation [&hellip;]\" \/>\n<meta property=\"og:url\" content=\"https:\/\/radioljubuski.ba\/index.php\/2022\/08\/01\/ljubusaku-marinku-luburicu-svecano-urucen-crni-pojas-9-ti-dan-na-svecanosti-u-chicagu\/\" \/>\n<meta property=\"og:site_name\" content=\"RADIO LJUBU\u0160KI\" \/>\n<meta property=\"article:publisher\" content=\"https:\/\/www.facebook.com\/Radiio-Ljubuski-1490835324566332\" \/>\n<meta property=\"article:published_time\" content=\"2022-08-01T07:29:26+00:00\" \/>\n<meta property=\"article:modified_time\" content=\"2022-08-01T07:29:27+00:00\" \/>\n<meta property=\"og:image\" content=\"https:\/\/radioljubuski.ba\/wp-content\/uploads\/2022\/08\/4.jpg\" \/>\n\t<meta property=\"og:image:width\" content=\"1170\" \/>\n\t<meta property=\"og:image:height\" content=\"1560\" \/>\n\t<meta property=\"og:image:type\" content=\"image\/jpeg\" \/>\n<meta name=\"author\" content=\"Radio Ljubu\u0161ki\" \/>\n<meta name=\"twitter:card\" content=\"summary_large_image\" \/>\n<meta name=\"twitter:creator\" content=\"@radioljubuski\" \/>\n<meta name=\"twitter:site\" content=\"@radioljubuski\" \/>\n<meta name=\"twitter:label1\" content=\"Napisao\/la\" \/>\n\t<meta name=\"twitter:data1\" content=\"Radio Ljubu\u0161ki\" \/>\n\t<meta name=\"twitter:label2\" content=\"Procijenjeno vrijeme \u010ditanja\" \/>\n\t<meta name=\"twitter:data2\" content=\"2 minute\" \/>\n<script type=\"application\/ld+json\" class=\"yoast-schema-graph\">{\"@context\":\"https:\\\/\\\/schema.org\",\"@graph\":[{\"@type\":\"Article\",\"@id\":\"https:\\\/\\\/radioljubuski.ba\\\/index.php\\\/2022\\\/08\\\/01\\\/ljubusaku-marinku-luburicu-svecano-urucen-crni-pojas-9-ti-dan-na-svecanosti-u-chicagu\\\/#article\",\"isPartOf\":{\"@id\":\"https:\\\/\\\/radioljubuski.ba\\\/index.php\\\/2022\\\/08\\\/01\\\/ljubusaku-marinku-luburicu-svecano-urucen-crni-pojas-9-ti-dan-na-svecanosti-u-chicagu\\\/\"},\"author\":{\"name\":\"Radio Ljubu\u0161ki\",\"@id\":\"https:\\\/\\\/radioljubuski.ba\\\/#\\\/schema\\\/person\\\/19fc700381a780f69665d7956c469e3b\"},\"headline\":\"Ljubu\u0161aku Marinku Luburi\u0107u sve\u010dano uru\u010den crni pojas 9-ti dan na sve\u010danosti u Chicagu\",\"datePublished\":\"2022-08-01T07:29:26+00:00\",\"dateModified\":\"2022-08-01T07:29:27+00:00\",\"mainEntityOfPage\":{\"@id\":\"https:\\\/\\\/radioljubuski.ba\\\/index.php\\\/2022\\\/08\\\/01\\\/ljubusaku-marinku-luburicu-svecano-urucen-crni-pojas-9-ti-dan-na-svecanosti-u-chicagu\\\/\"},\"wordCount\":256,\"publisher\":{\"@id\":\"https:\\\/\\\/radioljubuski.ba\\\/#organization\"},\"image\":{\"@id\":\"https:\\\/\\\/radioljubuski.ba\\\/index.php\\\/2022\\\/08\\\/01\\\/ljubusaku-marinku-luburicu-svecano-urucen-crni-pojas-9-ti-dan-na-svecanosti-u-chicagu\\\/#primaryimage\"},\"thumbnailUrl\":\"https:\\\/\\\/radioljubuski.ba\\\/wp-content\\\/uploads\\\/2022\\\/08\\\/4.jpg\",\"articleSection\":[\"Ljubu\u0161ki\"],\"inLanguage\":\"hr\"},{\"@type\":\"WebPage\",\"@id\":\"https:\\\/\\\/radioljubuski.ba\\\/index.php\\\/2022\\\/08\\\/01\\\/ljubusaku-marinku-luburicu-svecano-urucen-crni-pojas-9-ti-dan-na-svecanosti-u-chicagu\\\/\",\"url\":\"https:\\\/\\\/radioljubuski.ba\\\/index.php\\\/2022\\\/08\\\/01\\\/ljubusaku-marinku-luburicu-svecano-urucen-crni-pojas-9-ti-dan-na-svecanosti-u-chicagu\\\/\",\"name\":\"Ljubu\u0161aku Marinku Luburi\u0107u sve\u010dano uru\u010den crni pojas 9-ti dan na sve\u010danosti u Chicagu - RADIO LJUBU\u0160KI\",\"isPartOf\":{\"@id\":\"https:\\\/\\\/radioljubuski.ba\\\/#website\"},\"primaryImageOfPage\":{\"@id\":\"https:\\\/\\\/radioljubuski.ba\\\/index.php\\\/2022\\\/08\\\/01\\\/ljubusaku-marinku-luburicu-svecano-urucen-crni-pojas-9-ti-dan-na-svecanosti-u-chicagu\\\/#primaryimage\"},\"image\":{\"@id\":\"https:\\\/\\\/radioljubuski.ba\\\/index.php\\\/2022\\\/08\\\/01\\\/ljubusaku-marinku-luburicu-svecano-urucen-crni-pojas-9-ti-dan-na-svecanosti-u-chicagu\\\/#primaryimage\"},\"thumbnailUrl\":\"https:\\\/\\\/radioljubuski.ba\\\/wp-content\\\/uploads\\\/2022\\\/08\\\/4.jpg\",\"datePublished\":\"2022-08-01T07:29:26+00:00\",\"dateModified\":\"2022-08-01T07:29:27+00:00\",\"breadcrumb\":{\"@id\":\"https:\\\/\\\/radioljubuski.ba\\\/index.php\\\/2022\\\/08\\\/01\\\/ljubusaku-marinku-luburicu-svecano-urucen-crni-pojas-9-ti-dan-na-svecanosti-u-chicagu\\\/#breadcrumb\"},\"inLanguage\":\"hr\",\"potentialAction\":[{\"@type\":\"ReadAction\",\"target\":[\"https:\\\/\\\/radioljubuski.ba\\\/index.php\\\/2022\\\/08\\\/01\\\/ljubusaku-marinku-luburicu-svecano-urucen-crni-pojas-9-ti-dan-na-svecanosti-u-chicagu\\\/\"]}]},{\"@type\":\"ImageObject\",\"inLanguage\":\"hr\",\"@id\":\"https:\\\/\\\/radioljubuski.ba\\\/index.php\\\/2022\\\/08\\\/01\\\/ljubusaku-marinku-luburicu-svecano-urucen-crni-pojas-9-ti-dan-na-svecanosti-u-chicagu\\\/#primaryimage\",\"url\":\"https:\\\/\\\/radioljubuski.ba\\\/wp-content\\\/uploads\\\/2022\\\/08\\\/4.jpg\",\"contentUrl\":\"https:\\\/\\\/radioljubuski.ba\\\/wp-content\\\/uploads\\\/2022\\\/08\\\/4.jpg\",\"width\":1170,\"height\":1560},{\"@type\":\"BreadcrumbList\",\"@id\":\"https:\\\/\\\/radioljubuski.ba\\\/index.php\\\/2022\\\/08\\\/01\\\/ljubusaku-marinku-luburicu-svecano-urucen-crni-pojas-9-ti-dan-na-svecanosti-u-chicagu\\\/#breadcrumb\",\"itemListElement\":[{\"@type\":\"ListItem\",\"position\":1,\"name\":\"Po\u010detna stranica\",\"item\":\"https:\\\/\\\/radioljubuski.ba\\\/\"},{\"@type\":\"ListItem\",\"position\":2,\"name\":\"Ljubu\u0161aku Marinku Luburi\u0107u sve\u010dano uru\u010den crni pojas 9-ti dan na sve\u010danosti u Chicagu\"}]},{\"@type\":\"WebSite\",\"@id\":\"https:\\\/\\\/radioljubuski.ba\\\/#website\",\"url\":\"https:\\\/\\\/radioljubuski.ba\\\/\",\"name\":\"Radio Ljubu\u0161ki\",\"description\":\"Sun\u010dana frekvencija Hercegovine\",\"publisher\":{\"@id\":\"https:\\\/\\\/radioljubuski.ba\\\/#organization\"},\"potentialAction\":[{\"@type\":\"SearchAction\",\"target\":{\"@type\":\"EntryPoint\",\"urlTemplate\":\"https:\\\/\\\/radioljubuski.ba\\\/?s={search_term_string}\"},\"query-input\":{\"@type\":\"PropertyValueSpecification\",\"valueRequired\":true,\"valueName\":\"search_term_string\"}}],\"inLanguage\":\"hr\"},{\"@type\":\"Organization\",\"@id\":\"https:\\\/\\\/radioljubuski.ba\\\/#organization\",\"name\":\"Radio Ljubu\u0161ki\",\"url\":\"https:\\\/\\\/radioljubuski.ba\\\/\",\"logo\":{\"@type\":\"ImageObject\",\"inLanguage\":\"hr\",\"@id\":\"https:\\\/\\\/radioljubuski.ba\\\/#\\\/schema\\\/logo\\\/image\\\/\",\"url\":\"https:\\\/\\\/radioljubuski.ba\\\/wp-content\\\/uploads\\\/2021\\\/02\\\/cropped-Radio_Ljubuski_logo1.jpg\",\"contentUrl\":\"https:\\\/\\\/radioljubuski.ba\\\/wp-content\\\/uploads\\\/2021\\\/02\\\/cropped-Radio_Ljubuski_logo1.jpg\",\"width\":512,\"height\":512,\"caption\":\"Radio Ljubu\u0161ki\"},\"image\":{\"@id\":\"https:\\\/\\\/radioljubuski.ba\\\/#\\\/schema\\\/logo\\\/image\\\/\"},\"sameAs\":[\"https:\\\/\\\/www.facebook.com\\\/Radiio-Ljubuski-1490835324566332\",\"https:\\\/\\\/x.com\\\/radioljubuski\",\"https:\\\/\\\/hr.linkedin.com\\\/company\\\/radio-ljubuski\",\"https:\\\/\\\/www.youtube.com\\\/channel\\\/UCHYaeO_n0Db3tjNGudGpXyw\"]},{\"@type\":\"Person\",\"@id\":\"https:\\\/\\\/radioljubuski.ba\\\/#\\\/schema\\\/person\\\/19fc700381a780f69665d7956c469e3b\",\"name\":\"Radio Ljubu\u0161ki\"}]}<\/script>\n<!-- \/ Yoast SEO plugin. -->","yoast_head_json":{"title":"Ljubu\u0161aku Marinku Luburi\u0107u sve\u010dano uru\u010den crni pojas 9-ti dan na sve\u010danosti u Chicagu - RADIO LJUBU\u0160KI","robots":{"index":"index","follow":"follow","max-snippet":"max-snippet:-1","max-image-preview":"max-image-preview:large","max-video-preview":"max-video-preview:-1"},"canonical":"https:\/\/radioljubuski.ba\/index.php\/2022\/08\/01\/ljubusaku-marinku-luburicu-svecano-urucen-crni-pojas-9-ti-dan-na-svecanosti-u-chicagu\/","og_locale":"hr_HR","og_type":"article","og_title":"Ljubu\u0161aku Marinku Luburi\u0107u sve\u010dano uru\u010den crni pojas 9-ti dan na sve\u010danosti u Chicagu - RADIO LJUBU\u0160KI","og_description":"Ovog vikenda, to\u010dnije u nedjelju 31.srpnja u ameri\u010dkoj saveznoj dr\u017eavi Illinois odr\u017eana je sve\u010danost pod nazivom \u201eDan Thaekwondoa\u201c. Tom je prigodom Marinko Luburi\u0107, Ljubu\u0161ak ro\u0111en na Vitaljini dobio veliko priznanje za svoj dugogodi\u0161nji rad. Predsjednik USNTF uru\u010dio mu je crni pojas 9-dan. \u201eEvo da ti javim da sam ve\u010deras dobio diplomu United States American Federation [&hellip;]","og_url":"https:\/\/radioljubuski.ba\/index.php\/2022\/08\/01\/ljubusaku-marinku-luburicu-svecano-urucen-crni-pojas-9-ti-dan-na-svecanosti-u-chicagu\/","og_site_name":"RADIO LJUBU\u0160KI","article_publisher":"https:\/\/www.facebook.com\/Radiio-Ljubuski-1490835324566332","article_published_time":"2022-08-01T07:29:26+00:00","article_modified_time":"2022-08-01T07:29:27+00:00","og_image":[{"width":1170,"height":1560,"url":"https:\/\/radioljubuski.ba\/wp-content\/uploads\/2022\/08\/4.jpg","type":"image\/jpeg"}],"author":"Radio Ljubu\u0161ki","twitter_card":"summary_large_image","twitter_creator":"@radioljubuski","twitter_site":"@radioljubuski","twitter_misc":{"Napisao\/la":"Radio Ljubu\u0161ki","Procijenjeno vrijeme \u010ditanja":"2 minute"},"schema":{"@context":"https:\/\/schema.org","@graph":[{"@type":"Article","@id":"https:\/\/radioljubuski.ba\/index.php\/2022\/08\/01\/ljubusaku-marinku-luburicu-svecano-urucen-crni-pojas-9-ti-dan-na-svecanosti-u-chicagu\/#article","isPartOf":{"@id":"https:\/\/radioljubuski.ba\/index.php\/2022\/08\/01\/ljubusaku-marinku-luburicu-svecano-urucen-crni-pojas-9-ti-dan-na-svecanosti-u-chicagu\/"},"author":{"name":"Radio Ljubu\u0161ki","@id":"https:\/\/radioljubuski.ba\/#\/schema\/person\/19fc700381a780f69665d7956c469e3b"},"headline":"Ljubu\u0161aku Marinku Luburi\u0107u sve\u010dano uru\u010den crni pojas 9-ti dan na sve\u010danosti u Chicagu","datePublished":"2022-08-01T07:29:26+00:00","dateModified":"2022-08-01T07:29:27+00:00","mainEntityOfPage":{"@id":"https:\/\/radioljubuski.ba\/index.php\/2022\/08\/01\/ljubusaku-marinku-luburicu-svecano-urucen-crni-pojas-9-ti-dan-na-svecanosti-u-chicagu\/"},"wordCount":256,"publisher":{"@id":"https:\/\/radioljubuski.ba\/#organization"},"image":{"@id":"https:\/\/radioljubuski.ba\/index.php\/2022\/08\/01\/ljubusaku-marinku-luburicu-svecano-urucen-crni-pojas-9-ti-dan-na-svecanosti-u-chicagu\/#primaryimage"},"thumbnailUrl":"https:\/\/radioljubuski.ba\/wp-content\/uploads\/2022\/08\/4.jpg","articleSection":["Ljubu\u0161ki"],"inLanguage":"hr"},{"@type":"WebPage","@id":"https:\/\/radioljubuski.ba\/index.php\/2022\/08\/01\/ljubusaku-marinku-luburicu-svecano-urucen-crni-pojas-9-ti-dan-na-svecanosti-u-chicagu\/","url":"https:\/\/radioljubuski.ba\/index.php\/2022\/08\/01\/ljubusaku-marinku-luburicu-svecano-urucen-crni-pojas-9-ti-dan-na-svecanosti-u-chicagu\/","name":"Ljubu\u0161aku Marinku Luburi\u0107u sve\u010dano uru\u010den crni pojas 9-ti dan na sve\u010danosti u Chicagu - RADIO LJUBU\u0160KI","isPartOf":{"@id":"https:\/\/radioljubuski.ba\/#website"},"primaryImageOfPage":{"@id":"https:\/\/radioljubuski.ba\/index.php\/2022\/08\/01\/ljubusaku-marinku-luburicu-svecano-urucen-crni-pojas-9-ti-dan-na-svecanosti-u-chicagu\/#primaryimage"},"image":{"@id":"https:\/\/radioljubuski.ba\/index.php\/2022\/08\/01\/ljubusaku-marinku-luburicu-svecano-urucen-crni-pojas-9-ti-dan-na-svecanosti-u-chicagu\/#primaryimage"},"thumbnailUrl":"https:\/\/radioljubuski.ba\/wp-content\/uploads\/2022\/08\/4.jpg","datePublished":"2022-08-01T07:29:26+00:00","dateModified":"2022-08-01T07:29:27+00:00","breadcrumb":{"@id":"https:\/\/radioljubuski.ba\/index.php\/2022\/08\/01\/ljubusaku-marinku-luburicu-svecano-urucen-crni-pojas-9-ti-dan-na-svecanosti-u-chicagu\/#breadcrumb"},"inLanguage":"hr","potentialAction":[{"@type":"ReadAction","target":["https:\/\/radioljubuski.ba\/index.php\/2022\/08\/01\/ljubusaku-marinku-luburicu-svecano-urucen-crni-pojas-9-ti-dan-na-svecanosti-u-chicagu\/"]}]},{"@type":"ImageObject","inLanguage":"hr","@id":"https:\/\/radioljubuski.ba\/index.php\/2022\/08\/01\/ljubusaku-marinku-luburicu-svecano-urucen-crni-pojas-9-ti-dan-na-svecanosti-u-chicagu\/#primaryimage","url":"https:\/\/radioljubuski.ba\/wp-content\/uploads\/2022\/08\/4.jpg","contentUrl":"https:\/\/radioljubuski.ba\/wp-content\/uploads\/2022\/08\/4.jpg","width":1170,"height":1560},{"@type":"BreadcrumbList","@id":"https:\/\/radioljubuski.ba\/index.php\/2022\/08\/01\/ljubusaku-marinku-luburicu-svecano-urucen-crni-pojas-9-ti-dan-na-svecanosti-u-chicagu\/#breadcrumb","itemListElement":[{"@type":"ListItem","position":1,"name":"Po\u010detna stranica","item":"https:\/\/radioljubuski.ba\/"},{"@type":"ListItem","position":2,"name":"Ljubu\u0161aku Marinku Luburi\u0107u sve\u010dano uru\u010den crni pojas 9-ti dan na sve\u010danosti u Chicagu"}]},{"@type":"WebSite","@id":"https:\/\/radioljubuski.ba\/#website","url":"https:\/\/radioljubuski.ba\/","name":"Radio Ljubu\u0161ki","description":"Sun\u010dana frekvencija Hercegovine","publisher":{"@id":"https:\/\/radioljubuski.ba\/#organization"},"potentialAction":[{"@type":"SearchAction","target":{"@type":"EntryPoint","urlTemplate":"https:\/\/radioljubuski.ba\/?s={search_term_string}"},"query-input":{"@type":"PropertyValueSpecification","valueRequired":true,"valueName":"search_term_string"}}],"inLanguage":"hr"},{"@type":"Organization","@id":"https:\/\/radioljubuski.ba\/#organization","name":"Radio Ljubu\u0161ki","url":"https:\/\/radioljubuski.ba\/","logo":{"@type":"ImageObject","inLanguage":"hr","@id":"https:\/\/radioljubuski.ba\/#\/schema\/logo\/image\/","url":"https:\/\/radioljubuski.ba\/wp-content\/uploads\/2021\/02\/cropped-Radio_Ljubuski_logo1.jpg","contentUrl":"https:\/\/radioljubuski.ba\/wp-content\/uploads\/2021\/02\/cropped-Radio_Ljubuski_logo1.jpg","width":512,"height":512,"caption":"Radio Ljubu\u0161ki"},"image":{"@id":"https:\/\/radioljubuski.ba\/#\/schema\/logo\/image\/"},"sameAs":["https:\/\/www.facebook.com\/Radiio-Ljubuski-1490835324566332","https:\/\/x.com\/radioljubuski","https:\/\/hr.linkedin.com\/company\/radio-ljubuski","https:\/\/www.youtube.com\/channel\/UCHYaeO_n0Db3tjNGudGpXyw"]},{"@type":"Person","@id":"https:\/\/radioljubuski.ba\/#\/schema\/person\/19fc700381a780f69665d7956c469e3b","name":"Radio Ljubu\u0161ki"}]}},"_links":{"self":[{"href":"https:\/\/radioljubuski.ba\/index.php\/wp-json\/wp\/v2\/posts\/165149","targetHints":{"allow":["GET"]}}],"collection":[{"href":"https:\/\/radioljubuski.ba\/index.php\/wp-json\/wp\/v2\/posts"}],"about":[{"href":"https:\/\/radioljubuski.ba\/index.php\/wp-json\/wp\/v2\/types\/post"}],"author":[{"embeddable":true,"href":"https:\/\/radioljubuski.ba\/index.php\/wp-json\/wp\/v2\/users\/2"}],"replies":[{"embeddable":true,"href":"https:\/\/radioljubuski.ba\/index.php\/wp-json\/wp\/v2\/comments?post=165149"}],"version-history":[{"count":2,"href":"https:\/\/radioljubuski.ba\/index.php\/wp-json\/wp\/v2\/posts\/165149\/revisions"}],"predecessor-version":[{"id":165157,"href":"https:\/\/radioljubuski.ba\/index.php\/wp-json\/wp\/v2\/posts\/165149\/revisions\/165157"}],"wp:featuredmedia":[{"embeddable":true,"href":"https:\/\/radioljubuski.ba\/index.php\/wp-json\/wp\/v2\/media\/165154"}],"wp:attachment":[{"href":"https:\/\/radioljubuski.ba\/index.php\/wp-json\/wp\/v2\/media?parent=165149"}],"wp:term":[{"taxonomy":"category","embeddable":true,"href":"https:\/\/radioljubuski.ba\/index.php\/wp-json\/wp\/v2\/categories?post=165149"},{"taxonomy":"post_tag","embeddable":true,"href":"https:\/\/radioljubuski.ba\/index.php\/wp-json\/wp\/v2\/tags?post=165149"}],"curies":[{"name":"wp","href":"https:\/\/api.w.org\/{rel}","templated":true}]}}