{"id":165223,"date":"2022-08-01T09:36:48","date_gmt":"2022-08-01T08:36:48","guid":{"rendered":"https:\/\/radioljubuski.ba\/?p=165223"},"modified":"2022-08-01T09:36:49","modified_gmt":"2022-08-01T08:36:49","slug":"schmidta-je-sazvakala-sarajevska-carsija-hrvati-se-moraju-pripremati-za-najcrnji-scenarij","status":"publish","type":"post","link":"https:\/\/radioljubuski.ba\/index.php\/2022\/08\/01\/schmidta-je-sazvakala-sarajevska-carsija-hrvati-se-moraju-pripremati-za-najcrnji-scenarij\/","title":{"rendered":"Schmidta je sa\u017evakala sarajevska \u010dar\u0161ija, Hrvati se moraju pripremati za najcrnji scenarij"},"content":{"rendered":"\n<p>Kad je bo\u0161nja\u010dka politika shvatila kako bi &#8220;preko no\u0107i&#8221; mogla izgubiti luksuz nametanja politi\u010dkih predstavnika drugim narodima, digla se kuka i motika, upu\u0107ivale prijetnje i zveckalo oru\u017ejem. Takve prijetnje nipo\u0161to ne treba shvatiti olako, posebno ako se stave u kontekst nedavnih uni\u0161tavanja simbola hrvatskog identiteta u Te\u0161nju i Vare\u0161u, napada na katoli\u010dku obitelj tako\u0111er u Te\u0161nju, opetovanih napada na politi\u010dke predstavnike Hrvata Bugojna, prijetnje sarajevskoj obitelji zbog obilje\u017eavanja Bo\u017ei\u0107a&#8230;.<\/p>\n\n\n\n<p>PI\u0160E\u00a0<a href=\"https:\/\/www.dnevnik.ba\/autor\/jurica-gudelj-5066\">JURICA GUDELJ<\/a> \/ Dnevnik.ba<\/p>\n\n\n\n<p>Odluka visokog predstavnika u BiH Christiana Schmidta da popusti pod bo\u0161nja\u010dkim pritiskom i ne nametne izmjene Izbornoga zakona u skladu s presudom Ustavnoga suda BiH u predmetu Ljubi\u0107 jasno pokazuje kako ni ovaj me\u0111unarodni upravitelj BiH nije ni\u0161ta drugo nego sredstvo ispunjavanja \u017eelja bo\u0161nja\u010dke politike. Tako je i Schmidt postao jo\u0161 samo jedan u nizu visokih predstavnik koji ostaje zapam\u0107en kao \u010dovjek koji je svojim (ne)akcijama doveo BiH korak bli\u017ee njenom raspadu.<\/p>\n\n\n\n<p>Naime, nakon \u0161to je bo\u0161nja\u010dkoj&nbsp;javnosti &#8220;procurio&#8221; nacrt izmjena Izbornog zakona koje je Schmidt namjeravao nametnuti kako bi se stekli uvjeti za provedbu izbornih rezultata, u prvom redu popunjavanje federalnog Doma naroda, u bo\u0161nja\u010dkoj politi\u010dkoj javnosti stvorila se \u010dak i za BiH nevjerojatna histerija. Prijetilo se ratom, napadom na OHR, samom Schmidtu se napravila &#8220;sa\u010deku\u0161a&#8221; u Tuzli, Hrvate se brojalo i smje\u0161talo u vagone, govorilo o &#8220;prebrojavanju&#8221; vojne snage, etiketiralo cijele narode; sve samo kako bi se sprije\u010dilo da gra\u0111ani FBiH hrvatske i srpske nacionalnosti te nacionalne manjine napokon krenu nesmetano i u skladu s Ustavom BiH, sami sebi birati politi\u010dke predstavnike. U ovom trenutku gra\u0111ani FBiH bo\u0161nja\u010dke nacionalnosti biraju sve bo\u0161nja\u010dke izaslanike u Dom naroda FBiH, kao i izaslanike nacionalnim manjina, ve\u0107inu srpskih te je izvjesno kako mogu izabrati i jednu tre\u0107inu (\u0161est) hrvatskih izaslanika.&nbsp;<\/p>\n\n\n\n<p>U praksi to zna\u010di kako bo\u0161nja\u010dka bira\u010dka baza bira ljude koji u Domu naroda FBiH trebaju predstavljati i Hrvate i Srbe i nacionalne manjine. Time se gra\u0111anima FBiH nebo\u0161nja\u010dkih nacionalnosti uskra\u0107uje pravo izbora vlastitih politi\u010dkih predstavnika, odnosno pretvara ih se u gra\u0111ane drugog reda. Ustavni sud BiH u presudi Ljubi\u0107 jasno je utvrdio da je takvo pona\u0161anje neustavno te je stoga izbrisao dijelove Izbornog zakona koji su omogu\u0107avali Bo\u0161njacima da drugim narodima name\u0107u politi\u010dke predstavnike u federalni Dom naroda.<\/p>\n\n\n\n<p>Nakon \u0161to je bo\u0161nja\u010dka politika godinama izbjegavala bilo kakav dogovor s bilo kim o bilo kakvim izmjenama Izbornog zakona, posljednjih 10-ak dana se \u010dinilo kao da postoji mogu\u0107nost da \u0107e visoki predstavnik napraviti ne\u0161to pozitivno za BiH i njene gra\u0111ane, odnosno da \u0107e gra\u0111anima FBiH koji nisu Bo\u0161njaci vratiti pravo izbora politi\u010dkih predstavnika. Uostalom, to pravo im je i ukinuto upravo odlukama ranijih visokih predstavnika koji su pomagali Bo\u0161njacima da naprave svoju nacionalnu dr\u017eavu na teritoriju sada\u0161nje dr\u017eave BiH.<\/p>\n\n\n\n<p>No, kad je bo\u0161nja\u010dka politika shvatila kako bi &#8220;preko no\u0107i&#8221; mogla izgubiti luksuz nametanja politi\u010dkih predstavnika drugim narodima, digla se kuka i motika, upu\u0107ivale prijetnje i zveckalo oru\u017ejem. Takve prijetnje nipo\u0161to ne treba shvatiti olako, posebno ako se stave u kontekst nedavnih uni\u0161tavanja simbola hrvatskog identiteta u Te\u0161nju i Vare\u0161u, napada na katoli\u010dku obitelj isto u Te\u0161nju, opetovanih napada na politi\u010dke predstavnike Hrvata Bugojna, prijetnje sarajevskoj obitelji zbog obilje\u017eavanja Bo\u017ei\u0107a&#8230;. Prijetnje i fizi\u010dki napadi na Hrvate i hrvatske simbole u ve\u0107inski bo\u0161nja\u010dkim podru\u010djima sve su \u010de\u0161\u0107i i otvoreniji i dolaze kao proizvod kontinuiranog \u0161irenja kroatofobije koji se plasira kroz bo\u0161nja\u010dku javnost kako bi se stimuliralo Bo\u0161njake da podr\u017ee svoju politiku u nastojanjima da se doslovno istisne Hrvate i Srbe s teritorija FBiH.<\/p>\n\n\n\n<p>Schmidt, za kojeg insajderi ka\u017eu kako je vrlo dobronamjeran \u010dovjek, ipak je podlegao hajci i pritisku te udovoljio zahtjevima bo\u0161nja\u010dke javnosti te ostavio &#8220;do daljnjeg&#8221; na snazi mogu\u0107nost nametanja politi\u010dkih predstavnika drugim narodima.<\/p>\n\n\n\n<p>To pak zna\u010di da postaje vi\u0161e nego izvjesno da \u0107e se na ovim izborima ostvariti scenarij prema kojem bo\u0161nja\u010dka politika ovladava cijelom FBiH i s dvije tre\u0107ine vlasti na razini Vije\u0107a ministara. K tomu, fenomen Kom\u0161i\u0107 se podrazumijeva.<\/p>\n\n\n\n<p>To \u0107e onda otvoriti mogu\u0107nost napada bo\u0161nja\u010dke politike na hrvatsku ekonomiju u BiH. Najprije \u0107e se &#8220;napasti&#8221; Elektroprivreda HZHB i Eronet, potom vjerojatno i Aluminij, SKB Mostar i bolnice u Livnu i Novoj Biloj te Sveu\u010dili\u0161te u Mostaru da bi se naposljetku do\u0161lo i do privatnih firmi. U \u010detiri godine platformske Vlade FBiH u\u010dinjena je ogromna \u0161teta hrvatskoj ekonomiji u BiH usporediva jedino s posljedicama napada me\u0111unarodnih snaga na Hercegova\u010dku banku kad su Hrvati Bosne i &nbsp;Hercegovine doslovno oplja\u010dkani.<\/p>\n\n\n\n<p>Hrvatska politika u BiH stoga treba vrlo dobro promisliti \u0161to \u010diniti u ovoj situaciji. Hrvati su dovedeni u situaciju da ih u listopadu na izborima \u010deka politi\u010dka eutanazija ako se Izborni zakon ne izmijeni, a to sebi jednostavno ne mogu dozvoliti.<\/p>\n\n\n\n<p>Ponovno se tako postavlja pitanje ima li uop\u0107e smisla izlaziti na izbore po namje\u0161tenim izbornim pravilima koja zapravo legitimiraju va\u0161 politi\u010dki odstrel.<\/p>\n\n\n\n<p>Bosna i Hercegovina postaje neprijateljski entitet &nbsp;za hrvatsku naciju ako se u njoj gaze hrvatska politi\u010dka prava. Schmidt to treba imati na umu. Hrvati nemaju doslovno nikakvog razloga podr\u017eavati postojanje dr\u017eave koja im gazi njihova temeljna prava. Srbi su oko tog pitanja na\u010disto, dok Hrvati nisu. Sve ove godine su poku\u0161avali dati svoj doprinos stabilizaciji i izgradnji BiH. Zauzvrat vidimo \u0161to su dobili.<\/p>\n\n\n\n<p>Zaklju\u010dak HNS o potrebni nove teritorijalne reorganizacije BiH time je postao aktualniji nego ikad ranije, iako je pravo pitanje treba li ovakva BiH vi\u0161e uop\u0107e i postojati.<\/p>\n\n\n\n<p>Izvor: <strong>Dnevnik.ba<\/strong><\/p>\n","protected":false},"excerpt":{"rendered":"<p>Kad je bo\u0161nja\u010dka politika shvatila kako bi &#8220;preko no\u0107i&#8221; mogla izgubiti luksuz nametanja politi\u010dkih predstavnika drugim narodima, digla se kuka i motika, upu\u0107ivale prijetnje i zveckalo oru\u017ejem. Takve prijetnje nipo\u0161to ne treba shvatiti olako, posebno ako se stave u kontekst nedavnih uni\u0161tavanja simbola hrvatskog identiteta u Te\u0161nju i Vare\u0161u, napada na katoli\u010dku obitelj tako\u0111er u [&hellip;]<\/p>\n","protected":false},"author":2,"featured_media":149774,"comment_status":"closed","ping_status":"closed","sticky":false,"template":"","format":"standard","meta":{"h5ap_radio_sources":[],"footnotes":""},"categories":[1],"tags":[],"class_list":["post-165223","post","type-post","status-publish","format-standard","has-post-thumbnail","hentry","category-bihiregija"],"yoast_head":"<!-- This site is optimized with the Yoast SEO plugin v27.4 - https:\/\/yoast.com\/product\/yoast-seo-wordpress\/ -->\n<title>Schmidta je sa\u017evakala sarajevska \u010dar\u0161ija, Hrvati se moraju pripremati za najcrnji scenarij - RADIO LJUBU\u0160KI<\/title>\n<meta name=\"robots\" content=\"index, follow, max-snippet:-1, max-image-preview:large, max-video-preview:-1\" \/>\n<link rel=\"canonical\" href=\"https:\/\/radioljubuski.ba\/index.php\/2022\/08\/01\/schmidta-je-sazvakala-sarajevska-carsija-hrvati-se-moraju-pripremati-za-najcrnji-scenarij\/\" \/>\n<meta property=\"og:locale\" content=\"hr_HR\" \/>\n<meta property=\"og:type\" content=\"article\" \/>\n<meta property=\"og:title\" content=\"Schmidta je sa\u017evakala sarajevska \u010dar\u0161ija, Hrvati se moraju pripremati za najcrnji scenarij - RADIO LJUBU\u0160KI\" \/>\n<meta property=\"og:description\" content=\"Kad je bo\u0161nja\u010dka politika shvatila kako bi &#8220;preko no\u0107i&#8221; mogla izgubiti luksuz nametanja politi\u010dkih predstavnika drugim narodima, digla se kuka i motika, upu\u0107ivale prijetnje i zveckalo oru\u017ejem. Takve prijetnje nipo\u0161to ne treba shvatiti olako, posebno ako se stave u kontekst nedavnih uni\u0161tavanja simbola hrvatskog identiteta u Te\u0161nju i Vare\u0161u, napada na katoli\u010dku obitelj tako\u0111er u [&hellip;]\" \/>\n<meta property=\"og:url\" content=\"https:\/\/radioljubuski.ba\/index.php\/2022\/08\/01\/schmidta-je-sazvakala-sarajevska-carsija-hrvati-se-moraju-pripremati-za-najcrnji-scenarij\/\" \/>\n<meta property=\"og:site_name\" content=\"RADIO LJUBU\u0160KI\" \/>\n<meta property=\"article:publisher\" content=\"https:\/\/www.facebook.com\/Radiio-Ljubuski-1490835324566332\" \/>\n<meta property=\"article:published_time\" content=\"2022-08-01T08:36:48+00:00\" \/>\n<meta property=\"article:modified_time\" content=\"2022-08-01T08:36:49+00:00\" \/>\n<meta property=\"og:image\" content=\"https:\/\/radioljubuski.ba\/wp-content\/uploads\/2022\/06\/schmidt.png\" \/>\n\t<meta property=\"og:image:width\" content=\"1338\" \/>\n\t<meta property=\"og:image:height\" content=\"861\" \/>\n\t<meta property=\"og:image:type\" content=\"image\/png\" \/>\n<meta name=\"author\" content=\"Radio Ljubu\u0161ki\" \/>\n<meta name=\"twitter:card\" content=\"summary_large_image\" \/>\n<meta name=\"twitter:creator\" content=\"@radioljubuski\" \/>\n<meta name=\"twitter:site\" content=\"@radioljubuski\" \/>\n<meta name=\"twitter:label1\" content=\"Napisao\/la\" \/>\n\t<meta name=\"twitter:data1\" content=\"Radio Ljubu\u0161ki\" \/>\n\t<meta name=\"twitter:label2\" content=\"Procijenjeno vrijeme \u010ditanja\" \/>\n\t<meta name=\"twitter:data2\" content=\"4 minute\" \/>\n<script type=\"application\/ld+json\" class=\"yoast-schema-graph\">{\"@context\":\"https:\\\/\\\/schema.org\",\"@graph\":[{\"@type\":\"Article\",\"@id\":\"https:\\\/\\\/radioljubuski.ba\\\/index.php\\\/2022\\\/08\\\/01\\\/schmidta-je-sazvakala-sarajevska-carsija-hrvati-se-moraju-pripremati-za-najcrnji-scenarij\\\/#article\",\"isPartOf\":{\"@id\":\"https:\\\/\\\/radioljubuski.ba\\\/index.php\\\/2022\\\/08\\\/01\\\/schmidta-je-sazvakala-sarajevska-carsija-hrvati-se-moraju-pripremati-za-najcrnji-scenarij\\\/\"},\"author\":{\"name\":\"Radio Ljubu\u0161ki\",\"@id\":\"https:\\\/\\\/radioljubuski.ba\\\/#\\\/schema\\\/person\\\/19fc700381a780f69665d7956c469e3b\"},\"headline\":\"Schmidta je sa\u017evakala sarajevska \u010dar\u0161ija, Hrvati se moraju pripremati za najcrnji scenarij\",\"datePublished\":\"2022-08-01T08:36:48+00:00\",\"dateModified\":\"2022-08-01T08:36:49+00:00\",\"mainEntityOfPage\":{\"@id\":\"https:\\\/\\\/radioljubuski.ba\\\/index.php\\\/2022\\\/08\\\/01\\\/schmidta-je-sazvakala-sarajevska-carsija-hrvati-se-moraju-pripremati-za-najcrnji-scenarij\\\/\"},\"wordCount\":1018,\"publisher\":{\"@id\":\"https:\\\/\\\/radioljubuski.ba\\\/#organization\"},\"image\":{\"@id\":\"https:\\\/\\\/radioljubuski.ba\\\/index.php\\\/2022\\\/08\\\/01\\\/schmidta-je-sazvakala-sarajevska-carsija-hrvati-se-moraju-pripremati-za-najcrnji-scenarij\\\/#primaryimage\"},\"thumbnailUrl\":\"https:\\\/\\\/radioljubuski.ba\\\/wp-content\\\/uploads\\\/2022\\\/06\\\/schmidt.png\",\"articleSection\":[\"BIH i regija\"],\"inLanguage\":\"hr\"},{\"@type\":\"WebPage\",\"@id\":\"https:\\\/\\\/radioljubuski.ba\\\/index.php\\\/2022\\\/08\\\/01\\\/schmidta-je-sazvakala-sarajevska-carsija-hrvati-se-moraju-pripremati-za-najcrnji-scenarij\\\/\",\"url\":\"https:\\\/\\\/radioljubuski.ba\\\/index.php\\\/2022\\\/08\\\/01\\\/schmidta-je-sazvakala-sarajevska-carsija-hrvati-se-moraju-pripremati-za-najcrnji-scenarij\\\/\",\"name\":\"Schmidta je sa\u017evakala sarajevska \u010dar\u0161ija, Hrvati se moraju pripremati za najcrnji scenarij - RADIO LJUBU\u0160KI\",\"isPartOf\":{\"@id\":\"https:\\\/\\\/radioljubuski.ba\\\/#website\"},\"primaryImageOfPage\":{\"@id\":\"https:\\\/\\\/radioljubuski.ba\\\/index.php\\\/2022\\\/08\\\/01\\\/schmidta-je-sazvakala-sarajevska-carsija-hrvati-se-moraju-pripremati-za-najcrnji-scenarij\\\/#primaryimage\"},\"image\":{\"@id\":\"https:\\\/\\\/radioljubuski.ba\\\/index.php\\\/2022\\\/08\\\/01\\\/schmidta-je-sazvakala-sarajevska-carsija-hrvati-se-moraju-pripremati-za-najcrnji-scenarij\\\/#primaryimage\"},\"thumbnailUrl\":\"https:\\\/\\\/radioljubuski.ba\\\/wp-content\\\/uploads\\\/2022\\\/06\\\/schmidt.png\",\"datePublished\":\"2022-08-01T08:36:48+00:00\",\"dateModified\":\"2022-08-01T08:36:49+00:00\",\"breadcrumb\":{\"@id\":\"https:\\\/\\\/radioljubuski.ba\\\/index.php\\\/2022\\\/08\\\/01\\\/schmidta-je-sazvakala-sarajevska-carsija-hrvati-se-moraju-pripremati-za-najcrnji-scenarij\\\/#breadcrumb\"},\"inLanguage\":\"hr\",\"potentialAction\":[{\"@type\":\"ReadAction\",\"target\":[\"https:\\\/\\\/radioljubuski.ba\\\/index.php\\\/2022\\\/08\\\/01\\\/schmidta-je-sazvakala-sarajevska-carsija-hrvati-se-moraju-pripremati-za-najcrnji-scenarij\\\/\"]}]},{\"@type\":\"ImageObject\",\"inLanguage\":\"hr\",\"@id\":\"https:\\\/\\\/radioljubuski.ba\\\/index.php\\\/2022\\\/08\\\/01\\\/schmidta-je-sazvakala-sarajevska-carsija-hrvati-se-moraju-pripremati-za-najcrnji-scenarij\\\/#primaryimage\",\"url\":\"https:\\\/\\\/radioljubuski.ba\\\/wp-content\\\/uploads\\\/2022\\\/06\\\/schmidt.png\",\"contentUrl\":\"https:\\\/\\\/radioljubuski.ba\\\/wp-content\\\/uploads\\\/2022\\\/06\\\/schmidt.png\",\"width\":1338,\"height\":861},{\"@type\":\"BreadcrumbList\",\"@id\":\"https:\\\/\\\/radioljubuski.ba\\\/index.php\\\/2022\\\/08\\\/01\\\/schmidta-je-sazvakala-sarajevska-carsija-hrvati-se-moraju-pripremati-za-najcrnji-scenarij\\\/#breadcrumb\",\"itemListElement\":[{\"@type\":\"ListItem\",\"position\":1,\"name\":\"Po\u010detna stranica\",\"item\":\"https:\\\/\\\/radioljubuski.ba\\\/\"},{\"@type\":\"ListItem\",\"position\":2,\"name\":\"Schmidta je sa\u017evakala sarajevska \u010dar\u0161ija, Hrvati se moraju pripremati za najcrnji scenarij\"}]},{\"@type\":\"WebSite\",\"@id\":\"https:\\\/\\\/radioljubuski.ba\\\/#website\",\"url\":\"https:\\\/\\\/radioljubuski.ba\\\/\",\"name\":\"Radio Ljubu\u0161ki\",\"description\":\"Sun\u010dana frekvencija Hercegovine\",\"publisher\":{\"@id\":\"https:\\\/\\\/radioljubuski.ba\\\/#organization\"},\"potentialAction\":[{\"@type\":\"SearchAction\",\"target\":{\"@type\":\"EntryPoint\",\"urlTemplate\":\"https:\\\/\\\/radioljubuski.ba\\\/?s={search_term_string}\"},\"query-input\":{\"@type\":\"PropertyValueSpecification\",\"valueRequired\":true,\"valueName\":\"search_term_string\"}}],\"inLanguage\":\"hr\"},{\"@type\":\"Organization\",\"@id\":\"https:\\\/\\\/radioljubuski.ba\\\/#organization\",\"name\":\"Radio Ljubu\u0161ki\",\"url\":\"https:\\\/\\\/radioljubuski.ba\\\/\",\"logo\":{\"@type\":\"ImageObject\",\"inLanguage\":\"hr\",\"@id\":\"https:\\\/\\\/radioljubuski.ba\\\/#\\\/schema\\\/logo\\\/image\\\/\",\"url\":\"https:\\\/\\\/radioljubuski.ba\\\/wp-content\\\/uploads\\\/2021\\\/02\\\/cropped-Radio_Ljubuski_logo1.jpg\",\"contentUrl\":\"https:\\\/\\\/radioljubuski.ba\\\/wp-content\\\/uploads\\\/2021\\\/02\\\/cropped-Radio_Ljubuski_logo1.jpg\",\"width\":512,\"height\":512,\"caption\":\"Radio Ljubu\u0161ki\"},\"image\":{\"@id\":\"https:\\\/\\\/radioljubuski.ba\\\/#\\\/schema\\\/logo\\\/image\\\/\"},\"sameAs\":[\"https:\\\/\\\/www.facebook.com\\\/Radiio-Ljubuski-1490835324566332\",\"https:\\\/\\\/x.com\\\/radioljubuski\",\"https:\\\/\\\/hr.linkedin.com\\\/company\\\/radio-ljubuski\",\"https:\\\/\\\/www.youtube.com\\\/channel\\\/UCHYaeO_n0Db3tjNGudGpXyw\"]},{\"@type\":\"Person\",\"@id\":\"https:\\\/\\\/radioljubuski.ba\\\/#\\\/schema\\\/person\\\/19fc700381a780f69665d7956c469e3b\",\"name\":\"Radio Ljubu\u0161ki\"}]}<\/script>\n<!-- \/ Yoast SEO plugin. -->","yoast_head_json":{"title":"Schmidta je sa\u017evakala sarajevska \u010dar\u0161ija, Hrvati se moraju pripremati za najcrnji scenarij - RADIO LJUBU\u0160KI","robots":{"index":"index","follow":"follow","max-snippet":"max-snippet:-1","max-image-preview":"max-image-preview:large","max-video-preview":"max-video-preview:-1"},"canonical":"https:\/\/radioljubuski.ba\/index.php\/2022\/08\/01\/schmidta-je-sazvakala-sarajevska-carsija-hrvati-se-moraju-pripremati-za-najcrnji-scenarij\/","og_locale":"hr_HR","og_type":"article","og_title":"Schmidta je sa\u017evakala sarajevska \u010dar\u0161ija, Hrvati se moraju pripremati za najcrnji scenarij - RADIO LJUBU\u0160KI","og_description":"Kad je bo\u0161nja\u010dka politika shvatila kako bi &#8220;preko no\u0107i&#8221; mogla izgubiti luksuz nametanja politi\u010dkih predstavnika drugim narodima, digla se kuka i motika, upu\u0107ivale prijetnje i zveckalo oru\u017ejem. Takve prijetnje nipo\u0161to ne treba shvatiti olako, posebno ako se stave u kontekst nedavnih uni\u0161tavanja simbola hrvatskog identiteta u Te\u0161nju i Vare\u0161u, napada na katoli\u010dku obitelj tako\u0111er u [&hellip;]","og_url":"https:\/\/radioljubuski.ba\/index.php\/2022\/08\/01\/schmidta-je-sazvakala-sarajevska-carsija-hrvati-se-moraju-pripremati-za-najcrnji-scenarij\/","og_site_name":"RADIO LJUBU\u0160KI","article_publisher":"https:\/\/www.facebook.com\/Radiio-Ljubuski-1490835324566332","article_published_time":"2022-08-01T08:36:48+00:00","article_modified_time":"2022-08-01T08:36:49+00:00","og_image":[{"width":1338,"height":861,"url":"https:\/\/radioljubuski.ba\/wp-content\/uploads\/2022\/06\/schmidt.png","type":"image\/png"}],"author":"Radio Ljubu\u0161ki","twitter_card":"summary_large_image","twitter_creator":"@radioljubuski","twitter_site":"@radioljubuski","twitter_misc":{"Napisao\/la":"Radio Ljubu\u0161ki","Procijenjeno vrijeme \u010ditanja":"4 minute"},"schema":{"@context":"https:\/\/schema.org","@graph":[{"@type":"Article","@id":"https:\/\/radioljubuski.ba\/index.php\/2022\/08\/01\/schmidta-je-sazvakala-sarajevska-carsija-hrvati-se-moraju-pripremati-za-najcrnji-scenarij\/#article","isPartOf":{"@id":"https:\/\/radioljubuski.ba\/index.php\/2022\/08\/01\/schmidta-je-sazvakala-sarajevska-carsija-hrvati-se-moraju-pripremati-za-najcrnji-scenarij\/"},"author":{"name":"Radio Ljubu\u0161ki","@id":"https:\/\/radioljubuski.ba\/#\/schema\/person\/19fc700381a780f69665d7956c469e3b"},"headline":"Schmidta je sa\u017evakala sarajevska \u010dar\u0161ija, Hrvati se moraju pripremati za najcrnji scenarij","datePublished":"2022-08-01T08:36:48+00:00","dateModified":"2022-08-01T08:36:49+00:00","mainEntityOfPage":{"@id":"https:\/\/radioljubuski.ba\/index.php\/2022\/08\/01\/schmidta-je-sazvakala-sarajevska-carsija-hrvati-se-moraju-pripremati-za-najcrnji-scenarij\/"},"wordCount":1018,"publisher":{"@id":"https:\/\/radioljubuski.ba\/#organization"},"image":{"@id":"https:\/\/radioljubuski.ba\/index.php\/2022\/08\/01\/schmidta-je-sazvakala-sarajevska-carsija-hrvati-se-moraju-pripremati-za-najcrnji-scenarij\/#primaryimage"},"thumbnailUrl":"https:\/\/radioljubuski.ba\/wp-content\/uploads\/2022\/06\/schmidt.png","articleSection":["BIH i regija"],"inLanguage":"hr"},{"@type":"WebPage","@id":"https:\/\/radioljubuski.ba\/index.php\/2022\/08\/01\/schmidta-je-sazvakala-sarajevska-carsija-hrvati-se-moraju-pripremati-za-najcrnji-scenarij\/","url":"https:\/\/radioljubuski.ba\/index.php\/2022\/08\/01\/schmidta-je-sazvakala-sarajevska-carsija-hrvati-se-moraju-pripremati-za-najcrnji-scenarij\/","name":"Schmidta je sa\u017evakala sarajevska \u010dar\u0161ija, Hrvati se moraju pripremati za najcrnji scenarij - RADIO LJUBU\u0160KI","isPartOf":{"@id":"https:\/\/radioljubuski.ba\/#website"},"primaryImageOfPage":{"@id":"https:\/\/radioljubuski.ba\/index.php\/2022\/08\/01\/schmidta-je-sazvakala-sarajevska-carsija-hrvati-se-moraju-pripremati-za-najcrnji-scenarij\/#primaryimage"},"image":{"@id":"https:\/\/radioljubuski.ba\/index.php\/2022\/08\/01\/schmidta-je-sazvakala-sarajevska-carsija-hrvati-se-moraju-pripremati-za-najcrnji-scenarij\/#primaryimage"},"thumbnailUrl":"https:\/\/radioljubuski.ba\/wp-content\/uploads\/2022\/06\/schmidt.png","datePublished":"2022-08-01T08:36:48+00:00","dateModified":"2022-08-01T08:36:49+00:00","breadcrumb":{"@id":"https:\/\/radioljubuski.ba\/index.php\/2022\/08\/01\/schmidta-je-sazvakala-sarajevska-carsija-hrvati-se-moraju-pripremati-za-najcrnji-scenarij\/#breadcrumb"},"inLanguage":"hr","potentialAction":[{"@type":"ReadAction","target":["https:\/\/radioljubuski.ba\/index.php\/2022\/08\/01\/schmidta-je-sazvakala-sarajevska-carsija-hrvati-se-moraju-pripremati-za-najcrnji-scenarij\/"]}]},{"@type":"ImageObject","inLanguage":"hr","@id":"https:\/\/radioljubuski.ba\/index.php\/2022\/08\/01\/schmidta-je-sazvakala-sarajevska-carsija-hrvati-se-moraju-pripremati-za-najcrnji-scenarij\/#primaryimage","url":"https:\/\/radioljubuski.ba\/wp-content\/uploads\/2022\/06\/schmidt.png","contentUrl":"https:\/\/radioljubuski.ba\/wp-content\/uploads\/2022\/06\/schmidt.png","width":1338,"height":861},{"@type":"BreadcrumbList","@id":"https:\/\/radioljubuski.ba\/index.php\/2022\/08\/01\/schmidta-je-sazvakala-sarajevska-carsija-hrvati-se-moraju-pripremati-za-najcrnji-scenarij\/#breadcrumb","itemListElement":[{"@type":"ListItem","position":1,"name":"Po\u010detna stranica","item":"https:\/\/radioljubuski.ba\/"},{"@type":"ListItem","position":2,"name":"Schmidta je sa\u017evakala sarajevska \u010dar\u0161ija, Hrvati se moraju pripremati za najcrnji scenarij"}]},{"@type":"WebSite","@id":"https:\/\/radioljubuski.ba\/#website","url":"https:\/\/radioljubuski.ba\/","name":"Radio Ljubu\u0161ki","description":"Sun\u010dana frekvencija Hercegovine","publisher":{"@id":"https:\/\/radioljubuski.ba\/#organization"},"potentialAction":[{"@type":"SearchAction","target":{"@type":"EntryPoint","urlTemplate":"https:\/\/radioljubuski.ba\/?s={search_term_string}"},"query-input":{"@type":"PropertyValueSpecification","valueRequired":true,"valueName":"search_term_string"}}],"inLanguage":"hr"},{"@type":"Organization","@id":"https:\/\/radioljubuski.ba\/#organization","name":"Radio Ljubu\u0161ki","url":"https:\/\/radioljubuski.ba\/","logo":{"@type":"ImageObject","inLanguage":"hr","@id":"https:\/\/radioljubuski.ba\/#\/schema\/logo\/image\/","url":"https:\/\/radioljubuski.ba\/wp-content\/uploads\/2021\/02\/cropped-Radio_Ljubuski_logo1.jpg","contentUrl":"https:\/\/radioljubuski.ba\/wp-content\/uploads\/2021\/02\/cropped-Radio_Ljubuski_logo1.jpg","width":512,"height":512,"caption":"Radio Ljubu\u0161ki"},"image":{"@id":"https:\/\/radioljubuski.ba\/#\/schema\/logo\/image\/"},"sameAs":["https:\/\/www.facebook.com\/Radiio-Ljubuski-1490835324566332","https:\/\/x.com\/radioljubuski","https:\/\/hr.linkedin.com\/company\/radio-ljubuski","https:\/\/www.youtube.com\/channel\/UCHYaeO_n0Db3tjNGudGpXyw"]},{"@type":"Person","@id":"https:\/\/radioljubuski.ba\/#\/schema\/person\/19fc700381a780f69665d7956c469e3b","name":"Radio Ljubu\u0161ki"}]}},"_links":{"self":[{"href":"https:\/\/radioljubuski.ba\/index.php\/wp-json\/wp\/v2\/posts\/165223","targetHints":{"allow":["GET"]}}],"collection":[{"href":"https:\/\/radioljubuski.ba\/index.php\/wp-json\/wp\/v2\/posts"}],"about":[{"href":"https:\/\/radioljubuski.ba\/index.php\/wp-json\/wp\/v2\/types\/post"}],"author":[{"embeddable":true,"href":"https:\/\/radioljubuski.ba\/index.php\/wp-json\/wp\/v2\/users\/2"}],"replies":[{"embeddable":true,"href":"https:\/\/radioljubuski.ba\/index.php\/wp-json\/wp\/v2\/comments?post=165223"}],"version-history":[{"count":1,"href":"https:\/\/radioljubuski.ba\/index.php\/wp-json\/wp\/v2\/posts\/165223\/revisions"}],"predecessor-version":[{"id":165224,"href":"https:\/\/radioljubuski.ba\/index.php\/wp-json\/wp\/v2\/posts\/165223\/revisions\/165224"}],"wp:featuredmedia":[{"embeddable":true,"href":"https:\/\/radioljubuski.ba\/index.php\/wp-json\/wp\/v2\/media\/149774"}],"wp:attachment":[{"href":"https:\/\/radioljubuski.ba\/index.php\/wp-json\/wp\/v2\/media?parent=165223"}],"wp:term":[{"taxonomy":"category","embeddable":true,"href":"https:\/\/radioljubuski.ba\/index.php\/wp-json\/wp\/v2\/categories?post=165223"},{"taxonomy":"post_tag","embeddable":true,"href":"https:\/\/radioljubuski.ba\/index.php\/wp-json\/wp\/v2\/tags?post=165223"}],"curies":[{"name":"wp","href":"https:\/\/api.w.org\/{rel}","templated":true}]}}