{"id":16525,"date":"2021-04-26T18:26:30","date_gmt":"2021-04-26T17:26:30","guid":{"rendered":"https:\/\/radioljubuski.ba\/?p=16525"},"modified":"2021-04-26T18:26:31","modified_gmt":"2021-04-26T17:26:31","slug":"aladrovic-o-slucaju-iz-nove-gradiske-stojimo-iza-nalaza-upravnog-nadzora","status":"publish","type":"post","link":"https:\/\/radioljubuski.ba\/index.php\/2021\/04\/26\/aladrovic-o-slucaju-iz-nove-gradiske-stojimo-iza-nalaza-upravnog-nadzora\/","title":{"rendered":"Aladrovi\u0107 o slu\u010daju iz Nove Gradi\u0161ke: Stojimo iza nalaza Upravnog nadzora"},"content":{"rendered":"\n<p><strong>Ministar socijalne politike&nbsp;Josip Aladrovi\u0107&nbsp;poru\u010dio je ponedjeljak kako stoji iza Upravnog nadzora Ministarstva koji je utvrdio propust stru\u010dnih radnika koji su vodili predmet obitelji preminule dvoipolgodi\u0161nje djevoj\u010dice iz Nove Gradi\u0161ke, a vezano za suprotne nalaze struke.<\/strong><\/p>\n\n\n\n<p>Hrvatska komora socijalnih radnika i Hrvatska psiholo\u0161ka komora utvrdile su u zasebnim stru\u010dnim nadzorima kako su i socijalne radnice i psihologinje zadu\u017eene za tu obitelj radile po standardima, a Ministarstvo je u petak poru\u010dilo kako \u0107e prou\u010diti njihove nalaze i sve proslijediti \u017dupanijskom dr\u017eavnom odvjetni\u0161tvu u Slavonskom Brodu.&nbsp;<\/p>\n\n\n\n<p>&#8211; Mi kao Ministarstvo stojimo iza nalaza Upravnog nadzora. Nadzor je utvrdio odre\u0111ene pogre\u0161ke u postupanju i rezultat nadzora je dostavljen \u017dupanijskom dr\u017eavnom odvjetni\u0161tvu, a bit \u0107e dostavljeni i rezultati stru\u010dnog nadzora. Tko je pogrije\u0161io, Komora ili Ministarstvo, ne mogu niti \u017eelim komentirati, rekao je ministar Aladrovi\u0107 na predstavljanju Akcijskog plana unaprje\u0111enja sustava socijalne skrbi.<\/p>\n\n\n\n<p>Dodao je kako je Ministarstvo isti dan poslalo nadzor i sastavilo izvje\u0161taj \u0161to je, naveo je, pokazatelj efikasnosti rada javne uprave i nije brzopleto dono\u0161enje odluke. Kao jedan od razloga za\u0161to je Komori socijalnih radnika trebalo du\u017ee naveo je da je socijalna radnica iz predmeta bila COVID-pozitivna.&nbsp;<\/p>\n\n\n\n<p>Tako\u0111er, rekao je kako smatraju da su nedostaci koje je Upravni nadzor utvrdio bili dovoljni za smjenu ravnatelja Centra za socijalnu skrb, da Ministarstvo ne \u017eeli utjecati na stru\u010dni nalaz Komore, ali i da ne postoji neko tre\u0107e tijelo koje bi utvr\u0111ivalo daljnje postupke.<\/p>\n\n\n\n<p>&#8211; Na koji na\u010din pomiriti ta dva nalaza i sukobe, trenutno takva zakonska mogu\u0107nost ne postoji, rekao je i dodao da je ono \u0161to mogu &#8211; poslati sve nadzore i nalaze \u017dupanijskom dr\u017eavnom odvjetni\u0161tvu i nakon toga vidjeti postoje li elementi nekih drugih vrsta odgovornosti.<\/p>\n\n\n\n<p><strong>Izmjene Obiteljskog zakona nisu u planu za ovu godinu<\/strong><\/p>\n\n\n\n<p>\u0160to se ti\u010de izmjena Obiteljskog zakona u segmentu izuzimanja djece iz obitelji i li\u0161enja prava na roditeljsku skrb, rekao je kako je to kompleksan zakonski prijedlog koji nije u planu samih zakonodavnih aktivnosti Vlade za ovu godinu, odnosno trenutno nije na listi prioriteta, ali &#8220;nisu neskloni tome da u sljede\u0107em periodu razgovaraju i o Obiteljskom zakonu&#8221; jer postoji prostor za pobolj\u0161anjem.<\/p>\n\n\n\n<p>Ravnateljica Uprave za obitelj i socijalnu politiku&nbsp;<strong>Marija Barili\u0107&nbsp;<\/strong>podsjetila je da je Upravni nadzor Ministarstva utvrdio kako djevoj\u010dica nije trebala biti vra\u0107ena u biolo\u0161ku obitelj uzimaju\u0107i u obzir da je dijete u vrlo ranoj dobi oti\u0161lo kod udomitelja i u udomiteljskoj obitelji bilo smje\u0161teno vi\u0161e od godinu i pol.<\/p>\n\n\n\n<p>&#8211; To su sve faktori koji su jako bitni za povratak djeteta u primarnu obitelj. Tako\u0111er, odre\u0111eni rizici kod roditelja su i dalje postojali. Iako su postajala pobolj\u0161anja \u0161to se ti\u010de roditelja, i dalje su postojali rizici, ustvrdila je.<\/p>\n\n\n\n<p>Upitana tko je donio kona\u010dnu odluku da se dijete vrati u biolo\u0161ku obitelj te ako su postojali rizici kod roditelja, za\u0161to je kod njih ostalo drugo dvoje djece, Barili\u0107 je odgovorila da Ministarstvo i Komora imaju odre\u0111ene nadle\u017enosti, a \u0161to se ti\u010de pojedina\u010dne odgovornosti &#8211; \u017dDO \u0107e procjenjivati postoji li elemenata za pokretanje kaznenog postupka.<\/p>\n\n\n\n<p>Zamoljena da pojasni navode Komore socijalnih radnika da odluka o ostanku djeteta u udomiteljskoj obitelji &#8220;ne bi pro\u0161la na sudu&#8221; jer su se uvjeti u biolo\u0161koj obitelji popravili i da je dijete moralo biti vra\u0107eno, ustvrdila je da je prema va\u017ee\u0107im propisima postojala mogu\u0107nost da dijete ostane u udomiteljskoj obitelji.<\/p>\n\n\n\n<p>Na pitanje gdje su sada socijalne radnice koje su radile na tom slu\u010daju, odgovorila je da ih je, prema informacijama koje imaju, v.d. ravnateljica Centra za socijalnu skrb u Novoj Gradi\u0161ki, raspodijelila na druge odjele.<\/p>\n\n\n\n<p>Izvor:hrt.hr<\/p>\n","protected":false},"excerpt":{"rendered":"<p>Ministar socijalne politike&nbsp;Josip Aladrovi\u0107&nbsp;poru\u010dio je ponedjeljak kako stoji iza Upravnog nadzora Ministarstva koji je utvrdio propust stru\u010dnih radnika koji su vodili predmet obitelji preminule dvoipolgodi\u0161nje djevoj\u010dice iz Nove Gradi\u0161ke, a vezano za suprotne nalaze struke. Hrvatska komora socijalnih radnika i Hrvatska psiholo\u0161ka komora utvrdile su u zasebnim stru\u010dnim nadzorima kako su i socijalne radnice i [&hellip;]<\/p>\n","protected":false},"author":2,"featured_media":16526,"comment_status":"closed","ping_status":"closed","sticky":false,"template":"","format":"standard","meta":{"h5ap_radio_sources":[],"footnotes":""},"categories":[1],"tags":[],"class_list":["post-16525","post","type-post","status-publish","format-standard","has-post-thumbnail","hentry","category-bihiregija"],"yoast_head":"<!-- This site is optimized with the Yoast SEO plugin v27.4 - https:\/\/yoast.com\/product\/yoast-seo-wordpress\/ -->\n<title>Aladrovi\u0107 o slu\u010daju iz Nove Gradi\u0161ke: Stojimo iza nalaza Upravnog nadzora - RADIO LJUBU\u0160KI<\/title>\n<meta name=\"robots\" content=\"index, follow, max-snippet:-1, max-image-preview:large, max-video-preview:-1\" \/>\n<link rel=\"canonical\" href=\"https:\/\/radioljubuski.ba\/index.php\/2021\/04\/26\/aladrovic-o-slucaju-iz-nove-gradiske-stojimo-iza-nalaza-upravnog-nadzora\/\" \/>\n<meta property=\"og:locale\" content=\"hr_HR\" \/>\n<meta property=\"og:type\" content=\"article\" \/>\n<meta property=\"og:title\" content=\"Aladrovi\u0107 o slu\u010daju iz Nove Gradi\u0161ke: Stojimo iza nalaza Upravnog nadzora - RADIO LJUBU\u0160KI\" \/>\n<meta property=\"og:description\" content=\"Ministar socijalne politike&nbsp;Josip Aladrovi\u0107&nbsp;poru\u010dio je ponedjeljak kako stoji iza Upravnog nadzora Ministarstva koji je utvrdio propust stru\u010dnih radnika koji su vodili predmet obitelji preminule dvoipolgodi\u0161nje djevoj\u010dice iz Nove Gradi\u0161ke, a vezano za suprotne nalaze struke. Hrvatska komora socijalnih radnika i Hrvatska psiholo\u0161ka komora utvrdile su u zasebnim stru\u010dnim nadzorima kako su i socijalne radnice i [&hellip;]\" \/>\n<meta property=\"og:url\" content=\"https:\/\/radioljubuski.ba\/index.php\/2021\/04\/26\/aladrovic-o-slucaju-iz-nove-gradiske-stojimo-iza-nalaza-upravnog-nadzora\/\" \/>\n<meta property=\"og:site_name\" content=\"RADIO LJUBU\u0160KI\" \/>\n<meta property=\"article:publisher\" content=\"https:\/\/www.facebook.com\/Radiio-Ljubuski-1490835324566332\" \/>\n<meta property=\"article:published_time\" content=\"2021-04-26T17:26:30+00:00\" \/>\n<meta property=\"article:modified_time\" content=\"2021-04-26T17:26:31+00:00\" \/>\n<meta property=\"og:image\" content=\"https:\/\/radioljubuski.ba\/wp-content\/uploads\/2021\/04\/aladrovic26421www1-20210426094009-1024x667.png\" \/>\n\t<meta property=\"og:image:width\" content=\"1024\" \/>\n\t<meta property=\"og:image:height\" content=\"667\" \/>\n\t<meta property=\"og:image:type\" content=\"image\/png\" \/>\n<meta name=\"author\" content=\"Radio Ljubu\u0161ki\" \/>\n<meta name=\"twitter:card\" content=\"summary_large_image\" \/>\n<meta name=\"twitter:creator\" content=\"@radioljubuski\" \/>\n<meta name=\"twitter:site\" content=\"@radioljubuski\" \/>\n<meta name=\"twitter:label1\" content=\"Napisao\/la\" \/>\n\t<meta name=\"twitter:data1\" content=\"Radio Ljubu\u0161ki\" \/>\n\t<meta name=\"twitter:label2\" content=\"Procijenjeno vrijeme \u010ditanja\" \/>\n\t<meta name=\"twitter:data2\" content=\"3 minute\" \/>\n<script type=\"application\/ld+json\" class=\"yoast-schema-graph\">{\"@context\":\"https:\\\/\\\/schema.org\",\"@graph\":[{\"@type\":\"Article\",\"@id\":\"https:\\\/\\\/radioljubuski.ba\\\/index.php\\\/2021\\\/04\\\/26\\\/aladrovic-o-slucaju-iz-nove-gradiske-stojimo-iza-nalaza-upravnog-nadzora\\\/#article\",\"isPartOf\":{\"@id\":\"https:\\\/\\\/radioljubuski.ba\\\/index.php\\\/2021\\\/04\\\/26\\\/aladrovic-o-slucaju-iz-nove-gradiske-stojimo-iza-nalaza-upravnog-nadzora\\\/\"},\"author\":{\"name\":\"Radio Ljubu\u0161ki\",\"@id\":\"https:\\\/\\\/radioljubuski.ba\\\/#\\\/schema\\\/person\\\/19fc700381a780f69665d7956c469e3b\"},\"headline\":\"Aladrovi\u0107 o slu\u010daju iz Nove Gradi\u0161ke: Stojimo iza nalaza Upravnog nadzora\",\"datePublished\":\"2021-04-26T17:26:30+00:00\",\"dateModified\":\"2021-04-26T17:26:31+00:00\",\"mainEntityOfPage\":{\"@id\":\"https:\\\/\\\/radioljubuski.ba\\\/index.php\\\/2021\\\/04\\\/26\\\/aladrovic-o-slucaju-iz-nove-gradiske-stojimo-iza-nalaza-upravnog-nadzora\\\/\"},\"wordCount\":659,\"publisher\":{\"@id\":\"https:\\\/\\\/radioljubuski.ba\\\/#organization\"},\"image\":{\"@id\":\"https:\\\/\\\/radioljubuski.ba\\\/index.php\\\/2021\\\/04\\\/26\\\/aladrovic-o-slucaju-iz-nove-gradiske-stojimo-iza-nalaza-upravnog-nadzora\\\/#primaryimage\"},\"thumbnailUrl\":\"https:\\\/\\\/radioljubuski.ba\\\/wp-content\\\/uploads\\\/2021\\\/04\\\/aladrovic26421www1-20210426094009.png\",\"articleSection\":[\"BIH i regija\"],\"inLanguage\":\"hr\"},{\"@type\":\"WebPage\",\"@id\":\"https:\\\/\\\/radioljubuski.ba\\\/index.php\\\/2021\\\/04\\\/26\\\/aladrovic-o-slucaju-iz-nove-gradiske-stojimo-iza-nalaza-upravnog-nadzora\\\/\",\"url\":\"https:\\\/\\\/radioljubuski.ba\\\/index.php\\\/2021\\\/04\\\/26\\\/aladrovic-o-slucaju-iz-nove-gradiske-stojimo-iza-nalaza-upravnog-nadzora\\\/\",\"name\":\"Aladrovi\u0107 o slu\u010daju iz Nove Gradi\u0161ke: Stojimo iza nalaza Upravnog nadzora - RADIO LJUBU\u0160KI\",\"isPartOf\":{\"@id\":\"https:\\\/\\\/radioljubuski.ba\\\/#website\"},\"primaryImageOfPage\":{\"@id\":\"https:\\\/\\\/radioljubuski.ba\\\/index.php\\\/2021\\\/04\\\/26\\\/aladrovic-o-slucaju-iz-nove-gradiske-stojimo-iza-nalaza-upravnog-nadzora\\\/#primaryimage\"},\"image\":{\"@id\":\"https:\\\/\\\/radioljubuski.ba\\\/index.php\\\/2021\\\/04\\\/26\\\/aladrovic-o-slucaju-iz-nove-gradiske-stojimo-iza-nalaza-upravnog-nadzora\\\/#primaryimage\"},\"thumbnailUrl\":\"https:\\\/\\\/radioljubuski.ba\\\/wp-content\\\/uploads\\\/2021\\\/04\\\/aladrovic26421www1-20210426094009.png\",\"datePublished\":\"2021-04-26T17:26:30+00:00\",\"dateModified\":\"2021-04-26T17:26:31+00:00\",\"breadcrumb\":{\"@id\":\"https:\\\/\\\/radioljubuski.ba\\\/index.php\\\/2021\\\/04\\\/26\\\/aladrovic-o-slucaju-iz-nove-gradiske-stojimo-iza-nalaza-upravnog-nadzora\\\/#breadcrumb\"},\"inLanguage\":\"hr\",\"potentialAction\":[{\"@type\":\"ReadAction\",\"target\":[\"https:\\\/\\\/radioljubuski.ba\\\/index.php\\\/2021\\\/04\\\/26\\\/aladrovic-o-slucaju-iz-nove-gradiske-stojimo-iza-nalaza-upravnog-nadzora\\\/\"]}]},{\"@type\":\"ImageObject\",\"inLanguage\":\"hr\",\"@id\":\"https:\\\/\\\/radioljubuski.ba\\\/index.php\\\/2021\\\/04\\\/26\\\/aladrovic-o-slucaju-iz-nove-gradiske-stojimo-iza-nalaza-upravnog-nadzora\\\/#primaryimage\",\"url\":\"https:\\\/\\\/radioljubuski.ba\\\/wp-content\\\/uploads\\\/2021\\\/04\\\/aladrovic26421www1-20210426094009.png\",\"contentUrl\":\"https:\\\/\\\/radioljubuski.ba\\\/wp-content\\\/uploads\\\/2021\\\/04\\\/aladrovic26421www1-20210426094009.png\",\"width\":1287,\"height\":838},{\"@type\":\"BreadcrumbList\",\"@id\":\"https:\\\/\\\/radioljubuski.ba\\\/index.php\\\/2021\\\/04\\\/26\\\/aladrovic-o-slucaju-iz-nove-gradiske-stojimo-iza-nalaza-upravnog-nadzora\\\/#breadcrumb\",\"itemListElement\":[{\"@type\":\"ListItem\",\"position\":1,\"name\":\"Po\u010detna stranica\",\"item\":\"https:\\\/\\\/radioljubuski.ba\\\/\"},{\"@type\":\"ListItem\",\"position\":2,\"name\":\"Aladrovi\u0107 o slu\u010daju iz Nove Gradi\u0161ke: Stojimo iza nalaza Upravnog nadzora\"}]},{\"@type\":\"WebSite\",\"@id\":\"https:\\\/\\\/radioljubuski.ba\\\/#website\",\"url\":\"https:\\\/\\\/radioljubuski.ba\\\/\",\"name\":\"Radio Ljubu\u0161ki\",\"description\":\"Sun\u010dana frekvencija Hercegovine\",\"publisher\":{\"@id\":\"https:\\\/\\\/radioljubuski.ba\\\/#organization\"},\"potentialAction\":[{\"@type\":\"SearchAction\",\"target\":{\"@type\":\"EntryPoint\",\"urlTemplate\":\"https:\\\/\\\/radioljubuski.ba\\\/?s={search_term_string}\"},\"query-input\":{\"@type\":\"PropertyValueSpecification\",\"valueRequired\":true,\"valueName\":\"search_term_string\"}}],\"inLanguage\":\"hr\"},{\"@type\":\"Organization\",\"@id\":\"https:\\\/\\\/radioljubuski.ba\\\/#organization\",\"name\":\"Radio Ljubu\u0161ki\",\"url\":\"https:\\\/\\\/radioljubuski.ba\\\/\",\"logo\":{\"@type\":\"ImageObject\",\"inLanguage\":\"hr\",\"@id\":\"https:\\\/\\\/radioljubuski.ba\\\/#\\\/schema\\\/logo\\\/image\\\/\",\"url\":\"https:\\\/\\\/radioljubuski.ba\\\/wp-content\\\/uploads\\\/2021\\\/02\\\/cropped-Radio_Ljubuski_logo1.jpg\",\"contentUrl\":\"https:\\\/\\\/radioljubuski.ba\\\/wp-content\\\/uploads\\\/2021\\\/02\\\/cropped-Radio_Ljubuski_logo1.jpg\",\"width\":512,\"height\":512,\"caption\":\"Radio Ljubu\u0161ki\"},\"image\":{\"@id\":\"https:\\\/\\\/radioljubuski.ba\\\/#\\\/schema\\\/logo\\\/image\\\/\"},\"sameAs\":[\"https:\\\/\\\/www.facebook.com\\\/Radiio-Ljubuski-1490835324566332\",\"https:\\\/\\\/x.com\\\/radioljubuski\",\"https:\\\/\\\/hr.linkedin.com\\\/company\\\/radio-ljubuski\",\"https:\\\/\\\/www.youtube.com\\\/channel\\\/UCHYaeO_n0Db3tjNGudGpXyw\"]},{\"@type\":\"Person\",\"@id\":\"https:\\\/\\\/radioljubuski.ba\\\/#\\\/schema\\\/person\\\/19fc700381a780f69665d7956c469e3b\",\"name\":\"Radio Ljubu\u0161ki\"}]}<\/script>\n<!-- \/ Yoast SEO plugin. -->","yoast_head_json":{"title":"Aladrovi\u0107 o slu\u010daju iz Nove Gradi\u0161ke: Stojimo iza nalaza Upravnog nadzora - RADIO LJUBU\u0160KI","robots":{"index":"index","follow":"follow","max-snippet":"max-snippet:-1","max-image-preview":"max-image-preview:large","max-video-preview":"max-video-preview:-1"},"canonical":"https:\/\/radioljubuski.ba\/index.php\/2021\/04\/26\/aladrovic-o-slucaju-iz-nove-gradiske-stojimo-iza-nalaza-upravnog-nadzora\/","og_locale":"hr_HR","og_type":"article","og_title":"Aladrovi\u0107 o slu\u010daju iz Nove Gradi\u0161ke: Stojimo iza nalaza Upravnog nadzora - RADIO LJUBU\u0160KI","og_description":"Ministar socijalne politike&nbsp;Josip Aladrovi\u0107&nbsp;poru\u010dio je ponedjeljak kako stoji iza Upravnog nadzora Ministarstva koji je utvrdio propust stru\u010dnih radnika koji su vodili predmet obitelji preminule dvoipolgodi\u0161nje djevoj\u010dice iz Nove Gradi\u0161ke, a vezano za suprotne nalaze struke. Hrvatska komora socijalnih radnika i Hrvatska psiholo\u0161ka komora utvrdile su u zasebnim stru\u010dnim nadzorima kako su i socijalne radnice i [&hellip;]","og_url":"https:\/\/radioljubuski.ba\/index.php\/2021\/04\/26\/aladrovic-o-slucaju-iz-nove-gradiske-stojimo-iza-nalaza-upravnog-nadzora\/","og_site_name":"RADIO LJUBU\u0160KI","article_publisher":"https:\/\/www.facebook.com\/Radiio-Ljubuski-1490835324566332","article_published_time":"2021-04-26T17:26:30+00:00","article_modified_time":"2021-04-26T17:26:31+00:00","og_image":[{"width":1024,"height":667,"url":"https:\/\/radioljubuski.ba\/wp-content\/uploads\/2021\/04\/aladrovic26421www1-20210426094009-1024x667.png","type":"image\/png"}],"author":"Radio Ljubu\u0161ki","twitter_card":"summary_large_image","twitter_creator":"@radioljubuski","twitter_site":"@radioljubuski","twitter_misc":{"Napisao\/la":"Radio Ljubu\u0161ki","Procijenjeno vrijeme \u010ditanja":"3 minute"},"schema":{"@context":"https:\/\/schema.org","@graph":[{"@type":"Article","@id":"https:\/\/radioljubuski.ba\/index.php\/2021\/04\/26\/aladrovic-o-slucaju-iz-nove-gradiske-stojimo-iza-nalaza-upravnog-nadzora\/#article","isPartOf":{"@id":"https:\/\/radioljubuski.ba\/index.php\/2021\/04\/26\/aladrovic-o-slucaju-iz-nove-gradiske-stojimo-iza-nalaza-upravnog-nadzora\/"},"author":{"name":"Radio Ljubu\u0161ki","@id":"https:\/\/radioljubuski.ba\/#\/schema\/person\/19fc700381a780f69665d7956c469e3b"},"headline":"Aladrovi\u0107 o slu\u010daju iz Nove Gradi\u0161ke: Stojimo iza nalaza Upravnog nadzora","datePublished":"2021-04-26T17:26:30+00:00","dateModified":"2021-04-26T17:26:31+00:00","mainEntityOfPage":{"@id":"https:\/\/radioljubuski.ba\/index.php\/2021\/04\/26\/aladrovic-o-slucaju-iz-nove-gradiske-stojimo-iza-nalaza-upravnog-nadzora\/"},"wordCount":659,"publisher":{"@id":"https:\/\/radioljubuski.ba\/#organization"},"image":{"@id":"https:\/\/radioljubuski.ba\/index.php\/2021\/04\/26\/aladrovic-o-slucaju-iz-nove-gradiske-stojimo-iza-nalaza-upravnog-nadzora\/#primaryimage"},"thumbnailUrl":"https:\/\/radioljubuski.ba\/wp-content\/uploads\/2021\/04\/aladrovic26421www1-20210426094009.png","articleSection":["BIH i regija"],"inLanguage":"hr"},{"@type":"WebPage","@id":"https:\/\/radioljubuski.ba\/index.php\/2021\/04\/26\/aladrovic-o-slucaju-iz-nove-gradiske-stojimo-iza-nalaza-upravnog-nadzora\/","url":"https:\/\/radioljubuski.ba\/index.php\/2021\/04\/26\/aladrovic-o-slucaju-iz-nove-gradiske-stojimo-iza-nalaza-upravnog-nadzora\/","name":"Aladrovi\u0107 o slu\u010daju iz Nove Gradi\u0161ke: Stojimo iza nalaza Upravnog nadzora - RADIO LJUBU\u0160KI","isPartOf":{"@id":"https:\/\/radioljubuski.ba\/#website"},"primaryImageOfPage":{"@id":"https:\/\/radioljubuski.ba\/index.php\/2021\/04\/26\/aladrovic-o-slucaju-iz-nove-gradiske-stojimo-iza-nalaza-upravnog-nadzora\/#primaryimage"},"image":{"@id":"https:\/\/radioljubuski.ba\/index.php\/2021\/04\/26\/aladrovic-o-slucaju-iz-nove-gradiske-stojimo-iza-nalaza-upravnog-nadzora\/#primaryimage"},"thumbnailUrl":"https:\/\/radioljubuski.ba\/wp-content\/uploads\/2021\/04\/aladrovic26421www1-20210426094009.png","datePublished":"2021-04-26T17:26:30+00:00","dateModified":"2021-04-26T17:26:31+00:00","breadcrumb":{"@id":"https:\/\/radioljubuski.ba\/index.php\/2021\/04\/26\/aladrovic-o-slucaju-iz-nove-gradiske-stojimo-iza-nalaza-upravnog-nadzora\/#breadcrumb"},"inLanguage":"hr","potentialAction":[{"@type":"ReadAction","target":["https:\/\/radioljubuski.ba\/index.php\/2021\/04\/26\/aladrovic-o-slucaju-iz-nove-gradiske-stojimo-iza-nalaza-upravnog-nadzora\/"]}]},{"@type":"ImageObject","inLanguage":"hr","@id":"https:\/\/radioljubuski.ba\/index.php\/2021\/04\/26\/aladrovic-o-slucaju-iz-nove-gradiske-stojimo-iza-nalaza-upravnog-nadzora\/#primaryimage","url":"https:\/\/radioljubuski.ba\/wp-content\/uploads\/2021\/04\/aladrovic26421www1-20210426094009.png","contentUrl":"https:\/\/radioljubuski.ba\/wp-content\/uploads\/2021\/04\/aladrovic26421www1-20210426094009.png","width":1287,"height":838},{"@type":"BreadcrumbList","@id":"https:\/\/radioljubuski.ba\/index.php\/2021\/04\/26\/aladrovic-o-slucaju-iz-nove-gradiske-stojimo-iza-nalaza-upravnog-nadzora\/#breadcrumb","itemListElement":[{"@type":"ListItem","position":1,"name":"Po\u010detna stranica","item":"https:\/\/radioljubuski.ba\/"},{"@type":"ListItem","position":2,"name":"Aladrovi\u0107 o slu\u010daju iz Nove Gradi\u0161ke: Stojimo iza nalaza Upravnog nadzora"}]},{"@type":"WebSite","@id":"https:\/\/radioljubuski.ba\/#website","url":"https:\/\/radioljubuski.ba\/","name":"Radio Ljubu\u0161ki","description":"Sun\u010dana frekvencija Hercegovine","publisher":{"@id":"https:\/\/radioljubuski.ba\/#organization"},"potentialAction":[{"@type":"SearchAction","target":{"@type":"EntryPoint","urlTemplate":"https:\/\/radioljubuski.ba\/?s={search_term_string}"},"query-input":{"@type":"PropertyValueSpecification","valueRequired":true,"valueName":"search_term_string"}}],"inLanguage":"hr"},{"@type":"Organization","@id":"https:\/\/radioljubuski.ba\/#organization","name":"Radio Ljubu\u0161ki","url":"https:\/\/radioljubuski.ba\/","logo":{"@type":"ImageObject","inLanguage":"hr","@id":"https:\/\/radioljubuski.ba\/#\/schema\/logo\/image\/","url":"https:\/\/radioljubuski.ba\/wp-content\/uploads\/2021\/02\/cropped-Radio_Ljubuski_logo1.jpg","contentUrl":"https:\/\/radioljubuski.ba\/wp-content\/uploads\/2021\/02\/cropped-Radio_Ljubuski_logo1.jpg","width":512,"height":512,"caption":"Radio Ljubu\u0161ki"},"image":{"@id":"https:\/\/radioljubuski.ba\/#\/schema\/logo\/image\/"},"sameAs":["https:\/\/www.facebook.com\/Radiio-Ljubuski-1490835324566332","https:\/\/x.com\/radioljubuski","https:\/\/hr.linkedin.com\/company\/radio-ljubuski","https:\/\/www.youtube.com\/channel\/UCHYaeO_n0Db3tjNGudGpXyw"]},{"@type":"Person","@id":"https:\/\/radioljubuski.ba\/#\/schema\/person\/19fc700381a780f69665d7956c469e3b","name":"Radio Ljubu\u0161ki"}]}},"_links":{"self":[{"href":"https:\/\/radioljubuski.ba\/index.php\/wp-json\/wp\/v2\/posts\/16525","targetHints":{"allow":["GET"]}}],"collection":[{"href":"https:\/\/radioljubuski.ba\/index.php\/wp-json\/wp\/v2\/posts"}],"about":[{"href":"https:\/\/radioljubuski.ba\/index.php\/wp-json\/wp\/v2\/types\/post"}],"author":[{"embeddable":true,"href":"https:\/\/radioljubuski.ba\/index.php\/wp-json\/wp\/v2\/users\/2"}],"replies":[{"embeddable":true,"href":"https:\/\/radioljubuski.ba\/index.php\/wp-json\/wp\/v2\/comments?post=16525"}],"version-history":[{"count":1,"href":"https:\/\/radioljubuski.ba\/index.php\/wp-json\/wp\/v2\/posts\/16525\/revisions"}],"predecessor-version":[{"id":16527,"href":"https:\/\/radioljubuski.ba\/index.php\/wp-json\/wp\/v2\/posts\/16525\/revisions\/16527"}],"wp:featuredmedia":[{"embeddable":true,"href":"https:\/\/radioljubuski.ba\/index.php\/wp-json\/wp\/v2\/media\/16526"}],"wp:attachment":[{"href":"https:\/\/radioljubuski.ba\/index.php\/wp-json\/wp\/v2\/media?parent=16525"}],"wp:term":[{"taxonomy":"category","embeddable":true,"href":"https:\/\/radioljubuski.ba\/index.php\/wp-json\/wp\/v2\/categories?post=16525"},{"taxonomy":"post_tag","embeddable":true,"href":"https:\/\/radioljubuski.ba\/index.php\/wp-json\/wp\/v2\/tags?post=16525"}],"curies":[{"name":"wp","href":"https:\/\/api.w.org\/{rel}","templated":true}]}}